{"id":15118,"date":"2017-08-17T18:59:20","date_gmt":"2017-08-17T17:59:20","guid":{"rendered":"http:\/\/www.info-algerie.com\/actualites\/lalgerie-se-felicite-de-la-nomination-de-kohler-comme-envoye-personnel-du-sg-de-lonu-pour-le-sahara-occidental-mae\/"},"modified":"2017-08-17T18:59:20","modified_gmt":"2017-08-17T17:59:20","slug":"lalgerie-se-felicite-de-la-nomination-de-kohler-comme-envoye-personnel-du-sg-de-lonu-pour-le-sahara-occidental-mae","status":"publish","type":"post","link":"https:\/\/www.info-algerie.com\/actualites\/lalgerie-se-felicite-de-la-nomination-de-kohler-comme-envoye-personnel-du-sg-de-lonu-pour-le-sahara-occidental-mae\/","title":{"rendered":"L&#039;Alg\u00e9rie se f\u00e9licite de la nomination de Kohler comme envoy\u00e9 personnel du SG de l&#039;ONU pour le Sahara occidental (MAE)"},"content":{"rendered":"<div class=\"K2FeedImage\"><img decoding=\"async\" src=\"https:\/\/www.info-algerie.com\/actualites\/wp-content\/uploads\/2017\/08\/0c7dd1eb3f62bf284159113770ed16b5_S.jpg\" alt=\"L'Alg&#xE9;rie se f&#xE9;licite de la nomination de Kohler comme envoy&#xE9; personnel du SG de l'ONU pour le Sahara occidental (MAE)\" \/><\/div>\n<div class=\"K2FeedIntroText\">\n<p>ALGER &#8211; L&rsquo;Alg\u00e9rie s&rsquo;est f\u00e9licit\u00e9e jeudi, par la voix du porte-parole du minist\u00e8re des Affaires \u00e9trang\u00e8res, Abdelaziz Benali-Cherif, de la <strong><a href=\"http:\/\/www.aps.dz\/monde\/61807-sahara-occidental-l-ex-president-allemand-koehler-nouvel-emissaire-de-l-onu\">nomination de M. Horst Kohler en qualit\u00e9 d&rsquo;envoy\u00e9 personnel du secr\u00e9taire g\u00e9n\u00e9ral des Nations unies pour le Sahara occidental<\/a><\/strong>, r\u00e9it\u00e9rant son appui aux efforts onusiens pour un r\u00e8glement politique juste et durable qui pourvoie \u00e0 l&rsquo;autod\u00e9termination du peuple sahraoui.<\/p>\n<p>&#013;\n<\/p><\/div>\n<div class=\"K2FeedFullText\">&#013;<\/p>\n<p>\u00ab\u00a0L&rsquo;Alg\u00e9rie se f\u00e9licite de la nomination de M. Horst Kohler en qualit\u00e9 d&rsquo;envoy\u00e9 personnel du secr\u00e9taire g\u00e9n\u00e9ral des Nations unies pour le Sahara occidental\u00a0\u00bb, a indiqu\u00e9 M. Benali-Cherif dans une d\u00e9claration \u00e0 l&rsquo;APS.<\/p>\n<p>&#013;<\/p>\n<p>\u00ab\u00a0Elle saisit cette occasion pour r\u00e9it\u00e9rer son appui au secr\u00e9taire g\u00e9n\u00e9ral de l&rsquo;ONU et \u00e0 son envoy\u00e9 personnel pour un r\u00e8glement politique juste et durable qui pourvoie \u00e0 l&rsquo;autod\u00e9termination du peuple du Sahara occidental, conform\u00e9ment aux r\u00e9solutions pertinentes du Conseil de s\u00e9curit\u00e9\u00a0\u00bb, a-t-il soulign\u00e9.<\/p>\n<p>&#013;<\/p>\n<p class=\"MsoNormal\">Le porte-parole du minist\u00e8re des Affaires \u00e9trang\u00e8res a ajout\u00e9 que l&rsquo;Alg\u00e9rie formule le v\u0153u que la nomination du nouvel envoy\u00e9 personnel du secr\u00e9taire g\u00e9n\u00e9ral \u00ab\u00a0puisse contribuer \u00e0 la reprise des n\u00e9gociations entre les deux parties au conflit, le Maroc et <strong><a href=\"http:\/\/www.aps.dz\/monde\/61838-kohler-nomme-envoye-personnel-du-sg-de-l-onu-pour-le-sahara-occidental-le-polisario-exprime-sa-satisfaction\">le Front Polisario<\/a><\/strong>, pour le parach\u00e8vement du processus de d\u00e9colonisation du territoire du Sahara occidental\u00a0\u00bb.<\/p>\n<\/div>\n<p>&#013;<br \/>\nSource: <a href=\"http:\/\/www.aps.dz\/algerie\/61845-l-algerie-se-felicite-de-la-nomination-de-kohler-comme-envoye-personnel-du-sg-de-l-onu-pour-le-sahara-occidental-mae\" target=\"_blank\">L&rsquo;Alg\u00e9rie se f\u00e9licite de la nomination de Kohler comme envoy\u00e9 personnel du SG de l&rsquo;ONU pour le Sahara occidental (MAE)<\/a><\/p>\n<!--CusAds0-->\n<div style=\"font-size: 0px; height: 0px; line-height: 0px; margin: 0; padding: 0; clear: both;\"><\/div>","protected":false},"excerpt":{"rendered":"<p>ALGER &#8211; L&rsquo;Alg\u00e9rie s&rsquo;est f\u00e9licit\u00e9e jeudi, par la voix du porte-parole du minist\u00e8re des Affaires \u00e9trang\u00e8res, Abdelaziz Benali-Cherif, de la nomination de M. Horst Kohler en qualit\u00e9 d&rsquo;envoy\u00e9 personnel du secr\u00e9taire g\u00e9n\u00e9ral des Nations unies pour le Sahara occidental, r\u00e9it\u00e9rant son appui aux efforts onusiens pour un r\u00e8glement politique juste et durable qui pourvoie \u00e0<\/p>\n","protected":false},"author":6,"featured_media":15119,"comment_status":"open","ping_status":"open","sticky":false,"template":"","format":"standard","meta":{"footnotes":""},"categories":[22],"tags":[93],"class_list":["post-15118","post","type-post","status-publish","format-standard","has-post-thumbnail","hentry","category-infos","tag-onu"],"yoast_head":"<!-- This site is optimized with the Yoast SEO plugin v27.5 - https:\/\/yoast.com\/product\/yoast-seo-wordpress\/ -->\n<title>L&#039;Alg\u00e9rie se f\u00e9licite de la nomination de Kohler comme envoy\u00e9 personnel du SG de l&#039;ONU pour le Sahara occidental (MAE) - info algerie<\/title>\n<meta name=\"robots\" content=\"index, follow, max-snippet:-1, max-image-preview:large, max-video-preview:-1\" \/>\n<link rel=\"canonical\" href=\"https:\/\/www.info-algerie.com\/actualites\/lalgerie-se-felicite-de-la-nomination-de-kohler-comme-envoye-personnel-du-sg-de-lonu-pour-le-sahara-occidental-mae\/\" \/>\n<meta property=\"og:locale\" content=\"fr_FR\" \/>\n<meta property=\"og:type\" content=\"article\" \/>\n<meta property=\"og:title\" content=\"L&#039;Alg\u00e9rie se f\u00e9licite de la nomination de Kohler comme envoy\u00e9 personnel du SG de l&#039;ONU pour le Sahara occidental (MAE) - info algerie\" \/>\n<meta property=\"og:description\" content=\"ALGER &#8211; L&rsquo;Alg\u00e9rie s&rsquo;est f\u00e9licit\u00e9e jeudi, par la voix du porte-parole du minist\u00e8re des Affaires \u00e9trang\u00e8res, Abdelaziz Benali-Cherif, de la nomination de M. Horst Kohler en qualit\u00e9 d&rsquo;envoy\u00e9 personnel du secr\u00e9taire g\u00e9n\u00e9ral des Nations unies pour le Sahara occidental, r\u00e9it\u00e9rant son appui aux efforts onusiens pour un r\u00e8glement politique juste et durable qui pourvoie \u00e0\" \/>\n<meta property=\"og:url\" content=\"https:\/\/www.info-algerie.com\/actualites\/lalgerie-se-felicite-de-la-nomination-de-kohler-comme-envoye-personnel-du-sg-de-lonu-pour-le-sahara-occidental-mae\/\" \/>\n<meta property=\"og:site_name\" content=\"info algerie\" \/>\n<meta property=\"article:publisher\" content=\"https:\/\/www.facebook.com\/infoalgerieactu\" \/>\n<meta property=\"article:published_time\" content=\"2017-08-17T17:59:20+00:00\" \/>\n<meta property=\"og:image\" content=\"https:\/\/www.info-algerie.com\/actualites\/wp-content\/uploads\/2017\/08\/0c7dd1eb3f62bf284159113770ed16b5_S-1.jpg\" \/>\n\t<meta property=\"og:image:width\" content=\"280\" \/>\n\t<meta property=\"og:image:height\" content=\"169\" \/>\n\t<meta property=\"og:image:type\" content=\"image\/jpeg\" \/>\n<meta name=\"author\" content=\"La r\u00e9daction\" \/>\n<meta name=\"twitter:label1\" content=\"\u00c9crit par\" \/>\n\t<meta name=\"twitter:data1\" content=\"La r\u00e9daction\" \/>\n\t<meta name=\"twitter:label2\" content=\"Dur\u00e9e de lecture estim\u00e9e\" \/>\n\t<meta name=\"twitter:data2\" content=\"1 minute\" \/>\n<script type=\"application\/ld+json\" class=\"yoast-schema-graph\">{\"@context\":\"https:\\\/\\\/schema.org\",\"@graph\":[{\"@type\":\"Article\",\"@id\":\"https:\\\/\\\/www.info-algerie.com\\\/actualites\\\/lalgerie-se-felicite-de-la-nomination-de-kohler-comme-envoye-personnel-du-sg-de-lonu-pour-le-sahara-occidental-mae\\\/#article\",\"isPartOf\":{\"@id\":\"https:\\\/\\\/www.info-algerie.com\\\/actualites\\\/lalgerie-se-felicite-de-la-nomination-de-kohler-comme-envoye-personnel-du-sg-de-lonu-pour-le-sahara-occidental-mae\\\/\"},\"author\":{\"name\":\"La r\u00e9daction\",\"@id\":\"https:\\\/\\\/www.info-algerie.com\\\/actualites\\\/#\\\/schema\\\/person\\\/847aaec44920825b843a08f30ec6aa1e\"},\"headline\":\"L&#039;Alg\u00e9rie se f\u00e9licite de la nomination de Kohler comme envoy\u00e9 personnel du SG de l&#039;ONU pour le Sahara occidental (MAE)\",\"datePublished\":\"2017-08-17T17:59:20+00:00\",\"mainEntityOfPage\":{\"@id\":\"https:\\\/\\\/www.info-algerie.com\\\/actualites\\\/lalgerie-se-felicite-de-la-nomination-de-kohler-comme-envoye-personnel-du-sg-de-lonu-pour-le-sahara-occidental-mae\\\/\"},\"wordCount\":283,\"commentCount\":0,\"publisher\":{\"@id\":\"https:\\\/\\\/www.info-algerie.com\\\/actualites\\\/#organization\"},\"image\":{\"@id\":\"https:\\\/\\\/www.info-algerie.com\\\/actualites\\\/lalgerie-se-felicite-de-la-nomination-de-kohler-comme-envoye-personnel-du-sg-de-lonu-pour-le-sahara-occidental-mae\\\/#primaryimage\"},\"thumbnailUrl\":\"https:\\\/\\\/www.info-algerie.com\\\/actualites\\\/wp-content\\\/uploads\\\/2017\\\/08\\\/0c7dd1eb3f62bf284159113770ed16b5_S-1.jpg\",\"keywords\":[\"ONU\"],\"articleSection\":[\"infos\"],\"inLanguage\":\"fr-FR\",\"potentialAction\":[{\"@type\":\"CommentAction\",\"name\":\"Comment\",\"target\":[\"https:\\\/\\\/www.info-algerie.com\\\/actualites\\\/lalgerie-se-felicite-de-la-nomination-de-kohler-comme-envoye-personnel-du-sg-de-lonu-pour-le-sahara-occidental-mae\\\/#respond\"]}]},{\"@type\":\"WebPage\",\"@id\":\"https:\\\/\\\/www.info-algerie.com\\\/actualites\\\/lalgerie-se-felicite-de-la-nomination-de-kohler-comme-envoye-personnel-du-sg-de-lonu-pour-le-sahara-occidental-mae\\\/\",\"url\":\"https:\\\/\\\/www.info-algerie.com\\\/actualites\\\/lalgerie-se-felicite-de-la-nomination-de-kohler-comme-envoye-personnel-du-sg-de-lonu-pour-le-sahara-occidental-mae\\\/\",\"name\":\"L&#039;Alg\u00e9rie se f\u00e9licite de la nomination de Kohler comme envoy\u00e9 personnel du SG de l&#039;ONU pour le Sahara occidental (MAE) - info algerie\",\"isPartOf\":{\"@id\":\"https:\\\/\\\/www.info-algerie.com\\\/actualites\\\/#website\"},\"primaryImageOfPage\":{\"@id\":\"https:\\\/\\\/www.info-algerie.com\\\/actualites\\\/lalgerie-se-felicite-de-la-nomination-de-kohler-comme-envoye-personnel-du-sg-de-lonu-pour-le-sahara-occidental-mae\\\/#primaryimage\"},\"image\":{\"@id\":\"https:\\\/\\\/www.info-algerie.com\\\/actualites\\\/lalgerie-se-felicite-de-la-nomination-de-kohler-comme-envoye-personnel-du-sg-de-lonu-pour-le-sahara-occidental-mae\\\/#primaryimage\"},\"thumbnailUrl\":\"https:\\\/\\\/www.info-algerie.com\\\/actualites\\\/wp-content\\\/uploads\\\/2017\\\/08\\\/0c7dd1eb3f62bf284159113770ed16b5_S-1.jpg\",\"datePublished\":\"2017-08-17T17:59:20+00:00\",\"breadcrumb\":{\"@id\":\"https:\\\/\\\/www.info-algerie.com\\\/actualites\\\/lalgerie-se-felicite-de-la-nomination-de-kohler-comme-envoye-personnel-du-sg-de-lonu-pour-le-sahara-occidental-mae\\\/#breadcrumb\"},\"inLanguage\":\"fr-FR\",\"potentialAction\":[{\"@type\":\"ReadAction\",\"target\":[\"https:\\\/\\\/www.info-algerie.com\\\/actualites\\\/lalgerie-se-felicite-de-la-nomination-de-kohler-comme-envoye-personnel-du-sg-de-lonu-pour-le-sahara-occidental-mae\\\/\"]}]},{\"@type\":\"ImageObject\",\"inLanguage\":\"fr-FR\",\"@id\":\"https:\\\/\\\/www.info-algerie.com\\\/actualites\\\/lalgerie-se-felicite-de-la-nomination-de-kohler-comme-envoye-personnel-du-sg-de-lonu-pour-le-sahara-occidental-mae\\\/#primaryimage\",\"url\":\"https:\\\/\\\/www.info-algerie.com\\\/actualites\\\/wp-content\\\/uploads\\\/2017\\\/08\\\/0c7dd1eb3f62bf284159113770ed16b5_S-1.jpg\",\"contentUrl\":\"https:\\\/\\\/www.info-algerie.com\\\/actualites\\\/wp-content\\\/uploads\\\/2017\\\/08\\\/0c7dd1eb3f62bf284159113770ed16b5_S-1.jpg\",\"width\":280,\"height\":169},{\"@type\":\"BreadcrumbList\",\"@id\":\"https:\\\/\\\/www.info-algerie.com\\\/actualites\\\/lalgerie-se-felicite-de-la-nomination-de-kohler-comme-envoye-personnel-du-sg-de-lonu-pour-le-sahara-occidental-mae\\\/#breadcrumb\",\"itemListElement\":[{\"@type\":\"ListItem\",\"position\":1,\"name\":\"Accueil\",\"item\":\"https:\\\/\\\/www.info-algerie.com\\\/actualites\\\/\"},{\"@type\":\"ListItem\",\"position\":2,\"name\":\"L&#039;Alg\u00e9rie se f\u00e9licite de la nomination de Kohler comme envoy\u00e9 personnel du SG de l&#039;ONU pour le Sahara occidental (MAE)\"}]},{\"@type\":\"WebSite\",\"@id\":\"https:\\\/\\\/www.info-algerie.com\\\/actualites\\\/#website\",\"url\":\"https:\\\/\\\/www.info-algerie.com\\\/actualites\\\/\",\"name\":\"info algerie\",\"description\":\"Toutes les actualit\u00e9s\",\"publisher\":{\"@id\":\"https:\\\/\\\/www.info-algerie.com\\\/actualites\\\/#organization\"},\"potentialAction\":[{\"@type\":\"SearchAction\",\"target\":{\"@type\":\"EntryPoint\",\"urlTemplate\":\"https:\\\/\\\/www.info-algerie.com\\\/actualites\\\/?s={search_term_string}\"},\"query-input\":{\"@type\":\"PropertyValueSpecification\",\"valueRequired\":true,\"valueName\":\"search_term_string\"}}],\"inLanguage\":\"fr-FR\"},{\"@type\":\"Organization\",\"@id\":\"https:\\\/\\\/www.info-algerie.com\\\/actualites\\\/#organization\",\"name\":\"info algerie\",\"url\":\"https:\\\/\\\/www.info-algerie.com\\\/actualites\\\/\",\"logo\":{\"@type\":\"ImageObject\",\"inLanguage\":\"fr-FR\",\"@id\":\"https:\\\/\\\/www.info-algerie.com\\\/actualites\\\/#\\\/schema\\\/logo\\\/image\\\/\",\"url\":\"https:\\\/\\\/www.info-algerie.com\\\/actualites\\\/wp-content\\\/uploads\\\/2022\\\/07\\\/logo-ia-120.png\",\"contentUrl\":\"https:\\\/\\\/www.info-algerie.com\\\/actualites\\\/wp-content\\\/uploads\\\/2022\\\/07\\\/logo-ia-120.png\",\"width\":120,\"height\":43,\"caption\":\"info algerie\"},\"image\":{\"@id\":\"https:\\\/\\\/www.info-algerie.com\\\/actualites\\\/#\\\/schema\\\/logo\\\/image\\\/\"},\"sameAs\":[\"https:\\\/\\\/www.facebook.com\\\/infoalgerieactu\",\"https:\\\/\\\/x.com\\\/infoalgerie1\"]},{\"@type\":\"Person\",\"@id\":\"https:\\\/\\\/www.info-algerie.com\\\/actualites\\\/#\\\/schema\\\/person\\\/847aaec44920825b843a08f30ec6aa1e\",\"name\":\"La r\u00e9daction\",\"image\":{\"@type\":\"ImageObject\",\"inLanguage\":\"fr-FR\",\"@id\":\"https:\\\/\\\/secure.gravatar.com\\\/avatar\\\/769db425c6f465158149f1ffd6cf61ce7a8a879d11dfbef8288af36dfddd418c?s=96&d=mm&r=g\",\"url\":\"https:\\\/\\\/secure.gravatar.com\\\/avatar\\\/769db425c6f465158149f1ffd6cf61ce7a8a879d11dfbef8288af36dfddd418c?s=96&d=mm&r=g\",\"contentUrl\":\"https:\\\/\\\/secure.gravatar.com\\\/avatar\\\/769db425c6f465158149f1ffd6cf61ce7a8a879d11dfbef8288af36dfddd418c?s=96&d=mm&r=g\",\"caption\":\"La r\u00e9daction\"},\"sameAs\":[\"http:\\\/\\\/www.lkeria.com\\\/\"],\"url\":\"https:\\\/\\\/www.info-algerie.com\\\/actualites\\\/author\\\/chakib32\\\/\"}]}<\/script>\n<!-- \/ Yoast SEO plugin. -->","yoast_head_json":{"title":"L&#039;Alg\u00e9rie se f\u00e9licite de la nomination de Kohler comme envoy\u00e9 personnel du SG de l&#039;ONU pour le Sahara occidental (MAE) - info algerie","robots":{"index":"index","follow":"follow","max-snippet":"max-snippet:-1","max-image-preview":"max-image-preview:large","max-video-preview":"max-video-preview:-1"},"canonical":"https:\/\/www.info-algerie.com\/actualites\/lalgerie-se-felicite-de-la-nomination-de-kohler-comme-envoye-personnel-du-sg-de-lonu-pour-le-sahara-occidental-mae\/","og_locale":"fr_FR","og_type":"article","og_title":"L&#039;Alg\u00e9rie se f\u00e9licite de la nomination de Kohler comme envoy\u00e9 personnel du SG de l&#039;ONU pour le Sahara occidental (MAE) - info algerie","og_description":"ALGER &#8211; L&rsquo;Alg\u00e9rie s&rsquo;est f\u00e9licit\u00e9e jeudi, par la voix du porte-parole du minist\u00e8re des Affaires \u00e9trang\u00e8res, Abdelaziz Benali-Cherif, de la nomination de M. Horst Kohler en qualit\u00e9 d&rsquo;envoy\u00e9 personnel du secr\u00e9taire g\u00e9n\u00e9ral des Nations unies pour le Sahara occidental, r\u00e9it\u00e9rant son appui aux efforts onusiens pour un r\u00e8glement politique juste et durable qui pourvoie \u00e0","og_url":"https:\/\/www.info-algerie.com\/actualites\/lalgerie-se-felicite-de-la-nomination-de-kohler-comme-envoye-personnel-du-sg-de-lonu-pour-le-sahara-occidental-mae\/","og_site_name":"info algerie","article_publisher":"https:\/\/www.facebook.com\/infoalgerieactu","article_published_time":"2017-08-17T17:59:20+00:00","og_image":[{"width":280,"height":169,"url":"https:\/\/www.info-algerie.com\/actualites\/wp-content\/uploads\/2017\/08\/0c7dd1eb3f62bf284159113770ed16b5_S-1.jpg","type":"image\/jpeg"}],"author":"La r\u00e9daction","twitter_misc":{"\u00c9crit par":"La r\u00e9daction","Dur\u00e9e de lecture estim\u00e9e":"1 minute"},"schema":{"@context":"https:\/\/schema.org","@graph":[{"@type":"Article","@id":"https:\/\/www.info-algerie.com\/actualites\/lalgerie-se-felicite-de-la-nomination-de-kohler-comme-envoye-personnel-du-sg-de-lonu-pour-le-sahara-occidental-mae\/#article","isPartOf":{"@id":"https:\/\/www.info-algerie.com\/actualites\/lalgerie-se-felicite-de-la-nomination-de-kohler-comme-envoye-personnel-du-sg-de-lonu-pour-le-sahara-occidental-mae\/"},"author":{"name":"La r\u00e9daction","@id":"https:\/\/www.info-algerie.com\/actualites\/#\/schema\/person\/847aaec44920825b843a08f30ec6aa1e"},"headline":"L&#039;Alg\u00e9rie se f\u00e9licite de la nomination de Kohler comme envoy\u00e9 personnel du SG de l&#039;ONU pour le Sahara occidental (MAE)","datePublished":"2017-08-17T17:59:20+00:00","mainEntityOfPage":{"@id":"https:\/\/www.info-algerie.com\/actualites\/lalgerie-se-felicite-de-la-nomination-de-kohler-comme-envoye-personnel-du-sg-de-lonu-pour-le-sahara-occidental-mae\/"},"wordCount":283,"commentCount":0,"publisher":{"@id":"https:\/\/www.info-algerie.com\/actualites\/#organization"},"image":{"@id":"https:\/\/www.info-algerie.com\/actualites\/lalgerie-se-felicite-de-la-nomination-de-kohler-comme-envoye-personnel-du-sg-de-lonu-pour-le-sahara-occidental-mae\/#primaryimage"},"thumbnailUrl":"https:\/\/www.info-algerie.com\/actualites\/wp-content\/uploads\/2017\/08\/0c7dd1eb3f62bf284159113770ed16b5_S-1.jpg","keywords":["ONU"],"articleSection":["infos"],"inLanguage":"fr-FR","potentialAction":[{"@type":"CommentAction","name":"Comment","target":["https:\/\/www.info-algerie.com\/actualites\/lalgerie-se-felicite-de-la-nomination-de-kohler-comme-envoye-personnel-du-sg-de-lonu-pour-le-sahara-occidental-mae\/#respond"]}]},{"@type":"WebPage","@id":"https:\/\/www.info-algerie.com\/actualites\/lalgerie-se-felicite-de-la-nomination-de-kohler-comme-envoye-personnel-du-sg-de-lonu-pour-le-sahara-occidental-mae\/","url":"https:\/\/www.info-algerie.com\/actualites\/lalgerie-se-felicite-de-la-nomination-de-kohler-comme-envoye-personnel-du-sg-de-lonu-pour-le-sahara-occidental-mae\/","name":"L&#039;Alg\u00e9rie se f\u00e9licite de la nomination de Kohler comme envoy\u00e9 personnel du SG de l&#039;ONU pour le Sahara occidental (MAE) - info algerie","isPartOf":{"@id":"https:\/\/www.info-algerie.com\/actualites\/#website"},"primaryImageOfPage":{"@id":"https:\/\/www.info-algerie.com\/actualites\/lalgerie-se-felicite-de-la-nomination-de-kohler-comme-envoye-personnel-du-sg-de-lonu-pour-le-sahara-occidental-mae\/#primaryimage"},"image":{"@id":"https:\/\/www.info-algerie.com\/actualites\/lalgerie-se-felicite-de-la-nomination-de-kohler-comme-envoye-personnel-du-sg-de-lonu-pour-le-sahara-occidental-mae\/#primaryimage"},"thumbnailUrl":"https:\/\/www.info-algerie.com\/actualites\/wp-content\/uploads\/2017\/08\/0c7dd1eb3f62bf284159113770ed16b5_S-1.jpg","datePublished":"2017-08-17T17:59:20+00:00","breadcrumb":{"@id":"https:\/\/www.info-algerie.com\/actualites\/lalgerie-se-felicite-de-la-nomination-de-kohler-comme-envoye-personnel-du-sg-de-lonu-pour-le-sahara-occidental-mae\/#breadcrumb"},"inLanguage":"fr-FR","potentialAction":[{"@type":"ReadAction","target":["https:\/\/www.info-algerie.com\/actualites\/lalgerie-se-felicite-de-la-nomination-de-kohler-comme-envoye-personnel-du-sg-de-lonu-pour-le-sahara-occidental-mae\/"]}]},{"@type":"ImageObject","inLanguage":"fr-FR","@id":"https:\/\/www.info-algerie.com\/actualites\/lalgerie-se-felicite-de-la-nomination-de-kohler-comme-envoye-personnel-du-sg-de-lonu-pour-le-sahara-occidental-mae\/#primaryimage","url":"https:\/\/www.info-algerie.com\/actualites\/wp-content\/uploads\/2017\/08\/0c7dd1eb3f62bf284159113770ed16b5_S-1.jpg","contentUrl":"https:\/\/www.info-algerie.com\/actualites\/wp-content\/uploads\/2017\/08\/0c7dd1eb3f62bf284159113770ed16b5_S-1.jpg","width":280,"height":169},{"@type":"BreadcrumbList","@id":"https:\/\/www.info-algerie.com\/actualites\/lalgerie-se-felicite-de-la-nomination-de-kohler-comme-envoye-personnel-du-sg-de-lonu-pour-le-sahara-occidental-mae\/#breadcrumb","itemListElement":[{"@type":"ListItem","position":1,"name":"Accueil","item":"https:\/\/www.info-algerie.com\/actualites\/"},{"@type":"ListItem","position":2,"name":"L&#039;Alg\u00e9rie se f\u00e9licite de la nomination de Kohler comme envoy\u00e9 personnel du SG de l&#039;ONU pour le Sahara occidental (MAE)"}]},{"@type":"WebSite","@id":"https:\/\/www.info-algerie.com\/actualites\/#website","url":"https:\/\/www.info-algerie.com\/actualites\/","name":"info algerie","description":"Toutes les actualit\u00e9s","publisher":{"@id":"https:\/\/www.info-algerie.com\/actualites\/#organization"},"potentialAction":[{"@type":"SearchAction","target":{"@type":"EntryPoint","urlTemplate":"https:\/\/www.info-algerie.com\/actualites\/?s={search_term_string}"},"query-input":{"@type":"PropertyValueSpecification","valueRequired":true,"valueName":"search_term_string"}}],"inLanguage":"fr-FR"},{"@type":"Organization","@id":"https:\/\/www.info-algerie.com\/actualites\/#organization","name":"info algerie","url":"https:\/\/www.info-algerie.com\/actualites\/","logo":{"@type":"ImageObject","inLanguage":"fr-FR","@id":"https:\/\/www.info-algerie.com\/actualites\/#\/schema\/logo\/image\/","url":"https:\/\/www.info-algerie.com\/actualites\/wp-content\/uploads\/2022\/07\/logo-ia-120.png","contentUrl":"https:\/\/www.info-algerie.com\/actualites\/wp-content\/uploads\/2022\/07\/logo-ia-120.png","width":120,"height":43,"caption":"info algerie"},"image":{"@id":"https:\/\/www.info-algerie.com\/actualites\/#\/schema\/logo\/image\/"},"sameAs":["https:\/\/www.facebook.com\/infoalgerieactu","https:\/\/x.com\/infoalgerie1"]},{"@type":"Person","@id":"https:\/\/www.info-algerie.com\/actualites\/#\/schema\/person\/847aaec44920825b843a08f30ec6aa1e","name":"La r\u00e9daction","image":{"@type":"ImageObject","inLanguage":"fr-FR","@id":"https:\/\/secure.gravatar.com\/avatar\/769db425c6f465158149f1ffd6cf61ce7a8a879d11dfbef8288af36dfddd418c?s=96&d=mm&r=g","url":"https:\/\/secure.gravatar.com\/avatar\/769db425c6f465158149f1ffd6cf61ce7a8a879d11dfbef8288af36dfddd418c?s=96&d=mm&r=g","contentUrl":"https:\/\/secure.gravatar.com\/avatar\/769db425c6f465158149f1ffd6cf61ce7a8a879d11dfbef8288af36dfddd418c?s=96&d=mm&r=g","caption":"La r\u00e9daction"},"sameAs":["http:\/\/www.lkeria.com\/"],"url":"https:\/\/www.info-algerie.com\/actualites\/author\/chakib32\/"}]}},"_links":{"self":[{"href":"https:\/\/www.info-algerie.com\/actualites\/wp-json\/wp\/v2\/posts\/15118","targetHints":{"allow":["GET"]}}],"collection":[{"href":"https:\/\/www.info-algerie.com\/actualites\/wp-json\/wp\/v2\/posts"}],"about":[{"href":"https:\/\/www.info-algerie.com\/actualites\/wp-json\/wp\/v2\/types\/post"}],"author":[{"embeddable":true,"href":"https:\/\/www.info-algerie.com\/actualites\/wp-json\/wp\/v2\/users\/6"}],"replies":[{"embeddable":true,"href":"https:\/\/www.info-algerie.com\/actualites\/wp-json\/wp\/v2\/comments?post=15118"}],"version-history":[{"count":0,"href":"https:\/\/www.info-algerie.com\/actualites\/wp-json\/wp\/v2\/posts\/15118\/revisions"}],"wp:featuredmedia":[{"embeddable":true,"href":"https:\/\/www.info-algerie.com\/actualites\/wp-json\/wp\/v2\/media\/15119"}],"wp:attachment":[{"href":"https:\/\/www.info-algerie.com\/actualites\/wp-json\/wp\/v2\/media?parent=15118"}],"wp:term":[{"taxonomy":"category","embeddable":true,"href":"https:\/\/www.info-algerie.com\/actualites\/wp-json\/wp\/v2\/categories?post=15118"},{"taxonomy":"post_tag","embeddable":true,"href":"https:\/\/www.info-algerie.com\/actualites\/wp-json\/wp\/v2\/tags?post=15118"}],"curies":[{"name":"wp","href":"https:\/\/api.w.org\/{rel}","templated":true}]}}