{"id":15124,"date":"2017-08-18T13:12:55","date_gmt":"2017-08-18T12:12:55","guid":{"rendered":"http:\/\/www.info-algerie.com\/actualites\/attentat-de-barcelone-trois-ressortissants-algeriens-parmi-les-blesses-mae\/"},"modified":"2017-08-18T13:12:55","modified_gmt":"2017-08-18T12:12:55","slug":"attentat-de-barcelone-trois-ressortissants-algeriens-parmi-les-blesses-mae","status":"publish","type":"post","link":"https:\/\/www.info-algerie.com\/actualites\/attentat-de-barcelone-trois-ressortissants-algeriens-parmi-les-blesses-mae\/","title":{"rendered":"Attentat de Barcelone: trois ressortissants alg\u00e9riens parmi les bless\u00e9s (MAE)"},"content":{"rendered":"<div class=\"K2FeedImage\"><img decoding=\"async\" src=\"https:\/\/www.info-algerie.com\/actualites\/wp-content\/uploads\/2017\/08\/503ac4f42b4b180cf060932eb558d107_S.jpg\" alt=\"Attentat de Barcelone: trois ressortissants alg&#xE9;riens parmi les bless&#xE9;s (MAE)\" \/><\/div>\n<div class=\"K2FeedIntroText\">\n<p>ALGER -Trois ressortissants alg\u00e9riens, en voyage en Espagne, figurent parmi les bless\u00e9s de <strong><a href=\"http:\/\/www.aps.dz\/monde\/61848-attentats-de-barcelone-le-bilan-est-passe-a-14-morts\">l&rsquo;attentat terroriste perp\u00e9tr\u00e9 jeudi apr\u00e8s-midi \u00e0 Barcelone<\/a><\/strong>, a indiqu\u00e9 vendredi le porte-parole du <strong><a href=\"http:\/\/www.aps.dz\/algerie\/61849-l-algerie-condamne-l-attaque-meurtriere-perpetree-contre-des-innocents-a-barcelone-mae\">minist\u00e8re des Affaires \u00e9trang\u00e8res<\/a><\/strong>, Abdelaziz Benali-Cherif.<\/p>\n<p>&#013;\n<\/p><\/div>\n<div class=\"K2FeedFullText\">&#013;<\/p>\n<p>\u00ab\u00a0Selon les informations communiqu\u00e9es par les autorit\u00e9s espagnoles comp\u00e9tentes, trois ressortissants alg\u00e9riens, en voyage en Espagne, figurent parmi les bless\u00e9s de l\u2019attentat terroriste perp\u00e9tr\u00e9 dans l\u2019apr\u00e8s-midi du 17 ao\u00fbt 2017 \u00e0 Barcelone. Ils sont sous observation m\u00e9dicale, leur \u00e9tat de sant\u00e9 est stable et devraient quitter l\u2019h\u00f4pital incessamment\u00a0\u00bb, a pr\u00e9cis\u00e9 le porte-parole du MAE dans une d\u00e9claration \u00e0 l&rsquo;APS, ajoutant que leurs familles \u00ab\u00a0ont \u00e9t\u00e9 inform\u00e9es par les services du Consulat G\u00e9n\u00e9ral d\u2019Alg\u00e9rie \u00e0 Barcelone\u00a0\u00bb.<\/p>\n<p>&#013;<\/p>\n<p class=\"MsoNormal\">\u00ab\u00a0L&rsquo;ambassadeur d\u2019Alg\u00e9rie \u00e0 Madrid, qui suit de pr\u00e8s la situation, a \u00e9t\u00e9 instruite pour se rendre sans d\u00e9lai \u00e0 leur chevet, pour coordonner l&rsquo;action des services consulaires sur place et pour suivre l\u2019\u00e9volution de la situation avec les autorit\u00e9s espagnoles comp\u00e9tentes\u00a0\u00bb, a affirm\u00e9 M. Benali-Cherif.<\/p>\n<p>&#013;<\/p>\n<p class=\"MsoNormal\">\u00a0<\/p>\n<p>&#013;<\/p>\n<p style=\"text-align: center\"><strong>La cellule de crise du MAE activ\u00e9e (MAE)<\/strong><\/p>\n<p>&#013;<\/p>\n<p>\u00a0<\/p>\n<p>&#013;<\/p>\n<p>La cellule de crise du minist\u00e8re des Affaires \u00e9trang\u00e8res a \u00e9t\u00e9 \u00ab\u00a0imm\u00e9diatement activ\u00e9e\u00a0\u00bb suite \u00e0 l&rsquo;attentat terroriste perp\u00e9tr\u00e9 jeudi apr\u00e8s-midi \u00e0 Barcelone (Espagne), a indiqu\u00e9 vendredi le porte-parole du minist\u00e8re des Affaires \u00e9trang\u00e8res, Abdelaziz Benali-Cherif.<\/p>\n<p>&#013;<\/p>\n<p>\u00ab\u00a0Suite \u00e0 l\u2019attentat perp\u00e9tr\u00e9 dans l\u2019apr\u00e8s-midi d\u2019hier, jeudi 17 ao\u00fbt 2017, \u00e0 Barcelone, la cellule de crise du minist\u00e8re des Affaires \u00e9trang\u00e8res a \u00e9t\u00e9 imm\u00e9diatement activ\u00e9e. Elle est en contact permanent avec les services de notre Consulat g\u00e9n\u00e9ral \u00e0 Barcelone qui suivent de pr\u00e8s, en coordination \u00e9troite avec l&rsquo;ambassade d\u2019Alg\u00e9rie \u00e0 Madrid et les autorit\u00e9s\u00a0 espagnoles comp\u00e9tentes, l\u2019\u00e9volution de la situation suite \u00e0 cet attentat\u00a0\u00bb, a affirm\u00e9 le porte-parole du MAE dans une d\u00e9claration \u00e0 l&rsquo;APS.<\/p>\n<p>&#013;<\/p>\n<p class=\"MsoNormal\">Il a pr\u00e9cis\u00e9 que le num\u00e9ro de contact de la cellule de crise est le: 021.50.45.00 (lignes group\u00e9es).<\/p>\n<\/div>\n<p>&#013;<br \/>\nSource: <a href=\"http:\/\/www.aps.dz\/algerie\/61850-attentat-de-barcelone-trois-ressortissants-algeriens-parmi-les-blesses-mae\" target=\"_blank\">Attentat de Barcelone: trois ressortissants alg\u00e9riens parmi les bless\u00e9s (MAE)<\/a><\/p>\n<!--CusAds0-->\n<div style=\"font-size: 0px; height: 0px; line-height: 0px; margin: 0; padding: 0; clear: both;\"><\/div>","protected":false},"excerpt":{"rendered":"<p>ALGER -Trois ressortissants alg\u00e9riens, en voyage en Espagne, figurent parmi les bless\u00e9s de l&rsquo;attentat terroriste perp\u00e9tr\u00e9 jeudi apr\u00e8s-midi \u00e0 Barcelone, a indiqu\u00e9 vendredi le porte-parole du minist\u00e8re des Affaires \u00e9trang\u00e8res, Abdelaziz Benali-Cherif. &#013; &#013; \u00ab\u00a0Selon les informations communiqu\u00e9es par les autorit\u00e9s espagnoles comp\u00e9tentes, trois ressortissants alg\u00e9riens, en voyage en Espagne, figurent parmi les bless\u00e9s de<\/p>\n","protected":false},"author":6,"featured_media":15125,"comment_status":"open","ping_status":"open","sticky":false,"template":"","format":"standard","meta":{"footnotes":""},"categories":[22],"tags":[93],"class_list":["post-15124","post","type-post","status-publish","format-standard","has-post-thumbnail","hentry","category-infos","tag-onu"],"yoast_head":"<!-- This site is optimized with the Yoast SEO plugin v27.5 - https:\/\/yoast.com\/product\/yoast-seo-wordpress\/ -->\n<title>Attentat de Barcelone: trois ressortissants alg\u00e9riens parmi les bless\u00e9s (MAE) - info algerie<\/title>\n<meta name=\"robots\" content=\"index, follow, max-snippet:-1, max-image-preview:large, max-video-preview:-1\" \/>\n<link rel=\"canonical\" href=\"https:\/\/www.info-algerie.com\/actualites\/attentat-de-barcelone-trois-ressortissants-algeriens-parmi-les-blesses-mae\/\" \/>\n<meta property=\"og:locale\" content=\"fr_FR\" \/>\n<meta property=\"og:type\" content=\"article\" \/>\n<meta property=\"og:title\" content=\"Attentat de Barcelone: trois ressortissants alg\u00e9riens parmi les bless\u00e9s (MAE) - info algerie\" \/>\n<meta property=\"og:description\" content=\"ALGER -Trois ressortissants alg\u00e9riens, en voyage en Espagne, figurent parmi les bless\u00e9s de l&rsquo;attentat terroriste perp\u00e9tr\u00e9 jeudi apr\u00e8s-midi \u00e0 Barcelone, a indiqu\u00e9 vendredi le porte-parole du minist\u00e8re des Affaires \u00e9trang\u00e8res, Abdelaziz Benali-Cherif. &#013; &#013; \u00ab\u00a0Selon les informations communiqu\u00e9es par les autorit\u00e9s espagnoles comp\u00e9tentes, trois ressortissants alg\u00e9riens, en voyage en Espagne, figurent parmi les bless\u00e9s de\" \/>\n<meta property=\"og:url\" content=\"https:\/\/www.info-algerie.com\/actualites\/attentat-de-barcelone-trois-ressortissants-algeriens-parmi-les-blesses-mae\/\" \/>\n<meta property=\"og:site_name\" content=\"info algerie\" \/>\n<meta property=\"article:publisher\" content=\"https:\/\/www.facebook.com\/infoalgerieactu\" \/>\n<meta property=\"article:published_time\" content=\"2017-08-18T12:12:55+00:00\" \/>\n<meta property=\"og:image\" content=\"https:\/\/www.info-algerie.com\/actualites\/wp-content\/uploads\/2017\/08\/503ac4f42b4b180cf060932eb558d107_S-1.jpg\" \/>\n\t<meta property=\"og:image:width\" content=\"280\" \/>\n\t<meta property=\"og:image:height\" content=\"169\" \/>\n\t<meta property=\"og:image:type\" content=\"image\/jpeg\" \/>\n<meta name=\"author\" content=\"La r\u00e9daction\" \/>\n<meta name=\"twitter:label1\" content=\"\u00c9crit par\" \/>\n\t<meta name=\"twitter:data1\" content=\"La r\u00e9daction\" \/>\n\t<meta name=\"twitter:label2\" content=\"Dur\u00e9e de lecture estim\u00e9e\" \/>\n\t<meta name=\"twitter:data2\" content=\"2 minutes\" \/>\n<script type=\"application\/ld+json\" class=\"yoast-schema-graph\">{\"@context\":\"https:\\\/\\\/schema.org\",\"@graph\":[{\"@type\":\"Article\",\"@id\":\"https:\\\/\\\/www.info-algerie.com\\\/actualites\\\/attentat-de-barcelone-trois-ressortissants-algeriens-parmi-les-blesses-mae\\\/#article\",\"isPartOf\":{\"@id\":\"https:\\\/\\\/www.info-algerie.com\\\/actualites\\\/attentat-de-barcelone-trois-ressortissants-algeriens-parmi-les-blesses-mae\\\/\"},\"author\":{\"name\":\"La r\u00e9daction\",\"@id\":\"https:\\\/\\\/www.info-algerie.com\\\/actualites\\\/#\\\/schema\\\/person\\\/847aaec44920825b843a08f30ec6aa1e\"},\"headline\":\"Attentat de Barcelone: trois ressortissants alg\u00e9riens parmi les bless\u00e9s (MAE)\",\"datePublished\":\"2017-08-18T12:12:55+00:00\",\"mainEntityOfPage\":{\"@id\":\"https:\\\/\\\/www.info-algerie.com\\\/actualites\\\/attentat-de-barcelone-trois-ressortissants-algeriens-parmi-les-blesses-mae\\\/\"},\"wordCount\":366,\"commentCount\":0,\"publisher\":{\"@id\":\"https:\\\/\\\/www.info-algerie.com\\\/actualites\\\/#organization\"},\"image\":{\"@id\":\"https:\\\/\\\/www.info-algerie.com\\\/actualites\\\/attentat-de-barcelone-trois-ressortissants-algeriens-parmi-les-blesses-mae\\\/#primaryimage\"},\"thumbnailUrl\":\"https:\\\/\\\/www.info-algerie.com\\\/actualites\\\/wp-content\\\/uploads\\\/2017\\\/08\\\/503ac4f42b4b180cf060932eb558d107_S-1.jpg\",\"keywords\":[\"ONU\"],\"articleSection\":[\"infos\"],\"inLanguage\":\"fr-FR\",\"potentialAction\":[{\"@type\":\"CommentAction\",\"name\":\"Comment\",\"target\":[\"https:\\\/\\\/www.info-algerie.com\\\/actualites\\\/attentat-de-barcelone-trois-ressortissants-algeriens-parmi-les-blesses-mae\\\/#respond\"]}]},{\"@type\":\"WebPage\",\"@id\":\"https:\\\/\\\/www.info-algerie.com\\\/actualites\\\/attentat-de-barcelone-trois-ressortissants-algeriens-parmi-les-blesses-mae\\\/\",\"url\":\"https:\\\/\\\/www.info-algerie.com\\\/actualites\\\/attentat-de-barcelone-trois-ressortissants-algeriens-parmi-les-blesses-mae\\\/\",\"name\":\"Attentat de Barcelone: trois ressortissants alg\u00e9riens parmi les bless\u00e9s (MAE) - info algerie\",\"isPartOf\":{\"@id\":\"https:\\\/\\\/www.info-algerie.com\\\/actualites\\\/#website\"},\"primaryImageOfPage\":{\"@id\":\"https:\\\/\\\/www.info-algerie.com\\\/actualites\\\/attentat-de-barcelone-trois-ressortissants-algeriens-parmi-les-blesses-mae\\\/#primaryimage\"},\"image\":{\"@id\":\"https:\\\/\\\/www.info-algerie.com\\\/actualites\\\/attentat-de-barcelone-trois-ressortissants-algeriens-parmi-les-blesses-mae\\\/#primaryimage\"},\"thumbnailUrl\":\"https:\\\/\\\/www.info-algerie.com\\\/actualites\\\/wp-content\\\/uploads\\\/2017\\\/08\\\/503ac4f42b4b180cf060932eb558d107_S-1.jpg\",\"datePublished\":\"2017-08-18T12:12:55+00:00\",\"breadcrumb\":{\"@id\":\"https:\\\/\\\/www.info-algerie.com\\\/actualites\\\/attentat-de-barcelone-trois-ressortissants-algeriens-parmi-les-blesses-mae\\\/#breadcrumb\"},\"inLanguage\":\"fr-FR\",\"potentialAction\":[{\"@type\":\"ReadAction\",\"target\":[\"https:\\\/\\\/www.info-algerie.com\\\/actualites\\\/attentat-de-barcelone-trois-ressortissants-algeriens-parmi-les-blesses-mae\\\/\"]}]},{\"@type\":\"ImageObject\",\"inLanguage\":\"fr-FR\",\"@id\":\"https:\\\/\\\/www.info-algerie.com\\\/actualites\\\/attentat-de-barcelone-trois-ressortissants-algeriens-parmi-les-blesses-mae\\\/#primaryimage\",\"url\":\"https:\\\/\\\/www.info-algerie.com\\\/actualites\\\/wp-content\\\/uploads\\\/2017\\\/08\\\/503ac4f42b4b180cf060932eb558d107_S-1.jpg\",\"contentUrl\":\"https:\\\/\\\/www.info-algerie.com\\\/actualites\\\/wp-content\\\/uploads\\\/2017\\\/08\\\/503ac4f42b4b180cf060932eb558d107_S-1.jpg\",\"width\":280,\"height\":169},{\"@type\":\"BreadcrumbList\",\"@id\":\"https:\\\/\\\/www.info-algerie.com\\\/actualites\\\/attentat-de-barcelone-trois-ressortissants-algeriens-parmi-les-blesses-mae\\\/#breadcrumb\",\"itemListElement\":[{\"@type\":\"ListItem\",\"position\":1,\"name\":\"Accueil\",\"item\":\"https:\\\/\\\/www.info-algerie.com\\\/actualites\\\/\"},{\"@type\":\"ListItem\",\"position\":2,\"name\":\"Attentat de Barcelone: trois ressortissants alg\u00e9riens parmi les bless\u00e9s (MAE)\"}]},{\"@type\":\"WebSite\",\"@id\":\"https:\\\/\\\/www.info-algerie.com\\\/actualites\\\/#website\",\"url\":\"https:\\\/\\\/www.info-algerie.com\\\/actualites\\\/\",\"name\":\"info algerie\",\"description\":\"Toutes les actualit\u00e9s\",\"publisher\":{\"@id\":\"https:\\\/\\\/www.info-algerie.com\\\/actualites\\\/#organization\"},\"potentialAction\":[{\"@type\":\"SearchAction\",\"target\":{\"@type\":\"EntryPoint\",\"urlTemplate\":\"https:\\\/\\\/www.info-algerie.com\\\/actualites\\\/?s={search_term_string}\"},\"query-input\":{\"@type\":\"PropertyValueSpecification\",\"valueRequired\":true,\"valueName\":\"search_term_string\"}}],\"inLanguage\":\"fr-FR\"},{\"@type\":\"Organization\",\"@id\":\"https:\\\/\\\/www.info-algerie.com\\\/actualites\\\/#organization\",\"name\":\"info algerie\",\"url\":\"https:\\\/\\\/www.info-algerie.com\\\/actualites\\\/\",\"logo\":{\"@type\":\"ImageObject\",\"inLanguage\":\"fr-FR\",\"@id\":\"https:\\\/\\\/www.info-algerie.com\\\/actualites\\\/#\\\/schema\\\/logo\\\/image\\\/\",\"url\":\"https:\\\/\\\/www.info-algerie.com\\\/actualites\\\/wp-content\\\/uploads\\\/2022\\\/07\\\/logo-ia-120.png\",\"contentUrl\":\"https:\\\/\\\/www.info-algerie.com\\\/actualites\\\/wp-content\\\/uploads\\\/2022\\\/07\\\/logo-ia-120.png\",\"width\":120,\"height\":43,\"caption\":\"info algerie\"},\"image\":{\"@id\":\"https:\\\/\\\/www.info-algerie.com\\\/actualites\\\/#\\\/schema\\\/logo\\\/image\\\/\"},\"sameAs\":[\"https:\\\/\\\/www.facebook.com\\\/infoalgerieactu\",\"https:\\\/\\\/x.com\\\/infoalgerie1\"]},{\"@type\":\"Person\",\"@id\":\"https:\\\/\\\/www.info-algerie.com\\\/actualites\\\/#\\\/schema\\\/person\\\/847aaec44920825b843a08f30ec6aa1e\",\"name\":\"La r\u00e9daction\",\"image\":{\"@type\":\"ImageObject\",\"inLanguage\":\"fr-FR\",\"@id\":\"https:\\\/\\\/secure.gravatar.com\\\/avatar\\\/769db425c6f465158149f1ffd6cf61ce7a8a879d11dfbef8288af36dfddd418c?s=96&d=mm&r=g\",\"url\":\"https:\\\/\\\/secure.gravatar.com\\\/avatar\\\/769db425c6f465158149f1ffd6cf61ce7a8a879d11dfbef8288af36dfddd418c?s=96&d=mm&r=g\",\"contentUrl\":\"https:\\\/\\\/secure.gravatar.com\\\/avatar\\\/769db425c6f465158149f1ffd6cf61ce7a8a879d11dfbef8288af36dfddd418c?s=96&d=mm&r=g\",\"caption\":\"La r\u00e9daction\"},\"sameAs\":[\"http:\\\/\\\/www.lkeria.com\\\/\"],\"url\":\"https:\\\/\\\/www.info-algerie.com\\\/actualites\\\/author\\\/chakib32\\\/\"}]}<\/script>\n<!-- \/ Yoast SEO plugin. -->","yoast_head_json":{"title":"Attentat de Barcelone: trois ressortissants alg\u00e9riens parmi les bless\u00e9s (MAE) - info algerie","robots":{"index":"index","follow":"follow","max-snippet":"max-snippet:-1","max-image-preview":"max-image-preview:large","max-video-preview":"max-video-preview:-1"},"canonical":"https:\/\/www.info-algerie.com\/actualites\/attentat-de-barcelone-trois-ressortissants-algeriens-parmi-les-blesses-mae\/","og_locale":"fr_FR","og_type":"article","og_title":"Attentat de Barcelone: trois ressortissants alg\u00e9riens parmi les bless\u00e9s (MAE) - info algerie","og_description":"ALGER -Trois ressortissants alg\u00e9riens, en voyage en Espagne, figurent parmi les bless\u00e9s de l&rsquo;attentat terroriste perp\u00e9tr\u00e9 jeudi apr\u00e8s-midi \u00e0 Barcelone, a indiqu\u00e9 vendredi le porte-parole du minist\u00e8re des Affaires \u00e9trang\u00e8res, Abdelaziz Benali-Cherif. &#013; &#013; \u00ab\u00a0Selon les informations communiqu\u00e9es par les autorit\u00e9s espagnoles comp\u00e9tentes, trois ressortissants alg\u00e9riens, en voyage en Espagne, figurent parmi les bless\u00e9s de","og_url":"https:\/\/www.info-algerie.com\/actualites\/attentat-de-barcelone-trois-ressortissants-algeriens-parmi-les-blesses-mae\/","og_site_name":"info algerie","article_publisher":"https:\/\/www.facebook.com\/infoalgerieactu","article_published_time":"2017-08-18T12:12:55+00:00","og_image":[{"width":280,"height":169,"url":"https:\/\/www.info-algerie.com\/actualites\/wp-content\/uploads\/2017\/08\/503ac4f42b4b180cf060932eb558d107_S-1.jpg","type":"image\/jpeg"}],"author":"La r\u00e9daction","twitter_misc":{"\u00c9crit par":"La r\u00e9daction","Dur\u00e9e de lecture estim\u00e9e":"2 minutes"},"schema":{"@context":"https:\/\/schema.org","@graph":[{"@type":"Article","@id":"https:\/\/www.info-algerie.com\/actualites\/attentat-de-barcelone-trois-ressortissants-algeriens-parmi-les-blesses-mae\/#article","isPartOf":{"@id":"https:\/\/www.info-algerie.com\/actualites\/attentat-de-barcelone-trois-ressortissants-algeriens-parmi-les-blesses-mae\/"},"author":{"name":"La r\u00e9daction","@id":"https:\/\/www.info-algerie.com\/actualites\/#\/schema\/person\/847aaec44920825b843a08f30ec6aa1e"},"headline":"Attentat de Barcelone: trois ressortissants alg\u00e9riens parmi les bless\u00e9s (MAE)","datePublished":"2017-08-18T12:12:55+00:00","mainEntityOfPage":{"@id":"https:\/\/www.info-algerie.com\/actualites\/attentat-de-barcelone-trois-ressortissants-algeriens-parmi-les-blesses-mae\/"},"wordCount":366,"commentCount":0,"publisher":{"@id":"https:\/\/www.info-algerie.com\/actualites\/#organization"},"image":{"@id":"https:\/\/www.info-algerie.com\/actualites\/attentat-de-barcelone-trois-ressortissants-algeriens-parmi-les-blesses-mae\/#primaryimage"},"thumbnailUrl":"https:\/\/www.info-algerie.com\/actualites\/wp-content\/uploads\/2017\/08\/503ac4f42b4b180cf060932eb558d107_S-1.jpg","keywords":["ONU"],"articleSection":["infos"],"inLanguage":"fr-FR","potentialAction":[{"@type":"CommentAction","name":"Comment","target":["https:\/\/www.info-algerie.com\/actualites\/attentat-de-barcelone-trois-ressortissants-algeriens-parmi-les-blesses-mae\/#respond"]}]},{"@type":"WebPage","@id":"https:\/\/www.info-algerie.com\/actualites\/attentat-de-barcelone-trois-ressortissants-algeriens-parmi-les-blesses-mae\/","url":"https:\/\/www.info-algerie.com\/actualites\/attentat-de-barcelone-trois-ressortissants-algeriens-parmi-les-blesses-mae\/","name":"Attentat de Barcelone: trois ressortissants alg\u00e9riens parmi les bless\u00e9s (MAE) - info algerie","isPartOf":{"@id":"https:\/\/www.info-algerie.com\/actualites\/#website"},"primaryImageOfPage":{"@id":"https:\/\/www.info-algerie.com\/actualites\/attentat-de-barcelone-trois-ressortissants-algeriens-parmi-les-blesses-mae\/#primaryimage"},"image":{"@id":"https:\/\/www.info-algerie.com\/actualites\/attentat-de-barcelone-trois-ressortissants-algeriens-parmi-les-blesses-mae\/#primaryimage"},"thumbnailUrl":"https:\/\/www.info-algerie.com\/actualites\/wp-content\/uploads\/2017\/08\/503ac4f42b4b180cf060932eb558d107_S-1.jpg","datePublished":"2017-08-18T12:12:55+00:00","breadcrumb":{"@id":"https:\/\/www.info-algerie.com\/actualites\/attentat-de-barcelone-trois-ressortissants-algeriens-parmi-les-blesses-mae\/#breadcrumb"},"inLanguage":"fr-FR","potentialAction":[{"@type":"ReadAction","target":["https:\/\/www.info-algerie.com\/actualites\/attentat-de-barcelone-trois-ressortissants-algeriens-parmi-les-blesses-mae\/"]}]},{"@type":"ImageObject","inLanguage":"fr-FR","@id":"https:\/\/www.info-algerie.com\/actualites\/attentat-de-barcelone-trois-ressortissants-algeriens-parmi-les-blesses-mae\/#primaryimage","url":"https:\/\/www.info-algerie.com\/actualites\/wp-content\/uploads\/2017\/08\/503ac4f42b4b180cf060932eb558d107_S-1.jpg","contentUrl":"https:\/\/www.info-algerie.com\/actualites\/wp-content\/uploads\/2017\/08\/503ac4f42b4b180cf060932eb558d107_S-1.jpg","width":280,"height":169},{"@type":"BreadcrumbList","@id":"https:\/\/www.info-algerie.com\/actualites\/attentat-de-barcelone-trois-ressortissants-algeriens-parmi-les-blesses-mae\/#breadcrumb","itemListElement":[{"@type":"ListItem","position":1,"name":"Accueil","item":"https:\/\/www.info-algerie.com\/actualites\/"},{"@type":"ListItem","position":2,"name":"Attentat de Barcelone: trois ressortissants alg\u00e9riens parmi les bless\u00e9s (MAE)"}]},{"@type":"WebSite","@id":"https:\/\/www.info-algerie.com\/actualites\/#website","url":"https:\/\/www.info-algerie.com\/actualites\/","name":"info algerie","description":"Toutes les actualit\u00e9s","publisher":{"@id":"https:\/\/www.info-algerie.com\/actualites\/#organization"},"potentialAction":[{"@type":"SearchAction","target":{"@type":"EntryPoint","urlTemplate":"https:\/\/www.info-algerie.com\/actualites\/?s={search_term_string}"},"query-input":{"@type":"PropertyValueSpecification","valueRequired":true,"valueName":"search_term_string"}}],"inLanguage":"fr-FR"},{"@type":"Organization","@id":"https:\/\/www.info-algerie.com\/actualites\/#organization","name":"info algerie","url":"https:\/\/www.info-algerie.com\/actualites\/","logo":{"@type":"ImageObject","inLanguage":"fr-FR","@id":"https:\/\/www.info-algerie.com\/actualites\/#\/schema\/logo\/image\/","url":"https:\/\/www.info-algerie.com\/actualites\/wp-content\/uploads\/2022\/07\/logo-ia-120.png","contentUrl":"https:\/\/www.info-algerie.com\/actualites\/wp-content\/uploads\/2022\/07\/logo-ia-120.png","width":120,"height":43,"caption":"info algerie"},"image":{"@id":"https:\/\/www.info-algerie.com\/actualites\/#\/schema\/logo\/image\/"},"sameAs":["https:\/\/www.facebook.com\/infoalgerieactu","https:\/\/x.com\/infoalgerie1"]},{"@type":"Person","@id":"https:\/\/www.info-algerie.com\/actualites\/#\/schema\/person\/847aaec44920825b843a08f30ec6aa1e","name":"La r\u00e9daction","image":{"@type":"ImageObject","inLanguage":"fr-FR","@id":"https:\/\/secure.gravatar.com\/avatar\/769db425c6f465158149f1ffd6cf61ce7a8a879d11dfbef8288af36dfddd418c?s=96&d=mm&r=g","url":"https:\/\/secure.gravatar.com\/avatar\/769db425c6f465158149f1ffd6cf61ce7a8a879d11dfbef8288af36dfddd418c?s=96&d=mm&r=g","contentUrl":"https:\/\/secure.gravatar.com\/avatar\/769db425c6f465158149f1ffd6cf61ce7a8a879d11dfbef8288af36dfddd418c?s=96&d=mm&r=g","caption":"La r\u00e9daction"},"sameAs":["http:\/\/www.lkeria.com\/"],"url":"https:\/\/www.info-algerie.com\/actualites\/author\/chakib32\/"}]}},"_links":{"self":[{"href":"https:\/\/www.info-algerie.com\/actualites\/wp-json\/wp\/v2\/posts\/15124","targetHints":{"allow":["GET"]}}],"collection":[{"href":"https:\/\/www.info-algerie.com\/actualites\/wp-json\/wp\/v2\/posts"}],"about":[{"href":"https:\/\/www.info-algerie.com\/actualites\/wp-json\/wp\/v2\/types\/post"}],"author":[{"embeddable":true,"href":"https:\/\/www.info-algerie.com\/actualites\/wp-json\/wp\/v2\/users\/6"}],"replies":[{"embeddable":true,"href":"https:\/\/www.info-algerie.com\/actualites\/wp-json\/wp\/v2\/comments?post=15124"}],"version-history":[{"count":0,"href":"https:\/\/www.info-algerie.com\/actualites\/wp-json\/wp\/v2\/posts\/15124\/revisions"}],"wp:featuredmedia":[{"embeddable":true,"href":"https:\/\/www.info-algerie.com\/actualites\/wp-json\/wp\/v2\/media\/15125"}],"wp:attachment":[{"href":"https:\/\/www.info-algerie.com\/actualites\/wp-json\/wp\/v2\/media?parent=15124"}],"wp:term":[{"taxonomy":"category","embeddable":true,"href":"https:\/\/www.info-algerie.com\/actualites\/wp-json\/wp\/v2\/categories?post=15124"},{"taxonomy":"post_tag","embeddable":true,"href":"https:\/\/www.info-algerie.com\/actualites\/wp-json\/wp\/v2\/tags?post=15124"}],"curies":[{"name":"wp","href":"https:\/\/api.w.org\/{rel}","templated":true}]}}