{"id":15127,"date":"2017-08-18T12:56:34","date_gmt":"2017-08-18T11:56:34","guid":{"rendered":"http:\/\/www.info-algerie.com\/actualites\/lalgerie-condamne-lattaque-meurtriere-perpetree-contre-des-innocents-a-barcelone-mae\/"},"modified":"2017-08-18T12:56:34","modified_gmt":"2017-08-18T11:56:34","slug":"lalgerie-condamne-lattaque-meurtriere-perpetree-contre-des-innocents-a-barcelone-mae","status":"publish","type":"post","link":"https:\/\/www.info-algerie.com\/actualites\/lalgerie-condamne-lattaque-meurtriere-perpetree-contre-des-innocents-a-barcelone-mae\/","title":{"rendered":"L&#039;Alg\u00e9rie condamne l&#039;attaque meurtri\u00e8re perp\u00e9tr\u00e9e contre des innocents \u00e0 Barcelone (MAE)"},"content":{"rendered":"<div class=\"K2FeedImage\"><img decoding=\"async\" src=\"https:\/\/www.info-algerie.com\/actualites\/wp-content\/uploads\/2017\/08\/b61ba0575ba650b6e2b511023b28b46c_S.jpg\" alt=\"L'Alg&#xE9;rie condamne l'attaque meurtri&#xE8;re perp&#xE9;tr&#xE9;e contre des innocents &#xE0; Barcelone (MAE)\" \/><\/div>\n<div class=\"K2FeedIntroText\">\n<p>ALGER &#8211; L&rsquo;Alg\u00e9rie a condamn\u00e9 avec \u00ab\u00a0la plus grande force\u00a0\u00bb <strong><a href=\"http:\/\/www.aps.dz\/monde\/61848-attentats-de-barcelone-le-bilan-est-passe-a-14-morts\">l&rsquo;attaque meurtri\u00e8re perp\u00e9tr\u00e9e jeudi contre des innocents \u00e0\u00a0 Barcelone<\/a><\/strong>, la qualifiant d\u2019acte terroriste ignoble, a indiqu\u00e9 jeudi soir le porte-parole du minist\u00e8re des Affaires \u00e9trang\u00e8res (MAE), Abdelaziz Benali-Cherif.<\/p>\n<p>&#013;\n<\/p><\/div>\n<div class=\"K2FeedFullText\">&#013;<\/p>\n<p>\u00ab\u00a0L&rsquo;attaque meurtri\u00e8re perp\u00e9tr\u00e9e, ce jour, contre des innocents \u00e0 Barcelone est un acte terroriste ignoble que nous condamnons avec la plus grande force\u00a0\u00bb, a-t-il affirm\u00e9 dans une d\u00e9claration \u00e0 l&rsquo;APS.<\/p>\n<p>&#013;<\/p>\n<p>\u00ab\u00a0Tout en exprimant notre grande \u00e9motion face \u00e0 l&rsquo;horreur commise de sang-froid, nous pr\u00e9sentons nos condol\u00e9ances aux familles des victimes et assurons de notre sympathie et de notre solidarit\u00e9 celles des bless\u00e9s, tout comme le Gouvernement et le peuple espagnols amis\u00a0\u00bb, a indiqu\u00e9 le porte-parole du MAE.<\/p>\n<p>&#013;<\/p>\n<p class=\"MsoNormal\">\u00ab\u00a0Ce nouvel attentat interpelle l&rsquo;ensemble de la communaut\u00e9 internationale sur la n\u00e9cessit\u00e9 d&rsquo;intensifier les efforts et de f\u00e9d\u00e9rer les synergies pour d\u00e9faire le terrorisme et annihiler la menace qu&rsquo;il fait peser sur la stabilit\u00e9 des pays et la qui\u00e9tude des peuples.\u00a0\u00bb, a conclu M. Benali-Cherif.<\/p>\n<\/div>\n<p>&#013;<br \/>\nSource: <a href=\"http:\/\/www.aps.dz\/algerie\/61849-l-algerie-condamne-l-attaque-meurtriere-perpetree-contre-des-innocents-a-barcelone-mae\" target=\"_blank\">L&rsquo;Alg\u00e9rie condamne l&rsquo;attaque meurtri\u00e8re perp\u00e9tr\u00e9e contre des innocents \u00e0 Barcelone (MAE)<\/a><\/p>\n<!--CusAds0-->\n<div style=\"font-size: 0px; height: 0px; line-height: 0px; margin: 0; padding: 0; clear: both;\"><\/div>","protected":false},"excerpt":{"rendered":"<p>ALGER &#8211; L&rsquo;Alg\u00e9rie a condamn\u00e9 avec \u00ab\u00a0la plus grande force\u00a0\u00bb l&rsquo;attaque meurtri\u00e8re perp\u00e9tr\u00e9e jeudi contre des innocents \u00e0\u00a0 Barcelone, la qualifiant d\u2019acte terroriste ignoble, a indiqu\u00e9 jeudi soir le porte-parole du minist\u00e8re des Affaires \u00e9trang\u00e8res (MAE), Abdelaziz Benali-Cherif. &#013; &#013; \u00ab\u00a0L&rsquo;attaque meurtri\u00e8re perp\u00e9tr\u00e9e, ce jour, contre des innocents \u00e0 Barcelone est un acte terroriste ignoble<\/p>\n","protected":false},"author":6,"featured_media":15128,"comment_status":"open","ping_status":"open","sticky":false,"template":"","format":"standard","meta":{"footnotes":""},"categories":[22],"tags":[93],"class_list":["post-15127","post","type-post","status-publish","format-standard","has-post-thumbnail","hentry","category-infos","tag-onu"],"yoast_head":"<!-- This site is optimized with the Yoast SEO plugin v27.5 - https:\/\/yoast.com\/product\/yoast-seo-wordpress\/ -->\n<title>L&#039;Alg\u00e9rie condamne l&#039;attaque meurtri\u00e8re perp\u00e9tr\u00e9e contre des innocents \u00e0 Barcelone (MAE) - info algerie<\/title>\n<meta name=\"robots\" content=\"index, follow, max-snippet:-1, max-image-preview:large, max-video-preview:-1\" \/>\n<link rel=\"canonical\" href=\"https:\/\/www.info-algerie.com\/actualites\/lalgerie-condamne-lattaque-meurtriere-perpetree-contre-des-innocents-a-barcelone-mae\/\" \/>\n<meta property=\"og:locale\" content=\"fr_FR\" \/>\n<meta property=\"og:type\" content=\"article\" \/>\n<meta property=\"og:title\" content=\"L&#039;Alg\u00e9rie condamne l&#039;attaque meurtri\u00e8re perp\u00e9tr\u00e9e contre des innocents \u00e0 Barcelone (MAE) - info algerie\" \/>\n<meta property=\"og:description\" content=\"ALGER &#8211; L&rsquo;Alg\u00e9rie a condamn\u00e9 avec \u00ab\u00a0la plus grande force\u00a0\u00bb l&rsquo;attaque meurtri\u00e8re perp\u00e9tr\u00e9e jeudi contre des innocents \u00e0\u00a0 Barcelone, la qualifiant d\u2019acte terroriste ignoble, a indiqu\u00e9 jeudi soir le porte-parole du minist\u00e8re des Affaires \u00e9trang\u00e8res (MAE), Abdelaziz Benali-Cherif. &#013; &#013; \u00ab\u00a0L&rsquo;attaque meurtri\u00e8re perp\u00e9tr\u00e9e, ce jour, contre des innocents \u00e0 Barcelone est un acte terroriste ignoble\" \/>\n<meta property=\"og:url\" content=\"https:\/\/www.info-algerie.com\/actualites\/lalgerie-condamne-lattaque-meurtriere-perpetree-contre-des-innocents-a-barcelone-mae\/\" \/>\n<meta property=\"og:site_name\" content=\"info algerie\" \/>\n<meta property=\"article:publisher\" content=\"https:\/\/www.facebook.com\/infoalgerieactu\" \/>\n<meta property=\"article:published_time\" content=\"2017-08-18T11:56:34+00:00\" \/>\n<meta property=\"og:image\" content=\"https:\/\/www.info-algerie.com\/actualites\/wp-content\/uploads\/2017\/08\/b61ba0575ba650b6e2b511023b28b46c_S-1.jpg\" \/>\n\t<meta property=\"og:image:width\" content=\"280\" \/>\n\t<meta property=\"og:image:height\" content=\"169\" \/>\n\t<meta property=\"og:image:type\" content=\"image\/jpeg\" \/>\n<meta name=\"author\" content=\"La r\u00e9daction\" \/>\n<meta name=\"twitter:label1\" content=\"\u00c9crit par\" \/>\n\t<meta name=\"twitter:data1\" content=\"La r\u00e9daction\" \/>\n\t<meta name=\"twitter:label2\" content=\"Dur\u00e9e de lecture estim\u00e9e\" \/>\n\t<meta name=\"twitter:data2\" content=\"1 minute\" \/>\n<script type=\"application\/ld+json\" class=\"yoast-schema-graph\">{\"@context\":\"https:\\\/\\\/schema.org\",\"@graph\":[{\"@type\":\"Article\",\"@id\":\"https:\\\/\\\/www.info-algerie.com\\\/actualites\\\/lalgerie-condamne-lattaque-meurtriere-perpetree-contre-des-innocents-a-barcelone-mae\\\/#article\",\"isPartOf\":{\"@id\":\"https:\\\/\\\/www.info-algerie.com\\\/actualites\\\/lalgerie-condamne-lattaque-meurtriere-perpetree-contre-des-innocents-a-barcelone-mae\\\/\"},\"author\":{\"name\":\"La r\u00e9daction\",\"@id\":\"https:\\\/\\\/www.info-algerie.com\\\/actualites\\\/#\\\/schema\\\/person\\\/847aaec44920825b843a08f30ec6aa1e\"},\"headline\":\"L&#039;Alg\u00e9rie condamne l&#039;attaque meurtri\u00e8re perp\u00e9tr\u00e9e contre des innocents \u00e0 Barcelone (MAE)\",\"datePublished\":\"2017-08-18T11:56:34+00:00\",\"mainEntityOfPage\":{\"@id\":\"https:\\\/\\\/www.info-algerie.com\\\/actualites\\\/lalgerie-condamne-lattaque-meurtriere-perpetree-contre-des-innocents-a-barcelone-mae\\\/\"},\"wordCount\":216,\"commentCount\":0,\"publisher\":{\"@id\":\"https:\\\/\\\/www.info-algerie.com\\\/actualites\\\/#organization\"},\"image\":{\"@id\":\"https:\\\/\\\/www.info-algerie.com\\\/actualites\\\/lalgerie-condamne-lattaque-meurtriere-perpetree-contre-des-innocents-a-barcelone-mae\\\/#primaryimage\"},\"thumbnailUrl\":\"https:\\\/\\\/www.info-algerie.com\\\/actualites\\\/wp-content\\\/uploads\\\/2017\\\/08\\\/b61ba0575ba650b6e2b511023b28b46c_S-1.jpg\",\"keywords\":[\"ONU\"],\"articleSection\":[\"infos\"],\"inLanguage\":\"fr-FR\",\"potentialAction\":[{\"@type\":\"CommentAction\",\"name\":\"Comment\",\"target\":[\"https:\\\/\\\/www.info-algerie.com\\\/actualites\\\/lalgerie-condamne-lattaque-meurtriere-perpetree-contre-des-innocents-a-barcelone-mae\\\/#respond\"]}]},{\"@type\":\"WebPage\",\"@id\":\"https:\\\/\\\/www.info-algerie.com\\\/actualites\\\/lalgerie-condamne-lattaque-meurtriere-perpetree-contre-des-innocents-a-barcelone-mae\\\/\",\"url\":\"https:\\\/\\\/www.info-algerie.com\\\/actualites\\\/lalgerie-condamne-lattaque-meurtriere-perpetree-contre-des-innocents-a-barcelone-mae\\\/\",\"name\":\"L&#039;Alg\u00e9rie condamne l&#039;attaque meurtri\u00e8re perp\u00e9tr\u00e9e contre des innocents \u00e0 Barcelone (MAE) - info algerie\",\"isPartOf\":{\"@id\":\"https:\\\/\\\/www.info-algerie.com\\\/actualites\\\/#website\"},\"primaryImageOfPage\":{\"@id\":\"https:\\\/\\\/www.info-algerie.com\\\/actualites\\\/lalgerie-condamne-lattaque-meurtriere-perpetree-contre-des-innocents-a-barcelone-mae\\\/#primaryimage\"},\"image\":{\"@id\":\"https:\\\/\\\/www.info-algerie.com\\\/actualites\\\/lalgerie-condamne-lattaque-meurtriere-perpetree-contre-des-innocents-a-barcelone-mae\\\/#primaryimage\"},\"thumbnailUrl\":\"https:\\\/\\\/www.info-algerie.com\\\/actualites\\\/wp-content\\\/uploads\\\/2017\\\/08\\\/b61ba0575ba650b6e2b511023b28b46c_S-1.jpg\",\"datePublished\":\"2017-08-18T11:56:34+00:00\",\"breadcrumb\":{\"@id\":\"https:\\\/\\\/www.info-algerie.com\\\/actualites\\\/lalgerie-condamne-lattaque-meurtriere-perpetree-contre-des-innocents-a-barcelone-mae\\\/#breadcrumb\"},\"inLanguage\":\"fr-FR\",\"potentialAction\":[{\"@type\":\"ReadAction\",\"target\":[\"https:\\\/\\\/www.info-algerie.com\\\/actualites\\\/lalgerie-condamne-lattaque-meurtriere-perpetree-contre-des-innocents-a-barcelone-mae\\\/\"]}]},{\"@type\":\"ImageObject\",\"inLanguage\":\"fr-FR\",\"@id\":\"https:\\\/\\\/www.info-algerie.com\\\/actualites\\\/lalgerie-condamne-lattaque-meurtriere-perpetree-contre-des-innocents-a-barcelone-mae\\\/#primaryimage\",\"url\":\"https:\\\/\\\/www.info-algerie.com\\\/actualites\\\/wp-content\\\/uploads\\\/2017\\\/08\\\/b61ba0575ba650b6e2b511023b28b46c_S-1.jpg\",\"contentUrl\":\"https:\\\/\\\/www.info-algerie.com\\\/actualites\\\/wp-content\\\/uploads\\\/2017\\\/08\\\/b61ba0575ba650b6e2b511023b28b46c_S-1.jpg\",\"width\":280,\"height\":169},{\"@type\":\"BreadcrumbList\",\"@id\":\"https:\\\/\\\/www.info-algerie.com\\\/actualites\\\/lalgerie-condamne-lattaque-meurtriere-perpetree-contre-des-innocents-a-barcelone-mae\\\/#breadcrumb\",\"itemListElement\":[{\"@type\":\"ListItem\",\"position\":1,\"name\":\"Accueil\",\"item\":\"https:\\\/\\\/www.info-algerie.com\\\/actualites\\\/\"},{\"@type\":\"ListItem\",\"position\":2,\"name\":\"L&#039;Alg\u00e9rie condamne l&#039;attaque meurtri\u00e8re perp\u00e9tr\u00e9e contre des innocents \u00e0 Barcelone (MAE)\"}]},{\"@type\":\"WebSite\",\"@id\":\"https:\\\/\\\/www.info-algerie.com\\\/actualites\\\/#website\",\"url\":\"https:\\\/\\\/www.info-algerie.com\\\/actualites\\\/\",\"name\":\"info algerie\",\"description\":\"Toutes les actualit\u00e9s\",\"publisher\":{\"@id\":\"https:\\\/\\\/www.info-algerie.com\\\/actualites\\\/#organization\"},\"potentialAction\":[{\"@type\":\"SearchAction\",\"target\":{\"@type\":\"EntryPoint\",\"urlTemplate\":\"https:\\\/\\\/www.info-algerie.com\\\/actualites\\\/?s={search_term_string}\"},\"query-input\":{\"@type\":\"PropertyValueSpecification\",\"valueRequired\":true,\"valueName\":\"search_term_string\"}}],\"inLanguage\":\"fr-FR\"},{\"@type\":\"Organization\",\"@id\":\"https:\\\/\\\/www.info-algerie.com\\\/actualites\\\/#organization\",\"name\":\"info algerie\",\"url\":\"https:\\\/\\\/www.info-algerie.com\\\/actualites\\\/\",\"logo\":{\"@type\":\"ImageObject\",\"inLanguage\":\"fr-FR\",\"@id\":\"https:\\\/\\\/www.info-algerie.com\\\/actualites\\\/#\\\/schema\\\/logo\\\/image\\\/\",\"url\":\"https:\\\/\\\/www.info-algerie.com\\\/actualites\\\/wp-content\\\/uploads\\\/2022\\\/07\\\/logo-ia-120.png\",\"contentUrl\":\"https:\\\/\\\/www.info-algerie.com\\\/actualites\\\/wp-content\\\/uploads\\\/2022\\\/07\\\/logo-ia-120.png\",\"width\":120,\"height\":43,\"caption\":\"info algerie\"},\"image\":{\"@id\":\"https:\\\/\\\/www.info-algerie.com\\\/actualites\\\/#\\\/schema\\\/logo\\\/image\\\/\"},\"sameAs\":[\"https:\\\/\\\/www.facebook.com\\\/infoalgerieactu\",\"https:\\\/\\\/x.com\\\/infoalgerie1\"]},{\"@type\":\"Person\",\"@id\":\"https:\\\/\\\/www.info-algerie.com\\\/actualites\\\/#\\\/schema\\\/person\\\/847aaec44920825b843a08f30ec6aa1e\",\"name\":\"La r\u00e9daction\",\"image\":{\"@type\":\"ImageObject\",\"inLanguage\":\"fr-FR\",\"@id\":\"https:\\\/\\\/secure.gravatar.com\\\/avatar\\\/769db425c6f465158149f1ffd6cf61ce7a8a879d11dfbef8288af36dfddd418c?s=96&d=mm&r=g\",\"url\":\"https:\\\/\\\/secure.gravatar.com\\\/avatar\\\/769db425c6f465158149f1ffd6cf61ce7a8a879d11dfbef8288af36dfddd418c?s=96&d=mm&r=g\",\"contentUrl\":\"https:\\\/\\\/secure.gravatar.com\\\/avatar\\\/769db425c6f465158149f1ffd6cf61ce7a8a879d11dfbef8288af36dfddd418c?s=96&d=mm&r=g\",\"caption\":\"La r\u00e9daction\"},\"sameAs\":[\"http:\\\/\\\/www.lkeria.com\\\/\"],\"url\":\"https:\\\/\\\/www.info-algerie.com\\\/actualites\\\/author\\\/chakib32\\\/\"}]}<\/script>\n<!-- \/ Yoast SEO plugin. -->","yoast_head_json":{"title":"L&#039;Alg\u00e9rie condamne l&#039;attaque meurtri\u00e8re perp\u00e9tr\u00e9e contre des innocents \u00e0 Barcelone (MAE) - info algerie","robots":{"index":"index","follow":"follow","max-snippet":"max-snippet:-1","max-image-preview":"max-image-preview:large","max-video-preview":"max-video-preview:-1"},"canonical":"https:\/\/www.info-algerie.com\/actualites\/lalgerie-condamne-lattaque-meurtriere-perpetree-contre-des-innocents-a-barcelone-mae\/","og_locale":"fr_FR","og_type":"article","og_title":"L&#039;Alg\u00e9rie condamne l&#039;attaque meurtri\u00e8re perp\u00e9tr\u00e9e contre des innocents \u00e0 Barcelone (MAE) - info algerie","og_description":"ALGER &#8211; L&rsquo;Alg\u00e9rie a condamn\u00e9 avec \u00ab\u00a0la plus grande force\u00a0\u00bb l&rsquo;attaque meurtri\u00e8re perp\u00e9tr\u00e9e jeudi contre des innocents \u00e0\u00a0 Barcelone, la qualifiant d\u2019acte terroriste ignoble, a indiqu\u00e9 jeudi soir le porte-parole du minist\u00e8re des Affaires \u00e9trang\u00e8res (MAE), Abdelaziz Benali-Cherif. &#013; &#013; \u00ab\u00a0L&rsquo;attaque meurtri\u00e8re perp\u00e9tr\u00e9e, ce jour, contre des innocents \u00e0 Barcelone est un acte terroriste ignoble","og_url":"https:\/\/www.info-algerie.com\/actualites\/lalgerie-condamne-lattaque-meurtriere-perpetree-contre-des-innocents-a-barcelone-mae\/","og_site_name":"info algerie","article_publisher":"https:\/\/www.facebook.com\/infoalgerieactu","article_published_time":"2017-08-18T11:56:34+00:00","og_image":[{"width":280,"height":169,"url":"https:\/\/www.info-algerie.com\/actualites\/wp-content\/uploads\/2017\/08\/b61ba0575ba650b6e2b511023b28b46c_S-1.jpg","type":"image\/jpeg"}],"author":"La r\u00e9daction","twitter_misc":{"\u00c9crit par":"La r\u00e9daction","Dur\u00e9e de lecture estim\u00e9e":"1 minute"},"schema":{"@context":"https:\/\/schema.org","@graph":[{"@type":"Article","@id":"https:\/\/www.info-algerie.com\/actualites\/lalgerie-condamne-lattaque-meurtriere-perpetree-contre-des-innocents-a-barcelone-mae\/#article","isPartOf":{"@id":"https:\/\/www.info-algerie.com\/actualites\/lalgerie-condamne-lattaque-meurtriere-perpetree-contre-des-innocents-a-barcelone-mae\/"},"author":{"name":"La r\u00e9daction","@id":"https:\/\/www.info-algerie.com\/actualites\/#\/schema\/person\/847aaec44920825b843a08f30ec6aa1e"},"headline":"L&#039;Alg\u00e9rie condamne l&#039;attaque meurtri\u00e8re perp\u00e9tr\u00e9e contre des innocents \u00e0 Barcelone (MAE)","datePublished":"2017-08-18T11:56:34+00:00","mainEntityOfPage":{"@id":"https:\/\/www.info-algerie.com\/actualites\/lalgerie-condamne-lattaque-meurtriere-perpetree-contre-des-innocents-a-barcelone-mae\/"},"wordCount":216,"commentCount":0,"publisher":{"@id":"https:\/\/www.info-algerie.com\/actualites\/#organization"},"image":{"@id":"https:\/\/www.info-algerie.com\/actualites\/lalgerie-condamne-lattaque-meurtriere-perpetree-contre-des-innocents-a-barcelone-mae\/#primaryimage"},"thumbnailUrl":"https:\/\/www.info-algerie.com\/actualites\/wp-content\/uploads\/2017\/08\/b61ba0575ba650b6e2b511023b28b46c_S-1.jpg","keywords":["ONU"],"articleSection":["infos"],"inLanguage":"fr-FR","potentialAction":[{"@type":"CommentAction","name":"Comment","target":["https:\/\/www.info-algerie.com\/actualites\/lalgerie-condamne-lattaque-meurtriere-perpetree-contre-des-innocents-a-barcelone-mae\/#respond"]}]},{"@type":"WebPage","@id":"https:\/\/www.info-algerie.com\/actualites\/lalgerie-condamne-lattaque-meurtriere-perpetree-contre-des-innocents-a-barcelone-mae\/","url":"https:\/\/www.info-algerie.com\/actualites\/lalgerie-condamne-lattaque-meurtriere-perpetree-contre-des-innocents-a-barcelone-mae\/","name":"L&#039;Alg\u00e9rie condamne l&#039;attaque meurtri\u00e8re perp\u00e9tr\u00e9e contre des innocents \u00e0 Barcelone (MAE) - info algerie","isPartOf":{"@id":"https:\/\/www.info-algerie.com\/actualites\/#website"},"primaryImageOfPage":{"@id":"https:\/\/www.info-algerie.com\/actualites\/lalgerie-condamne-lattaque-meurtriere-perpetree-contre-des-innocents-a-barcelone-mae\/#primaryimage"},"image":{"@id":"https:\/\/www.info-algerie.com\/actualites\/lalgerie-condamne-lattaque-meurtriere-perpetree-contre-des-innocents-a-barcelone-mae\/#primaryimage"},"thumbnailUrl":"https:\/\/www.info-algerie.com\/actualites\/wp-content\/uploads\/2017\/08\/b61ba0575ba650b6e2b511023b28b46c_S-1.jpg","datePublished":"2017-08-18T11:56:34+00:00","breadcrumb":{"@id":"https:\/\/www.info-algerie.com\/actualites\/lalgerie-condamne-lattaque-meurtriere-perpetree-contre-des-innocents-a-barcelone-mae\/#breadcrumb"},"inLanguage":"fr-FR","potentialAction":[{"@type":"ReadAction","target":["https:\/\/www.info-algerie.com\/actualites\/lalgerie-condamne-lattaque-meurtriere-perpetree-contre-des-innocents-a-barcelone-mae\/"]}]},{"@type":"ImageObject","inLanguage":"fr-FR","@id":"https:\/\/www.info-algerie.com\/actualites\/lalgerie-condamne-lattaque-meurtriere-perpetree-contre-des-innocents-a-barcelone-mae\/#primaryimage","url":"https:\/\/www.info-algerie.com\/actualites\/wp-content\/uploads\/2017\/08\/b61ba0575ba650b6e2b511023b28b46c_S-1.jpg","contentUrl":"https:\/\/www.info-algerie.com\/actualites\/wp-content\/uploads\/2017\/08\/b61ba0575ba650b6e2b511023b28b46c_S-1.jpg","width":280,"height":169},{"@type":"BreadcrumbList","@id":"https:\/\/www.info-algerie.com\/actualites\/lalgerie-condamne-lattaque-meurtriere-perpetree-contre-des-innocents-a-barcelone-mae\/#breadcrumb","itemListElement":[{"@type":"ListItem","position":1,"name":"Accueil","item":"https:\/\/www.info-algerie.com\/actualites\/"},{"@type":"ListItem","position":2,"name":"L&#039;Alg\u00e9rie condamne l&#039;attaque meurtri\u00e8re perp\u00e9tr\u00e9e contre des innocents \u00e0 Barcelone (MAE)"}]},{"@type":"WebSite","@id":"https:\/\/www.info-algerie.com\/actualites\/#website","url":"https:\/\/www.info-algerie.com\/actualites\/","name":"info algerie","description":"Toutes les actualit\u00e9s","publisher":{"@id":"https:\/\/www.info-algerie.com\/actualites\/#organization"},"potentialAction":[{"@type":"SearchAction","target":{"@type":"EntryPoint","urlTemplate":"https:\/\/www.info-algerie.com\/actualites\/?s={search_term_string}"},"query-input":{"@type":"PropertyValueSpecification","valueRequired":true,"valueName":"search_term_string"}}],"inLanguage":"fr-FR"},{"@type":"Organization","@id":"https:\/\/www.info-algerie.com\/actualites\/#organization","name":"info algerie","url":"https:\/\/www.info-algerie.com\/actualites\/","logo":{"@type":"ImageObject","inLanguage":"fr-FR","@id":"https:\/\/www.info-algerie.com\/actualites\/#\/schema\/logo\/image\/","url":"https:\/\/www.info-algerie.com\/actualites\/wp-content\/uploads\/2022\/07\/logo-ia-120.png","contentUrl":"https:\/\/www.info-algerie.com\/actualites\/wp-content\/uploads\/2022\/07\/logo-ia-120.png","width":120,"height":43,"caption":"info algerie"},"image":{"@id":"https:\/\/www.info-algerie.com\/actualites\/#\/schema\/logo\/image\/"},"sameAs":["https:\/\/www.facebook.com\/infoalgerieactu","https:\/\/x.com\/infoalgerie1"]},{"@type":"Person","@id":"https:\/\/www.info-algerie.com\/actualites\/#\/schema\/person\/847aaec44920825b843a08f30ec6aa1e","name":"La r\u00e9daction","image":{"@type":"ImageObject","inLanguage":"fr-FR","@id":"https:\/\/secure.gravatar.com\/avatar\/769db425c6f465158149f1ffd6cf61ce7a8a879d11dfbef8288af36dfddd418c?s=96&d=mm&r=g","url":"https:\/\/secure.gravatar.com\/avatar\/769db425c6f465158149f1ffd6cf61ce7a8a879d11dfbef8288af36dfddd418c?s=96&d=mm&r=g","contentUrl":"https:\/\/secure.gravatar.com\/avatar\/769db425c6f465158149f1ffd6cf61ce7a8a879d11dfbef8288af36dfddd418c?s=96&d=mm&r=g","caption":"La r\u00e9daction"},"sameAs":["http:\/\/www.lkeria.com\/"],"url":"https:\/\/www.info-algerie.com\/actualites\/author\/chakib32\/"}]}},"_links":{"self":[{"href":"https:\/\/www.info-algerie.com\/actualites\/wp-json\/wp\/v2\/posts\/15127","targetHints":{"allow":["GET"]}}],"collection":[{"href":"https:\/\/www.info-algerie.com\/actualites\/wp-json\/wp\/v2\/posts"}],"about":[{"href":"https:\/\/www.info-algerie.com\/actualites\/wp-json\/wp\/v2\/types\/post"}],"author":[{"embeddable":true,"href":"https:\/\/www.info-algerie.com\/actualites\/wp-json\/wp\/v2\/users\/6"}],"replies":[{"embeddable":true,"href":"https:\/\/www.info-algerie.com\/actualites\/wp-json\/wp\/v2\/comments?post=15127"}],"version-history":[{"count":0,"href":"https:\/\/www.info-algerie.com\/actualites\/wp-json\/wp\/v2\/posts\/15127\/revisions"}],"wp:featuredmedia":[{"embeddable":true,"href":"https:\/\/www.info-algerie.com\/actualites\/wp-json\/wp\/v2\/media\/15128"}],"wp:attachment":[{"href":"https:\/\/www.info-algerie.com\/actualites\/wp-json\/wp\/v2\/media?parent=15127"}],"wp:term":[{"taxonomy":"category","embeddable":true,"href":"https:\/\/www.info-algerie.com\/actualites\/wp-json\/wp\/v2\/categories?post=15127"},{"taxonomy":"post_tag","embeddable":true,"href":"https:\/\/www.info-algerie.com\/actualites\/wp-json\/wp\/v2\/tags?post=15127"}],"curies":[{"name":"wp","href":"https:\/\/api.w.org\/{rel}","templated":true}]}}