{"id":15130,"date":"2017-08-18T16:37:34","date_gmt":"2017-08-18T15:37:34","guid":{"rendered":"http:\/\/www.info-algerie.com\/actualites\/attentat-de-barcelone-le-president-bouteflika-condamne-un-acte-ignoble-et-horrible-et-appelle-a-une-mobilisation-determinee-pour-leradication-du-terrorisme\/"},"modified":"2017-08-18T16:37:34","modified_gmt":"2017-08-18T15:37:34","slug":"attentat-de-barcelone-le-president-bouteflika-condamne-un-acte-ignoble-et-horrible-et-appelle-a-une-mobilisation-determinee-pour-leradication-du-terrorisme","status":"publish","type":"post","link":"https:\/\/www.info-algerie.com\/actualites\/attentat-de-barcelone-le-president-bouteflika-condamne-un-acte-ignoble-et-horrible-et-appelle-a-une-mobilisation-determinee-pour-leradication-du-terrorisme\/","title":{"rendered":"Attentat de Barcelone: le Pr\u00e9sident Bouteflika condamne un &quot;acte ignoble&quot; et &quot;horrible&quot; et appelle \u00e0 une &quot;mobilisation d\u00e9termin\u00e9e&quot; pour l&#039;\u00e9radication du terrorisme"},"content":{"rendered":"<div class=\"K2FeedImage\"><img decoding=\"async\" src=\"https:\/\/www.info-algerie.com\/actualites\/wp-content\/uploads\/2017\/08\/d60076794855b0e86f982b0892d48430_S.jpg\" \/><\/div>\n<div class=\"K2FeedIntroText\">\n<p>ALGER &#8211; Le pr\u00e9sident de la R\u00e9publique, Abdelaziz Bouteflika, a condamn\u00e9 vendredi, dans un message de condol\u00e9ances, adress\u00e9 au pr\u00e9sident du gouvernement espagnol, Mariano Rajoy, l&rsquo;<strong><a href=\"http:\/\/www.aps.dz\/monde\/61848-attentats-de-barcelone-le-bilan-est-passe-a-14-morts\">attentat terroriste \u00ab\u00a0ignoble\u00a0\u00bb et \u00ab\u00a0horrible\u00a0\u00bb perp\u00e9tr\u00e9 jeudi \u00e0 Barcelone, ayant caus\u00e9 la perte de plusieurs vies humaines et des dizaines de bless\u00e9s<\/a><\/strong>, dont des ressortissants alg\u00e9riens, appelant \u00e0 une \u00ab\u00a0mobilisation d\u00e9termin\u00e9e\u00a0\u00bb de la communaut\u00e9 internationale pour l&rsquo;\u00e9radication du terrorisme.<\/p>\n<p>&#013;\n<\/p><\/div>\n<div class=\"K2FeedFullText\">&#013;<\/p>\n<blockquote>\n<hr \/>\n<p>\u00ab\u00a0J&rsquo;ai appris avec indignation l&rsquo;horrible attentat terroriste perp\u00e9tr\u00e9 \u00e0 Barcelone, ayant caus\u00e9 la perte de plusieurs vies humaines et des dizaines de bless\u00e9s dont des <strong><a href=\"http:\/\/www.aps.dz\/algerie\/61850-attentat-de-barcelone-trois-ressortissants-algeriens-parmi-les-blesses-mae\">ressortissants alg\u00e9riens<\/a><\/strong>\u00ab\u00a0, a \u00e9crit le Pr\u00e9sident Bouteflika dans son message, ajoutant que \u00ab\u00a0cet acte ignoble est une n\u00e9gation de la sacralit\u00e9 de la vie humaine et une vaine tentative d&rsquo;atteinte aux valeurs fondamentales de libert\u00e9 et de tol\u00e9rance\u00a0\u00bb.<\/p>\n<p>&#013;<\/p>\n<hr \/>\n<\/blockquote>\n<p>&#013;<\/p>\n<p>\u00ab\u00a0Tout en condamnant ce crime dans les termes les plus s\u00e9v\u00e8res, je vous pr\u00e9sente, Monsieur le Pr\u00e9sident, \u00e0 vous m\u00eame ainsi qu&rsquo;\u00e0 votre peuple et aux familles des victimes, au nom du peuple et du gouvernement alg\u00e9riens et en mon nom personnel, nos sinc\u00e8res condol\u00e9ances\u00a0\u00bb, a soulign\u00e9 le pr\u00e9sident de la R\u00e9publique.<\/p>\n<p>&#013;<\/p>\n<p>\u00ab\u00a0En cette douloureuse circonstances, <strong><a href=\"http:\/\/www.aps.dz\/algerie\/61849-l-algerie-condamne-l-attaque-meurtriere-perpetree-contre-des-innocents-a-barcelone-mae\">l&rsquo;Alg\u00e9rie<\/a><\/strong> assure le Royaume d&rsquo;Espagne ami de sa solidarit\u00e9 contre la barbarie terroriste qui n&rsquo;\u00e9pargne aucune nation ni aucune communaut\u00e9 \u00e0 travers le monde. Elle renouvelle son appel \u00e0 une mobilisation d\u00e9termin\u00e9e de la communaut\u00e9 internationale, sous l&rsquo;\u00e9gide des Nations unies, pour l&rsquo;\u00e9radication du terrorisme et pour le renforcement du dialogue entre les peuples et les civilisations\u00a0\u00bb, a conclu le chef de l&rsquo;Etat.<\/p>\n<\/div>\n<p>&#013;<br \/>\nSource: <a href=\"http:\/\/www.aps.dz\/algerie\/61867-attentat-de-barcelone-le-president-bouteflika-condamne-un-acte-ignoble-et-horrible-et-appelle-a-une-mobilisation-determinee-pour-l-eradication-du-terrorisme\" target=\"_blank\">Attentat de Barcelone: le Pr\u00e9sident Bouteflika condamne un \u00ab\u00a0acte ignoble\u00a0\u00bb et \u00ab\u00a0horrible\u00a0\u00bb et appelle \u00e0 une \u00ab\u00a0mobilisation d\u00e9termin\u00e9e\u00a0\u00bb pour l&rsquo;\u00e9radication du terrorisme<\/a><\/p>\n<!--CusAds0-->\n<div style=\"font-size: 0px; height: 0px; line-height: 0px; margin: 0; padding: 0; clear: both;\"><\/div>","protected":false},"excerpt":{"rendered":"<p>ALGER &#8211; Le pr\u00e9sident de la R\u00e9publique, Abdelaziz Bouteflika, a condamn\u00e9 vendredi, dans un message de condol\u00e9ances, adress\u00e9 au pr\u00e9sident du gouvernement espagnol, Mariano Rajoy, l&rsquo;attentat terroriste \u00ab\u00a0ignoble\u00a0\u00bb et \u00ab\u00a0horrible\u00a0\u00bb perp\u00e9tr\u00e9 jeudi \u00e0 Barcelone, ayant caus\u00e9 la perte de plusieurs vies humaines et des dizaines de bless\u00e9s, dont des ressortissants alg\u00e9riens, appelant \u00e0 une \u00ab\u00a0mobilisation<\/p>\n","protected":false},"author":6,"featured_media":15131,"comment_status":"open","ping_status":"open","sticky":false,"template":"","format":"standard","meta":{"footnotes":""},"categories":[22],"tags":[93],"class_list":["post-15130","post","type-post","status-publish","format-standard","has-post-thumbnail","hentry","category-infos","tag-onu"],"yoast_head":"<!-- This site is optimized with the Yoast SEO plugin v27.5 - https:\/\/yoast.com\/product\/yoast-seo-wordpress\/ -->\n<title>Attentat de Barcelone: le Pr\u00e9sident Bouteflika condamne un &quot;acte ignoble&quot; et &quot;horrible&quot; et appelle \u00e0 une &quot;mobilisation d\u00e9termin\u00e9e&quot; pour l&#039;\u00e9radication du terrorisme - info algerie<\/title>\n<meta name=\"robots\" content=\"index, follow, max-snippet:-1, max-image-preview:large, max-video-preview:-1\" \/>\n<link rel=\"canonical\" href=\"https:\/\/www.info-algerie.com\/actualites\/attentat-de-barcelone-le-president-bouteflika-condamne-un-acte-ignoble-et-horrible-et-appelle-a-une-mobilisation-determinee-pour-leradication-du-terrorisme\/\" \/>\n<meta property=\"og:locale\" content=\"fr_FR\" \/>\n<meta property=\"og:type\" content=\"article\" \/>\n<meta property=\"og:title\" content=\"Attentat de Barcelone: le Pr\u00e9sident Bouteflika condamne un &quot;acte ignoble&quot; et &quot;horrible&quot; et appelle \u00e0 une &quot;mobilisation d\u00e9termin\u00e9e&quot; pour l&#039;\u00e9radication du terrorisme - info algerie\" \/>\n<meta property=\"og:description\" content=\"ALGER &#8211; Le pr\u00e9sident de la R\u00e9publique, Abdelaziz Bouteflika, a condamn\u00e9 vendredi, dans un message de condol\u00e9ances, adress\u00e9 au pr\u00e9sident du gouvernement espagnol, Mariano Rajoy, l&rsquo;attentat terroriste \u00ab\u00a0ignoble\u00a0\u00bb et \u00ab\u00a0horrible\u00a0\u00bb perp\u00e9tr\u00e9 jeudi \u00e0 Barcelone, ayant caus\u00e9 la perte de plusieurs vies humaines et des dizaines de bless\u00e9s, dont des ressortissants alg\u00e9riens, appelant \u00e0 une \u00ab\u00a0mobilisation\" \/>\n<meta property=\"og:url\" content=\"https:\/\/www.info-algerie.com\/actualites\/attentat-de-barcelone-le-president-bouteflika-condamne-un-acte-ignoble-et-horrible-et-appelle-a-une-mobilisation-determinee-pour-leradication-du-terrorisme\/\" \/>\n<meta property=\"og:site_name\" content=\"info algerie\" \/>\n<meta property=\"article:publisher\" content=\"https:\/\/www.facebook.com\/infoalgerieactu\" \/>\n<meta property=\"article:published_time\" content=\"2017-08-18T15:37:34+00:00\" \/>\n<meta property=\"og:image\" content=\"https:\/\/www.info-algerie.com\/actualites\/wp-content\/uploads\/2017\/08\/d60076794855b0e86f982b0892d48430_S-1.jpg\" \/>\n\t<meta property=\"og:image:width\" content=\"280\" \/>\n\t<meta property=\"og:image:height\" content=\"169\" \/>\n\t<meta property=\"og:image:type\" content=\"image\/jpeg\" \/>\n<meta name=\"author\" content=\"La r\u00e9daction\" \/>\n<meta name=\"twitter:label1\" content=\"\u00c9crit par\" \/>\n\t<meta name=\"twitter:data1\" content=\"La r\u00e9daction\" \/>\n\t<meta name=\"twitter:label2\" content=\"Dur\u00e9e de lecture estim\u00e9e\" \/>\n\t<meta name=\"twitter:data2\" content=\"1 minute\" \/>\n<script type=\"application\/ld+json\" class=\"yoast-schema-graph\">{\"@context\":\"https:\\\/\\\/schema.org\",\"@graph\":[{\"@type\":\"Article\",\"@id\":\"https:\\\/\\\/www.info-algerie.com\\\/actualites\\\/attentat-de-barcelone-le-president-bouteflika-condamne-un-acte-ignoble-et-horrible-et-appelle-a-une-mobilisation-determinee-pour-leradication-du-terrorisme\\\/#article\",\"isPartOf\":{\"@id\":\"https:\\\/\\\/www.info-algerie.com\\\/actualites\\\/attentat-de-barcelone-le-president-bouteflika-condamne-un-acte-ignoble-et-horrible-et-appelle-a-une-mobilisation-determinee-pour-leradication-du-terrorisme\\\/\"},\"author\":{\"name\":\"La r\u00e9daction\",\"@id\":\"https:\\\/\\\/www.info-algerie.com\\\/actualites\\\/#\\\/schema\\\/person\\\/847aaec44920825b843a08f30ec6aa1e\"},\"headline\":\"Attentat de Barcelone: le Pr\u00e9sident Bouteflika condamne un &quot;acte ignoble&quot; et &quot;horrible&quot; et appelle \u00e0 une &quot;mobilisation d\u00e9termin\u00e9e&quot; pour l&#039;\u00e9radication du terrorisme\",\"datePublished\":\"2017-08-18T15:37:34+00:00\",\"mainEntityOfPage\":{\"@id\":\"https:\\\/\\\/www.info-algerie.com\\\/actualites\\\/attentat-de-barcelone-le-president-bouteflika-condamne-un-acte-ignoble-et-horrible-et-appelle-a-une-mobilisation-determinee-pour-leradication-du-terrorisme\\\/\"},\"wordCount\":336,\"commentCount\":0,\"publisher\":{\"@id\":\"https:\\\/\\\/www.info-algerie.com\\\/actualites\\\/#organization\"},\"image\":{\"@id\":\"https:\\\/\\\/www.info-algerie.com\\\/actualites\\\/attentat-de-barcelone-le-president-bouteflika-condamne-un-acte-ignoble-et-horrible-et-appelle-a-une-mobilisation-determinee-pour-leradication-du-terrorisme\\\/#primaryimage\"},\"thumbnailUrl\":\"https:\\\/\\\/www.info-algerie.com\\\/actualites\\\/wp-content\\\/uploads\\\/2017\\\/08\\\/d60076794855b0e86f982b0892d48430_S-1.jpg\",\"keywords\":[\"ONU\"],\"articleSection\":[\"infos\"],\"inLanguage\":\"fr-FR\",\"potentialAction\":[{\"@type\":\"CommentAction\",\"name\":\"Comment\",\"target\":[\"https:\\\/\\\/www.info-algerie.com\\\/actualites\\\/attentat-de-barcelone-le-president-bouteflika-condamne-un-acte-ignoble-et-horrible-et-appelle-a-une-mobilisation-determinee-pour-leradication-du-terrorisme\\\/#respond\"]}]},{\"@type\":\"WebPage\",\"@id\":\"https:\\\/\\\/www.info-algerie.com\\\/actualites\\\/attentat-de-barcelone-le-president-bouteflika-condamne-un-acte-ignoble-et-horrible-et-appelle-a-une-mobilisation-determinee-pour-leradication-du-terrorisme\\\/\",\"url\":\"https:\\\/\\\/www.info-algerie.com\\\/actualites\\\/attentat-de-barcelone-le-president-bouteflika-condamne-un-acte-ignoble-et-horrible-et-appelle-a-une-mobilisation-determinee-pour-leradication-du-terrorisme\\\/\",\"name\":\"Attentat de Barcelone: le Pr\u00e9sident Bouteflika condamne un &quot;acte ignoble&quot; et &quot;horrible&quot; et appelle \u00e0 une &quot;mobilisation d\u00e9termin\u00e9e&quot; pour l&#039;\u00e9radication du terrorisme - info algerie\",\"isPartOf\":{\"@id\":\"https:\\\/\\\/www.info-algerie.com\\\/actualites\\\/#website\"},\"primaryImageOfPage\":{\"@id\":\"https:\\\/\\\/www.info-algerie.com\\\/actualites\\\/attentat-de-barcelone-le-president-bouteflika-condamne-un-acte-ignoble-et-horrible-et-appelle-a-une-mobilisation-determinee-pour-leradication-du-terrorisme\\\/#primaryimage\"},\"image\":{\"@id\":\"https:\\\/\\\/www.info-algerie.com\\\/actualites\\\/attentat-de-barcelone-le-president-bouteflika-condamne-un-acte-ignoble-et-horrible-et-appelle-a-une-mobilisation-determinee-pour-leradication-du-terrorisme\\\/#primaryimage\"},\"thumbnailUrl\":\"https:\\\/\\\/www.info-algerie.com\\\/actualites\\\/wp-content\\\/uploads\\\/2017\\\/08\\\/d60076794855b0e86f982b0892d48430_S-1.jpg\",\"datePublished\":\"2017-08-18T15:37:34+00:00\",\"breadcrumb\":{\"@id\":\"https:\\\/\\\/www.info-algerie.com\\\/actualites\\\/attentat-de-barcelone-le-president-bouteflika-condamne-un-acte-ignoble-et-horrible-et-appelle-a-une-mobilisation-determinee-pour-leradication-du-terrorisme\\\/#breadcrumb\"},\"inLanguage\":\"fr-FR\",\"potentialAction\":[{\"@type\":\"ReadAction\",\"target\":[\"https:\\\/\\\/www.info-algerie.com\\\/actualites\\\/attentat-de-barcelone-le-president-bouteflika-condamne-un-acte-ignoble-et-horrible-et-appelle-a-une-mobilisation-determinee-pour-leradication-du-terrorisme\\\/\"]}]},{\"@type\":\"ImageObject\",\"inLanguage\":\"fr-FR\",\"@id\":\"https:\\\/\\\/www.info-algerie.com\\\/actualites\\\/attentat-de-barcelone-le-president-bouteflika-condamne-un-acte-ignoble-et-horrible-et-appelle-a-une-mobilisation-determinee-pour-leradication-du-terrorisme\\\/#primaryimage\",\"url\":\"https:\\\/\\\/www.info-algerie.com\\\/actualites\\\/wp-content\\\/uploads\\\/2017\\\/08\\\/d60076794855b0e86f982b0892d48430_S-1.jpg\",\"contentUrl\":\"https:\\\/\\\/www.info-algerie.com\\\/actualites\\\/wp-content\\\/uploads\\\/2017\\\/08\\\/d60076794855b0e86f982b0892d48430_S-1.jpg\",\"width\":280,\"height\":169},{\"@type\":\"BreadcrumbList\",\"@id\":\"https:\\\/\\\/www.info-algerie.com\\\/actualites\\\/attentat-de-barcelone-le-president-bouteflika-condamne-un-acte-ignoble-et-horrible-et-appelle-a-une-mobilisation-determinee-pour-leradication-du-terrorisme\\\/#breadcrumb\",\"itemListElement\":[{\"@type\":\"ListItem\",\"position\":1,\"name\":\"Accueil\",\"item\":\"https:\\\/\\\/www.info-algerie.com\\\/actualites\\\/\"},{\"@type\":\"ListItem\",\"position\":2,\"name\":\"Attentat de Barcelone: le Pr\u00e9sident Bouteflika condamne un &quot;acte ignoble&quot; et &quot;horrible&quot; et appelle \u00e0 une &quot;mobilisation d\u00e9termin\u00e9e&quot; pour l&#039;\u00e9radication du terrorisme\"}]},{\"@type\":\"WebSite\",\"@id\":\"https:\\\/\\\/www.info-algerie.com\\\/actualites\\\/#website\",\"url\":\"https:\\\/\\\/www.info-algerie.com\\\/actualites\\\/\",\"name\":\"info algerie\",\"description\":\"Toutes les actualit\u00e9s\",\"publisher\":{\"@id\":\"https:\\\/\\\/www.info-algerie.com\\\/actualites\\\/#organization\"},\"potentialAction\":[{\"@type\":\"SearchAction\",\"target\":{\"@type\":\"EntryPoint\",\"urlTemplate\":\"https:\\\/\\\/www.info-algerie.com\\\/actualites\\\/?s={search_term_string}\"},\"query-input\":{\"@type\":\"PropertyValueSpecification\",\"valueRequired\":true,\"valueName\":\"search_term_string\"}}],\"inLanguage\":\"fr-FR\"},{\"@type\":\"Organization\",\"@id\":\"https:\\\/\\\/www.info-algerie.com\\\/actualites\\\/#organization\",\"name\":\"info algerie\",\"url\":\"https:\\\/\\\/www.info-algerie.com\\\/actualites\\\/\",\"logo\":{\"@type\":\"ImageObject\",\"inLanguage\":\"fr-FR\",\"@id\":\"https:\\\/\\\/www.info-algerie.com\\\/actualites\\\/#\\\/schema\\\/logo\\\/image\\\/\",\"url\":\"https:\\\/\\\/www.info-algerie.com\\\/actualites\\\/wp-content\\\/uploads\\\/2022\\\/07\\\/logo-ia-120.png\",\"contentUrl\":\"https:\\\/\\\/www.info-algerie.com\\\/actualites\\\/wp-content\\\/uploads\\\/2022\\\/07\\\/logo-ia-120.png\",\"width\":120,\"height\":43,\"caption\":\"info algerie\"},\"image\":{\"@id\":\"https:\\\/\\\/www.info-algerie.com\\\/actualites\\\/#\\\/schema\\\/logo\\\/image\\\/\"},\"sameAs\":[\"https:\\\/\\\/www.facebook.com\\\/infoalgerieactu\",\"https:\\\/\\\/x.com\\\/infoalgerie1\"]},{\"@type\":\"Person\",\"@id\":\"https:\\\/\\\/www.info-algerie.com\\\/actualites\\\/#\\\/schema\\\/person\\\/847aaec44920825b843a08f30ec6aa1e\",\"name\":\"La r\u00e9daction\",\"image\":{\"@type\":\"ImageObject\",\"inLanguage\":\"fr-FR\",\"@id\":\"https:\\\/\\\/secure.gravatar.com\\\/avatar\\\/769db425c6f465158149f1ffd6cf61ce7a8a879d11dfbef8288af36dfddd418c?s=96&d=mm&r=g\",\"url\":\"https:\\\/\\\/secure.gravatar.com\\\/avatar\\\/769db425c6f465158149f1ffd6cf61ce7a8a879d11dfbef8288af36dfddd418c?s=96&d=mm&r=g\",\"contentUrl\":\"https:\\\/\\\/secure.gravatar.com\\\/avatar\\\/769db425c6f465158149f1ffd6cf61ce7a8a879d11dfbef8288af36dfddd418c?s=96&d=mm&r=g\",\"caption\":\"La r\u00e9daction\"},\"sameAs\":[\"http:\\\/\\\/www.lkeria.com\\\/\"],\"url\":\"https:\\\/\\\/www.info-algerie.com\\\/actualites\\\/author\\\/chakib32\\\/\"}]}<\/script>\n<!-- \/ Yoast SEO plugin. -->","yoast_head_json":{"title":"Attentat de Barcelone: le Pr\u00e9sident Bouteflika condamne un &quot;acte ignoble&quot; et &quot;horrible&quot; et appelle \u00e0 une &quot;mobilisation d\u00e9termin\u00e9e&quot; pour l&#039;\u00e9radication du terrorisme - info algerie","robots":{"index":"index","follow":"follow","max-snippet":"max-snippet:-1","max-image-preview":"max-image-preview:large","max-video-preview":"max-video-preview:-1"},"canonical":"https:\/\/www.info-algerie.com\/actualites\/attentat-de-barcelone-le-president-bouteflika-condamne-un-acte-ignoble-et-horrible-et-appelle-a-une-mobilisation-determinee-pour-leradication-du-terrorisme\/","og_locale":"fr_FR","og_type":"article","og_title":"Attentat de Barcelone: le Pr\u00e9sident Bouteflika condamne un &quot;acte ignoble&quot; et &quot;horrible&quot; et appelle \u00e0 une &quot;mobilisation d\u00e9termin\u00e9e&quot; pour l&#039;\u00e9radication du terrorisme - info algerie","og_description":"ALGER &#8211; Le pr\u00e9sident de la R\u00e9publique, Abdelaziz Bouteflika, a condamn\u00e9 vendredi, dans un message de condol\u00e9ances, adress\u00e9 au pr\u00e9sident du gouvernement espagnol, Mariano Rajoy, l&rsquo;attentat terroriste \u00ab\u00a0ignoble\u00a0\u00bb et \u00ab\u00a0horrible\u00a0\u00bb perp\u00e9tr\u00e9 jeudi \u00e0 Barcelone, ayant caus\u00e9 la perte de plusieurs vies humaines et des dizaines de bless\u00e9s, dont des ressortissants alg\u00e9riens, appelant \u00e0 une \u00ab\u00a0mobilisation","og_url":"https:\/\/www.info-algerie.com\/actualites\/attentat-de-barcelone-le-president-bouteflika-condamne-un-acte-ignoble-et-horrible-et-appelle-a-une-mobilisation-determinee-pour-leradication-du-terrorisme\/","og_site_name":"info algerie","article_publisher":"https:\/\/www.facebook.com\/infoalgerieactu","article_published_time":"2017-08-18T15:37:34+00:00","og_image":[{"width":280,"height":169,"url":"https:\/\/www.info-algerie.com\/actualites\/wp-content\/uploads\/2017\/08\/d60076794855b0e86f982b0892d48430_S-1.jpg","type":"image\/jpeg"}],"author":"La r\u00e9daction","twitter_misc":{"\u00c9crit par":"La r\u00e9daction","Dur\u00e9e de lecture estim\u00e9e":"1 minute"},"schema":{"@context":"https:\/\/schema.org","@graph":[{"@type":"Article","@id":"https:\/\/www.info-algerie.com\/actualites\/attentat-de-barcelone-le-president-bouteflika-condamne-un-acte-ignoble-et-horrible-et-appelle-a-une-mobilisation-determinee-pour-leradication-du-terrorisme\/#article","isPartOf":{"@id":"https:\/\/www.info-algerie.com\/actualites\/attentat-de-barcelone-le-president-bouteflika-condamne-un-acte-ignoble-et-horrible-et-appelle-a-une-mobilisation-determinee-pour-leradication-du-terrorisme\/"},"author":{"name":"La r\u00e9daction","@id":"https:\/\/www.info-algerie.com\/actualites\/#\/schema\/person\/847aaec44920825b843a08f30ec6aa1e"},"headline":"Attentat de Barcelone: le Pr\u00e9sident Bouteflika condamne un &quot;acte ignoble&quot; et &quot;horrible&quot; et appelle \u00e0 une &quot;mobilisation d\u00e9termin\u00e9e&quot; pour l&#039;\u00e9radication du terrorisme","datePublished":"2017-08-18T15:37:34+00:00","mainEntityOfPage":{"@id":"https:\/\/www.info-algerie.com\/actualites\/attentat-de-barcelone-le-president-bouteflika-condamne-un-acte-ignoble-et-horrible-et-appelle-a-une-mobilisation-determinee-pour-leradication-du-terrorisme\/"},"wordCount":336,"commentCount":0,"publisher":{"@id":"https:\/\/www.info-algerie.com\/actualites\/#organization"},"image":{"@id":"https:\/\/www.info-algerie.com\/actualites\/attentat-de-barcelone-le-president-bouteflika-condamne-un-acte-ignoble-et-horrible-et-appelle-a-une-mobilisation-determinee-pour-leradication-du-terrorisme\/#primaryimage"},"thumbnailUrl":"https:\/\/www.info-algerie.com\/actualites\/wp-content\/uploads\/2017\/08\/d60076794855b0e86f982b0892d48430_S-1.jpg","keywords":["ONU"],"articleSection":["infos"],"inLanguage":"fr-FR","potentialAction":[{"@type":"CommentAction","name":"Comment","target":["https:\/\/www.info-algerie.com\/actualites\/attentat-de-barcelone-le-president-bouteflika-condamne-un-acte-ignoble-et-horrible-et-appelle-a-une-mobilisation-determinee-pour-leradication-du-terrorisme\/#respond"]}]},{"@type":"WebPage","@id":"https:\/\/www.info-algerie.com\/actualites\/attentat-de-barcelone-le-president-bouteflika-condamne-un-acte-ignoble-et-horrible-et-appelle-a-une-mobilisation-determinee-pour-leradication-du-terrorisme\/","url":"https:\/\/www.info-algerie.com\/actualites\/attentat-de-barcelone-le-president-bouteflika-condamne-un-acte-ignoble-et-horrible-et-appelle-a-une-mobilisation-determinee-pour-leradication-du-terrorisme\/","name":"Attentat de Barcelone: le Pr\u00e9sident Bouteflika condamne un &quot;acte ignoble&quot; et &quot;horrible&quot; et appelle \u00e0 une &quot;mobilisation d\u00e9termin\u00e9e&quot; pour l&#039;\u00e9radication du terrorisme - info algerie","isPartOf":{"@id":"https:\/\/www.info-algerie.com\/actualites\/#website"},"primaryImageOfPage":{"@id":"https:\/\/www.info-algerie.com\/actualites\/attentat-de-barcelone-le-president-bouteflika-condamne-un-acte-ignoble-et-horrible-et-appelle-a-une-mobilisation-determinee-pour-leradication-du-terrorisme\/#primaryimage"},"image":{"@id":"https:\/\/www.info-algerie.com\/actualites\/attentat-de-barcelone-le-president-bouteflika-condamne-un-acte-ignoble-et-horrible-et-appelle-a-une-mobilisation-determinee-pour-leradication-du-terrorisme\/#primaryimage"},"thumbnailUrl":"https:\/\/www.info-algerie.com\/actualites\/wp-content\/uploads\/2017\/08\/d60076794855b0e86f982b0892d48430_S-1.jpg","datePublished":"2017-08-18T15:37:34+00:00","breadcrumb":{"@id":"https:\/\/www.info-algerie.com\/actualites\/attentat-de-barcelone-le-president-bouteflika-condamne-un-acte-ignoble-et-horrible-et-appelle-a-une-mobilisation-determinee-pour-leradication-du-terrorisme\/#breadcrumb"},"inLanguage":"fr-FR","potentialAction":[{"@type":"ReadAction","target":["https:\/\/www.info-algerie.com\/actualites\/attentat-de-barcelone-le-president-bouteflika-condamne-un-acte-ignoble-et-horrible-et-appelle-a-une-mobilisation-determinee-pour-leradication-du-terrorisme\/"]}]},{"@type":"ImageObject","inLanguage":"fr-FR","@id":"https:\/\/www.info-algerie.com\/actualites\/attentat-de-barcelone-le-president-bouteflika-condamne-un-acte-ignoble-et-horrible-et-appelle-a-une-mobilisation-determinee-pour-leradication-du-terrorisme\/#primaryimage","url":"https:\/\/www.info-algerie.com\/actualites\/wp-content\/uploads\/2017\/08\/d60076794855b0e86f982b0892d48430_S-1.jpg","contentUrl":"https:\/\/www.info-algerie.com\/actualites\/wp-content\/uploads\/2017\/08\/d60076794855b0e86f982b0892d48430_S-1.jpg","width":280,"height":169},{"@type":"BreadcrumbList","@id":"https:\/\/www.info-algerie.com\/actualites\/attentat-de-barcelone-le-president-bouteflika-condamne-un-acte-ignoble-et-horrible-et-appelle-a-une-mobilisation-determinee-pour-leradication-du-terrorisme\/#breadcrumb","itemListElement":[{"@type":"ListItem","position":1,"name":"Accueil","item":"https:\/\/www.info-algerie.com\/actualites\/"},{"@type":"ListItem","position":2,"name":"Attentat de Barcelone: le Pr\u00e9sident Bouteflika condamne un &quot;acte ignoble&quot; et &quot;horrible&quot; et appelle \u00e0 une &quot;mobilisation d\u00e9termin\u00e9e&quot; pour l&#039;\u00e9radication du terrorisme"}]},{"@type":"WebSite","@id":"https:\/\/www.info-algerie.com\/actualites\/#website","url":"https:\/\/www.info-algerie.com\/actualites\/","name":"info algerie","description":"Toutes les actualit\u00e9s","publisher":{"@id":"https:\/\/www.info-algerie.com\/actualites\/#organization"},"potentialAction":[{"@type":"SearchAction","target":{"@type":"EntryPoint","urlTemplate":"https:\/\/www.info-algerie.com\/actualites\/?s={search_term_string}"},"query-input":{"@type":"PropertyValueSpecification","valueRequired":true,"valueName":"search_term_string"}}],"inLanguage":"fr-FR"},{"@type":"Organization","@id":"https:\/\/www.info-algerie.com\/actualites\/#organization","name":"info algerie","url":"https:\/\/www.info-algerie.com\/actualites\/","logo":{"@type":"ImageObject","inLanguage":"fr-FR","@id":"https:\/\/www.info-algerie.com\/actualites\/#\/schema\/logo\/image\/","url":"https:\/\/www.info-algerie.com\/actualites\/wp-content\/uploads\/2022\/07\/logo-ia-120.png","contentUrl":"https:\/\/www.info-algerie.com\/actualites\/wp-content\/uploads\/2022\/07\/logo-ia-120.png","width":120,"height":43,"caption":"info algerie"},"image":{"@id":"https:\/\/www.info-algerie.com\/actualites\/#\/schema\/logo\/image\/"},"sameAs":["https:\/\/www.facebook.com\/infoalgerieactu","https:\/\/x.com\/infoalgerie1"]},{"@type":"Person","@id":"https:\/\/www.info-algerie.com\/actualites\/#\/schema\/person\/847aaec44920825b843a08f30ec6aa1e","name":"La r\u00e9daction","image":{"@type":"ImageObject","inLanguage":"fr-FR","@id":"https:\/\/secure.gravatar.com\/avatar\/769db425c6f465158149f1ffd6cf61ce7a8a879d11dfbef8288af36dfddd418c?s=96&d=mm&r=g","url":"https:\/\/secure.gravatar.com\/avatar\/769db425c6f465158149f1ffd6cf61ce7a8a879d11dfbef8288af36dfddd418c?s=96&d=mm&r=g","contentUrl":"https:\/\/secure.gravatar.com\/avatar\/769db425c6f465158149f1ffd6cf61ce7a8a879d11dfbef8288af36dfddd418c?s=96&d=mm&r=g","caption":"La r\u00e9daction"},"sameAs":["http:\/\/www.lkeria.com\/"],"url":"https:\/\/www.info-algerie.com\/actualites\/author\/chakib32\/"}]}},"_links":{"self":[{"href":"https:\/\/www.info-algerie.com\/actualites\/wp-json\/wp\/v2\/posts\/15130","targetHints":{"allow":["GET"]}}],"collection":[{"href":"https:\/\/www.info-algerie.com\/actualites\/wp-json\/wp\/v2\/posts"}],"about":[{"href":"https:\/\/www.info-algerie.com\/actualites\/wp-json\/wp\/v2\/types\/post"}],"author":[{"embeddable":true,"href":"https:\/\/www.info-algerie.com\/actualites\/wp-json\/wp\/v2\/users\/6"}],"replies":[{"embeddable":true,"href":"https:\/\/www.info-algerie.com\/actualites\/wp-json\/wp\/v2\/comments?post=15130"}],"version-history":[{"count":0,"href":"https:\/\/www.info-algerie.com\/actualites\/wp-json\/wp\/v2\/posts\/15130\/revisions"}],"wp:featuredmedia":[{"embeddable":true,"href":"https:\/\/www.info-algerie.com\/actualites\/wp-json\/wp\/v2\/media\/15131"}],"wp:attachment":[{"href":"https:\/\/www.info-algerie.com\/actualites\/wp-json\/wp\/v2\/media?parent=15130"}],"wp:term":[{"taxonomy":"category","embeddable":true,"href":"https:\/\/www.info-algerie.com\/actualites\/wp-json\/wp\/v2\/categories?post=15130"},{"taxonomy":"post_tag","embeddable":true,"href":"https:\/\/www.info-algerie.com\/actualites\/wp-json\/wp\/v2\/tags?post=15130"}],"curies":[{"name":"wp","href":"https:\/\/api.w.org\/{rel}","templated":true}]}}