{"id":15136,"date":"2017-08-18T17:31:47","date_gmt":"2017-08-18T16:31:47","guid":{"rendered":"http:\/\/www.info-algerie.com\/actualites\/belaid-appelle-a-un-dialogue-politique-national-franc-et-sincere\/"},"modified":"2017-08-18T17:31:47","modified_gmt":"2017-08-18T16:31:47","slug":"belaid-appelle-a-un-dialogue-politique-national-franc-et-sincere","status":"publish","type":"post","link":"https:\/\/www.info-algerie.com\/actualites\/belaid-appelle-a-un-dialogue-politique-national-franc-et-sincere\/","title":{"rendered":"Belaid appelle \u00e0 un dialogue politique national &quot;franc&quot; et &quot;sinc\u00e8re&quot;"},"content":{"rendered":"<div class=\"K2FeedIntroText\">\n<p>ALGER &#8211; Le pr\u00e9sident du Front El-Moustakbal, Abdelaziz Belaid, a appel\u00e9 vendredi \u00e0 Alger \u00e0 l&rsquo;ouverture d&rsquo;un dialogue politique national \u00ab\u00a0franc\u00a0\u00bb et \u00ab\u00a0sinc\u00e8re\u00a0\u00bb entre toute les composantes de la classe politique \u00ab\u00a0en vue de trouver des solutions s\u00e9rieuses \u00e0 la crise dont souffre le pays\u00a0\u00bb.<\/p>\n<p>&#013;\n<\/p><\/div>\n<div class=\"K2FeedFullText\">&#013;<\/p>\n<p>\u00ab\u00a0Notre parti milite pour faire du dialogue franc et sinc\u00e8re et sans pr\u00e9jug\u00e9s, le principe de l&rsquo;action politique et un moyen moderne d&rsquo;\u00e9change entre tous les acteurs de la sc\u00e8ne politique\u00a0\u00bb, a indiqu\u00e9 M. Belaid, dans une allocution prononc\u00e9e lors de l&rsquo;ouverture de la cinqui\u00e8me \u00e9dition de l&rsquo;universit\u00e9 d&rsquo;\u00e9t\u00e9 de son parti sous le slogan \u00ab\u00a0Gouvernance et\u00a0 d\u00e9veloppement durable&#8230; enjeux de l&rsquo;avenir\u00a0\u00bb, appelant \u00ab\u00a0le pouvoir et l&rsquo;opposition \u00e0 privil\u00e9gier la concertation dans l&rsquo;exercice politique\u00a0\u00bb.<\/p>\n<p>&#013;<\/p>\n<p>Il a ajout\u00e9 dans ce sens que le choix du slogan de l&rsquo;universit\u00e9 d&rsquo;\u00e9t\u00e9 \u00ab\u00a0est en rapport avec le paysage politique et \u00e9conomique du pays\u00a0\u00bb soulignant son parti soucieux de trouver des solutions r\u00e9elles pour sortir de cette crise et contribuer \u00e0 la promotion de l&rsquo;\u00e9conomie, mise sur la valorisation de l&rsquo;\u00e9l\u00e9ment humain et la cons\u00e9cration des valeurs de la d\u00e9mocratie notamment participative et des droits de l&rsquo;Homme.<\/p>\n<p>&#013;<\/p>\n<p>M. Belaid a indiqu\u00e9 \u00e0 cet \u00e9gard que \u00ab\u00a0les r\u00e9formes constituent une condition sine qua non pour l&rsquo;\u00e9mergence d&rsquo;une soci\u00e9t\u00e9 civile consciente des enjeux actuels et capable d&rsquo;une conception visionnaire tout en soutenant les objectifs de d\u00e9veloppement\u00a0\u00bb.<\/p>\n<p>&#013;<\/p>\n<p>\u00ab\u00a0La gouvernance ne se limite pas \u00e0 un discours politique ou \u00e0 des rencontres nationales et internationales, elle repose sur les enseignements tir\u00e9s \u00e0 partir d&rsquo;exp\u00e9riences et d\u2019\u00a0\u00bberreurs du pass\u00e9 et sur un nouveau d\u00e9part fond\u00e9 sur la coop\u00e9ration entre toutes les forces vives de la soci\u00e9t\u00e9\u00a0\u00bb, a soulign\u00e9 M. Belaid.<\/p>\n<p>&#013;<\/p>\n<p>Evoquant le changement survenu \u00e0 la t\u00eate du Gouvernement, M. Belaid a estim\u00e9 que ce dernier \u00ab\u00a0est une suite logique de la crise politique et \u00e9conomique qui affecte le pays depuis des ann\u00e9es\u00a0\u00bb, tout en d\u00e9plorant \u00ab\u00a0l&rsquo;absence d&rsquo;une vison objective et pragmatique capable de faire sortir le pays de la crise actuelle\u00a0\u00bb.<\/p>\n<p>&#013;<\/p>\n<p class=\"MsoNormal\">S&rsquo;agissant des prochaines \u00e9lections locales, M. Belaid a affirm\u00e9 que le prochain rendez-vous \u00e9lectoral \u00ab\u00a0exige de tout un chacun d&rsquo;intensifier l&rsquo;action de sensibilisation en expliquant notre vision politique aux citoyens ainsi que les dimensions politiques, \u00e9conomiques et culturelles du parti\u00a0\u00bb.<\/p>\n<\/div>\n<p>&#013;<br \/>\nSource: <a href=\"http:\/\/www.aps.dz\/algerie\/61870-belaid-appelle-a-un-dialogue-politique-national-franc-et-sincere\" target=\"_blank\">Belaid appelle \u00e0 un dialogue politique national \u00ab\u00a0franc\u00a0\u00bb et \u00ab\u00a0sinc\u00e8re\u00a0\u00bb<\/a><\/p>\n<!--CusAds0-->\n<div style=\"font-size: 0px; height: 0px; line-height: 0px; margin: 0; padding: 0; clear: both;\"><\/div>","protected":false},"excerpt":{"rendered":"<p>ALGER &#8211; Le pr\u00e9sident du Front El-Moustakbal, Abdelaziz Belaid, a appel\u00e9 vendredi \u00e0 Alger \u00e0 l&rsquo;ouverture d&rsquo;un dialogue politique national \u00ab\u00a0franc\u00a0\u00bb et \u00ab\u00a0sinc\u00e8re\u00a0\u00bb entre toute les composantes de la classe politique \u00ab\u00a0en vue de trouver des solutions s\u00e9rieuses \u00e0 la crise dont souffre le pays\u00a0\u00bb. &#013; &#013; \u00ab\u00a0Notre parti milite pour faire du dialogue franc<\/p>\n","protected":false},"author":6,"featured_media":0,"comment_status":"open","ping_status":"open","sticky":false,"template":"","format":"standard","meta":{"footnotes":""},"categories":[22],"tags":[93],"class_list":["post-15136","post","type-post","status-publish","format-standard","hentry","category-infos","tag-onu"],"yoast_head":"<!-- This site is optimized with the Yoast SEO plugin v27.5 - https:\/\/yoast.com\/product\/yoast-seo-wordpress\/ -->\n<title>Belaid appelle \u00e0 un dialogue politique national &quot;franc&quot; et &quot;sinc\u00e8re&quot; - info algerie<\/title>\n<meta name=\"robots\" content=\"index, follow, max-snippet:-1, max-image-preview:large, max-video-preview:-1\" \/>\n<link rel=\"canonical\" href=\"https:\/\/www.info-algerie.com\/actualites\/belaid-appelle-a-un-dialogue-politique-national-franc-et-sincere\/\" \/>\n<meta property=\"og:locale\" content=\"fr_FR\" \/>\n<meta property=\"og:type\" content=\"article\" \/>\n<meta property=\"og:title\" content=\"Belaid appelle \u00e0 un dialogue politique national &quot;franc&quot; et &quot;sinc\u00e8re&quot; - info algerie\" \/>\n<meta property=\"og:description\" content=\"ALGER &#8211; Le pr\u00e9sident du Front El-Moustakbal, Abdelaziz Belaid, a appel\u00e9 vendredi \u00e0 Alger \u00e0 l&rsquo;ouverture d&rsquo;un dialogue politique national \u00ab\u00a0franc\u00a0\u00bb et \u00ab\u00a0sinc\u00e8re\u00a0\u00bb entre toute les composantes de la classe politique \u00ab\u00a0en vue de trouver des solutions s\u00e9rieuses \u00e0 la crise dont souffre le pays\u00a0\u00bb. &#013; &#013; \u00ab\u00a0Notre parti milite pour faire du dialogue franc\" \/>\n<meta property=\"og:url\" content=\"https:\/\/www.info-algerie.com\/actualites\/belaid-appelle-a-un-dialogue-politique-national-franc-et-sincere\/\" \/>\n<meta property=\"og:site_name\" content=\"info algerie\" \/>\n<meta property=\"article:publisher\" content=\"https:\/\/www.facebook.com\/infoalgerieactu\" \/>\n<meta property=\"article:published_time\" content=\"2017-08-18T16:31:47+00:00\" \/>\n<meta name=\"author\" content=\"La r\u00e9daction\" \/>\n<meta name=\"twitter:label1\" content=\"\u00c9crit par\" \/>\n\t<meta name=\"twitter:data1\" content=\"La r\u00e9daction\" \/>\n\t<meta name=\"twitter:label2\" content=\"Dur\u00e9e de lecture estim\u00e9e\" \/>\n\t<meta name=\"twitter:data2\" content=\"2 minutes\" \/>\n<script type=\"application\/ld+json\" class=\"yoast-schema-graph\">{\"@context\":\"https:\\\/\\\/schema.org\",\"@graph\":[{\"@type\":\"Article\",\"@id\":\"https:\\\/\\\/www.info-algerie.com\\\/actualites\\\/belaid-appelle-a-un-dialogue-politique-national-franc-et-sincere\\\/#article\",\"isPartOf\":{\"@id\":\"https:\\\/\\\/www.info-algerie.com\\\/actualites\\\/belaid-appelle-a-un-dialogue-politique-national-franc-et-sincere\\\/\"},\"author\":{\"name\":\"La r\u00e9daction\",\"@id\":\"https:\\\/\\\/www.info-algerie.com\\\/actualites\\\/#\\\/schema\\\/person\\\/847aaec44920825b843a08f30ec6aa1e\"},\"headline\":\"Belaid appelle \u00e0 un dialogue politique national &quot;franc&quot; et &quot;sinc\u00e8re&quot;\",\"datePublished\":\"2017-08-18T16:31:47+00:00\",\"mainEntityOfPage\":{\"@id\":\"https:\\\/\\\/www.info-algerie.com\\\/actualites\\\/belaid-appelle-a-un-dialogue-politique-national-franc-et-sincere\\\/\"},\"wordCount\":433,\"commentCount\":0,\"publisher\":{\"@id\":\"https:\\\/\\\/www.info-algerie.com\\\/actualites\\\/#organization\"},\"keywords\":[\"ONU\"],\"articleSection\":[\"infos\"],\"inLanguage\":\"fr-FR\",\"potentialAction\":[{\"@type\":\"CommentAction\",\"name\":\"Comment\",\"target\":[\"https:\\\/\\\/www.info-algerie.com\\\/actualites\\\/belaid-appelle-a-un-dialogue-politique-national-franc-et-sincere\\\/#respond\"]}]},{\"@type\":\"WebPage\",\"@id\":\"https:\\\/\\\/www.info-algerie.com\\\/actualites\\\/belaid-appelle-a-un-dialogue-politique-national-franc-et-sincere\\\/\",\"url\":\"https:\\\/\\\/www.info-algerie.com\\\/actualites\\\/belaid-appelle-a-un-dialogue-politique-national-franc-et-sincere\\\/\",\"name\":\"Belaid appelle \u00e0 un dialogue politique national &quot;franc&quot; et &quot;sinc\u00e8re&quot; - info algerie\",\"isPartOf\":{\"@id\":\"https:\\\/\\\/www.info-algerie.com\\\/actualites\\\/#website\"},\"datePublished\":\"2017-08-18T16:31:47+00:00\",\"breadcrumb\":{\"@id\":\"https:\\\/\\\/www.info-algerie.com\\\/actualites\\\/belaid-appelle-a-un-dialogue-politique-national-franc-et-sincere\\\/#breadcrumb\"},\"inLanguage\":\"fr-FR\",\"potentialAction\":[{\"@type\":\"ReadAction\",\"target\":[\"https:\\\/\\\/www.info-algerie.com\\\/actualites\\\/belaid-appelle-a-un-dialogue-politique-national-franc-et-sincere\\\/\"]}]},{\"@type\":\"BreadcrumbList\",\"@id\":\"https:\\\/\\\/www.info-algerie.com\\\/actualites\\\/belaid-appelle-a-un-dialogue-politique-national-franc-et-sincere\\\/#breadcrumb\",\"itemListElement\":[{\"@type\":\"ListItem\",\"position\":1,\"name\":\"Accueil\",\"item\":\"https:\\\/\\\/www.info-algerie.com\\\/actualites\\\/\"},{\"@type\":\"ListItem\",\"position\":2,\"name\":\"Belaid appelle \u00e0 un dialogue politique national &quot;franc&quot; et &quot;sinc\u00e8re&quot;\"}]},{\"@type\":\"WebSite\",\"@id\":\"https:\\\/\\\/www.info-algerie.com\\\/actualites\\\/#website\",\"url\":\"https:\\\/\\\/www.info-algerie.com\\\/actualites\\\/\",\"name\":\"info algerie\",\"description\":\"Toutes les actualit\u00e9s\",\"publisher\":{\"@id\":\"https:\\\/\\\/www.info-algerie.com\\\/actualites\\\/#organization\"},\"potentialAction\":[{\"@type\":\"SearchAction\",\"target\":{\"@type\":\"EntryPoint\",\"urlTemplate\":\"https:\\\/\\\/www.info-algerie.com\\\/actualites\\\/?s={search_term_string}\"},\"query-input\":{\"@type\":\"PropertyValueSpecification\",\"valueRequired\":true,\"valueName\":\"search_term_string\"}}],\"inLanguage\":\"fr-FR\"},{\"@type\":\"Organization\",\"@id\":\"https:\\\/\\\/www.info-algerie.com\\\/actualites\\\/#organization\",\"name\":\"info algerie\",\"url\":\"https:\\\/\\\/www.info-algerie.com\\\/actualites\\\/\",\"logo\":{\"@type\":\"ImageObject\",\"inLanguage\":\"fr-FR\",\"@id\":\"https:\\\/\\\/www.info-algerie.com\\\/actualites\\\/#\\\/schema\\\/logo\\\/image\\\/\",\"url\":\"https:\\\/\\\/www.info-algerie.com\\\/actualites\\\/wp-content\\\/uploads\\\/2022\\\/07\\\/logo-ia-120.png\",\"contentUrl\":\"https:\\\/\\\/www.info-algerie.com\\\/actualites\\\/wp-content\\\/uploads\\\/2022\\\/07\\\/logo-ia-120.png\",\"width\":120,\"height\":43,\"caption\":\"info algerie\"},\"image\":{\"@id\":\"https:\\\/\\\/www.info-algerie.com\\\/actualites\\\/#\\\/schema\\\/logo\\\/image\\\/\"},\"sameAs\":[\"https:\\\/\\\/www.facebook.com\\\/infoalgerieactu\",\"https:\\\/\\\/x.com\\\/infoalgerie1\"]},{\"@type\":\"Person\",\"@id\":\"https:\\\/\\\/www.info-algerie.com\\\/actualites\\\/#\\\/schema\\\/person\\\/847aaec44920825b843a08f30ec6aa1e\",\"name\":\"La r\u00e9daction\",\"image\":{\"@type\":\"ImageObject\",\"inLanguage\":\"fr-FR\",\"@id\":\"https:\\\/\\\/secure.gravatar.com\\\/avatar\\\/769db425c6f465158149f1ffd6cf61ce7a8a879d11dfbef8288af36dfddd418c?s=96&d=mm&r=g\",\"url\":\"https:\\\/\\\/secure.gravatar.com\\\/avatar\\\/769db425c6f465158149f1ffd6cf61ce7a8a879d11dfbef8288af36dfddd418c?s=96&d=mm&r=g\",\"contentUrl\":\"https:\\\/\\\/secure.gravatar.com\\\/avatar\\\/769db425c6f465158149f1ffd6cf61ce7a8a879d11dfbef8288af36dfddd418c?s=96&d=mm&r=g\",\"caption\":\"La r\u00e9daction\"},\"sameAs\":[\"http:\\\/\\\/www.lkeria.com\\\/\"],\"url\":\"https:\\\/\\\/www.info-algerie.com\\\/actualites\\\/author\\\/chakib32\\\/\"}]}<\/script>\n<!-- \/ Yoast SEO plugin. -->","yoast_head_json":{"title":"Belaid appelle \u00e0 un dialogue politique national &quot;franc&quot; et &quot;sinc\u00e8re&quot; - info algerie","robots":{"index":"index","follow":"follow","max-snippet":"max-snippet:-1","max-image-preview":"max-image-preview:large","max-video-preview":"max-video-preview:-1"},"canonical":"https:\/\/www.info-algerie.com\/actualites\/belaid-appelle-a-un-dialogue-politique-national-franc-et-sincere\/","og_locale":"fr_FR","og_type":"article","og_title":"Belaid appelle \u00e0 un dialogue politique national &quot;franc&quot; et &quot;sinc\u00e8re&quot; - info algerie","og_description":"ALGER &#8211; Le pr\u00e9sident du Front El-Moustakbal, Abdelaziz Belaid, a appel\u00e9 vendredi \u00e0 Alger \u00e0 l&rsquo;ouverture d&rsquo;un dialogue politique national \u00ab\u00a0franc\u00a0\u00bb et \u00ab\u00a0sinc\u00e8re\u00a0\u00bb entre toute les composantes de la classe politique \u00ab\u00a0en vue de trouver des solutions s\u00e9rieuses \u00e0 la crise dont souffre le pays\u00a0\u00bb. &#013; &#013; \u00ab\u00a0Notre parti milite pour faire du dialogue franc","og_url":"https:\/\/www.info-algerie.com\/actualites\/belaid-appelle-a-un-dialogue-politique-national-franc-et-sincere\/","og_site_name":"info algerie","article_publisher":"https:\/\/www.facebook.com\/infoalgerieactu","article_published_time":"2017-08-18T16:31:47+00:00","author":"La r\u00e9daction","twitter_misc":{"\u00c9crit par":"La r\u00e9daction","Dur\u00e9e de lecture estim\u00e9e":"2 minutes"},"schema":{"@context":"https:\/\/schema.org","@graph":[{"@type":"Article","@id":"https:\/\/www.info-algerie.com\/actualites\/belaid-appelle-a-un-dialogue-politique-national-franc-et-sincere\/#article","isPartOf":{"@id":"https:\/\/www.info-algerie.com\/actualites\/belaid-appelle-a-un-dialogue-politique-national-franc-et-sincere\/"},"author":{"name":"La r\u00e9daction","@id":"https:\/\/www.info-algerie.com\/actualites\/#\/schema\/person\/847aaec44920825b843a08f30ec6aa1e"},"headline":"Belaid appelle \u00e0 un dialogue politique national &quot;franc&quot; et &quot;sinc\u00e8re&quot;","datePublished":"2017-08-18T16:31:47+00:00","mainEntityOfPage":{"@id":"https:\/\/www.info-algerie.com\/actualites\/belaid-appelle-a-un-dialogue-politique-national-franc-et-sincere\/"},"wordCount":433,"commentCount":0,"publisher":{"@id":"https:\/\/www.info-algerie.com\/actualites\/#organization"},"keywords":["ONU"],"articleSection":["infos"],"inLanguage":"fr-FR","potentialAction":[{"@type":"CommentAction","name":"Comment","target":["https:\/\/www.info-algerie.com\/actualites\/belaid-appelle-a-un-dialogue-politique-national-franc-et-sincere\/#respond"]}]},{"@type":"WebPage","@id":"https:\/\/www.info-algerie.com\/actualites\/belaid-appelle-a-un-dialogue-politique-national-franc-et-sincere\/","url":"https:\/\/www.info-algerie.com\/actualites\/belaid-appelle-a-un-dialogue-politique-national-franc-et-sincere\/","name":"Belaid appelle \u00e0 un dialogue politique national &quot;franc&quot; et &quot;sinc\u00e8re&quot; - info algerie","isPartOf":{"@id":"https:\/\/www.info-algerie.com\/actualites\/#website"},"datePublished":"2017-08-18T16:31:47+00:00","breadcrumb":{"@id":"https:\/\/www.info-algerie.com\/actualites\/belaid-appelle-a-un-dialogue-politique-national-franc-et-sincere\/#breadcrumb"},"inLanguage":"fr-FR","potentialAction":[{"@type":"ReadAction","target":["https:\/\/www.info-algerie.com\/actualites\/belaid-appelle-a-un-dialogue-politique-national-franc-et-sincere\/"]}]},{"@type":"BreadcrumbList","@id":"https:\/\/www.info-algerie.com\/actualites\/belaid-appelle-a-un-dialogue-politique-national-franc-et-sincere\/#breadcrumb","itemListElement":[{"@type":"ListItem","position":1,"name":"Accueil","item":"https:\/\/www.info-algerie.com\/actualites\/"},{"@type":"ListItem","position":2,"name":"Belaid appelle \u00e0 un dialogue politique national &quot;franc&quot; et &quot;sinc\u00e8re&quot;"}]},{"@type":"WebSite","@id":"https:\/\/www.info-algerie.com\/actualites\/#website","url":"https:\/\/www.info-algerie.com\/actualites\/","name":"info algerie","description":"Toutes les actualit\u00e9s","publisher":{"@id":"https:\/\/www.info-algerie.com\/actualites\/#organization"},"potentialAction":[{"@type":"SearchAction","target":{"@type":"EntryPoint","urlTemplate":"https:\/\/www.info-algerie.com\/actualites\/?s={search_term_string}"},"query-input":{"@type":"PropertyValueSpecification","valueRequired":true,"valueName":"search_term_string"}}],"inLanguage":"fr-FR"},{"@type":"Organization","@id":"https:\/\/www.info-algerie.com\/actualites\/#organization","name":"info algerie","url":"https:\/\/www.info-algerie.com\/actualites\/","logo":{"@type":"ImageObject","inLanguage":"fr-FR","@id":"https:\/\/www.info-algerie.com\/actualites\/#\/schema\/logo\/image\/","url":"https:\/\/www.info-algerie.com\/actualites\/wp-content\/uploads\/2022\/07\/logo-ia-120.png","contentUrl":"https:\/\/www.info-algerie.com\/actualites\/wp-content\/uploads\/2022\/07\/logo-ia-120.png","width":120,"height":43,"caption":"info algerie"},"image":{"@id":"https:\/\/www.info-algerie.com\/actualites\/#\/schema\/logo\/image\/"},"sameAs":["https:\/\/www.facebook.com\/infoalgerieactu","https:\/\/x.com\/infoalgerie1"]},{"@type":"Person","@id":"https:\/\/www.info-algerie.com\/actualites\/#\/schema\/person\/847aaec44920825b843a08f30ec6aa1e","name":"La r\u00e9daction","image":{"@type":"ImageObject","inLanguage":"fr-FR","@id":"https:\/\/secure.gravatar.com\/avatar\/769db425c6f465158149f1ffd6cf61ce7a8a879d11dfbef8288af36dfddd418c?s=96&d=mm&r=g","url":"https:\/\/secure.gravatar.com\/avatar\/769db425c6f465158149f1ffd6cf61ce7a8a879d11dfbef8288af36dfddd418c?s=96&d=mm&r=g","contentUrl":"https:\/\/secure.gravatar.com\/avatar\/769db425c6f465158149f1ffd6cf61ce7a8a879d11dfbef8288af36dfddd418c?s=96&d=mm&r=g","caption":"La r\u00e9daction"},"sameAs":["http:\/\/www.lkeria.com\/"],"url":"https:\/\/www.info-algerie.com\/actualites\/author\/chakib32\/"}]}},"_links":{"self":[{"href":"https:\/\/www.info-algerie.com\/actualites\/wp-json\/wp\/v2\/posts\/15136","targetHints":{"allow":["GET"]}}],"collection":[{"href":"https:\/\/www.info-algerie.com\/actualites\/wp-json\/wp\/v2\/posts"}],"about":[{"href":"https:\/\/www.info-algerie.com\/actualites\/wp-json\/wp\/v2\/types\/post"}],"author":[{"embeddable":true,"href":"https:\/\/www.info-algerie.com\/actualites\/wp-json\/wp\/v2\/users\/6"}],"replies":[{"embeddable":true,"href":"https:\/\/www.info-algerie.com\/actualites\/wp-json\/wp\/v2\/comments?post=15136"}],"version-history":[{"count":0,"href":"https:\/\/www.info-algerie.com\/actualites\/wp-json\/wp\/v2\/posts\/15136\/revisions"}],"wp:attachment":[{"href":"https:\/\/www.info-algerie.com\/actualites\/wp-json\/wp\/v2\/media?parent=15136"}],"wp:term":[{"taxonomy":"category","embeddable":true,"href":"https:\/\/www.info-algerie.com\/actualites\/wp-json\/wp\/v2\/categories?post=15136"},{"taxonomy":"post_tag","embeddable":true,"href":"https:\/\/www.info-algerie.com\/actualites\/wp-json\/wp\/v2\/tags?post=15136"}],"curies":[{"name":"wp","href":"https:\/\/api.w.org\/{rel}","templated":true}]}}