{"id":15138,"date":"2017-08-19T00:00:00","date_gmt":"2017-08-18T23:00:00","guid":{"rendered":"http:\/\/www.info-algerie.com\/actualites\/consommateurs-et-producteurs-sur-le-meme-front-la-revolution-verte-en-marche\/"},"modified":"2017-08-19T00:00:00","modified_gmt":"2017-08-18T23:00:00","slug":"consommateurs-et-producteurs-sur-le-meme-front-la-revolution-verte-en-marche","status":"publish","type":"post","link":"https:\/\/www.info-algerie.com\/actualites\/consommateurs-et-producteurs-sur-le-meme-front-la-revolution-verte-en-marche\/","title":{"rendered":"CONSOMMATEURS ET PRODUCTEURS SUR LE M\u00caME FRONT : La &quot;r\u00e9volution verte&quot; en marche"},"content":{"rendered":"<p>La question environnementale est au centre des pr\u00e9occupations de par le monde. Ce n&rsquo;est pas un \u00abph\u00e9nom\u00e8ne de mode\u00bb ou une nouvelle forme de militantisme. Le r\u00e9chauffement climatique a incit\u00e9 la communaut\u00e9 internationale \u00e0 tirer la sonnette d&rsquo;alarme et \u00e0 chercher des alternatives pour un d\u00e9veloppement durable qui tienne compte aussi bien du souci de prosp\u00e9rit\u00e9 des entreprises de production de biens que celui de la pr\u00e9servation de la nature.&#013;<br \/>\nSource: <a href=\"http:\/\/www.lexpressiondz.com\/actualite\/273727-la-revolution-verte-en-marche.html\" target=\"_blank\">CONSOMMATEURS ET PRODUCTEURS SUR LE M\u00caME FRONT : La \u00ab\u00a0r\u00e9volution verte\u00a0\u00bb en marche<\/a><\/p>\n<!--CusAds0-->\n<div style=\"font-size: 0px; height: 0px; line-height: 0px; margin: 0; padding: 0; clear: both;\"><\/div>","protected":false},"excerpt":{"rendered":"<p>La question environnementale est au centre des pr\u00e9occupations de par le monde. Ce n&rsquo;est pas un \u00abph\u00e9nom\u00e8ne de mode\u00bb ou une nouvelle forme de militantisme. Le r\u00e9chauffement climatique a incit\u00e9 la communaut\u00e9 internationale \u00e0 tirer la sonnette d&rsquo;alarme et \u00e0 chercher des alternatives pour un d\u00e9veloppement durable qui tienne compte aussi bien du souci de<\/p>\n","protected":false},"author":6,"featured_media":0,"comment_status":"open","ping_status":"open","sticky":false,"template":"","format":"standard","meta":{"footnotes":""},"categories":[22],"tags":[93],"class_list":["post-15138","post","type-post","status-publish","format-standard","hentry","category-infos","tag-onu"],"yoast_head":"<!-- This site is optimized with the Yoast SEO plugin v27.5 - https:\/\/yoast.com\/product\/yoast-seo-wordpress\/ -->\n<title>CONSOMMATEURS ET PRODUCTEURS SUR LE M\u00caME FRONT : La &quot;r\u00e9volution verte&quot; en marche - info algerie<\/title>\n<meta name=\"robots\" content=\"index, follow, max-snippet:-1, max-image-preview:large, max-video-preview:-1\" \/>\n<link rel=\"canonical\" href=\"https:\/\/www.info-algerie.com\/actualites\/consommateurs-et-producteurs-sur-le-meme-front-la-revolution-verte-en-marche\/\" \/>\n<meta property=\"og:locale\" content=\"fr_FR\" \/>\n<meta property=\"og:type\" content=\"article\" \/>\n<meta property=\"og:title\" content=\"CONSOMMATEURS ET PRODUCTEURS SUR LE M\u00caME FRONT : La &quot;r\u00e9volution verte&quot; en marche - info algerie\" \/>\n<meta property=\"og:description\" content=\"La question environnementale est au centre des pr\u00e9occupations de par le monde. Ce n&rsquo;est pas un \u00abph\u00e9nom\u00e8ne de mode\u00bb ou une nouvelle forme de militantisme. Le r\u00e9chauffement climatique a incit\u00e9 la communaut\u00e9 internationale \u00e0 tirer la sonnette d&rsquo;alarme et \u00e0 chercher des alternatives pour un d\u00e9veloppement durable qui tienne compte aussi bien du souci de\" \/>\n<meta property=\"og:url\" content=\"https:\/\/www.info-algerie.com\/actualites\/consommateurs-et-producteurs-sur-le-meme-front-la-revolution-verte-en-marche\/\" \/>\n<meta property=\"og:site_name\" content=\"info algerie\" \/>\n<meta property=\"article:publisher\" content=\"https:\/\/www.facebook.com\/infoalgerieactu\" \/>\n<meta property=\"article:published_time\" content=\"2017-08-18T23:00:00+00:00\" \/>\n<meta name=\"author\" content=\"La r\u00e9daction\" \/>\n<meta name=\"twitter:label1\" content=\"\u00c9crit par\" \/>\n\t<meta name=\"twitter:data1\" content=\"La r\u00e9daction\" \/>\n<script type=\"application\/ld+json\" class=\"yoast-schema-graph\">{\"@context\":\"https:\\\/\\\/schema.org\",\"@graph\":[{\"@type\":\"Article\",\"@id\":\"https:\\\/\\\/www.info-algerie.com\\\/actualites\\\/consommateurs-et-producteurs-sur-le-meme-front-la-revolution-verte-en-marche\\\/#article\",\"isPartOf\":{\"@id\":\"https:\\\/\\\/www.info-algerie.com\\\/actualites\\\/consommateurs-et-producteurs-sur-le-meme-front-la-revolution-verte-en-marche\\\/\"},\"author\":{\"name\":\"La r\u00e9daction\",\"@id\":\"https:\\\/\\\/www.info-algerie.com\\\/actualites\\\/#\\\/schema\\\/person\\\/847aaec44920825b843a08f30ec6aa1e\"},\"headline\":\"CONSOMMATEURS ET PRODUCTEURS SUR LE M\u00caME FRONT : La &quot;r\u00e9volution verte&quot; en marche\",\"datePublished\":\"2017-08-18T23:00:00+00:00\",\"mainEntityOfPage\":{\"@id\":\"https:\\\/\\\/www.info-algerie.com\\\/actualites\\\/consommateurs-et-producteurs-sur-le-meme-front-la-revolution-verte-en-marche\\\/\"},\"wordCount\":108,\"commentCount\":0,\"publisher\":{\"@id\":\"https:\\\/\\\/www.info-algerie.com\\\/actualites\\\/#organization\"},\"keywords\":[\"ONU\"],\"articleSection\":[\"infos\"],\"inLanguage\":\"fr-FR\",\"potentialAction\":[{\"@type\":\"CommentAction\",\"name\":\"Comment\",\"target\":[\"https:\\\/\\\/www.info-algerie.com\\\/actualites\\\/consommateurs-et-producteurs-sur-le-meme-front-la-revolution-verte-en-marche\\\/#respond\"]}]},{\"@type\":\"WebPage\",\"@id\":\"https:\\\/\\\/www.info-algerie.com\\\/actualites\\\/consommateurs-et-producteurs-sur-le-meme-front-la-revolution-verte-en-marche\\\/\",\"url\":\"https:\\\/\\\/www.info-algerie.com\\\/actualites\\\/consommateurs-et-producteurs-sur-le-meme-front-la-revolution-verte-en-marche\\\/\",\"name\":\"CONSOMMATEURS ET PRODUCTEURS SUR LE M\u00caME FRONT : La &quot;r\u00e9volution verte&quot; en marche - info algerie\",\"isPartOf\":{\"@id\":\"https:\\\/\\\/www.info-algerie.com\\\/actualites\\\/#website\"},\"datePublished\":\"2017-08-18T23:00:00+00:00\",\"breadcrumb\":{\"@id\":\"https:\\\/\\\/www.info-algerie.com\\\/actualites\\\/consommateurs-et-producteurs-sur-le-meme-front-la-revolution-verte-en-marche\\\/#breadcrumb\"},\"inLanguage\":\"fr-FR\",\"potentialAction\":[{\"@type\":\"ReadAction\",\"target\":[\"https:\\\/\\\/www.info-algerie.com\\\/actualites\\\/consommateurs-et-producteurs-sur-le-meme-front-la-revolution-verte-en-marche\\\/\"]}]},{\"@type\":\"BreadcrumbList\",\"@id\":\"https:\\\/\\\/www.info-algerie.com\\\/actualites\\\/consommateurs-et-producteurs-sur-le-meme-front-la-revolution-verte-en-marche\\\/#breadcrumb\",\"itemListElement\":[{\"@type\":\"ListItem\",\"position\":1,\"name\":\"Accueil\",\"item\":\"https:\\\/\\\/www.info-algerie.com\\\/actualites\\\/\"},{\"@type\":\"ListItem\",\"position\":2,\"name\":\"CONSOMMATEURS ET PRODUCTEURS SUR LE M\u00caME FRONT : La &quot;r\u00e9volution verte&quot; en marche\"}]},{\"@type\":\"WebSite\",\"@id\":\"https:\\\/\\\/www.info-algerie.com\\\/actualites\\\/#website\",\"url\":\"https:\\\/\\\/www.info-algerie.com\\\/actualites\\\/\",\"name\":\"info algerie\",\"description\":\"Toutes les actualit\u00e9s\",\"publisher\":{\"@id\":\"https:\\\/\\\/www.info-algerie.com\\\/actualites\\\/#organization\"},\"potentialAction\":[{\"@type\":\"SearchAction\",\"target\":{\"@type\":\"EntryPoint\",\"urlTemplate\":\"https:\\\/\\\/www.info-algerie.com\\\/actualites\\\/?s={search_term_string}\"},\"query-input\":{\"@type\":\"PropertyValueSpecification\",\"valueRequired\":true,\"valueName\":\"search_term_string\"}}],\"inLanguage\":\"fr-FR\"},{\"@type\":\"Organization\",\"@id\":\"https:\\\/\\\/www.info-algerie.com\\\/actualites\\\/#organization\",\"name\":\"info algerie\",\"url\":\"https:\\\/\\\/www.info-algerie.com\\\/actualites\\\/\",\"logo\":{\"@type\":\"ImageObject\",\"inLanguage\":\"fr-FR\",\"@id\":\"https:\\\/\\\/www.info-algerie.com\\\/actualites\\\/#\\\/schema\\\/logo\\\/image\\\/\",\"url\":\"https:\\\/\\\/www.info-algerie.com\\\/actualites\\\/wp-content\\\/uploads\\\/2022\\\/07\\\/logo-ia-120.png\",\"contentUrl\":\"https:\\\/\\\/www.info-algerie.com\\\/actualites\\\/wp-content\\\/uploads\\\/2022\\\/07\\\/logo-ia-120.png\",\"width\":120,\"height\":43,\"caption\":\"info algerie\"},\"image\":{\"@id\":\"https:\\\/\\\/www.info-algerie.com\\\/actualites\\\/#\\\/schema\\\/logo\\\/image\\\/\"},\"sameAs\":[\"https:\\\/\\\/www.facebook.com\\\/infoalgerieactu\",\"https:\\\/\\\/x.com\\\/infoalgerie1\"]},{\"@type\":\"Person\",\"@id\":\"https:\\\/\\\/www.info-algerie.com\\\/actualites\\\/#\\\/schema\\\/person\\\/847aaec44920825b843a08f30ec6aa1e\",\"name\":\"La r\u00e9daction\",\"image\":{\"@type\":\"ImageObject\",\"inLanguage\":\"fr-FR\",\"@id\":\"https:\\\/\\\/secure.gravatar.com\\\/avatar\\\/769db425c6f465158149f1ffd6cf61ce7a8a879d11dfbef8288af36dfddd418c?s=96&d=mm&r=g\",\"url\":\"https:\\\/\\\/secure.gravatar.com\\\/avatar\\\/769db425c6f465158149f1ffd6cf61ce7a8a879d11dfbef8288af36dfddd418c?s=96&d=mm&r=g\",\"contentUrl\":\"https:\\\/\\\/secure.gravatar.com\\\/avatar\\\/769db425c6f465158149f1ffd6cf61ce7a8a879d11dfbef8288af36dfddd418c?s=96&d=mm&r=g\",\"caption\":\"La r\u00e9daction\"},\"sameAs\":[\"http:\\\/\\\/www.lkeria.com\\\/\"],\"url\":\"https:\\\/\\\/www.info-algerie.com\\\/actualites\\\/author\\\/chakib32\\\/\"}]}<\/script>\n<!-- \/ Yoast SEO plugin. -->","yoast_head_json":{"title":"CONSOMMATEURS ET PRODUCTEURS SUR LE M\u00caME FRONT : La &quot;r\u00e9volution verte&quot; en marche - info algerie","robots":{"index":"index","follow":"follow","max-snippet":"max-snippet:-1","max-image-preview":"max-image-preview:large","max-video-preview":"max-video-preview:-1"},"canonical":"https:\/\/www.info-algerie.com\/actualites\/consommateurs-et-producteurs-sur-le-meme-front-la-revolution-verte-en-marche\/","og_locale":"fr_FR","og_type":"article","og_title":"CONSOMMATEURS ET PRODUCTEURS SUR LE M\u00caME FRONT : La &quot;r\u00e9volution verte&quot; en marche - info algerie","og_description":"La question environnementale est au centre des pr\u00e9occupations de par le monde. Ce n&rsquo;est pas un \u00abph\u00e9nom\u00e8ne de mode\u00bb ou une nouvelle forme de militantisme. Le r\u00e9chauffement climatique a incit\u00e9 la communaut\u00e9 internationale \u00e0 tirer la sonnette d&rsquo;alarme et \u00e0 chercher des alternatives pour un d\u00e9veloppement durable qui tienne compte aussi bien du souci de","og_url":"https:\/\/www.info-algerie.com\/actualites\/consommateurs-et-producteurs-sur-le-meme-front-la-revolution-verte-en-marche\/","og_site_name":"info algerie","article_publisher":"https:\/\/www.facebook.com\/infoalgerieactu","article_published_time":"2017-08-18T23:00:00+00:00","author":"La r\u00e9daction","twitter_misc":{"\u00c9crit par":"La r\u00e9daction"},"schema":{"@context":"https:\/\/schema.org","@graph":[{"@type":"Article","@id":"https:\/\/www.info-algerie.com\/actualites\/consommateurs-et-producteurs-sur-le-meme-front-la-revolution-verte-en-marche\/#article","isPartOf":{"@id":"https:\/\/www.info-algerie.com\/actualites\/consommateurs-et-producteurs-sur-le-meme-front-la-revolution-verte-en-marche\/"},"author":{"name":"La r\u00e9daction","@id":"https:\/\/www.info-algerie.com\/actualites\/#\/schema\/person\/847aaec44920825b843a08f30ec6aa1e"},"headline":"CONSOMMATEURS ET PRODUCTEURS SUR LE M\u00caME FRONT : La &quot;r\u00e9volution verte&quot; en marche","datePublished":"2017-08-18T23:00:00+00:00","mainEntityOfPage":{"@id":"https:\/\/www.info-algerie.com\/actualites\/consommateurs-et-producteurs-sur-le-meme-front-la-revolution-verte-en-marche\/"},"wordCount":108,"commentCount":0,"publisher":{"@id":"https:\/\/www.info-algerie.com\/actualites\/#organization"},"keywords":["ONU"],"articleSection":["infos"],"inLanguage":"fr-FR","potentialAction":[{"@type":"CommentAction","name":"Comment","target":["https:\/\/www.info-algerie.com\/actualites\/consommateurs-et-producteurs-sur-le-meme-front-la-revolution-verte-en-marche\/#respond"]}]},{"@type":"WebPage","@id":"https:\/\/www.info-algerie.com\/actualites\/consommateurs-et-producteurs-sur-le-meme-front-la-revolution-verte-en-marche\/","url":"https:\/\/www.info-algerie.com\/actualites\/consommateurs-et-producteurs-sur-le-meme-front-la-revolution-verte-en-marche\/","name":"CONSOMMATEURS ET PRODUCTEURS SUR LE M\u00caME FRONT : La &quot;r\u00e9volution verte&quot; en marche - info algerie","isPartOf":{"@id":"https:\/\/www.info-algerie.com\/actualites\/#website"},"datePublished":"2017-08-18T23:00:00+00:00","breadcrumb":{"@id":"https:\/\/www.info-algerie.com\/actualites\/consommateurs-et-producteurs-sur-le-meme-front-la-revolution-verte-en-marche\/#breadcrumb"},"inLanguage":"fr-FR","potentialAction":[{"@type":"ReadAction","target":["https:\/\/www.info-algerie.com\/actualites\/consommateurs-et-producteurs-sur-le-meme-front-la-revolution-verte-en-marche\/"]}]},{"@type":"BreadcrumbList","@id":"https:\/\/www.info-algerie.com\/actualites\/consommateurs-et-producteurs-sur-le-meme-front-la-revolution-verte-en-marche\/#breadcrumb","itemListElement":[{"@type":"ListItem","position":1,"name":"Accueil","item":"https:\/\/www.info-algerie.com\/actualites\/"},{"@type":"ListItem","position":2,"name":"CONSOMMATEURS ET PRODUCTEURS SUR LE M\u00caME FRONT : La &quot;r\u00e9volution verte&quot; en marche"}]},{"@type":"WebSite","@id":"https:\/\/www.info-algerie.com\/actualites\/#website","url":"https:\/\/www.info-algerie.com\/actualites\/","name":"info algerie","description":"Toutes les actualit\u00e9s","publisher":{"@id":"https:\/\/www.info-algerie.com\/actualites\/#organization"},"potentialAction":[{"@type":"SearchAction","target":{"@type":"EntryPoint","urlTemplate":"https:\/\/www.info-algerie.com\/actualites\/?s={search_term_string}"},"query-input":{"@type":"PropertyValueSpecification","valueRequired":true,"valueName":"search_term_string"}}],"inLanguage":"fr-FR"},{"@type":"Organization","@id":"https:\/\/www.info-algerie.com\/actualites\/#organization","name":"info algerie","url":"https:\/\/www.info-algerie.com\/actualites\/","logo":{"@type":"ImageObject","inLanguage":"fr-FR","@id":"https:\/\/www.info-algerie.com\/actualites\/#\/schema\/logo\/image\/","url":"https:\/\/www.info-algerie.com\/actualites\/wp-content\/uploads\/2022\/07\/logo-ia-120.png","contentUrl":"https:\/\/www.info-algerie.com\/actualites\/wp-content\/uploads\/2022\/07\/logo-ia-120.png","width":120,"height":43,"caption":"info algerie"},"image":{"@id":"https:\/\/www.info-algerie.com\/actualites\/#\/schema\/logo\/image\/"},"sameAs":["https:\/\/www.facebook.com\/infoalgerieactu","https:\/\/x.com\/infoalgerie1"]},{"@type":"Person","@id":"https:\/\/www.info-algerie.com\/actualites\/#\/schema\/person\/847aaec44920825b843a08f30ec6aa1e","name":"La r\u00e9daction","image":{"@type":"ImageObject","inLanguage":"fr-FR","@id":"https:\/\/secure.gravatar.com\/avatar\/769db425c6f465158149f1ffd6cf61ce7a8a879d11dfbef8288af36dfddd418c?s=96&d=mm&r=g","url":"https:\/\/secure.gravatar.com\/avatar\/769db425c6f465158149f1ffd6cf61ce7a8a879d11dfbef8288af36dfddd418c?s=96&d=mm&r=g","contentUrl":"https:\/\/secure.gravatar.com\/avatar\/769db425c6f465158149f1ffd6cf61ce7a8a879d11dfbef8288af36dfddd418c?s=96&d=mm&r=g","caption":"La r\u00e9daction"},"sameAs":["http:\/\/www.lkeria.com\/"],"url":"https:\/\/www.info-algerie.com\/actualites\/author\/chakib32\/"}]}},"_links":{"self":[{"href":"https:\/\/www.info-algerie.com\/actualites\/wp-json\/wp\/v2\/posts\/15138","targetHints":{"allow":["GET"]}}],"collection":[{"href":"https:\/\/www.info-algerie.com\/actualites\/wp-json\/wp\/v2\/posts"}],"about":[{"href":"https:\/\/www.info-algerie.com\/actualites\/wp-json\/wp\/v2\/types\/post"}],"author":[{"embeddable":true,"href":"https:\/\/www.info-algerie.com\/actualites\/wp-json\/wp\/v2\/users\/6"}],"replies":[{"embeddable":true,"href":"https:\/\/www.info-algerie.com\/actualites\/wp-json\/wp\/v2\/comments?post=15138"}],"version-history":[{"count":0,"href":"https:\/\/www.info-algerie.com\/actualites\/wp-json\/wp\/v2\/posts\/15138\/revisions"}],"wp:attachment":[{"href":"https:\/\/www.info-algerie.com\/actualites\/wp-json\/wp\/v2\/media?parent=15138"}],"wp:term":[{"taxonomy":"category","embeddable":true,"href":"https:\/\/www.info-algerie.com\/actualites\/wp-json\/wp\/v2\/categories?post=15138"},{"taxonomy":"post_tag","embeddable":true,"href":"https:\/\/www.info-algerie.com\/actualites\/wp-json\/wp\/v2\/tags?post=15138"}],"curies":[{"name":"wp","href":"https:\/\/api.w.org\/{rel}","templated":true}]}}