{"id":15151,"date":"2017-08-19T16:08:35","date_gmt":"2017-08-19T15:08:35","guid":{"rendered":"http:\/\/www.info-algerie.com\/actualites\/le-president-bouteflika-procede-a-un-important-mouvement-des-cadres-de-ladministration-territoriale\/"},"modified":"2017-08-19T16:08:35","modified_gmt":"2017-08-19T15:08:35","slug":"le-president-bouteflika-procede-a-un-important-mouvement-des-cadres-de-ladministration-territoriale","status":"publish","type":"post","link":"https:\/\/www.info-algerie.com\/actualites\/le-president-bouteflika-procede-a-un-important-mouvement-des-cadres-de-ladministration-territoriale\/","title":{"rendered":"Le Pr\u00e9sident Bouteflika proc\u00e8de \u00e0 un important mouvement des cadres de l&#039;administration territoriale"},"content":{"rendered":"<div class=\"K2FeedImage\"><img decoding=\"async\" src=\"https:\/\/www.info-algerie.com\/actualites\/wp-content\/uploads\/2017\/08\/af994fa303f1dbe4adb06a77943832e5_S.jpg\" alt=\"Le Pr&#xE9;sident Bouteflika proc&#xE8;de &#xE0; un important mouvement des cadres de l'administration territoriale\" \/><\/div>\n<div class=\"K2FeedIntroText\">\n<p class=\"MsoNormal\">\u00a0<\/p>\n<p>&#013;<\/p>\n<p>ALGER &#8211; Le pr\u00e9sident de la R\u00e9publique, Abdelaziz Bouteflika, a proc\u00e9d\u00e9 samedi \u00e0 un important mouvement des cadres occupant une fonction sup\u00e9rieure au niveau de l&rsquo;administration territoriale ayant touch\u00e9 95 chefs de da\u00efras, huit directeurs de la r\u00e9glementation et des affaires g\u00e9n\u00e9rales, cinq directeurs de l&rsquo;administration locale et sept inspecteurs g\u00e9n\u00e9raux de wilayas, indique un communiqu\u00e9 de la Pr\u00e9sidence de la R\u00e9publique.<\/p>\n<p>&#013;\n<\/p><\/div>\n<div class=\"K2FeedFullText\">&#013;<\/p>\n<p>\u00ab\u00a0Son Excellence Monsieur Abdelaziz Bouteflika, Pr\u00e9sident de la R\u00e9publique, a proc\u00e9d\u00e9, ce jour, \u00e0 un important mouvement des cadres occupant une fonction sup\u00e9rieure au niveau de l&rsquo;administration territoriale. Ce mouvement a touch\u00e9 quatre-vingt-quinze (95) chefs de da\u00efras, huit (8) directeurs de la r\u00e9glementation et des affaires g\u00e9n\u00e9rales, cinq (5) directeurs de l&rsquo;administration locale et sept (7) inspecteurs g\u00e9n\u00e9raux de wilayas\u00a0\u00bb, note le communiqu\u00e9.<\/p>\n<p>&#013;<\/p>\n<p>Ce mouvement \u00ab\u00a0vient suite \u00e0 la promotion de certains cadres dans d&rsquo;autres fonctions sup\u00e9rieures au niveau de l&rsquo;administration territoriale et ayant pour objectif la poursuite des efforts d\u00e9ploy\u00e9s en mati\u00e8re de d\u00e9veloppement et de modernisation des services publics, \u00e0 travers notamment la r\u00e9partition optimale des comp\u00e9tences et l&rsquo;am\u00e9lioration de l&rsquo;encadrement des collectivit\u00e9s locales\u00a0\u00bb, pr\u00e9cise la m\u00eame source.<\/p>\n<p>&#013;<\/p>\n<p>Il consacre ainsi \u00ab\u00a0l&rsquo;int\u00e9gration des jeunes cadres et la promotion du r\u00f4le de la femme dans l&rsquo;occupation des postes de responsabilit\u00e9 au sein des collectivit\u00e9s locales, o\u00f9 neuf (9) femmes ont \u00e9t\u00e9 promues dans ces fonctions sup\u00e9rieures\u00a0\u00bb.<\/p>\n<p>&#013;<\/p>\n<p><span style=\"font-size: 12.16px\">Ce mouvement comprend \u00ab\u00a0quatre-vingt-quinze (95) chefs de da\u00efras, dont quarante-sept (47) cadres ont \u00e9t\u00e9 promus dans cette fonction sup\u00e9rieure, huit (8) postes de directeurs de la r\u00e9glementation et des affaires g\u00e9n\u00e9rales, dont six (6) cadres ont \u00e9t\u00e9 promus dans cette fonction sup\u00e9rieure, cinq (5) postes de directeurs de l&rsquo;administration locale, dont quatre (4) ont \u00e9t\u00e9 promus dans cette fonction sup\u00e9rieure, et sept (7) inspecteurs g\u00e9n\u00e9raux de wilayas, dont six (6) cadres ont \u00e9t\u00e9 promus dans cette fonction sup\u00e9rieure\u00a0\u00bb, ajoute le communiqu\u00e9.<\/span><\/p>\n<\/div>\n<p>&#013;<br \/>\nSource: <a href=\"http:\/\/www.aps.dz\/algerie\/61888-le-president-bouteflika-procede-a-un-important-mouvement-des-cadres-de-l-administration-territoriale\" target=\"_blank\">Le Pr\u00e9sident Bouteflika proc\u00e8de \u00e0 un important mouvement des cadres de l&rsquo;administration territoriale<\/a><\/p>\n<!--CusAds0-->\n<div style=\"font-size: 0px; height: 0px; line-height: 0px; margin: 0; padding: 0; clear: both;\"><\/div>","protected":false},"excerpt":{"rendered":"<p>\u00a0 &#013; ALGER &#8211; Le pr\u00e9sident de la R\u00e9publique, Abdelaziz Bouteflika, a proc\u00e9d\u00e9 samedi \u00e0 un important mouvement des cadres occupant une fonction sup\u00e9rieure au niveau de l&rsquo;administration territoriale ayant touch\u00e9 95 chefs de da\u00efras, huit directeurs de la r\u00e9glementation et des affaires g\u00e9n\u00e9rales, cinq directeurs de l&rsquo;administration locale et sept inspecteurs g\u00e9n\u00e9raux de wilayas,<\/p>\n","protected":false},"author":6,"featured_media":15152,"comment_status":"open","ping_status":"open","sticky":false,"template":"","format":"standard","meta":{"footnotes":""},"categories":[22],"tags":[93],"class_list":["post-15151","post","type-post","status-publish","format-standard","has-post-thumbnail","hentry","category-infos","tag-onu"],"yoast_head":"<!-- This site is optimized with the Yoast SEO plugin v27.5 - https:\/\/yoast.com\/product\/yoast-seo-wordpress\/ -->\n<title>Le Pr\u00e9sident Bouteflika proc\u00e8de \u00e0 un important mouvement des cadres de l&#039;administration territoriale - info algerie<\/title>\n<meta name=\"robots\" content=\"index, follow, max-snippet:-1, max-image-preview:large, max-video-preview:-1\" \/>\n<link rel=\"canonical\" href=\"https:\/\/www.info-algerie.com\/actualites\/le-president-bouteflika-procede-a-un-important-mouvement-des-cadres-de-ladministration-territoriale\/\" \/>\n<meta property=\"og:locale\" content=\"fr_FR\" \/>\n<meta property=\"og:type\" content=\"article\" \/>\n<meta property=\"og:title\" content=\"Le Pr\u00e9sident Bouteflika proc\u00e8de \u00e0 un important mouvement des cadres de l&#039;administration territoriale - info algerie\" \/>\n<meta property=\"og:description\" content=\"\u00a0 &#013; ALGER &#8211; Le pr\u00e9sident de la R\u00e9publique, Abdelaziz Bouteflika, a proc\u00e9d\u00e9 samedi \u00e0 un important mouvement des cadres occupant une fonction sup\u00e9rieure au niveau de l&rsquo;administration territoriale ayant touch\u00e9 95 chefs de da\u00efras, huit directeurs de la r\u00e9glementation et des affaires g\u00e9n\u00e9rales, cinq directeurs de l&rsquo;administration locale et sept inspecteurs g\u00e9n\u00e9raux de wilayas,\" \/>\n<meta property=\"og:url\" content=\"https:\/\/www.info-algerie.com\/actualites\/le-president-bouteflika-procede-a-un-important-mouvement-des-cadres-de-ladministration-territoriale\/\" \/>\n<meta property=\"og:site_name\" content=\"info algerie\" \/>\n<meta property=\"article:publisher\" content=\"https:\/\/www.facebook.com\/infoalgerieactu\" \/>\n<meta property=\"article:published_time\" content=\"2017-08-19T15:08:35+00:00\" \/>\n<meta property=\"og:image\" content=\"https:\/\/www.info-algerie.com\/actualites\/wp-content\/uploads\/2017\/08\/af994fa303f1dbe4adb06a77943832e5_S-1.jpg\" \/>\n\t<meta property=\"og:image:width\" content=\"280\" \/>\n\t<meta property=\"og:image:height\" content=\"169\" \/>\n\t<meta property=\"og:image:type\" content=\"image\/jpeg\" \/>\n<meta name=\"author\" content=\"La r\u00e9daction\" \/>\n<meta name=\"twitter:label1\" content=\"\u00c9crit par\" \/>\n\t<meta name=\"twitter:data1\" content=\"La r\u00e9daction\" \/>\n\t<meta name=\"twitter:label2\" content=\"Dur\u00e9e de lecture estim\u00e9e\" \/>\n\t<meta name=\"twitter:data2\" content=\"2 minutes\" \/>\n<script type=\"application\/ld+json\" class=\"yoast-schema-graph\">{\"@context\":\"https:\\\/\\\/schema.org\",\"@graph\":[{\"@type\":\"Article\",\"@id\":\"https:\\\/\\\/www.info-algerie.com\\\/actualites\\\/le-president-bouteflika-procede-a-un-important-mouvement-des-cadres-de-ladministration-territoriale\\\/#article\",\"isPartOf\":{\"@id\":\"https:\\\/\\\/www.info-algerie.com\\\/actualites\\\/le-president-bouteflika-procede-a-un-important-mouvement-des-cadres-de-ladministration-territoriale\\\/\"},\"author\":{\"name\":\"La r\u00e9daction\",\"@id\":\"https:\\\/\\\/www.info-algerie.com\\\/actualites\\\/#\\\/schema\\\/person\\\/847aaec44920825b843a08f30ec6aa1e\"},\"headline\":\"Le Pr\u00e9sident Bouteflika proc\u00e8de \u00e0 un important mouvement des cadres de l&#039;administration territoriale\",\"datePublished\":\"2017-08-19T15:08:35+00:00\",\"mainEntityOfPage\":{\"@id\":\"https:\\\/\\\/www.info-algerie.com\\\/actualites\\\/le-president-bouteflika-procede-a-un-important-mouvement-des-cadres-de-ladministration-territoriale\\\/\"},\"wordCount\":371,\"commentCount\":0,\"publisher\":{\"@id\":\"https:\\\/\\\/www.info-algerie.com\\\/actualites\\\/#organization\"},\"image\":{\"@id\":\"https:\\\/\\\/www.info-algerie.com\\\/actualites\\\/le-president-bouteflika-procede-a-un-important-mouvement-des-cadres-de-ladministration-territoriale\\\/#primaryimage\"},\"thumbnailUrl\":\"https:\\\/\\\/www.info-algerie.com\\\/actualites\\\/wp-content\\\/uploads\\\/2017\\\/08\\\/af994fa303f1dbe4adb06a77943832e5_S-1.jpg\",\"keywords\":[\"ONU\"],\"articleSection\":[\"infos\"],\"inLanguage\":\"fr-FR\",\"potentialAction\":[{\"@type\":\"CommentAction\",\"name\":\"Comment\",\"target\":[\"https:\\\/\\\/www.info-algerie.com\\\/actualites\\\/le-president-bouteflika-procede-a-un-important-mouvement-des-cadres-de-ladministration-territoriale\\\/#respond\"]}]},{\"@type\":\"WebPage\",\"@id\":\"https:\\\/\\\/www.info-algerie.com\\\/actualites\\\/le-president-bouteflika-procede-a-un-important-mouvement-des-cadres-de-ladministration-territoriale\\\/\",\"url\":\"https:\\\/\\\/www.info-algerie.com\\\/actualites\\\/le-president-bouteflika-procede-a-un-important-mouvement-des-cadres-de-ladministration-territoriale\\\/\",\"name\":\"Le Pr\u00e9sident Bouteflika proc\u00e8de \u00e0 un important mouvement des cadres de l&#039;administration territoriale - info algerie\",\"isPartOf\":{\"@id\":\"https:\\\/\\\/www.info-algerie.com\\\/actualites\\\/#website\"},\"primaryImageOfPage\":{\"@id\":\"https:\\\/\\\/www.info-algerie.com\\\/actualites\\\/le-president-bouteflika-procede-a-un-important-mouvement-des-cadres-de-ladministration-territoriale\\\/#primaryimage\"},\"image\":{\"@id\":\"https:\\\/\\\/www.info-algerie.com\\\/actualites\\\/le-president-bouteflika-procede-a-un-important-mouvement-des-cadres-de-ladministration-territoriale\\\/#primaryimage\"},\"thumbnailUrl\":\"https:\\\/\\\/www.info-algerie.com\\\/actualites\\\/wp-content\\\/uploads\\\/2017\\\/08\\\/af994fa303f1dbe4adb06a77943832e5_S-1.jpg\",\"datePublished\":\"2017-08-19T15:08:35+00:00\",\"breadcrumb\":{\"@id\":\"https:\\\/\\\/www.info-algerie.com\\\/actualites\\\/le-president-bouteflika-procede-a-un-important-mouvement-des-cadres-de-ladministration-territoriale\\\/#breadcrumb\"},\"inLanguage\":\"fr-FR\",\"potentialAction\":[{\"@type\":\"ReadAction\",\"target\":[\"https:\\\/\\\/www.info-algerie.com\\\/actualites\\\/le-president-bouteflika-procede-a-un-important-mouvement-des-cadres-de-ladministration-territoriale\\\/\"]}]},{\"@type\":\"ImageObject\",\"inLanguage\":\"fr-FR\",\"@id\":\"https:\\\/\\\/www.info-algerie.com\\\/actualites\\\/le-president-bouteflika-procede-a-un-important-mouvement-des-cadres-de-ladministration-territoriale\\\/#primaryimage\",\"url\":\"https:\\\/\\\/www.info-algerie.com\\\/actualites\\\/wp-content\\\/uploads\\\/2017\\\/08\\\/af994fa303f1dbe4adb06a77943832e5_S-1.jpg\",\"contentUrl\":\"https:\\\/\\\/www.info-algerie.com\\\/actualites\\\/wp-content\\\/uploads\\\/2017\\\/08\\\/af994fa303f1dbe4adb06a77943832e5_S-1.jpg\",\"width\":280,\"height\":169},{\"@type\":\"BreadcrumbList\",\"@id\":\"https:\\\/\\\/www.info-algerie.com\\\/actualites\\\/le-president-bouteflika-procede-a-un-important-mouvement-des-cadres-de-ladministration-territoriale\\\/#breadcrumb\",\"itemListElement\":[{\"@type\":\"ListItem\",\"position\":1,\"name\":\"Accueil\",\"item\":\"https:\\\/\\\/www.info-algerie.com\\\/actualites\\\/\"},{\"@type\":\"ListItem\",\"position\":2,\"name\":\"Le Pr\u00e9sident Bouteflika proc\u00e8de \u00e0 un important mouvement des cadres de l&#039;administration territoriale\"}]},{\"@type\":\"WebSite\",\"@id\":\"https:\\\/\\\/www.info-algerie.com\\\/actualites\\\/#website\",\"url\":\"https:\\\/\\\/www.info-algerie.com\\\/actualites\\\/\",\"name\":\"info algerie\",\"description\":\"Toutes les actualit\u00e9s\",\"publisher\":{\"@id\":\"https:\\\/\\\/www.info-algerie.com\\\/actualites\\\/#organization\"},\"potentialAction\":[{\"@type\":\"SearchAction\",\"target\":{\"@type\":\"EntryPoint\",\"urlTemplate\":\"https:\\\/\\\/www.info-algerie.com\\\/actualites\\\/?s={search_term_string}\"},\"query-input\":{\"@type\":\"PropertyValueSpecification\",\"valueRequired\":true,\"valueName\":\"search_term_string\"}}],\"inLanguage\":\"fr-FR\"},{\"@type\":\"Organization\",\"@id\":\"https:\\\/\\\/www.info-algerie.com\\\/actualites\\\/#organization\",\"name\":\"info algerie\",\"url\":\"https:\\\/\\\/www.info-algerie.com\\\/actualites\\\/\",\"logo\":{\"@type\":\"ImageObject\",\"inLanguage\":\"fr-FR\",\"@id\":\"https:\\\/\\\/www.info-algerie.com\\\/actualites\\\/#\\\/schema\\\/logo\\\/image\\\/\",\"url\":\"https:\\\/\\\/www.info-algerie.com\\\/actualites\\\/wp-content\\\/uploads\\\/2022\\\/07\\\/logo-ia-120.png\",\"contentUrl\":\"https:\\\/\\\/www.info-algerie.com\\\/actualites\\\/wp-content\\\/uploads\\\/2022\\\/07\\\/logo-ia-120.png\",\"width\":120,\"height\":43,\"caption\":\"info algerie\"},\"image\":{\"@id\":\"https:\\\/\\\/www.info-algerie.com\\\/actualites\\\/#\\\/schema\\\/logo\\\/image\\\/\"},\"sameAs\":[\"https:\\\/\\\/www.facebook.com\\\/infoalgerieactu\",\"https:\\\/\\\/x.com\\\/infoalgerie1\"]},{\"@type\":\"Person\",\"@id\":\"https:\\\/\\\/www.info-algerie.com\\\/actualites\\\/#\\\/schema\\\/person\\\/847aaec44920825b843a08f30ec6aa1e\",\"name\":\"La r\u00e9daction\",\"image\":{\"@type\":\"ImageObject\",\"inLanguage\":\"fr-FR\",\"@id\":\"https:\\\/\\\/secure.gravatar.com\\\/avatar\\\/769db425c6f465158149f1ffd6cf61ce7a8a879d11dfbef8288af36dfddd418c?s=96&d=mm&r=g\",\"url\":\"https:\\\/\\\/secure.gravatar.com\\\/avatar\\\/769db425c6f465158149f1ffd6cf61ce7a8a879d11dfbef8288af36dfddd418c?s=96&d=mm&r=g\",\"contentUrl\":\"https:\\\/\\\/secure.gravatar.com\\\/avatar\\\/769db425c6f465158149f1ffd6cf61ce7a8a879d11dfbef8288af36dfddd418c?s=96&d=mm&r=g\",\"caption\":\"La r\u00e9daction\"},\"sameAs\":[\"http:\\\/\\\/www.lkeria.com\\\/\"],\"url\":\"https:\\\/\\\/www.info-algerie.com\\\/actualites\\\/author\\\/chakib32\\\/\"}]}<\/script>\n<!-- \/ Yoast SEO plugin. -->","yoast_head_json":{"title":"Le Pr\u00e9sident Bouteflika proc\u00e8de \u00e0 un important mouvement des cadres de l&#039;administration territoriale - info algerie","robots":{"index":"index","follow":"follow","max-snippet":"max-snippet:-1","max-image-preview":"max-image-preview:large","max-video-preview":"max-video-preview:-1"},"canonical":"https:\/\/www.info-algerie.com\/actualites\/le-president-bouteflika-procede-a-un-important-mouvement-des-cadres-de-ladministration-territoriale\/","og_locale":"fr_FR","og_type":"article","og_title":"Le Pr\u00e9sident Bouteflika proc\u00e8de \u00e0 un important mouvement des cadres de l&#039;administration territoriale - info algerie","og_description":"\u00a0 &#013; ALGER &#8211; Le pr\u00e9sident de la R\u00e9publique, Abdelaziz Bouteflika, a proc\u00e9d\u00e9 samedi \u00e0 un important mouvement des cadres occupant une fonction sup\u00e9rieure au niveau de l&rsquo;administration territoriale ayant touch\u00e9 95 chefs de da\u00efras, huit directeurs de la r\u00e9glementation et des affaires g\u00e9n\u00e9rales, cinq directeurs de l&rsquo;administration locale et sept inspecteurs g\u00e9n\u00e9raux de wilayas,","og_url":"https:\/\/www.info-algerie.com\/actualites\/le-president-bouteflika-procede-a-un-important-mouvement-des-cadres-de-ladministration-territoriale\/","og_site_name":"info algerie","article_publisher":"https:\/\/www.facebook.com\/infoalgerieactu","article_published_time":"2017-08-19T15:08:35+00:00","og_image":[{"width":280,"height":169,"url":"https:\/\/www.info-algerie.com\/actualites\/wp-content\/uploads\/2017\/08\/af994fa303f1dbe4adb06a77943832e5_S-1.jpg","type":"image\/jpeg"}],"author":"La r\u00e9daction","twitter_misc":{"\u00c9crit par":"La r\u00e9daction","Dur\u00e9e de lecture estim\u00e9e":"2 minutes"},"schema":{"@context":"https:\/\/schema.org","@graph":[{"@type":"Article","@id":"https:\/\/www.info-algerie.com\/actualites\/le-president-bouteflika-procede-a-un-important-mouvement-des-cadres-de-ladministration-territoriale\/#article","isPartOf":{"@id":"https:\/\/www.info-algerie.com\/actualites\/le-president-bouteflika-procede-a-un-important-mouvement-des-cadres-de-ladministration-territoriale\/"},"author":{"name":"La r\u00e9daction","@id":"https:\/\/www.info-algerie.com\/actualites\/#\/schema\/person\/847aaec44920825b843a08f30ec6aa1e"},"headline":"Le Pr\u00e9sident Bouteflika proc\u00e8de \u00e0 un important mouvement des cadres de l&#039;administration territoriale","datePublished":"2017-08-19T15:08:35+00:00","mainEntityOfPage":{"@id":"https:\/\/www.info-algerie.com\/actualites\/le-president-bouteflika-procede-a-un-important-mouvement-des-cadres-de-ladministration-territoriale\/"},"wordCount":371,"commentCount":0,"publisher":{"@id":"https:\/\/www.info-algerie.com\/actualites\/#organization"},"image":{"@id":"https:\/\/www.info-algerie.com\/actualites\/le-president-bouteflika-procede-a-un-important-mouvement-des-cadres-de-ladministration-territoriale\/#primaryimage"},"thumbnailUrl":"https:\/\/www.info-algerie.com\/actualites\/wp-content\/uploads\/2017\/08\/af994fa303f1dbe4adb06a77943832e5_S-1.jpg","keywords":["ONU"],"articleSection":["infos"],"inLanguage":"fr-FR","potentialAction":[{"@type":"CommentAction","name":"Comment","target":["https:\/\/www.info-algerie.com\/actualites\/le-president-bouteflika-procede-a-un-important-mouvement-des-cadres-de-ladministration-territoriale\/#respond"]}]},{"@type":"WebPage","@id":"https:\/\/www.info-algerie.com\/actualites\/le-president-bouteflika-procede-a-un-important-mouvement-des-cadres-de-ladministration-territoriale\/","url":"https:\/\/www.info-algerie.com\/actualites\/le-president-bouteflika-procede-a-un-important-mouvement-des-cadres-de-ladministration-territoriale\/","name":"Le Pr\u00e9sident Bouteflika proc\u00e8de \u00e0 un important mouvement des cadres de l&#039;administration territoriale - info algerie","isPartOf":{"@id":"https:\/\/www.info-algerie.com\/actualites\/#website"},"primaryImageOfPage":{"@id":"https:\/\/www.info-algerie.com\/actualites\/le-president-bouteflika-procede-a-un-important-mouvement-des-cadres-de-ladministration-territoriale\/#primaryimage"},"image":{"@id":"https:\/\/www.info-algerie.com\/actualites\/le-president-bouteflika-procede-a-un-important-mouvement-des-cadres-de-ladministration-territoriale\/#primaryimage"},"thumbnailUrl":"https:\/\/www.info-algerie.com\/actualites\/wp-content\/uploads\/2017\/08\/af994fa303f1dbe4adb06a77943832e5_S-1.jpg","datePublished":"2017-08-19T15:08:35+00:00","breadcrumb":{"@id":"https:\/\/www.info-algerie.com\/actualites\/le-president-bouteflika-procede-a-un-important-mouvement-des-cadres-de-ladministration-territoriale\/#breadcrumb"},"inLanguage":"fr-FR","potentialAction":[{"@type":"ReadAction","target":["https:\/\/www.info-algerie.com\/actualites\/le-president-bouteflika-procede-a-un-important-mouvement-des-cadres-de-ladministration-territoriale\/"]}]},{"@type":"ImageObject","inLanguage":"fr-FR","@id":"https:\/\/www.info-algerie.com\/actualites\/le-president-bouteflika-procede-a-un-important-mouvement-des-cadres-de-ladministration-territoriale\/#primaryimage","url":"https:\/\/www.info-algerie.com\/actualites\/wp-content\/uploads\/2017\/08\/af994fa303f1dbe4adb06a77943832e5_S-1.jpg","contentUrl":"https:\/\/www.info-algerie.com\/actualites\/wp-content\/uploads\/2017\/08\/af994fa303f1dbe4adb06a77943832e5_S-1.jpg","width":280,"height":169},{"@type":"BreadcrumbList","@id":"https:\/\/www.info-algerie.com\/actualites\/le-president-bouteflika-procede-a-un-important-mouvement-des-cadres-de-ladministration-territoriale\/#breadcrumb","itemListElement":[{"@type":"ListItem","position":1,"name":"Accueil","item":"https:\/\/www.info-algerie.com\/actualites\/"},{"@type":"ListItem","position":2,"name":"Le Pr\u00e9sident Bouteflika proc\u00e8de \u00e0 un important mouvement des cadres de l&#039;administration territoriale"}]},{"@type":"WebSite","@id":"https:\/\/www.info-algerie.com\/actualites\/#website","url":"https:\/\/www.info-algerie.com\/actualites\/","name":"info algerie","description":"Toutes les actualit\u00e9s","publisher":{"@id":"https:\/\/www.info-algerie.com\/actualites\/#organization"},"potentialAction":[{"@type":"SearchAction","target":{"@type":"EntryPoint","urlTemplate":"https:\/\/www.info-algerie.com\/actualites\/?s={search_term_string}"},"query-input":{"@type":"PropertyValueSpecification","valueRequired":true,"valueName":"search_term_string"}}],"inLanguage":"fr-FR"},{"@type":"Organization","@id":"https:\/\/www.info-algerie.com\/actualites\/#organization","name":"info algerie","url":"https:\/\/www.info-algerie.com\/actualites\/","logo":{"@type":"ImageObject","inLanguage":"fr-FR","@id":"https:\/\/www.info-algerie.com\/actualites\/#\/schema\/logo\/image\/","url":"https:\/\/www.info-algerie.com\/actualites\/wp-content\/uploads\/2022\/07\/logo-ia-120.png","contentUrl":"https:\/\/www.info-algerie.com\/actualites\/wp-content\/uploads\/2022\/07\/logo-ia-120.png","width":120,"height":43,"caption":"info algerie"},"image":{"@id":"https:\/\/www.info-algerie.com\/actualites\/#\/schema\/logo\/image\/"},"sameAs":["https:\/\/www.facebook.com\/infoalgerieactu","https:\/\/x.com\/infoalgerie1"]},{"@type":"Person","@id":"https:\/\/www.info-algerie.com\/actualites\/#\/schema\/person\/847aaec44920825b843a08f30ec6aa1e","name":"La r\u00e9daction","image":{"@type":"ImageObject","inLanguage":"fr-FR","@id":"https:\/\/secure.gravatar.com\/avatar\/769db425c6f465158149f1ffd6cf61ce7a8a879d11dfbef8288af36dfddd418c?s=96&d=mm&r=g","url":"https:\/\/secure.gravatar.com\/avatar\/769db425c6f465158149f1ffd6cf61ce7a8a879d11dfbef8288af36dfddd418c?s=96&d=mm&r=g","contentUrl":"https:\/\/secure.gravatar.com\/avatar\/769db425c6f465158149f1ffd6cf61ce7a8a879d11dfbef8288af36dfddd418c?s=96&d=mm&r=g","caption":"La r\u00e9daction"},"sameAs":["http:\/\/www.lkeria.com\/"],"url":"https:\/\/www.info-algerie.com\/actualites\/author\/chakib32\/"}]}},"_links":{"self":[{"href":"https:\/\/www.info-algerie.com\/actualites\/wp-json\/wp\/v2\/posts\/15151","targetHints":{"allow":["GET"]}}],"collection":[{"href":"https:\/\/www.info-algerie.com\/actualites\/wp-json\/wp\/v2\/posts"}],"about":[{"href":"https:\/\/www.info-algerie.com\/actualites\/wp-json\/wp\/v2\/types\/post"}],"author":[{"embeddable":true,"href":"https:\/\/www.info-algerie.com\/actualites\/wp-json\/wp\/v2\/users\/6"}],"replies":[{"embeddable":true,"href":"https:\/\/www.info-algerie.com\/actualites\/wp-json\/wp\/v2\/comments?post=15151"}],"version-history":[{"count":0,"href":"https:\/\/www.info-algerie.com\/actualites\/wp-json\/wp\/v2\/posts\/15151\/revisions"}],"wp:featuredmedia":[{"embeddable":true,"href":"https:\/\/www.info-algerie.com\/actualites\/wp-json\/wp\/v2\/media\/15152"}],"wp:attachment":[{"href":"https:\/\/www.info-algerie.com\/actualites\/wp-json\/wp\/v2\/media?parent=15151"}],"wp:term":[{"taxonomy":"category","embeddable":true,"href":"https:\/\/www.info-algerie.com\/actualites\/wp-json\/wp\/v2\/categories?post=15151"},{"taxonomy":"post_tag","embeddable":true,"href":"https:\/\/www.info-algerie.com\/actualites\/wp-json\/wp\/v2\/tags?post=15151"}],"curies":[{"name":"wp","href":"https:\/\/api.w.org\/{rel}","templated":true}]}}