{"id":15155,"date":"2017-08-19T17:09:57","date_gmt":"2017-08-19T16:09:57","guid":{"rendered":"http:\/\/www.info-algerie.com\/actualites\/renforcement-du-dispositif-securitaire-en-prevision-de-laid-el-adha\/"},"modified":"2017-08-19T17:09:57","modified_gmt":"2017-08-19T16:09:57","slug":"renforcement-du-dispositif-securitaire-en-prevision-de-laid-el-adha","status":"publish","type":"post","link":"https:\/\/www.info-algerie.com\/actualites\/renforcement-du-dispositif-securitaire-en-prevision-de-laid-el-adha\/","title":{"rendered":"Renforcement du dispositif s\u00e9curitaire en pr\u00e9vision de l&#039;Aid El Adha\u00a0"},"content":{"rendered":"<div class=\"K2FeedImage\"><img decoding=\"async\" src=\"https:\/\/www.info-algerie.com\/actualites\/wp-content\/uploads\/2017\/08\/f7c7cf28c437ed7136b188802ed0e378_S.jpg\" alt=\"Renforcement du dispositif s&#xE9;curitaire en pr&#xE9;vision de l'Aid El Adha&#xA0;\" \/><\/div>\n<div class=\"K2FeedIntroText\">\n<p>ALGER &#8211; Le minist\u00e8re de l&rsquo;Int\u00e9rieur, des collectivit\u00e9s locales et de l&rsquo;am\u00e9nagement du territoire, a mis en place, en pr\u00e9vision de la c\u00e9l\u00e9bration de l&rsquo;Aid El Adha, \u00ab\u00a0une s\u00e9rie de mesures s\u00e9curitaires en vue d&rsquo;assurer le bon d\u00e9roulement de cette f\u00eate religieuse, a indiqu\u00e9 samedi un communiqu\u00e9 du minist\u00e8re.<\/p>\n<p>&#013;\n<\/p><\/div>\n<div class=\"K2FeedFullText\">&#013;<\/p>\n<p>\u00ab\u00a0En pr\u00e9vision de la c\u00e9l\u00e9bration de l&rsquo;Aid El Adha, le minist\u00e8re de l&rsquo;Int\u00e9rieur, des collectivit\u00e9s locales et de l&rsquo;am\u00e9nagement du territoire a adopt\u00e9 une s\u00e9rie de mesures pour assurer le bon d\u00e9roulement de cette f\u00eate religieuse en mobilisant tous les moyens humains et mat\u00e9riels n\u00e9cessaires et en renfor\u00e7ant le dispositif de s\u00e9curit\u00e9, pr\u00e9cise la m\u00eame source.\u00a0<\/p>\n<p>&#013;<\/p>\n<p><span style=\"font-size: 12.16px\">A cet effet, les walis et walis d\u00e9l\u00e9gu\u00e9s \u00ab\u00a0ont pris toutes les dispositions n\u00e9cessaires \u00e0 la prise en charge de tous les aspects li\u00e9s \u00e0 cette f\u00eate religieuse\u00a0\u00bb, et ce en coordination avec tous les secteurs concern\u00e9s.<\/span><\/p>\n<\/div>\n<p>&#013;<br \/>\nSource: <a href=\"http:\/\/www.aps.dz\/algerie\/61890-renforcement-du-dispositif-securitaire-en-prevision-de-l-aid-el-adha\" target=\"_blank\">Renforcement du dispositif s\u00e9curitaire en pr\u00e9vision de l&rsquo;Aid El Adha\u00a0<\/a><\/p>\n<!--CusAds0-->\n<div style=\"font-size: 0px; height: 0px; line-height: 0px; margin: 0; padding: 0; clear: both;\"><\/div>","protected":false},"excerpt":{"rendered":"<p>ALGER &#8211; Le minist\u00e8re de l&rsquo;Int\u00e9rieur, des collectivit\u00e9s locales et de l&rsquo;am\u00e9nagement du territoire, a mis en place, en pr\u00e9vision de la c\u00e9l\u00e9bration de l&rsquo;Aid El Adha, \u00ab\u00a0une s\u00e9rie de mesures s\u00e9curitaires en vue d&rsquo;assurer le bon d\u00e9roulement de cette f\u00eate religieuse, a indiqu\u00e9 samedi un communiqu\u00e9 du minist\u00e8re. &#013; &#013; \u00ab\u00a0En pr\u00e9vision de la<\/p>\n","protected":false},"author":6,"featured_media":15156,"comment_status":"open","ping_status":"open","sticky":false,"template":"","format":"standard","meta":{"footnotes":""},"categories":[22],"tags":[93],"class_list":["post-15155","post","type-post","status-publish","format-standard","has-post-thumbnail","hentry","category-infos","tag-onu"],"yoast_head":"<!-- This site is optimized with the Yoast SEO plugin v27.5 - https:\/\/yoast.com\/product\/yoast-seo-wordpress\/ -->\n<title>Renforcement du dispositif s\u00e9curitaire en pr\u00e9vision de l&#039;Aid El Adha\u00a0 - info algerie<\/title>\n<meta name=\"robots\" content=\"index, follow, max-snippet:-1, max-image-preview:large, max-video-preview:-1\" \/>\n<link rel=\"canonical\" href=\"https:\/\/www.info-algerie.com\/actualites\/renforcement-du-dispositif-securitaire-en-prevision-de-laid-el-adha\/\" \/>\n<meta property=\"og:locale\" content=\"fr_FR\" \/>\n<meta property=\"og:type\" content=\"article\" \/>\n<meta property=\"og:title\" content=\"Renforcement du dispositif s\u00e9curitaire en pr\u00e9vision de l&#039;Aid El Adha\u00a0 - info algerie\" \/>\n<meta property=\"og:description\" content=\"ALGER &#8211; Le minist\u00e8re de l&rsquo;Int\u00e9rieur, des collectivit\u00e9s locales et de l&rsquo;am\u00e9nagement du territoire, a mis en place, en pr\u00e9vision de la c\u00e9l\u00e9bration de l&rsquo;Aid El Adha, \u00ab\u00a0une s\u00e9rie de mesures s\u00e9curitaires en vue d&rsquo;assurer le bon d\u00e9roulement de cette f\u00eate religieuse, a indiqu\u00e9 samedi un communiqu\u00e9 du minist\u00e8re. &#013; &#013; \u00ab\u00a0En pr\u00e9vision de la\" \/>\n<meta property=\"og:url\" content=\"https:\/\/www.info-algerie.com\/actualites\/renforcement-du-dispositif-securitaire-en-prevision-de-laid-el-adha\/\" \/>\n<meta property=\"og:site_name\" content=\"info algerie\" \/>\n<meta property=\"article:publisher\" content=\"https:\/\/www.facebook.com\/infoalgerieactu\" \/>\n<meta property=\"article:published_time\" content=\"2017-08-19T16:09:57+00:00\" \/>\n<meta property=\"og:image\" content=\"https:\/\/www.info-algerie.com\/actualites\/wp-content\/uploads\/2017\/08\/f7c7cf28c437ed7136b188802ed0e378_S-1.jpg\" \/>\n\t<meta property=\"og:image:width\" content=\"280\" \/>\n\t<meta property=\"og:image:height\" content=\"169\" \/>\n\t<meta property=\"og:image:type\" content=\"image\/jpeg\" \/>\n<meta name=\"author\" content=\"La r\u00e9daction\" \/>\n<meta name=\"twitter:label1\" content=\"\u00c9crit par\" \/>\n\t<meta name=\"twitter:data1\" content=\"La r\u00e9daction\" \/>\n\t<meta name=\"twitter:label2\" content=\"Dur\u00e9e de lecture estim\u00e9e\" \/>\n\t<meta name=\"twitter:data2\" content=\"1 minute\" \/>\n<script type=\"application\/ld+json\" class=\"yoast-schema-graph\">{\"@context\":\"https:\\\/\\\/schema.org\",\"@graph\":[{\"@type\":\"Article\",\"@id\":\"https:\\\/\\\/www.info-algerie.com\\\/actualites\\\/renforcement-du-dispositif-securitaire-en-prevision-de-laid-el-adha\\\/#article\",\"isPartOf\":{\"@id\":\"https:\\\/\\\/www.info-algerie.com\\\/actualites\\\/renforcement-du-dispositif-securitaire-en-prevision-de-laid-el-adha\\\/\"},\"author\":{\"name\":\"La r\u00e9daction\",\"@id\":\"https:\\\/\\\/www.info-algerie.com\\\/actualites\\\/#\\\/schema\\\/person\\\/847aaec44920825b843a08f30ec6aa1e\"},\"headline\":\"Renforcement du dispositif s\u00e9curitaire en pr\u00e9vision de l&#039;Aid El Adha\u00a0\",\"datePublished\":\"2017-08-19T16:09:57+00:00\",\"mainEntityOfPage\":{\"@id\":\"https:\\\/\\\/www.info-algerie.com\\\/actualites\\\/renforcement-du-dispositif-securitaire-en-prevision-de-laid-el-adha\\\/\"},\"wordCount\":209,\"commentCount\":0,\"publisher\":{\"@id\":\"https:\\\/\\\/www.info-algerie.com\\\/actualites\\\/#organization\"},\"image\":{\"@id\":\"https:\\\/\\\/www.info-algerie.com\\\/actualites\\\/renforcement-du-dispositif-securitaire-en-prevision-de-laid-el-adha\\\/#primaryimage\"},\"thumbnailUrl\":\"https:\\\/\\\/www.info-algerie.com\\\/actualites\\\/wp-content\\\/uploads\\\/2017\\\/08\\\/f7c7cf28c437ed7136b188802ed0e378_S-1.jpg\",\"keywords\":[\"ONU\"],\"articleSection\":[\"infos\"],\"inLanguage\":\"fr-FR\",\"potentialAction\":[{\"@type\":\"CommentAction\",\"name\":\"Comment\",\"target\":[\"https:\\\/\\\/www.info-algerie.com\\\/actualites\\\/renforcement-du-dispositif-securitaire-en-prevision-de-laid-el-adha\\\/#respond\"]}]},{\"@type\":\"WebPage\",\"@id\":\"https:\\\/\\\/www.info-algerie.com\\\/actualites\\\/renforcement-du-dispositif-securitaire-en-prevision-de-laid-el-adha\\\/\",\"url\":\"https:\\\/\\\/www.info-algerie.com\\\/actualites\\\/renforcement-du-dispositif-securitaire-en-prevision-de-laid-el-adha\\\/\",\"name\":\"Renforcement du dispositif s\u00e9curitaire en pr\u00e9vision de l&#039;Aid El Adha\u00a0 - info algerie\",\"isPartOf\":{\"@id\":\"https:\\\/\\\/www.info-algerie.com\\\/actualites\\\/#website\"},\"primaryImageOfPage\":{\"@id\":\"https:\\\/\\\/www.info-algerie.com\\\/actualites\\\/renforcement-du-dispositif-securitaire-en-prevision-de-laid-el-adha\\\/#primaryimage\"},\"image\":{\"@id\":\"https:\\\/\\\/www.info-algerie.com\\\/actualites\\\/renforcement-du-dispositif-securitaire-en-prevision-de-laid-el-adha\\\/#primaryimage\"},\"thumbnailUrl\":\"https:\\\/\\\/www.info-algerie.com\\\/actualites\\\/wp-content\\\/uploads\\\/2017\\\/08\\\/f7c7cf28c437ed7136b188802ed0e378_S-1.jpg\",\"datePublished\":\"2017-08-19T16:09:57+00:00\",\"breadcrumb\":{\"@id\":\"https:\\\/\\\/www.info-algerie.com\\\/actualites\\\/renforcement-du-dispositif-securitaire-en-prevision-de-laid-el-adha\\\/#breadcrumb\"},\"inLanguage\":\"fr-FR\",\"potentialAction\":[{\"@type\":\"ReadAction\",\"target\":[\"https:\\\/\\\/www.info-algerie.com\\\/actualites\\\/renforcement-du-dispositif-securitaire-en-prevision-de-laid-el-adha\\\/\"]}]},{\"@type\":\"ImageObject\",\"inLanguage\":\"fr-FR\",\"@id\":\"https:\\\/\\\/www.info-algerie.com\\\/actualites\\\/renforcement-du-dispositif-securitaire-en-prevision-de-laid-el-adha\\\/#primaryimage\",\"url\":\"https:\\\/\\\/www.info-algerie.com\\\/actualites\\\/wp-content\\\/uploads\\\/2017\\\/08\\\/f7c7cf28c437ed7136b188802ed0e378_S-1.jpg\",\"contentUrl\":\"https:\\\/\\\/www.info-algerie.com\\\/actualites\\\/wp-content\\\/uploads\\\/2017\\\/08\\\/f7c7cf28c437ed7136b188802ed0e378_S-1.jpg\",\"width\":280,\"height\":169},{\"@type\":\"BreadcrumbList\",\"@id\":\"https:\\\/\\\/www.info-algerie.com\\\/actualites\\\/renforcement-du-dispositif-securitaire-en-prevision-de-laid-el-adha\\\/#breadcrumb\",\"itemListElement\":[{\"@type\":\"ListItem\",\"position\":1,\"name\":\"Accueil\",\"item\":\"https:\\\/\\\/www.info-algerie.com\\\/actualites\\\/\"},{\"@type\":\"ListItem\",\"position\":2,\"name\":\"Renforcement du dispositif s\u00e9curitaire en pr\u00e9vision de l&#039;Aid El Adha\u00a0\"}]},{\"@type\":\"WebSite\",\"@id\":\"https:\\\/\\\/www.info-algerie.com\\\/actualites\\\/#website\",\"url\":\"https:\\\/\\\/www.info-algerie.com\\\/actualites\\\/\",\"name\":\"info algerie\",\"description\":\"Toutes les actualit\u00e9s\",\"publisher\":{\"@id\":\"https:\\\/\\\/www.info-algerie.com\\\/actualites\\\/#organization\"},\"potentialAction\":[{\"@type\":\"SearchAction\",\"target\":{\"@type\":\"EntryPoint\",\"urlTemplate\":\"https:\\\/\\\/www.info-algerie.com\\\/actualites\\\/?s={search_term_string}\"},\"query-input\":{\"@type\":\"PropertyValueSpecification\",\"valueRequired\":true,\"valueName\":\"search_term_string\"}}],\"inLanguage\":\"fr-FR\"},{\"@type\":\"Organization\",\"@id\":\"https:\\\/\\\/www.info-algerie.com\\\/actualites\\\/#organization\",\"name\":\"info algerie\",\"url\":\"https:\\\/\\\/www.info-algerie.com\\\/actualites\\\/\",\"logo\":{\"@type\":\"ImageObject\",\"inLanguage\":\"fr-FR\",\"@id\":\"https:\\\/\\\/www.info-algerie.com\\\/actualites\\\/#\\\/schema\\\/logo\\\/image\\\/\",\"url\":\"https:\\\/\\\/www.info-algerie.com\\\/actualites\\\/wp-content\\\/uploads\\\/2022\\\/07\\\/logo-ia-120.png\",\"contentUrl\":\"https:\\\/\\\/www.info-algerie.com\\\/actualites\\\/wp-content\\\/uploads\\\/2022\\\/07\\\/logo-ia-120.png\",\"width\":120,\"height\":43,\"caption\":\"info algerie\"},\"image\":{\"@id\":\"https:\\\/\\\/www.info-algerie.com\\\/actualites\\\/#\\\/schema\\\/logo\\\/image\\\/\"},\"sameAs\":[\"https:\\\/\\\/www.facebook.com\\\/infoalgerieactu\",\"https:\\\/\\\/x.com\\\/infoalgerie1\"]},{\"@type\":\"Person\",\"@id\":\"https:\\\/\\\/www.info-algerie.com\\\/actualites\\\/#\\\/schema\\\/person\\\/847aaec44920825b843a08f30ec6aa1e\",\"name\":\"La r\u00e9daction\",\"image\":{\"@type\":\"ImageObject\",\"inLanguage\":\"fr-FR\",\"@id\":\"https:\\\/\\\/secure.gravatar.com\\\/avatar\\\/769db425c6f465158149f1ffd6cf61ce7a8a879d11dfbef8288af36dfddd418c?s=96&d=mm&r=g\",\"url\":\"https:\\\/\\\/secure.gravatar.com\\\/avatar\\\/769db425c6f465158149f1ffd6cf61ce7a8a879d11dfbef8288af36dfddd418c?s=96&d=mm&r=g\",\"contentUrl\":\"https:\\\/\\\/secure.gravatar.com\\\/avatar\\\/769db425c6f465158149f1ffd6cf61ce7a8a879d11dfbef8288af36dfddd418c?s=96&d=mm&r=g\",\"caption\":\"La r\u00e9daction\"},\"sameAs\":[\"http:\\\/\\\/www.lkeria.com\\\/\"],\"url\":\"https:\\\/\\\/www.info-algerie.com\\\/actualites\\\/author\\\/chakib32\\\/\"}]}<\/script>\n<!-- \/ Yoast SEO plugin. -->","yoast_head_json":{"title":"Renforcement du dispositif s\u00e9curitaire en pr\u00e9vision de l&#039;Aid El Adha\u00a0 - info algerie","robots":{"index":"index","follow":"follow","max-snippet":"max-snippet:-1","max-image-preview":"max-image-preview:large","max-video-preview":"max-video-preview:-1"},"canonical":"https:\/\/www.info-algerie.com\/actualites\/renforcement-du-dispositif-securitaire-en-prevision-de-laid-el-adha\/","og_locale":"fr_FR","og_type":"article","og_title":"Renforcement du dispositif s\u00e9curitaire en pr\u00e9vision de l&#039;Aid El Adha\u00a0 - info algerie","og_description":"ALGER &#8211; Le minist\u00e8re de l&rsquo;Int\u00e9rieur, des collectivit\u00e9s locales et de l&rsquo;am\u00e9nagement du territoire, a mis en place, en pr\u00e9vision de la c\u00e9l\u00e9bration de l&rsquo;Aid El Adha, \u00ab\u00a0une s\u00e9rie de mesures s\u00e9curitaires en vue d&rsquo;assurer le bon d\u00e9roulement de cette f\u00eate religieuse, a indiqu\u00e9 samedi un communiqu\u00e9 du minist\u00e8re. &#013; &#013; \u00ab\u00a0En pr\u00e9vision de la","og_url":"https:\/\/www.info-algerie.com\/actualites\/renforcement-du-dispositif-securitaire-en-prevision-de-laid-el-adha\/","og_site_name":"info algerie","article_publisher":"https:\/\/www.facebook.com\/infoalgerieactu","article_published_time":"2017-08-19T16:09:57+00:00","og_image":[{"width":280,"height":169,"url":"https:\/\/www.info-algerie.com\/actualites\/wp-content\/uploads\/2017\/08\/f7c7cf28c437ed7136b188802ed0e378_S-1.jpg","type":"image\/jpeg"}],"author":"La r\u00e9daction","twitter_misc":{"\u00c9crit par":"La r\u00e9daction","Dur\u00e9e de lecture estim\u00e9e":"1 minute"},"schema":{"@context":"https:\/\/schema.org","@graph":[{"@type":"Article","@id":"https:\/\/www.info-algerie.com\/actualites\/renforcement-du-dispositif-securitaire-en-prevision-de-laid-el-adha\/#article","isPartOf":{"@id":"https:\/\/www.info-algerie.com\/actualites\/renforcement-du-dispositif-securitaire-en-prevision-de-laid-el-adha\/"},"author":{"name":"La r\u00e9daction","@id":"https:\/\/www.info-algerie.com\/actualites\/#\/schema\/person\/847aaec44920825b843a08f30ec6aa1e"},"headline":"Renforcement du dispositif s\u00e9curitaire en pr\u00e9vision de l&#039;Aid El Adha\u00a0","datePublished":"2017-08-19T16:09:57+00:00","mainEntityOfPage":{"@id":"https:\/\/www.info-algerie.com\/actualites\/renforcement-du-dispositif-securitaire-en-prevision-de-laid-el-adha\/"},"wordCount":209,"commentCount":0,"publisher":{"@id":"https:\/\/www.info-algerie.com\/actualites\/#organization"},"image":{"@id":"https:\/\/www.info-algerie.com\/actualites\/renforcement-du-dispositif-securitaire-en-prevision-de-laid-el-adha\/#primaryimage"},"thumbnailUrl":"https:\/\/www.info-algerie.com\/actualites\/wp-content\/uploads\/2017\/08\/f7c7cf28c437ed7136b188802ed0e378_S-1.jpg","keywords":["ONU"],"articleSection":["infos"],"inLanguage":"fr-FR","potentialAction":[{"@type":"CommentAction","name":"Comment","target":["https:\/\/www.info-algerie.com\/actualites\/renforcement-du-dispositif-securitaire-en-prevision-de-laid-el-adha\/#respond"]}]},{"@type":"WebPage","@id":"https:\/\/www.info-algerie.com\/actualites\/renforcement-du-dispositif-securitaire-en-prevision-de-laid-el-adha\/","url":"https:\/\/www.info-algerie.com\/actualites\/renforcement-du-dispositif-securitaire-en-prevision-de-laid-el-adha\/","name":"Renforcement du dispositif s\u00e9curitaire en pr\u00e9vision de l&#039;Aid El Adha\u00a0 - info algerie","isPartOf":{"@id":"https:\/\/www.info-algerie.com\/actualites\/#website"},"primaryImageOfPage":{"@id":"https:\/\/www.info-algerie.com\/actualites\/renforcement-du-dispositif-securitaire-en-prevision-de-laid-el-adha\/#primaryimage"},"image":{"@id":"https:\/\/www.info-algerie.com\/actualites\/renforcement-du-dispositif-securitaire-en-prevision-de-laid-el-adha\/#primaryimage"},"thumbnailUrl":"https:\/\/www.info-algerie.com\/actualites\/wp-content\/uploads\/2017\/08\/f7c7cf28c437ed7136b188802ed0e378_S-1.jpg","datePublished":"2017-08-19T16:09:57+00:00","breadcrumb":{"@id":"https:\/\/www.info-algerie.com\/actualites\/renforcement-du-dispositif-securitaire-en-prevision-de-laid-el-adha\/#breadcrumb"},"inLanguage":"fr-FR","potentialAction":[{"@type":"ReadAction","target":["https:\/\/www.info-algerie.com\/actualites\/renforcement-du-dispositif-securitaire-en-prevision-de-laid-el-adha\/"]}]},{"@type":"ImageObject","inLanguage":"fr-FR","@id":"https:\/\/www.info-algerie.com\/actualites\/renforcement-du-dispositif-securitaire-en-prevision-de-laid-el-adha\/#primaryimage","url":"https:\/\/www.info-algerie.com\/actualites\/wp-content\/uploads\/2017\/08\/f7c7cf28c437ed7136b188802ed0e378_S-1.jpg","contentUrl":"https:\/\/www.info-algerie.com\/actualites\/wp-content\/uploads\/2017\/08\/f7c7cf28c437ed7136b188802ed0e378_S-1.jpg","width":280,"height":169},{"@type":"BreadcrumbList","@id":"https:\/\/www.info-algerie.com\/actualites\/renforcement-du-dispositif-securitaire-en-prevision-de-laid-el-adha\/#breadcrumb","itemListElement":[{"@type":"ListItem","position":1,"name":"Accueil","item":"https:\/\/www.info-algerie.com\/actualites\/"},{"@type":"ListItem","position":2,"name":"Renforcement du dispositif s\u00e9curitaire en pr\u00e9vision de l&#039;Aid El Adha\u00a0"}]},{"@type":"WebSite","@id":"https:\/\/www.info-algerie.com\/actualites\/#website","url":"https:\/\/www.info-algerie.com\/actualites\/","name":"info algerie","description":"Toutes les actualit\u00e9s","publisher":{"@id":"https:\/\/www.info-algerie.com\/actualites\/#organization"},"potentialAction":[{"@type":"SearchAction","target":{"@type":"EntryPoint","urlTemplate":"https:\/\/www.info-algerie.com\/actualites\/?s={search_term_string}"},"query-input":{"@type":"PropertyValueSpecification","valueRequired":true,"valueName":"search_term_string"}}],"inLanguage":"fr-FR"},{"@type":"Organization","@id":"https:\/\/www.info-algerie.com\/actualites\/#organization","name":"info algerie","url":"https:\/\/www.info-algerie.com\/actualites\/","logo":{"@type":"ImageObject","inLanguage":"fr-FR","@id":"https:\/\/www.info-algerie.com\/actualites\/#\/schema\/logo\/image\/","url":"https:\/\/www.info-algerie.com\/actualites\/wp-content\/uploads\/2022\/07\/logo-ia-120.png","contentUrl":"https:\/\/www.info-algerie.com\/actualites\/wp-content\/uploads\/2022\/07\/logo-ia-120.png","width":120,"height":43,"caption":"info algerie"},"image":{"@id":"https:\/\/www.info-algerie.com\/actualites\/#\/schema\/logo\/image\/"},"sameAs":["https:\/\/www.facebook.com\/infoalgerieactu","https:\/\/x.com\/infoalgerie1"]},{"@type":"Person","@id":"https:\/\/www.info-algerie.com\/actualites\/#\/schema\/person\/847aaec44920825b843a08f30ec6aa1e","name":"La r\u00e9daction","image":{"@type":"ImageObject","inLanguage":"fr-FR","@id":"https:\/\/secure.gravatar.com\/avatar\/769db425c6f465158149f1ffd6cf61ce7a8a879d11dfbef8288af36dfddd418c?s=96&d=mm&r=g","url":"https:\/\/secure.gravatar.com\/avatar\/769db425c6f465158149f1ffd6cf61ce7a8a879d11dfbef8288af36dfddd418c?s=96&d=mm&r=g","contentUrl":"https:\/\/secure.gravatar.com\/avatar\/769db425c6f465158149f1ffd6cf61ce7a8a879d11dfbef8288af36dfddd418c?s=96&d=mm&r=g","caption":"La r\u00e9daction"},"sameAs":["http:\/\/www.lkeria.com\/"],"url":"https:\/\/www.info-algerie.com\/actualites\/author\/chakib32\/"}]}},"_links":{"self":[{"href":"https:\/\/www.info-algerie.com\/actualites\/wp-json\/wp\/v2\/posts\/15155","targetHints":{"allow":["GET"]}}],"collection":[{"href":"https:\/\/www.info-algerie.com\/actualites\/wp-json\/wp\/v2\/posts"}],"about":[{"href":"https:\/\/www.info-algerie.com\/actualites\/wp-json\/wp\/v2\/types\/post"}],"author":[{"embeddable":true,"href":"https:\/\/www.info-algerie.com\/actualites\/wp-json\/wp\/v2\/users\/6"}],"replies":[{"embeddable":true,"href":"https:\/\/www.info-algerie.com\/actualites\/wp-json\/wp\/v2\/comments?post=15155"}],"version-history":[{"count":0,"href":"https:\/\/www.info-algerie.com\/actualites\/wp-json\/wp\/v2\/posts\/15155\/revisions"}],"wp:featuredmedia":[{"embeddable":true,"href":"https:\/\/www.info-algerie.com\/actualites\/wp-json\/wp\/v2\/media\/15156"}],"wp:attachment":[{"href":"https:\/\/www.info-algerie.com\/actualites\/wp-json\/wp\/v2\/media?parent=15155"}],"wp:term":[{"taxonomy":"category","embeddable":true,"href":"https:\/\/www.info-algerie.com\/actualites\/wp-json\/wp\/v2\/categories?post=15155"},{"taxonomy":"post_tag","embeddable":true,"href":"https:\/\/www.info-algerie.com\/actualites\/wp-json\/wp\/v2\/tags?post=15155"}],"curies":[{"name":"wp","href":"https:\/\/api.w.org\/{rel}","templated":true}]}}