{"id":16007,"date":"2017-09-17T19:44:18","date_gmt":"2017-09-17T18:44:18","guid":{"rendered":"http:\/\/www.info-algerie.com\/actualites\/lancement-dune-formation-dinitiation-a-la-langue-amazighe-pour-les-fonctionnaires-du-snu\/"},"modified":"2017-09-17T19:44:18","modified_gmt":"2017-09-17T18:44:18","slug":"lancement-dune-formation-dinitiation-a-la-langue-amazighe-pour-les-fonctionnaires-du-snu","status":"publish","type":"post","link":"https:\/\/www.info-algerie.com\/actualites\/lancement-dune-formation-dinitiation-a-la-langue-amazighe-pour-les-fonctionnaires-du-snu\/","title":{"rendered":"Lancement d&#039;une formation d&#039;initiation \u00e0 la langue amazighe pour les\u00a0fonctionnaires du SNU"},"content":{"rendered":"<div class=\"K2FeedImage\"><img decoding=\"async\" src=\"https:\/\/www.info-algerie.com\/actualites\/wp-content\/uploads\/2017\/09\/cc0bffedca9c8c4d7282101a23448584_S.jpg\" alt=\"Lancement d'une formation d'initiation &#xE0; la langue amazighe pour les&#xA0;fonctionnaires du SNU\" \/><\/div>\n<div class=\"K2FeedIntroText\">\n<p>ALGER- Le Haut-Commissariat \u00e0 l\u2019Amazighit\u00e9 (HCA) et le\u00a0 bureau du Syst\u00e8me des Nations unies (SNU) en Alg\u00e9rie lancent, d\u00e8s le mercredi 20 septembre 2017 \u00e0 Alger, une premi\u00e8re session d\u2019initiation \u00e0 la\u00a0 langue amazighe, destin\u00e9e aux fonctionnaires de l&rsquo;organisation onusienne,\u00a0 indique dimanche le HCA, dans un communiqu\u00e9.<\/p>\n<p>&#013;\n<\/p><\/div>\n<div class=\"K2FeedFullText\">&#013;<\/p>\n<p>\u00ab\u00a0L\u2019un des objectifs vis\u00e9s par cette formation est, entre autres,\u00a0 l\u2019assimilation des dix-sept (17) Objectifs de D\u00e9veloppement Durable en\u00a0 langue amazighe, la lecture et l\u2019\u00e9criture et la consolidation des\u00a0 connaissances en langue amazighe\u00a0\u00bb, est-il pr\u00e9cis\u00e9 de m\u00eame source qui\u00a0 consid\u00e8re que \u00ab\u00a0la traduction des ODD en Tamazight est une opportunit\u00e9 pour\u00a0 rendre visibles, \u00e0 l\u2019\u00e9chelle mondiale, les avanc\u00e9s r\u00e9alis\u00e9es en Alg\u00e9rie\u00a0 dans la promotion de la langue amazighe\u00a0\u00bb.<\/p>\n<p>&#013;<\/p>\n<p>Soulignant que cette \u00e9tape s&rsquo;inscrit \u00ab\u00a0dans le m\u00eame sillage que la\u00a0 traduction de la D\u00e9claration des Droits de l\u2019Homme et la Convention de\u00a0 l\u2019Enfant\u00a0\u00bb, le HCA a ajout\u00e9 que cette formation \u00ab\u00a0est le r\u00e9sultat du\u00a0 partenariat\u00a0\u00bb \u00e9tabli le 16 mai dernier, lors d&rsquo;une c\u00e9r\u00e9monie organis\u00e9e au\u00a0 si\u00e8ge du HCA, en pr\u00e9sence du Coordonnateur R\u00e9sident du SNU et du\u00a0 Repr\u00e9sentant r\u00e9sident du Programme des Nations Unies pour le D\u00e9veloppement\u00a0 (PNUD) en Alg\u00e9rie, Eric Overvest, et du Secr\u00e9taire g\u00e9n\u00e9ral du HCA, Si El\u00a0 Hachemi Assad.<\/p>\n<p>&#013;<\/p>\n<p>Le HCA informe, enfin, que ladite formation se tiendra \u00e0 partir de 13 h au\u00a0 si\u00e8ge du SNU, sis au 41 rue Mohamed Khodi, El Biar (Alger).\u00a0<\/p>\n<\/div>\n<p>&#013;<br \/>\nSource: <a href=\"http:\/\/www.aps.dz\/algerie\/62939-lancement-d-une-formation-d-initiation-a-la-langue-amazighe-pour-les-fonctionnaires-du-snu\" target=\"_blank\">Lancement d&rsquo;une formation d&rsquo;initiation \u00e0 la langue amazighe pour les\u00a0fonctionnaires du SNU<\/a><\/p>\n<!--CusAds0-->\n<div style=\"font-size: 0px; height: 0px; line-height: 0px; margin: 0; padding: 0; clear: both;\"><\/div>","protected":false},"excerpt":{"rendered":"<p>ALGER- Le Haut-Commissariat \u00e0 l\u2019Amazighit\u00e9 (HCA) et le\u00a0 bureau du Syst\u00e8me des Nations unies (SNU) en Alg\u00e9rie lancent, d\u00e8s le mercredi 20 septembre 2017 \u00e0 Alger, une premi\u00e8re session d\u2019initiation \u00e0 la\u00a0 langue amazighe, destin\u00e9e aux fonctionnaires de l&rsquo;organisation onusienne,\u00a0 indique dimanche le HCA, dans un communiqu\u00e9. &#013; &#013; \u00ab\u00a0L\u2019un des objectifs vis\u00e9s par cette<\/p>\n","protected":false},"author":6,"featured_media":16008,"comment_status":"open","ping_status":"open","sticky":false,"template":"","format":"standard","meta":{"footnotes":""},"categories":[22],"tags":[93],"class_list":["post-16007","post","type-post","status-publish","format-standard","has-post-thumbnail","hentry","category-infos","tag-onu"],"yoast_head":"<!-- This site is optimized with the Yoast SEO plugin v27.5 - https:\/\/yoast.com\/product\/yoast-seo-wordpress\/ -->\n<title>Lancement d&#039;une formation d&#039;initiation \u00e0 la langue amazighe pour les\u00a0fonctionnaires du SNU - info algerie<\/title>\n<meta name=\"robots\" content=\"index, follow, max-snippet:-1, max-image-preview:large, max-video-preview:-1\" \/>\n<link rel=\"canonical\" href=\"https:\/\/www.info-algerie.com\/actualites\/lancement-dune-formation-dinitiation-a-la-langue-amazighe-pour-les-fonctionnaires-du-snu\/\" \/>\n<meta property=\"og:locale\" content=\"fr_FR\" \/>\n<meta property=\"og:type\" content=\"article\" \/>\n<meta property=\"og:title\" content=\"Lancement d&#039;une formation d&#039;initiation \u00e0 la langue amazighe pour les\u00a0fonctionnaires du SNU - info algerie\" \/>\n<meta property=\"og:description\" content=\"ALGER- Le Haut-Commissariat \u00e0 l\u2019Amazighit\u00e9 (HCA) et le\u00a0 bureau du Syst\u00e8me des Nations unies (SNU) en Alg\u00e9rie lancent, d\u00e8s le mercredi 20 septembre 2017 \u00e0 Alger, une premi\u00e8re session d\u2019initiation \u00e0 la\u00a0 langue amazighe, destin\u00e9e aux fonctionnaires de l&rsquo;organisation onusienne,\u00a0 indique dimanche le HCA, dans un communiqu\u00e9. &#013; &#013; \u00ab\u00a0L\u2019un des objectifs vis\u00e9s par cette\" \/>\n<meta property=\"og:url\" content=\"https:\/\/www.info-algerie.com\/actualites\/lancement-dune-formation-dinitiation-a-la-langue-amazighe-pour-les-fonctionnaires-du-snu\/\" \/>\n<meta property=\"og:site_name\" content=\"info algerie\" \/>\n<meta property=\"article:publisher\" content=\"https:\/\/www.facebook.com\/infoalgerieactu\" \/>\n<meta property=\"article:published_time\" content=\"2017-09-17T18:44:18+00:00\" \/>\n<meta property=\"og:image\" content=\"https:\/\/www.info-algerie.com\/actualites\/wp-content\/uploads\/2017\/09\/cc0bffedca9c8c4d7282101a23448584_S-1.jpg\" \/>\n\t<meta property=\"og:image:width\" content=\"280\" \/>\n\t<meta property=\"og:image:height\" content=\"169\" \/>\n\t<meta property=\"og:image:type\" content=\"image\/jpeg\" \/>\n<meta name=\"author\" content=\"La r\u00e9daction\" \/>\n<meta name=\"twitter:label1\" content=\"\u00c9crit par\" \/>\n\t<meta name=\"twitter:data1\" content=\"La r\u00e9daction\" \/>\n\t<meta name=\"twitter:label2\" content=\"Dur\u00e9e de lecture estim\u00e9e\" \/>\n\t<meta name=\"twitter:data2\" content=\"1 minute\" \/>\n<script type=\"application\/ld+json\" class=\"yoast-schema-graph\">{\"@context\":\"https:\\\/\\\/schema.org\",\"@graph\":[{\"@type\":\"Article\",\"@id\":\"https:\\\/\\\/www.info-algerie.com\\\/actualites\\\/lancement-dune-formation-dinitiation-a-la-langue-amazighe-pour-les-fonctionnaires-du-snu\\\/#article\",\"isPartOf\":{\"@id\":\"https:\\\/\\\/www.info-algerie.com\\\/actualites\\\/lancement-dune-formation-dinitiation-a-la-langue-amazighe-pour-les-fonctionnaires-du-snu\\\/\"},\"author\":{\"name\":\"La r\u00e9daction\",\"@id\":\"https:\\\/\\\/www.info-algerie.com\\\/actualites\\\/#\\\/schema\\\/person\\\/847aaec44920825b843a08f30ec6aa1e\"},\"headline\":\"Lancement d&#039;une formation d&#039;initiation \u00e0 la langue amazighe pour les\u00a0fonctionnaires du SNU\",\"datePublished\":\"2017-09-17T18:44:18+00:00\",\"mainEntityOfPage\":{\"@id\":\"https:\\\/\\\/www.info-algerie.com\\\/actualites\\\/lancement-dune-formation-dinitiation-a-la-langue-amazighe-pour-les-fonctionnaires-du-snu\\\/\"},\"wordCount\":285,\"commentCount\":0,\"publisher\":{\"@id\":\"https:\\\/\\\/www.info-algerie.com\\\/actualites\\\/#organization\"},\"image\":{\"@id\":\"https:\\\/\\\/www.info-algerie.com\\\/actualites\\\/lancement-dune-formation-dinitiation-a-la-langue-amazighe-pour-les-fonctionnaires-du-snu\\\/#primaryimage\"},\"thumbnailUrl\":\"https:\\\/\\\/www.info-algerie.com\\\/actualites\\\/wp-content\\\/uploads\\\/2017\\\/09\\\/cc0bffedca9c8c4d7282101a23448584_S-1.jpg\",\"keywords\":[\"ONU\"],\"articleSection\":[\"infos\"],\"inLanguage\":\"fr-FR\",\"potentialAction\":[{\"@type\":\"CommentAction\",\"name\":\"Comment\",\"target\":[\"https:\\\/\\\/www.info-algerie.com\\\/actualites\\\/lancement-dune-formation-dinitiation-a-la-langue-amazighe-pour-les-fonctionnaires-du-snu\\\/#respond\"]}]},{\"@type\":\"WebPage\",\"@id\":\"https:\\\/\\\/www.info-algerie.com\\\/actualites\\\/lancement-dune-formation-dinitiation-a-la-langue-amazighe-pour-les-fonctionnaires-du-snu\\\/\",\"url\":\"https:\\\/\\\/www.info-algerie.com\\\/actualites\\\/lancement-dune-formation-dinitiation-a-la-langue-amazighe-pour-les-fonctionnaires-du-snu\\\/\",\"name\":\"Lancement d&#039;une formation d&#039;initiation \u00e0 la langue amazighe pour les\u00a0fonctionnaires du SNU - info algerie\",\"isPartOf\":{\"@id\":\"https:\\\/\\\/www.info-algerie.com\\\/actualites\\\/#website\"},\"primaryImageOfPage\":{\"@id\":\"https:\\\/\\\/www.info-algerie.com\\\/actualites\\\/lancement-dune-formation-dinitiation-a-la-langue-amazighe-pour-les-fonctionnaires-du-snu\\\/#primaryimage\"},\"image\":{\"@id\":\"https:\\\/\\\/www.info-algerie.com\\\/actualites\\\/lancement-dune-formation-dinitiation-a-la-langue-amazighe-pour-les-fonctionnaires-du-snu\\\/#primaryimage\"},\"thumbnailUrl\":\"https:\\\/\\\/www.info-algerie.com\\\/actualites\\\/wp-content\\\/uploads\\\/2017\\\/09\\\/cc0bffedca9c8c4d7282101a23448584_S-1.jpg\",\"datePublished\":\"2017-09-17T18:44:18+00:00\",\"breadcrumb\":{\"@id\":\"https:\\\/\\\/www.info-algerie.com\\\/actualites\\\/lancement-dune-formation-dinitiation-a-la-langue-amazighe-pour-les-fonctionnaires-du-snu\\\/#breadcrumb\"},\"inLanguage\":\"fr-FR\",\"potentialAction\":[{\"@type\":\"ReadAction\",\"target\":[\"https:\\\/\\\/www.info-algerie.com\\\/actualites\\\/lancement-dune-formation-dinitiation-a-la-langue-amazighe-pour-les-fonctionnaires-du-snu\\\/\"]}]},{\"@type\":\"ImageObject\",\"inLanguage\":\"fr-FR\",\"@id\":\"https:\\\/\\\/www.info-algerie.com\\\/actualites\\\/lancement-dune-formation-dinitiation-a-la-langue-amazighe-pour-les-fonctionnaires-du-snu\\\/#primaryimage\",\"url\":\"https:\\\/\\\/www.info-algerie.com\\\/actualites\\\/wp-content\\\/uploads\\\/2017\\\/09\\\/cc0bffedca9c8c4d7282101a23448584_S-1.jpg\",\"contentUrl\":\"https:\\\/\\\/www.info-algerie.com\\\/actualites\\\/wp-content\\\/uploads\\\/2017\\\/09\\\/cc0bffedca9c8c4d7282101a23448584_S-1.jpg\",\"width\":280,\"height\":169},{\"@type\":\"BreadcrumbList\",\"@id\":\"https:\\\/\\\/www.info-algerie.com\\\/actualites\\\/lancement-dune-formation-dinitiation-a-la-langue-amazighe-pour-les-fonctionnaires-du-snu\\\/#breadcrumb\",\"itemListElement\":[{\"@type\":\"ListItem\",\"position\":1,\"name\":\"Accueil\",\"item\":\"https:\\\/\\\/www.info-algerie.com\\\/actualites\\\/\"},{\"@type\":\"ListItem\",\"position\":2,\"name\":\"Lancement d&#039;une formation d&#039;initiation \u00e0 la langue amazighe pour les\u00a0fonctionnaires du SNU\"}]},{\"@type\":\"WebSite\",\"@id\":\"https:\\\/\\\/www.info-algerie.com\\\/actualites\\\/#website\",\"url\":\"https:\\\/\\\/www.info-algerie.com\\\/actualites\\\/\",\"name\":\"info algerie\",\"description\":\"Toutes les actualit\u00e9s\",\"publisher\":{\"@id\":\"https:\\\/\\\/www.info-algerie.com\\\/actualites\\\/#organization\"},\"potentialAction\":[{\"@type\":\"SearchAction\",\"target\":{\"@type\":\"EntryPoint\",\"urlTemplate\":\"https:\\\/\\\/www.info-algerie.com\\\/actualites\\\/?s={search_term_string}\"},\"query-input\":{\"@type\":\"PropertyValueSpecification\",\"valueRequired\":true,\"valueName\":\"search_term_string\"}}],\"inLanguage\":\"fr-FR\"},{\"@type\":\"Organization\",\"@id\":\"https:\\\/\\\/www.info-algerie.com\\\/actualites\\\/#organization\",\"name\":\"info algerie\",\"url\":\"https:\\\/\\\/www.info-algerie.com\\\/actualites\\\/\",\"logo\":{\"@type\":\"ImageObject\",\"inLanguage\":\"fr-FR\",\"@id\":\"https:\\\/\\\/www.info-algerie.com\\\/actualites\\\/#\\\/schema\\\/logo\\\/image\\\/\",\"url\":\"https:\\\/\\\/www.info-algerie.com\\\/actualites\\\/wp-content\\\/uploads\\\/2022\\\/07\\\/logo-ia-120.png\",\"contentUrl\":\"https:\\\/\\\/www.info-algerie.com\\\/actualites\\\/wp-content\\\/uploads\\\/2022\\\/07\\\/logo-ia-120.png\",\"width\":120,\"height\":43,\"caption\":\"info algerie\"},\"image\":{\"@id\":\"https:\\\/\\\/www.info-algerie.com\\\/actualites\\\/#\\\/schema\\\/logo\\\/image\\\/\"},\"sameAs\":[\"https:\\\/\\\/www.facebook.com\\\/infoalgerieactu\",\"https:\\\/\\\/x.com\\\/infoalgerie1\"]},{\"@type\":\"Person\",\"@id\":\"https:\\\/\\\/www.info-algerie.com\\\/actualites\\\/#\\\/schema\\\/person\\\/847aaec44920825b843a08f30ec6aa1e\",\"name\":\"La r\u00e9daction\",\"image\":{\"@type\":\"ImageObject\",\"inLanguage\":\"fr-FR\",\"@id\":\"https:\\\/\\\/secure.gravatar.com\\\/avatar\\\/769db425c6f465158149f1ffd6cf61ce7a8a879d11dfbef8288af36dfddd418c?s=96&d=mm&r=g\",\"url\":\"https:\\\/\\\/secure.gravatar.com\\\/avatar\\\/769db425c6f465158149f1ffd6cf61ce7a8a879d11dfbef8288af36dfddd418c?s=96&d=mm&r=g\",\"contentUrl\":\"https:\\\/\\\/secure.gravatar.com\\\/avatar\\\/769db425c6f465158149f1ffd6cf61ce7a8a879d11dfbef8288af36dfddd418c?s=96&d=mm&r=g\",\"caption\":\"La r\u00e9daction\"},\"sameAs\":[\"http:\\\/\\\/www.lkeria.com\\\/\"],\"url\":\"https:\\\/\\\/www.info-algerie.com\\\/actualites\\\/author\\\/chakib32\\\/\"}]}<\/script>\n<!-- \/ Yoast SEO plugin. -->","yoast_head_json":{"title":"Lancement d&#039;une formation d&#039;initiation \u00e0 la langue amazighe pour les\u00a0fonctionnaires du SNU - info algerie","robots":{"index":"index","follow":"follow","max-snippet":"max-snippet:-1","max-image-preview":"max-image-preview:large","max-video-preview":"max-video-preview:-1"},"canonical":"https:\/\/www.info-algerie.com\/actualites\/lancement-dune-formation-dinitiation-a-la-langue-amazighe-pour-les-fonctionnaires-du-snu\/","og_locale":"fr_FR","og_type":"article","og_title":"Lancement d&#039;une formation d&#039;initiation \u00e0 la langue amazighe pour les\u00a0fonctionnaires du SNU - info algerie","og_description":"ALGER- Le Haut-Commissariat \u00e0 l\u2019Amazighit\u00e9 (HCA) et le\u00a0 bureau du Syst\u00e8me des Nations unies (SNU) en Alg\u00e9rie lancent, d\u00e8s le mercredi 20 septembre 2017 \u00e0 Alger, une premi\u00e8re session d\u2019initiation \u00e0 la\u00a0 langue amazighe, destin\u00e9e aux fonctionnaires de l&rsquo;organisation onusienne,\u00a0 indique dimanche le HCA, dans un communiqu\u00e9. &#013; &#013; \u00ab\u00a0L\u2019un des objectifs vis\u00e9s par cette","og_url":"https:\/\/www.info-algerie.com\/actualites\/lancement-dune-formation-dinitiation-a-la-langue-amazighe-pour-les-fonctionnaires-du-snu\/","og_site_name":"info algerie","article_publisher":"https:\/\/www.facebook.com\/infoalgerieactu","article_published_time":"2017-09-17T18:44:18+00:00","og_image":[{"width":280,"height":169,"url":"https:\/\/www.info-algerie.com\/actualites\/wp-content\/uploads\/2017\/09\/cc0bffedca9c8c4d7282101a23448584_S-1.jpg","type":"image\/jpeg"}],"author":"La r\u00e9daction","twitter_misc":{"\u00c9crit par":"La r\u00e9daction","Dur\u00e9e de lecture estim\u00e9e":"1 minute"},"schema":{"@context":"https:\/\/schema.org","@graph":[{"@type":"Article","@id":"https:\/\/www.info-algerie.com\/actualites\/lancement-dune-formation-dinitiation-a-la-langue-amazighe-pour-les-fonctionnaires-du-snu\/#article","isPartOf":{"@id":"https:\/\/www.info-algerie.com\/actualites\/lancement-dune-formation-dinitiation-a-la-langue-amazighe-pour-les-fonctionnaires-du-snu\/"},"author":{"name":"La r\u00e9daction","@id":"https:\/\/www.info-algerie.com\/actualites\/#\/schema\/person\/847aaec44920825b843a08f30ec6aa1e"},"headline":"Lancement d&#039;une formation d&#039;initiation \u00e0 la langue amazighe pour les\u00a0fonctionnaires du SNU","datePublished":"2017-09-17T18:44:18+00:00","mainEntityOfPage":{"@id":"https:\/\/www.info-algerie.com\/actualites\/lancement-dune-formation-dinitiation-a-la-langue-amazighe-pour-les-fonctionnaires-du-snu\/"},"wordCount":285,"commentCount":0,"publisher":{"@id":"https:\/\/www.info-algerie.com\/actualites\/#organization"},"image":{"@id":"https:\/\/www.info-algerie.com\/actualites\/lancement-dune-formation-dinitiation-a-la-langue-amazighe-pour-les-fonctionnaires-du-snu\/#primaryimage"},"thumbnailUrl":"https:\/\/www.info-algerie.com\/actualites\/wp-content\/uploads\/2017\/09\/cc0bffedca9c8c4d7282101a23448584_S-1.jpg","keywords":["ONU"],"articleSection":["infos"],"inLanguage":"fr-FR","potentialAction":[{"@type":"CommentAction","name":"Comment","target":["https:\/\/www.info-algerie.com\/actualites\/lancement-dune-formation-dinitiation-a-la-langue-amazighe-pour-les-fonctionnaires-du-snu\/#respond"]}]},{"@type":"WebPage","@id":"https:\/\/www.info-algerie.com\/actualites\/lancement-dune-formation-dinitiation-a-la-langue-amazighe-pour-les-fonctionnaires-du-snu\/","url":"https:\/\/www.info-algerie.com\/actualites\/lancement-dune-formation-dinitiation-a-la-langue-amazighe-pour-les-fonctionnaires-du-snu\/","name":"Lancement d&#039;une formation d&#039;initiation \u00e0 la langue amazighe pour les\u00a0fonctionnaires du SNU - info algerie","isPartOf":{"@id":"https:\/\/www.info-algerie.com\/actualites\/#website"},"primaryImageOfPage":{"@id":"https:\/\/www.info-algerie.com\/actualites\/lancement-dune-formation-dinitiation-a-la-langue-amazighe-pour-les-fonctionnaires-du-snu\/#primaryimage"},"image":{"@id":"https:\/\/www.info-algerie.com\/actualites\/lancement-dune-formation-dinitiation-a-la-langue-amazighe-pour-les-fonctionnaires-du-snu\/#primaryimage"},"thumbnailUrl":"https:\/\/www.info-algerie.com\/actualites\/wp-content\/uploads\/2017\/09\/cc0bffedca9c8c4d7282101a23448584_S-1.jpg","datePublished":"2017-09-17T18:44:18+00:00","breadcrumb":{"@id":"https:\/\/www.info-algerie.com\/actualites\/lancement-dune-formation-dinitiation-a-la-langue-amazighe-pour-les-fonctionnaires-du-snu\/#breadcrumb"},"inLanguage":"fr-FR","potentialAction":[{"@type":"ReadAction","target":["https:\/\/www.info-algerie.com\/actualites\/lancement-dune-formation-dinitiation-a-la-langue-amazighe-pour-les-fonctionnaires-du-snu\/"]}]},{"@type":"ImageObject","inLanguage":"fr-FR","@id":"https:\/\/www.info-algerie.com\/actualites\/lancement-dune-formation-dinitiation-a-la-langue-amazighe-pour-les-fonctionnaires-du-snu\/#primaryimage","url":"https:\/\/www.info-algerie.com\/actualites\/wp-content\/uploads\/2017\/09\/cc0bffedca9c8c4d7282101a23448584_S-1.jpg","contentUrl":"https:\/\/www.info-algerie.com\/actualites\/wp-content\/uploads\/2017\/09\/cc0bffedca9c8c4d7282101a23448584_S-1.jpg","width":280,"height":169},{"@type":"BreadcrumbList","@id":"https:\/\/www.info-algerie.com\/actualites\/lancement-dune-formation-dinitiation-a-la-langue-amazighe-pour-les-fonctionnaires-du-snu\/#breadcrumb","itemListElement":[{"@type":"ListItem","position":1,"name":"Accueil","item":"https:\/\/www.info-algerie.com\/actualites\/"},{"@type":"ListItem","position":2,"name":"Lancement d&#039;une formation d&#039;initiation \u00e0 la langue amazighe pour les\u00a0fonctionnaires du SNU"}]},{"@type":"WebSite","@id":"https:\/\/www.info-algerie.com\/actualites\/#website","url":"https:\/\/www.info-algerie.com\/actualites\/","name":"info algerie","description":"Toutes les actualit\u00e9s","publisher":{"@id":"https:\/\/www.info-algerie.com\/actualites\/#organization"},"potentialAction":[{"@type":"SearchAction","target":{"@type":"EntryPoint","urlTemplate":"https:\/\/www.info-algerie.com\/actualites\/?s={search_term_string}"},"query-input":{"@type":"PropertyValueSpecification","valueRequired":true,"valueName":"search_term_string"}}],"inLanguage":"fr-FR"},{"@type":"Organization","@id":"https:\/\/www.info-algerie.com\/actualites\/#organization","name":"info algerie","url":"https:\/\/www.info-algerie.com\/actualites\/","logo":{"@type":"ImageObject","inLanguage":"fr-FR","@id":"https:\/\/www.info-algerie.com\/actualites\/#\/schema\/logo\/image\/","url":"https:\/\/www.info-algerie.com\/actualites\/wp-content\/uploads\/2022\/07\/logo-ia-120.png","contentUrl":"https:\/\/www.info-algerie.com\/actualites\/wp-content\/uploads\/2022\/07\/logo-ia-120.png","width":120,"height":43,"caption":"info algerie"},"image":{"@id":"https:\/\/www.info-algerie.com\/actualites\/#\/schema\/logo\/image\/"},"sameAs":["https:\/\/www.facebook.com\/infoalgerieactu","https:\/\/x.com\/infoalgerie1"]},{"@type":"Person","@id":"https:\/\/www.info-algerie.com\/actualites\/#\/schema\/person\/847aaec44920825b843a08f30ec6aa1e","name":"La r\u00e9daction","image":{"@type":"ImageObject","inLanguage":"fr-FR","@id":"https:\/\/secure.gravatar.com\/avatar\/769db425c6f465158149f1ffd6cf61ce7a8a879d11dfbef8288af36dfddd418c?s=96&d=mm&r=g","url":"https:\/\/secure.gravatar.com\/avatar\/769db425c6f465158149f1ffd6cf61ce7a8a879d11dfbef8288af36dfddd418c?s=96&d=mm&r=g","contentUrl":"https:\/\/secure.gravatar.com\/avatar\/769db425c6f465158149f1ffd6cf61ce7a8a879d11dfbef8288af36dfddd418c?s=96&d=mm&r=g","caption":"La r\u00e9daction"},"sameAs":["http:\/\/www.lkeria.com\/"],"url":"https:\/\/www.info-algerie.com\/actualites\/author\/chakib32\/"}]}},"_links":{"self":[{"href":"https:\/\/www.info-algerie.com\/actualites\/wp-json\/wp\/v2\/posts\/16007","targetHints":{"allow":["GET"]}}],"collection":[{"href":"https:\/\/www.info-algerie.com\/actualites\/wp-json\/wp\/v2\/posts"}],"about":[{"href":"https:\/\/www.info-algerie.com\/actualites\/wp-json\/wp\/v2\/types\/post"}],"author":[{"embeddable":true,"href":"https:\/\/www.info-algerie.com\/actualites\/wp-json\/wp\/v2\/users\/6"}],"replies":[{"embeddable":true,"href":"https:\/\/www.info-algerie.com\/actualites\/wp-json\/wp\/v2\/comments?post=16007"}],"version-history":[{"count":0,"href":"https:\/\/www.info-algerie.com\/actualites\/wp-json\/wp\/v2\/posts\/16007\/revisions"}],"wp:featuredmedia":[{"embeddable":true,"href":"https:\/\/www.info-algerie.com\/actualites\/wp-json\/wp\/v2\/media\/16008"}],"wp:attachment":[{"href":"https:\/\/www.info-algerie.com\/actualites\/wp-json\/wp\/v2\/media?parent=16007"}],"wp:term":[{"taxonomy":"category","embeddable":true,"href":"https:\/\/www.info-algerie.com\/actualites\/wp-json\/wp\/v2\/categories?post=16007"},{"taxonomy":"post_tag","embeddable":true,"href":"https:\/\/www.info-algerie.com\/actualites\/wp-json\/wp\/v2\/tags?post=16007"}],"curies":[{"name":"wp","href":"https:\/\/api.w.org\/{rel}","templated":true}]}}