{"id":16018,"date":"2017-09-18T10:26:27","date_gmt":"2017-09-18T09:26:27","guid":{"rendered":"http:\/\/www.info-algerie.com\/actualites\/ligue-arabe-lalgerien-ismail-medjahed-decore-de-la-medaille-du-jeune-modele\/"},"modified":"2017-09-18T10:26:27","modified_gmt":"2017-09-18T09:26:27","slug":"ligue-arabe-lalgerien-ismail-medjahed-decore-de-la-medaille-du-jeune-modele","status":"publish","type":"post","link":"https:\/\/www.info-algerie.com\/actualites\/ligue-arabe-lalgerien-ismail-medjahed-decore-de-la-medaille-du-jeune-modele\/","title":{"rendered":"Ligue arabe: l&#039;Alg\u00e9rien Ismail Medjahed d\u00e9cor\u00e9 de la m\u00e9daille du &quot;jeune mod\u00e8le&quot;"},"content":{"rendered":"<div class=\"K2FeedImage\"><img decoding=\"async\" src=\"https:\/\/www.info-algerie.com\/actualites\/wp-content\/uploads\/2017\/09\/dc2736912fa9a86f094a63b6bd7fa329_S.jpg\" \/><\/div>\n<div class=\"K2FeedIntroText\">\n<p class=\"MsoNoSpacing\">LE CAIRE- La Ligue arabe a d\u00e9cor\u00e9, dimanche au Caire, l&rsquo;Alg\u00e9rien Ismail Medjahid, Conseiller du pr\u00e9sident du Conseil \u00e9conomique et social (CNES), de la m\u00e9daille du \u00ab\u00a0jeune mod\u00e8le\u00a0\u00bb \u00e0 l&rsquo;occasion de la journ\u00e9e internationale de la jeunesse, c\u00e9l\u00e9br\u00e9e le 17 septembre de chaque ann\u00e9e.<\/p>\n<p>&#013;\n<\/p><\/div>\n<div class=\"K2FeedFullText\">&#013;<\/p>\n<p>Ismail Medjahed a \u00e9t\u00e9 choisi par la Ligue arabe repr\u00e9sent\u00e9e par les d\u00e9partements de la jeunesse et des sports et celui de la soci\u00e9t\u00e9 civile, ainsi que le Conseil de la jeunesse arabe, parmi 20 jeunes s\u00e9lectionn\u00e9s sur un total de 300 participants repr\u00e9sentant 20 pays arabes.<\/p>\n<p>&#013;<\/p>\n<p>La c\u00e9r\u00e9monie de distinction s&rsquo;est d\u00e9roul\u00e9e au si\u00e8ge du Secr\u00e9tariat g\u00e9n\u00e9rale en pr\u00e9sence de plusieurs ministres arabes et responsables \u00e0 la Ligue. \u00a0<\/p>\n<p>&#013;<\/p>\n<p>\u00a0 \u00a0 \u00a0 \u00a0 \u00a0 \u00a0 \u00a0 \u00a0 \u00a0 \u00a0 \u00a0 \u00a0 \u00a0 \u00a0 \u00a0 \u00a0 \u00a0 \u00a0 \u00a0 \u00a0 \u00a0 \u00a0 \u00a0 \u00a0 \u00a0 \u00a0 \u00a0 \u00a0 \u00a0 \u00a0 \u00a0 \u00a0 \u00a0 \u00a0 \u00a0 \u00a0 \u00a0 \u00a0 \u00a0 \u00a0 \u00a0 \u00a0 \u00a0 \u00a0 \u00a0\u00a0<img decoding=\"async\" src=\"https:\/\/www.info-algerie.com\/actualites\/wp-content\/uploads\/2017\/09\/zzzzzz.jpg\" alt=\"\" \/><\/p>\n<p>&#013;<\/p>\n<p>Le secr\u00e9tariat g\u00e9n\u00e9ral de la Ligue arabe (d\u00e9partement des affaires sociales-direction de la soci\u00e9t\u00e9 civile et direction de la jeunesse et des sports) ont lanc\u00e9 dimanche au si\u00e8ge de la Ligue, en coordination avec le Conseil de la jeunesse arabe pour le d\u00e9veloppement, l&rsquo;initiative du \u00ab\u00a0jeune mod\u00e8le\u00a0\u00bb.<\/p>\n<p>&#013;<\/p>\n<p>Selon le directeur du d\u00e9partement de la jeunesse et des sports \u00e0 la Ligue et responsable du secr\u00e9tariat technique du conseil arabe des ministres de la jeunesse et des sports, Abdelmounim El Chairi , cette initiative est d&rsquo;autant plus importante que le jeune est \u00ab\u00a0un partenaire important dans la soci\u00e9t\u00e9 et assume un r\u00f4le vital dans le d\u00e9veloppement de sa soci\u00e9t\u00e9 et la\u00a0 construction de son avenir\u00a0\u00bb.<\/p>\n<p>&#013;<\/p>\n<p>\u00a0<\/p>\n<p>&#013;<\/p>\n<p>\u00a0<\/p>\n<\/div>\n<p>&#013;<br \/>\nSource: <a href=\"http:\/\/www.aps.dz\/algerie\/62944-cnes-l-algerien-ismail-medjahed-decore-de-la-medaille-du-jeune-modele-de-la-ligue-arabe\" target=\"_blank\">Ligue arabe: l&rsquo;Alg\u00e9rien Ismail Medjahed d\u00e9cor\u00e9 de la m\u00e9daille du \u00ab\u00a0jeune mod\u00e8le\u00a0\u00bb<\/a><\/p>\n<!--CusAds0-->\n<div style=\"font-size: 0px; height: 0px; line-height: 0px; margin: 0; padding: 0; clear: both;\"><\/div>","protected":false},"excerpt":{"rendered":"<p>LE CAIRE- La Ligue arabe a d\u00e9cor\u00e9, dimanche au Caire, l&rsquo;Alg\u00e9rien Ismail Medjahid, Conseiller du pr\u00e9sident du Conseil \u00e9conomique et social (CNES), de la m\u00e9daille du \u00ab\u00a0jeune mod\u00e8le\u00a0\u00bb \u00e0 l&rsquo;occasion de la journ\u00e9e internationale de la jeunesse, c\u00e9l\u00e9br\u00e9e le 17 septembre de chaque ann\u00e9e. &#013; &#013; Ismail Medjahed a \u00e9t\u00e9 choisi par la Ligue arabe<\/p>\n","protected":false},"author":6,"featured_media":16019,"comment_status":"open","ping_status":"open","sticky":false,"template":"","format":"standard","meta":{"footnotes":""},"categories":[22],"tags":[93],"class_list":["post-16018","post","type-post","status-publish","format-standard","has-post-thumbnail","hentry","category-infos","tag-onu"],"yoast_head":"<!-- This site is optimized with the Yoast SEO plugin v27.5 - https:\/\/yoast.com\/product\/yoast-seo-wordpress\/ -->\n<title>Ligue arabe: l&#039;Alg\u00e9rien Ismail Medjahed d\u00e9cor\u00e9 de la m\u00e9daille du &quot;jeune mod\u00e8le&quot; - info algerie<\/title>\n<meta name=\"robots\" content=\"index, follow, max-snippet:-1, max-image-preview:large, max-video-preview:-1\" \/>\n<link rel=\"canonical\" href=\"https:\/\/www.info-algerie.com\/actualites\/ligue-arabe-lalgerien-ismail-medjahed-decore-de-la-medaille-du-jeune-modele\/\" \/>\n<meta property=\"og:locale\" content=\"fr_FR\" \/>\n<meta property=\"og:type\" content=\"article\" \/>\n<meta property=\"og:title\" content=\"Ligue arabe: l&#039;Alg\u00e9rien Ismail Medjahed d\u00e9cor\u00e9 de la m\u00e9daille du &quot;jeune mod\u00e8le&quot; - info algerie\" \/>\n<meta property=\"og:description\" content=\"LE CAIRE- La Ligue arabe a d\u00e9cor\u00e9, dimanche au Caire, l&rsquo;Alg\u00e9rien Ismail Medjahid, Conseiller du pr\u00e9sident du Conseil \u00e9conomique et social (CNES), de la m\u00e9daille du \u00ab\u00a0jeune mod\u00e8le\u00a0\u00bb \u00e0 l&rsquo;occasion de la journ\u00e9e internationale de la jeunesse, c\u00e9l\u00e9br\u00e9e le 17 septembre de chaque ann\u00e9e. &#013; &#013; Ismail Medjahed a \u00e9t\u00e9 choisi par la Ligue arabe\" \/>\n<meta property=\"og:url\" content=\"https:\/\/www.info-algerie.com\/actualites\/ligue-arabe-lalgerien-ismail-medjahed-decore-de-la-medaille-du-jeune-modele\/\" \/>\n<meta property=\"og:site_name\" content=\"info algerie\" \/>\n<meta property=\"article:publisher\" content=\"https:\/\/www.facebook.com\/infoalgerieactu\" \/>\n<meta property=\"article:published_time\" content=\"2017-09-18T09:26:27+00:00\" \/>\n<meta property=\"og:image\" content=\"https:\/\/www.info-algerie.com\/actualites\/wp-content\/uploads\/2017\/09\/dc2736912fa9a86f094a63b6bd7fa329_S-1.jpg\" \/>\n\t<meta property=\"og:image:width\" content=\"280\" \/>\n\t<meta property=\"og:image:height\" content=\"167\" \/>\n\t<meta property=\"og:image:type\" content=\"image\/jpeg\" \/>\n<meta name=\"author\" content=\"La r\u00e9daction\" \/>\n<meta name=\"twitter:label1\" content=\"\u00c9crit par\" \/>\n\t<meta name=\"twitter:data1\" content=\"La r\u00e9daction\" \/>\n\t<meta name=\"twitter:label2\" content=\"Dur\u00e9e de lecture estim\u00e9e\" \/>\n\t<meta name=\"twitter:data2\" content=\"1 minute\" \/>\n<script type=\"application\/ld+json\" class=\"yoast-schema-graph\">{\"@context\":\"https:\\\/\\\/schema.org\",\"@graph\":[{\"@type\":\"Article\",\"@id\":\"https:\\\/\\\/www.info-algerie.com\\\/actualites\\\/ligue-arabe-lalgerien-ismail-medjahed-decore-de-la-medaille-du-jeune-modele\\\/#article\",\"isPartOf\":{\"@id\":\"https:\\\/\\\/www.info-algerie.com\\\/actualites\\\/ligue-arabe-lalgerien-ismail-medjahed-decore-de-la-medaille-du-jeune-modele\\\/\"},\"author\":{\"name\":\"La r\u00e9daction\",\"@id\":\"https:\\\/\\\/www.info-algerie.com\\\/actualites\\\/#\\\/schema\\\/person\\\/847aaec44920825b843a08f30ec6aa1e\"},\"headline\":\"Ligue arabe: l&#039;Alg\u00e9rien Ismail Medjahed d\u00e9cor\u00e9 de la m\u00e9daille du &quot;jeune mod\u00e8le&quot;\",\"datePublished\":\"2017-09-18T09:26:27+00:00\",\"mainEntityOfPage\":{\"@id\":\"https:\\\/\\\/www.info-algerie.com\\\/actualites\\\/ligue-arabe-lalgerien-ismail-medjahed-decore-de-la-medaille-du-jeune-modele\\\/\"},\"wordCount\":301,\"commentCount\":0,\"publisher\":{\"@id\":\"https:\\\/\\\/www.info-algerie.com\\\/actualites\\\/#organization\"},\"image\":{\"@id\":\"https:\\\/\\\/www.info-algerie.com\\\/actualites\\\/ligue-arabe-lalgerien-ismail-medjahed-decore-de-la-medaille-du-jeune-modele\\\/#primaryimage\"},\"thumbnailUrl\":\"https:\\\/\\\/www.info-algerie.com\\\/actualites\\\/wp-content\\\/uploads\\\/2017\\\/09\\\/dc2736912fa9a86f094a63b6bd7fa329_S-1.jpg\",\"keywords\":[\"ONU\"],\"articleSection\":[\"infos\"],\"inLanguage\":\"fr-FR\",\"potentialAction\":[{\"@type\":\"CommentAction\",\"name\":\"Comment\",\"target\":[\"https:\\\/\\\/www.info-algerie.com\\\/actualites\\\/ligue-arabe-lalgerien-ismail-medjahed-decore-de-la-medaille-du-jeune-modele\\\/#respond\"]}]},{\"@type\":\"WebPage\",\"@id\":\"https:\\\/\\\/www.info-algerie.com\\\/actualites\\\/ligue-arabe-lalgerien-ismail-medjahed-decore-de-la-medaille-du-jeune-modele\\\/\",\"url\":\"https:\\\/\\\/www.info-algerie.com\\\/actualites\\\/ligue-arabe-lalgerien-ismail-medjahed-decore-de-la-medaille-du-jeune-modele\\\/\",\"name\":\"Ligue arabe: l&#039;Alg\u00e9rien Ismail Medjahed d\u00e9cor\u00e9 de la m\u00e9daille du &quot;jeune mod\u00e8le&quot; - info algerie\",\"isPartOf\":{\"@id\":\"https:\\\/\\\/www.info-algerie.com\\\/actualites\\\/#website\"},\"primaryImageOfPage\":{\"@id\":\"https:\\\/\\\/www.info-algerie.com\\\/actualites\\\/ligue-arabe-lalgerien-ismail-medjahed-decore-de-la-medaille-du-jeune-modele\\\/#primaryimage\"},\"image\":{\"@id\":\"https:\\\/\\\/www.info-algerie.com\\\/actualites\\\/ligue-arabe-lalgerien-ismail-medjahed-decore-de-la-medaille-du-jeune-modele\\\/#primaryimage\"},\"thumbnailUrl\":\"https:\\\/\\\/www.info-algerie.com\\\/actualites\\\/wp-content\\\/uploads\\\/2017\\\/09\\\/dc2736912fa9a86f094a63b6bd7fa329_S-1.jpg\",\"datePublished\":\"2017-09-18T09:26:27+00:00\",\"breadcrumb\":{\"@id\":\"https:\\\/\\\/www.info-algerie.com\\\/actualites\\\/ligue-arabe-lalgerien-ismail-medjahed-decore-de-la-medaille-du-jeune-modele\\\/#breadcrumb\"},\"inLanguage\":\"fr-FR\",\"potentialAction\":[{\"@type\":\"ReadAction\",\"target\":[\"https:\\\/\\\/www.info-algerie.com\\\/actualites\\\/ligue-arabe-lalgerien-ismail-medjahed-decore-de-la-medaille-du-jeune-modele\\\/\"]}]},{\"@type\":\"ImageObject\",\"inLanguage\":\"fr-FR\",\"@id\":\"https:\\\/\\\/www.info-algerie.com\\\/actualites\\\/ligue-arabe-lalgerien-ismail-medjahed-decore-de-la-medaille-du-jeune-modele\\\/#primaryimage\",\"url\":\"https:\\\/\\\/www.info-algerie.com\\\/actualites\\\/wp-content\\\/uploads\\\/2017\\\/09\\\/dc2736912fa9a86f094a63b6bd7fa329_S-1.jpg\",\"contentUrl\":\"https:\\\/\\\/www.info-algerie.com\\\/actualites\\\/wp-content\\\/uploads\\\/2017\\\/09\\\/dc2736912fa9a86f094a63b6bd7fa329_S-1.jpg\",\"width\":280,\"height\":167},{\"@type\":\"BreadcrumbList\",\"@id\":\"https:\\\/\\\/www.info-algerie.com\\\/actualites\\\/ligue-arabe-lalgerien-ismail-medjahed-decore-de-la-medaille-du-jeune-modele\\\/#breadcrumb\",\"itemListElement\":[{\"@type\":\"ListItem\",\"position\":1,\"name\":\"Accueil\",\"item\":\"https:\\\/\\\/www.info-algerie.com\\\/actualites\\\/\"},{\"@type\":\"ListItem\",\"position\":2,\"name\":\"Ligue arabe: l&#039;Alg\u00e9rien Ismail Medjahed d\u00e9cor\u00e9 de la m\u00e9daille du &quot;jeune mod\u00e8le&quot;\"}]},{\"@type\":\"WebSite\",\"@id\":\"https:\\\/\\\/www.info-algerie.com\\\/actualites\\\/#website\",\"url\":\"https:\\\/\\\/www.info-algerie.com\\\/actualites\\\/\",\"name\":\"info algerie\",\"description\":\"Toutes les actualit\u00e9s\",\"publisher\":{\"@id\":\"https:\\\/\\\/www.info-algerie.com\\\/actualites\\\/#organization\"},\"potentialAction\":[{\"@type\":\"SearchAction\",\"target\":{\"@type\":\"EntryPoint\",\"urlTemplate\":\"https:\\\/\\\/www.info-algerie.com\\\/actualites\\\/?s={search_term_string}\"},\"query-input\":{\"@type\":\"PropertyValueSpecification\",\"valueRequired\":true,\"valueName\":\"search_term_string\"}}],\"inLanguage\":\"fr-FR\"},{\"@type\":\"Organization\",\"@id\":\"https:\\\/\\\/www.info-algerie.com\\\/actualites\\\/#organization\",\"name\":\"info algerie\",\"url\":\"https:\\\/\\\/www.info-algerie.com\\\/actualites\\\/\",\"logo\":{\"@type\":\"ImageObject\",\"inLanguage\":\"fr-FR\",\"@id\":\"https:\\\/\\\/www.info-algerie.com\\\/actualites\\\/#\\\/schema\\\/logo\\\/image\\\/\",\"url\":\"https:\\\/\\\/www.info-algerie.com\\\/actualites\\\/wp-content\\\/uploads\\\/2022\\\/07\\\/logo-ia-120.png\",\"contentUrl\":\"https:\\\/\\\/www.info-algerie.com\\\/actualites\\\/wp-content\\\/uploads\\\/2022\\\/07\\\/logo-ia-120.png\",\"width\":120,\"height\":43,\"caption\":\"info algerie\"},\"image\":{\"@id\":\"https:\\\/\\\/www.info-algerie.com\\\/actualites\\\/#\\\/schema\\\/logo\\\/image\\\/\"},\"sameAs\":[\"https:\\\/\\\/www.facebook.com\\\/infoalgerieactu\",\"https:\\\/\\\/x.com\\\/infoalgerie1\"]},{\"@type\":\"Person\",\"@id\":\"https:\\\/\\\/www.info-algerie.com\\\/actualites\\\/#\\\/schema\\\/person\\\/847aaec44920825b843a08f30ec6aa1e\",\"name\":\"La r\u00e9daction\",\"image\":{\"@type\":\"ImageObject\",\"inLanguage\":\"fr-FR\",\"@id\":\"https:\\\/\\\/secure.gravatar.com\\\/avatar\\\/769db425c6f465158149f1ffd6cf61ce7a8a879d11dfbef8288af36dfddd418c?s=96&d=mm&r=g\",\"url\":\"https:\\\/\\\/secure.gravatar.com\\\/avatar\\\/769db425c6f465158149f1ffd6cf61ce7a8a879d11dfbef8288af36dfddd418c?s=96&d=mm&r=g\",\"contentUrl\":\"https:\\\/\\\/secure.gravatar.com\\\/avatar\\\/769db425c6f465158149f1ffd6cf61ce7a8a879d11dfbef8288af36dfddd418c?s=96&d=mm&r=g\",\"caption\":\"La r\u00e9daction\"},\"sameAs\":[\"http:\\\/\\\/www.lkeria.com\\\/\"],\"url\":\"https:\\\/\\\/www.info-algerie.com\\\/actualites\\\/author\\\/chakib32\\\/\"}]}<\/script>\n<!-- \/ Yoast SEO plugin. -->","yoast_head_json":{"title":"Ligue arabe: l&#039;Alg\u00e9rien Ismail Medjahed d\u00e9cor\u00e9 de la m\u00e9daille du &quot;jeune mod\u00e8le&quot; - info algerie","robots":{"index":"index","follow":"follow","max-snippet":"max-snippet:-1","max-image-preview":"max-image-preview:large","max-video-preview":"max-video-preview:-1"},"canonical":"https:\/\/www.info-algerie.com\/actualites\/ligue-arabe-lalgerien-ismail-medjahed-decore-de-la-medaille-du-jeune-modele\/","og_locale":"fr_FR","og_type":"article","og_title":"Ligue arabe: l&#039;Alg\u00e9rien Ismail Medjahed d\u00e9cor\u00e9 de la m\u00e9daille du &quot;jeune mod\u00e8le&quot; - info algerie","og_description":"LE CAIRE- La Ligue arabe a d\u00e9cor\u00e9, dimanche au Caire, l&rsquo;Alg\u00e9rien Ismail Medjahid, Conseiller du pr\u00e9sident du Conseil \u00e9conomique et social (CNES), de la m\u00e9daille du \u00ab\u00a0jeune mod\u00e8le\u00a0\u00bb \u00e0 l&rsquo;occasion de la journ\u00e9e internationale de la jeunesse, c\u00e9l\u00e9br\u00e9e le 17 septembre de chaque ann\u00e9e. &#013; &#013; Ismail Medjahed a \u00e9t\u00e9 choisi par la Ligue arabe","og_url":"https:\/\/www.info-algerie.com\/actualites\/ligue-arabe-lalgerien-ismail-medjahed-decore-de-la-medaille-du-jeune-modele\/","og_site_name":"info algerie","article_publisher":"https:\/\/www.facebook.com\/infoalgerieactu","article_published_time":"2017-09-18T09:26:27+00:00","og_image":[{"width":280,"height":167,"url":"https:\/\/www.info-algerie.com\/actualites\/wp-content\/uploads\/2017\/09\/dc2736912fa9a86f094a63b6bd7fa329_S-1.jpg","type":"image\/jpeg"}],"author":"La r\u00e9daction","twitter_misc":{"\u00c9crit par":"La r\u00e9daction","Dur\u00e9e de lecture estim\u00e9e":"1 minute"},"schema":{"@context":"https:\/\/schema.org","@graph":[{"@type":"Article","@id":"https:\/\/www.info-algerie.com\/actualites\/ligue-arabe-lalgerien-ismail-medjahed-decore-de-la-medaille-du-jeune-modele\/#article","isPartOf":{"@id":"https:\/\/www.info-algerie.com\/actualites\/ligue-arabe-lalgerien-ismail-medjahed-decore-de-la-medaille-du-jeune-modele\/"},"author":{"name":"La r\u00e9daction","@id":"https:\/\/www.info-algerie.com\/actualites\/#\/schema\/person\/847aaec44920825b843a08f30ec6aa1e"},"headline":"Ligue arabe: l&#039;Alg\u00e9rien Ismail Medjahed d\u00e9cor\u00e9 de la m\u00e9daille du &quot;jeune mod\u00e8le&quot;","datePublished":"2017-09-18T09:26:27+00:00","mainEntityOfPage":{"@id":"https:\/\/www.info-algerie.com\/actualites\/ligue-arabe-lalgerien-ismail-medjahed-decore-de-la-medaille-du-jeune-modele\/"},"wordCount":301,"commentCount":0,"publisher":{"@id":"https:\/\/www.info-algerie.com\/actualites\/#organization"},"image":{"@id":"https:\/\/www.info-algerie.com\/actualites\/ligue-arabe-lalgerien-ismail-medjahed-decore-de-la-medaille-du-jeune-modele\/#primaryimage"},"thumbnailUrl":"https:\/\/www.info-algerie.com\/actualites\/wp-content\/uploads\/2017\/09\/dc2736912fa9a86f094a63b6bd7fa329_S-1.jpg","keywords":["ONU"],"articleSection":["infos"],"inLanguage":"fr-FR","potentialAction":[{"@type":"CommentAction","name":"Comment","target":["https:\/\/www.info-algerie.com\/actualites\/ligue-arabe-lalgerien-ismail-medjahed-decore-de-la-medaille-du-jeune-modele\/#respond"]}]},{"@type":"WebPage","@id":"https:\/\/www.info-algerie.com\/actualites\/ligue-arabe-lalgerien-ismail-medjahed-decore-de-la-medaille-du-jeune-modele\/","url":"https:\/\/www.info-algerie.com\/actualites\/ligue-arabe-lalgerien-ismail-medjahed-decore-de-la-medaille-du-jeune-modele\/","name":"Ligue arabe: l&#039;Alg\u00e9rien Ismail Medjahed d\u00e9cor\u00e9 de la m\u00e9daille du &quot;jeune mod\u00e8le&quot; - info algerie","isPartOf":{"@id":"https:\/\/www.info-algerie.com\/actualites\/#website"},"primaryImageOfPage":{"@id":"https:\/\/www.info-algerie.com\/actualites\/ligue-arabe-lalgerien-ismail-medjahed-decore-de-la-medaille-du-jeune-modele\/#primaryimage"},"image":{"@id":"https:\/\/www.info-algerie.com\/actualites\/ligue-arabe-lalgerien-ismail-medjahed-decore-de-la-medaille-du-jeune-modele\/#primaryimage"},"thumbnailUrl":"https:\/\/www.info-algerie.com\/actualites\/wp-content\/uploads\/2017\/09\/dc2736912fa9a86f094a63b6bd7fa329_S-1.jpg","datePublished":"2017-09-18T09:26:27+00:00","breadcrumb":{"@id":"https:\/\/www.info-algerie.com\/actualites\/ligue-arabe-lalgerien-ismail-medjahed-decore-de-la-medaille-du-jeune-modele\/#breadcrumb"},"inLanguage":"fr-FR","potentialAction":[{"@type":"ReadAction","target":["https:\/\/www.info-algerie.com\/actualites\/ligue-arabe-lalgerien-ismail-medjahed-decore-de-la-medaille-du-jeune-modele\/"]}]},{"@type":"ImageObject","inLanguage":"fr-FR","@id":"https:\/\/www.info-algerie.com\/actualites\/ligue-arabe-lalgerien-ismail-medjahed-decore-de-la-medaille-du-jeune-modele\/#primaryimage","url":"https:\/\/www.info-algerie.com\/actualites\/wp-content\/uploads\/2017\/09\/dc2736912fa9a86f094a63b6bd7fa329_S-1.jpg","contentUrl":"https:\/\/www.info-algerie.com\/actualites\/wp-content\/uploads\/2017\/09\/dc2736912fa9a86f094a63b6bd7fa329_S-1.jpg","width":280,"height":167},{"@type":"BreadcrumbList","@id":"https:\/\/www.info-algerie.com\/actualites\/ligue-arabe-lalgerien-ismail-medjahed-decore-de-la-medaille-du-jeune-modele\/#breadcrumb","itemListElement":[{"@type":"ListItem","position":1,"name":"Accueil","item":"https:\/\/www.info-algerie.com\/actualites\/"},{"@type":"ListItem","position":2,"name":"Ligue arabe: l&#039;Alg\u00e9rien Ismail Medjahed d\u00e9cor\u00e9 de la m\u00e9daille du &quot;jeune mod\u00e8le&quot;"}]},{"@type":"WebSite","@id":"https:\/\/www.info-algerie.com\/actualites\/#website","url":"https:\/\/www.info-algerie.com\/actualites\/","name":"info algerie","description":"Toutes les actualit\u00e9s","publisher":{"@id":"https:\/\/www.info-algerie.com\/actualites\/#organization"},"potentialAction":[{"@type":"SearchAction","target":{"@type":"EntryPoint","urlTemplate":"https:\/\/www.info-algerie.com\/actualites\/?s={search_term_string}"},"query-input":{"@type":"PropertyValueSpecification","valueRequired":true,"valueName":"search_term_string"}}],"inLanguage":"fr-FR"},{"@type":"Organization","@id":"https:\/\/www.info-algerie.com\/actualites\/#organization","name":"info algerie","url":"https:\/\/www.info-algerie.com\/actualites\/","logo":{"@type":"ImageObject","inLanguage":"fr-FR","@id":"https:\/\/www.info-algerie.com\/actualites\/#\/schema\/logo\/image\/","url":"https:\/\/www.info-algerie.com\/actualites\/wp-content\/uploads\/2022\/07\/logo-ia-120.png","contentUrl":"https:\/\/www.info-algerie.com\/actualites\/wp-content\/uploads\/2022\/07\/logo-ia-120.png","width":120,"height":43,"caption":"info algerie"},"image":{"@id":"https:\/\/www.info-algerie.com\/actualites\/#\/schema\/logo\/image\/"},"sameAs":["https:\/\/www.facebook.com\/infoalgerieactu","https:\/\/x.com\/infoalgerie1"]},{"@type":"Person","@id":"https:\/\/www.info-algerie.com\/actualites\/#\/schema\/person\/847aaec44920825b843a08f30ec6aa1e","name":"La r\u00e9daction","image":{"@type":"ImageObject","inLanguage":"fr-FR","@id":"https:\/\/secure.gravatar.com\/avatar\/769db425c6f465158149f1ffd6cf61ce7a8a879d11dfbef8288af36dfddd418c?s=96&d=mm&r=g","url":"https:\/\/secure.gravatar.com\/avatar\/769db425c6f465158149f1ffd6cf61ce7a8a879d11dfbef8288af36dfddd418c?s=96&d=mm&r=g","contentUrl":"https:\/\/secure.gravatar.com\/avatar\/769db425c6f465158149f1ffd6cf61ce7a8a879d11dfbef8288af36dfddd418c?s=96&d=mm&r=g","caption":"La r\u00e9daction"},"sameAs":["http:\/\/www.lkeria.com\/"],"url":"https:\/\/www.info-algerie.com\/actualites\/author\/chakib32\/"}]}},"_links":{"self":[{"href":"https:\/\/www.info-algerie.com\/actualites\/wp-json\/wp\/v2\/posts\/16018","targetHints":{"allow":["GET"]}}],"collection":[{"href":"https:\/\/www.info-algerie.com\/actualites\/wp-json\/wp\/v2\/posts"}],"about":[{"href":"https:\/\/www.info-algerie.com\/actualites\/wp-json\/wp\/v2\/types\/post"}],"author":[{"embeddable":true,"href":"https:\/\/www.info-algerie.com\/actualites\/wp-json\/wp\/v2\/users\/6"}],"replies":[{"embeddable":true,"href":"https:\/\/www.info-algerie.com\/actualites\/wp-json\/wp\/v2\/comments?post=16018"}],"version-history":[{"count":0,"href":"https:\/\/www.info-algerie.com\/actualites\/wp-json\/wp\/v2\/posts\/16018\/revisions"}],"wp:featuredmedia":[{"embeddable":true,"href":"https:\/\/www.info-algerie.com\/actualites\/wp-json\/wp\/v2\/media\/16019"}],"wp:attachment":[{"href":"https:\/\/www.info-algerie.com\/actualites\/wp-json\/wp\/v2\/media?parent=16018"}],"wp:term":[{"taxonomy":"category","embeddable":true,"href":"https:\/\/www.info-algerie.com\/actualites\/wp-json\/wp\/v2\/categories?post=16018"},{"taxonomy":"post_tag","embeddable":true,"href":"https:\/\/www.info-algerie.com\/actualites\/wp-json\/wp\/v2\/tags?post=16018"}],"curies":[{"name":"wp","href":"https:\/\/api.w.org\/{rel}","templated":true}]}}