{"id":16026,"date":"2017-09-18T14:48:27","date_gmt":"2017-09-18T13:48:27","guid":{"rendered":"http:\/\/www.info-algerie.com\/actualites\/destruction-de-mines-antipersonnel-gaid-salah-reaffirme-le-respect-de-lalgerie-de-ses-engagements-internationaux\/"},"modified":"2017-09-18T14:48:27","modified_gmt":"2017-09-18T13:48:27","slug":"destruction-de-mines-antipersonnel-gaid-salah-reaffirme-le-respect-de-lalgerie-de-ses-engagements-internationaux","status":"publish","type":"post","link":"https:\/\/www.info-algerie.com\/actualites\/destruction-de-mines-antipersonnel-gaid-salah-reaffirme-le-respect-de-lalgerie-de-ses-engagements-internationaux\/","title":{"rendered":"Destruction de mines antipersonnel: Ga\u00efd Salah r\u00e9affirme le respect de l&#039;Alg\u00e9rie de ses engagements internationaux"},"content":{"rendered":"<div class=\"K2FeedImage\"><img decoding=\"async\" src=\"https:\/\/www.info-algerie.com\/actualites\/wp-content\/uploads\/2017\/09\/b9016eae560bd61f0e576e6d2fb3f5bf_S.jpg\" alt=\"Destruction de mines antipersonnel: Ga&#xEF;d Salah r&#xE9;affirme le respect de l'Alg&#xE9;rie de ses engagements internationaux\" \/><\/div>\n<div class=\"K2FeedIntroText\">\n<p class=\"MsoNormal\"><span lang=\"FR\">DJELFA- Le g\u00e9n\u00e9ral de Corps d&rsquo;Arm\u00e9e, Ahmed Ga\u00efd Salah,\u00a0 vice-ministre de la D\u00e9fense nationale, chef d&rsquo;\u00e9tat-major de l&rsquo;Arm\u00e9e\u00a0 nationale populaire (ANP) a soulign\u00e9, lundi \u00e0 Djelfa, le respect par\u00a0 l&rsquo;Alg\u00e9rie de ses engagements internationaux \u00e0 travers la destruction du\u00a0 stock restant de mines antipersonnel d\u00e9tenu par l&rsquo;ANP, conform\u00e9ment \u00e0 la\u00a0 Convention d&rsquo;Ottawa.<\/span><\/p>\n<p>&#013;\n<\/p><\/div>\n<div class=\"K2FeedFullText\">&#013;<\/p>\n<p class=\"MsoNormal\"><span lang=\"FR\">Pr\u00e9sidant au nom du pr\u00e9sident de la R\u00e9publique, chef supr\u00eame des Forces\u00a0 arm\u00e9es, ministre de la D\u00e9fense nationale, au polygone central de l&rsquo;Air \u00e0\u00a0 Hassi Bahbah (1\u00e8re RM), la phase finale de la destruction publique du stock de mines antipersonnel, le g\u00e9n\u00e9ral de Corps d&rsquo;Arm\u00e9e Ga\u00efd Salah a soulign\u00e9 \u00ab\u00a0le respect par l&rsquo;Alg\u00e9rie de ses engagements internationaux\u00a0\u00bb. <\/span><\/p>\n<p>&#013;<\/p>\n<p class=\"MsoNormal\"><span lang=\"FR\">\u00ab\u00a0C&rsquo;est pour moi un insigne honneur que de pr\u00e9sider, au nom de son\u00a0 Excellence, Monsieur le pr\u00e9sident de la R\u00e9publique, chef supr\u00eame des Forces arm\u00e9es, ministre de la D\u00e9fense nationale, la c\u00e9r\u00e9monie de destruction du stock restant de mines antipersonnel d\u00e9tenu par l&rsquo;Arm\u00e9e nationale\u00a0 populaire, en conformit\u00e9 avec nos obligations internationales d\u00e9coulant de\u00a0 la mise en \u00a3uvre de la Convention dite d&rsquo;Ottawa, sur l&rsquo;interdiction de l&#8217;emploi, du stockage, de la production et du transfert des mines antipersonnel et sur leur destruction, conclue \u00e0 Oslo le 18 septembre 1997\u00a0 et ratifi\u00e9e par notre pays le 17 d\u00e9cembre 2000\u00a0\u00bb, a-t-il dit. <\/span><\/p>\n<p>&#013;<\/p>\n<p class=\"MsoNormal\"><span lang=\"FR\">Cette op\u00e9ration intervient en ex\u00e9cution des dispositions de la convention\u00a0 d&rsquo;Ottawa, portant sur l&rsquo;interdiction de l&#8217;emploi, du stockage, de la\u00a0 production et du transfert des mines antipersonnel et leur destruction.\u00a0 <\/span><\/p>\n<p>&#013;<\/p>\n<p class=\"MsoNormal\"><span lang=\"FR\">Cette derni\u00e8re phase intervient pour couronner de pr\u00e9c\u00e9dentes op\u00e9rations de\u00a0 destruction de mines antipersonnel dont la c\u00e9r\u00e9monie de lancement a \u00e9t\u00e9\u00a0 pr\u00e9sid\u00e9e par\u00a0 le Pr\u00e9sident de la R\u00e9publique le 24 novembre 2004.\u00a0\u00a0\u00a0\u00a0 <\/span><\/p>\n<p>&#013;<\/p>\n<p class=\"MsoNormal\"><span lang=\"FR\">Il a indiqu\u00e9 que cet \u00ab\u00a0important \u00e9v\u00e8nement, qui consiste en la destruction\u00a0 du stock restant des mines antipersonnel en Alg\u00e9rie, estim\u00e9 \u00e0 5.970 mines\u00a0\u00bb,\u00a0 co\u00efncide avec la comm\u00e9moration du 20\u00e8me anniversaire de l&rsquo;adoption de la\u00a0 convention d&rsquo;Ottawa. <\/span><\/p>\n<p>&#013;<\/p>\n<p class=\"MsoNormal\"><span lang=\"FR\">L&rsquo;op\u00e9ration s&rsquo;est d\u00e9roul\u00e9e en pr\u00e9sence de membres du Gouvernement, de\u00a0 membres du corps diplomatique accr\u00e9dit\u00e9s \u00e0 Alger, des attach\u00e9s militaires accr\u00e9dit\u00e9s et r\u00e9sidant en Alg\u00e9rie, des autorit\u00e9s militaires et des repr\u00e9sentants de la soci\u00e9t\u00e9 civile aux c\u00f4t\u00e9s d&rsquo;invit\u00e9s \u00e9trangers en qualit\u00e9 d&rsquo;observateurs ainsi que des repr\u00e9sentants des m\u00e9dias nationaux. <\/span><\/p>\n<p>&#013;<\/p>\n<p class=\"MsoNormal\"><span lang=\"FR\">Par la suite, le g\u00e9n\u00e9ral de Corps d&rsquo;Arm\u00e9e a rappel\u00e9 \u00e0 l&rsquo;assistance l&rsquo;allocution du pr\u00e9sident de la R\u00e9publique lors de sa pr\u00e9sidence de la c\u00e9r\u00e9monie de lancement de destruction du stock restant de mines antipersonnel le 24 novembre 2004. <\/span><\/p>\n<p>&#013;<\/p>\n<p class=\"MsoNormal\"><span lang=\"FR\">\u00ab\u00a0En ce lieu, pr\u00e9cis\u00e9ment et en date du 24 novembre 2004, Son Excellence le Pr\u00e9sident de la R\u00e9publique, avait soulign\u00e9 que l&rsquo;Alg\u00e9rie tenait, \u00e0 travers cette c\u00e9r\u00e9monie de destruction de son stock de mines antipersonnel, \u00e0 d\u00e9montrer son adh\u00e9sion active et r\u00e9elle \u00e0 la d\u00e9marche entreprise par la communaut\u00e9 internationale, visant \u00e0 d\u00e9barrasser le monde de cette arme\u00a0 meurtri\u00e8re\u00a0\u00bb, a-t-il encore rappel\u00e9.<\/span><\/p>\n<p>&#013;<\/p>\n<p class=\"MsoNormal\"><span lang=\"FR\">\u00ab\u00a0Le Pr\u00e9sident de la R\u00e9publique a tenu \u00e0 souligner que ce sont les circonstances particuli\u00e8res auxquelles l&rsquo;Alg\u00e9rie a d\u00fb faire face dans ce domaine, qui nous ont contraint \u00e0 entamer une d\u00e9marche r\u00e9solue de d\u00e9minage et d&rsquo;assainissement du territoire national, bien avant l&rsquo;adoption de la Convention d&rsquo;Ottawa en 1997, sur l&rsquo;interdiction de l&#8217;emploi, du stockage, de la production et du transfert des mines anti-personnel et sur leur destruction. De par son Histoire et son ferme attachement aux instruments\u00a0 de d\u00e9sarmement et de droit humanitaire, l&rsquo;Alg\u00e9rie a embrass\u00e9 une noble\u00a0 cause, en adh\u00e9rant \u00e0 cette Convention\u00a0\u00bb, a-t-il ajout\u00e9. <\/span><\/p>\n<p>&#013;<\/p>\n<p class=\"MsoNormal\"><span lang=\"FR\">\u00ab\u00a0Le Pr\u00e9sident de la R\u00e9publique a ajout\u00e9 que la signature et la ratification de cette Convention, par l&rsquo;Alg\u00e9rie, ainsi que l&rsquo;op\u00e9ration de destruction de son stock de mines antipersonnel, constituent un pas g\u00e9ant sur la voie de l&rsquo;\u00e9limination d\u00e9finitive de cette munition fatale et aveugle. C&rsquo;est \u00e9galement un engagement international qu&rsquo;il nous tenait \u00e0 c\u00a3ur d&rsquo;honorer, d&rsquo;autant que l&rsquo;Alg\u00e9rie a \u00e9norm\u00e9ment souffert des s\u00e9quelles de ce fl\u00e9au et ose esp\u00e9rer que les dispositions de cette Convention soient scrupuleusement respect\u00e9es par tous\u00a0\u00bb, a-t-il poursuivi. <\/span><\/p>\n<p>&#013;<\/p>\n<p class=\"MsoNormal\"><span lang=\"FR\">Le g\u00e9n\u00e9ral de Corps d&rsquo;Arm\u00e9e a affirm\u00e9 que \u00ab\u00a0les r\u00e9sultats r\u00e9alis\u00e9s aujourd&rsquo;hui constituent le fruit d&rsquo;un travail assidu et des efforts laborieux qui ont \u00e9t\u00e9 fournis pour d\u00e9livrer notre pays des mines\u00a0 diss\u00e9min\u00e9es par le colonisateur le long de nos fronti\u00e8res Est et Ouest et qui ont caus\u00e9 des milliers de victimes\u00a0\u00bb. <\/span><\/p>\n<p>&#013;<\/p>\n<p class=\"MsoNormal\"><span lang=\"FR\">\u00ab\u00a0Sans trop m&rsquo;\u00e9tendre en propos, l&rsquo;\u00e9preuve du terrain ayant toujours \u00e9t\u00e9 pour moi plus authentique et plus expressive que les paroles, je voudrais juste souligner, \u00e0 cette occasion, que les r\u00e9sultats obtenus aujourd&rsquo;hui n&rsquo;auraient pu \u00eatre concr\u00e9tis\u00e9s n&rsquo;\u00e9taient le travail assidu, les efforts\u00a0 laborieux et le suivi rigoureux et permanent sur le terrain, le tout inspir\u00e9, sans nul doute, par une conscience partag\u00e9e, \u00e0 plus d&rsquo;un titre, par les acteurs, quant aux d\u00e9fis que pr\u00e9sente ce souci \u00e0 l&rsquo;\u00e9chelle nationale et internationale. Ce souci majeur a impos\u00e9 un travail draconien, sinc\u00e8re et assidu dont l&rsquo;ach\u00e8vement a \u00e9t\u00e9 une source de satisfaction personnelle et collective, voire de fiert\u00e9 d&rsquo;avoir accompli la mission, par amour de Dieu et de la patrie\u00a0\u00bb, a-t-il indiqu\u00e9. <\/span><\/p>\n<p>&#013;<\/p>\n<p class=\"MsoNormal\"><span lang=\"FR\">Il a saisi cette opportunit\u00e9 pour adresser ses remerciements \u00ab\u00a0les plus\u00a0 vifs aux pays, ainsi qu&rsquo;aux organisations internationales, qui nous ont\u00a0 soutenus, non seulement dans la mise en \u00a3uvre et la vulgarisation de la\u00a0 Convention d&rsquo;Ottawa, mais \u00e9galement pour leur aide et leur contribution\u00a0 salutaires \u00e0 l&rsquo;assainissement des zones min\u00e9es par le colonialisme,\u00a0 \u00e9pargnant ainsi \u00e0 nos concitoyens davantage de souffrance, sachant que ce fl\u00e9au a engendr\u00e9 7300 victimes civiles, dont 4830 durant la guerre de lib\u00e9ration nationale et 2470 apr\u00e8s l&rsquo;ind\u00e9pendance\u00a0\u00bb. <\/span><\/p>\n<p>&#013;<\/p>\n<p class=\"MsoNormal\"><span lang=\"FR\">Par ailleurs, Ga\u00efd Salah a relev\u00e9 les d\u00e9fis auxquels devrait faire face le monde aujourd&rsquo;hui notamment le terrorisme transfrontalier, la drogue et le blanchiment d&rsquo;argent, et le trafic d&rsquo;armes et de personnes.\u00a0 <\/span><\/p>\n<p>&#013;<\/p>\n<p><span lang=\"FR\">Ensuite, la parole a \u00e9t\u00e9 donn\u00e9e \u00e0 M. Thomas Hajnoczi, pr\u00e9sident d\u00e9sign\u00e9 de l&rsquo;Assembl\u00e9e des Etats parties \u00e0 la Convention, qui a f\u00e9licit\u00e9 l&rsquo;Alg\u00e9rie pour son respect de tous ses engagements \u00e0 travers l&rsquo;ex\u00e9cution des dispositions de la Convention d&rsquo;Ottawa, en saluant le choix de cette date qui co\u00efncide avec le 20\u00e8me anniversaire de l&rsquo;adoption de la Convention d&rsquo;Ottawa.<\/span><\/p>\n<\/div>\n<p>&#013;<br \/>\nSource: <a href=\"http:\/\/www.aps.dz\/algerie\/62955-destruction-de-mines-antipersonnel-gaid-salah-reaffirme-le-respect-de-l-algerie-de-ses-engagements-internationaux\" target=\"_blank\">Destruction de mines antipersonnel: Ga\u00efd Salah r\u00e9affirme le respect de l&rsquo;Alg\u00e9rie de ses engagements internationaux<\/a><\/p>\n<!--CusAds0-->\n<div style=\"font-size: 0px; height: 0px; line-height: 0px; margin: 0; padding: 0; clear: both;\"><\/div>","protected":false},"excerpt":{"rendered":"<p>DJELFA- Le g\u00e9n\u00e9ral de Corps d&rsquo;Arm\u00e9e, Ahmed Ga\u00efd Salah,\u00a0 vice-ministre de la D\u00e9fense nationale, chef d&rsquo;\u00e9tat-major de l&rsquo;Arm\u00e9e\u00a0 nationale populaire (ANP) a soulign\u00e9, lundi \u00e0 Djelfa, le respect par\u00a0 l&rsquo;Alg\u00e9rie de ses engagements internationaux \u00e0 travers la destruction du\u00a0 stock restant de mines antipersonnel d\u00e9tenu par l&rsquo;ANP, conform\u00e9ment \u00e0 la\u00a0 Convention d&rsquo;Ottawa. &#013; &#013; Pr\u00e9sidant<\/p>\n","protected":false},"author":6,"featured_media":16027,"comment_status":"open","ping_status":"open","sticky":false,"template":"","format":"standard","meta":{"footnotes":""},"categories":[22],"tags":[93],"class_list":["post-16026","post","type-post","status-publish","format-standard","has-post-thumbnail","hentry","category-infos","tag-onu"],"yoast_head":"<!-- This site is optimized with the Yoast SEO plugin v27.5 - https:\/\/yoast.com\/product\/yoast-seo-wordpress\/ -->\n<title>Destruction de mines antipersonnel: Ga\u00efd Salah r\u00e9affirme le respect de l&#039;Alg\u00e9rie de ses engagements internationaux - info algerie<\/title>\n<meta name=\"robots\" content=\"index, follow, max-snippet:-1, max-image-preview:large, max-video-preview:-1\" \/>\n<link rel=\"canonical\" href=\"https:\/\/www.info-algerie.com\/actualites\/destruction-de-mines-antipersonnel-gaid-salah-reaffirme-le-respect-de-lalgerie-de-ses-engagements-internationaux\/\" \/>\n<meta property=\"og:locale\" content=\"fr_FR\" \/>\n<meta property=\"og:type\" content=\"article\" \/>\n<meta property=\"og:title\" content=\"Destruction de mines antipersonnel: Ga\u00efd Salah r\u00e9affirme le respect de l&#039;Alg\u00e9rie de ses engagements internationaux - info algerie\" \/>\n<meta property=\"og:description\" content=\"DJELFA- Le g\u00e9n\u00e9ral de Corps d&rsquo;Arm\u00e9e, Ahmed Ga\u00efd Salah,\u00a0 vice-ministre de la D\u00e9fense nationale, chef d&rsquo;\u00e9tat-major de l&rsquo;Arm\u00e9e\u00a0 nationale populaire (ANP) a soulign\u00e9, lundi \u00e0 Djelfa, le respect par\u00a0 l&rsquo;Alg\u00e9rie de ses engagements internationaux \u00e0 travers la destruction du\u00a0 stock restant de mines antipersonnel d\u00e9tenu par l&rsquo;ANP, conform\u00e9ment \u00e0 la\u00a0 Convention d&rsquo;Ottawa. &#013; &#013; Pr\u00e9sidant\" \/>\n<meta property=\"og:url\" content=\"https:\/\/www.info-algerie.com\/actualites\/destruction-de-mines-antipersonnel-gaid-salah-reaffirme-le-respect-de-lalgerie-de-ses-engagements-internationaux\/\" \/>\n<meta property=\"og:site_name\" content=\"info algerie\" \/>\n<meta property=\"article:publisher\" content=\"https:\/\/www.facebook.com\/infoalgerieactu\" \/>\n<meta property=\"article:published_time\" content=\"2017-09-18T13:48:27+00:00\" \/>\n<meta property=\"og:image\" content=\"https:\/\/www.info-algerie.com\/actualites\/wp-content\/uploads\/2017\/09\/b9016eae560bd61f0e576e6d2fb3f5bf_S-1.jpg\" \/>\n\t<meta property=\"og:image:width\" content=\"280\" \/>\n\t<meta property=\"og:image:height\" content=\"169\" \/>\n\t<meta property=\"og:image:type\" content=\"image\/jpeg\" \/>\n<meta name=\"author\" content=\"La r\u00e9daction\" \/>\n<meta name=\"twitter:label1\" content=\"\u00c9crit par\" \/>\n\t<meta name=\"twitter:data1\" content=\"La r\u00e9daction\" \/>\n\t<meta name=\"twitter:label2\" content=\"Dur\u00e9e de lecture estim\u00e9e\" \/>\n\t<meta name=\"twitter:data2\" content=\"6 minutes\" \/>\n<script type=\"application\/ld+json\" class=\"yoast-schema-graph\">{\"@context\":\"https:\\\/\\\/schema.org\",\"@graph\":[{\"@type\":\"Article\",\"@id\":\"https:\\\/\\\/www.info-algerie.com\\\/actualites\\\/destruction-de-mines-antipersonnel-gaid-salah-reaffirme-le-respect-de-lalgerie-de-ses-engagements-internationaux\\\/#article\",\"isPartOf\":{\"@id\":\"https:\\\/\\\/www.info-algerie.com\\\/actualites\\\/destruction-de-mines-antipersonnel-gaid-salah-reaffirme-le-respect-de-lalgerie-de-ses-engagements-internationaux\\\/\"},\"author\":{\"name\":\"La r\u00e9daction\",\"@id\":\"https:\\\/\\\/www.info-algerie.com\\\/actualites\\\/#\\\/schema\\\/person\\\/847aaec44920825b843a08f30ec6aa1e\"},\"headline\":\"Destruction de mines antipersonnel: Ga\u00efd Salah r\u00e9affirme le respect de l&#039;Alg\u00e9rie de ses engagements internationaux\",\"datePublished\":\"2017-09-18T13:48:27+00:00\",\"mainEntityOfPage\":{\"@id\":\"https:\\\/\\\/www.info-algerie.com\\\/actualites\\\/destruction-de-mines-antipersonnel-gaid-salah-reaffirme-le-respect-de-lalgerie-de-ses-engagements-internationaux\\\/\"},\"wordCount\":1195,\"commentCount\":0,\"publisher\":{\"@id\":\"https:\\\/\\\/www.info-algerie.com\\\/actualites\\\/#organization\"},\"image\":{\"@id\":\"https:\\\/\\\/www.info-algerie.com\\\/actualites\\\/destruction-de-mines-antipersonnel-gaid-salah-reaffirme-le-respect-de-lalgerie-de-ses-engagements-internationaux\\\/#primaryimage\"},\"thumbnailUrl\":\"https:\\\/\\\/www.info-algerie.com\\\/actualites\\\/wp-content\\\/uploads\\\/2017\\\/09\\\/b9016eae560bd61f0e576e6d2fb3f5bf_S-1.jpg\",\"keywords\":[\"ONU\"],\"articleSection\":[\"infos\"],\"inLanguage\":\"fr-FR\",\"potentialAction\":[{\"@type\":\"CommentAction\",\"name\":\"Comment\",\"target\":[\"https:\\\/\\\/www.info-algerie.com\\\/actualites\\\/destruction-de-mines-antipersonnel-gaid-salah-reaffirme-le-respect-de-lalgerie-de-ses-engagements-internationaux\\\/#respond\"]}]},{\"@type\":\"WebPage\",\"@id\":\"https:\\\/\\\/www.info-algerie.com\\\/actualites\\\/destruction-de-mines-antipersonnel-gaid-salah-reaffirme-le-respect-de-lalgerie-de-ses-engagements-internationaux\\\/\",\"url\":\"https:\\\/\\\/www.info-algerie.com\\\/actualites\\\/destruction-de-mines-antipersonnel-gaid-salah-reaffirme-le-respect-de-lalgerie-de-ses-engagements-internationaux\\\/\",\"name\":\"Destruction de mines antipersonnel: Ga\u00efd Salah r\u00e9affirme le respect de l&#039;Alg\u00e9rie de ses engagements internationaux - info algerie\",\"isPartOf\":{\"@id\":\"https:\\\/\\\/www.info-algerie.com\\\/actualites\\\/#website\"},\"primaryImageOfPage\":{\"@id\":\"https:\\\/\\\/www.info-algerie.com\\\/actualites\\\/destruction-de-mines-antipersonnel-gaid-salah-reaffirme-le-respect-de-lalgerie-de-ses-engagements-internationaux\\\/#primaryimage\"},\"image\":{\"@id\":\"https:\\\/\\\/www.info-algerie.com\\\/actualites\\\/destruction-de-mines-antipersonnel-gaid-salah-reaffirme-le-respect-de-lalgerie-de-ses-engagements-internationaux\\\/#primaryimage\"},\"thumbnailUrl\":\"https:\\\/\\\/www.info-algerie.com\\\/actualites\\\/wp-content\\\/uploads\\\/2017\\\/09\\\/b9016eae560bd61f0e576e6d2fb3f5bf_S-1.jpg\",\"datePublished\":\"2017-09-18T13:48:27+00:00\",\"breadcrumb\":{\"@id\":\"https:\\\/\\\/www.info-algerie.com\\\/actualites\\\/destruction-de-mines-antipersonnel-gaid-salah-reaffirme-le-respect-de-lalgerie-de-ses-engagements-internationaux\\\/#breadcrumb\"},\"inLanguage\":\"fr-FR\",\"potentialAction\":[{\"@type\":\"ReadAction\",\"target\":[\"https:\\\/\\\/www.info-algerie.com\\\/actualites\\\/destruction-de-mines-antipersonnel-gaid-salah-reaffirme-le-respect-de-lalgerie-de-ses-engagements-internationaux\\\/\"]}]},{\"@type\":\"ImageObject\",\"inLanguage\":\"fr-FR\",\"@id\":\"https:\\\/\\\/www.info-algerie.com\\\/actualites\\\/destruction-de-mines-antipersonnel-gaid-salah-reaffirme-le-respect-de-lalgerie-de-ses-engagements-internationaux\\\/#primaryimage\",\"url\":\"https:\\\/\\\/www.info-algerie.com\\\/actualites\\\/wp-content\\\/uploads\\\/2017\\\/09\\\/b9016eae560bd61f0e576e6d2fb3f5bf_S-1.jpg\",\"contentUrl\":\"https:\\\/\\\/www.info-algerie.com\\\/actualites\\\/wp-content\\\/uploads\\\/2017\\\/09\\\/b9016eae560bd61f0e576e6d2fb3f5bf_S-1.jpg\",\"width\":280,\"height\":169},{\"@type\":\"BreadcrumbList\",\"@id\":\"https:\\\/\\\/www.info-algerie.com\\\/actualites\\\/destruction-de-mines-antipersonnel-gaid-salah-reaffirme-le-respect-de-lalgerie-de-ses-engagements-internationaux\\\/#breadcrumb\",\"itemListElement\":[{\"@type\":\"ListItem\",\"position\":1,\"name\":\"Accueil\",\"item\":\"https:\\\/\\\/www.info-algerie.com\\\/actualites\\\/\"},{\"@type\":\"ListItem\",\"position\":2,\"name\":\"Destruction de mines antipersonnel: Ga\u00efd Salah r\u00e9affirme le respect de l&#039;Alg\u00e9rie de ses engagements internationaux\"}]},{\"@type\":\"WebSite\",\"@id\":\"https:\\\/\\\/www.info-algerie.com\\\/actualites\\\/#website\",\"url\":\"https:\\\/\\\/www.info-algerie.com\\\/actualites\\\/\",\"name\":\"info algerie\",\"description\":\"Toutes les actualit\u00e9s\",\"publisher\":{\"@id\":\"https:\\\/\\\/www.info-algerie.com\\\/actualites\\\/#organization\"},\"potentialAction\":[{\"@type\":\"SearchAction\",\"target\":{\"@type\":\"EntryPoint\",\"urlTemplate\":\"https:\\\/\\\/www.info-algerie.com\\\/actualites\\\/?s={search_term_string}\"},\"query-input\":{\"@type\":\"PropertyValueSpecification\",\"valueRequired\":true,\"valueName\":\"search_term_string\"}}],\"inLanguage\":\"fr-FR\"},{\"@type\":\"Organization\",\"@id\":\"https:\\\/\\\/www.info-algerie.com\\\/actualites\\\/#organization\",\"name\":\"info algerie\",\"url\":\"https:\\\/\\\/www.info-algerie.com\\\/actualites\\\/\",\"logo\":{\"@type\":\"ImageObject\",\"inLanguage\":\"fr-FR\",\"@id\":\"https:\\\/\\\/www.info-algerie.com\\\/actualites\\\/#\\\/schema\\\/logo\\\/image\\\/\",\"url\":\"https:\\\/\\\/www.info-algerie.com\\\/actualites\\\/wp-content\\\/uploads\\\/2022\\\/07\\\/logo-ia-120.png\",\"contentUrl\":\"https:\\\/\\\/www.info-algerie.com\\\/actualites\\\/wp-content\\\/uploads\\\/2022\\\/07\\\/logo-ia-120.png\",\"width\":120,\"height\":43,\"caption\":\"info algerie\"},\"image\":{\"@id\":\"https:\\\/\\\/www.info-algerie.com\\\/actualites\\\/#\\\/schema\\\/logo\\\/image\\\/\"},\"sameAs\":[\"https:\\\/\\\/www.facebook.com\\\/infoalgerieactu\",\"https:\\\/\\\/x.com\\\/infoalgerie1\"]},{\"@type\":\"Person\",\"@id\":\"https:\\\/\\\/www.info-algerie.com\\\/actualites\\\/#\\\/schema\\\/person\\\/847aaec44920825b843a08f30ec6aa1e\",\"name\":\"La r\u00e9daction\",\"image\":{\"@type\":\"ImageObject\",\"inLanguage\":\"fr-FR\",\"@id\":\"https:\\\/\\\/secure.gravatar.com\\\/avatar\\\/769db425c6f465158149f1ffd6cf61ce7a8a879d11dfbef8288af36dfddd418c?s=96&d=mm&r=g\",\"url\":\"https:\\\/\\\/secure.gravatar.com\\\/avatar\\\/769db425c6f465158149f1ffd6cf61ce7a8a879d11dfbef8288af36dfddd418c?s=96&d=mm&r=g\",\"contentUrl\":\"https:\\\/\\\/secure.gravatar.com\\\/avatar\\\/769db425c6f465158149f1ffd6cf61ce7a8a879d11dfbef8288af36dfddd418c?s=96&d=mm&r=g\",\"caption\":\"La r\u00e9daction\"},\"sameAs\":[\"http:\\\/\\\/www.lkeria.com\\\/\"],\"url\":\"https:\\\/\\\/www.info-algerie.com\\\/actualites\\\/author\\\/chakib32\\\/\"}]}<\/script>\n<!-- \/ Yoast SEO plugin. -->","yoast_head_json":{"title":"Destruction de mines antipersonnel: Ga\u00efd Salah r\u00e9affirme le respect de l&#039;Alg\u00e9rie de ses engagements internationaux - info algerie","robots":{"index":"index","follow":"follow","max-snippet":"max-snippet:-1","max-image-preview":"max-image-preview:large","max-video-preview":"max-video-preview:-1"},"canonical":"https:\/\/www.info-algerie.com\/actualites\/destruction-de-mines-antipersonnel-gaid-salah-reaffirme-le-respect-de-lalgerie-de-ses-engagements-internationaux\/","og_locale":"fr_FR","og_type":"article","og_title":"Destruction de mines antipersonnel: Ga\u00efd Salah r\u00e9affirme le respect de l&#039;Alg\u00e9rie de ses engagements internationaux - info algerie","og_description":"DJELFA- Le g\u00e9n\u00e9ral de Corps d&rsquo;Arm\u00e9e, Ahmed Ga\u00efd Salah,\u00a0 vice-ministre de la D\u00e9fense nationale, chef d&rsquo;\u00e9tat-major de l&rsquo;Arm\u00e9e\u00a0 nationale populaire (ANP) a soulign\u00e9, lundi \u00e0 Djelfa, le respect par\u00a0 l&rsquo;Alg\u00e9rie de ses engagements internationaux \u00e0 travers la destruction du\u00a0 stock restant de mines antipersonnel d\u00e9tenu par l&rsquo;ANP, conform\u00e9ment \u00e0 la\u00a0 Convention d&rsquo;Ottawa. &#013; &#013; Pr\u00e9sidant","og_url":"https:\/\/www.info-algerie.com\/actualites\/destruction-de-mines-antipersonnel-gaid-salah-reaffirme-le-respect-de-lalgerie-de-ses-engagements-internationaux\/","og_site_name":"info algerie","article_publisher":"https:\/\/www.facebook.com\/infoalgerieactu","article_published_time":"2017-09-18T13:48:27+00:00","og_image":[{"width":280,"height":169,"url":"https:\/\/www.info-algerie.com\/actualites\/wp-content\/uploads\/2017\/09\/b9016eae560bd61f0e576e6d2fb3f5bf_S-1.jpg","type":"image\/jpeg"}],"author":"La r\u00e9daction","twitter_misc":{"\u00c9crit par":"La r\u00e9daction","Dur\u00e9e de lecture estim\u00e9e":"6 minutes"},"schema":{"@context":"https:\/\/schema.org","@graph":[{"@type":"Article","@id":"https:\/\/www.info-algerie.com\/actualites\/destruction-de-mines-antipersonnel-gaid-salah-reaffirme-le-respect-de-lalgerie-de-ses-engagements-internationaux\/#article","isPartOf":{"@id":"https:\/\/www.info-algerie.com\/actualites\/destruction-de-mines-antipersonnel-gaid-salah-reaffirme-le-respect-de-lalgerie-de-ses-engagements-internationaux\/"},"author":{"name":"La r\u00e9daction","@id":"https:\/\/www.info-algerie.com\/actualites\/#\/schema\/person\/847aaec44920825b843a08f30ec6aa1e"},"headline":"Destruction de mines antipersonnel: Ga\u00efd Salah r\u00e9affirme le respect de l&#039;Alg\u00e9rie de ses engagements internationaux","datePublished":"2017-09-18T13:48:27+00:00","mainEntityOfPage":{"@id":"https:\/\/www.info-algerie.com\/actualites\/destruction-de-mines-antipersonnel-gaid-salah-reaffirme-le-respect-de-lalgerie-de-ses-engagements-internationaux\/"},"wordCount":1195,"commentCount":0,"publisher":{"@id":"https:\/\/www.info-algerie.com\/actualites\/#organization"},"image":{"@id":"https:\/\/www.info-algerie.com\/actualites\/destruction-de-mines-antipersonnel-gaid-salah-reaffirme-le-respect-de-lalgerie-de-ses-engagements-internationaux\/#primaryimage"},"thumbnailUrl":"https:\/\/www.info-algerie.com\/actualites\/wp-content\/uploads\/2017\/09\/b9016eae560bd61f0e576e6d2fb3f5bf_S-1.jpg","keywords":["ONU"],"articleSection":["infos"],"inLanguage":"fr-FR","potentialAction":[{"@type":"CommentAction","name":"Comment","target":["https:\/\/www.info-algerie.com\/actualites\/destruction-de-mines-antipersonnel-gaid-salah-reaffirme-le-respect-de-lalgerie-de-ses-engagements-internationaux\/#respond"]}]},{"@type":"WebPage","@id":"https:\/\/www.info-algerie.com\/actualites\/destruction-de-mines-antipersonnel-gaid-salah-reaffirme-le-respect-de-lalgerie-de-ses-engagements-internationaux\/","url":"https:\/\/www.info-algerie.com\/actualites\/destruction-de-mines-antipersonnel-gaid-salah-reaffirme-le-respect-de-lalgerie-de-ses-engagements-internationaux\/","name":"Destruction de mines antipersonnel: Ga\u00efd Salah r\u00e9affirme le respect de l&#039;Alg\u00e9rie de ses engagements internationaux - info algerie","isPartOf":{"@id":"https:\/\/www.info-algerie.com\/actualites\/#website"},"primaryImageOfPage":{"@id":"https:\/\/www.info-algerie.com\/actualites\/destruction-de-mines-antipersonnel-gaid-salah-reaffirme-le-respect-de-lalgerie-de-ses-engagements-internationaux\/#primaryimage"},"image":{"@id":"https:\/\/www.info-algerie.com\/actualites\/destruction-de-mines-antipersonnel-gaid-salah-reaffirme-le-respect-de-lalgerie-de-ses-engagements-internationaux\/#primaryimage"},"thumbnailUrl":"https:\/\/www.info-algerie.com\/actualites\/wp-content\/uploads\/2017\/09\/b9016eae560bd61f0e576e6d2fb3f5bf_S-1.jpg","datePublished":"2017-09-18T13:48:27+00:00","breadcrumb":{"@id":"https:\/\/www.info-algerie.com\/actualites\/destruction-de-mines-antipersonnel-gaid-salah-reaffirme-le-respect-de-lalgerie-de-ses-engagements-internationaux\/#breadcrumb"},"inLanguage":"fr-FR","potentialAction":[{"@type":"ReadAction","target":["https:\/\/www.info-algerie.com\/actualites\/destruction-de-mines-antipersonnel-gaid-salah-reaffirme-le-respect-de-lalgerie-de-ses-engagements-internationaux\/"]}]},{"@type":"ImageObject","inLanguage":"fr-FR","@id":"https:\/\/www.info-algerie.com\/actualites\/destruction-de-mines-antipersonnel-gaid-salah-reaffirme-le-respect-de-lalgerie-de-ses-engagements-internationaux\/#primaryimage","url":"https:\/\/www.info-algerie.com\/actualites\/wp-content\/uploads\/2017\/09\/b9016eae560bd61f0e576e6d2fb3f5bf_S-1.jpg","contentUrl":"https:\/\/www.info-algerie.com\/actualites\/wp-content\/uploads\/2017\/09\/b9016eae560bd61f0e576e6d2fb3f5bf_S-1.jpg","width":280,"height":169},{"@type":"BreadcrumbList","@id":"https:\/\/www.info-algerie.com\/actualites\/destruction-de-mines-antipersonnel-gaid-salah-reaffirme-le-respect-de-lalgerie-de-ses-engagements-internationaux\/#breadcrumb","itemListElement":[{"@type":"ListItem","position":1,"name":"Accueil","item":"https:\/\/www.info-algerie.com\/actualites\/"},{"@type":"ListItem","position":2,"name":"Destruction de mines antipersonnel: Ga\u00efd Salah r\u00e9affirme le respect de l&#039;Alg\u00e9rie de ses engagements internationaux"}]},{"@type":"WebSite","@id":"https:\/\/www.info-algerie.com\/actualites\/#website","url":"https:\/\/www.info-algerie.com\/actualites\/","name":"info algerie","description":"Toutes les actualit\u00e9s","publisher":{"@id":"https:\/\/www.info-algerie.com\/actualites\/#organization"},"potentialAction":[{"@type":"SearchAction","target":{"@type":"EntryPoint","urlTemplate":"https:\/\/www.info-algerie.com\/actualites\/?s={search_term_string}"},"query-input":{"@type":"PropertyValueSpecification","valueRequired":true,"valueName":"search_term_string"}}],"inLanguage":"fr-FR"},{"@type":"Organization","@id":"https:\/\/www.info-algerie.com\/actualites\/#organization","name":"info algerie","url":"https:\/\/www.info-algerie.com\/actualites\/","logo":{"@type":"ImageObject","inLanguage":"fr-FR","@id":"https:\/\/www.info-algerie.com\/actualites\/#\/schema\/logo\/image\/","url":"https:\/\/www.info-algerie.com\/actualites\/wp-content\/uploads\/2022\/07\/logo-ia-120.png","contentUrl":"https:\/\/www.info-algerie.com\/actualites\/wp-content\/uploads\/2022\/07\/logo-ia-120.png","width":120,"height":43,"caption":"info algerie"},"image":{"@id":"https:\/\/www.info-algerie.com\/actualites\/#\/schema\/logo\/image\/"},"sameAs":["https:\/\/www.facebook.com\/infoalgerieactu","https:\/\/x.com\/infoalgerie1"]},{"@type":"Person","@id":"https:\/\/www.info-algerie.com\/actualites\/#\/schema\/person\/847aaec44920825b843a08f30ec6aa1e","name":"La r\u00e9daction","image":{"@type":"ImageObject","inLanguage":"fr-FR","@id":"https:\/\/secure.gravatar.com\/avatar\/769db425c6f465158149f1ffd6cf61ce7a8a879d11dfbef8288af36dfddd418c?s=96&d=mm&r=g","url":"https:\/\/secure.gravatar.com\/avatar\/769db425c6f465158149f1ffd6cf61ce7a8a879d11dfbef8288af36dfddd418c?s=96&d=mm&r=g","contentUrl":"https:\/\/secure.gravatar.com\/avatar\/769db425c6f465158149f1ffd6cf61ce7a8a879d11dfbef8288af36dfddd418c?s=96&d=mm&r=g","caption":"La r\u00e9daction"},"sameAs":["http:\/\/www.lkeria.com\/"],"url":"https:\/\/www.info-algerie.com\/actualites\/author\/chakib32\/"}]}},"_links":{"self":[{"href":"https:\/\/www.info-algerie.com\/actualites\/wp-json\/wp\/v2\/posts\/16026","targetHints":{"allow":["GET"]}}],"collection":[{"href":"https:\/\/www.info-algerie.com\/actualites\/wp-json\/wp\/v2\/posts"}],"about":[{"href":"https:\/\/www.info-algerie.com\/actualites\/wp-json\/wp\/v2\/types\/post"}],"author":[{"embeddable":true,"href":"https:\/\/www.info-algerie.com\/actualites\/wp-json\/wp\/v2\/users\/6"}],"replies":[{"embeddable":true,"href":"https:\/\/www.info-algerie.com\/actualites\/wp-json\/wp\/v2\/comments?post=16026"}],"version-history":[{"count":0,"href":"https:\/\/www.info-algerie.com\/actualites\/wp-json\/wp\/v2\/posts\/16026\/revisions"}],"wp:featuredmedia":[{"embeddable":true,"href":"https:\/\/www.info-algerie.com\/actualites\/wp-json\/wp\/v2\/media\/16027"}],"wp:attachment":[{"href":"https:\/\/www.info-algerie.com\/actualites\/wp-json\/wp\/v2\/media?parent=16026"}],"wp:term":[{"taxonomy":"category","embeddable":true,"href":"https:\/\/www.info-algerie.com\/actualites\/wp-json\/wp\/v2\/categories?post=16026"},{"taxonomy":"post_tag","embeddable":true,"href":"https:\/\/www.info-algerie.com\/actualites\/wp-json\/wp\/v2\/tags?post=16026"}],"curies":[{"name":"wp","href":"https:\/\/api.w.org\/{rel}","templated":true}]}}