{"id":16032,"date":"2017-09-18T18:24:28","date_gmt":"2017-09-18T17:24:28","guid":{"rendered":"http:\/\/www.info-algerie.com\/actualites\/assemble-generale-de-lonu-messahel-presidera-la-delegation-algerienne-mae\/"},"modified":"2017-09-18T18:24:28","modified_gmt":"2017-09-18T17:24:28","slug":"assemble-generale-de-lonu-messahel-presidera-la-delegation-algerienne-mae","status":"publish","type":"post","link":"https:\/\/www.info-algerie.com\/actualites\/assemble-generale-de-lonu-messahel-presidera-la-delegation-algerienne-mae\/","title":{"rendered":"Assembl\u00e9 g\u00e9n\u00e9rale de l&#039;ONU: Messahel pr\u00e9sidera la d\u00e9l\u00e9gation alg\u00e9rienne (MAE)"},"content":{"rendered":"<div class=\"K2FeedImage\"><img decoding=\"async\" src=\"https:\/\/www.info-algerie.com\/actualites\/wp-content\/uploads\/2017\/09\/3f2a0267f80701221ded8e02ea4a90fa_S.jpg\" alt=\"Assembl&#xE9; g&#xE9;n&#xE9;rale de l'ONU: Messahel pr&#xE9;sidera la d&#xE9;l&#xE9;gation alg&#xE9;rienne (MAE)\" \/><\/div>\n<div class=\"K2FeedIntroText\">\n<p><span lang=\"FR\">ALGER-Le ministre des Affaires \u00e9trang\u00e8res, Abdelkader Messahel, pr\u00e9sidera la d\u00e9l\u00e9gation alg\u00e9rienne aux travaux de la 72\u00e8me session de l&rsquo;Assembl\u00e9e g\u00e9n\u00e9rale des nations unies, pr\u00e9vus \u00e0 compter du 19 septembre 2017, indique lundi le minist\u00e8re des Affaires \u00e9trang\u00e8res (MAE), dans un communiqu\u00e9.\u00a0<\/span><\/p>\n<p>&#013;\n<\/p><\/div>\n<div class=\"K2FeedFullText\">&#013;<\/p>\n<p><span lang=\"FR\">Tenue sous le th\u00e8me central de \u00ab\u00a0Placer l&rsquo;\u00eatre humain au coeur des efforts en faveur de la Paix et d&rsquo;une vie d\u00e9cente pour tous sur une Plan\u00e8te durable\u00a0\u00bb, cette session sera \u00e9galement marqu\u00e9e par la tenue d&rsquo;une s\u00e9rie de rencontres de haut niveau regroupant les 193 Etats membres de l&rsquo;ONU, pr\u00e9cise la m\u00eame source. <\/span><\/p>\n<p>&#013;<\/p>\n<p><span lang=\"FR\">La d\u00e9l\u00e9gation alg\u00e9rienne prendra part \u00e0 deux \u00ab\u00a0\u00e9v\u00e8nements majeurs qui marqueront ce grand rendez-vous de la Communaut\u00e9 internationale\u00a0\u00bb, \u00e0 savoir la C\u00e9r\u00e9monie de signature du Trait\u00e9 sur l&rsquo;Interdiction des armes nucl\u00e9aires ainsi que la R\u00e9union de Haut niveau de l&rsquo;Assembl\u00e9e G\u00e9n\u00e9rale sur la Traite des Personnes, ajoute le MAE. <\/span><\/p>\n<p>&#013;<\/p>\n<p><span lang=\"FR\">\u00ab\u00a0Outre la participation au d\u00e9bat de l&rsquo;Assembl\u00e9e G\u00e9n\u00e9rale, le ministre des Affaires \u00e9trang\u00e8res prendra part aux travaux de la R\u00e9union minist\u00e9rielle du Forum Global de Lutte contre le Terrorisme ainsi qu&rsquo;aux r\u00e9unions minist\u00e9rielles relatives au Mali et \u00e0 la Libye\u00a0\u00bb.\u00a0 <\/span><\/p>\n<p>&#013;<\/p>\n<p><span lang=\"FR\">Par ailleurs, M. Messahel prendra part \u00e9galement aux diff\u00e9rentes r\u00e9unions pr\u00e9vues en marge de la Session, notamment celles du Conseil de Paix et de S\u00e9curit\u00e9 de l&rsquo;Union Africaine, des Pays Non align\u00e9s, du Groupe des 77 et de l&rsquo;Organisation de la Coop\u00e9ration Islamique. Ceci, en plus d&rsquo;autres\u00a0activit\u00e9s \u00ab\u00a0importantes programm\u00e9es\u00a0\u00bb. <\/span><\/p>\n<p>&#013;<\/p>\n<p><span lang=\"FR\">Le chef de la diplomatie alg\u00e9rienne aura, enfin, des \u00ab\u00a0entretiens bilat\u00e9raux avec un certain nombre de ses homologues sur les questions\u00a0bilat\u00e9rales, r\u00e9gionales et internationales d&rsquo;int\u00e9r\u00eat commun\u00a0\u00bb, conclut le MAE.<\/span><\/p>\n<p>&#013;<\/p>\n<p>\u00a0<\/p>\n<p>&#013;<\/p>\n<p><span lang=\"FR\">\u00a0<\/span><\/p>\n<\/div>\n<p>&#013;<br \/>\nSource: <a href=\"http:\/\/www.aps.dz\/algerie\/62970-assemble-generale-de-l-onu-messahel-presidera-la-delegation-algerienne-mae\" target=\"_blank\">Assembl\u00e9 g\u00e9n\u00e9rale de l&rsquo;ONU: Messahel pr\u00e9sidera la d\u00e9l\u00e9gation alg\u00e9rienne (MAE)<\/a><\/p>\n<!--CusAds0-->\n<div style=\"font-size: 0px; height: 0px; line-height: 0px; margin: 0; padding: 0; clear: both;\"><\/div>","protected":false},"excerpt":{"rendered":"<p>ALGER-Le ministre des Affaires \u00e9trang\u00e8res, Abdelkader Messahel, pr\u00e9sidera la d\u00e9l\u00e9gation alg\u00e9rienne aux travaux de la 72\u00e8me session de l&rsquo;Assembl\u00e9e g\u00e9n\u00e9rale des nations unies, pr\u00e9vus \u00e0 compter du 19 septembre 2017, indique lundi le minist\u00e8re des Affaires \u00e9trang\u00e8res (MAE), dans un communiqu\u00e9.\u00a0 &#013; &#013; Tenue sous le th\u00e8me central de \u00ab\u00a0Placer l&rsquo;\u00eatre humain au coeur des<\/p>\n","protected":false},"author":6,"featured_media":16033,"comment_status":"open","ping_status":"open","sticky":false,"template":"","format":"standard","meta":{"footnotes":""},"categories":[22],"tags":[93],"class_list":["post-16032","post","type-post","status-publish","format-standard","has-post-thumbnail","hentry","category-infos","tag-onu"],"yoast_head":"<!-- This site is optimized with the Yoast SEO plugin v27.5 - https:\/\/yoast.com\/product\/yoast-seo-wordpress\/ -->\n<title>Assembl\u00e9 g\u00e9n\u00e9rale de l&#039;ONU: Messahel pr\u00e9sidera la d\u00e9l\u00e9gation alg\u00e9rienne (MAE) - info algerie<\/title>\n<meta name=\"robots\" content=\"index, follow, max-snippet:-1, max-image-preview:large, max-video-preview:-1\" \/>\n<link rel=\"canonical\" href=\"https:\/\/www.info-algerie.com\/actualites\/assemble-generale-de-lonu-messahel-presidera-la-delegation-algerienne-mae\/\" \/>\n<meta property=\"og:locale\" content=\"fr_FR\" \/>\n<meta property=\"og:type\" content=\"article\" \/>\n<meta property=\"og:title\" content=\"Assembl\u00e9 g\u00e9n\u00e9rale de l&#039;ONU: Messahel pr\u00e9sidera la d\u00e9l\u00e9gation alg\u00e9rienne (MAE) - info algerie\" \/>\n<meta property=\"og:description\" content=\"ALGER-Le ministre des Affaires \u00e9trang\u00e8res, Abdelkader Messahel, pr\u00e9sidera la d\u00e9l\u00e9gation alg\u00e9rienne aux travaux de la 72\u00e8me session de l&rsquo;Assembl\u00e9e g\u00e9n\u00e9rale des nations unies, pr\u00e9vus \u00e0 compter du 19 septembre 2017, indique lundi le minist\u00e8re des Affaires \u00e9trang\u00e8res (MAE), dans un communiqu\u00e9.\u00a0 &#013; &#013; Tenue sous le th\u00e8me central de \u00ab\u00a0Placer l&rsquo;\u00eatre humain au coeur des\" \/>\n<meta property=\"og:url\" content=\"https:\/\/www.info-algerie.com\/actualites\/assemble-generale-de-lonu-messahel-presidera-la-delegation-algerienne-mae\/\" \/>\n<meta property=\"og:site_name\" content=\"info algerie\" \/>\n<meta property=\"article:publisher\" content=\"https:\/\/www.facebook.com\/infoalgerieactu\" \/>\n<meta property=\"article:published_time\" content=\"2017-09-18T17:24:28+00:00\" \/>\n<meta property=\"og:image\" content=\"https:\/\/www.info-algerie.com\/actualites\/wp-content\/uploads\/2017\/09\/3f2a0267f80701221ded8e02ea4a90fa_S-1.jpg\" \/>\n\t<meta property=\"og:image:width\" content=\"280\" \/>\n\t<meta property=\"og:image:height\" content=\"169\" \/>\n\t<meta property=\"og:image:type\" content=\"image\/jpeg\" \/>\n<meta name=\"author\" content=\"La r\u00e9daction\" \/>\n<meta name=\"twitter:label1\" content=\"\u00c9crit par\" \/>\n\t<meta name=\"twitter:data1\" content=\"La r\u00e9daction\" \/>\n\t<meta name=\"twitter:label2\" content=\"Dur\u00e9e de lecture estim\u00e9e\" \/>\n\t<meta name=\"twitter:data2\" content=\"2 minutes\" \/>\n<script type=\"application\/ld+json\" class=\"yoast-schema-graph\">{\"@context\":\"https:\\\/\\\/schema.org\",\"@graph\":[{\"@type\":\"Article\",\"@id\":\"https:\\\/\\\/www.info-algerie.com\\\/actualites\\\/assemble-generale-de-lonu-messahel-presidera-la-delegation-algerienne-mae\\\/#article\",\"isPartOf\":{\"@id\":\"https:\\\/\\\/www.info-algerie.com\\\/actualites\\\/assemble-generale-de-lonu-messahel-presidera-la-delegation-algerienne-mae\\\/\"},\"author\":{\"name\":\"La r\u00e9daction\",\"@id\":\"https:\\\/\\\/www.info-algerie.com\\\/actualites\\\/#\\\/schema\\\/person\\\/847aaec44920825b843a08f30ec6aa1e\"},\"headline\":\"Assembl\u00e9 g\u00e9n\u00e9rale de l&#039;ONU: Messahel pr\u00e9sidera la d\u00e9l\u00e9gation alg\u00e9rienne (MAE)\",\"datePublished\":\"2017-09-18T17:24:28+00:00\",\"mainEntityOfPage\":{\"@id\":\"https:\\\/\\\/www.info-algerie.com\\\/actualites\\\/assemble-generale-de-lonu-messahel-presidera-la-delegation-algerienne-mae\\\/\"},\"wordCount\":356,\"commentCount\":0,\"publisher\":{\"@id\":\"https:\\\/\\\/www.info-algerie.com\\\/actualites\\\/#organization\"},\"image\":{\"@id\":\"https:\\\/\\\/www.info-algerie.com\\\/actualites\\\/assemble-generale-de-lonu-messahel-presidera-la-delegation-algerienne-mae\\\/#primaryimage\"},\"thumbnailUrl\":\"https:\\\/\\\/www.info-algerie.com\\\/actualites\\\/wp-content\\\/uploads\\\/2017\\\/09\\\/3f2a0267f80701221ded8e02ea4a90fa_S-1.jpg\",\"keywords\":[\"ONU\"],\"articleSection\":[\"infos\"],\"inLanguage\":\"fr-FR\",\"potentialAction\":[{\"@type\":\"CommentAction\",\"name\":\"Comment\",\"target\":[\"https:\\\/\\\/www.info-algerie.com\\\/actualites\\\/assemble-generale-de-lonu-messahel-presidera-la-delegation-algerienne-mae\\\/#respond\"]}]},{\"@type\":\"WebPage\",\"@id\":\"https:\\\/\\\/www.info-algerie.com\\\/actualites\\\/assemble-generale-de-lonu-messahel-presidera-la-delegation-algerienne-mae\\\/\",\"url\":\"https:\\\/\\\/www.info-algerie.com\\\/actualites\\\/assemble-generale-de-lonu-messahel-presidera-la-delegation-algerienne-mae\\\/\",\"name\":\"Assembl\u00e9 g\u00e9n\u00e9rale de l&#039;ONU: Messahel pr\u00e9sidera la d\u00e9l\u00e9gation alg\u00e9rienne (MAE) - info algerie\",\"isPartOf\":{\"@id\":\"https:\\\/\\\/www.info-algerie.com\\\/actualites\\\/#website\"},\"primaryImageOfPage\":{\"@id\":\"https:\\\/\\\/www.info-algerie.com\\\/actualites\\\/assemble-generale-de-lonu-messahel-presidera-la-delegation-algerienne-mae\\\/#primaryimage\"},\"image\":{\"@id\":\"https:\\\/\\\/www.info-algerie.com\\\/actualites\\\/assemble-generale-de-lonu-messahel-presidera-la-delegation-algerienne-mae\\\/#primaryimage\"},\"thumbnailUrl\":\"https:\\\/\\\/www.info-algerie.com\\\/actualites\\\/wp-content\\\/uploads\\\/2017\\\/09\\\/3f2a0267f80701221ded8e02ea4a90fa_S-1.jpg\",\"datePublished\":\"2017-09-18T17:24:28+00:00\",\"breadcrumb\":{\"@id\":\"https:\\\/\\\/www.info-algerie.com\\\/actualites\\\/assemble-generale-de-lonu-messahel-presidera-la-delegation-algerienne-mae\\\/#breadcrumb\"},\"inLanguage\":\"fr-FR\",\"potentialAction\":[{\"@type\":\"ReadAction\",\"target\":[\"https:\\\/\\\/www.info-algerie.com\\\/actualites\\\/assemble-generale-de-lonu-messahel-presidera-la-delegation-algerienne-mae\\\/\"]}]},{\"@type\":\"ImageObject\",\"inLanguage\":\"fr-FR\",\"@id\":\"https:\\\/\\\/www.info-algerie.com\\\/actualites\\\/assemble-generale-de-lonu-messahel-presidera-la-delegation-algerienne-mae\\\/#primaryimage\",\"url\":\"https:\\\/\\\/www.info-algerie.com\\\/actualites\\\/wp-content\\\/uploads\\\/2017\\\/09\\\/3f2a0267f80701221ded8e02ea4a90fa_S-1.jpg\",\"contentUrl\":\"https:\\\/\\\/www.info-algerie.com\\\/actualites\\\/wp-content\\\/uploads\\\/2017\\\/09\\\/3f2a0267f80701221ded8e02ea4a90fa_S-1.jpg\",\"width\":280,\"height\":169},{\"@type\":\"BreadcrumbList\",\"@id\":\"https:\\\/\\\/www.info-algerie.com\\\/actualites\\\/assemble-generale-de-lonu-messahel-presidera-la-delegation-algerienne-mae\\\/#breadcrumb\",\"itemListElement\":[{\"@type\":\"ListItem\",\"position\":1,\"name\":\"Accueil\",\"item\":\"https:\\\/\\\/www.info-algerie.com\\\/actualites\\\/\"},{\"@type\":\"ListItem\",\"position\":2,\"name\":\"Assembl\u00e9 g\u00e9n\u00e9rale de l&#039;ONU: Messahel pr\u00e9sidera la d\u00e9l\u00e9gation alg\u00e9rienne (MAE)\"}]},{\"@type\":\"WebSite\",\"@id\":\"https:\\\/\\\/www.info-algerie.com\\\/actualites\\\/#website\",\"url\":\"https:\\\/\\\/www.info-algerie.com\\\/actualites\\\/\",\"name\":\"info algerie\",\"description\":\"Toutes les actualit\u00e9s\",\"publisher\":{\"@id\":\"https:\\\/\\\/www.info-algerie.com\\\/actualites\\\/#organization\"},\"potentialAction\":[{\"@type\":\"SearchAction\",\"target\":{\"@type\":\"EntryPoint\",\"urlTemplate\":\"https:\\\/\\\/www.info-algerie.com\\\/actualites\\\/?s={search_term_string}\"},\"query-input\":{\"@type\":\"PropertyValueSpecification\",\"valueRequired\":true,\"valueName\":\"search_term_string\"}}],\"inLanguage\":\"fr-FR\"},{\"@type\":\"Organization\",\"@id\":\"https:\\\/\\\/www.info-algerie.com\\\/actualites\\\/#organization\",\"name\":\"info algerie\",\"url\":\"https:\\\/\\\/www.info-algerie.com\\\/actualites\\\/\",\"logo\":{\"@type\":\"ImageObject\",\"inLanguage\":\"fr-FR\",\"@id\":\"https:\\\/\\\/www.info-algerie.com\\\/actualites\\\/#\\\/schema\\\/logo\\\/image\\\/\",\"url\":\"https:\\\/\\\/www.info-algerie.com\\\/actualites\\\/wp-content\\\/uploads\\\/2022\\\/07\\\/logo-ia-120.png\",\"contentUrl\":\"https:\\\/\\\/www.info-algerie.com\\\/actualites\\\/wp-content\\\/uploads\\\/2022\\\/07\\\/logo-ia-120.png\",\"width\":120,\"height\":43,\"caption\":\"info algerie\"},\"image\":{\"@id\":\"https:\\\/\\\/www.info-algerie.com\\\/actualites\\\/#\\\/schema\\\/logo\\\/image\\\/\"},\"sameAs\":[\"https:\\\/\\\/www.facebook.com\\\/infoalgerieactu\",\"https:\\\/\\\/x.com\\\/infoalgerie1\"]},{\"@type\":\"Person\",\"@id\":\"https:\\\/\\\/www.info-algerie.com\\\/actualites\\\/#\\\/schema\\\/person\\\/847aaec44920825b843a08f30ec6aa1e\",\"name\":\"La r\u00e9daction\",\"image\":{\"@type\":\"ImageObject\",\"inLanguage\":\"fr-FR\",\"@id\":\"https:\\\/\\\/secure.gravatar.com\\\/avatar\\\/769db425c6f465158149f1ffd6cf61ce7a8a879d11dfbef8288af36dfddd418c?s=96&d=mm&r=g\",\"url\":\"https:\\\/\\\/secure.gravatar.com\\\/avatar\\\/769db425c6f465158149f1ffd6cf61ce7a8a879d11dfbef8288af36dfddd418c?s=96&d=mm&r=g\",\"contentUrl\":\"https:\\\/\\\/secure.gravatar.com\\\/avatar\\\/769db425c6f465158149f1ffd6cf61ce7a8a879d11dfbef8288af36dfddd418c?s=96&d=mm&r=g\",\"caption\":\"La r\u00e9daction\"},\"sameAs\":[\"http:\\\/\\\/www.lkeria.com\\\/\"],\"url\":\"https:\\\/\\\/www.info-algerie.com\\\/actualites\\\/author\\\/chakib32\\\/\"}]}<\/script>\n<!-- \/ Yoast SEO plugin. -->","yoast_head_json":{"title":"Assembl\u00e9 g\u00e9n\u00e9rale de l&#039;ONU: Messahel pr\u00e9sidera la d\u00e9l\u00e9gation alg\u00e9rienne (MAE) - info algerie","robots":{"index":"index","follow":"follow","max-snippet":"max-snippet:-1","max-image-preview":"max-image-preview:large","max-video-preview":"max-video-preview:-1"},"canonical":"https:\/\/www.info-algerie.com\/actualites\/assemble-generale-de-lonu-messahel-presidera-la-delegation-algerienne-mae\/","og_locale":"fr_FR","og_type":"article","og_title":"Assembl\u00e9 g\u00e9n\u00e9rale de l&#039;ONU: Messahel pr\u00e9sidera la d\u00e9l\u00e9gation alg\u00e9rienne (MAE) - info algerie","og_description":"ALGER-Le ministre des Affaires \u00e9trang\u00e8res, Abdelkader Messahel, pr\u00e9sidera la d\u00e9l\u00e9gation alg\u00e9rienne aux travaux de la 72\u00e8me session de l&rsquo;Assembl\u00e9e g\u00e9n\u00e9rale des nations unies, pr\u00e9vus \u00e0 compter du 19 septembre 2017, indique lundi le minist\u00e8re des Affaires \u00e9trang\u00e8res (MAE), dans un communiqu\u00e9.\u00a0 &#013; &#013; Tenue sous le th\u00e8me central de \u00ab\u00a0Placer l&rsquo;\u00eatre humain au coeur des","og_url":"https:\/\/www.info-algerie.com\/actualites\/assemble-generale-de-lonu-messahel-presidera-la-delegation-algerienne-mae\/","og_site_name":"info algerie","article_publisher":"https:\/\/www.facebook.com\/infoalgerieactu","article_published_time":"2017-09-18T17:24:28+00:00","og_image":[{"width":280,"height":169,"url":"https:\/\/www.info-algerie.com\/actualites\/wp-content\/uploads\/2017\/09\/3f2a0267f80701221ded8e02ea4a90fa_S-1.jpg","type":"image\/jpeg"}],"author":"La r\u00e9daction","twitter_misc":{"\u00c9crit par":"La r\u00e9daction","Dur\u00e9e de lecture estim\u00e9e":"2 minutes"},"schema":{"@context":"https:\/\/schema.org","@graph":[{"@type":"Article","@id":"https:\/\/www.info-algerie.com\/actualites\/assemble-generale-de-lonu-messahel-presidera-la-delegation-algerienne-mae\/#article","isPartOf":{"@id":"https:\/\/www.info-algerie.com\/actualites\/assemble-generale-de-lonu-messahel-presidera-la-delegation-algerienne-mae\/"},"author":{"name":"La r\u00e9daction","@id":"https:\/\/www.info-algerie.com\/actualites\/#\/schema\/person\/847aaec44920825b843a08f30ec6aa1e"},"headline":"Assembl\u00e9 g\u00e9n\u00e9rale de l&#039;ONU: Messahel pr\u00e9sidera la d\u00e9l\u00e9gation alg\u00e9rienne (MAE)","datePublished":"2017-09-18T17:24:28+00:00","mainEntityOfPage":{"@id":"https:\/\/www.info-algerie.com\/actualites\/assemble-generale-de-lonu-messahel-presidera-la-delegation-algerienne-mae\/"},"wordCount":356,"commentCount":0,"publisher":{"@id":"https:\/\/www.info-algerie.com\/actualites\/#organization"},"image":{"@id":"https:\/\/www.info-algerie.com\/actualites\/assemble-generale-de-lonu-messahel-presidera-la-delegation-algerienne-mae\/#primaryimage"},"thumbnailUrl":"https:\/\/www.info-algerie.com\/actualites\/wp-content\/uploads\/2017\/09\/3f2a0267f80701221ded8e02ea4a90fa_S-1.jpg","keywords":["ONU"],"articleSection":["infos"],"inLanguage":"fr-FR","potentialAction":[{"@type":"CommentAction","name":"Comment","target":["https:\/\/www.info-algerie.com\/actualites\/assemble-generale-de-lonu-messahel-presidera-la-delegation-algerienne-mae\/#respond"]}]},{"@type":"WebPage","@id":"https:\/\/www.info-algerie.com\/actualites\/assemble-generale-de-lonu-messahel-presidera-la-delegation-algerienne-mae\/","url":"https:\/\/www.info-algerie.com\/actualites\/assemble-generale-de-lonu-messahel-presidera-la-delegation-algerienne-mae\/","name":"Assembl\u00e9 g\u00e9n\u00e9rale de l&#039;ONU: Messahel pr\u00e9sidera la d\u00e9l\u00e9gation alg\u00e9rienne (MAE) - info algerie","isPartOf":{"@id":"https:\/\/www.info-algerie.com\/actualites\/#website"},"primaryImageOfPage":{"@id":"https:\/\/www.info-algerie.com\/actualites\/assemble-generale-de-lonu-messahel-presidera-la-delegation-algerienne-mae\/#primaryimage"},"image":{"@id":"https:\/\/www.info-algerie.com\/actualites\/assemble-generale-de-lonu-messahel-presidera-la-delegation-algerienne-mae\/#primaryimage"},"thumbnailUrl":"https:\/\/www.info-algerie.com\/actualites\/wp-content\/uploads\/2017\/09\/3f2a0267f80701221ded8e02ea4a90fa_S-1.jpg","datePublished":"2017-09-18T17:24:28+00:00","breadcrumb":{"@id":"https:\/\/www.info-algerie.com\/actualites\/assemble-generale-de-lonu-messahel-presidera-la-delegation-algerienne-mae\/#breadcrumb"},"inLanguage":"fr-FR","potentialAction":[{"@type":"ReadAction","target":["https:\/\/www.info-algerie.com\/actualites\/assemble-generale-de-lonu-messahel-presidera-la-delegation-algerienne-mae\/"]}]},{"@type":"ImageObject","inLanguage":"fr-FR","@id":"https:\/\/www.info-algerie.com\/actualites\/assemble-generale-de-lonu-messahel-presidera-la-delegation-algerienne-mae\/#primaryimage","url":"https:\/\/www.info-algerie.com\/actualites\/wp-content\/uploads\/2017\/09\/3f2a0267f80701221ded8e02ea4a90fa_S-1.jpg","contentUrl":"https:\/\/www.info-algerie.com\/actualites\/wp-content\/uploads\/2017\/09\/3f2a0267f80701221ded8e02ea4a90fa_S-1.jpg","width":280,"height":169},{"@type":"BreadcrumbList","@id":"https:\/\/www.info-algerie.com\/actualites\/assemble-generale-de-lonu-messahel-presidera-la-delegation-algerienne-mae\/#breadcrumb","itemListElement":[{"@type":"ListItem","position":1,"name":"Accueil","item":"https:\/\/www.info-algerie.com\/actualites\/"},{"@type":"ListItem","position":2,"name":"Assembl\u00e9 g\u00e9n\u00e9rale de l&#039;ONU: Messahel pr\u00e9sidera la d\u00e9l\u00e9gation alg\u00e9rienne (MAE)"}]},{"@type":"WebSite","@id":"https:\/\/www.info-algerie.com\/actualites\/#website","url":"https:\/\/www.info-algerie.com\/actualites\/","name":"info algerie","description":"Toutes les actualit\u00e9s","publisher":{"@id":"https:\/\/www.info-algerie.com\/actualites\/#organization"},"potentialAction":[{"@type":"SearchAction","target":{"@type":"EntryPoint","urlTemplate":"https:\/\/www.info-algerie.com\/actualites\/?s={search_term_string}"},"query-input":{"@type":"PropertyValueSpecification","valueRequired":true,"valueName":"search_term_string"}}],"inLanguage":"fr-FR"},{"@type":"Organization","@id":"https:\/\/www.info-algerie.com\/actualites\/#organization","name":"info algerie","url":"https:\/\/www.info-algerie.com\/actualites\/","logo":{"@type":"ImageObject","inLanguage":"fr-FR","@id":"https:\/\/www.info-algerie.com\/actualites\/#\/schema\/logo\/image\/","url":"https:\/\/www.info-algerie.com\/actualites\/wp-content\/uploads\/2022\/07\/logo-ia-120.png","contentUrl":"https:\/\/www.info-algerie.com\/actualites\/wp-content\/uploads\/2022\/07\/logo-ia-120.png","width":120,"height":43,"caption":"info algerie"},"image":{"@id":"https:\/\/www.info-algerie.com\/actualites\/#\/schema\/logo\/image\/"},"sameAs":["https:\/\/www.facebook.com\/infoalgerieactu","https:\/\/x.com\/infoalgerie1"]},{"@type":"Person","@id":"https:\/\/www.info-algerie.com\/actualites\/#\/schema\/person\/847aaec44920825b843a08f30ec6aa1e","name":"La r\u00e9daction","image":{"@type":"ImageObject","inLanguage":"fr-FR","@id":"https:\/\/secure.gravatar.com\/avatar\/769db425c6f465158149f1ffd6cf61ce7a8a879d11dfbef8288af36dfddd418c?s=96&d=mm&r=g","url":"https:\/\/secure.gravatar.com\/avatar\/769db425c6f465158149f1ffd6cf61ce7a8a879d11dfbef8288af36dfddd418c?s=96&d=mm&r=g","contentUrl":"https:\/\/secure.gravatar.com\/avatar\/769db425c6f465158149f1ffd6cf61ce7a8a879d11dfbef8288af36dfddd418c?s=96&d=mm&r=g","caption":"La r\u00e9daction"},"sameAs":["http:\/\/www.lkeria.com\/"],"url":"https:\/\/www.info-algerie.com\/actualites\/author\/chakib32\/"}]}},"_links":{"self":[{"href":"https:\/\/www.info-algerie.com\/actualites\/wp-json\/wp\/v2\/posts\/16032","targetHints":{"allow":["GET"]}}],"collection":[{"href":"https:\/\/www.info-algerie.com\/actualites\/wp-json\/wp\/v2\/posts"}],"about":[{"href":"https:\/\/www.info-algerie.com\/actualites\/wp-json\/wp\/v2\/types\/post"}],"author":[{"embeddable":true,"href":"https:\/\/www.info-algerie.com\/actualites\/wp-json\/wp\/v2\/users\/6"}],"replies":[{"embeddable":true,"href":"https:\/\/www.info-algerie.com\/actualites\/wp-json\/wp\/v2\/comments?post=16032"}],"version-history":[{"count":0,"href":"https:\/\/www.info-algerie.com\/actualites\/wp-json\/wp\/v2\/posts\/16032\/revisions"}],"wp:featuredmedia":[{"embeddable":true,"href":"https:\/\/www.info-algerie.com\/actualites\/wp-json\/wp\/v2\/media\/16033"}],"wp:attachment":[{"href":"https:\/\/www.info-algerie.com\/actualites\/wp-json\/wp\/v2\/media?parent=16032"}],"wp:term":[{"taxonomy":"category","embeddable":true,"href":"https:\/\/www.info-algerie.com\/actualites\/wp-json\/wp\/v2\/categories?post=16032"},{"taxonomy":"post_tag","embeddable":true,"href":"https:\/\/www.info-algerie.com\/actualites\/wp-json\/wp\/v2\/tags?post=16032"}],"curies":[{"name":"wp","href":"https:\/\/api.w.org\/{rel}","templated":true}]}}