{"id":16035,"date":"2017-09-18T18:10:13","date_gmt":"2017-09-18T17:10:13","guid":{"rendered":"http:\/\/www.info-algerie.com\/actualites\/algerieue-lancement-officiel-mercredi-a-alger-dun-nouveau-programme-dappui-a-la-justice\/"},"modified":"2017-09-18T18:10:13","modified_gmt":"2017-09-18T17:10:13","slug":"algerieue-lancement-officiel-mercredi-a-alger-dun-nouveau-programme-dappui-a-la-justice","status":"publish","type":"post","link":"https:\/\/www.info-algerie.com\/actualites\/algerieue-lancement-officiel-mercredi-a-alger-dun-nouveau-programme-dappui-a-la-justice\/","title":{"rendered":"Alg\u00e9rie\/UE: Lancement officiel, mercredi \u00e0 Alger, d&#039;un nouveau programme d&#039;appui \u00e0 la justice"},"content":{"rendered":"<div class=\"K2FeedImage\"><img decoding=\"async\" src=\"https:\/\/www.info-algerie.com\/actualites\/wp-content\/uploads\/2017\/09\/fe06702f758a85761bb7c64767d82415_S.jpg\" alt=\"Alg&#xE9;rie\/UE: Lancement officiel, mercredi &#xE0; Alger, d'un nouveau programme d'appui &#xE0; la justice\" \/><\/div>\n<div class=\"K2FeedIntroText\">\n<p class=\"MsoNormal\"><span lang=\"FR\">ALGER-Un nouveau programme d&rsquo;appui \u00e0 la justice alg\u00e9rienne (PASJA), s&rsquo;inscrivant dans le cadre de la r\u00e9forme du secteur, sera officiellement lanc\u00e9 le mercredi 20 septembre 2017 \u00e0 Alger par l&rsquo;Alg\u00e9rie et l&rsquo;Union europ\u00e9enne (UE), indique lundi, dans un communiqu\u00e9, le minist\u00e8re de la Justice.<\/span><\/p>\n<p>&#013;\n<\/p><\/div>\n<div class=\"K2FeedFullText\">&#013;<\/p>\n<p class=\"MsoNormal\"><span lang=\"FR\">\u00ab\u00a0Le PSJA se veut un programme d&rsquo;appui au secteur de la Justice en Alg\u00e9rie et s&rsquo;inscrit dans la vision du pr\u00e9sident de la R\u00e9publique, Abdelaziz\u00a0Bouteflika, qui a \u00e9lev\u00e9 la r\u00e9forme de la Justice au rang de priorit\u00e9\u00a0nationale\u00a0\u00bb, est-il pr\u00e9cis\u00e9 de m\u00eame source, notant que ledit programme \u00ab\u00a0s&rsquo;int\u00e8gre aux principaux axes de la politique gouvernementale dans le domaine de la Justice, lanc\u00e9e en septembre 2015\u00a0\u00bb.<\/span><\/p>\n<p>&#013;<\/p>\n<p class=\"MsoNormal\"><span lang=\"FR\">En outre, le PASJA \u00ab\u00a0s&rsquo;est fix\u00e9 comme objectif global de contribuer au renforcement de l&rsquo;Etat de droit et d&rsquo;aider \u00e0 garantir \u00e0 tous les citoyens une justice de qualit\u00e9, \u00e9quitable et impartiale\u00a0\u00bb, est-il ajout\u00e9.\u00a0 <\/span><\/p>\n<p>&#013;<\/p>\n<p class=\"MsoNormal\"><span lang=\"FR\">Ce programme est cofinanc\u00e9 par l&rsquo;UE \u00e0 hauteur de 9 millions d&rsquo;euros, par l&rsquo;Alg\u00e9rie ainsi que la France avec des contributions respectives de 1,10 millions d&rsquo;euros et 450.000 euros soit, un montant total de 10,550 millions d&rsquo;euros (environ 1,3 milliard de dinars). Il est mis en \u0153uvre par deux op\u00e9rateurs, \u00e0 savoir Justice Coop\u00e9ration internationale (JCI) et l&rsquo;UAP-PASJA (consortium IBF\/BIRD) et ce, pour une dur\u00e9e de 34 mois. <\/span><\/p>\n<p>&#013;<\/p>\n<p class=\"MsoNormal\"><span lang=\"FR\">Apr\u00e8s Justice I et Justice II, le PASJA est le 3\u00e8me programme de soutien \u00e0 la justice alg\u00e9rienne, b\u00e9n\u00e9ficiant d&rsquo;un appui financier et technique de l&rsquo;UE, ind\u00e9pendamment des diverses autres actions d&rsquo;Euromed Justice et d&rsquo;op\u00e9rations de jumelage. <\/span><\/p>\n<p>&#013;<\/p>\n<p class=\"MsoNormal\"><span lang=\"FR\">A l&rsquo;occasion du lancement officiel de ce nouveau programme, un s\u00e9minaire se tiendra \u00e0 la R\u00e9sidence des Magistrats (El-Biar). <\/span><\/p>\n<p>&#013;<\/p>\n<p class=\"MsoNormal\"><span lang=\"FR\">\u00a0<\/span><\/p>\n<p>&#013;<\/p>\n<p class=\"MsoNormal\"><span lang=\"FR\">\u00a0<\/span><\/p>\n<p>&#013;<\/p>\n<p class=\"MsoNormal\"><span lang=\"FR\">\u00a0<\/span><\/p>\n<p>&#013;<\/p>\n<p class=\"MsoNormal\"><span lang=\"FR\">\u00a0<\/span><\/p>\n<p>&#013;<\/p>\n<p>\u00a0<\/p>\n<p>&#013;<\/p>\n<p class=\"MsoNormal\"><span lang=\"FR\">\u00a0<\/span><\/p>\n<\/div>\n<p>&#013;<br \/>\nSource: <a href=\"http:\/\/www.aps.dz\/algerie\/62969-algerie-ue-lancement-officiel-mercredi-a-alger-d-un-nouveau-programme-d-appui-a-la-justice\" target=\"_blank\">Alg\u00e9rie\/UE: Lancement officiel, mercredi \u00e0 Alger, d&rsquo;un nouveau programme d&rsquo;appui \u00e0 la justice<\/a><\/p>\n<!--CusAds0-->\n<div style=\"font-size: 0px; height: 0px; line-height: 0px; margin: 0; padding: 0; clear: both;\"><\/div>","protected":false},"excerpt":{"rendered":"<p>ALGER-Un nouveau programme d&rsquo;appui \u00e0 la justice alg\u00e9rienne (PASJA), s&rsquo;inscrivant dans le cadre de la r\u00e9forme du secteur, sera officiellement lanc\u00e9 le mercredi 20 septembre 2017 \u00e0 Alger par l&rsquo;Alg\u00e9rie et l&rsquo;Union europ\u00e9enne (UE), indique lundi, dans un communiqu\u00e9, le minist\u00e8re de la Justice. &#013; &#013; \u00ab\u00a0Le PSJA se veut un programme d&rsquo;appui au secteur<\/p>\n","protected":false},"author":6,"featured_media":16036,"comment_status":"open","ping_status":"open","sticky":false,"template":"","format":"standard","meta":{"footnotes":""},"categories":[22],"tags":[93],"class_list":["post-16035","post","type-post","status-publish","format-standard","has-post-thumbnail","hentry","category-infos","tag-onu"],"yoast_head":"<!-- This site is optimized with the Yoast SEO plugin v27.5 - https:\/\/yoast.com\/product\/yoast-seo-wordpress\/ -->\n<title>Alg\u00e9rie\/UE: Lancement officiel, mercredi \u00e0 Alger, d&#039;un nouveau programme d&#039;appui \u00e0 la justice - info algerie<\/title>\n<meta name=\"robots\" content=\"index, follow, max-snippet:-1, max-image-preview:large, max-video-preview:-1\" \/>\n<link rel=\"canonical\" href=\"https:\/\/www.info-algerie.com\/actualites\/algerieue-lancement-officiel-mercredi-a-alger-dun-nouveau-programme-dappui-a-la-justice\/\" \/>\n<meta property=\"og:locale\" content=\"fr_FR\" \/>\n<meta property=\"og:type\" content=\"article\" \/>\n<meta property=\"og:title\" content=\"Alg\u00e9rie\/UE: Lancement officiel, mercredi \u00e0 Alger, d&#039;un nouveau programme d&#039;appui \u00e0 la justice - info algerie\" \/>\n<meta property=\"og:description\" content=\"ALGER-Un nouveau programme d&rsquo;appui \u00e0 la justice alg\u00e9rienne (PASJA), s&rsquo;inscrivant dans le cadre de la r\u00e9forme du secteur, sera officiellement lanc\u00e9 le mercredi 20 septembre 2017 \u00e0 Alger par l&rsquo;Alg\u00e9rie et l&rsquo;Union europ\u00e9enne (UE), indique lundi, dans un communiqu\u00e9, le minist\u00e8re de la Justice. &#013; &#013; \u00ab\u00a0Le PSJA se veut un programme d&rsquo;appui au secteur\" \/>\n<meta property=\"og:url\" content=\"https:\/\/www.info-algerie.com\/actualites\/algerieue-lancement-officiel-mercredi-a-alger-dun-nouveau-programme-dappui-a-la-justice\/\" \/>\n<meta property=\"og:site_name\" content=\"info algerie\" \/>\n<meta property=\"article:publisher\" content=\"https:\/\/www.facebook.com\/infoalgerieactu\" \/>\n<meta property=\"article:published_time\" content=\"2017-09-18T17:10:13+00:00\" \/>\n<meta property=\"og:image\" content=\"https:\/\/www.info-algerie.com\/actualites\/wp-content\/uploads\/2017\/09\/fe06702f758a85761bb7c64767d82415_S-1.jpg\" \/>\n\t<meta property=\"og:image:width\" content=\"280\" \/>\n\t<meta property=\"og:image:height\" content=\"169\" \/>\n\t<meta property=\"og:image:type\" content=\"image\/jpeg\" \/>\n<meta name=\"author\" content=\"La r\u00e9daction\" \/>\n<meta name=\"twitter:label1\" content=\"\u00c9crit par\" \/>\n\t<meta name=\"twitter:data1\" content=\"La r\u00e9daction\" \/>\n\t<meta name=\"twitter:label2\" content=\"Dur\u00e9e de lecture estim\u00e9e\" \/>\n\t<meta name=\"twitter:data2\" content=\"1 minute\" \/>\n<script type=\"application\/ld+json\" class=\"yoast-schema-graph\">{\"@context\":\"https:\\\/\\\/schema.org\",\"@graph\":[{\"@type\":\"Article\",\"@id\":\"https:\\\/\\\/www.info-algerie.com\\\/actualites\\\/algerieue-lancement-officiel-mercredi-a-alger-dun-nouveau-programme-dappui-a-la-justice\\\/#article\",\"isPartOf\":{\"@id\":\"https:\\\/\\\/www.info-algerie.com\\\/actualites\\\/algerieue-lancement-officiel-mercredi-a-alger-dun-nouveau-programme-dappui-a-la-justice\\\/\"},\"author\":{\"name\":\"La r\u00e9daction\",\"@id\":\"https:\\\/\\\/www.info-algerie.com\\\/actualites\\\/#\\\/schema\\\/person\\\/847aaec44920825b843a08f30ec6aa1e\"},\"headline\":\"Alg\u00e9rie\\\/UE: Lancement officiel, mercredi \u00e0 Alger, d&#039;un nouveau programme d&#039;appui \u00e0 la justice\",\"datePublished\":\"2017-09-18T17:10:13+00:00\",\"mainEntityOfPage\":{\"@id\":\"https:\\\/\\\/www.info-algerie.com\\\/actualites\\\/algerieue-lancement-officiel-mercredi-a-alger-dun-nouveau-programme-dappui-a-la-justice\\\/\"},\"wordCount\":329,\"commentCount\":0,\"publisher\":{\"@id\":\"https:\\\/\\\/www.info-algerie.com\\\/actualites\\\/#organization\"},\"image\":{\"@id\":\"https:\\\/\\\/www.info-algerie.com\\\/actualites\\\/algerieue-lancement-officiel-mercredi-a-alger-dun-nouveau-programme-dappui-a-la-justice\\\/#primaryimage\"},\"thumbnailUrl\":\"https:\\\/\\\/www.info-algerie.com\\\/actualites\\\/wp-content\\\/uploads\\\/2017\\\/09\\\/fe06702f758a85761bb7c64767d82415_S-1.jpg\",\"keywords\":[\"ONU\"],\"articleSection\":[\"infos\"],\"inLanguage\":\"fr-FR\",\"potentialAction\":[{\"@type\":\"CommentAction\",\"name\":\"Comment\",\"target\":[\"https:\\\/\\\/www.info-algerie.com\\\/actualites\\\/algerieue-lancement-officiel-mercredi-a-alger-dun-nouveau-programme-dappui-a-la-justice\\\/#respond\"]}]},{\"@type\":\"WebPage\",\"@id\":\"https:\\\/\\\/www.info-algerie.com\\\/actualites\\\/algerieue-lancement-officiel-mercredi-a-alger-dun-nouveau-programme-dappui-a-la-justice\\\/\",\"url\":\"https:\\\/\\\/www.info-algerie.com\\\/actualites\\\/algerieue-lancement-officiel-mercredi-a-alger-dun-nouveau-programme-dappui-a-la-justice\\\/\",\"name\":\"Alg\u00e9rie\\\/UE: Lancement officiel, mercredi \u00e0 Alger, d&#039;un nouveau programme d&#039;appui \u00e0 la justice - info algerie\",\"isPartOf\":{\"@id\":\"https:\\\/\\\/www.info-algerie.com\\\/actualites\\\/#website\"},\"primaryImageOfPage\":{\"@id\":\"https:\\\/\\\/www.info-algerie.com\\\/actualites\\\/algerieue-lancement-officiel-mercredi-a-alger-dun-nouveau-programme-dappui-a-la-justice\\\/#primaryimage\"},\"image\":{\"@id\":\"https:\\\/\\\/www.info-algerie.com\\\/actualites\\\/algerieue-lancement-officiel-mercredi-a-alger-dun-nouveau-programme-dappui-a-la-justice\\\/#primaryimage\"},\"thumbnailUrl\":\"https:\\\/\\\/www.info-algerie.com\\\/actualites\\\/wp-content\\\/uploads\\\/2017\\\/09\\\/fe06702f758a85761bb7c64767d82415_S-1.jpg\",\"datePublished\":\"2017-09-18T17:10:13+00:00\",\"breadcrumb\":{\"@id\":\"https:\\\/\\\/www.info-algerie.com\\\/actualites\\\/algerieue-lancement-officiel-mercredi-a-alger-dun-nouveau-programme-dappui-a-la-justice\\\/#breadcrumb\"},\"inLanguage\":\"fr-FR\",\"potentialAction\":[{\"@type\":\"ReadAction\",\"target\":[\"https:\\\/\\\/www.info-algerie.com\\\/actualites\\\/algerieue-lancement-officiel-mercredi-a-alger-dun-nouveau-programme-dappui-a-la-justice\\\/\"]}]},{\"@type\":\"ImageObject\",\"inLanguage\":\"fr-FR\",\"@id\":\"https:\\\/\\\/www.info-algerie.com\\\/actualites\\\/algerieue-lancement-officiel-mercredi-a-alger-dun-nouveau-programme-dappui-a-la-justice\\\/#primaryimage\",\"url\":\"https:\\\/\\\/www.info-algerie.com\\\/actualites\\\/wp-content\\\/uploads\\\/2017\\\/09\\\/fe06702f758a85761bb7c64767d82415_S-1.jpg\",\"contentUrl\":\"https:\\\/\\\/www.info-algerie.com\\\/actualites\\\/wp-content\\\/uploads\\\/2017\\\/09\\\/fe06702f758a85761bb7c64767d82415_S-1.jpg\",\"width\":280,\"height\":169},{\"@type\":\"BreadcrumbList\",\"@id\":\"https:\\\/\\\/www.info-algerie.com\\\/actualites\\\/algerieue-lancement-officiel-mercredi-a-alger-dun-nouveau-programme-dappui-a-la-justice\\\/#breadcrumb\",\"itemListElement\":[{\"@type\":\"ListItem\",\"position\":1,\"name\":\"Accueil\",\"item\":\"https:\\\/\\\/www.info-algerie.com\\\/actualites\\\/\"},{\"@type\":\"ListItem\",\"position\":2,\"name\":\"Alg\u00e9rie\\\/UE: Lancement officiel, mercredi \u00e0 Alger, d&#039;un nouveau programme d&#039;appui \u00e0 la justice\"}]},{\"@type\":\"WebSite\",\"@id\":\"https:\\\/\\\/www.info-algerie.com\\\/actualites\\\/#website\",\"url\":\"https:\\\/\\\/www.info-algerie.com\\\/actualites\\\/\",\"name\":\"info algerie\",\"description\":\"Toutes les actualit\u00e9s\",\"publisher\":{\"@id\":\"https:\\\/\\\/www.info-algerie.com\\\/actualites\\\/#organization\"},\"potentialAction\":[{\"@type\":\"SearchAction\",\"target\":{\"@type\":\"EntryPoint\",\"urlTemplate\":\"https:\\\/\\\/www.info-algerie.com\\\/actualites\\\/?s={search_term_string}\"},\"query-input\":{\"@type\":\"PropertyValueSpecification\",\"valueRequired\":true,\"valueName\":\"search_term_string\"}}],\"inLanguage\":\"fr-FR\"},{\"@type\":\"Organization\",\"@id\":\"https:\\\/\\\/www.info-algerie.com\\\/actualites\\\/#organization\",\"name\":\"info algerie\",\"url\":\"https:\\\/\\\/www.info-algerie.com\\\/actualites\\\/\",\"logo\":{\"@type\":\"ImageObject\",\"inLanguage\":\"fr-FR\",\"@id\":\"https:\\\/\\\/www.info-algerie.com\\\/actualites\\\/#\\\/schema\\\/logo\\\/image\\\/\",\"url\":\"https:\\\/\\\/www.info-algerie.com\\\/actualites\\\/wp-content\\\/uploads\\\/2022\\\/07\\\/logo-ia-120.png\",\"contentUrl\":\"https:\\\/\\\/www.info-algerie.com\\\/actualites\\\/wp-content\\\/uploads\\\/2022\\\/07\\\/logo-ia-120.png\",\"width\":120,\"height\":43,\"caption\":\"info algerie\"},\"image\":{\"@id\":\"https:\\\/\\\/www.info-algerie.com\\\/actualites\\\/#\\\/schema\\\/logo\\\/image\\\/\"},\"sameAs\":[\"https:\\\/\\\/www.facebook.com\\\/infoalgerieactu\",\"https:\\\/\\\/x.com\\\/infoalgerie1\"]},{\"@type\":\"Person\",\"@id\":\"https:\\\/\\\/www.info-algerie.com\\\/actualites\\\/#\\\/schema\\\/person\\\/847aaec44920825b843a08f30ec6aa1e\",\"name\":\"La r\u00e9daction\",\"image\":{\"@type\":\"ImageObject\",\"inLanguage\":\"fr-FR\",\"@id\":\"https:\\\/\\\/secure.gravatar.com\\\/avatar\\\/769db425c6f465158149f1ffd6cf61ce7a8a879d11dfbef8288af36dfddd418c?s=96&d=mm&r=g\",\"url\":\"https:\\\/\\\/secure.gravatar.com\\\/avatar\\\/769db425c6f465158149f1ffd6cf61ce7a8a879d11dfbef8288af36dfddd418c?s=96&d=mm&r=g\",\"contentUrl\":\"https:\\\/\\\/secure.gravatar.com\\\/avatar\\\/769db425c6f465158149f1ffd6cf61ce7a8a879d11dfbef8288af36dfddd418c?s=96&d=mm&r=g\",\"caption\":\"La r\u00e9daction\"},\"sameAs\":[\"http:\\\/\\\/www.lkeria.com\\\/\"],\"url\":\"https:\\\/\\\/www.info-algerie.com\\\/actualites\\\/author\\\/chakib32\\\/\"}]}<\/script>\n<!-- \/ Yoast SEO plugin. -->","yoast_head_json":{"title":"Alg\u00e9rie\/UE: Lancement officiel, mercredi \u00e0 Alger, d&#039;un nouveau programme d&#039;appui \u00e0 la justice - info algerie","robots":{"index":"index","follow":"follow","max-snippet":"max-snippet:-1","max-image-preview":"max-image-preview:large","max-video-preview":"max-video-preview:-1"},"canonical":"https:\/\/www.info-algerie.com\/actualites\/algerieue-lancement-officiel-mercredi-a-alger-dun-nouveau-programme-dappui-a-la-justice\/","og_locale":"fr_FR","og_type":"article","og_title":"Alg\u00e9rie\/UE: Lancement officiel, mercredi \u00e0 Alger, d&#039;un nouveau programme d&#039;appui \u00e0 la justice - info algerie","og_description":"ALGER-Un nouveau programme d&rsquo;appui \u00e0 la justice alg\u00e9rienne (PASJA), s&rsquo;inscrivant dans le cadre de la r\u00e9forme du secteur, sera officiellement lanc\u00e9 le mercredi 20 septembre 2017 \u00e0 Alger par l&rsquo;Alg\u00e9rie et l&rsquo;Union europ\u00e9enne (UE), indique lundi, dans un communiqu\u00e9, le minist\u00e8re de la Justice. &#013; &#013; \u00ab\u00a0Le PSJA se veut un programme d&rsquo;appui au secteur","og_url":"https:\/\/www.info-algerie.com\/actualites\/algerieue-lancement-officiel-mercredi-a-alger-dun-nouveau-programme-dappui-a-la-justice\/","og_site_name":"info algerie","article_publisher":"https:\/\/www.facebook.com\/infoalgerieactu","article_published_time":"2017-09-18T17:10:13+00:00","og_image":[{"width":280,"height":169,"url":"https:\/\/www.info-algerie.com\/actualites\/wp-content\/uploads\/2017\/09\/fe06702f758a85761bb7c64767d82415_S-1.jpg","type":"image\/jpeg"}],"author":"La r\u00e9daction","twitter_misc":{"\u00c9crit par":"La r\u00e9daction","Dur\u00e9e de lecture estim\u00e9e":"1 minute"},"schema":{"@context":"https:\/\/schema.org","@graph":[{"@type":"Article","@id":"https:\/\/www.info-algerie.com\/actualites\/algerieue-lancement-officiel-mercredi-a-alger-dun-nouveau-programme-dappui-a-la-justice\/#article","isPartOf":{"@id":"https:\/\/www.info-algerie.com\/actualites\/algerieue-lancement-officiel-mercredi-a-alger-dun-nouveau-programme-dappui-a-la-justice\/"},"author":{"name":"La r\u00e9daction","@id":"https:\/\/www.info-algerie.com\/actualites\/#\/schema\/person\/847aaec44920825b843a08f30ec6aa1e"},"headline":"Alg\u00e9rie\/UE: Lancement officiel, mercredi \u00e0 Alger, d&#039;un nouveau programme d&#039;appui \u00e0 la justice","datePublished":"2017-09-18T17:10:13+00:00","mainEntityOfPage":{"@id":"https:\/\/www.info-algerie.com\/actualites\/algerieue-lancement-officiel-mercredi-a-alger-dun-nouveau-programme-dappui-a-la-justice\/"},"wordCount":329,"commentCount":0,"publisher":{"@id":"https:\/\/www.info-algerie.com\/actualites\/#organization"},"image":{"@id":"https:\/\/www.info-algerie.com\/actualites\/algerieue-lancement-officiel-mercredi-a-alger-dun-nouveau-programme-dappui-a-la-justice\/#primaryimage"},"thumbnailUrl":"https:\/\/www.info-algerie.com\/actualites\/wp-content\/uploads\/2017\/09\/fe06702f758a85761bb7c64767d82415_S-1.jpg","keywords":["ONU"],"articleSection":["infos"],"inLanguage":"fr-FR","potentialAction":[{"@type":"CommentAction","name":"Comment","target":["https:\/\/www.info-algerie.com\/actualites\/algerieue-lancement-officiel-mercredi-a-alger-dun-nouveau-programme-dappui-a-la-justice\/#respond"]}]},{"@type":"WebPage","@id":"https:\/\/www.info-algerie.com\/actualites\/algerieue-lancement-officiel-mercredi-a-alger-dun-nouveau-programme-dappui-a-la-justice\/","url":"https:\/\/www.info-algerie.com\/actualites\/algerieue-lancement-officiel-mercredi-a-alger-dun-nouveau-programme-dappui-a-la-justice\/","name":"Alg\u00e9rie\/UE: Lancement officiel, mercredi \u00e0 Alger, d&#039;un nouveau programme d&#039;appui \u00e0 la justice - info algerie","isPartOf":{"@id":"https:\/\/www.info-algerie.com\/actualites\/#website"},"primaryImageOfPage":{"@id":"https:\/\/www.info-algerie.com\/actualites\/algerieue-lancement-officiel-mercredi-a-alger-dun-nouveau-programme-dappui-a-la-justice\/#primaryimage"},"image":{"@id":"https:\/\/www.info-algerie.com\/actualites\/algerieue-lancement-officiel-mercredi-a-alger-dun-nouveau-programme-dappui-a-la-justice\/#primaryimage"},"thumbnailUrl":"https:\/\/www.info-algerie.com\/actualites\/wp-content\/uploads\/2017\/09\/fe06702f758a85761bb7c64767d82415_S-1.jpg","datePublished":"2017-09-18T17:10:13+00:00","breadcrumb":{"@id":"https:\/\/www.info-algerie.com\/actualites\/algerieue-lancement-officiel-mercredi-a-alger-dun-nouveau-programme-dappui-a-la-justice\/#breadcrumb"},"inLanguage":"fr-FR","potentialAction":[{"@type":"ReadAction","target":["https:\/\/www.info-algerie.com\/actualites\/algerieue-lancement-officiel-mercredi-a-alger-dun-nouveau-programme-dappui-a-la-justice\/"]}]},{"@type":"ImageObject","inLanguage":"fr-FR","@id":"https:\/\/www.info-algerie.com\/actualites\/algerieue-lancement-officiel-mercredi-a-alger-dun-nouveau-programme-dappui-a-la-justice\/#primaryimage","url":"https:\/\/www.info-algerie.com\/actualites\/wp-content\/uploads\/2017\/09\/fe06702f758a85761bb7c64767d82415_S-1.jpg","contentUrl":"https:\/\/www.info-algerie.com\/actualites\/wp-content\/uploads\/2017\/09\/fe06702f758a85761bb7c64767d82415_S-1.jpg","width":280,"height":169},{"@type":"BreadcrumbList","@id":"https:\/\/www.info-algerie.com\/actualites\/algerieue-lancement-officiel-mercredi-a-alger-dun-nouveau-programme-dappui-a-la-justice\/#breadcrumb","itemListElement":[{"@type":"ListItem","position":1,"name":"Accueil","item":"https:\/\/www.info-algerie.com\/actualites\/"},{"@type":"ListItem","position":2,"name":"Alg\u00e9rie\/UE: Lancement officiel, mercredi \u00e0 Alger, d&#039;un nouveau programme d&#039;appui \u00e0 la justice"}]},{"@type":"WebSite","@id":"https:\/\/www.info-algerie.com\/actualites\/#website","url":"https:\/\/www.info-algerie.com\/actualites\/","name":"info algerie","description":"Toutes les actualit\u00e9s","publisher":{"@id":"https:\/\/www.info-algerie.com\/actualites\/#organization"},"potentialAction":[{"@type":"SearchAction","target":{"@type":"EntryPoint","urlTemplate":"https:\/\/www.info-algerie.com\/actualites\/?s={search_term_string}"},"query-input":{"@type":"PropertyValueSpecification","valueRequired":true,"valueName":"search_term_string"}}],"inLanguage":"fr-FR"},{"@type":"Organization","@id":"https:\/\/www.info-algerie.com\/actualites\/#organization","name":"info algerie","url":"https:\/\/www.info-algerie.com\/actualites\/","logo":{"@type":"ImageObject","inLanguage":"fr-FR","@id":"https:\/\/www.info-algerie.com\/actualites\/#\/schema\/logo\/image\/","url":"https:\/\/www.info-algerie.com\/actualites\/wp-content\/uploads\/2022\/07\/logo-ia-120.png","contentUrl":"https:\/\/www.info-algerie.com\/actualites\/wp-content\/uploads\/2022\/07\/logo-ia-120.png","width":120,"height":43,"caption":"info algerie"},"image":{"@id":"https:\/\/www.info-algerie.com\/actualites\/#\/schema\/logo\/image\/"},"sameAs":["https:\/\/www.facebook.com\/infoalgerieactu","https:\/\/x.com\/infoalgerie1"]},{"@type":"Person","@id":"https:\/\/www.info-algerie.com\/actualites\/#\/schema\/person\/847aaec44920825b843a08f30ec6aa1e","name":"La r\u00e9daction","image":{"@type":"ImageObject","inLanguage":"fr-FR","@id":"https:\/\/secure.gravatar.com\/avatar\/769db425c6f465158149f1ffd6cf61ce7a8a879d11dfbef8288af36dfddd418c?s=96&d=mm&r=g","url":"https:\/\/secure.gravatar.com\/avatar\/769db425c6f465158149f1ffd6cf61ce7a8a879d11dfbef8288af36dfddd418c?s=96&d=mm&r=g","contentUrl":"https:\/\/secure.gravatar.com\/avatar\/769db425c6f465158149f1ffd6cf61ce7a8a879d11dfbef8288af36dfddd418c?s=96&d=mm&r=g","caption":"La r\u00e9daction"},"sameAs":["http:\/\/www.lkeria.com\/"],"url":"https:\/\/www.info-algerie.com\/actualites\/author\/chakib32\/"}]}},"_links":{"self":[{"href":"https:\/\/www.info-algerie.com\/actualites\/wp-json\/wp\/v2\/posts\/16035","targetHints":{"allow":["GET"]}}],"collection":[{"href":"https:\/\/www.info-algerie.com\/actualites\/wp-json\/wp\/v2\/posts"}],"about":[{"href":"https:\/\/www.info-algerie.com\/actualites\/wp-json\/wp\/v2\/types\/post"}],"author":[{"embeddable":true,"href":"https:\/\/www.info-algerie.com\/actualites\/wp-json\/wp\/v2\/users\/6"}],"replies":[{"embeddable":true,"href":"https:\/\/www.info-algerie.com\/actualites\/wp-json\/wp\/v2\/comments?post=16035"}],"version-history":[{"count":0,"href":"https:\/\/www.info-algerie.com\/actualites\/wp-json\/wp\/v2\/posts\/16035\/revisions"}],"wp:featuredmedia":[{"embeddable":true,"href":"https:\/\/www.info-algerie.com\/actualites\/wp-json\/wp\/v2\/media\/16036"}],"wp:attachment":[{"href":"https:\/\/www.info-algerie.com\/actualites\/wp-json\/wp\/v2\/media?parent=16035"}],"wp:term":[{"taxonomy":"category","embeddable":true,"href":"https:\/\/www.info-algerie.com\/actualites\/wp-json\/wp\/v2\/categories?post=16035"},{"taxonomy":"post_tag","embeddable":true,"href":"https:\/\/www.info-algerie.com\/actualites\/wp-json\/wp\/v2\/tags?post=16035"}],"curies":[{"name":"wp","href":"https:\/\/api.w.org\/{rel}","templated":true}]}}