{"id":16074,"date":"2017-09-20T09:44:28","date_gmt":"2017-09-20T08:44:28","guid":{"rendered":"http:\/\/www.info-algerie.com\/actualites\/lordre-des-veterinaires-de-syrie-pret-a-transferer-son-experience-en-matiere-de-developpement-de-la-profession\/"},"modified":"2017-09-20T09:44:28","modified_gmt":"2017-09-20T08:44:28","slug":"lordre-des-veterinaires-de-syrie-pret-a-transferer-son-experience-en-matiere-de-developpement-de-la-profession","status":"publish","type":"post","link":"https:\/\/www.info-algerie.com\/actualites\/lordre-des-veterinaires-de-syrie-pret-a-transferer-son-experience-en-matiere-de-developpement-de-la-profession\/","title":{"rendered":"L&#039;Ordre des v\u00e9t\u00e9rinaires de Syrie pr\u00eat \u00e0 transf\u00e9rer son exp\u00e9rience en mati\u00e8re de d\u00e9veloppement de la profession"},"content":{"rendered":"<div class=\"K2FeedImage\"><img decoding=\"async\" src=\"https:\/\/www.info-algerie.com\/actualites\/wp-content\/uploads\/2017\/09\/451b87a062e8b81f8513eac4d9312682_S.jpg\" alt=\"L'Ordre des v&#xE9;t&#xE9;rinaires de Syrie pr&#xEA;t &#xE0; transf&#xE9;rer son exp&#xE9;rience en mati&#xE8;re de d&#xE9;veloppement de la profession\" \/><\/div>\n<div class=\"K2FeedIntroText\">\n<p>ORAN &#8211; Le doyen de l&rsquo;ordre des v\u00e9t\u00e9rinaires de Syrie, Samir Ismail a fait part, mardi \u00e0 Oran, de la disposition de son syndicat \u00e0 transf\u00e9rer \u00e0 l\u2019Alg\u00e9rie son exp\u00e9rience dans le domaine du d\u00e9veloppement de la profession de v\u00e9t\u00e9rinaire et de cr\u00e9ation des cadres r\u00e9glementaires.<\/p>\n<p>&#013;\n<\/p><\/div>\n<div class=\"K2FeedFullText\">&#013;<\/p>\n<p>Occupant le poste de vice-secr\u00e9taire g\u00e9n\u00e9ral de l\u2019Union des v\u00e9t\u00e9rinaires arabes, Samir Ismail a soulign\u00e9, en marge du 12\u00e8me Espace v\u00e9t\u00e9rinaire alg\u00e9rien (EVA) et du 7\u00e8me congr\u00e8s africain des v\u00e9t\u00e9rinaires, que l\u2019Alg\u00e9rie dispose de comp\u00e9tences auxquelles ils souhaitent transf\u00e9rer leur exp\u00e9rience dans le dut de d\u00e9velopper cette profession.<\/p>\n<p>&#013;<\/p>\n<p>Il a ajout\u00e9 que son syndicat a contribu\u00e9 \u00e0 la promulgation de plusieurs lois ayant contribuer au d\u00e9veloppement de cette profession en Syrie et \u00e0 l&rsquo;am\u00e9lioration de la situation de la sant\u00e9 animale et du v\u00e9t\u00e9rinaire.<\/p>\n<p>&#013;<\/p>\n<p>Il a estim\u00e9, en outre, n\u00e9cessaire d\u2019organiser cette profession pour qu&rsquo;elle se r\u00e9percute sur le statut du v\u00e9t\u00e9rinaire, tout en annon\u00e7ant la signature d\u2019un accord entre l\u2019EVA et l\u2019Union des v\u00e9t\u00e9rinaires arabes portant sur l\u2019organisation du metier de v\u00e9t\u00e9rinaire en Alg\u00e9rie, la mise en place d\u2019un m\u00e9canisme de protection de l\u2019humain contre les zoonoses.<\/p>\n<p>&#013;<\/p>\n<p>Au passage, il a mis en exergue le r\u00f4le principal du v\u00e9t\u00e9rinaire dans la protection de la sant\u00e9 animale, l&rsquo;am\u00e9lioration de l&rsquo;\u00e9levage et la s\u00e9curit\u00e9 alimentaire. Le m\u00eame intervenant a affirm\u00e9 que la protection contre la transmission des zoonoses \u00e0 l&rsquo;homme est la mission du v\u00e9t\u00e9rinaire qui doit veiller \u00e0 la pr\u00e9vention.<\/p>\n<p>&#013;<\/p>\n<p>\u00a0<\/p>\n<p>&#013;<\/p>\n<p>\u00a0<\/p>\n<\/div>\n<p>&#013;<br \/>\nSource: <a href=\"http:\/\/www.aps.dz\/algerie\/63011-l-ordre-des-veterinaires-de-syrie-pret-a-transferer-son-experience-en-matiere-de-developpement-de-la-profession\" target=\"_blank\">L&rsquo;Ordre des v\u00e9t\u00e9rinaires de Syrie pr\u00eat \u00e0 transf\u00e9rer son exp\u00e9rience en mati\u00e8re de d\u00e9veloppement de la profession<\/a><\/p>\n<!--CusAds0-->\n<div style=\"font-size: 0px; height: 0px; line-height: 0px; margin: 0; padding: 0; clear: both;\"><\/div>","protected":false},"excerpt":{"rendered":"<p>ORAN &#8211; Le doyen de l&rsquo;ordre des v\u00e9t\u00e9rinaires de Syrie, Samir Ismail a fait part, mardi \u00e0 Oran, de la disposition de son syndicat \u00e0 transf\u00e9rer \u00e0 l\u2019Alg\u00e9rie son exp\u00e9rience dans le domaine du d\u00e9veloppement de la profession de v\u00e9t\u00e9rinaire et de cr\u00e9ation des cadres r\u00e9glementaires. &#013; &#013; Occupant le poste de vice-secr\u00e9taire g\u00e9n\u00e9ral de<\/p>\n","protected":false},"author":6,"featured_media":16075,"comment_status":"open","ping_status":"open","sticky":false,"template":"","format":"standard","meta":{"footnotes":""},"categories":[22],"tags":[93],"class_list":["post-16074","post","type-post","status-publish","format-standard","has-post-thumbnail","hentry","category-infos","tag-onu"],"yoast_head":"<!-- This site is optimized with the Yoast SEO plugin v27.5 - https:\/\/yoast.com\/product\/yoast-seo-wordpress\/ -->\n<title>L&#039;Ordre des v\u00e9t\u00e9rinaires de Syrie pr\u00eat \u00e0 transf\u00e9rer son exp\u00e9rience en mati\u00e8re de d\u00e9veloppement de la profession - info algerie<\/title>\n<meta name=\"robots\" content=\"index, follow, max-snippet:-1, max-image-preview:large, max-video-preview:-1\" \/>\n<link rel=\"canonical\" href=\"https:\/\/www.info-algerie.com\/actualites\/lordre-des-veterinaires-de-syrie-pret-a-transferer-son-experience-en-matiere-de-developpement-de-la-profession\/\" \/>\n<meta property=\"og:locale\" content=\"fr_FR\" \/>\n<meta property=\"og:type\" content=\"article\" \/>\n<meta property=\"og:title\" content=\"L&#039;Ordre des v\u00e9t\u00e9rinaires de Syrie pr\u00eat \u00e0 transf\u00e9rer son exp\u00e9rience en mati\u00e8re de d\u00e9veloppement de la profession - info algerie\" \/>\n<meta property=\"og:description\" content=\"ORAN &#8211; Le doyen de l&rsquo;ordre des v\u00e9t\u00e9rinaires de Syrie, Samir Ismail a fait part, mardi \u00e0 Oran, de la disposition de son syndicat \u00e0 transf\u00e9rer \u00e0 l\u2019Alg\u00e9rie son exp\u00e9rience dans le domaine du d\u00e9veloppement de la profession de v\u00e9t\u00e9rinaire et de cr\u00e9ation des cadres r\u00e9glementaires. &#013; &#013; Occupant le poste de vice-secr\u00e9taire g\u00e9n\u00e9ral de\" \/>\n<meta property=\"og:url\" content=\"https:\/\/www.info-algerie.com\/actualites\/lordre-des-veterinaires-de-syrie-pret-a-transferer-son-experience-en-matiere-de-developpement-de-la-profession\/\" \/>\n<meta property=\"og:site_name\" content=\"info algerie\" \/>\n<meta property=\"article:publisher\" content=\"https:\/\/www.facebook.com\/infoalgerieactu\" \/>\n<meta property=\"article:published_time\" content=\"2017-09-20T08:44:28+00:00\" \/>\n<meta property=\"og:image\" content=\"https:\/\/www.info-algerie.com\/actualites\/wp-content\/uploads\/2017\/09\/451b87a062e8b81f8513eac4d9312682_S-1.jpg\" \/>\n\t<meta property=\"og:image:width\" content=\"280\" \/>\n\t<meta property=\"og:image:height\" content=\"139\" \/>\n\t<meta property=\"og:image:type\" content=\"image\/jpeg\" \/>\n<meta name=\"author\" content=\"La r\u00e9daction\" \/>\n<meta name=\"twitter:label1\" content=\"\u00c9crit par\" \/>\n\t<meta name=\"twitter:data1\" content=\"La r\u00e9daction\" \/>\n\t<meta name=\"twitter:label2\" content=\"Dur\u00e9e de lecture estim\u00e9e\" \/>\n\t<meta name=\"twitter:data2\" content=\"2 minutes\" \/>\n<script type=\"application\/ld+json\" class=\"yoast-schema-graph\">{\"@context\":\"https:\\\/\\\/schema.org\",\"@graph\":[{\"@type\":\"Article\",\"@id\":\"https:\\\/\\\/www.info-algerie.com\\\/actualites\\\/lordre-des-veterinaires-de-syrie-pret-a-transferer-son-experience-en-matiere-de-developpement-de-la-profession\\\/#article\",\"isPartOf\":{\"@id\":\"https:\\\/\\\/www.info-algerie.com\\\/actualites\\\/lordre-des-veterinaires-de-syrie-pret-a-transferer-son-experience-en-matiere-de-developpement-de-la-profession\\\/\"},\"author\":{\"name\":\"La r\u00e9daction\",\"@id\":\"https:\\\/\\\/www.info-algerie.com\\\/actualites\\\/#\\\/schema\\\/person\\\/847aaec44920825b843a08f30ec6aa1e\"},\"headline\":\"L&#039;Ordre des v\u00e9t\u00e9rinaires de Syrie pr\u00eat \u00e0 transf\u00e9rer son exp\u00e9rience en mati\u00e8re de d\u00e9veloppement de la profession\",\"datePublished\":\"2017-09-20T08:44:28+00:00\",\"mainEntityOfPage\":{\"@id\":\"https:\\\/\\\/www.info-algerie.com\\\/actualites\\\/lordre-des-veterinaires-de-syrie-pret-a-transferer-son-experience-en-matiere-de-developpement-de-la-profession\\\/\"},\"wordCount\":344,\"commentCount\":0,\"publisher\":{\"@id\":\"https:\\\/\\\/www.info-algerie.com\\\/actualites\\\/#organization\"},\"image\":{\"@id\":\"https:\\\/\\\/www.info-algerie.com\\\/actualites\\\/lordre-des-veterinaires-de-syrie-pret-a-transferer-son-experience-en-matiere-de-developpement-de-la-profession\\\/#primaryimage\"},\"thumbnailUrl\":\"https:\\\/\\\/www.info-algerie.com\\\/actualites\\\/wp-content\\\/uploads\\\/2017\\\/09\\\/451b87a062e8b81f8513eac4d9312682_S-1.jpg\",\"keywords\":[\"ONU\"],\"articleSection\":[\"infos\"],\"inLanguage\":\"fr-FR\",\"potentialAction\":[{\"@type\":\"CommentAction\",\"name\":\"Comment\",\"target\":[\"https:\\\/\\\/www.info-algerie.com\\\/actualites\\\/lordre-des-veterinaires-de-syrie-pret-a-transferer-son-experience-en-matiere-de-developpement-de-la-profession\\\/#respond\"]}]},{\"@type\":\"WebPage\",\"@id\":\"https:\\\/\\\/www.info-algerie.com\\\/actualites\\\/lordre-des-veterinaires-de-syrie-pret-a-transferer-son-experience-en-matiere-de-developpement-de-la-profession\\\/\",\"url\":\"https:\\\/\\\/www.info-algerie.com\\\/actualites\\\/lordre-des-veterinaires-de-syrie-pret-a-transferer-son-experience-en-matiere-de-developpement-de-la-profession\\\/\",\"name\":\"L&#039;Ordre des v\u00e9t\u00e9rinaires de Syrie pr\u00eat \u00e0 transf\u00e9rer son exp\u00e9rience en mati\u00e8re de d\u00e9veloppement de la profession - info algerie\",\"isPartOf\":{\"@id\":\"https:\\\/\\\/www.info-algerie.com\\\/actualites\\\/#website\"},\"primaryImageOfPage\":{\"@id\":\"https:\\\/\\\/www.info-algerie.com\\\/actualites\\\/lordre-des-veterinaires-de-syrie-pret-a-transferer-son-experience-en-matiere-de-developpement-de-la-profession\\\/#primaryimage\"},\"image\":{\"@id\":\"https:\\\/\\\/www.info-algerie.com\\\/actualites\\\/lordre-des-veterinaires-de-syrie-pret-a-transferer-son-experience-en-matiere-de-developpement-de-la-profession\\\/#primaryimage\"},\"thumbnailUrl\":\"https:\\\/\\\/www.info-algerie.com\\\/actualites\\\/wp-content\\\/uploads\\\/2017\\\/09\\\/451b87a062e8b81f8513eac4d9312682_S-1.jpg\",\"datePublished\":\"2017-09-20T08:44:28+00:00\",\"breadcrumb\":{\"@id\":\"https:\\\/\\\/www.info-algerie.com\\\/actualites\\\/lordre-des-veterinaires-de-syrie-pret-a-transferer-son-experience-en-matiere-de-developpement-de-la-profession\\\/#breadcrumb\"},\"inLanguage\":\"fr-FR\",\"potentialAction\":[{\"@type\":\"ReadAction\",\"target\":[\"https:\\\/\\\/www.info-algerie.com\\\/actualites\\\/lordre-des-veterinaires-de-syrie-pret-a-transferer-son-experience-en-matiere-de-developpement-de-la-profession\\\/\"]}]},{\"@type\":\"ImageObject\",\"inLanguage\":\"fr-FR\",\"@id\":\"https:\\\/\\\/www.info-algerie.com\\\/actualites\\\/lordre-des-veterinaires-de-syrie-pret-a-transferer-son-experience-en-matiere-de-developpement-de-la-profession\\\/#primaryimage\",\"url\":\"https:\\\/\\\/www.info-algerie.com\\\/actualites\\\/wp-content\\\/uploads\\\/2017\\\/09\\\/451b87a062e8b81f8513eac4d9312682_S-1.jpg\",\"contentUrl\":\"https:\\\/\\\/www.info-algerie.com\\\/actualites\\\/wp-content\\\/uploads\\\/2017\\\/09\\\/451b87a062e8b81f8513eac4d9312682_S-1.jpg\",\"width\":280,\"height\":139},{\"@type\":\"BreadcrumbList\",\"@id\":\"https:\\\/\\\/www.info-algerie.com\\\/actualites\\\/lordre-des-veterinaires-de-syrie-pret-a-transferer-son-experience-en-matiere-de-developpement-de-la-profession\\\/#breadcrumb\",\"itemListElement\":[{\"@type\":\"ListItem\",\"position\":1,\"name\":\"Accueil\",\"item\":\"https:\\\/\\\/www.info-algerie.com\\\/actualites\\\/\"},{\"@type\":\"ListItem\",\"position\":2,\"name\":\"L&#039;Ordre des v\u00e9t\u00e9rinaires de Syrie pr\u00eat \u00e0 transf\u00e9rer son exp\u00e9rience en mati\u00e8re de d\u00e9veloppement de la profession\"}]},{\"@type\":\"WebSite\",\"@id\":\"https:\\\/\\\/www.info-algerie.com\\\/actualites\\\/#website\",\"url\":\"https:\\\/\\\/www.info-algerie.com\\\/actualites\\\/\",\"name\":\"info algerie\",\"description\":\"Toutes les actualit\u00e9s\",\"publisher\":{\"@id\":\"https:\\\/\\\/www.info-algerie.com\\\/actualites\\\/#organization\"},\"potentialAction\":[{\"@type\":\"SearchAction\",\"target\":{\"@type\":\"EntryPoint\",\"urlTemplate\":\"https:\\\/\\\/www.info-algerie.com\\\/actualites\\\/?s={search_term_string}\"},\"query-input\":{\"@type\":\"PropertyValueSpecification\",\"valueRequired\":true,\"valueName\":\"search_term_string\"}}],\"inLanguage\":\"fr-FR\"},{\"@type\":\"Organization\",\"@id\":\"https:\\\/\\\/www.info-algerie.com\\\/actualites\\\/#organization\",\"name\":\"info algerie\",\"url\":\"https:\\\/\\\/www.info-algerie.com\\\/actualites\\\/\",\"logo\":{\"@type\":\"ImageObject\",\"inLanguage\":\"fr-FR\",\"@id\":\"https:\\\/\\\/www.info-algerie.com\\\/actualites\\\/#\\\/schema\\\/logo\\\/image\\\/\",\"url\":\"https:\\\/\\\/www.info-algerie.com\\\/actualites\\\/wp-content\\\/uploads\\\/2022\\\/07\\\/logo-ia-120.png\",\"contentUrl\":\"https:\\\/\\\/www.info-algerie.com\\\/actualites\\\/wp-content\\\/uploads\\\/2022\\\/07\\\/logo-ia-120.png\",\"width\":120,\"height\":43,\"caption\":\"info algerie\"},\"image\":{\"@id\":\"https:\\\/\\\/www.info-algerie.com\\\/actualites\\\/#\\\/schema\\\/logo\\\/image\\\/\"},\"sameAs\":[\"https:\\\/\\\/www.facebook.com\\\/infoalgerieactu\",\"https:\\\/\\\/x.com\\\/infoalgerie1\"]},{\"@type\":\"Person\",\"@id\":\"https:\\\/\\\/www.info-algerie.com\\\/actualites\\\/#\\\/schema\\\/person\\\/847aaec44920825b843a08f30ec6aa1e\",\"name\":\"La r\u00e9daction\",\"image\":{\"@type\":\"ImageObject\",\"inLanguage\":\"fr-FR\",\"@id\":\"https:\\\/\\\/secure.gravatar.com\\\/avatar\\\/769db425c6f465158149f1ffd6cf61ce7a8a879d11dfbef8288af36dfddd418c?s=96&d=mm&r=g\",\"url\":\"https:\\\/\\\/secure.gravatar.com\\\/avatar\\\/769db425c6f465158149f1ffd6cf61ce7a8a879d11dfbef8288af36dfddd418c?s=96&d=mm&r=g\",\"contentUrl\":\"https:\\\/\\\/secure.gravatar.com\\\/avatar\\\/769db425c6f465158149f1ffd6cf61ce7a8a879d11dfbef8288af36dfddd418c?s=96&d=mm&r=g\",\"caption\":\"La r\u00e9daction\"},\"sameAs\":[\"http:\\\/\\\/www.lkeria.com\\\/\"],\"url\":\"https:\\\/\\\/www.info-algerie.com\\\/actualites\\\/author\\\/chakib32\\\/\"}]}<\/script>\n<!-- \/ Yoast SEO plugin. -->","yoast_head_json":{"title":"L&#039;Ordre des v\u00e9t\u00e9rinaires de Syrie pr\u00eat \u00e0 transf\u00e9rer son exp\u00e9rience en mati\u00e8re de d\u00e9veloppement de la profession - info algerie","robots":{"index":"index","follow":"follow","max-snippet":"max-snippet:-1","max-image-preview":"max-image-preview:large","max-video-preview":"max-video-preview:-1"},"canonical":"https:\/\/www.info-algerie.com\/actualites\/lordre-des-veterinaires-de-syrie-pret-a-transferer-son-experience-en-matiere-de-developpement-de-la-profession\/","og_locale":"fr_FR","og_type":"article","og_title":"L&#039;Ordre des v\u00e9t\u00e9rinaires de Syrie pr\u00eat \u00e0 transf\u00e9rer son exp\u00e9rience en mati\u00e8re de d\u00e9veloppement de la profession - info algerie","og_description":"ORAN &#8211; Le doyen de l&rsquo;ordre des v\u00e9t\u00e9rinaires de Syrie, Samir Ismail a fait part, mardi \u00e0 Oran, de la disposition de son syndicat \u00e0 transf\u00e9rer \u00e0 l\u2019Alg\u00e9rie son exp\u00e9rience dans le domaine du d\u00e9veloppement de la profession de v\u00e9t\u00e9rinaire et de cr\u00e9ation des cadres r\u00e9glementaires. &#013; &#013; Occupant le poste de vice-secr\u00e9taire g\u00e9n\u00e9ral de","og_url":"https:\/\/www.info-algerie.com\/actualites\/lordre-des-veterinaires-de-syrie-pret-a-transferer-son-experience-en-matiere-de-developpement-de-la-profession\/","og_site_name":"info algerie","article_publisher":"https:\/\/www.facebook.com\/infoalgerieactu","article_published_time":"2017-09-20T08:44:28+00:00","og_image":[{"width":280,"height":139,"url":"https:\/\/www.info-algerie.com\/actualites\/wp-content\/uploads\/2017\/09\/451b87a062e8b81f8513eac4d9312682_S-1.jpg","type":"image\/jpeg"}],"author":"La r\u00e9daction","twitter_misc":{"\u00c9crit par":"La r\u00e9daction","Dur\u00e9e de lecture estim\u00e9e":"2 minutes"},"schema":{"@context":"https:\/\/schema.org","@graph":[{"@type":"Article","@id":"https:\/\/www.info-algerie.com\/actualites\/lordre-des-veterinaires-de-syrie-pret-a-transferer-son-experience-en-matiere-de-developpement-de-la-profession\/#article","isPartOf":{"@id":"https:\/\/www.info-algerie.com\/actualites\/lordre-des-veterinaires-de-syrie-pret-a-transferer-son-experience-en-matiere-de-developpement-de-la-profession\/"},"author":{"name":"La r\u00e9daction","@id":"https:\/\/www.info-algerie.com\/actualites\/#\/schema\/person\/847aaec44920825b843a08f30ec6aa1e"},"headline":"L&#039;Ordre des v\u00e9t\u00e9rinaires de Syrie pr\u00eat \u00e0 transf\u00e9rer son exp\u00e9rience en mati\u00e8re de d\u00e9veloppement de la profession","datePublished":"2017-09-20T08:44:28+00:00","mainEntityOfPage":{"@id":"https:\/\/www.info-algerie.com\/actualites\/lordre-des-veterinaires-de-syrie-pret-a-transferer-son-experience-en-matiere-de-developpement-de-la-profession\/"},"wordCount":344,"commentCount":0,"publisher":{"@id":"https:\/\/www.info-algerie.com\/actualites\/#organization"},"image":{"@id":"https:\/\/www.info-algerie.com\/actualites\/lordre-des-veterinaires-de-syrie-pret-a-transferer-son-experience-en-matiere-de-developpement-de-la-profession\/#primaryimage"},"thumbnailUrl":"https:\/\/www.info-algerie.com\/actualites\/wp-content\/uploads\/2017\/09\/451b87a062e8b81f8513eac4d9312682_S-1.jpg","keywords":["ONU"],"articleSection":["infos"],"inLanguage":"fr-FR","potentialAction":[{"@type":"CommentAction","name":"Comment","target":["https:\/\/www.info-algerie.com\/actualites\/lordre-des-veterinaires-de-syrie-pret-a-transferer-son-experience-en-matiere-de-developpement-de-la-profession\/#respond"]}]},{"@type":"WebPage","@id":"https:\/\/www.info-algerie.com\/actualites\/lordre-des-veterinaires-de-syrie-pret-a-transferer-son-experience-en-matiere-de-developpement-de-la-profession\/","url":"https:\/\/www.info-algerie.com\/actualites\/lordre-des-veterinaires-de-syrie-pret-a-transferer-son-experience-en-matiere-de-developpement-de-la-profession\/","name":"L&#039;Ordre des v\u00e9t\u00e9rinaires de Syrie pr\u00eat \u00e0 transf\u00e9rer son exp\u00e9rience en mati\u00e8re de d\u00e9veloppement de la profession - info algerie","isPartOf":{"@id":"https:\/\/www.info-algerie.com\/actualites\/#website"},"primaryImageOfPage":{"@id":"https:\/\/www.info-algerie.com\/actualites\/lordre-des-veterinaires-de-syrie-pret-a-transferer-son-experience-en-matiere-de-developpement-de-la-profession\/#primaryimage"},"image":{"@id":"https:\/\/www.info-algerie.com\/actualites\/lordre-des-veterinaires-de-syrie-pret-a-transferer-son-experience-en-matiere-de-developpement-de-la-profession\/#primaryimage"},"thumbnailUrl":"https:\/\/www.info-algerie.com\/actualites\/wp-content\/uploads\/2017\/09\/451b87a062e8b81f8513eac4d9312682_S-1.jpg","datePublished":"2017-09-20T08:44:28+00:00","breadcrumb":{"@id":"https:\/\/www.info-algerie.com\/actualites\/lordre-des-veterinaires-de-syrie-pret-a-transferer-son-experience-en-matiere-de-developpement-de-la-profession\/#breadcrumb"},"inLanguage":"fr-FR","potentialAction":[{"@type":"ReadAction","target":["https:\/\/www.info-algerie.com\/actualites\/lordre-des-veterinaires-de-syrie-pret-a-transferer-son-experience-en-matiere-de-developpement-de-la-profession\/"]}]},{"@type":"ImageObject","inLanguage":"fr-FR","@id":"https:\/\/www.info-algerie.com\/actualites\/lordre-des-veterinaires-de-syrie-pret-a-transferer-son-experience-en-matiere-de-developpement-de-la-profession\/#primaryimage","url":"https:\/\/www.info-algerie.com\/actualites\/wp-content\/uploads\/2017\/09\/451b87a062e8b81f8513eac4d9312682_S-1.jpg","contentUrl":"https:\/\/www.info-algerie.com\/actualites\/wp-content\/uploads\/2017\/09\/451b87a062e8b81f8513eac4d9312682_S-1.jpg","width":280,"height":139},{"@type":"BreadcrumbList","@id":"https:\/\/www.info-algerie.com\/actualites\/lordre-des-veterinaires-de-syrie-pret-a-transferer-son-experience-en-matiere-de-developpement-de-la-profession\/#breadcrumb","itemListElement":[{"@type":"ListItem","position":1,"name":"Accueil","item":"https:\/\/www.info-algerie.com\/actualites\/"},{"@type":"ListItem","position":2,"name":"L&#039;Ordre des v\u00e9t\u00e9rinaires de Syrie pr\u00eat \u00e0 transf\u00e9rer son exp\u00e9rience en mati\u00e8re de d\u00e9veloppement de la profession"}]},{"@type":"WebSite","@id":"https:\/\/www.info-algerie.com\/actualites\/#website","url":"https:\/\/www.info-algerie.com\/actualites\/","name":"info algerie","description":"Toutes les actualit\u00e9s","publisher":{"@id":"https:\/\/www.info-algerie.com\/actualites\/#organization"},"potentialAction":[{"@type":"SearchAction","target":{"@type":"EntryPoint","urlTemplate":"https:\/\/www.info-algerie.com\/actualites\/?s={search_term_string}"},"query-input":{"@type":"PropertyValueSpecification","valueRequired":true,"valueName":"search_term_string"}}],"inLanguage":"fr-FR"},{"@type":"Organization","@id":"https:\/\/www.info-algerie.com\/actualites\/#organization","name":"info algerie","url":"https:\/\/www.info-algerie.com\/actualites\/","logo":{"@type":"ImageObject","inLanguage":"fr-FR","@id":"https:\/\/www.info-algerie.com\/actualites\/#\/schema\/logo\/image\/","url":"https:\/\/www.info-algerie.com\/actualites\/wp-content\/uploads\/2022\/07\/logo-ia-120.png","contentUrl":"https:\/\/www.info-algerie.com\/actualites\/wp-content\/uploads\/2022\/07\/logo-ia-120.png","width":120,"height":43,"caption":"info algerie"},"image":{"@id":"https:\/\/www.info-algerie.com\/actualites\/#\/schema\/logo\/image\/"},"sameAs":["https:\/\/www.facebook.com\/infoalgerieactu","https:\/\/x.com\/infoalgerie1"]},{"@type":"Person","@id":"https:\/\/www.info-algerie.com\/actualites\/#\/schema\/person\/847aaec44920825b843a08f30ec6aa1e","name":"La r\u00e9daction","image":{"@type":"ImageObject","inLanguage":"fr-FR","@id":"https:\/\/secure.gravatar.com\/avatar\/769db425c6f465158149f1ffd6cf61ce7a8a879d11dfbef8288af36dfddd418c?s=96&d=mm&r=g","url":"https:\/\/secure.gravatar.com\/avatar\/769db425c6f465158149f1ffd6cf61ce7a8a879d11dfbef8288af36dfddd418c?s=96&d=mm&r=g","contentUrl":"https:\/\/secure.gravatar.com\/avatar\/769db425c6f465158149f1ffd6cf61ce7a8a879d11dfbef8288af36dfddd418c?s=96&d=mm&r=g","caption":"La r\u00e9daction"},"sameAs":["http:\/\/www.lkeria.com\/"],"url":"https:\/\/www.info-algerie.com\/actualites\/author\/chakib32\/"}]}},"_links":{"self":[{"href":"https:\/\/www.info-algerie.com\/actualites\/wp-json\/wp\/v2\/posts\/16074","targetHints":{"allow":["GET"]}}],"collection":[{"href":"https:\/\/www.info-algerie.com\/actualites\/wp-json\/wp\/v2\/posts"}],"about":[{"href":"https:\/\/www.info-algerie.com\/actualites\/wp-json\/wp\/v2\/types\/post"}],"author":[{"embeddable":true,"href":"https:\/\/www.info-algerie.com\/actualites\/wp-json\/wp\/v2\/users\/6"}],"replies":[{"embeddable":true,"href":"https:\/\/www.info-algerie.com\/actualites\/wp-json\/wp\/v2\/comments?post=16074"}],"version-history":[{"count":0,"href":"https:\/\/www.info-algerie.com\/actualites\/wp-json\/wp\/v2\/posts\/16074\/revisions"}],"wp:featuredmedia":[{"embeddable":true,"href":"https:\/\/www.info-algerie.com\/actualites\/wp-json\/wp\/v2\/media\/16075"}],"wp:attachment":[{"href":"https:\/\/www.info-algerie.com\/actualites\/wp-json\/wp\/v2\/media?parent=16074"}],"wp:term":[{"taxonomy":"category","embeddable":true,"href":"https:\/\/www.info-algerie.com\/actualites\/wp-json\/wp\/v2\/categories?post=16074"},{"taxonomy":"post_tag","embeddable":true,"href":"https:\/\/www.info-algerie.com\/actualites\/wp-json\/wp\/v2\/tags?post=16074"}],"curies":[{"name":"wp","href":"https:\/\/api.w.org\/{rel}","templated":true}]}}