{"id":16087,"date":"2017-09-20T13:14:32","date_gmt":"2017-09-20T12:14:32","guid":{"rendered":"http:\/\/www.info-algerie.com\/actualites\/algerie-ue-le-programme-dappui-au-secteur-de-la-justice-officiellement-lance\/"},"modified":"2017-09-20T13:14:32","modified_gmt":"2017-09-20T12:14:32","slug":"algerie-ue-le-programme-dappui-au-secteur-de-la-justice-officiellement-lance","status":"publish","type":"post","link":"https:\/\/www.info-algerie.com\/actualites\/algerie-ue-le-programme-dappui-au-secteur-de-la-justice-officiellement-lance\/","title":{"rendered":"Alg\u00e9rie-UE: le Programme d&#039;appui au secteur de la justice officiellement lanc\u00e9"},"content":{"rendered":"<div class=\"K2FeedImage\"><img decoding=\"async\" src=\"https:\/\/www.info-algerie.com\/actualites\/wp-content\/uploads\/2017\/09\/efffe1b794aea2182182fdc96edbde66_S.jpg\" alt=\"Alg&#xE9;rie-UE: le Programme d'appui au secteur de la justice officiellement lanc&#xE9;\" \/><\/div>\n<div class=\"K2FeedIntroText\">\n<p class=\"MsoNoSpacing\">ALGER- Le Programme d&rsquo;appui au secteur de la justice en Alg\u00e9rie (PASJA), cofinanc\u00e9 par l&rsquo;Union europ\u00e9enne (UE), l&rsquo;Alg\u00e9rie et la France, a \u00e9t\u00e9 officiellement lanc\u00e9 mercredi \u00e0 Alger, avec comme objectif principal la \u00ab\u00a0contribution au renforcement de l&rsquo;Etat de droit et \u00e0 la garantie d&rsquo;une justice \u00e9quitable, impartiale et de qualit\u00e9\u00a0\u00bb.<\/p>\n<p>&#013;\n<\/p><\/div>\n<div class=\"K2FeedFullText\">&#013;<\/p>\n<p class=\"MsoNoSpacing\">D&rsquo;une dur\u00e9e de 34 mois, le PASJA a d\u00e9marr\u00e9 en janvier 2017 et constitue le troisi\u00e8me programme d&rsquo;appui au secteur de la justice en Alg\u00e9rie soutenu par l&rsquo;UE, et ce outre les diverses actions d&rsquo;Euromed justice et op\u00e9rations de jumelage. Il est cofinanc\u00e9 par l&rsquo;UE \u00e0 hauteur de 9 millions d&rsquo;euros alors que les contributions de l&rsquo;Alg\u00e9rie et de la France s&rsquo;\u00e9l\u00e8vent respectivement \u00e0 1,10 million d&rsquo;euros et 450.000 euros.<\/p>\n<p>&#013;<\/p>\n<p class=\"MsoNoSpacing\">Les trois objectifs de ce nouveau programme portent sur l&rsquo;ind\u00e9pendance de la justice et la modernisation du fonctionnement des juridictions, l&rsquo;am\u00e9lioration de l&rsquo;acc\u00e8s au droit et \u00e0 la justice et l&rsquo;appui institutionnel et le renforcement des capacit\u00e9s des acteurs de la justice.<\/p>\n<p>&#013;<\/p>\n<p class=\"MsoNoSpacing\">Concernant les principaux b\u00e9n\u00e9ficiaires du PASJA, il s&rsquo;agit notamment du minist\u00e8re de la Justice, de la Cour supr\u00eame, du Conseil sup\u00e9rieur de la magistrature, de l&rsquo;Ecole sup\u00e9rieure de la magistrature, des Greffiers, des avocats, des notaires et huissiers de justice.<\/p>\n<p>&#013;<\/p>\n<p class=\"MsoNoSpacing\">Intervenant \u00e0 cette occasion, le repr\u00e9sentant du minist\u00e8re de la Justice,\u00a0 Aymen Baaziz, a indiqu\u00e9 que le lancement de ce programme \u00ab\u00a0constitue un \u00e9v\u00e8nement d&rsquo;une grande importance\u00a0\u00bb, relevant que son d\u00e9marrage intervient o\u00f9 la r\u00e9forme du secteur de la justice est \u00ab\u00a0dans une phase de\u00a0 consolidation\u00a0\u00bb.<\/p>\n<p>&#013;<\/p>\n<p class=\"MsoNoSpacing\">Il a \u00e9galement rappel\u00e9 que la cette r\u00e9forme s&rsquo;articule autour de plusieurs axes majeurs, dont la formation des ressources humaines, la modernisation de la justice et la r\u00e9forme p\u00e9nitentiaire.<\/p>\n<p>&#013;<\/p>\n<p class=\"MsoNoSpacing\">\u00ab\u00a0La promotion de la valorisation des ressources humaines constitue une priorit\u00e9 dans le processus de la r\u00e9forme justice\u00a0\u00bb, a-t-il soulign\u00e9, pr\u00e9cisant, \u00e0 titre d&rsquo;exemple, que le nombre de magistrats est pass\u00e9 de 2.500 en l&rsquo;an 2000 \u00e0 6.200 en 2016, dont 42% sont des femmes.<\/p>\n<p>&#013;<\/p>\n<p class=\"MsoNoSpacing\">Par ailleurs, le repr\u00e9sentant du minist\u00e8re de la Justice a annonc\u00e9 que \u00ab\u00a0beaucoup de chantiers dans le domaine de la justice seront ouverts prochainement pour accompagner les r\u00e9formes \u00e9conomiques du pays\u00a0\u00bb.<\/p>\n<p>&#013;<\/p>\n<p class=\"MsoNoSpacing\">Enfin, il s&rsquo;est f\u00e9licit\u00e9 de la qualit\u00e9 de la coop\u00e9ration qui lie l&rsquo;Alg\u00e9rie \u00e0 l&rsquo;UE dans le domaine de la justice, exprimant le souhait de voir cette coop\u00e9ration se raffermir davantage \u00e0 l&rsquo;avenir.<\/p>\n<p>&#013;<\/p>\n<p class=\"MsoNoSpacing\">Pour sa part, l&rsquo;ambassadeur de l&rsquo;UE en Alg\u00e9rie, John O&rsquo;Rourke a fait sa savoir que le secteur de la justice constitue un \u00ab\u00a0axe cl\u00e9\u00a0\u00bb de la coop\u00e9ration entre l&rsquo;Alg\u00e9rie et l&rsquo;UE, notant que le PASJA s&rsquo;inscrit dans la continuit\u00e9 de cette coop\u00e9ration et constitue \u00ab\u00a0un programme ambitieux qui contribuera \u00e0 renforcer l&rsquo;Etat de droit\u00a0\u00bb.<\/p>\n<p>&#013;<\/p>\n<p class=\"MsoNoSpacing\">\u00ab\u00a0Toutes les parties prenantes de ce programme ont reconnu l&rsquo;int\u00e9r\u00eat et la pertinence de ce programme, ce qui est de bon augure pour sa mise en oeuvre\u00a0\u00bb, a-t-il affirm\u00e9.<\/p>\n<p>&#013;<\/p>\n<p class=\"MsoNoSpacing\">Il a, par ailleurs, rappel\u00e9 que l&rsquo;Alg\u00e9rie avait entam\u00e9 depuis l&rsquo;an 2000 la r\u00e9forme de son secteur de justice \u00ab\u00a0o\u00f9 beaucoup de progr\u00e8s ont \u00e9t\u00e9 r\u00e9alis\u00e9s et des efforts continuent \u00e0 \u00eatre men\u00e9s\u00a0\u00bb.<\/p>\n<p>&#013;<\/p>\n<p class=\"MsoNoSpacing\">Il a ajout\u00e9 que l&rsquo;UE \u00ab\u00a0accompagne ce processus de r\u00e9formes pour le bon fonctionnement de la justice de mani\u00e8re \u00e0 r\u00e9pondre aux attentes des Alg\u00e9riens en la mati\u00e8re\u00a0\u00bb.<\/p>\n<p>&#013;<\/p>\n<p class=\"MsoNoSpacing\">De son c\u00f4t\u00e9, le repr\u00e9sentant du minist\u00e8re des Affaires \u00e9trang\u00e8res, Ali Mokrani s&rsquo;est f\u00e9licit\u00e9 du lancement de ce nouveau programme, rappelant le caract\u00e8re \u00ab\u00a0multidimensionnel\u00a0\u00bb de la coop\u00e9ration alg\u00e9ro-europ\u00e9enne.<\/p>\n<p>&#013;<\/p>\n<p class=\"MsoNoSpacing\">\u00ab\u00a0Nous sommes heureux de d\u00e9velopper cette coop\u00e9ration avec le partenaire europ\u00e9en pour accompagner nos efforts nationaux en la mati\u00e8re\u00a0\u00bb, s&rsquo;est-il\u00a0 r\u00e9joui, affirmant que l&rsquo;Alg\u00e9rie \u00ab\u00a0ne m\u00e9nagera aucun effort pour que le programme soit r\u00e9alis\u00e9 dans le d\u00e9lai et avec un impact certain\u00a0\u00bb.<\/p>\n<p>&#013;<\/p>\n<p>La repr\u00e9sentante de l&rsquo;ambassade de France a \u00e9galement pris la parole pour saluer la qualit\u00e9 de la coop\u00e9ration \u00ab\u00a0tr\u00e8s dense\u00a0\u00bb qui lie l&rsquo;Alg\u00e9rie \u00e0 la France dans le domaine juridique et judiciaire.<\/p>\n<\/div>\n<p>&#013;<br \/>\nSource: <a href=\"http:\/\/www.aps.dz\/algerie\/63028-algerie-ue-le-programme-d-appui-au-secteur-de-la-justice-officiellement-lance\" target=\"_blank\">Alg\u00e9rie-UE: le Programme d&rsquo;appui au secteur de la justice officiellement lanc\u00e9<\/a><\/p>\n<!--CusAds0-->\n<div style=\"font-size: 0px; height: 0px; line-height: 0px; margin: 0; padding: 0; clear: both;\"><\/div>","protected":false},"excerpt":{"rendered":"<p>ALGER- Le Programme d&rsquo;appui au secteur de la justice en Alg\u00e9rie (PASJA), cofinanc\u00e9 par l&rsquo;Union europ\u00e9enne (UE), l&rsquo;Alg\u00e9rie et la France, a \u00e9t\u00e9 officiellement lanc\u00e9 mercredi \u00e0 Alger, avec comme objectif principal la \u00ab\u00a0contribution au renforcement de l&rsquo;Etat de droit et \u00e0 la garantie d&rsquo;une justice \u00e9quitable, impartiale et de qualit\u00e9\u00a0\u00bb. &#013; &#013; D&rsquo;une dur\u00e9e<\/p>\n","protected":false},"author":6,"featured_media":16088,"comment_status":"open","ping_status":"open","sticky":false,"template":"","format":"standard","meta":{"footnotes":""},"categories":[22],"tags":[93],"class_list":["post-16087","post","type-post","status-publish","format-standard","has-post-thumbnail","hentry","category-infos","tag-onu"],"yoast_head":"<!-- This site is optimized with the Yoast SEO plugin v27.5 - https:\/\/yoast.com\/product\/yoast-seo-wordpress\/ -->\n<title>Alg\u00e9rie-UE: le Programme d&#039;appui au secteur de la justice officiellement lanc\u00e9 - info algerie<\/title>\n<meta name=\"robots\" content=\"index, follow, max-snippet:-1, max-image-preview:large, max-video-preview:-1\" \/>\n<link rel=\"canonical\" href=\"https:\/\/www.info-algerie.com\/actualites\/algerie-ue-le-programme-dappui-au-secteur-de-la-justice-officiellement-lance\/\" \/>\n<meta property=\"og:locale\" content=\"fr_FR\" \/>\n<meta property=\"og:type\" content=\"article\" \/>\n<meta property=\"og:title\" content=\"Alg\u00e9rie-UE: le Programme d&#039;appui au secteur de la justice officiellement lanc\u00e9 - info algerie\" \/>\n<meta property=\"og:description\" content=\"ALGER- Le Programme d&rsquo;appui au secteur de la justice en Alg\u00e9rie (PASJA), cofinanc\u00e9 par l&rsquo;Union europ\u00e9enne (UE), l&rsquo;Alg\u00e9rie et la France, a \u00e9t\u00e9 officiellement lanc\u00e9 mercredi \u00e0 Alger, avec comme objectif principal la \u00ab\u00a0contribution au renforcement de l&rsquo;Etat de droit et \u00e0 la garantie d&rsquo;une justice \u00e9quitable, impartiale et de qualit\u00e9\u00a0\u00bb. &#013; &#013; D&rsquo;une dur\u00e9e\" \/>\n<meta property=\"og:url\" content=\"https:\/\/www.info-algerie.com\/actualites\/algerie-ue-le-programme-dappui-au-secteur-de-la-justice-officiellement-lance\/\" \/>\n<meta property=\"og:site_name\" content=\"info algerie\" \/>\n<meta property=\"article:publisher\" content=\"https:\/\/www.facebook.com\/infoalgerieactu\" \/>\n<meta property=\"article:published_time\" content=\"2017-09-20T12:14:32+00:00\" \/>\n<meta property=\"og:image\" content=\"https:\/\/www.info-algerie.com\/actualites\/wp-content\/uploads\/2017\/09\/efffe1b794aea2182182fdc96edbde66_S-1.jpg\" \/>\n\t<meta property=\"og:image:width\" content=\"280\" \/>\n\t<meta property=\"og:image:height\" content=\"177\" \/>\n\t<meta property=\"og:image:type\" content=\"image\/jpeg\" \/>\n<meta name=\"author\" content=\"La r\u00e9daction\" \/>\n<meta name=\"twitter:label1\" content=\"\u00c9crit par\" \/>\n\t<meta name=\"twitter:data1\" content=\"La r\u00e9daction\" \/>\n\t<meta name=\"twitter:label2\" content=\"Dur\u00e9e de lecture estim\u00e9e\" \/>\n\t<meta name=\"twitter:data2\" content=\"3 minutes\" \/>\n<script type=\"application\/ld+json\" class=\"yoast-schema-graph\">{\"@context\":\"https:\\\/\\\/schema.org\",\"@graph\":[{\"@type\":\"Article\",\"@id\":\"https:\\\/\\\/www.info-algerie.com\\\/actualites\\\/algerie-ue-le-programme-dappui-au-secteur-de-la-justice-officiellement-lance\\\/#article\",\"isPartOf\":{\"@id\":\"https:\\\/\\\/www.info-algerie.com\\\/actualites\\\/algerie-ue-le-programme-dappui-au-secteur-de-la-justice-officiellement-lance\\\/\"},\"author\":{\"name\":\"La r\u00e9daction\",\"@id\":\"https:\\\/\\\/www.info-algerie.com\\\/actualites\\\/#\\\/schema\\\/person\\\/847aaec44920825b843a08f30ec6aa1e\"},\"headline\":\"Alg\u00e9rie-UE: le Programme d&#039;appui au secteur de la justice officiellement lanc\u00e9\",\"datePublished\":\"2017-09-20T12:14:32+00:00\",\"mainEntityOfPage\":{\"@id\":\"https:\\\/\\\/www.info-algerie.com\\\/actualites\\\/algerie-ue-le-programme-dappui-au-secteur-de-la-justice-officiellement-lance\\\/\"},\"wordCount\":755,\"commentCount\":0,\"publisher\":{\"@id\":\"https:\\\/\\\/www.info-algerie.com\\\/actualites\\\/#organization\"},\"image\":{\"@id\":\"https:\\\/\\\/www.info-algerie.com\\\/actualites\\\/algerie-ue-le-programme-dappui-au-secteur-de-la-justice-officiellement-lance\\\/#primaryimage\"},\"thumbnailUrl\":\"https:\\\/\\\/www.info-algerie.com\\\/actualites\\\/wp-content\\\/uploads\\\/2017\\\/09\\\/efffe1b794aea2182182fdc96edbde66_S-1.jpg\",\"keywords\":[\"ONU\"],\"articleSection\":[\"infos\"],\"inLanguage\":\"fr-FR\",\"potentialAction\":[{\"@type\":\"CommentAction\",\"name\":\"Comment\",\"target\":[\"https:\\\/\\\/www.info-algerie.com\\\/actualites\\\/algerie-ue-le-programme-dappui-au-secteur-de-la-justice-officiellement-lance\\\/#respond\"]}]},{\"@type\":\"WebPage\",\"@id\":\"https:\\\/\\\/www.info-algerie.com\\\/actualites\\\/algerie-ue-le-programme-dappui-au-secteur-de-la-justice-officiellement-lance\\\/\",\"url\":\"https:\\\/\\\/www.info-algerie.com\\\/actualites\\\/algerie-ue-le-programme-dappui-au-secteur-de-la-justice-officiellement-lance\\\/\",\"name\":\"Alg\u00e9rie-UE: le Programme d&#039;appui au secteur de la justice officiellement lanc\u00e9 - info algerie\",\"isPartOf\":{\"@id\":\"https:\\\/\\\/www.info-algerie.com\\\/actualites\\\/#website\"},\"primaryImageOfPage\":{\"@id\":\"https:\\\/\\\/www.info-algerie.com\\\/actualites\\\/algerie-ue-le-programme-dappui-au-secteur-de-la-justice-officiellement-lance\\\/#primaryimage\"},\"image\":{\"@id\":\"https:\\\/\\\/www.info-algerie.com\\\/actualites\\\/algerie-ue-le-programme-dappui-au-secteur-de-la-justice-officiellement-lance\\\/#primaryimage\"},\"thumbnailUrl\":\"https:\\\/\\\/www.info-algerie.com\\\/actualites\\\/wp-content\\\/uploads\\\/2017\\\/09\\\/efffe1b794aea2182182fdc96edbde66_S-1.jpg\",\"datePublished\":\"2017-09-20T12:14:32+00:00\",\"breadcrumb\":{\"@id\":\"https:\\\/\\\/www.info-algerie.com\\\/actualites\\\/algerie-ue-le-programme-dappui-au-secteur-de-la-justice-officiellement-lance\\\/#breadcrumb\"},\"inLanguage\":\"fr-FR\",\"potentialAction\":[{\"@type\":\"ReadAction\",\"target\":[\"https:\\\/\\\/www.info-algerie.com\\\/actualites\\\/algerie-ue-le-programme-dappui-au-secteur-de-la-justice-officiellement-lance\\\/\"]}]},{\"@type\":\"ImageObject\",\"inLanguage\":\"fr-FR\",\"@id\":\"https:\\\/\\\/www.info-algerie.com\\\/actualites\\\/algerie-ue-le-programme-dappui-au-secteur-de-la-justice-officiellement-lance\\\/#primaryimage\",\"url\":\"https:\\\/\\\/www.info-algerie.com\\\/actualites\\\/wp-content\\\/uploads\\\/2017\\\/09\\\/efffe1b794aea2182182fdc96edbde66_S-1.jpg\",\"contentUrl\":\"https:\\\/\\\/www.info-algerie.com\\\/actualites\\\/wp-content\\\/uploads\\\/2017\\\/09\\\/efffe1b794aea2182182fdc96edbde66_S-1.jpg\",\"width\":280,\"height\":177},{\"@type\":\"BreadcrumbList\",\"@id\":\"https:\\\/\\\/www.info-algerie.com\\\/actualites\\\/algerie-ue-le-programme-dappui-au-secteur-de-la-justice-officiellement-lance\\\/#breadcrumb\",\"itemListElement\":[{\"@type\":\"ListItem\",\"position\":1,\"name\":\"Accueil\",\"item\":\"https:\\\/\\\/www.info-algerie.com\\\/actualites\\\/\"},{\"@type\":\"ListItem\",\"position\":2,\"name\":\"Alg\u00e9rie-UE: le Programme d&#039;appui au secteur de la justice officiellement lanc\u00e9\"}]},{\"@type\":\"WebSite\",\"@id\":\"https:\\\/\\\/www.info-algerie.com\\\/actualites\\\/#website\",\"url\":\"https:\\\/\\\/www.info-algerie.com\\\/actualites\\\/\",\"name\":\"info algerie\",\"description\":\"Toutes les actualit\u00e9s\",\"publisher\":{\"@id\":\"https:\\\/\\\/www.info-algerie.com\\\/actualites\\\/#organization\"},\"potentialAction\":[{\"@type\":\"SearchAction\",\"target\":{\"@type\":\"EntryPoint\",\"urlTemplate\":\"https:\\\/\\\/www.info-algerie.com\\\/actualites\\\/?s={search_term_string}\"},\"query-input\":{\"@type\":\"PropertyValueSpecification\",\"valueRequired\":true,\"valueName\":\"search_term_string\"}}],\"inLanguage\":\"fr-FR\"},{\"@type\":\"Organization\",\"@id\":\"https:\\\/\\\/www.info-algerie.com\\\/actualites\\\/#organization\",\"name\":\"info algerie\",\"url\":\"https:\\\/\\\/www.info-algerie.com\\\/actualites\\\/\",\"logo\":{\"@type\":\"ImageObject\",\"inLanguage\":\"fr-FR\",\"@id\":\"https:\\\/\\\/www.info-algerie.com\\\/actualites\\\/#\\\/schema\\\/logo\\\/image\\\/\",\"url\":\"https:\\\/\\\/www.info-algerie.com\\\/actualites\\\/wp-content\\\/uploads\\\/2022\\\/07\\\/logo-ia-120.png\",\"contentUrl\":\"https:\\\/\\\/www.info-algerie.com\\\/actualites\\\/wp-content\\\/uploads\\\/2022\\\/07\\\/logo-ia-120.png\",\"width\":120,\"height\":43,\"caption\":\"info algerie\"},\"image\":{\"@id\":\"https:\\\/\\\/www.info-algerie.com\\\/actualites\\\/#\\\/schema\\\/logo\\\/image\\\/\"},\"sameAs\":[\"https:\\\/\\\/www.facebook.com\\\/infoalgerieactu\",\"https:\\\/\\\/x.com\\\/infoalgerie1\"]},{\"@type\":\"Person\",\"@id\":\"https:\\\/\\\/www.info-algerie.com\\\/actualites\\\/#\\\/schema\\\/person\\\/847aaec44920825b843a08f30ec6aa1e\",\"name\":\"La r\u00e9daction\",\"image\":{\"@type\":\"ImageObject\",\"inLanguage\":\"fr-FR\",\"@id\":\"https:\\\/\\\/secure.gravatar.com\\\/avatar\\\/769db425c6f465158149f1ffd6cf61ce7a8a879d11dfbef8288af36dfddd418c?s=96&d=mm&r=g\",\"url\":\"https:\\\/\\\/secure.gravatar.com\\\/avatar\\\/769db425c6f465158149f1ffd6cf61ce7a8a879d11dfbef8288af36dfddd418c?s=96&d=mm&r=g\",\"contentUrl\":\"https:\\\/\\\/secure.gravatar.com\\\/avatar\\\/769db425c6f465158149f1ffd6cf61ce7a8a879d11dfbef8288af36dfddd418c?s=96&d=mm&r=g\",\"caption\":\"La r\u00e9daction\"},\"sameAs\":[\"http:\\\/\\\/www.lkeria.com\\\/\"],\"url\":\"https:\\\/\\\/www.info-algerie.com\\\/actualites\\\/author\\\/chakib32\\\/\"}]}<\/script>\n<!-- \/ Yoast SEO plugin. -->","yoast_head_json":{"title":"Alg\u00e9rie-UE: le Programme d&#039;appui au secteur de la justice officiellement lanc\u00e9 - info algerie","robots":{"index":"index","follow":"follow","max-snippet":"max-snippet:-1","max-image-preview":"max-image-preview:large","max-video-preview":"max-video-preview:-1"},"canonical":"https:\/\/www.info-algerie.com\/actualites\/algerie-ue-le-programme-dappui-au-secteur-de-la-justice-officiellement-lance\/","og_locale":"fr_FR","og_type":"article","og_title":"Alg\u00e9rie-UE: le Programme d&#039;appui au secteur de la justice officiellement lanc\u00e9 - info algerie","og_description":"ALGER- Le Programme d&rsquo;appui au secteur de la justice en Alg\u00e9rie (PASJA), cofinanc\u00e9 par l&rsquo;Union europ\u00e9enne (UE), l&rsquo;Alg\u00e9rie et la France, a \u00e9t\u00e9 officiellement lanc\u00e9 mercredi \u00e0 Alger, avec comme objectif principal la \u00ab\u00a0contribution au renforcement de l&rsquo;Etat de droit et \u00e0 la garantie d&rsquo;une justice \u00e9quitable, impartiale et de qualit\u00e9\u00a0\u00bb. &#013; &#013; D&rsquo;une dur\u00e9e","og_url":"https:\/\/www.info-algerie.com\/actualites\/algerie-ue-le-programme-dappui-au-secteur-de-la-justice-officiellement-lance\/","og_site_name":"info algerie","article_publisher":"https:\/\/www.facebook.com\/infoalgerieactu","article_published_time":"2017-09-20T12:14:32+00:00","og_image":[{"width":280,"height":177,"url":"https:\/\/www.info-algerie.com\/actualites\/wp-content\/uploads\/2017\/09\/efffe1b794aea2182182fdc96edbde66_S-1.jpg","type":"image\/jpeg"}],"author":"La r\u00e9daction","twitter_misc":{"\u00c9crit par":"La r\u00e9daction","Dur\u00e9e de lecture estim\u00e9e":"3 minutes"},"schema":{"@context":"https:\/\/schema.org","@graph":[{"@type":"Article","@id":"https:\/\/www.info-algerie.com\/actualites\/algerie-ue-le-programme-dappui-au-secteur-de-la-justice-officiellement-lance\/#article","isPartOf":{"@id":"https:\/\/www.info-algerie.com\/actualites\/algerie-ue-le-programme-dappui-au-secteur-de-la-justice-officiellement-lance\/"},"author":{"name":"La r\u00e9daction","@id":"https:\/\/www.info-algerie.com\/actualites\/#\/schema\/person\/847aaec44920825b843a08f30ec6aa1e"},"headline":"Alg\u00e9rie-UE: le Programme d&#039;appui au secteur de la justice officiellement lanc\u00e9","datePublished":"2017-09-20T12:14:32+00:00","mainEntityOfPage":{"@id":"https:\/\/www.info-algerie.com\/actualites\/algerie-ue-le-programme-dappui-au-secteur-de-la-justice-officiellement-lance\/"},"wordCount":755,"commentCount":0,"publisher":{"@id":"https:\/\/www.info-algerie.com\/actualites\/#organization"},"image":{"@id":"https:\/\/www.info-algerie.com\/actualites\/algerie-ue-le-programme-dappui-au-secteur-de-la-justice-officiellement-lance\/#primaryimage"},"thumbnailUrl":"https:\/\/www.info-algerie.com\/actualites\/wp-content\/uploads\/2017\/09\/efffe1b794aea2182182fdc96edbde66_S-1.jpg","keywords":["ONU"],"articleSection":["infos"],"inLanguage":"fr-FR","potentialAction":[{"@type":"CommentAction","name":"Comment","target":["https:\/\/www.info-algerie.com\/actualites\/algerie-ue-le-programme-dappui-au-secteur-de-la-justice-officiellement-lance\/#respond"]}]},{"@type":"WebPage","@id":"https:\/\/www.info-algerie.com\/actualites\/algerie-ue-le-programme-dappui-au-secteur-de-la-justice-officiellement-lance\/","url":"https:\/\/www.info-algerie.com\/actualites\/algerie-ue-le-programme-dappui-au-secteur-de-la-justice-officiellement-lance\/","name":"Alg\u00e9rie-UE: le Programme d&#039;appui au secteur de la justice officiellement lanc\u00e9 - info algerie","isPartOf":{"@id":"https:\/\/www.info-algerie.com\/actualites\/#website"},"primaryImageOfPage":{"@id":"https:\/\/www.info-algerie.com\/actualites\/algerie-ue-le-programme-dappui-au-secteur-de-la-justice-officiellement-lance\/#primaryimage"},"image":{"@id":"https:\/\/www.info-algerie.com\/actualites\/algerie-ue-le-programme-dappui-au-secteur-de-la-justice-officiellement-lance\/#primaryimage"},"thumbnailUrl":"https:\/\/www.info-algerie.com\/actualites\/wp-content\/uploads\/2017\/09\/efffe1b794aea2182182fdc96edbde66_S-1.jpg","datePublished":"2017-09-20T12:14:32+00:00","breadcrumb":{"@id":"https:\/\/www.info-algerie.com\/actualites\/algerie-ue-le-programme-dappui-au-secteur-de-la-justice-officiellement-lance\/#breadcrumb"},"inLanguage":"fr-FR","potentialAction":[{"@type":"ReadAction","target":["https:\/\/www.info-algerie.com\/actualites\/algerie-ue-le-programme-dappui-au-secteur-de-la-justice-officiellement-lance\/"]}]},{"@type":"ImageObject","inLanguage":"fr-FR","@id":"https:\/\/www.info-algerie.com\/actualites\/algerie-ue-le-programme-dappui-au-secteur-de-la-justice-officiellement-lance\/#primaryimage","url":"https:\/\/www.info-algerie.com\/actualites\/wp-content\/uploads\/2017\/09\/efffe1b794aea2182182fdc96edbde66_S-1.jpg","contentUrl":"https:\/\/www.info-algerie.com\/actualites\/wp-content\/uploads\/2017\/09\/efffe1b794aea2182182fdc96edbde66_S-1.jpg","width":280,"height":177},{"@type":"BreadcrumbList","@id":"https:\/\/www.info-algerie.com\/actualites\/algerie-ue-le-programme-dappui-au-secteur-de-la-justice-officiellement-lance\/#breadcrumb","itemListElement":[{"@type":"ListItem","position":1,"name":"Accueil","item":"https:\/\/www.info-algerie.com\/actualites\/"},{"@type":"ListItem","position":2,"name":"Alg\u00e9rie-UE: le Programme d&#039;appui au secteur de la justice officiellement lanc\u00e9"}]},{"@type":"WebSite","@id":"https:\/\/www.info-algerie.com\/actualites\/#website","url":"https:\/\/www.info-algerie.com\/actualites\/","name":"info algerie","description":"Toutes les actualit\u00e9s","publisher":{"@id":"https:\/\/www.info-algerie.com\/actualites\/#organization"},"potentialAction":[{"@type":"SearchAction","target":{"@type":"EntryPoint","urlTemplate":"https:\/\/www.info-algerie.com\/actualites\/?s={search_term_string}"},"query-input":{"@type":"PropertyValueSpecification","valueRequired":true,"valueName":"search_term_string"}}],"inLanguage":"fr-FR"},{"@type":"Organization","@id":"https:\/\/www.info-algerie.com\/actualites\/#organization","name":"info algerie","url":"https:\/\/www.info-algerie.com\/actualites\/","logo":{"@type":"ImageObject","inLanguage":"fr-FR","@id":"https:\/\/www.info-algerie.com\/actualites\/#\/schema\/logo\/image\/","url":"https:\/\/www.info-algerie.com\/actualites\/wp-content\/uploads\/2022\/07\/logo-ia-120.png","contentUrl":"https:\/\/www.info-algerie.com\/actualites\/wp-content\/uploads\/2022\/07\/logo-ia-120.png","width":120,"height":43,"caption":"info algerie"},"image":{"@id":"https:\/\/www.info-algerie.com\/actualites\/#\/schema\/logo\/image\/"},"sameAs":["https:\/\/www.facebook.com\/infoalgerieactu","https:\/\/x.com\/infoalgerie1"]},{"@type":"Person","@id":"https:\/\/www.info-algerie.com\/actualites\/#\/schema\/person\/847aaec44920825b843a08f30ec6aa1e","name":"La r\u00e9daction","image":{"@type":"ImageObject","inLanguage":"fr-FR","@id":"https:\/\/secure.gravatar.com\/avatar\/769db425c6f465158149f1ffd6cf61ce7a8a879d11dfbef8288af36dfddd418c?s=96&d=mm&r=g","url":"https:\/\/secure.gravatar.com\/avatar\/769db425c6f465158149f1ffd6cf61ce7a8a879d11dfbef8288af36dfddd418c?s=96&d=mm&r=g","contentUrl":"https:\/\/secure.gravatar.com\/avatar\/769db425c6f465158149f1ffd6cf61ce7a8a879d11dfbef8288af36dfddd418c?s=96&d=mm&r=g","caption":"La r\u00e9daction"},"sameAs":["http:\/\/www.lkeria.com\/"],"url":"https:\/\/www.info-algerie.com\/actualites\/author\/chakib32\/"}]}},"_links":{"self":[{"href":"https:\/\/www.info-algerie.com\/actualites\/wp-json\/wp\/v2\/posts\/16087","targetHints":{"allow":["GET"]}}],"collection":[{"href":"https:\/\/www.info-algerie.com\/actualites\/wp-json\/wp\/v2\/posts"}],"about":[{"href":"https:\/\/www.info-algerie.com\/actualites\/wp-json\/wp\/v2\/types\/post"}],"author":[{"embeddable":true,"href":"https:\/\/www.info-algerie.com\/actualites\/wp-json\/wp\/v2\/users\/6"}],"replies":[{"embeddable":true,"href":"https:\/\/www.info-algerie.com\/actualites\/wp-json\/wp\/v2\/comments?post=16087"}],"version-history":[{"count":0,"href":"https:\/\/www.info-algerie.com\/actualites\/wp-json\/wp\/v2\/posts\/16087\/revisions"}],"wp:featuredmedia":[{"embeddable":true,"href":"https:\/\/www.info-algerie.com\/actualites\/wp-json\/wp\/v2\/media\/16088"}],"wp:attachment":[{"href":"https:\/\/www.info-algerie.com\/actualites\/wp-json\/wp\/v2\/media?parent=16087"}],"wp:term":[{"taxonomy":"category","embeddable":true,"href":"https:\/\/www.info-algerie.com\/actualites\/wp-json\/wp\/v2\/categories?post=16087"},{"taxonomy":"post_tag","embeddable":true,"href":"https:\/\/www.info-algerie.com\/actualites\/wp-json\/wp\/v2\/tags?post=16087"}],"curies":[{"name":"wp","href":"https:\/\/api.w.org\/{rel}","templated":true}]}}