{"id":16093,"date":"2017-09-20T14:08:07","date_gmt":"2017-09-20T13:08:07","guid":{"rendered":"http:\/\/www.info-algerie.com\/actualites\/onu-boubacar-keita-loue-le-role-de-lalgerie-dans-la-conclusion-de-laccord-de-paix-au-mali\/"},"modified":"2017-09-20T14:08:07","modified_gmt":"2017-09-20T13:08:07","slug":"onu-boubacar-keita-loue-le-role-de-lalgerie-dans-la-conclusion-de-laccord-de-paix-au-mali","status":"publish","type":"post","link":"https:\/\/www.info-algerie.com\/actualites\/onu-boubacar-keita-loue-le-role-de-lalgerie-dans-la-conclusion-de-laccord-de-paix-au-mali\/","title":{"rendered":"ONU: Boubacar Keita loue le r\u00f4le de l\u2019Alg\u00e9rie dans la\u00a0conclusion de l&#039;accord de paix au Mali"},"content":{"rendered":"<div class=\"K2FeedImage\"><img decoding=\"async\" src=\"https:\/\/www.info-algerie.com\/actualites\/wp-content\/uploads\/2017\/09\/9dbea06697471ad06f37ec60c90fec7d_S.jpg\" alt=\"ONU: Boubacar Keita loue le r&#xF4;le de l&#x2019;Alg&#xE9;rie dans la&#xA0;conclusion de l'accord de paix au Mali\" \/><\/div>\n<div class=\"K2FeedIntroText\">\n<p>NEW YORK- Le pr\u00e9sident malien, Ibrahim Boubacar Keita, a soulign\u00e9 mardi soir \u00e0 New York le r\u00f4le de <a href=\"http:\/\/www.aps.dz\/monde\/63016-mali-macron-souligne-a-l-onu-la-necessite-de-mettre-en-oeuvre-l-accord-d-alger\" target=\"_blank\">l\u2019Alg\u00e9rie dans la conclusion de l\u2019accord de paix et de r\u00e9conciliation au Mali<\/a> qui a permis des r\u00e9sultats\u00a0\u00ab\u00a0fort appr\u00e9ciables\u00a0\u00bb sur la voie de la paix dans son pays.<\/p>\n<p>&#013;\n<\/p><\/div>\n<div class=\"K2FeedFullText\">&#013;<\/p>\n<p>\u00ab\u00a0Je voudrais dire encore une fois combien nous sommes redevables \u00e0 nos\u00a0 fr\u00e8res alg\u00e9riens en particulier au pr\u00e9sident Abdelaziz Bouteflika pour l\u2019accueil et l\u2019hospitalit\u00e9 que nous avons re\u00e7u dans cette charmante ville blanche (Alger) o\u00f9 l\u2019accord pour la paix et la r\u00e9conciliation au Mali a \u00e9t\u00e9\u00a0conclu\u00a0\u00bb, a d\u00e9clar\u00e9 le pr\u00e9sident malien lors de son discours mardi soir \u00e0 la tribune de l\u2019<a href=\"http:\/\/www.aps.dz\/algerie\/62978-assemble-generale-de-l-onu-messahel-presidera-la-delegation-algerienne-mae\" target=\"_blank\">ONU<\/a>.<\/p>\n<p>&#013;<\/p>\n<blockquote><p>&#013;<\/p>\n<p style=\"text-align: center\"><strong><em><span style=\"font-size: 12.16px\">\u00a0La situation g\u00e9n\u00e9rale au Mali\u00a0a\u00a0 connu des \u00ab\u00a0progr\u00e8s forts appr\u00e9ciables \u00a0\u00bb depuis la mise en \u0153uvre de cet\u00a0 accord, conclu apr\u00e8s huit mois d\u2019\u00e2pres n\u00e9gociations<\/span><\/em><\/strong><\/p>\n<p>&#013;\n<\/p><\/blockquote>\n<p>&#013;<\/p>\n<p>\u00a0\u00ab\u00a0Le Mali se r\u00e9jouit ainsi des conditions cr\u00e9\u00e9es pour son future\u00a0\u00bb, a ajout\u00e9\u00a0 le chef d\u2019Etat malien, relevant que la situation g\u00e9n\u00e9rale dan son pays a\u00a0 connu des \u00ab\u00a0progr\u00e8s forts appr\u00e9ciables \u00a0\u00bb depuis la mise en \u0153uvre de cet accord, conclu apr\u00e8s huit mois d\u2019\u00e2pres n\u00e9gociations.<\/p>\n<p>&#013;<\/p>\n<p>Boubacar Keita a donn\u00e9 pour exemple la mise en place des autorit\u00e9s\u00a0 int\u00e9rimaires et des coll\u00e8ges transitoires dans cinq r\u00e9gions du Nord du\u00a0 Mali. Il a aussi point\u00e9 le retour de l&rsquo;administration \u00e0 Kidal, gr\u00e2ce \u00e0\u00a0 l&rsquo;appui de la Mission multidimensionnelle int\u00e9gr\u00e9e des Nations Unies pour\u00a0 la stabilisation au Mali (Minusma).<\/p>\n<p>&#013;<\/p>\n<p>Le pr\u00e9sident malien s&rsquo;est r\u00e9joui \u00e0 ce propos de la prorogation du mandat\u00a0 de la Minsuma ainsi que de l\u2019adoption par le Conseil de s\u00e9curit\u00e9 de la\u00a0 r\u00e9solution 2374, instaurant un r\u00e9gime de sanctions contre les auteurs d&rsquo;actes entravant la mise en \u0153uvre de l&rsquo;Accord de paix.<\/p>\n<p>&#013;<\/p>\n<blockquote><p>&#013;<\/p>\n<p style=\"text-align: right\"><em><strong><span style=\"font-size: 12.16px\">\u00ab\u00a0La r\u00e9gion fait face au terrorisme, \u00e0 l&rsquo;extr\u00e9misme violent, au trafic de\u00a0 drogues, d&rsquo;armes et de personnes, men\u00e9s par des groupes de crime organis\u00e9\u00a0 qui disposent de moyens financiers, mat\u00e9riels et logistiques importants\u00a0\u00bb<\/span><\/strong><\/em><\/p>\n<p>&#013;\n<\/p><\/blockquote>\n<p>&#013;<\/p>\n<p>Pour autant, il a relev\u00e9 que la d\u00e9gradation de la situation s\u00e9curitaire au\u00a0 Mali et au Sahel continue de repr\u00e9senter une menace r\u00e9elle pour la paix et\u00a0 la s\u00e9curit\u00e9 internationales.<\/p>\n<p>&#013;<\/p>\n<p>\u00ab\u00a0La r\u00e9gion fait face au terrorisme, \u00e0 l&rsquo;extr\u00e9misme violent, au trafic de\u00a0 drogues, d&rsquo;armes et de personnes, men\u00e9s par des groupes de crime organis\u00e9\u00a0 qui disposent de moyens financiers, mat\u00e9riels et logistiques importants\u00a0\u00bb,\u00a0 a-t-il encha\u00een\u00e9.<\/p>\n<p>&#013;<\/p>\n<p>\u00a0\u00bb Aucun pays ne peut faire face seul \u00e0 ces menaces transfrontali\u00e8res\u00a0\u00bb,\u00a0 a-t-il d\u00e9clar\u00e9, invitant, par ailleurs, les pays amis et organisations\u00a0 internationales \u00e0 apporter un soutien financier \u00e0 la force G5 Sahel qui est\u00a0 toujours en qu\u00eate de financements. Une Conf\u00e9rence internationale de\u00a0 planification des contributions \u00e0 la Force est pr\u00e9vue le 16 d\u00e9cembre 2017 \u00e0\u00a0 Bruxelles.<\/p>\n<p>&#013;<\/p>\n<p>Devant l&rsquo;Assembl\u00e9e g\u00e9n\u00e9rale, M. Keita a r\u00e9affirm\u00e9 l&rsquo;engagement du Mali \u00e0\u00a0 mettre en \u0153uvre les Objectifs du d\u00e9veloppement durable. Il a assur\u00e9\u00a0 l&rsquo;attachement de son pays \u00e0 la mise en \u0153uvre de l&rsquo;Accord de Paris sur le\u00a0 climat. Concernant les d\u00e9fis de sant\u00e9 publique, le r\u00e9sident malien a appel\u00e9\u00a0\u00e0 redoubler d&rsquo;efforts pour mettre en \u0153uvre la D\u00e9claration politique sur\u00a0 l&rsquo;\u00e9limination du sida \u00e0 l&rsquo;horizon 2030.<\/p>\n<p>&#013;<\/p>\n<p>\u00a0Sur la question des migrations, M. Keita a appel\u00e9 \u00e0 mettre un terme au\u00a0 plus grand scandale du 21\u00e8me si\u00e8cle, les cimeti\u00e8res de migrants en\u00a0 M\u00e9diterran\u00e9e, et a soulign\u00e9 que le Mali appuyait pleinement l&rsquo;adoption, en\u00a0 2018, d&rsquo;un Pacte mondial pour les migrations. Le chef de l&rsquo;Etat malien a\u00a0\u00e9galement appel\u00e9 \u00e0 un r\u00e8glement durable de la crise libyenne qui impacte\u00a0 n\u00e9gativement le Sahel.<\/p>\n<p>&#013;<\/p>\n<p>\u00a0Enfin, il r\u00e9affirm\u00e9 son attachement \u00e0 la position commune africaine sur la\u00a0 r\u00e9forme du Conseil de s\u00e9curit\u00e9 et a salu\u00e9 la dynamique de renforcement du partenariat strat\u00e9gique entre l&rsquo;Union africaine et les Nations Unies.<\/p>\n<\/div>\n<p>&#013;<br \/>\nSource: <a href=\"http:\/\/www.aps.dz\/algerie\/63031-a-la-tribune-de-l-onu-boubacar-keita-loue-le-role-de-l-algerie-dans-la-conclusion-de-l-accord-de-paix-au-mali\" target=\"_blank\">ONU: Boubacar Keita loue le r\u00f4le de l\u2019Alg\u00e9rie dans la\u00a0conclusion de l&rsquo;accord de paix au Mali<\/a><\/p>\n<!--CusAds0-->\n<div style=\"font-size: 0px; height: 0px; line-height: 0px; margin: 0; padding: 0; clear: both;\"><\/div>","protected":false},"excerpt":{"rendered":"<p>NEW YORK- Le pr\u00e9sident malien, Ibrahim Boubacar Keita, a soulign\u00e9 mardi soir \u00e0 New York le r\u00f4le de l\u2019Alg\u00e9rie dans la conclusion de l\u2019accord de paix et de r\u00e9conciliation au Mali qui a permis des r\u00e9sultats\u00a0\u00ab\u00a0fort appr\u00e9ciables\u00a0\u00bb sur la voie de la paix dans son pays. &#013; &#013; \u00ab\u00a0Je voudrais dire encore une fois combien<\/p>\n","protected":false},"author":6,"featured_media":16094,"comment_status":"open","ping_status":"open","sticky":false,"template":"","format":"standard","meta":{"footnotes":""},"categories":[22],"tags":[93],"class_list":["post-16093","post","type-post","status-publish","format-standard","has-post-thumbnail","hentry","category-infos","tag-onu"],"yoast_head":"<!-- This site is optimized with the Yoast SEO plugin v27.5 - https:\/\/yoast.com\/product\/yoast-seo-wordpress\/ -->\n<title>ONU: Boubacar Keita loue le r\u00f4le de l\u2019Alg\u00e9rie dans la\u00a0conclusion de l&#039;accord de paix au Mali - info algerie<\/title>\n<meta name=\"robots\" content=\"index, follow, max-snippet:-1, max-image-preview:large, max-video-preview:-1\" \/>\n<link rel=\"canonical\" href=\"https:\/\/www.info-algerie.com\/actualites\/onu-boubacar-keita-loue-le-role-de-lalgerie-dans-la-conclusion-de-laccord-de-paix-au-mali\/\" \/>\n<meta property=\"og:locale\" content=\"fr_FR\" \/>\n<meta property=\"og:type\" content=\"article\" \/>\n<meta property=\"og:title\" content=\"ONU: Boubacar Keita loue le r\u00f4le de l\u2019Alg\u00e9rie dans la\u00a0conclusion de l&#039;accord de paix au Mali - info algerie\" \/>\n<meta property=\"og:description\" content=\"NEW YORK- Le pr\u00e9sident malien, Ibrahim Boubacar Keita, a soulign\u00e9 mardi soir \u00e0 New York le r\u00f4le de l\u2019Alg\u00e9rie dans la conclusion de l\u2019accord de paix et de r\u00e9conciliation au Mali qui a permis des r\u00e9sultats\u00a0\u00ab\u00a0fort appr\u00e9ciables\u00a0\u00bb sur la voie de la paix dans son pays. &#013; &#013; \u00ab\u00a0Je voudrais dire encore une fois combien\" \/>\n<meta property=\"og:url\" content=\"https:\/\/www.info-algerie.com\/actualites\/onu-boubacar-keita-loue-le-role-de-lalgerie-dans-la-conclusion-de-laccord-de-paix-au-mali\/\" \/>\n<meta property=\"og:site_name\" content=\"info algerie\" \/>\n<meta property=\"article:publisher\" content=\"https:\/\/www.facebook.com\/infoalgerieactu\" \/>\n<meta property=\"article:published_time\" content=\"2017-09-20T13:08:07+00:00\" \/>\n<meta property=\"og:image\" content=\"https:\/\/www.info-algerie.com\/actualites\/wp-content\/uploads\/2017\/09\/9dbea06697471ad06f37ec60c90fec7d_S-1.jpg\" \/>\n\t<meta property=\"og:image:width\" content=\"280\" \/>\n\t<meta property=\"og:image:height\" content=\"169\" \/>\n\t<meta property=\"og:image:type\" content=\"image\/jpeg\" \/>\n<meta name=\"author\" content=\"La r\u00e9daction\" \/>\n<meta name=\"twitter:label1\" content=\"\u00c9crit par\" \/>\n\t<meta name=\"twitter:data1\" content=\"La r\u00e9daction\" \/>\n\t<meta name=\"twitter:label2\" content=\"Dur\u00e9e de lecture estim\u00e9e\" \/>\n\t<meta name=\"twitter:data2\" content=\"3 minutes\" \/>\n<script type=\"application\/ld+json\" class=\"yoast-schema-graph\">{\"@context\":\"https:\\\/\\\/schema.org\",\"@graph\":[{\"@type\":\"Article\",\"@id\":\"https:\\\/\\\/www.info-algerie.com\\\/actualites\\\/onu-boubacar-keita-loue-le-role-de-lalgerie-dans-la-conclusion-de-laccord-de-paix-au-mali\\\/#article\",\"isPartOf\":{\"@id\":\"https:\\\/\\\/www.info-algerie.com\\\/actualites\\\/onu-boubacar-keita-loue-le-role-de-lalgerie-dans-la-conclusion-de-laccord-de-paix-au-mali\\\/\"},\"author\":{\"name\":\"La r\u00e9daction\",\"@id\":\"https:\\\/\\\/www.info-algerie.com\\\/actualites\\\/#\\\/schema\\\/person\\\/847aaec44920825b843a08f30ec6aa1e\"},\"headline\":\"ONU: Boubacar Keita loue le r\u00f4le de l\u2019Alg\u00e9rie dans la\u00a0conclusion de l&#039;accord de paix au Mali\",\"datePublished\":\"2017-09-20T13:08:07+00:00\",\"mainEntityOfPage\":{\"@id\":\"https:\\\/\\\/www.info-algerie.com\\\/actualites\\\/onu-boubacar-keita-loue-le-role-de-lalgerie-dans-la-conclusion-de-laccord-de-paix-au-mali\\\/\"},\"wordCount\":722,\"commentCount\":0,\"publisher\":{\"@id\":\"https:\\\/\\\/www.info-algerie.com\\\/actualites\\\/#organization\"},\"image\":{\"@id\":\"https:\\\/\\\/www.info-algerie.com\\\/actualites\\\/onu-boubacar-keita-loue-le-role-de-lalgerie-dans-la-conclusion-de-laccord-de-paix-au-mali\\\/#primaryimage\"},\"thumbnailUrl\":\"https:\\\/\\\/www.info-algerie.com\\\/actualites\\\/wp-content\\\/uploads\\\/2017\\\/09\\\/9dbea06697471ad06f37ec60c90fec7d_S-1.jpg\",\"keywords\":[\"ONU\"],\"articleSection\":[\"infos\"],\"inLanguage\":\"fr-FR\",\"potentialAction\":[{\"@type\":\"CommentAction\",\"name\":\"Comment\",\"target\":[\"https:\\\/\\\/www.info-algerie.com\\\/actualites\\\/onu-boubacar-keita-loue-le-role-de-lalgerie-dans-la-conclusion-de-laccord-de-paix-au-mali\\\/#respond\"]}]},{\"@type\":\"WebPage\",\"@id\":\"https:\\\/\\\/www.info-algerie.com\\\/actualites\\\/onu-boubacar-keita-loue-le-role-de-lalgerie-dans-la-conclusion-de-laccord-de-paix-au-mali\\\/\",\"url\":\"https:\\\/\\\/www.info-algerie.com\\\/actualites\\\/onu-boubacar-keita-loue-le-role-de-lalgerie-dans-la-conclusion-de-laccord-de-paix-au-mali\\\/\",\"name\":\"ONU: Boubacar Keita loue le r\u00f4le de l\u2019Alg\u00e9rie dans la\u00a0conclusion de l&#039;accord de paix au Mali - info algerie\",\"isPartOf\":{\"@id\":\"https:\\\/\\\/www.info-algerie.com\\\/actualites\\\/#website\"},\"primaryImageOfPage\":{\"@id\":\"https:\\\/\\\/www.info-algerie.com\\\/actualites\\\/onu-boubacar-keita-loue-le-role-de-lalgerie-dans-la-conclusion-de-laccord-de-paix-au-mali\\\/#primaryimage\"},\"image\":{\"@id\":\"https:\\\/\\\/www.info-algerie.com\\\/actualites\\\/onu-boubacar-keita-loue-le-role-de-lalgerie-dans-la-conclusion-de-laccord-de-paix-au-mali\\\/#primaryimage\"},\"thumbnailUrl\":\"https:\\\/\\\/www.info-algerie.com\\\/actualites\\\/wp-content\\\/uploads\\\/2017\\\/09\\\/9dbea06697471ad06f37ec60c90fec7d_S-1.jpg\",\"datePublished\":\"2017-09-20T13:08:07+00:00\",\"breadcrumb\":{\"@id\":\"https:\\\/\\\/www.info-algerie.com\\\/actualites\\\/onu-boubacar-keita-loue-le-role-de-lalgerie-dans-la-conclusion-de-laccord-de-paix-au-mali\\\/#breadcrumb\"},\"inLanguage\":\"fr-FR\",\"potentialAction\":[{\"@type\":\"ReadAction\",\"target\":[\"https:\\\/\\\/www.info-algerie.com\\\/actualites\\\/onu-boubacar-keita-loue-le-role-de-lalgerie-dans-la-conclusion-de-laccord-de-paix-au-mali\\\/\"]}]},{\"@type\":\"ImageObject\",\"inLanguage\":\"fr-FR\",\"@id\":\"https:\\\/\\\/www.info-algerie.com\\\/actualites\\\/onu-boubacar-keita-loue-le-role-de-lalgerie-dans-la-conclusion-de-laccord-de-paix-au-mali\\\/#primaryimage\",\"url\":\"https:\\\/\\\/www.info-algerie.com\\\/actualites\\\/wp-content\\\/uploads\\\/2017\\\/09\\\/9dbea06697471ad06f37ec60c90fec7d_S-1.jpg\",\"contentUrl\":\"https:\\\/\\\/www.info-algerie.com\\\/actualites\\\/wp-content\\\/uploads\\\/2017\\\/09\\\/9dbea06697471ad06f37ec60c90fec7d_S-1.jpg\",\"width\":280,\"height\":169},{\"@type\":\"BreadcrumbList\",\"@id\":\"https:\\\/\\\/www.info-algerie.com\\\/actualites\\\/onu-boubacar-keita-loue-le-role-de-lalgerie-dans-la-conclusion-de-laccord-de-paix-au-mali\\\/#breadcrumb\",\"itemListElement\":[{\"@type\":\"ListItem\",\"position\":1,\"name\":\"Accueil\",\"item\":\"https:\\\/\\\/www.info-algerie.com\\\/actualites\\\/\"},{\"@type\":\"ListItem\",\"position\":2,\"name\":\"ONU: Boubacar Keita loue le r\u00f4le de l\u2019Alg\u00e9rie dans la\u00a0conclusion de l&#039;accord de paix au Mali\"}]},{\"@type\":\"WebSite\",\"@id\":\"https:\\\/\\\/www.info-algerie.com\\\/actualites\\\/#website\",\"url\":\"https:\\\/\\\/www.info-algerie.com\\\/actualites\\\/\",\"name\":\"info algerie\",\"description\":\"Toutes les actualit\u00e9s\",\"publisher\":{\"@id\":\"https:\\\/\\\/www.info-algerie.com\\\/actualites\\\/#organization\"},\"potentialAction\":[{\"@type\":\"SearchAction\",\"target\":{\"@type\":\"EntryPoint\",\"urlTemplate\":\"https:\\\/\\\/www.info-algerie.com\\\/actualites\\\/?s={search_term_string}\"},\"query-input\":{\"@type\":\"PropertyValueSpecification\",\"valueRequired\":true,\"valueName\":\"search_term_string\"}}],\"inLanguage\":\"fr-FR\"},{\"@type\":\"Organization\",\"@id\":\"https:\\\/\\\/www.info-algerie.com\\\/actualites\\\/#organization\",\"name\":\"info algerie\",\"url\":\"https:\\\/\\\/www.info-algerie.com\\\/actualites\\\/\",\"logo\":{\"@type\":\"ImageObject\",\"inLanguage\":\"fr-FR\",\"@id\":\"https:\\\/\\\/www.info-algerie.com\\\/actualites\\\/#\\\/schema\\\/logo\\\/image\\\/\",\"url\":\"https:\\\/\\\/www.info-algerie.com\\\/actualites\\\/wp-content\\\/uploads\\\/2022\\\/07\\\/logo-ia-120.png\",\"contentUrl\":\"https:\\\/\\\/www.info-algerie.com\\\/actualites\\\/wp-content\\\/uploads\\\/2022\\\/07\\\/logo-ia-120.png\",\"width\":120,\"height\":43,\"caption\":\"info algerie\"},\"image\":{\"@id\":\"https:\\\/\\\/www.info-algerie.com\\\/actualites\\\/#\\\/schema\\\/logo\\\/image\\\/\"},\"sameAs\":[\"https:\\\/\\\/www.facebook.com\\\/infoalgerieactu\",\"https:\\\/\\\/x.com\\\/infoalgerie1\"]},{\"@type\":\"Person\",\"@id\":\"https:\\\/\\\/www.info-algerie.com\\\/actualites\\\/#\\\/schema\\\/person\\\/847aaec44920825b843a08f30ec6aa1e\",\"name\":\"La r\u00e9daction\",\"image\":{\"@type\":\"ImageObject\",\"inLanguage\":\"fr-FR\",\"@id\":\"https:\\\/\\\/secure.gravatar.com\\\/avatar\\\/769db425c6f465158149f1ffd6cf61ce7a8a879d11dfbef8288af36dfddd418c?s=96&d=mm&r=g\",\"url\":\"https:\\\/\\\/secure.gravatar.com\\\/avatar\\\/769db425c6f465158149f1ffd6cf61ce7a8a879d11dfbef8288af36dfddd418c?s=96&d=mm&r=g\",\"contentUrl\":\"https:\\\/\\\/secure.gravatar.com\\\/avatar\\\/769db425c6f465158149f1ffd6cf61ce7a8a879d11dfbef8288af36dfddd418c?s=96&d=mm&r=g\",\"caption\":\"La r\u00e9daction\"},\"sameAs\":[\"http:\\\/\\\/www.lkeria.com\\\/\"],\"url\":\"https:\\\/\\\/www.info-algerie.com\\\/actualites\\\/author\\\/chakib32\\\/\"}]}<\/script>\n<!-- \/ Yoast SEO plugin. -->","yoast_head_json":{"title":"ONU: Boubacar Keita loue le r\u00f4le de l\u2019Alg\u00e9rie dans la\u00a0conclusion de l&#039;accord de paix au Mali - info algerie","robots":{"index":"index","follow":"follow","max-snippet":"max-snippet:-1","max-image-preview":"max-image-preview:large","max-video-preview":"max-video-preview:-1"},"canonical":"https:\/\/www.info-algerie.com\/actualites\/onu-boubacar-keita-loue-le-role-de-lalgerie-dans-la-conclusion-de-laccord-de-paix-au-mali\/","og_locale":"fr_FR","og_type":"article","og_title":"ONU: Boubacar Keita loue le r\u00f4le de l\u2019Alg\u00e9rie dans la\u00a0conclusion de l&#039;accord de paix au Mali - info algerie","og_description":"NEW YORK- Le pr\u00e9sident malien, Ibrahim Boubacar Keita, a soulign\u00e9 mardi soir \u00e0 New York le r\u00f4le de l\u2019Alg\u00e9rie dans la conclusion de l\u2019accord de paix et de r\u00e9conciliation au Mali qui a permis des r\u00e9sultats\u00a0\u00ab\u00a0fort appr\u00e9ciables\u00a0\u00bb sur la voie de la paix dans son pays. &#013; &#013; \u00ab\u00a0Je voudrais dire encore une fois combien","og_url":"https:\/\/www.info-algerie.com\/actualites\/onu-boubacar-keita-loue-le-role-de-lalgerie-dans-la-conclusion-de-laccord-de-paix-au-mali\/","og_site_name":"info algerie","article_publisher":"https:\/\/www.facebook.com\/infoalgerieactu","article_published_time":"2017-09-20T13:08:07+00:00","og_image":[{"width":280,"height":169,"url":"https:\/\/www.info-algerie.com\/actualites\/wp-content\/uploads\/2017\/09\/9dbea06697471ad06f37ec60c90fec7d_S-1.jpg","type":"image\/jpeg"}],"author":"La r\u00e9daction","twitter_misc":{"\u00c9crit par":"La r\u00e9daction","Dur\u00e9e de lecture estim\u00e9e":"3 minutes"},"schema":{"@context":"https:\/\/schema.org","@graph":[{"@type":"Article","@id":"https:\/\/www.info-algerie.com\/actualites\/onu-boubacar-keita-loue-le-role-de-lalgerie-dans-la-conclusion-de-laccord-de-paix-au-mali\/#article","isPartOf":{"@id":"https:\/\/www.info-algerie.com\/actualites\/onu-boubacar-keita-loue-le-role-de-lalgerie-dans-la-conclusion-de-laccord-de-paix-au-mali\/"},"author":{"name":"La r\u00e9daction","@id":"https:\/\/www.info-algerie.com\/actualites\/#\/schema\/person\/847aaec44920825b843a08f30ec6aa1e"},"headline":"ONU: Boubacar Keita loue le r\u00f4le de l\u2019Alg\u00e9rie dans la\u00a0conclusion de l&#039;accord de paix au Mali","datePublished":"2017-09-20T13:08:07+00:00","mainEntityOfPage":{"@id":"https:\/\/www.info-algerie.com\/actualites\/onu-boubacar-keita-loue-le-role-de-lalgerie-dans-la-conclusion-de-laccord-de-paix-au-mali\/"},"wordCount":722,"commentCount":0,"publisher":{"@id":"https:\/\/www.info-algerie.com\/actualites\/#organization"},"image":{"@id":"https:\/\/www.info-algerie.com\/actualites\/onu-boubacar-keita-loue-le-role-de-lalgerie-dans-la-conclusion-de-laccord-de-paix-au-mali\/#primaryimage"},"thumbnailUrl":"https:\/\/www.info-algerie.com\/actualites\/wp-content\/uploads\/2017\/09\/9dbea06697471ad06f37ec60c90fec7d_S-1.jpg","keywords":["ONU"],"articleSection":["infos"],"inLanguage":"fr-FR","potentialAction":[{"@type":"CommentAction","name":"Comment","target":["https:\/\/www.info-algerie.com\/actualites\/onu-boubacar-keita-loue-le-role-de-lalgerie-dans-la-conclusion-de-laccord-de-paix-au-mali\/#respond"]}]},{"@type":"WebPage","@id":"https:\/\/www.info-algerie.com\/actualites\/onu-boubacar-keita-loue-le-role-de-lalgerie-dans-la-conclusion-de-laccord-de-paix-au-mali\/","url":"https:\/\/www.info-algerie.com\/actualites\/onu-boubacar-keita-loue-le-role-de-lalgerie-dans-la-conclusion-de-laccord-de-paix-au-mali\/","name":"ONU: Boubacar Keita loue le r\u00f4le de l\u2019Alg\u00e9rie dans la\u00a0conclusion de l&#039;accord de paix au Mali - info algerie","isPartOf":{"@id":"https:\/\/www.info-algerie.com\/actualites\/#website"},"primaryImageOfPage":{"@id":"https:\/\/www.info-algerie.com\/actualites\/onu-boubacar-keita-loue-le-role-de-lalgerie-dans-la-conclusion-de-laccord-de-paix-au-mali\/#primaryimage"},"image":{"@id":"https:\/\/www.info-algerie.com\/actualites\/onu-boubacar-keita-loue-le-role-de-lalgerie-dans-la-conclusion-de-laccord-de-paix-au-mali\/#primaryimage"},"thumbnailUrl":"https:\/\/www.info-algerie.com\/actualites\/wp-content\/uploads\/2017\/09\/9dbea06697471ad06f37ec60c90fec7d_S-1.jpg","datePublished":"2017-09-20T13:08:07+00:00","breadcrumb":{"@id":"https:\/\/www.info-algerie.com\/actualites\/onu-boubacar-keita-loue-le-role-de-lalgerie-dans-la-conclusion-de-laccord-de-paix-au-mali\/#breadcrumb"},"inLanguage":"fr-FR","potentialAction":[{"@type":"ReadAction","target":["https:\/\/www.info-algerie.com\/actualites\/onu-boubacar-keita-loue-le-role-de-lalgerie-dans-la-conclusion-de-laccord-de-paix-au-mali\/"]}]},{"@type":"ImageObject","inLanguage":"fr-FR","@id":"https:\/\/www.info-algerie.com\/actualites\/onu-boubacar-keita-loue-le-role-de-lalgerie-dans-la-conclusion-de-laccord-de-paix-au-mali\/#primaryimage","url":"https:\/\/www.info-algerie.com\/actualites\/wp-content\/uploads\/2017\/09\/9dbea06697471ad06f37ec60c90fec7d_S-1.jpg","contentUrl":"https:\/\/www.info-algerie.com\/actualites\/wp-content\/uploads\/2017\/09\/9dbea06697471ad06f37ec60c90fec7d_S-1.jpg","width":280,"height":169},{"@type":"BreadcrumbList","@id":"https:\/\/www.info-algerie.com\/actualites\/onu-boubacar-keita-loue-le-role-de-lalgerie-dans-la-conclusion-de-laccord-de-paix-au-mali\/#breadcrumb","itemListElement":[{"@type":"ListItem","position":1,"name":"Accueil","item":"https:\/\/www.info-algerie.com\/actualites\/"},{"@type":"ListItem","position":2,"name":"ONU: Boubacar Keita loue le r\u00f4le de l\u2019Alg\u00e9rie dans la\u00a0conclusion de l&#039;accord de paix au Mali"}]},{"@type":"WebSite","@id":"https:\/\/www.info-algerie.com\/actualites\/#website","url":"https:\/\/www.info-algerie.com\/actualites\/","name":"info algerie","description":"Toutes les actualit\u00e9s","publisher":{"@id":"https:\/\/www.info-algerie.com\/actualites\/#organization"},"potentialAction":[{"@type":"SearchAction","target":{"@type":"EntryPoint","urlTemplate":"https:\/\/www.info-algerie.com\/actualites\/?s={search_term_string}"},"query-input":{"@type":"PropertyValueSpecification","valueRequired":true,"valueName":"search_term_string"}}],"inLanguage":"fr-FR"},{"@type":"Organization","@id":"https:\/\/www.info-algerie.com\/actualites\/#organization","name":"info algerie","url":"https:\/\/www.info-algerie.com\/actualites\/","logo":{"@type":"ImageObject","inLanguage":"fr-FR","@id":"https:\/\/www.info-algerie.com\/actualites\/#\/schema\/logo\/image\/","url":"https:\/\/www.info-algerie.com\/actualites\/wp-content\/uploads\/2022\/07\/logo-ia-120.png","contentUrl":"https:\/\/www.info-algerie.com\/actualites\/wp-content\/uploads\/2022\/07\/logo-ia-120.png","width":120,"height":43,"caption":"info algerie"},"image":{"@id":"https:\/\/www.info-algerie.com\/actualites\/#\/schema\/logo\/image\/"},"sameAs":["https:\/\/www.facebook.com\/infoalgerieactu","https:\/\/x.com\/infoalgerie1"]},{"@type":"Person","@id":"https:\/\/www.info-algerie.com\/actualites\/#\/schema\/person\/847aaec44920825b843a08f30ec6aa1e","name":"La r\u00e9daction","image":{"@type":"ImageObject","inLanguage":"fr-FR","@id":"https:\/\/secure.gravatar.com\/avatar\/769db425c6f465158149f1ffd6cf61ce7a8a879d11dfbef8288af36dfddd418c?s=96&d=mm&r=g","url":"https:\/\/secure.gravatar.com\/avatar\/769db425c6f465158149f1ffd6cf61ce7a8a879d11dfbef8288af36dfddd418c?s=96&d=mm&r=g","contentUrl":"https:\/\/secure.gravatar.com\/avatar\/769db425c6f465158149f1ffd6cf61ce7a8a879d11dfbef8288af36dfddd418c?s=96&d=mm&r=g","caption":"La r\u00e9daction"},"sameAs":["http:\/\/www.lkeria.com\/"],"url":"https:\/\/www.info-algerie.com\/actualites\/author\/chakib32\/"}]}},"_links":{"self":[{"href":"https:\/\/www.info-algerie.com\/actualites\/wp-json\/wp\/v2\/posts\/16093","targetHints":{"allow":["GET"]}}],"collection":[{"href":"https:\/\/www.info-algerie.com\/actualites\/wp-json\/wp\/v2\/posts"}],"about":[{"href":"https:\/\/www.info-algerie.com\/actualites\/wp-json\/wp\/v2\/types\/post"}],"author":[{"embeddable":true,"href":"https:\/\/www.info-algerie.com\/actualites\/wp-json\/wp\/v2\/users\/6"}],"replies":[{"embeddable":true,"href":"https:\/\/www.info-algerie.com\/actualites\/wp-json\/wp\/v2\/comments?post=16093"}],"version-history":[{"count":0,"href":"https:\/\/www.info-algerie.com\/actualites\/wp-json\/wp\/v2\/posts\/16093\/revisions"}],"wp:featuredmedia":[{"embeddable":true,"href":"https:\/\/www.info-algerie.com\/actualites\/wp-json\/wp\/v2\/media\/16094"}],"wp:attachment":[{"href":"https:\/\/www.info-algerie.com\/actualites\/wp-json\/wp\/v2\/media?parent=16093"}],"wp:term":[{"taxonomy":"category","embeddable":true,"href":"https:\/\/www.info-algerie.com\/actualites\/wp-json\/wp\/v2\/categories?post=16093"},{"taxonomy":"post_tag","embeddable":true,"href":"https:\/\/www.info-algerie.com\/actualites\/wp-json\/wp\/v2\/tags?post=16093"}],"curies":[{"name":"wp","href":"https:\/\/api.w.org\/{rel}","templated":true}]}}