{"id":16095,"date":"2017-09-20T15:46:14","date_gmt":"2017-09-20T14:46:14","guid":{"rendered":"http:\/\/www.info-algerie.com\/actualites\/elections-locales-prolongation-des-heures-de-travail-des-magistrats-et-des-presidents-des-commissions-administratives-electorales\/"},"modified":"2017-09-20T15:46:14","modified_gmt":"2017-09-20T14:46:14","slug":"elections-locales-prolongation-des-heures-de-travail-des-magistrats-et-des-presidents-des-commissions-administratives-electorales","status":"publish","type":"post","link":"https:\/\/www.info-algerie.com\/actualites\/elections-locales-prolongation-des-heures-de-travail-des-magistrats-et-des-presidents-des-commissions-administratives-electorales\/","title":{"rendered":"Elections locales: prolongation des heures de travail des magistrats et des\u00a0pr\u00e9sidents des Commissions administratives \u00e9lectorales \u00a0  \u00a0"},"content":{"rendered":"<div class=\"K2FeedIntroText\">\n<p class=\"MsoNormal\">ALGER- Le <a href=\"https:\/\/www.mjustice.dz\/html\/\" target=\"_blank\">minist\u00e8re de la Justice<\/a> a annonc\u00e9 mercredi la prolongation des heures de travail des <a href=\"http:\/\/www.aps.dz\/algerie\/62934-organisation-des-elections-du-23-novembre-2017-publication-de-quatre-decrets-executifs-jo\" target=\"_blank\">magistrats et des pr\u00e9sidents des Commissions administratives \u00e9lectorales<\/a> au niveau des si\u00e8ges des Assembl\u00e9es populaires communales (APC) jusqu&rsquo;\u00e0 21h00 les mercredi, jeudi et vendredi\u00a0et jusqu&rsquo;\u00e0 minuit le samedi prochain.<\/p>\n<p>&#013;\n<\/p><\/div>\n<div class=\"K2FeedFullText\">&#013;<\/p>\n<p>La pr\u00e9sentation des formulaires de souscription des signatures\u00a0 individuelles pour les listes des candidats \u00e0 <a href=\"http:\/\/www.aps.dz\/algerie\/62098-elections-apc-apw-le-president-bouteflika-convoque-le-corps-electoral-pour-le-23-novembre-2017\" target=\"_blank\">l&rsquo;\u00e9lection <\/a>des membres des\u00a0 Assembl\u00e9es populaires communales (APC) et de wilaya (APW) pr\u00e9vue le 23\u00a0 novembre prochain\u00a0 \u00ab\u00a0se poursuivra au niveau des si\u00e8ges des APC jusqu&rsquo;\u00e0\u00a021h00 les mercredi, jeudi et vendredi et jusqu&rsquo;\u00e0 minuit le samedi, dernier\u00a0 d\u00e9lai fix\u00e9 par la loi\u00a0\u00bb, pr\u00e9cise le minist\u00e8re dans un communiqu\u00e9.\u00a0<\/p>\n<p>&#013;<\/p>\n<p>Les formulaires de souscription des signatures individuelles doivent \u00eatre pr\u00e9sent\u00e9s, accompagn\u00e9s d&rsquo;une fiche informatis\u00e9e comportant les informations\u00a0 des signatures, au pr\u00e9sident de la commission administrative \u00e9lectorale\u00a0 territorialement comp\u00e9tente pour l\u2019\u00e9lection des membres des Assembl\u00e9es\u00a0populaires communales (APC) et pour l\u2019\u00e9lection des membres des Assembl\u00e9es\u00a0 populaires de wilayas (APW) au pr\u00e9sident de Commissions administratives \u00e9lectorales de la commune relevant de la wilaya territorialement comp\u00e9tente, ajoute la m\u00eame source.\u00a0<\/p>\n<p>&#013;<\/p>\n<p class=\"MsoNormal\">\u00a0<\/p>\n<\/div>\n<p>&#013;<br \/>\nSource: <a href=\"http:\/\/www.aps.dz\/algerie\/63039-elections-locales-prolongation-des-heures-de-travail-des-magistrats-et-des-presidents-des-commissions-administratives-electorales\" target=\"_blank\">Elections locales: prolongation des heures de travail des magistrats et des\u00a0pr\u00e9sidents des Commissions administratives \u00e9lectorales \u00a0  \u00a0<\/a><\/p>\n<!--CusAds0-->\n<div style=\"font-size: 0px; height: 0px; line-height: 0px; margin: 0; padding: 0; clear: both;\"><\/div>","protected":false},"excerpt":{"rendered":"<p>ALGER- Le minist\u00e8re de la Justice a annonc\u00e9 mercredi la prolongation des heures de travail des magistrats et des pr\u00e9sidents des Commissions administratives \u00e9lectorales au niveau des si\u00e8ges des Assembl\u00e9es populaires communales (APC) jusqu&rsquo;\u00e0 21h00 les mercredi, jeudi et vendredi\u00a0et jusqu&rsquo;\u00e0 minuit le samedi prochain. &#013; &#013; La pr\u00e9sentation des formulaires de souscription des signatures\u00a0<\/p>\n","protected":false},"author":6,"featured_media":0,"comment_status":"open","ping_status":"open","sticky":false,"template":"","format":"standard","meta":{"footnotes":""},"categories":[22],"tags":[93],"class_list":["post-16095","post","type-post","status-publish","format-standard","hentry","category-infos","tag-onu"],"yoast_head":"<!-- This site is optimized with the Yoast SEO plugin v27.5 - https:\/\/yoast.com\/product\/yoast-seo-wordpress\/ -->\n<title>Elections locales: prolongation des heures de travail des magistrats et des\u00a0pr\u00e9sidents des Commissions administratives \u00e9lectorales \u00a0 \u00a0 - info algerie<\/title>\n<meta name=\"robots\" content=\"index, follow, max-snippet:-1, max-image-preview:large, max-video-preview:-1\" \/>\n<link rel=\"canonical\" href=\"https:\/\/www.info-algerie.com\/actualites\/elections-locales-prolongation-des-heures-de-travail-des-magistrats-et-des-presidents-des-commissions-administratives-electorales\/\" \/>\n<meta property=\"og:locale\" content=\"fr_FR\" \/>\n<meta property=\"og:type\" content=\"article\" \/>\n<meta property=\"og:title\" content=\"Elections locales: prolongation des heures de travail des magistrats et des\u00a0pr\u00e9sidents des Commissions administratives \u00e9lectorales \u00a0 \u00a0 - info algerie\" \/>\n<meta property=\"og:description\" content=\"ALGER- Le minist\u00e8re de la Justice a annonc\u00e9 mercredi la prolongation des heures de travail des magistrats et des pr\u00e9sidents des Commissions administratives \u00e9lectorales au niveau des si\u00e8ges des Assembl\u00e9es populaires communales (APC) jusqu&rsquo;\u00e0 21h00 les mercredi, jeudi et vendredi\u00a0et jusqu&rsquo;\u00e0 minuit le samedi prochain. &#013; &#013; La pr\u00e9sentation des formulaires de souscription des signatures\u00a0\" \/>\n<meta property=\"og:url\" content=\"https:\/\/www.info-algerie.com\/actualites\/elections-locales-prolongation-des-heures-de-travail-des-magistrats-et-des-presidents-des-commissions-administratives-electorales\/\" \/>\n<meta property=\"og:site_name\" content=\"info algerie\" \/>\n<meta property=\"article:publisher\" content=\"https:\/\/www.facebook.com\/infoalgerieactu\" \/>\n<meta property=\"article:published_time\" content=\"2017-09-20T14:46:14+00:00\" \/>\n<meta name=\"author\" content=\"La r\u00e9daction\" \/>\n<meta name=\"twitter:label1\" content=\"\u00c9crit par\" \/>\n\t<meta name=\"twitter:data1\" content=\"La r\u00e9daction\" \/>\n\t<meta name=\"twitter:label2\" content=\"Dur\u00e9e de lecture estim\u00e9e\" \/>\n\t<meta name=\"twitter:data2\" content=\"1 minute\" \/>\n<script type=\"application\/ld+json\" class=\"yoast-schema-graph\">{\"@context\":\"https:\\\/\\\/schema.org\",\"@graph\":[{\"@type\":\"Article\",\"@id\":\"https:\\\/\\\/www.info-algerie.com\\\/actualites\\\/elections-locales-prolongation-des-heures-de-travail-des-magistrats-et-des-presidents-des-commissions-administratives-electorales\\\/#article\",\"isPartOf\":{\"@id\":\"https:\\\/\\\/www.info-algerie.com\\\/actualites\\\/elections-locales-prolongation-des-heures-de-travail-des-magistrats-et-des-presidents-des-commissions-administratives-electorales\\\/\"},\"author\":{\"name\":\"La r\u00e9daction\",\"@id\":\"https:\\\/\\\/www.info-algerie.com\\\/actualites\\\/#\\\/schema\\\/person\\\/847aaec44920825b843a08f30ec6aa1e\"},\"headline\":\"Elections locales: prolongation des heures de travail des magistrats et des\u00a0pr\u00e9sidents des Commissions administratives \u00e9lectorales \u00a0 \u00a0\",\"datePublished\":\"2017-09-20T14:46:14+00:00\",\"mainEntityOfPage\":{\"@id\":\"https:\\\/\\\/www.info-algerie.com\\\/actualites\\\/elections-locales-prolongation-des-heures-de-travail-des-magistrats-et-des-presidents-des-commissions-administratives-electorales\\\/\"},\"wordCount\":236,\"commentCount\":0,\"publisher\":{\"@id\":\"https:\\\/\\\/www.info-algerie.com\\\/actualites\\\/#organization\"},\"keywords\":[\"ONU\"],\"articleSection\":[\"infos\"],\"inLanguage\":\"fr-FR\",\"potentialAction\":[{\"@type\":\"CommentAction\",\"name\":\"Comment\",\"target\":[\"https:\\\/\\\/www.info-algerie.com\\\/actualites\\\/elections-locales-prolongation-des-heures-de-travail-des-magistrats-et-des-presidents-des-commissions-administratives-electorales\\\/#respond\"]}]},{\"@type\":\"WebPage\",\"@id\":\"https:\\\/\\\/www.info-algerie.com\\\/actualites\\\/elections-locales-prolongation-des-heures-de-travail-des-magistrats-et-des-presidents-des-commissions-administratives-electorales\\\/\",\"url\":\"https:\\\/\\\/www.info-algerie.com\\\/actualites\\\/elections-locales-prolongation-des-heures-de-travail-des-magistrats-et-des-presidents-des-commissions-administratives-electorales\\\/\",\"name\":\"Elections locales: prolongation des heures de travail des magistrats et des\u00a0pr\u00e9sidents des Commissions administratives \u00e9lectorales \u00a0 \u00a0 - info algerie\",\"isPartOf\":{\"@id\":\"https:\\\/\\\/www.info-algerie.com\\\/actualites\\\/#website\"},\"datePublished\":\"2017-09-20T14:46:14+00:00\",\"breadcrumb\":{\"@id\":\"https:\\\/\\\/www.info-algerie.com\\\/actualites\\\/elections-locales-prolongation-des-heures-de-travail-des-magistrats-et-des-presidents-des-commissions-administratives-electorales\\\/#breadcrumb\"},\"inLanguage\":\"fr-FR\",\"potentialAction\":[{\"@type\":\"ReadAction\",\"target\":[\"https:\\\/\\\/www.info-algerie.com\\\/actualites\\\/elections-locales-prolongation-des-heures-de-travail-des-magistrats-et-des-presidents-des-commissions-administratives-electorales\\\/\"]}]},{\"@type\":\"BreadcrumbList\",\"@id\":\"https:\\\/\\\/www.info-algerie.com\\\/actualites\\\/elections-locales-prolongation-des-heures-de-travail-des-magistrats-et-des-presidents-des-commissions-administratives-electorales\\\/#breadcrumb\",\"itemListElement\":[{\"@type\":\"ListItem\",\"position\":1,\"name\":\"Accueil\",\"item\":\"https:\\\/\\\/www.info-algerie.com\\\/actualites\\\/\"},{\"@type\":\"ListItem\",\"position\":2,\"name\":\"Elections locales: prolongation des heures de travail des magistrats et des\u00a0pr\u00e9sidents des Commissions administratives \u00e9lectorales \u00a0 \u00a0\"}]},{\"@type\":\"WebSite\",\"@id\":\"https:\\\/\\\/www.info-algerie.com\\\/actualites\\\/#website\",\"url\":\"https:\\\/\\\/www.info-algerie.com\\\/actualites\\\/\",\"name\":\"info algerie\",\"description\":\"Toutes les actualit\u00e9s\",\"publisher\":{\"@id\":\"https:\\\/\\\/www.info-algerie.com\\\/actualites\\\/#organization\"},\"potentialAction\":[{\"@type\":\"SearchAction\",\"target\":{\"@type\":\"EntryPoint\",\"urlTemplate\":\"https:\\\/\\\/www.info-algerie.com\\\/actualites\\\/?s={search_term_string}\"},\"query-input\":{\"@type\":\"PropertyValueSpecification\",\"valueRequired\":true,\"valueName\":\"search_term_string\"}}],\"inLanguage\":\"fr-FR\"},{\"@type\":\"Organization\",\"@id\":\"https:\\\/\\\/www.info-algerie.com\\\/actualites\\\/#organization\",\"name\":\"info algerie\",\"url\":\"https:\\\/\\\/www.info-algerie.com\\\/actualites\\\/\",\"logo\":{\"@type\":\"ImageObject\",\"inLanguage\":\"fr-FR\",\"@id\":\"https:\\\/\\\/www.info-algerie.com\\\/actualites\\\/#\\\/schema\\\/logo\\\/image\\\/\",\"url\":\"https:\\\/\\\/www.info-algerie.com\\\/actualites\\\/wp-content\\\/uploads\\\/2022\\\/07\\\/logo-ia-120.png\",\"contentUrl\":\"https:\\\/\\\/www.info-algerie.com\\\/actualites\\\/wp-content\\\/uploads\\\/2022\\\/07\\\/logo-ia-120.png\",\"width\":120,\"height\":43,\"caption\":\"info algerie\"},\"image\":{\"@id\":\"https:\\\/\\\/www.info-algerie.com\\\/actualites\\\/#\\\/schema\\\/logo\\\/image\\\/\"},\"sameAs\":[\"https:\\\/\\\/www.facebook.com\\\/infoalgerieactu\",\"https:\\\/\\\/x.com\\\/infoalgerie1\"]},{\"@type\":\"Person\",\"@id\":\"https:\\\/\\\/www.info-algerie.com\\\/actualites\\\/#\\\/schema\\\/person\\\/847aaec44920825b843a08f30ec6aa1e\",\"name\":\"La r\u00e9daction\",\"image\":{\"@type\":\"ImageObject\",\"inLanguage\":\"fr-FR\",\"@id\":\"https:\\\/\\\/secure.gravatar.com\\\/avatar\\\/769db425c6f465158149f1ffd6cf61ce7a8a879d11dfbef8288af36dfddd418c?s=96&d=mm&r=g\",\"url\":\"https:\\\/\\\/secure.gravatar.com\\\/avatar\\\/769db425c6f465158149f1ffd6cf61ce7a8a879d11dfbef8288af36dfddd418c?s=96&d=mm&r=g\",\"contentUrl\":\"https:\\\/\\\/secure.gravatar.com\\\/avatar\\\/769db425c6f465158149f1ffd6cf61ce7a8a879d11dfbef8288af36dfddd418c?s=96&d=mm&r=g\",\"caption\":\"La r\u00e9daction\"},\"sameAs\":[\"http:\\\/\\\/www.lkeria.com\\\/\"],\"url\":\"https:\\\/\\\/www.info-algerie.com\\\/actualites\\\/author\\\/chakib32\\\/\"}]}<\/script>\n<!-- \/ Yoast SEO plugin. -->","yoast_head_json":{"title":"Elections locales: prolongation des heures de travail des magistrats et des\u00a0pr\u00e9sidents des Commissions administratives \u00e9lectorales \u00a0 \u00a0 - info algerie","robots":{"index":"index","follow":"follow","max-snippet":"max-snippet:-1","max-image-preview":"max-image-preview:large","max-video-preview":"max-video-preview:-1"},"canonical":"https:\/\/www.info-algerie.com\/actualites\/elections-locales-prolongation-des-heures-de-travail-des-magistrats-et-des-presidents-des-commissions-administratives-electorales\/","og_locale":"fr_FR","og_type":"article","og_title":"Elections locales: prolongation des heures de travail des magistrats et des\u00a0pr\u00e9sidents des Commissions administratives \u00e9lectorales \u00a0 \u00a0 - info algerie","og_description":"ALGER- Le minist\u00e8re de la Justice a annonc\u00e9 mercredi la prolongation des heures de travail des magistrats et des pr\u00e9sidents des Commissions administratives \u00e9lectorales au niveau des si\u00e8ges des Assembl\u00e9es populaires communales (APC) jusqu&rsquo;\u00e0 21h00 les mercredi, jeudi et vendredi\u00a0et jusqu&rsquo;\u00e0 minuit le samedi prochain. &#013; &#013; La pr\u00e9sentation des formulaires de souscription des signatures\u00a0","og_url":"https:\/\/www.info-algerie.com\/actualites\/elections-locales-prolongation-des-heures-de-travail-des-magistrats-et-des-presidents-des-commissions-administratives-electorales\/","og_site_name":"info algerie","article_publisher":"https:\/\/www.facebook.com\/infoalgerieactu","article_published_time":"2017-09-20T14:46:14+00:00","author":"La r\u00e9daction","twitter_misc":{"\u00c9crit par":"La r\u00e9daction","Dur\u00e9e de lecture estim\u00e9e":"1 minute"},"schema":{"@context":"https:\/\/schema.org","@graph":[{"@type":"Article","@id":"https:\/\/www.info-algerie.com\/actualites\/elections-locales-prolongation-des-heures-de-travail-des-magistrats-et-des-presidents-des-commissions-administratives-electorales\/#article","isPartOf":{"@id":"https:\/\/www.info-algerie.com\/actualites\/elections-locales-prolongation-des-heures-de-travail-des-magistrats-et-des-presidents-des-commissions-administratives-electorales\/"},"author":{"name":"La r\u00e9daction","@id":"https:\/\/www.info-algerie.com\/actualites\/#\/schema\/person\/847aaec44920825b843a08f30ec6aa1e"},"headline":"Elections locales: prolongation des heures de travail des magistrats et des\u00a0pr\u00e9sidents des Commissions administratives \u00e9lectorales \u00a0 \u00a0","datePublished":"2017-09-20T14:46:14+00:00","mainEntityOfPage":{"@id":"https:\/\/www.info-algerie.com\/actualites\/elections-locales-prolongation-des-heures-de-travail-des-magistrats-et-des-presidents-des-commissions-administratives-electorales\/"},"wordCount":236,"commentCount":0,"publisher":{"@id":"https:\/\/www.info-algerie.com\/actualites\/#organization"},"keywords":["ONU"],"articleSection":["infos"],"inLanguage":"fr-FR","potentialAction":[{"@type":"CommentAction","name":"Comment","target":["https:\/\/www.info-algerie.com\/actualites\/elections-locales-prolongation-des-heures-de-travail-des-magistrats-et-des-presidents-des-commissions-administratives-electorales\/#respond"]}]},{"@type":"WebPage","@id":"https:\/\/www.info-algerie.com\/actualites\/elections-locales-prolongation-des-heures-de-travail-des-magistrats-et-des-presidents-des-commissions-administratives-electorales\/","url":"https:\/\/www.info-algerie.com\/actualites\/elections-locales-prolongation-des-heures-de-travail-des-magistrats-et-des-presidents-des-commissions-administratives-electorales\/","name":"Elections locales: prolongation des heures de travail des magistrats et des\u00a0pr\u00e9sidents des Commissions administratives \u00e9lectorales \u00a0 \u00a0 - info algerie","isPartOf":{"@id":"https:\/\/www.info-algerie.com\/actualites\/#website"},"datePublished":"2017-09-20T14:46:14+00:00","breadcrumb":{"@id":"https:\/\/www.info-algerie.com\/actualites\/elections-locales-prolongation-des-heures-de-travail-des-magistrats-et-des-presidents-des-commissions-administratives-electorales\/#breadcrumb"},"inLanguage":"fr-FR","potentialAction":[{"@type":"ReadAction","target":["https:\/\/www.info-algerie.com\/actualites\/elections-locales-prolongation-des-heures-de-travail-des-magistrats-et-des-presidents-des-commissions-administratives-electorales\/"]}]},{"@type":"BreadcrumbList","@id":"https:\/\/www.info-algerie.com\/actualites\/elections-locales-prolongation-des-heures-de-travail-des-magistrats-et-des-presidents-des-commissions-administratives-electorales\/#breadcrumb","itemListElement":[{"@type":"ListItem","position":1,"name":"Accueil","item":"https:\/\/www.info-algerie.com\/actualites\/"},{"@type":"ListItem","position":2,"name":"Elections locales: prolongation des heures de travail des magistrats et des\u00a0pr\u00e9sidents des Commissions administratives \u00e9lectorales \u00a0 \u00a0"}]},{"@type":"WebSite","@id":"https:\/\/www.info-algerie.com\/actualites\/#website","url":"https:\/\/www.info-algerie.com\/actualites\/","name":"info algerie","description":"Toutes les actualit\u00e9s","publisher":{"@id":"https:\/\/www.info-algerie.com\/actualites\/#organization"},"potentialAction":[{"@type":"SearchAction","target":{"@type":"EntryPoint","urlTemplate":"https:\/\/www.info-algerie.com\/actualites\/?s={search_term_string}"},"query-input":{"@type":"PropertyValueSpecification","valueRequired":true,"valueName":"search_term_string"}}],"inLanguage":"fr-FR"},{"@type":"Organization","@id":"https:\/\/www.info-algerie.com\/actualites\/#organization","name":"info algerie","url":"https:\/\/www.info-algerie.com\/actualites\/","logo":{"@type":"ImageObject","inLanguage":"fr-FR","@id":"https:\/\/www.info-algerie.com\/actualites\/#\/schema\/logo\/image\/","url":"https:\/\/www.info-algerie.com\/actualites\/wp-content\/uploads\/2022\/07\/logo-ia-120.png","contentUrl":"https:\/\/www.info-algerie.com\/actualites\/wp-content\/uploads\/2022\/07\/logo-ia-120.png","width":120,"height":43,"caption":"info algerie"},"image":{"@id":"https:\/\/www.info-algerie.com\/actualites\/#\/schema\/logo\/image\/"},"sameAs":["https:\/\/www.facebook.com\/infoalgerieactu","https:\/\/x.com\/infoalgerie1"]},{"@type":"Person","@id":"https:\/\/www.info-algerie.com\/actualites\/#\/schema\/person\/847aaec44920825b843a08f30ec6aa1e","name":"La r\u00e9daction","image":{"@type":"ImageObject","inLanguage":"fr-FR","@id":"https:\/\/secure.gravatar.com\/avatar\/769db425c6f465158149f1ffd6cf61ce7a8a879d11dfbef8288af36dfddd418c?s=96&d=mm&r=g","url":"https:\/\/secure.gravatar.com\/avatar\/769db425c6f465158149f1ffd6cf61ce7a8a879d11dfbef8288af36dfddd418c?s=96&d=mm&r=g","contentUrl":"https:\/\/secure.gravatar.com\/avatar\/769db425c6f465158149f1ffd6cf61ce7a8a879d11dfbef8288af36dfddd418c?s=96&d=mm&r=g","caption":"La r\u00e9daction"},"sameAs":["http:\/\/www.lkeria.com\/"],"url":"https:\/\/www.info-algerie.com\/actualites\/author\/chakib32\/"}]}},"_links":{"self":[{"href":"https:\/\/www.info-algerie.com\/actualites\/wp-json\/wp\/v2\/posts\/16095","targetHints":{"allow":["GET"]}}],"collection":[{"href":"https:\/\/www.info-algerie.com\/actualites\/wp-json\/wp\/v2\/posts"}],"about":[{"href":"https:\/\/www.info-algerie.com\/actualites\/wp-json\/wp\/v2\/types\/post"}],"author":[{"embeddable":true,"href":"https:\/\/www.info-algerie.com\/actualites\/wp-json\/wp\/v2\/users\/6"}],"replies":[{"embeddable":true,"href":"https:\/\/www.info-algerie.com\/actualites\/wp-json\/wp\/v2\/comments?post=16095"}],"version-history":[{"count":0,"href":"https:\/\/www.info-algerie.com\/actualites\/wp-json\/wp\/v2\/posts\/16095\/revisions"}],"wp:attachment":[{"href":"https:\/\/www.info-algerie.com\/actualites\/wp-json\/wp\/v2\/media?parent=16095"}],"wp:term":[{"taxonomy":"category","embeddable":true,"href":"https:\/\/www.info-algerie.com\/actualites\/wp-json\/wp\/v2\/categories?post=16095"},{"taxonomy":"post_tag","embeddable":true,"href":"https:\/\/www.info-algerie.com\/actualites\/wp-json\/wp\/v2\/tags?post=16095"}],"curies":[{"name":"wp","href":"https:\/\/api.w.org\/{rel}","templated":true}]}}