{"id":16097,"date":"2017-09-20T16:00:52","date_gmt":"2017-09-20T15:00:52","guid":{"rendered":"http:\/\/www.info-algerie.com\/actualites\/le-conseil-de-la-nation-et-le-cndh-coordonnent-leur-action-sur-les-questions-des-droits-de-lhomme-dans-les-fora-internationaux\/"},"modified":"2017-09-20T16:00:52","modified_gmt":"2017-09-20T15:00:52","slug":"le-conseil-de-la-nation-et-le-cndh-coordonnent-leur-action-sur-les-questions-des-droits-de-lhomme-dans-les-fora-internationaux","status":"publish","type":"post","link":"https:\/\/www.info-algerie.com\/actualites\/le-conseil-de-la-nation-et-le-cndh-coordonnent-leur-action-sur-les-questions-des-droits-de-lhomme-dans-les-fora-internationaux\/","title":{"rendered":"Le Conseil de la nation et le CNDH coordonnent leur action sur les\u00a0questions des droits de l&#039;Homme dans les fora internationaux\u00a0"},"content":{"rendered":"<div class=\"K2FeedImage\"><img decoding=\"async\" src=\"https:\/\/www.info-algerie.com\/actualites\/wp-content\/uploads\/2017\/09\/5d5d3c7b3025b75001a595edcb824bf1_S.jpg\" alt=\"Le Conseil de la nation et le CNDH coordonnent leur action sur les&#xA0;questions des droits de l'Homme dans les fora internationaux&#xA0;\" \/><\/div>\n<div class=\"K2FeedIntroText\">\n<p>ALGER- Le pr\u00e9sident du Conseil de la nation, Abdelkader Bensalah, a mis en avant, mercredi \u00e0 Alger lors de sa rencontre avec la pr\u00e9sidente du <a href=\"http:\/\/www.aps.dz\/algerie\/58867-constitutionnalisation-du-cndh-permettre-a-l-algerie-de-renouer-avec-son-classement-en-matiere-de-conformite-aux-principes-de-paris\" target=\"_blank\">Conseil national des droits de l\u2019homme<\/a> (CNDH), Mme\u00a0Benzerrouki Fafa, \u00ab\u00a0la coordination des positions en ce qui concerne les <a href=\"http:\/\/www.aps.dz\/algerie\/60278-rapport-annuel-de-la-cncppdh-l-annee-2016-charniere-pour-les-droits-de-l-homme-en-algerie\" target=\"_blank\">questions des droits de l\u2019Homme,<\/a> notamment dans certains fora\u00a0 internationaux qui exploitent ces m\u00eames questions \u00e0 des fins politiques\u00a0\u00bb.<\/p>\n<p>&#013;\n<\/p><\/div>\n<div class=\"K2FeedFullText\">&#013;<\/p>\n<p>\u00ab\u00a0L&rsquo;entretien a permis de passer en revue les moyens de coop\u00e9ration et de\u00a0 coordination des efforts et des positions entre le Conseil de la nation et\u00a0 le CNDH pour la cristallisation des principes contenus dans la Constitution\u00a0 de 2016, \u00e0 l&rsquo;initiative du pr\u00e9sident de la R\u00e9publique, Abdelaziz\u00a0 Bouteflika\u00a0\u00bb, en mati\u00e8re de protection et de cons\u00e9cration des droits de\u00a0 l\u2019Homme, lit-t-on dans un communiqu\u00e9 du Conseil.\u00a0\u00a0<\/p>\n<p>&#013;<\/p>\n<p>\u00a0<\/p>\n<p>&#013;<\/p>\n<p>A ce propos, M. Bensalah a rappel\u00e9 l\u2019int\u00e9r\u00eat particulier qu\u2019accorde le\u00a0 pr\u00e9sident de la R\u00e9publique \u00e0 la question des droits de l\u2019Homme, saluant sa\u00a0 d\u00e9cision de promouvoir la Commission nationale consultative des droits de\u00a0 l\u2019homme au rang du Conseil national, une institution \u00e0 caract\u00e8re\u00a0constitutionnel.\u00a0<\/p>\n<p>&#013;<\/p>\n<p>\u00a0<\/p>\n<p>&#013;<\/p>\n<p>En outre, les deux responsables ont convenu de l\u2019organisation de journ\u00e9es\u00a0 d&rsquo;\u00e9tudes parlementaires et de conf\u00e9rences pour la promotion de la culture\u00a0 des droits de l\u2019Hommes au sein de la soci\u00e9t\u00e9 et la vulgarisation des\u00a0 principes et dispositions contenus dans la Constitution de 2016, tant en\u00a0faveur de la soci\u00e9t\u00e9 que de l\u2019individu.<\/p>\n<p>&#013;<\/p>\n<p class=\"MsoNormal\">\u00a0<\/p>\n<\/div>\n<p>&#013;<br \/>\nSource: <a href=\"http:\/\/www.aps.dz\/algerie\/63044-le-conseil-de-la-nation-et-le-cndh-coordonnent-leur-action-sur-les-questions-des-droits-de-l-homme-dans-les-fora-internationaux\" target=\"_blank\">Le Conseil de la nation et le CNDH coordonnent leur action sur les\u00a0questions des droits de l&rsquo;Homme dans les fora internationaux\u00a0<\/a><\/p>\n<!--CusAds0-->\n<div style=\"font-size: 0px; height: 0px; line-height: 0px; margin: 0; padding: 0; clear: both;\"><\/div>","protected":false},"excerpt":{"rendered":"<p>ALGER- Le pr\u00e9sident du Conseil de la nation, Abdelkader Bensalah, a mis en avant, mercredi \u00e0 Alger lors de sa rencontre avec la pr\u00e9sidente du Conseil national des droits de l\u2019homme (CNDH), Mme\u00a0Benzerrouki Fafa, \u00ab\u00a0la coordination des positions en ce qui concerne les questions des droits de l\u2019Homme, notamment dans certains fora\u00a0 internationaux qui exploitent<\/p>\n","protected":false},"author":6,"featured_media":16098,"comment_status":"open","ping_status":"open","sticky":false,"template":"","format":"standard","meta":{"footnotes":""},"categories":[22],"tags":[93],"class_list":["post-16097","post","type-post","status-publish","format-standard","has-post-thumbnail","hentry","category-infos","tag-onu"],"yoast_head":"<!-- This site is optimized with the Yoast SEO plugin v27.5 - https:\/\/yoast.com\/product\/yoast-seo-wordpress\/ -->\n<title>Le Conseil de la nation et le CNDH coordonnent leur action sur les\u00a0questions des droits de l&#039;Homme dans les fora internationaux\u00a0 - info algerie<\/title>\n<meta name=\"robots\" content=\"index, follow, max-snippet:-1, max-image-preview:large, max-video-preview:-1\" \/>\n<link rel=\"canonical\" href=\"https:\/\/www.info-algerie.com\/actualites\/le-conseil-de-la-nation-et-le-cndh-coordonnent-leur-action-sur-les-questions-des-droits-de-lhomme-dans-les-fora-internationaux\/\" \/>\n<meta property=\"og:locale\" content=\"fr_FR\" \/>\n<meta property=\"og:type\" content=\"article\" \/>\n<meta property=\"og:title\" content=\"Le Conseil de la nation et le CNDH coordonnent leur action sur les\u00a0questions des droits de l&#039;Homme dans les fora internationaux\u00a0 - info algerie\" \/>\n<meta property=\"og:description\" content=\"ALGER- Le pr\u00e9sident du Conseil de la nation, Abdelkader Bensalah, a mis en avant, mercredi \u00e0 Alger lors de sa rencontre avec la pr\u00e9sidente du Conseil national des droits de l\u2019homme (CNDH), Mme\u00a0Benzerrouki Fafa, \u00ab\u00a0la coordination des positions en ce qui concerne les questions des droits de l\u2019Homme, notamment dans certains fora\u00a0 internationaux qui exploitent\" \/>\n<meta property=\"og:url\" content=\"https:\/\/www.info-algerie.com\/actualites\/le-conseil-de-la-nation-et-le-cndh-coordonnent-leur-action-sur-les-questions-des-droits-de-lhomme-dans-les-fora-internationaux\/\" \/>\n<meta property=\"og:site_name\" content=\"info algerie\" \/>\n<meta property=\"article:publisher\" content=\"https:\/\/www.facebook.com\/infoalgerieactu\" \/>\n<meta property=\"article:published_time\" content=\"2017-09-20T15:00:52+00:00\" \/>\n<meta property=\"og:image\" content=\"https:\/\/www.info-algerie.com\/actualites\/wp-content\/uploads\/2017\/09\/5d5d3c7b3025b75001a595edcb824bf1_S-1.jpg\" \/>\n\t<meta property=\"og:image:width\" content=\"280\" \/>\n\t<meta property=\"og:image:height\" content=\"169\" \/>\n\t<meta property=\"og:image:type\" content=\"image\/jpeg\" \/>\n<meta name=\"author\" content=\"La r\u00e9daction\" \/>\n<meta name=\"twitter:label1\" content=\"\u00c9crit par\" \/>\n\t<meta name=\"twitter:data1\" content=\"La r\u00e9daction\" \/>\n\t<meta name=\"twitter:label2\" content=\"Dur\u00e9e de lecture estim\u00e9e\" \/>\n\t<meta name=\"twitter:data2\" content=\"1 minute\" \/>\n<script type=\"application\/ld+json\" class=\"yoast-schema-graph\">{\"@context\":\"https:\\\/\\\/schema.org\",\"@graph\":[{\"@type\":\"Article\",\"@id\":\"https:\\\/\\\/www.info-algerie.com\\\/actualites\\\/le-conseil-de-la-nation-et-le-cndh-coordonnent-leur-action-sur-les-questions-des-droits-de-lhomme-dans-les-fora-internationaux\\\/#article\",\"isPartOf\":{\"@id\":\"https:\\\/\\\/www.info-algerie.com\\\/actualites\\\/le-conseil-de-la-nation-et-le-cndh-coordonnent-leur-action-sur-les-questions-des-droits-de-lhomme-dans-les-fora-internationaux\\\/\"},\"author\":{\"name\":\"La r\u00e9daction\",\"@id\":\"https:\\\/\\\/www.info-algerie.com\\\/actualites\\\/#\\\/schema\\\/person\\\/847aaec44920825b843a08f30ec6aa1e\"},\"headline\":\"Le Conseil de la nation et le CNDH coordonnent leur action sur les\u00a0questions des droits de l&#039;Homme dans les fora internationaux\u00a0\",\"datePublished\":\"2017-09-20T15:00:52+00:00\",\"mainEntityOfPage\":{\"@id\":\"https:\\\/\\\/www.info-algerie.com\\\/actualites\\\/le-conseil-de-la-nation-et-le-cndh-coordonnent-leur-action-sur-les-questions-des-droits-de-lhomme-dans-les-fora-internationaux\\\/\"},\"wordCount\":297,\"commentCount\":0,\"publisher\":{\"@id\":\"https:\\\/\\\/www.info-algerie.com\\\/actualites\\\/#organization\"},\"image\":{\"@id\":\"https:\\\/\\\/www.info-algerie.com\\\/actualites\\\/le-conseil-de-la-nation-et-le-cndh-coordonnent-leur-action-sur-les-questions-des-droits-de-lhomme-dans-les-fora-internationaux\\\/#primaryimage\"},\"thumbnailUrl\":\"https:\\\/\\\/www.info-algerie.com\\\/actualites\\\/wp-content\\\/uploads\\\/2017\\\/09\\\/5d5d3c7b3025b75001a595edcb824bf1_S-1.jpg\",\"keywords\":[\"ONU\"],\"articleSection\":[\"infos\"],\"inLanguage\":\"fr-FR\",\"potentialAction\":[{\"@type\":\"CommentAction\",\"name\":\"Comment\",\"target\":[\"https:\\\/\\\/www.info-algerie.com\\\/actualites\\\/le-conseil-de-la-nation-et-le-cndh-coordonnent-leur-action-sur-les-questions-des-droits-de-lhomme-dans-les-fora-internationaux\\\/#respond\"]}]},{\"@type\":\"WebPage\",\"@id\":\"https:\\\/\\\/www.info-algerie.com\\\/actualites\\\/le-conseil-de-la-nation-et-le-cndh-coordonnent-leur-action-sur-les-questions-des-droits-de-lhomme-dans-les-fora-internationaux\\\/\",\"url\":\"https:\\\/\\\/www.info-algerie.com\\\/actualites\\\/le-conseil-de-la-nation-et-le-cndh-coordonnent-leur-action-sur-les-questions-des-droits-de-lhomme-dans-les-fora-internationaux\\\/\",\"name\":\"Le Conseil de la nation et le CNDH coordonnent leur action sur les\u00a0questions des droits de l&#039;Homme dans les fora internationaux\u00a0 - info algerie\",\"isPartOf\":{\"@id\":\"https:\\\/\\\/www.info-algerie.com\\\/actualites\\\/#website\"},\"primaryImageOfPage\":{\"@id\":\"https:\\\/\\\/www.info-algerie.com\\\/actualites\\\/le-conseil-de-la-nation-et-le-cndh-coordonnent-leur-action-sur-les-questions-des-droits-de-lhomme-dans-les-fora-internationaux\\\/#primaryimage\"},\"image\":{\"@id\":\"https:\\\/\\\/www.info-algerie.com\\\/actualites\\\/le-conseil-de-la-nation-et-le-cndh-coordonnent-leur-action-sur-les-questions-des-droits-de-lhomme-dans-les-fora-internationaux\\\/#primaryimage\"},\"thumbnailUrl\":\"https:\\\/\\\/www.info-algerie.com\\\/actualites\\\/wp-content\\\/uploads\\\/2017\\\/09\\\/5d5d3c7b3025b75001a595edcb824bf1_S-1.jpg\",\"datePublished\":\"2017-09-20T15:00:52+00:00\",\"breadcrumb\":{\"@id\":\"https:\\\/\\\/www.info-algerie.com\\\/actualites\\\/le-conseil-de-la-nation-et-le-cndh-coordonnent-leur-action-sur-les-questions-des-droits-de-lhomme-dans-les-fora-internationaux\\\/#breadcrumb\"},\"inLanguage\":\"fr-FR\",\"potentialAction\":[{\"@type\":\"ReadAction\",\"target\":[\"https:\\\/\\\/www.info-algerie.com\\\/actualites\\\/le-conseil-de-la-nation-et-le-cndh-coordonnent-leur-action-sur-les-questions-des-droits-de-lhomme-dans-les-fora-internationaux\\\/\"]}]},{\"@type\":\"ImageObject\",\"inLanguage\":\"fr-FR\",\"@id\":\"https:\\\/\\\/www.info-algerie.com\\\/actualites\\\/le-conseil-de-la-nation-et-le-cndh-coordonnent-leur-action-sur-les-questions-des-droits-de-lhomme-dans-les-fora-internationaux\\\/#primaryimage\",\"url\":\"https:\\\/\\\/www.info-algerie.com\\\/actualites\\\/wp-content\\\/uploads\\\/2017\\\/09\\\/5d5d3c7b3025b75001a595edcb824bf1_S-1.jpg\",\"contentUrl\":\"https:\\\/\\\/www.info-algerie.com\\\/actualites\\\/wp-content\\\/uploads\\\/2017\\\/09\\\/5d5d3c7b3025b75001a595edcb824bf1_S-1.jpg\",\"width\":280,\"height\":169},{\"@type\":\"BreadcrumbList\",\"@id\":\"https:\\\/\\\/www.info-algerie.com\\\/actualites\\\/le-conseil-de-la-nation-et-le-cndh-coordonnent-leur-action-sur-les-questions-des-droits-de-lhomme-dans-les-fora-internationaux\\\/#breadcrumb\",\"itemListElement\":[{\"@type\":\"ListItem\",\"position\":1,\"name\":\"Accueil\",\"item\":\"https:\\\/\\\/www.info-algerie.com\\\/actualites\\\/\"},{\"@type\":\"ListItem\",\"position\":2,\"name\":\"Le Conseil de la nation et le CNDH coordonnent leur action sur les\u00a0questions des droits de l&#039;Homme dans les fora internationaux\u00a0\"}]},{\"@type\":\"WebSite\",\"@id\":\"https:\\\/\\\/www.info-algerie.com\\\/actualites\\\/#website\",\"url\":\"https:\\\/\\\/www.info-algerie.com\\\/actualites\\\/\",\"name\":\"info algerie\",\"description\":\"Toutes les actualit\u00e9s\",\"publisher\":{\"@id\":\"https:\\\/\\\/www.info-algerie.com\\\/actualites\\\/#organization\"},\"potentialAction\":[{\"@type\":\"SearchAction\",\"target\":{\"@type\":\"EntryPoint\",\"urlTemplate\":\"https:\\\/\\\/www.info-algerie.com\\\/actualites\\\/?s={search_term_string}\"},\"query-input\":{\"@type\":\"PropertyValueSpecification\",\"valueRequired\":true,\"valueName\":\"search_term_string\"}}],\"inLanguage\":\"fr-FR\"},{\"@type\":\"Organization\",\"@id\":\"https:\\\/\\\/www.info-algerie.com\\\/actualites\\\/#organization\",\"name\":\"info algerie\",\"url\":\"https:\\\/\\\/www.info-algerie.com\\\/actualites\\\/\",\"logo\":{\"@type\":\"ImageObject\",\"inLanguage\":\"fr-FR\",\"@id\":\"https:\\\/\\\/www.info-algerie.com\\\/actualites\\\/#\\\/schema\\\/logo\\\/image\\\/\",\"url\":\"https:\\\/\\\/www.info-algerie.com\\\/actualites\\\/wp-content\\\/uploads\\\/2022\\\/07\\\/logo-ia-120.png\",\"contentUrl\":\"https:\\\/\\\/www.info-algerie.com\\\/actualites\\\/wp-content\\\/uploads\\\/2022\\\/07\\\/logo-ia-120.png\",\"width\":120,\"height\":43,\"caption\":\"info algerie\"},\"image\":{\"@id\":\"https:\\\/\\\/www.info-algerie.com\\\/actualites\\\/#\\\/schema\\\/logo\\\/image\\\/\"},\"sameAs\":[\"https:\\\/\\\/www.facebook.com\\\/infoalgerieactu\",\"https:\\\/\\\/x.com\\\/infoalgerie1\"]},{\"@type\":\"Person\",\"@id\":\"https:\\\/\\\/www.info-algerie.com\\\/actualites\\\/#\\\/schema\\\/person\\\/847aaec44920825b843a08f30ec6aa1e\",\"name\":\"La r\u00e9daction\",\"image\":{\"@type\":\"ImageObject\",\"inLanguage\":\"fr-FR\",\"@id\":\"https:\\\/\\\/secure.gravatar.com\\\/avatar\\\/769db425c6f465158149f1ffd6cf61ce7a8a879d11dfbef8288af36dfddd418c?s=96&d=mm&r=g\",\"url\":\"https:\\\/\\\/secure.gravatar.com\\\/avatar\\\/769db425c6f465158149f1ffd6cf61ce7a8a879d11dfbef8288af36dfddd418c?s=96&d=mm&r=g\",\"contentUrl\":\"https:\\\/\\\/secure.gravatar.com\\\/avatar\\\/769db425c6f465158149f1ffd6cf61ce7a8a879d11dfbef8288af36dfddd418c?s=96&d=mm&r=g\",\"caption\":\"La r\u00e9daction\"},\"sameAs\":[\"http:\\\/\\\/www.lkeria.com\\\/\"],\"url\":\"https:\\\/\\\/www.info-algerie.com\\\/actualites\\\/author\\\/chakib32\\\/\"}]}<\/script>\n<!-- \/ Yoast SEO plugin. -->","yoast_head_json":{"title":"Le Conseil de la nation et le CNDH coordonnent leur action sur les\u00a0questions des droits de l&#039;Homme dans les fora internationaux\u00a0 - info algerie","robots":{"index":"index","follow":"follow","max-snippet":"max-snippet:-1","max-image-preview":"max-image-preview:large","max-video-preview":"max-video-preview:-1"},"canonical":"https:\/\/www.info-algerie.com\/actualites\/le-conseil-de-la-nation-et-le-cndh-coordonnent-leur-action-sur-les-questions-des-droits-de-lhomme-dans-les-fora-internationaux\/","og_locale":"fr_FR","og_type":"article","og_title":"Le Conseil de la nation et le CNDH coordonnent leur action sur les\u00a0questions des droits de l&#039;Homme dans les fora internationaux\u00a0 - info algerie","og_description":"ALGER- Le pr\u00e9sident du Conseil de la nation, Abdelkader Bensalah, a mis en avant, mercredi \u00e0 Alger lors de sa rencontre avec la pr\u00e9sidente du Conseil national des droits de l\u2019homme (CNDH), Mme\u00a0Benzerrouki Fafa, \u00ab\u00a0la coordination des positions en ce qui concerne les questions des droits de l\u2019Homme, notamment dans certains fora\u00a0 internationaux qui exploitent","og_url":"https:\/\/www.info-algerie.com\/actualites\/le-conseil-de-la-nation-et-le-cndh-coordonnent-leur-action-sur-les-questions-des-droits-de-lhomme-dans-les-fora-internationaux\/","og_site_name":"info algerie","article_publisher":"https:\/\/www.facebook.com\/infoalgerieactu","article_published_time":"2017-09-20T15:00:52+00:00","og_image":[{"width":280,"height":169,"url":"https:\/\/www.info-algerie.com\/actualites\/wp-content\/uploads\/2017\/09\/5d5d3c7b3025b75001a595edcb824bf1_S-1.jpg","type":"image\/jpeg"}],"author":"La r\u00e9daction","twitter_misc":{"\u00c9crit par":"La r\u00e9daction","Dur\u00e9e de lecture estim\u00e9e":"1 minute"},"schema":{"@context":"https:\/\/schema.org","@graph":[{"@type":"Article","@id":"https:\/\/www.info-algerie.com\/actualites\/le-conseil-de-la-nation-et-le-cndh-coordonnent-leur-action-sur-les-questions-des-droits-de-lhomme-dans-les-fora-internationaux\/#article","isPartOf":{"@id":"https:\/\/www.info-algerie.com\/actualites\/le-conseil-de-la-nation-et-le-cndh-coordonnent-leur-action-sur-les-questions-des-droits-de-lhomme-dans-les-fora-internationaux\/"},"author":{"name":"La r\u00e9daction","@id":"https:\/\/www.info-algerie.com\/actualites\/#\/schema\/person\/847aaec44920825b843a08f30ec6aa1e"},"headline":"Le Conseil de la nation et le CNDH coordonnent leur action sur les\u00a0questions des droits de l&#039;Homme dans les fora internationaux\u00a0","datePublished":"2017-09-20T15:00:52+00:00","mainEntityOfPage":{"@id":"https:\/\/www.info-algerie.com\/actualites\/le-conseil-de-la-nation-et-le-cndh-coordonnent-leur-action-sur-les-questions-des-droits-de-lhomme-dans-les-fora-internationaux\/"},"wordCount":297,"commentCount":0,"publisher":{"@id":"https:\/\/www.info-algerie.com\/actualites\/#organization"},"image":{"@id":"https:\/\/www.info-algerie.com\/actualites\/le-conseil-de-la-nation-et-le-cndh-coordonnent-leur-action-sur-les-questions-des-droits-de-lhomme-dans-les-fora-internationaux\/#primaryimage"},"thumbnailUrl":"https:\/\/www.info-algerie.com\/actualites\/wp-content\/uploads\/2017\/09\/5d5d3c7b3025b75001a595edcb824bf1_S-1.jpg","keywords":["ONU"],"articleSection":["infos"],"inLanguage":"fr-FR","potentialAction":[{"@type":"CommentAction","name":"Comment","target":["https:\/\/www.info-algerie.com\/actualites\/le-conseil-de-la-nation-et-le-cndh-coordonnent-leur-action-sur-les-questions-des-droits-de-lhomme-dans-les-fora-internationaux\/#respond"]}]},{"@type":"WebPage","@id":"https:\/\/www.info-algerie.com\/actualites\/le-conseil-de-la-nation-et-le-cndh-coordonnent-leur-action-sur-les-questions-des-droits-de-lhomme-dans-les-fora-internationaux\/","url":"https:\/\/www.info-algerie.com\/actualites\/le-conseil-de-la-nation-et-le-cndh-coordonnent-leur-action-sur-les-questions-des-droits-de-lhomme-dans-les-fora-internationaux\/","name":"Le Conseil de la nation et le CNDH coordonnent leur action sur les\u00a0questions des droits de l&#039;Homme dans les fora internationaux\u00a0 - info algerie","isPartOf":{"@id":"https:\/\/www.info-algerie.com\/actualites\/#website"},"primaryImageOfPage":{"@id":"https:\/\/www.info-algerie.com\/actualites\/le-conseil-de-la-nation-et-le-cndh-coordonnent-leur-action-sur-les-questions-des-droits-de-lhomme-dans-les-fora-internationaux\/#primaryimage"},"image":{"@id":"https:\/\/www.info-algerie.com\/actualites\/le-conseil-de-la-nation-et-le-cndh-coordonnent-leur-action-sur-les-questions-des-droits-de-lhomme-dans-les-fora-internationaux\/#primaryimage"},"thumbnailUrl":"https:\/\/www.info-algerie.com\/actualites\/wp-content\/uploads\/2017\/09\/5d5d3c7b3025b75001a595edcb824bf1_S-1.jpg","datePublished":"2017-09-20T15:00:52+00:00","breadcrumb":{"@id":"https:\/\/www.info-algerie.com\/actualites\/le-conseil-de-la-nation-et-le-cndh-coordonnent-leur-action-sur-les-questions-des-droits-de-lhomme-dans-les-fora-internationaux\/#breadcrumb"},"inLanguage":"fr-FR","potentialAction":[{"@type":"ReadAction","target":["https:\/\/www.info-algerie.com\/actualites\/le-conseil-de-la-nation-et-le-cndh-coordonnent-leur-action-sur-les-questions-des-droits-de-lhomme-dans-les-fora-internationaux\/"]}]},{"@type":"ImageObject","inLanguage":"fr-FR","@id":"https:\/\/www.info-algerie.com\/actualites\/le-conseil-de-la-nation-et-le-cndh-coordonnent-leur-action-sur-les-questions-des-droits-de-lhomme-dans-les-fora-internationaux\/#primaryimage","url":"https:\/\/www.info-algerie.com\/actualites\/wp-content\/uploads\/2017\/09\/5d5d3c7b3025b75001a595edcb824bf1_S-1.jpg","contentUrl":"https:\/\/www.info-algerie.com\/actualites\/wp-content\/uploads\/2017\/09\/5d5d3c7b3025b75001a595edcb824bf1_S-1.jpg","width":280,"height":169},{"@type":"BreadcrumbList","@id":"https:\/\/www.info-algerie.com\/actualites\/le-conseil-de-la-nation-et-le-cndh-coordonnent-leur-action-sur-les-questions-des-droits-de-lhomme-dans-les-fora-internationaux\/#breadcrumb","itemListElement":[{"@type":"ListItem","position":1,"name":"Accueil","item":"https:\/\/www.info-algerie.com\/actualites\/"},{"@type":"ListItem","position":2,"name":"Le Conseil de la nation et le CNDH coordonnent leur action sur les\u00a0questions des droits de l&#039;Homme dans les fora internationaux\u00a0"}]},{"@type":"WebSite","@id":"https:\/\/www.info-algerie.com\/actualites\/#website","url":"https:\/\/www.info-algerie.com\/actualites\/","name":"info algerie","description":"Toutes les actualit\u00e9s","publisher":{"@id":"https:\/\/www.info-algerie.com\/actualites\/#organization"},"potentialAction":[{"@type":"SearchAction","target":{"@type":"EntryPoint","urlTemplate":"https:\/\/www.info-algerie.com\/actualites\/?s={search_term_string}"},"query-input":{"@type":"PropertyValueSpecification","valueRequired":true,"valueName":"search_term_string"}}],"inLanguage":"fr-FR"},{"@type":"Organization","@id":"https:\/\/www.info-algerie.com\/actualites\/#organization","name":"info algerie","url":"https:\/\/www.info-algerie.com\/actualites\/","logo":{"@type":"ImageObject","inLanguage":"fr-FR","@id":"https:\/\/www.info-algerie.com\/actualites\/#\/schema\/logo\/image\/","url":"https:\/\/www.info-algerie.com\/actualites\/wp-content\/uploads\/2022\/07\/logo-ia-120.png","contentUrl":"https:\/\/www.info-algerie.com\/actualites\/wp-content\/uploads\/2022\/07\/logo-ia-120.png","width":120,"height":43,"caption":"info algerie"},"image":{"@id":"https:\/\/www.info-algerie.com\/actualites\/#\/schema\/logo\/image\/"},"sameAs":["https:\/\/www.facebook.com\/infoalgerieactu","https:\/\/x.com\/infoalgerie1"]},{"@type":"Person","@id":"https:\/\/www.info-algerie.com\/actualites\/#\/schema\/person\/847aaec44920825b843a08f30ec6aa1e","name":"La r\u00e9daction","image":{"@type":"ImageObject","inLanguage":"fr-FR","@id":"https:\/\/secure.gravatar.com\/avatar\/769db425c6f465158149f1ffd6cf61ce7a8a879d11dfbef8288af36dfddd418c?s=96&d=mm&r=g","url":"https:\/\/secure.gravatar.com\/avatar\/769db425c6f465158149f1ffd6cf61ce7a8a879d11dfbef8288af36dfddd418c?s=96&d=mm&r=g","contentUrl":"https:\/\/secure.gravatar.com\/avatar\/769db425c6f465158149f1ffd6cf61ce7a8a879d11dfbef8288af36dfddd418c?s=96&d=mm&r=g","caption":"La r\u00e9daction"},"sameAs":["http:\/\/www.lkeria.com\/"],"url":"https:\/\/www.info-algerie.com\/actualites\/author\/chakib32\/"}]}},"_links":{"self":[{"href":"https:\/\/www.info-algerie.com\/actualites\/wp-json\/wp\/v2\/posts\/16097","targetHints":{"allow":["GET"]}}],"collection":[{"href":"https:\/\/www.info-algerie.com\/actualites\/wp-json\/wp\/v2\/posts"}],"about":[{"href":"https:\/\/www.info-algerie.com\/actualites\/wp-json\/wp\/v2\/types\/post"}],"author":[{"embeddable":true,"href":"https:\/\/www.info-algerie.com\/actualites\/wp-json\/wp\/v2\/users\/6"}],"replies":[{"embeddable":true,"href":"https:\/\/www.info-algerie.com\/actualites\/wp-json\/wp\/v2\/comments?post=16097"}],"version-history":[{"count":0,"href":"https:\/\/www.info-algerie.com\/actualites\/wp-json\/wp\/v2\/posts\/16097\/revisions"}],"wp:featuredmedia":[{"embeddable":true,"href":"https:\/\/www.info-algerie.com\/actualites\/wp-json\/wp\/v2\/media\/16098"}],"wp:attachment":[{"href":"https:\/\/www.info-algerie.com\/actualites\/wp-json\/wp\/v2\/media?parent=16097"}],"wp:term":[{"taxonomy":"category","embeddable":true,"href":"https:\/\/www.info-algerie.com\/actualites\/wp-json\/wp\/v2\/categories?post=16097"},{"taxonomy":"post_tag","embeddable":true,"href":"https:\/\/www.info-algerie.com\/actualites\/wp-json\/wp\/v2\/tags?post=16097"}],"curies":[{"name":"wp","href":"https:\/\/api.w.org\/{rel}","templated":true}]}}