{"id":16100,"date":"2017-09-20T16:00:38","date_gmt":"2017-09-20T15:00:38","guid":{"rendered":"http:\/\/www.info-algerie.com\/actualites\/visas-dentree-en-france-pour-les-algeriens-mesures-dallegement-exceptionnelles\/"},"modified":"2017-09-20T16:00:38","modified_gmt":"2017-09-20T15:00:38","slug":"visas-dentree-en-france-pour-les-algeriens-mesures-dallegement-exceptionnelles","status":"publish","type":"post","link":"https:\/\/www.info-algerie.com\/actualites\/visas-dentree-en-france-pour-les-algeriens-mesures-dallegement-exceptionnelles\/","title":{"rendered":"Visas d&#039;entr\u00e9e en France pour les Alg\u00e9riens: mesures d\u2019all\u00e8gement exceptionnelles"},"content":{"rendered":"<div class=\"K2FeedImage\"><img decoding=\"async\" src=\"https:\/\/www.info-algerie.com\/actualites\/wp-content\/uploads\/2017\/09\/98ebeee89352b162ada0cf1328bf5e2b_S.jpg\" alt=\"Visas d'entr&#xE9;e en France pour les Alg&#xE9;riens: mesures d&#x2019;all&#xE8;gement exceptionnelles\" \/><\/div>\n<div class=\"K2FeedIntroText\">\n<p>ALGER-\u00a0 Des mesures d&rsquo;urgence ont \u00e9t\u00e9 prises par l&rsquo;<a href=\"https:\/\/dz.ambafrance.org\/\" target=\"_blank\">ambassade de France<\/a> \u00e0 Alger afin de permettre de prendre un rendez-vous\u00a0 de demande de visa dans un d\u00e9lai de 15 jours, a indiqu\u00e9 mercredi \u00e0 Alger\u00a0l&rsquo;ambassadeur de France, Xavier Driencourt.<\/p>\n<p>&#013;\n<\/p><\/div>\n<div class=\"K2FeedFullText\">&#013;<\/p>\n<blockquote><p>&#013;<\/p>\n<p><em><strong>Intervenant \u00e0 l&rsquo;occasion d&rsquo;un point de presse anim\u00e9 au si\u00e8ge de l&rsquo;ambassade, M. Driencourt a pr\u00e9cis\u00e9 que les rendez-vous propos\u00e9s par <a href=\"https:\/\/fr.tlscontact.com\/dz\/alg\/login.php\" target=\"_blank\">TLS-contact <\/a>ont tous \u00e9t\u00e9 r\u00e9serv\u00e9s par des demandeurs jusqu&rsquo;au 31 janvier\u00a0 2018, ce qui repr\u00e9sente \u00ab\u00a0pr\u00e8s de 130 000 rendez-vous bloqu\u00e9s, dont une\u00a0partie importante a certainement \u00e9t\u00e9 r\u00e9serv\u00e9e par des interm\u00e9diaires\u00a0ind\u00e9licats\u00a0\u00bb.<\/strong><\/em><\/p>\n<p>&#013;\n<\/p><\/blockquote>\n<p>&#013;<\/p>\n<p>\u00ab\u00a0Au vu de cette situation, des mesures d&rsquo;urgence ont \u00e9t\u00e9 prises. Depuis le\u00a0 17 septembre 2017, plusieurs centaines de cr\u00e9neaux journaliers ont \u00e9t\u00e9\u00a0 ouverts au public afin de prendre un rendez-vous dans un d\u00e9lai de 15\u00a0 jours\u00a0\u00bb, a expliqu\u00e9 l&rsquo;ambassadeur, soulignant que \u00ab\u00a0ce syst\u00e8me sera p\u00e9rennis\u00e9\u00a0et des cr\u00e9neaux suppl\u00e9mentaires seront ouverts chaque semaine pour\u00a0 permettre \u00e0 d&rsquo;autres demandeurs de prendre rendez-vous\u00a0\u00bb.<\/p>\n<p>&#013;<\/p>\n<p>Selon l&rsquo;ambassadeur, pr\u00e8s de 30 000 rendez-vous suppl\u00e9mentaires pourront\u00a0 \u00eatre accord\u00e9s d&rsquo;ici la fin de l&rsquo;ann\u00e9e, le retour \u00e0 la normale \u00e9tant pr\u00e9vu \u00e0\u00a0 partir de janvier 2018.\u00a0<\/p>\n<p>&#013;<\/p>\n<p>Expliquant la perturbation de prise de rendez-vous aupr\u00e8s de TLS-contact,\u00a0 l&rsquo;ambassadeur a imput\u00e9 cette situation \u00e0 \u00ab\u00a0des interm\u00e9diaires ind\u00e9licats qui\u00a0 r\u00e9servent des rendez-vous aupr\u00e8s de TLS-contact pour en tirer un b\u00e9n\u00e9fice\u00a0 indu aupr\u00e8s des demandeurs\u00a0\u00bb, pr\u00e9cisant, \u00e0 titre d&rsquo;exemple, que pour la\u00a0journ\u00e9e du 17 septembre 2017, les consulats fran\u00e7ais (Alger, Oran et\u00a0 Annaba) ont enregistr\u00e9 une moyenne de 40% de rendez-vous annul\u00e9s pour\u00a0 non-pr\u00e9sentation des demandeurs.<\/p>\n<p>&#013;<\/p>\n<p>Pour rappel, le contrat avec TLS-contact prendra fin en mars 2018,\u00a0 l&rsquo;ambassade de France devant lancer un avis d&rsquo;appel d&rsquo;offres afin d&rsquo;engager\u00a0 un nouvel op\u00e9rateur, sachant que TLS contact pourrait toujours postuler.<\/p>\n<p>&#013;<\/p>\n<blockquote><p>&#013;<\/p>\n<p><em><strong><span style=\"font-size: 12.16px\">En 2016, 410 522 visas ont \u00e9t\u00e9 d\u00e9livr\u00e9s, alors\u00a0 que pour l&rsquo;ann\u00e9e 2017, 417 000 demandes de visas ont \u00e9t\u00e9 d\u00e9pos\u00e9es \u00e0 la date\u00a0du 31 ao\u00fbt.\u00a0<\/span><\/strong><\/em><\/p>\n<p>&#013;\n<\/p><\/blockquote>\n<p>&#013;<\/p>\n<p>S&rsquo;agissant du nombre de visas d\u00e9livr\u00e9s par l&rsquo;ambassade de France en\u00a0 Alg\u00e9rie, l&rsquo;ambassadeur a indiqu\u00e9 qu&rsquo;il y a une \u00ab\u00a0augmentation\u00a0 significative\u00a0\u00bb, pr\u00e9cisant qu&rsquo;en 2016, 410 522 visas ont \u00e9t\u00e9 d\u00e9livr\u00e9s, alors\u00a0 que pour l&rsquo;ann\u00e9e 2017, 417 000 demandes de visas ont \u00e9t\u00e9 d\u00e9pos\u00e9es \u00e0 la date\u00a0du 31 ao\u00fbt.\u00a0<\/p>\n<p>&#013;<\/p>\n<p>Il a estim\u00e9 que si cette tendance se poursuit, elle pourrait conduire \u00e0 un\u00a0 total de 626 000 demandes de visa \u00e0 la fin de l&rsquo;ann\u00e9e en cours.<\/p>\n<p>&#013;<\/p>\n<p>Pour ce qui est des visas de circulation qui permettent \u00e0 leurs\u00a0 b\u00e9n\u00e9ficiaires d&rsquo;effectuer plusieurs s\u00e9jours en France sans se pr\u00e9senter au\u00a0 consulat, l&rsquo;ambassadeur a fait savoir que 92 000 visas de ce type ont \u00e9t\u00e9\u00a0 d\u00e9livr\u00e9s en 2016, ce qui repr\u00e9sente pr\u00e8s de 35% de visas de court\u00a0 s\u00e9jour.<\/p>\n<p>&#013;<\/p>\n<p>Sur la p\u00e9riode 2012-2016, le nombre de demandes de visas a \u00e9t\u00e9 multipli\u00e9\u00a0 par deux, de m\u00eame que le nombre de visas d\u00e9livr\u00e9s, a ajout\u00e9 M. Driencourt,\u00a0 relevant que le taux d&rsquo;acceptation des demandes de visas est rest\u00e9 stable,\u00a0 soit entre 75 et 78%, en fonction des ann\u00e9es.<\/p>\n<p>&#013;<\/p>\n<p>Concernant le nombre de visas d\u00e9livr\u00e9s aux \u00e9tudiants alg\u00e9riens d\u00e9sirant de\u00a0 poursuivre leurs \u00e9tudes en France, M. Driencourt a indiqu\u00e9 qu&rsquo;il est \u00ab\u00a0en\u00a0 augmentation constante\u00a0\u00bb, pr\u00e9cisant qu&rsquo;\u00e0 la date du 17 septembre 2017, il ne restait que 238 demandes de visas \u00e9tudiants en attente sur les 1 858\u00a0dossiers qui \u00e9taient en attente \u00e0 la date du 6 septembre.<\/p>\n<p>&#013;<\/p>\n<p>Il a fait observer que la moyenne de demandes de visas \u00e9tudiant re\u00e7ues\u00a0 quotidiennement au consulat est de 80 demande, soulignant \u00e0 titre indicatif\u00a0 qu&rsquo;en 2016, quelque 7 431 visas long s\u00e9jour pour \u00e9tudes ont \u00e9t\u00e9 d\u00e9livr\u00e9s,\u00a0 soit une augmentation de 31% par rapport \u00e0 2015 et 113% de plus qu&rsquo;en 2014.<\/p>\n<p>&#013;<\/p>\n<p>Selon l&rsquo;ambassadeur, la d\u00e9livrance des visas pour \u00e9tudes a augment\u00e9 de 65%\u00a0 pour la p\u00e9riode 2008-2016, alors que le taux d&rsquo;acceptation des demandes de\u00a0 visa \u00e9tudiant en 2015 et 2016 s&rsquo;\u00e9tablissait autour des 84%.<\/p>\n<p>&#013;<\/p>\n<p>\u00a0Pr\u00e8s de 23 000 \u00e9tudiants alg\u00e9riens poursuivent leurs \u00e9tudes en France,\u00a0 soit 7% des \u00e9tudiants internationaux, l&rsquo;Alg\u00e9rie repr\u00e9sentant par ce nombre\u00a0 la 3\u00e8me communaut\u00e9 d&rsquo;\u00e9tudiants en France.\u00a0<\/p>\n<\/div>\n<p>&#013;<br \/>\nSource: <a href=\"http:\/\/www.aps.dz\/algerie\/63046-visas-d-entree-en-france-pour-les-algeriens-mesures-d-urgence-pour-prendre-rendez-vous-dans-un-delai-de-15-jours\" target=\"_blank\">Visas d&rsquo;entr\u00e9e en France pour les Alg\u00e9riens: mesures d\u2019all\u00e8gement exceptionnelles<\/a><\/p>\n<!--CusAds0-->\n<div style=\"font-size: 0px; height: 0px; line-height: 0px; margin: 0; padding: 0; clear: both;\"><\/div>","protected":false},"excerpt":{"rendered":"<p>ALGER-\u00a0 Des mesures d&rsquo;urgence ont \u00e9t\u00e9 prises par l&rsquo;ambassade de France \u00e0 Alger afin de permettre de prendre un rendez-vous\u00a0 de demande de visa dans un d\u00e9lai de 15 jours, a indiqu\u00e9 mercredi \u00e0 Alger\u00a0l&rsquo;ambassadeur de France, Xavier Driencourt. &#013; &#013; &#013; Intervenant \u00e0 l&rsquo;occasion d&rsquo;un point de presse anim\u00e9 au si\u00e8ge de l&rsquo;ambassade, M.<\/p>\n","protected":false},"author":6,"featured_media":16101,"comment_status":"open","ping_status":"open","sticky":false,"template":"","format":"standard","meta":{"footnotes":""},"categories":[22],"tags":[93],"class_list":["post-16100","post","type-post","status-publish","format-standard","has-post-thumbnail","hentry","category-infos","tag-onu"],"yoast_head":"<!-- This site is optimized with the Yoast SEO plugin v27.5 - https:\/\/yoast.com\/product\/yoast-seo-wordpress\/ -->\n<title>Visas d&#039;entr\u00e9e en France pour les Alg\u00e9riens: mesures d\u2019all\u00e8gement exceptionnelles - info algerie<\/title>\n<meta name=\"robots\" content=\"index, follow, max-snippet:-1, max-image-preview:large, max-video-preview:-1\" \/>\n<link rel=\"canonical\" href=\"https:\/\/www.info-algerie.com\/actualites\/visas-dentree-en-france-pour-les-algeriens-mesures-dallegement-exceptionnelles\/\" \/>\n<meta property=\"og:locale\" content=\"fr_FR\" \/>\n<meta property=\"og:type\" content=\"article\" \/>\n<meta property=\"og:title\" content=\"Visas d&#039;entr\u00e9e en France pour les Alg\u00e9riens: mesures d\u2019all\u00e8gement exceptionnelles - info algerie\" \/>\n<meta property=\"og:description\" content=\"ALGER-\u00a0 Des mesures d&rsquo;urgence ont \u00e9t\u00e9 prises par l&rsquo;ambassade de France \u00e0 Alger afin de permettre de prendre un rendez-vous\u00a0 de demande de visa dans un d\u00e9lai de 15 jours, a indiqu\u00e9 mercredi \u00e0 Alger\u00a0l&rsquo;ambassadeur de France, Xavier Driencourt. &#013; &#013; &#013; Intervenant \u00e0 l&rsquo;occasion d&rsquo;un point de presse anim\u00e9 au si\u00e8ge de l&rsquo;ambassade, M.\" \/>\n<meta property=\"og:url\" content=\"https:\/\/www.info-algerie.com\/actualites\/visas-dentree-en-france-pour-les-algeriens-mesures-dallegement-exceptionnelles\/\" \/>\n<meta property=\"og:site_name\" content=\"info algerie\" \/>\n<meta property=\"article:publisher\" content=\"https:\/\/www.facebook.com\/infoalgerieactu\" \/>\n<meta property=\"article:published_time\" content=\"2017-09-20T15:00:38+00:00\" \/>\n<meta property=\"og:image\" content=\"https:\/\/www.info-algerie.com\/actualites\/wp-content\/uploads\/2017\/09\/98ebeee89352b162ada0cf1328bf5e2b_S-1.jpg\" \/>\n\t<meta property=\"og:image:width\" content=\"280\" \/>\n\t<meta property=\"og:image:height\" content=\"169\" \/>\n\t<meta property=\"og:image:type\" content=\"image\/jpeg\" \/>\n<meta name=\"author\" content=\"La r\u00e9daction\" \/>\n<meta name=\"twitter:label1\" content=\"\u00c9crit par\" \/>\n\t<meta name=\"twitter:data1\" content=\"La r\u00e9daction\" \/>\n\t<meta name=\"twitter:label2\" content=\"Dur\u00e9e de lecture estim\u00e9e\" \/>\n\t<meta name=\"twitter:data2\" content=\"3 minutes\" \/>\n<script type=\"application\/ld+json\" class=\"yoast-schema-graph\">{\"@context\":\"https:\\\/\\\/schema.org\",\"@graph\":[{\"@type\":\"Article\",\"@id\":\"https:\\\/\\\/www.info-algerie.com\\\/actualites\\\/visas-dentree-en-france-pour-les-algeriens-mesures-dallegement-exceptionnelles\\\/#article\",\"isPartOf\":{\"@id\":\"https:\\\/\\\/www.info-algerie.com\\\/actualites\\\/visas-dentree-en-france-pour-les-algeriens-mesures-dallegement-exceptionnelles\\\/\"},\"author\":{\"name\":\"La r\u00e9daction\",\"@id\":\"https:\\\/\\\/www.info-algerie.com\\\/actualites\\\/#\\\/schema\\\/person\\\/847aaec44920825b843a08f30ec6aa1e\"},\"headline\":\"Visas d&#039;entr\u00e9e en France pour les Alg\u00e9riens: mesures d\u2019all\u00e8gement exceptionnelles\",\"datePublished\":\"2017-09-20T15:00:38+00:00\",\"mainEntityOfPage\":{\"@id\":\"https:\\\/\\\/www.info-algerie.com\\\/actualites\\\/visas-dentree-en-france-pour-les-algeriens-mesures-dallegement-exceptionnelles\\\/\"},\"wordCount\":736,\"commentCount\":0,\"publisher\":{\"@id\":\"https:\\\/\\\/www.info-algerie.com\\\/actualites\\\/#organization\"},\"image\":{\"@id\":\"https:\\\/\\\/www.info-algerie.com\\\/actualites\\\/visas-dentree-en-france-pour-les-algeriens-mesures-dallegement-exceptionnelles\\\/#primaryimage\"},\"thumbnailUrl\":\"https:\\\/\\\/www.info-algerie.com\\\/actualites\\\/wp-content\\\/uploads\\\/2017\\\/09\\\/98ebeee89352b162ada0cf1328bf5e2b_S-1.jpg\",\"keywords\":[\"ONU\"],\"articleSection\":[\"infos\"],\"inLanguage\":\"fr-FR\",\"potentialAction\":[{\"@type\":\"CommentAction\",\"name\":\"Comment\",\"target\":[\"https:\\\/\\\/www.info-algerie.com\\\/actualites\\\/visas-dentree-en-france-pour-les-algeriens-mesures-dallegement-exceptionnelles\\\/#respond\"]}]},{\"@type\":\"WebPage\",\"@id\":\"https:\\\/\\\/www.info-algerie.com\\\/actualites\\\/visas-dentree-en-france-pour-les-algeriens-mesures-dallegement-exceptionnelles\\\/\",\"url\":\"https:\\\/\\\/www.info-algerie.com\\\/actualites\\\/visas-dentree-en-france-pour-les-algeriens-mesures-dallegement-exceptionnelles\\\/\",\"name\":\"Visas d&#039;entr\u00e9e en France pour les Alg\u00e9riens: mesures d\u2019all\u00e8gement exceptionnelles - info algerie\",\"isPartOf\":{\"@id\":\"https:\\\/\\\/www.info-algerie.com\\\/actualites\\\/#website\"},\"primaryImageOfPage\":{\"@id\":\"https:\\\/\\\/www.info-algerie.com\\\/actualites\\\/visas-dentree-en-france-pour-les-algeriens-mesures-dallegement-exceptionnelles\\\/#primaryimage\"},\"image\":{\"@id\":\"https:\\\/\\\/www.info-algerie.com\\\/actualites\\\/visas-dentree-en-france-pour-les-algeriens-mesures-dallegement-exceptionnelles\\\/#primaryimage\"},\"thumbnailUrl\":\"https:\\\/\\\/www.info-algerie.com\\\/actualites\\\/wp-content\\\/uploads\\\/2017\\\/09\\\/98ebeee89352b162ada0cf1328bf5e2b_S-1.jpg\",\"datePublished\":\"2017-09-20T15:00:38+00:00\",\"breadcrumb\":{\"@id\":\"https:\\\/\\\/www.info-algerie.com\\\/actualites\\\/visas-dentree-en-france-pour-les-algeriens-mesures-dallegement-exceptionnelles\\\/#breadcrumb\"},\"inLanguage\":\"fr-FR\",\"potentialAction\":[{\"@type\":\"ReadAction\",\"target\":[\"https:\\\/\\\/www.info-algerie.com\\\/actualites\\\/visas-dentree-en-france-pour-les-algeriens-mesures-dallegement-exceptionnelles\\\/\"]}]},{\"@type\":\"ImageObject\",\"inLanguage\":\"fr-FR\",\"@id\":\"https:\\\/\\\/www.info-algerie.com\\\/actualites\\\/visas-dentree-en-france-pour-les-algeriens-mesures-dallegement-exceptionnelles\\\/#primaryimage\",\"url\":\"https:\\\/\\\/www.info-algerie.com\\\/actualites\\\/wp-content\\\/uploads\\\/2017\\\/09\\\/98ebeee89352b162ada0cf1328bf5e2b_S-1.jpg\",\"contentUrl\":\"https:\\\/\\\/www.info-algerie.com\\\/actualites\\\/wp-content\\\/uploads\\\/2017\\\/09\\\/98ebeee89352b162ada0cf1328bf5e2b_S-1.jpg\",\"width\":280,\"height\":169},{\"@type\":\"BreadcrumbList\",\"@id\":\"https:\\\/\\\/www.info-algerie.com\\\/actualites\\\/visas-dentree-en-france-pour-les-algeriens-mesures-dallegement-exceptionnelles\\\/#breadcrumb\",\"itemListElement\":[{\"@type\":\"ListItem\",\"position\":1,\"name\":\"Accueil\",\"item\":\"https:\\\/\\\/www.info-algerie.com\\\/actualites\\\/\"},{\"@type\":\"ListItem\",\"position\":2,\"name\":\"Visas d&#039;entr\u00e9e en France pour les Alg\u00e9riens: mesures d\u2019all\u00e8gement exceptionnelles\"}]},{\"@type\":\"WebSite\",\"@id\":\"https:\\\/\\\/www.info-algerie.com\\\/actualites\\\/#website\",\"url\":\"https:\\\/\\\/www.info-algerie.com\\\/actualites\\\/\",\"name\":\"info algerie\",\"description\":\"Toutes les actualit\u00e9s\",\"publisher\":{\"@id\":\"https:\\\/\\\/www.info-algerie.com\\\/actualites\\\/#organization\"},\"potentialAction\":[{\"@type\":\"SearchAction\",\"target\":{\"@type\":\"EntryPoint\",\"urlTemplate\":\"https:\\\/\\\/www.info-algerie.com\\\/actualites\\\/?s={search_term_string}\"},\"query-input\":{\"@type\":\"PropertyValueSpecification\",\"valueRequired\":true,\"valueName\":\"search_term_string\"}}],\"inLanguage\":\"fr-FR\"},{\"@type\":\"Organization\",\"@id\":\"https:\\\/\\\/www.info-algerie.com\\\/actualites\\\/#organization\",\"name\":\"info algerie\",\"url\":\"https:\\\/\\\/www.info-algerie.com\\\/actualites\\\/\",\"logo\":{\"@type\":\"ImageObject\",\"inLanguage\":\"fr-FR\",\"@id\":\"https:\\\/\\\/www.info-algerie.com\\\/actualites\\\/#\\\/schema\\\/logo\\\/image\\\/\",\"url\":\"https:\\\/\\\/www.info-algerie.com\\\/actualites\\\/wp-content\\\/uploads\\\/2022\\\/07\\\/logo-ia-120.png\",\"contentUrl\":\"https:\\\/\\\/www.info-algerie.com\\\/actualites\\\/wp-content\\\/uploads\\\/2022\\\/07\\\/logo-ia-120.png\",\"width\":120,\"height\":43,\"caption\":\"info algerie\"},\"image\":{\"@id\":\"https:\\\/\\\/www.info-algerie.com\\\/actualites\\\/#\\\/schema\\\/logo\\\/image\\\/\"},\"sameAs\":[\"https:\\\/\\\/www.facebook.com\\\/infoalgerieactu\",\"https:\\\/\\\/x.com\\\/infoalgerie1\"]},{\"@type\":\"Person\",\"@id\":\"https:\\\/\\\/www.info-algerie.com\\\/actualites\\\/#\\\/schema\\\/person\\\/847aaec44920825b843a08f30ec6aa1e\",\"name\":\"La r\u00e9daction\",\"image\":{\"@type\":\"ImageObject\",\"inLanguage\":\"fr-FR\",\"@id\":\"https:\\\/\\\/secure.gravatar.com\\\/avatar\\\/769db425c6f465158149f1ffd6cf61ce7a8a879d11dfbef8288af36dfddd418c?s=96&d=mm&r=g\",\"url\":\"https:\\\/\\\/secure.gravatar.com\\\/avatar\\\/769db425c6f465158149f1ffd6cf61ce7a8a879d11dfbef8288af36dfddd418c?s=96&d=mm&r=g\",\"contentUrl\":\"https:\\\/\\\/secure.gravatar.com\\\/avatar\\\/769db425c6f465158149f1ffd6cf61ce7a8a879d11dfbef8288af36dfddd418c?s=96&d=mm&r=g\",\"caption\":\"La r\u00e9daction\"},\"sameAs\":[\"http:\\\/\\\/www.lkeria.com\\\/\"],\"url\":\"https:\\\/\\\/www.info-algerie.com\\\/actualites\\\/author\\\/chakib32\\\/\"}]}<\/script>\n<!-- \/ Yoast SEO plugin. -->","yoast_head_json":{"title":"Visas d&#039;entr\u00e9e en France pour les Alg\u00e9riens: mesures d\u2019all\u00e8gement exceptionnelles - info algerie","robots":{"index":"index","follow":"follow","max-snippet":"max-snippet:-1","max-image-preview":"max-image-preview:large","max-video-preview":"max-video-preview:-1"},"canonical":"https:\/\/www.info-algerie.com\/actualites\/visas-dentree-en-france-pour-les-algeriens-mesures-dallegement-exceptionnelles\/","og_locale":"fr_FR","og_type":"article","og_title":"Visas d&#039;entr\u00e9e en France pour les Alg\u00e9riens: mesures d\u2019all\u00e8gement exceptionnelles - info algerie","og_description":"ALGER-\u00a0 Des mesures d&rsquo;urgence ont \u00e9t\u00e9 prises par l&rsquo;ambassade de France \u00e0 Alger afin de permettre de prendre un rendez-vous\u00a0 de demande de visa dans un d\u00e9lai de 15 jours, a indiqu\u00e9 mercredi \u00e0 Alger\u00a0l&rsquo;ambassadeur de France, Xavier Driencourt. &#013; &#013; &#013; Intervenant \u00e0 l&rsquo;occasion d&rsquo;un point de presse anim\u00e9 au si\u00e8ge de l&rsquo;ambassade, M.","og_url":"https:\/\/www.info-algerie.com\/actualites\/visas-dentree-en-france-pour-les-algeriens-mesures-dallegement-exceptionnelles\/","og_site_name":"info algerie","article_publisher":"https:\/\/www.facebook.com\/infoalgerieactu","article_published_time":"2017-09-20T15:00:38+00:00","og_image":[{"width":280,"height":169,"url":"https:\/\/www.info-algerie.com\/actualites\/wp-content\/uploads\/2017\/09\/98ebeee89352b162ada0cf1328bf5e2b_S-1.jpg","type":"image\/jpeg"}],"author":"La r\u00e9daction","twitter_misc":{"\u00c9crit par":"La r\u00e9daction","Dur\u00e9e de lecture estim\u00e9e":"3 minutes"},"schema":{"@context":"https:\/\/schema.org","@graph":[{"@type":"Article","@id":"https:\/\/www.info-algerie.com\/actualites\/visas-dentree-en-france-pour-les-algeriens-mesures-dallegement-exceptionnelles\/#article","isPartOf":{"@id":"https:\/\/www.info-algerie.com\/actualites\/visas-dentree-en-france-pour-les-algeriens-mesures-dallegement-exceptionnelles\/"},"author":{"name":"La r\u00e9daction","@id":"https:\/\/www.info-algerie.com\/actualites\/#\/schema\/person\/847aaec44920825b843a08f30ec6aa1e"},"headline":"Visas d&#039;entr\u00e9e en France pour les Alg\u00e9riens: mesures d\u2019all\u00e8gement exceptionnelles","datePublished":"2017-09-20T15:00:38+00:00","mainEntityOfPage":{"@id":"https:\/\/www.info-algerie.com\/actualites\/visas-dentree-en-france-pour-les-algeriens-mesures-dallegement-exceptionnelles\/"},"wordCount":736,"commentCount":0,"publisher":{"@id":"https:\/\/www.info-algerie.com\/actualites\/#organization"},"image":{"@id":"https:\/\/www.info-algerie.com\/actualites\/visas-dentree-en-france-pour-les-algeriens-mesures-dallegement-exceptionnelles\/#primaryimage"},"thumbnailUrl":"https:\/\/www.info-algerie.com\/actualites\/wp-content\/uploads\/2017\/09\/98ebeee89352b162ada0cf1328bf5e2b_S-1.jpg","keywords":["ONU"],"articleSection":["infos"],"inLanguage":"fr-FR","potentialAction":[{"@type":"CommentAction","name":"Comment","target":["https:\/\/www.info-algerie.com\/actualites\/visas-dentree-en-france-pour-les-algeriens-mesures-dallegement-exceptionnelles\/#respond"]}]},{"@type":"WebPage","@id":"https:\/\/www.info-algerie.com\/actualites\/visas-dentree-en-france-pour-les-algeriens-mesures-dallegement-exceptionnelles\/","url":"https:\/\/www.info-algerie.com\/actualites\/visas-dentree-en-france-pour-les-algeriens-mesures-dallegement-exceptionnelles\/","name":"Visas d&#039;entr\u00e9e en France pour les Alg\u00e9riens: mesures d\u2019all\u00e8gement exceptionnelles - info algerie","isPartOf":{"@id":"https:\/\/www.info-algerie.com\/actualites\/#website"},"primaryImageOfPage":{"@id":"https:\/\/www.info-algerie.com\/actualites\/visas-dentree-en-france-pour-les-algeriens-mesures-dallegement-exceptionnelles\/#primaryimage"},"image":{"@id":"https:\/\/www.info-algerie.com\/actualites\/visas-dentree-en-france-pour-les-algeriens-mesures-dallegement-exceptionnelles\/#primaryimage"},"thumbnailUrl":"https:\/\/www.info-algerie.com\/actualites\/wp-content\/uploads\/2017\/09\/98ebeee89352b162ada0cf1328bf5e2b_S-1.jpg","datePublished":"2017-09-20T15:00:38+00:00","breadcrumb":{"@id":"https:\/\/www.info-algerie.com\/actualites\/visas-dentree-en-france-pour-les-algeriens-mesures-dallegement-exceptionnelles\/#breadcrumb"},"inLanguage":"fr-FR","potentialAction":[{"@type":"ReadAction","target":["https:\/\/www.info-algerie.com\/actualites\/visas-dentree-en-france-pour-les-algeriens-mesures-dallegement-exceptionnelles\/"]}]},{"@type":"ImageObject","inLanguage":"fr-FR","@id":"https:\/\/www.info-algerie.com\/actualites\/visas-dentree-en-france-pour-les-algeriens-mesures-dallegement-exceptionnelles\/#primaryimage","url":"https:\/\/www.info-algerie.com\/actualites\/wp-content\/uploads\/2017\/09\/98ebeee89352b162ada0cf1328bf5e2b_S-1.jpg","contentUrl":"https:\/\/www.info-algerie.com\/actualites\/wp-content\/uploads\/2017\/09\/98ebeee89352b162ada0cf1328bf5e2b_S-1.jpg","width":280,"height":169},{"@type":"BreadcrumbList","@id":"https:\/\/www.info-algerie.com\/actualites\/visas-dentree-en-france-pour-les-algeriens-mesures-dallegement-exceptionnelles\/#breadcrumb","itemListElement":[{"@type":"ListItem","position":1,"name":"Accueil","item":"https:\/\/www.info-algerie.com\/actualites\/"},{"@type":"ListItem","position":2,"name":"Visas d&#039;entr\u00e9e en France pour les Alg\u00e9riens: mesures d\u2019all\u00e8gement exceptionnelles"}]},{"@type":"WebSite","@id":"https:\/\/www.info-algerie.com\/actualites\/#website","url":"https:\/\/www.info-algerie.com\/actualites\/","name":"info algerie","description":"Toutes les actualit\u00e9s","publisher":{"@id":"https:\/\/www.info-algerie.com\/actualites\/#organization"},"potentialAction":[{"@type":"SearchAction","target":{"@type":"EntryPoint","urlTemplate":"https:\/\/www.info-algerie.com\/actualites\/?s={search_term_string}"},"query-input":{"@type":"PropertyValueSpecification","valueRequired":true,"valueName":"search_term_string"}}],"inLanguage":"fr-FR"},{"@type":"Organization","@id":"https:\/\/www.info-algerie.com\/actualites\/#organization","name":"info algerie","url":"https:\/\/www.info-algerie.com\/actualites\/","logo":{"@type":"ImageObject","inLanguage":"fr-FR","@id":"https:\/\/www.info-algerie.com\/actualites\/#\/schema\/logo\/image\/","url":"https:\/\/www.info-algerie.com\/actualites\/wp-content\/uploads\/2022\/07\/logo-ia-120.png","contentUrl":"https:\/\/www.info-algerie.com\/actualites\/wp-content\/uploads\/2022\/07\/logo-ia-120.png","width":120,"height":43,"caption":"info algerie"},"image":{"@id":"https:\/\/www.info-algerie.com\/actualites\/#\/schema\/logo\/image\/"},"sameAs":["https:\/\/www.facebook.com\/infoalgerieactu","https:\/\/x.com\/infoalgerie1"]},{"@type":"Person","@id":"https:\/\/www.info-algerie.com\/actualites\/#\/schema\/person\/847aaec44920825b843a08f30ec6aa1e","name":"La r\u00e9daction","image":{"@type":"ImageObject","inLanguage":"fr-FR","@id":"https:\/\/secure.gravatar.com\/avatar\/769db425c6f465158149f1ffd6cf61ce7a8a879d11dfbef8288af36dfddd418c?s=96&d=mm&r=g","url":"https:\/\/secure.gravatar.com\/avatar\/769db425c6f465158149f1ffd6cf61ce7a8a879d11dfbef8288af36dfddd418c?s=96&d=mm&r=g","contentUrl":"https:\/\/secure.gravatar.com\/avatar\/769db425c6f465158149f1ffd6cf61ce7a8a879d11dfbef8288af36dfddd418c?s=96&d=mm&r=g","caption":"La r\u00e9daction"},"sameAs":["http:\/\/www.lkeria.com\/"],"url":"https:\/\/www.info-algerie.com\/actualites\/author\/chakib32\/"}]}},"_links":{"self":[{"href":"https:\/\/www.info-algerie.com\/actualites\/wp-json\/wp\/v2\/posts\/16100","targetHints":{"allow":["GET"]}}],"collection":[{"href":"https:\/\/www.info-algerie.com\/actualites\/wp-json\/wp\/v2\/posts"}],"about":[{"href":"https:\/\/www.info-algerie.com\/actualites\/wp-json\/wp\/v2\/types\/post"}],"author":[{"embeddable":true,"href":"https:\/\/www.info-algerie.com\/actualites\/wp-json\/wp\/v2\/users\/6"}],"replies":[{"embeddable":true,"href":"https:\/\/www.info-algerie.com\/actualites\/wp-json\/wp\/v2\/comments?post=16100"}],"version-history":[{"count":0,"href":"https:\/\/www.info-algerie.com\/actualites\/wp-json\/wp\/v2\/posts\/16100\/revisions"}],"wp:featuredmedia":[{"embeddable":true,"href":"https:\/\/www.info-algerie.com\/actualites\/wp-json\/wp\/v2\/media\/16101"}],"wp:attachment":[{"href":"https:\/\/www.info-algerie.com\/actualites\/wp-json\/wp\/v2\/media?parent=16100"}],"wp:term":[{"taxonomy":"category","embeddable":true,"href":"https:\/\/www.info-algerie.com\/actualites\/wp-json\/wp\/v2\/categories?post=16100"},{"taxonomy":"post_tag","embeddable":true,"href":"https:\/\/www.info-algerie.com\/actualites\/wp-json\/wp\/v2\/tags?post=16100"}],"curies":[{"name":"wp","href":"https:\/\/api.w.org\/{rel}","templated":true}]}}