{"id":16103,"date":"2017-09-20T15:01:57","date_gmt":"2017-09-20T14:01:57","guid":{"rendered":"http:\/\/www.info-algerie.com\/actualites\/la-redynamisation-du-secteur-des-wakfs-en-algerie-au-centre-dun-colloque-international-les-27-et-28-courant-a-djelfa\/"},"modified":"2017-09-20T15:01:57","modified_gmt":"2017-09-20T14:01:57","slug":"la-redynamisation-du-secteur-des-wakfs-en-algerie-au-centre-dun-colloque-international-les-27-et-28-courant-a-djelfa","status":"publish","type":"post","link":"https:\/\/www.info-algerie.com\/actualites\/la-redynamisation-du-secteur-des-wakfs-en-algerie-au-centre-dun-colloque-international-les-27-et-28-courant-a-djelfa\/","title":{"rendered":"La redynamisation du secteur des wakfs en Alg\u00e9rie au centre d\u2019un colloque\u00a0international les 27 et 28 courant \u00e0 Djelfa"},"content":{"rendered":"<div class=\"K2FeedImage\"><img decoding=\"async\" src=\"https:\/\/www.info-algerie.com\/actualites\/wp-content\/uploads\/2017\/09\/d577ea6642eefb67898aada37290b5bd_S.jpg\" alt=\"La redynamisation du secteur des wakfs en Alg&#xE9;rie au centre d&#x2019;un colloque&#xA0;international les 27 et 28 courant &#xE0; Djelfa\" \/><\/div>\n<div class=\"K2FeedIntroText\">\n<p class=\"MsoNormal\">DJELFA &#8211; Les m\u00e9canismes de redynamisation du secteur\u00a0des wakfs en Alg\u00e9rie constitueront le th\u00e8me principal d\u2019un colloque\u00a0international pr\u00e9vu les 27 et 28 du mois courant \u00e0 Djelfa, \u00e0 l\u2019initiative\u00a0 de la Direction des Affaires religieuses et des Wakfs de la wilaya.<\/p>\n<p>&#013;\n<\/p><\/div>\n<div class=\"K2FeedFullText\">&#013;<\/p>\n<p class=\"MsoNormal\">\u00a0<\/p>\n<p>&#013;<\/p>\n<p class=\"MsoNormal\">Selon ses organisateurs, cette manifestation annuelle, organis\u00e9e cette\u00a0 ann\u00e9e sous le signe \u00ab\u00a0des enjeux des wakfs dans la diversification\u00a0 \u00e9conomique en vue d\u2019un d\u00e9veloppement durable\u00a0\u00bb, abordera les moyens et\u00a0 outils de d\u00e9veloppement de l\u2019assise \u00e9conomique du secteur des wakfs, ainsi\u00a0<span style=\"font-size: 12.16px\">que sa relance au double plan investissement et administratif, avec la<\/span><span style=\"font-size: 12.16px\">\u00a0 <\/span><span style=\"font-size: 12.16px\">pr\u00e9sentation d\u2019exp\u00e9riences r\u00e9alis\u00e9es dans le domaine.<\/span><\/p>\n<p>&#013;<\/p>\n<p class=\"MsoNormal\">\u00a0<\/p>\n<p>&#013;<\/p>\n<p class=\"MsoNormal\">La rencontre se veut, \u00e9galement, \u00eatre un espace pour examiner les aspects\u00a0 juridique et institutionnel susceptibles d\u2019aider au d\u00e9veloppement du\u00a0 secteur des wakfs et des organisations caritatives en g\u00e9n\u00e9ral, tout en\u00a0 mettant en exergue les meilleurs formules d\u2019investissement adapt\u00e9es \u00e0 ce\u00a0<span style=\"font-size: 12.16px\">secteur, parall\u00e8lement \u00e0 la mise en lumi\u00e8re des m\u00e9thodes de contr\u00f4l\u00e9 des<\/span><span style=\"font-size: 12.16px\">\u00a0 <\/span><span style=\"font-size: 12.16px\">biens wakfs, ainsi que leur r\u00f4le dans la cons\u00e9cration d\u2019un d\u00e9veloppement<\/span><span style=\"font-size: 12.16px\">\u00a0 <\/span><span style=\"font-size: 12.16px\">socio-\u00e9conomique durable, a soulign\u00e9 le responsable charg\u00e9 de<\/span><span style=\"font-size: 12.16px\">\u00a0 <\/span><span style=\"font-size: 12.16px\">l\u2019organisation de ce colloque, Dr Zehout Smail de universit\u00e9 de S\u00e9tif 1.<\/span><\/p>\n<p>&#013;<\/p>\n<p class=\"MsoNormal\">\u00a0<\/p>\n<p>&#013;<\/p>\n<p class=\"MsoNormal\">La manifestation verra la participation d\u2019un grand nombre de sp\u00e9cialistes\u00a0 nationaux et \u00e9trangers (Malaisie, Koweit, Egypte Arabie saoudite, Maroc)\u00a0 dans le secteur des wakfs, avec la pr\u00e9sence, \u00e0 titre d\u2019invit\u00e9s d\u2019honneur,\u00a0 du Directeur g\u00e9n\u00e9ral des wakfs aupr\u00e8s du Premier ministre turc, Daoud Ghazi\u00a0<span style=\"font-size: 12.16px\">Beneliou, et du Directeur g\u00e9n\u00e9ral des wakfs de la Bosnie -Herz\u00e9govine, Dr<\/span><span style=\"font-size: 12.16px\">\u00a0 <\/span><span style=\"font-size: 12.16px\">Senaid Zaimovitch.<\/span><\/p>\n<p>&#013;<\/p>\n<p class=\"MsoNormal\">\u00a0<\/p>\n<p>&#013;<\/p>\n<p class=\"MsoNormal\">En marge de cette manifestation internationale, une session de formation\u00a0 sur les wakfs sera organis\u00e9e au profit d\u2019\u00e9tudiants doctorants et chercheurs\u00a0 de nombreuses wilayas (Djelfa, Oum El Bouaghi, Tizi-Ouzou, S\u00e9tif, Alger,\u00a0Skikda, Annaba, Bouira, Constantine), sp\u00e9cialis\u00e9s en Chari\u00e0 islamique,\u00a0 Droit, sciences \u00e9conomiques, sciences politiques et statistiques, entre\u00a0 autres.<\/p>\n<p>&#013;<\/p>\n<p class=\"MsoNormal\">Des d\u00e9l\u00e9gu\u00e9s principaux des wakfs et des inspecteurs des biens wakfs de\u00a0 nombreuses directions des affaires religieuses et des wakfs du pays\u00a0 prendront, \u00e9galement, part \u00e0 cette session, dont l\u2019encadrement sera assur\u00e9\u00a0 par les experts internationaux, Dr Said Bouhraoua, directeur du d\u00e9partement\u00a0 des affaires sociales aupr\u00e8s de l\u2019Acad\u00e9mie mondiale de recherches en Chari\u00e0\u00a0<span style=\"font-size: 12.16px\">et finances islamiques de Malaisie, et Dr Salah Salhi, coordinateur des<\/span><span style=\"font-size: 12.16px\">\u00a0 <\/span><span style=\"font-size: 12.16px\">\u00e9coles en doctorat et responsable de la section Doctorat en finance et<\/span><span style=\"font-size: 12.16px\">\u00a0 <\/span><span style=\"font-size: 12.16px\">\u00e9conomie islamiques \u00e0 l\u2019universit\u00e9 de S\u00e9tif.<\/span><\/p>\n<p>&#013;<\/p>\n<p class=\"MsoNormal\">\u00a0<\/p>\n<p>&#013;<\/p>\n<p class=\"MsoNormal\">Cette opportunit\u00e9 donnera, \u00e9galement, lieu \u00e0 une exposition de manuscrits\u00a0 anciens qui seront, pour la premi\u00e8re fois, mis \u00e0 la disposition des\u00a0 chercheurs du domaine afin de marquer leur contribution dans la relance du\u00a0 patrimoine islamique.<\/p>\n<p>&#013;<\/p>\n<p>\u00a0<\/p>\n<p>&#013;<\/p>\n<p class=\"MsoNormal\">La s\u00e9lection de Djelfa pour abriter ce colloque annuel vise \u00e0 promouvoir\u00a0 cette wilaya au rang de pole national de formation dans le domaine des\u00a0 wakfs, tout en faisant d\u2019elle une r\u00e9f\u00e9rence pour les chercheurs dans\u00a0 l\u2019\u00e9conomie islamique, ont soulign\u00e9 les organisateurs.<\/p>\n<\/div>\n<p>&#013;<br \/>\nSource: <a href=\"http:\/\/www.aps.dz\/algerie\/63036-la-redynamisation-du-secteur-des-wakfs-en-algerie-au-centre-d-un-colloque-international-les-27-et-28-courant-a-djelfa\" target=\"_blank\">La redynamisation du secteur des wakfs en Alg\u00e9rie au centre d\u2019un colloque\u00a0international les 27 et 28 courant \u00e0 Djelfa<\/a><\/p>\n<!--CusAds0-->\n<div style=\"font-size: 0px; height: 0px; line-height: 0px; margin: 0; padding: 0; clear: both;\"><\/div>","protected":false},"excerpt":{"rendered":"<p>DJELFA &#8211; Les m\u00e9canismes de redynamisation du secteur\u00a0des wakfs en Alg\u00e9rie constitueront le th\u00e8me principal d\u2019un colloque\u00a0international pr\u00e9vu les 27 et 28 du mois courant \u00e0 Djelfa, \u00e0 l\u2019initiative\u00a0 de la Direction des Affaires religieuses et des Wakfs de la wilaya. &#013; &#013; \u00a0 &#013; Selon ses organisateurs, cette manifestation annuelle, organis\u00e9e cette\u00a0 ann\u00e9e sous<\/p>\n","protected":false},"author":6,"featured_media":16104,"comment_status":"open","ping_status":"open","sticky":false,"template":"","format":"standard","meta":{"footnotes":""},"categories":[22],"tags":[93],"class_list":["post-16103","post","type-post","status-publish","format-standard","has-post-thumbnail","hentry","category-infos","tag-onu"],"yoast_head":"<!-- This site is optimized with the Yoast SEO plugin v27.5 - https:\/\/yoast.com\/product\/yoast-seo-wordpress\/ -->\n<title>La redynamisation du secteur des wakfs en Alg\u00e9rie au centre d\u2019un colloque\u00a0international les 27 et 28 courant \u00e0 Djelfa - info algerie<\/title>\n<meta name=\"robots\" content=\"index, follow, max-snippet:-1, max-image-preview:large, max-video-preview:-1\" \/>\n<link rel=\"canonical\" href=\"https:\/\/www.info-algerie.com\/actualites\/la-redynamisation-du-secteur-des-wakfs-en-algerie-au-centre-dun-colloque-international-les-27-et-28-courant-a-djelfa\/\" \/>\n<meta property=\"og:locale\" content=\"fr_FR\" \/>\n<meta property=\"og:type\" content=\"article\" \/>\n<meta property=\"og:title\" content=\"La redynamisation du secteur des wakfs en Alg\u00e9rie au centre d\u2019un colloque\u00a0international les 27 et 28 courant \u00e0 Djelfa - info algerie\" \/>\n<meta property=\"og:description\" content=\"DJELFA &#8211; Les m\u00e9canismes de redynamisation du secteur\u00a0des wakfs en Alg\u00e9rie constitueront le th\u00e8me principal d\u2019un colloque\u00a0international pr\u00e9vu les 27 et 28 du mois courant \u00e0 Djelfa, \u00e0 l\u2019initiative\u00a0 de la Direction des Affaires religieuses et des Wakfs de la wilaya. &#013; &#013; \u00a0 &#013; Selon ses organisateurs, cette manifestation annuelle, organis\u00e9e cette\u00a0 ann\u00e9e sous\" \/>\n<meta property=\"og:url\" content=\"https:\/\/www.info-algerie.com\/actualites\/la-redynamisation-du-secteur-des-wakfs-en-algerie-au-centre-dun-colloque-international-les-27-et-28-courant-a-djelfa\/\" \/>\n<meta property=\"og:site_name\" content=\"info algerie\" \/>\n<meta property=\"article:publisher\" content=\"https:\/\/www.facebook.com\/infoalgerieactu\" \/>\n<meta property=\"article:published_time\" content=\"2017-09-20T14:01:57+00:00\" \/>\n<meta property=\"og:image\" content=\"https:\/\/www.info-algerie.com\/actualites\/wp-content\/uploads\/2017\/09\/d577ea6642eefb67898aada37290b5bd_S-1.jpg\" \/>\n\t<meta property=\"og:image:width\" content=\"280\" \/>\n\t<meta property=\"og:image:height\" content=\"169\" \/>\n\t<meta property=\"og:image:type\" content=\"image\/jpeg\" \/>\n<meta name=\"author\" content=\"La r\u00e9daction\" \/>\n<meta name=\"twitter:label1\" content=\"\u00c9crit par\" \/>\n\t<meta name=\"twitter:data1\" content=\"La r\u00e9daction\" \/>\n\t<meta name=\"twitter:label2\" content=\"Dur\u00e9e de lecture estim\u00e9e\" \/>\n\t<meta name=\"twitter:data2\" content=\"3 minutes\" \/>\n<script type=\"application\/ld+json\" class=\"yoast-schema-graph\">{\"@context\":\"https:\\\/\\\/schema.org\",\"@graph\":[{\"@type\":\"Article\",\"@id\":\"https:\\\/\\\/www.info-algerie.com\\\/actualites\\\/la-redynamisation-du-secteur-des-wakfs-en-algerie-au-centre-dun-colloque-international-les-27-et-28-courant-a-djelfa\\\/#article\",\"isPartOf\":{\"@id\":\"https:\\\/\\\/www.info-algerie.com\\\/actualites\\\/la-redynamisation-du-secteur-des-wakfs-en-algerie-au-centre-dun-colloque-international-les-27-et-28-courant-a-djelfa\\\/\"},\"author\":{\"name\":\"La r\u00e9daction\",\"@id\":\"https:\\\/\\\/www.info-algerie.com\\\/actualites\\\/#\\\/schema\\\/person\\\/847aaec44920825b843a08f30ec6aa1e\"},\"headline\":\"La redynamisation du secteur des wakfs en Alg\u00e9rie au centre d\u2019un colloque\u00a0international les 27 et 28 courant \u00e0 Djelfa\",\"datePublished\":\"2017-09-20T14:01:57+00:00\",\"mainEntityOfPage\":{\"@id\":\"https:\\\/\\\/www.info-algerie.com\\\/actualites\\\/la-redynamisation-du-secteur-des-wakfs-en-algerie-au-centre-dun-colloque-international-les-27-et-28-courant-a-djelfa\\\/\"},\"wordCount\":542,\"commentCount\":0,\"publisher\":{\"@id\":\"https:\\\/\\\/www.info-algerie.com\\\/actualites\\\/#organization\"},\"image\":{\"@id\":\"https:\\\/\\\/www.info-algerie.com\\\/actualites\\\/la-redynamisation-du-secteur-des-wakfs-en-algerie-au-centre-dun-colloque-international-les-27-et-28-courant-a-djelfa\\\/#primaryimage\"},\"thumbnailUrl\":\"https:\\\/\\\/www.info-algerie.com\\\/actualites\\\/wp-content\\\/uploads\\\/2017\\\/09\\\/d577ea6642eefb67898aada37290b5bd_S-1.jpg\",\"keywords\":[\"ONU\"],\"articleSection\":[\"infos\"],\"inLanguage\":\"fr-FR\",\"potentialAction\":[{\"@type\":\"CommentAction\",\"name\":\"Comment\",\"target\":[\"https:\\\/\\\/www.info-algerie.com\\\/actualites\\\/la-redynamisation-du-secteur-des-wakfs-en-algerie-au-centre-dun-colloque-international-les-27-et-28-courant-a-djelfa\\\/#respond\"]}]},{\"@type\":\"WebPage\",\"@id\":\"https:\\\/\\\/www.info-algerie.com\\\/actualites\\\/la-redynamisation-du-secteur-des-wakfs-en-algerie-au-centre-dun-colloque-international-les-27-et-28-courant-a-djelfa\\\/\",\"url\":\"https:\\\/\\\/www.info-algerie.com\\\/actualites\\\/la-redynamisation-du-secteur-des-wakfs-en-algerie-au-centre-dun-colloque-international-les-27-et-28-courant-a-djelfa\\\/\",\"name\":\"La redynamisation du secteur des wakfs en Alg\u00e9rie au centre d\u2019un colloque\u00a0international les 27 et 28 courant \u00e0 Djelfa - info algerie\",\"isPartOf\":{\"@id\":\"https:\\\/\\\/www.info-algerie.com\\\/actualites\\\/#website\"},\"primaryImageOfPage\":{\"@id\":\"https:\\\/\\\/www.info-algerie.com\\\/actualites\\\/la-redynamisation-du-secteur-des-wakfs-en-algerie-au-centre-dun-colloque-international-les-27-et-28-courant-a-djelfa\\\/#primaryimage\"},\"image\":{\"@id\":\"https:\\\/\\\/www.info-algerie.com\\\/actualites\\\/la-redynamisation-du-secteur-des-wakfs-en-algerie-au-centre-dun-colloque-international-les-27-et-28-courant-a-djelfa\\\/#primaryimage\"},\"thumbnailUrl\":\"https:\\\/\\\/www.info-algerie.com\\\/actualites\\\/wp-content\\\/uploads\\\/2017\\\/09\\\/d577ea6642eefb67898aada37290b5bd_S-1.jpg\",\"datePublished\":\"2017-09-20T14:01:57+00:00\",\"breadcrumb\":{\"@id\":\"https:\\\/\\\/www.info-algerie.com\\\/actualites\\\/la-redynamisation-du-secteur-des-wakfs-en-algerie-au-centre-dun-colloque-international-les-27-et-28-courant-a-djelfa\\\/#breadcrumb\"},\"inLanguage\":\"fr-FR\",\"potentialAction\":[{\"@type\":\"ReadAction\",\"target\":[\"https:\\\/\\\/www.info-algerie.com\\\/actualites\\\/la-redynamisation-du-secteur-des-wakfs-en-algerie-au-centre-dun-colloque-international-les-27-et-28-courant-a-djelfa\\\/\"]}]},{\"@type\":\"ImageObject\",\"inLanguage\":\"fr-FR\",\"@id\":\"https:\\\/\\\/www.info-algerie.com\\\/actualites\\\/la-redynamisation-du-secteur-des-wakfs-en-algerie-au-centre-dun-colloque-international-les-27-et-28-courant-a-djelfa\\\/#primaryimage\",\"url\":\"https:\\\/\\\/www.info-algerie.com\\\/actualites\\\/wp-content\\\/uploads\\\/2017\\\/09\\\/d577ea6642eefb67898aada37290b5bd_S-1.jpg\",\"contentUrl\":\"https:\\\/\\\/www.info-algerie.com\\\/actualites\\\/wp-content\\\/uploads\\\/2017\\\/09\\\/d577ea6642eefb67898aada37290b5bd_S-1.jpg\",\"width\":280,\"height\":169},{\"@type\":\"BreadcrumbList\",\"@id\":\"https:\\\/\\\/www.info-algerie.com\\\/actualites\\\/la-redynamisation-du-secteur-des-wakfs-en-algerie-au-centre-dun-colloque-international-les-27-et-28-courant-a-djelfa\\\/#breadcrumb\",\"itemListElement\":[{\"@type\":\"ListItem\",\"position\":1,\"name\":\"Accueil\",\"item\":\"https:\\\/\\\/www.info-algerie.com\\\/actualites\\\/\"},{\"@type\":\"ListItem\",\"position\":2,\"name\":\"La redynamisation du secteur des wakfs en Alg\u00e9rie au centre d\u2019un colloque\u00a0international les 27 et 28 courant \u00e0 Djelfa\"}]},{\"@type\":\"WebSite\",\"@id\":\"https:\\\/\\\/www.info-algerie.com\\\/actualites\\\/#website\",\"url\":\"https:\\\/\\\/www.info-algerie.com\\\/actualites\\\/\",\"name\":\"info algerie\",\"description\":\"Toutes les actualit\u00e9s\",\"publisher\":{\"@id\":\"https:\\\/\\\/www.info-algerie.com\\\/actualites\\\/#organization\"},\"potentialAction\":[{\"@type\":\"SearchAction\",\"target\":{\"@type\":\"EntryPoint\",\"urlTemplate\":\"https:\\\/\\\/www.info-algerie.com\\\/actualites\\\/?s={search_term_string}\"},\"query-input\":{\"@type\":\"PropertyValueSpecification\",\"valueRequired\":true,\"valueName\":\"search_term_string\"}}],\"inLanguage\":\"fr-FR\"},{\"@type\":\"Organization\",\"@id\":\"https:\\\/\\\/www.info-algerie.com\\\/actualites\\\/#organization\",\"name\":\"info algerie\",\"url\":\"https:\\\/\\\/www.info-algerie.com\\\/actualites\\\/\",\"logo\":{\"@type\":\"ImageObject\",\"inLanguage\":\"fr-FR\",\"@id\":\"https:\\\/\\\/www.info-algerie.com\\\/actualites\\\/#\\\/schema\\\/logo\\\/image\\\/\",\"url\":\"https:\\\/\\\/www.info-algerie.com\\\/actualites\\\/wp-content\\\/uploads\\\/2022\\\/07\\\/logo-ia-120.png\",\"contentUrl\":\"https:\\\/\\\/www.info-algerie.com\\\/actualites\\\/wp-content\\\/uploads\\\/2022\\\/07\\\/logo-ia-120.png\",\"width\":120,\"height\":43,\"caption\":\"info algerie\"},\"image\":{\"@id\":\"https:\\\/\\\/www.info-algerie.com\\\/actualites\\\/#\\\/schema\\\/logo\\\/image\\\/\"},\"sameAs\":[\"https:\\\/\\\/www.facebook.com\\\/infoalgerieactu\",\"https:\\\/\\\/x.com\\\/infoalgerie1\"]},{\"@type\":\"Person\",\"@id\":\"https:\\\/\\\/www.info-algerie.com\\\/actualites\\\/#\\\/schema\\\/person\\\/847aaec44920825b843a08f30ec6aa1e\",\"name\":\"La r\u00e9daction\",\"image\":{\"@type\":\"ImageObject\",\"inLanguage\":\"fr-FR\",\"@id\":\"https:\\\/\\\/secure.gravatar.com\\\/avatar\\\/769db425c6f465158149f1ffd6cf61ce7a8a879d11dfbef8288af36dfddd418c?s=96&d=mm&r=g\",\"url\":\"https:\\\/\\\/secure.gravatar.com\\\/avatar\\\/769db425c6f465158149f1ffd6cf61ce7a8a879d11dfbef8288af36dfddd418c?s=96&d=mm&r=g\",\"contentUrl\":\"https:\\\/\\\/secure.gravatar.com\\\/avatar\\\/769db425c6f465158149f1ffd6cf61ce7a8a879d11dfbef8288af36dfddd418c?s=96&d=mm&r=g\",\"caption\":\"La r\u00e9daction\"},\"sameAs\":[\"http:\\\/\\\/www.lkeria.com\\\/\"],\"url\":\"https:\\\/\\\/www.info-algerie.com\\\/actualites\\\/author\\\/chakib32\\\/\"}]}<\/script>\n<!-- \/ Yoast SEO plugin. -->","yoast_head_json":{"title":"La redynamisation du secteur des wakfs en Alg\u00e9rie au centre d\u2019un colloque\u00a0international les 27 et 28 courant \u00e0 Djelfa - info algerie","robots":{"index":"index","follow":"follow","max-snippet":"max-snippet:-1","max-image-preview":"max-image-preview:large","max-video-preview":"max-video-preview:-1"},"canonical":"https:\/\/www.info-algerie.com\/actualites\/la-redynamisation-du-secteur-des-wakfs-en-algerie-au-centre-dun-colloque-international-les-27-et-28-courant-a-djelfa\/","og_locale":"fr_FR","og_type":"article","og_title":"La redynamisation du secteur des wakfs en Alg\u00e9rie au centre d\u2019un colloque\u00a0international les 27 et 28 courant \u00e0 Djelfa - info algerie","og_description":"DJELFA &#8211; Les m\u00e9canismes de redynamisation du secteur\u00a0des wakfs en Alg\u00e9rie constitueront le th\u00e8me principal d\u2019un colloque\u00a0international pr\u00e9vu les 27 et 28 du mois courant \u00e0 Djelfa, \u00e0 l\u2019initiative\u00a0 de la Direction des Affaires religieuses et des Wakfs de la wilaya. &#013; &#013; \u00a0 &#013; Selon ses organisateurs, cette manifestation annuelle, organis\u00e9e cette\u00a0 ann\u00e9e sous","og_url":"https:\/\/www.info-algerie.com\/actualites\/la-redynamisation-du-secteur-des-wakfs-en-algerie-au-centre-dun-colloque-international-les-27-et-28-courant-a-djelfa\/","og_site_name":"info algerie","article_publisher":"https:\/\/www.facebook.com\/infoalgerieactu","article_published_time":"2017-09-20T14:01:57+00:00","og_image":[{"width":280,"height":169,"url":"https:\/\/www.info-algerie.com\/actualites\/wp-content\/uploads\/2017\/09\/d577ea6642eefb67898aada37290b5bd_S-1.jpg","type":"image\/jpeg"}],"author":"La r\u00e9daction","twitter_misc":{"\u00c9crit par":"La r\u00e9daction","Dur\u00e9e de lecture estim\u00e9e":"3 minutes"},"schema":{"@context":"https:\/\/schema.org","@graph":[{"@type":"Article","@id":"https:\/\/www.info-algerie.com\/actualites\/la-redynamisation-du-secteur-des-wakfs-en-algerie-au-centre-dun-colloque-international-les-27-et-28-courant-a-djelfa\/#article","isPartOf":{"@id":"https:\/\/www.info-algerie.com\/actualites\/la-redynamisation-du-secteur-des-wakfs-en-algerie-au-centre-dun-colloque-international-les-27-et-28-courant-a-djelfa\/"},"author":{"name":"La r\u00e9daction","@id":"https:\/\/www.info-algerie.com\/actualites\/#\/schema\/person\/847aaec44920825b843a08f30ec6aa1e"},"headline":"La redynamisation du secteur des wakfs en Alg\u00e9rie au centre d\u2019un colloque\u00a0international les 27 et 28 courant \u00e0 Djelfa","datePublished":"2017-09-20T14:01:57+00:00","mainEntityOfPage":{"@id":"https:\/\/www.info-algerie.com\/actualites\/la-redynamisation-du-secteur-des-wakfs-en-algerie-au-centre-dun-colloque-international-les-27-et-28-courant-a-djelfa\/"},"wordCount":542,"commentCount":0,"publisher":{"@id":"https:\/\/www.info-algerie.com\/actualites\/#organization"},"image":{"@id":"https:\/\/www.info-algerie.com\/actualites\/la-redynamisation-du-secteur-des-wakfs-en-algerie-au-centre-dun-colloque-international-les-27-et-28-courant-a-djelfa\/#primaryimage"},"thumbnailUrl":"https:\/\/www.info-algerie.com\/actualites\/wp-content\/uploads\/2017\/09\/d577ea6642eefb67898aada37290b5bd_S-1.jpg","keywords":["ONU"],"articleSection":["infos"],"inLanguage":"fr-FR","potentialAction":[{"@type":"CommentAction","name":"Comment","target":["https:\/\/www.info-algerie.com\/actualites\/la-redynamisation-du-secteur-des-wakfs-en-algerie-au-centre-dun-colloque-international-les-27-et-28-courant-a-djelfa\/#respond"]}]},{"@type":"WebPage","@id":"https:\/\/www.info-algerie.com\/actualites\/la-redynamisation-du-secteur-des-wakfs-en-algerie-au-centre-dun-colloque-international-les-27-et-28-courant-a-djelfa\/","url":"https:\/\/www.info-algerie.com\/actualites\/la-redynamisation-du-secteur-des-wakfs-en-algerie-au-centre-dun-colloque-international-les-27-et-28-courant-a-djelfa\/","name":"La redynamisation du secteur des wakfs en Alg\u00e9rie au centre d\u2019un colloque\u00a0international les 27 et 28 courant \u00e0 Djelfa - info algerie","isPartOf":{"@id":"https:\/\/www.info-algerie.com\/actualites\/#website"},"primaryImageOfPage":{"@id":"https:\/\/www.info-algerie.com\/actualites\/la-redynamisation-du-secteur-des-wakfs-en-algerie-au-centre-dun-colloque-international-les-27-et-28-courant-a-djelfa\/#primaryimage"},"image":{"@id":"https:\/\/www.info-algerie.com\/actualites\/la-redynamisation-du-secteur-des-wakfs-en-algerie-au-centre-dun-colloque-international-les-27-et-28-courant-a-djelfa\/#primaryimage"},"thumbnailUrl":"https:\/\/www.info-algerie.com\/actualites\/wp-content\/uploads\/2017\/09\/d577ea6642eefb67898aada37290b5bd_S-1.jpg","datePublished":"2017-09-20T14:01:57+00:00","breadcrumb":{"@id":"https:\/\/www.info-algerie.com\/actualites\/la-redynamisation-du-secteur-des-wakfs-en-algerie-au-centre-dun-colloque-international-les-27-et-28-courant-a-djelfa\/#breadcrumb"},"inLanguage":"fr-FR","potentialAction":[{"@type":"ReadAction","target":["https:\/\/www.info-algerie.com\/actualites\/la-redynamisation-du-secteur-des-wakfs-en-algerie-au-centre-dun-colloque-international-les-27-et-28-courant-a-djelfa\/"]}]},{"@type":"ImageObject","inLanguage":"fr-FR","@id":"https:\/\/www.info-algerie.com\/actualites\/la-redynamisation-du-secteur-des-wakfs-en-algerie-au-centre-dun-colloque-international-les-27-et-28-courant-a-djelfa\/#primaryimage","url":"https:\/\/www.info-algerie.com\/actualites\/wp-content\/uploads\/2017\/09\/d577ea6642eefb67898aada37290b5bd_S-1.jpg","contentUrl":"https:\/\/www.info-algerie.com\/actualites\/wp-content\/uploads\/2017\/09\/d577ea6642eefb67898aada37290b5bd_S-1.jpg","width":280,"height":169},{"@type":"BreadcrumbList","@id":"https:\/\/www.info-algerie.com\/actualites\/la-redynamisation-du-secteur-des-wakfs-en-algerie-au-centre-dun-colloque-international-les-27-et-28-courant-a-djelfa\/#breadcrumb","itemListElement":[{"@type":"ListItem","position":1,"name":"Accueil","item":"https:\/\/www.info-algerie.com\/actualites\/"},{"@type":"ListItem","position":2,"name":"La redynamisation du secteur des wakfs en Alg\u00e9rie au centre d\u2019un colloque\u00a0international les 27 et 28 courant \u00e0 Djelfa"}]},{"@type":"WebSite","@id":"https:\/\/www.info-algerie.com\/actualites\/#website","url":"https:\/\/www.info-algerie.com\/actualites\/","name":"info algerie","description":"Toutes les actualit\u00e9s","publisher":{"@id":"https:\/\/www.info-algerie.com\/actualites\/#organization"},"potentialAction":[{"@type":"SearchAction","target":{"@type":"EntryPoint","urlTemplate":"https:\/\/www.info-algerie.com\/actualites\/?s={search_term_string}"},"query-input":{"@type":"PropertyValueSpecification","valueRequired":true,"valueName":"search_term_string"}}],"inLanguage":"fr-FR"},{"@type":"Organization","@id":"https:\/\/www.info-algerie.com\/actualites\/#organization","name":"info algerie","url":"https:\/\/www.info-algerie.com\/actualites\/","logo":{"@type":"ImageObject","inLanguage":"fr-FR","@id":"https:\/\/www.info-algerie.com\/actualites\/#\/schema\/logo\/image\/","url":"https:\/\/www.info-algerie.com\/actualites\/wp-content\/uploads\/2022\/07\/logo-ia-120.png","contentUrl":"https:\/\/www.info-algerie.com\/actualites\/wp-content\/uploads\/2022\/07\/logo-ia-120.png","width":120,"height":43,"caption":"info algerie"},"image":{"@id":"https:\/\/www.info-algerie.com\/actualites\/#\/schema\/logo\/image\/"},"sameAs":["https:\/\/www.facebook.com\/infoalgerieactu","https:\/\/x.com\/infoalgerie1"]},{"@type":"Person","@id":"https:\/\/www.info-algerie.com\/actualites\/#\/schema\/person\/847aaec44920825b843a08f30ec6aa1e","name":"La r\u00e9daction","image":{"@type":"ImageObject","inLanguage":"fr-FR","@id":"https:\/\/secure.gravatar.com\/avatar\/769db425c6f465158149f1ffd6cf61ce7a8a879d11dfbef8288af36dfddd418c?s=96&d=mm&r=g","url":"https:\/\/secure.gravatar.com\/avatar\/769db425c6f465158149f1ffd6cf61ce7a8a879d11dfbef8288af36dfddd418c?s=96&d=mm&r=g","contentUrl":"https:\/\/secure.gravatar.com\/avatar\/769db425c6f465158149f1ffd6cf61ce7a8a879d11dfbef8288af36dfddd418c?s=96&d=mm&r=g","caption":"La r\u00e9daction"},"sameAs":["http:\/\/www.lkeria.com\/"],"url":"https:\/\/www.info-algerie.com\/actualites\/author\/chakib32\/"}]}},"_links":{"self":[{"href":"https:\/\/www.info-algerie.com\/actualites\/wp-json\/wp\/v2\/posts\/16103","targetHints":{"allow":["GET"]}}],"collection":[{"href":"https:\/\/www.info-algerie.com\/actualites\/wp-json\/wp\/v2\/posts"}],"about":[{"href":"https:\/\/www.info-algerie.com\/actualites\/wp-json\/wp\/v2\/types\/post"}],"author":[{"embeddable":true,"href":"https:\/\/www.info-algerie.com\/actualites\/wp-json\/wp\/v2\/users\/6"}],"replies":[{"embeddable":true,"href":"https:\/\/www.info-algerie.com\/actualites\/wp-json\/wp\/v2\/comments?post=16103"}],"version-history":[{"count":0,"href":"https:\/\/www.info-algerie.com\/actualites\/wp-json\/wp\/v2\/posts\/16103\/revisions"}],"wp:featuredmedia":[{"embeddable":true,"href":"https:\/\/www.info-algerie.com\/actualites\/wp-json\/wp\/v2\/media\/16104"}],"wp:attachment":[{"href":"https:\/\/www.info-algerie.com\/actualites\/wp-json\/wp\/v2\/media?parent=16103"}],"wp:term":[{"taxonomy":"category","embeddable":true,"href":"https:\/\/www.info-algerie.com\/actualites\/wp-json\/wp\/v2\/categories?post=16103"},{"taxonomy":"post_tag","embeddable":true,"href":"https:\/\/www.info-algerie.com\/actualites\/wp-json\/wp\/v2\/tags?post=16103"}],"curies":[{"name":"wp","href":"https:\/\/api.w.org\/{rel}","templated":true}]}}