{"id":16106,"date":"2017-09-20T17:59:00","date_gmt":"2017-09-20T16:59:00","guid":{"rendered":"http:\/\/www.info-algerie.com\/actualites\/lalgerie-signe-le-traite-dinterdiction-des-armes-nucleaires\/"},"modified":"2017-09-20T17:59:00","modified_gmt":"2017-09-20T16:59:00","slug":"lalgerie-signe-le-traite-dinterdiction-des-armes-nucleaires","status":"publish","type":"post","link":"https:\/\/www.info-algerie.com\/actualites\/lalgerie-signe-le-traite-dinterdiction-des-armes-nucleaires\/","title":{"rendered":"L&#039;Alg\u00e9rie signe le Trait\u00e9 d&#039;interdiction des Armes Nucl\u00e9aires\u00a0\u00a0\u00a0\u00a0\u00a0\u00a0"},"content":{"rendered":"<div class=\"K2FeedImage\"><img decoding=\"async\" src=\"https:\/\/www.info-algerie.com\/actualites\/wp-content\/uploads\/2017\/09\/007f1ddbb7b41845e89cc245c57aeb2e_S.jpg\" alt=\"L'Alg&#xE9;rie signe le Trait&#xE9; d'interdiction des Armes Nucl&#xE9;aires&#xA0;&#xA0;&#xA0;&#xA0;&#xA0;&#xA0;\" \/><\/div>\n<div class=\"K2FeedIntroText\">\n<p>ALGER- Le ministre des Affaires \u00e9trang\u00e8res, Abdelkader Messahel, a sign\u00e9, mercredi \u00e0 New York, le Trait\u00e9 d\u2019interdiction des armes nucl\u00e9aires, lors d\u2019une c\u00e9r\u00e9monie officielle organis\u00e9e \u00e0 cet effet par le Secr\u00e9taire g\u00e9n\u00e9ral de l\u2019ONU, en pr\u00e9sence de plusieurs Chefs d\u2019Etats, de\u00a0 Gouvernements et de ministres des Affaires \u00e9trang\u00e8res des pays membres de\u00a0 l\u2019ONU, indique un communiqu\u00e9 du minist\u00e8re.<\/p>\n<p>&#013;\n<\/p><\/div>\n<div class=\"K2FeedFullText\">&#013;<\/p>\n<p>\u00ab\u00a0Par cette signature, l\u2019Alg\u00e9rie r\u00e9affirme, encore une fois, son\u00a0 attachement \u00e0 faire du d\u00e9sarmement nucl\u00e9aire une priorit\u00e9 absolue au plan\u00a0international, et \u00e0 l\u2019objectif de l\u2019\u00e9dification d\u2019un monde plus s\u00fbr pour\u00a0 tous, pour instaurer la paix et la s\u00e9curit\u00e9 dans un monde exempt de ces\u00a0 armes. Elle r\u00e9affirme \u00e9galement son attachement au <a href=\"http:\/\/www.peaceau.org\/uploads\/traite-de-pelindaba-fr.pdf\">Trait\u00e9 de Pelindaba<\/a>,\u00a0\u00e9rigeant l&rsquo;Afrique en zone exempte d&rsquo;armes nucl\u00e9aires, et \u00e0 la cr\u00e9ation\u00a0 d&rsquo;une zone exempte d&rsquo;armes de destruction massive au Moyen-Orient,\u00a0conform\u00e9ment aux r\u00e9solutions internationales pertinentes \u00e0 ce sujet\u00a0\u00bb,\u00a0 pr\u00e9cise la m\u00eame source.<\/p>\n<p>&#013;<\/p>\n<p style=\"text-align: left\"><em><strong>\u00a0 \u00a0 \u00a0 \u00a0 \u00a0 \u00a0 \u00a0Ce Trait\u00e9 vise \u00e0 renforcer le r\u00e9gime international actuel de d\u00e9sarmement\u00a0\u00a0nucl\u00e9aire par l\u2019instauration, dans une premi\u00e8re \u00e9tape, d\u2019une nouvelle norme\u00a0\u00a0juridique internationale rendant les armes nucl\u00e9aires interdites, et dans\u00a0\u00a0une seconde \u00e9tape, les \u00e9liminer compl\u00e8tement<\/strong><\/em><\/p>\n<p>&#013;<\/p>\n<p>Le minist\u00e8re des Affaires \u00e9trang\u00e8res rappelle que \u00ab\u00a0l\u2019Alg\u00e9rie a particip\u00e9 \u00e0\u00a0 la n\u00e9gociation et \u00e0 l\u2019adoption de ce nouveau Trait\u00e9\u00a0\u00bb, qui constitue la\u00a0 contribution la plus importante dans l\u2019histoire des efforts internationaux\u00a0 sur le d\u00e9sarmement nucl\u00e9aire, engag\u00e9s depuis la premi\u00e8re session\u00a0 extraordinaire de l\u2019Assembl\u00e9e G\u00e9n\u00e9rale de l\u2019ONU de 1978, qui a \u00e9t\u00e9\u00a0 consacr\u00e9e au d\u00e9sarmement.<\/p>\n<p>&#013;<\/p>\n<p>Ce Trait\u00e9 vise \u00e0 renforcer le r\u00e9gime international actuel de d\u00e9sarmement\u00a0 nucl\u00e9aire par l\u2019instauration, dans une premi\u00e8re \u00e9tape, d\u2019une nouvelle norme\u00a0 juridique internationale rendant les armes nucl\u00e9aires interdites, et dans\u00a0 une seconde \u00e9tape, les \u00e9liminer compl\u00e8tement.<\/p>\n<p>&#013;<\/p>\n<p>Ce Trait\u00e9 a \u00e9t\u00e9 n\u00e9goci\u00e9 lors de la Conf\u00e9rence des Nations Unies pour la\u00a0 n\u00e9gociation d\u2019un instrument juridiquement contraignant visant \u00e0 interdire\u00a0 les armes nucl\u00e9aires en vue de leur \u00e9limination compl\u00e8te. Cette Conf\u00e9rence\u00a0 historique a \u00e9t\u00e9 convoqu\u00e9e par une r\u00e9solution onusienne adopt\u00e9e en d\u00e9cembre\u00a0 2016, sous la pr\u00e9sidence alg\u00e9rienne de la premi\u00e8re Commission de\u00a0 l\u2019Assembl\u00e9e G\u00e9n\u00e9rale, charg\u00e9e du <a href=\"http:\/\/www.aps.dz\/algerie\/62991-convention-d-ottawa-sur-l-interdiction-des-mines-antipersonnel-l-algerie-a-montre-un-solide-engagement\">d\u00e9sarmement et de la s\u00e9curit\u00e9 internationale<\/a>.<\/p>\n<\/div>\n<p>&#013;<br \/>\nSource: <a href=\"http:\/\/www.aps.dz\/algerie\/63051-l-algerie-signe-le-traite-d-interdiction-des-armes-nucleaires\" target=\"_blank\">L&rsquo;Alg\u00e9rie signe le Trait\u00e9 d&rsquo;interdiction des Armes Nucl\u00e9aires\u00a0\u00a0\u00a0\u00a0\u00a0\u00a0<\/a><\/p>\n<!--CusAds0-->\n<div style=\"font-size: 0px; height: 0px; line-height: 0px; margin: 0; padding: 0; clear: both;\"><\/div>","protected":false},"excerpt":{"rendered":"<p>ALGER- Le ministre des Affaires \u00e9trang\u00e8res, Abdelkader Messahel, a sign\u00e9, mercredi \u00e0 New York, le Trait\u00e9 d\u2019interdiction des armes nucl\u00e9aires, lors d\u2019une c\u00e9r\u00e9monie officielle organis\u00e9e \u00e0 cet effet par le Secr\u00e9taire g\u00e9n\u00e9ral de l\u2019ONU, en pr\u00e9sence de plusieurs Chefs d\u2019Etats, de\u00a0 Gouvernements et de ministres des Affaires \u00e9trang\u00e8res des pays membres de\u00a0 l\u2019ONU, indique un<\/p>\n","protected":false},"author":6,"featured_media":16107,"comment_status":"open","ping_status":"open","sticky":false,"template":"","format":"standard","meta":{"footnotes":""},"categories":[22],"tags":[93],"class_list":["post-16106","post","type-post","status-publish","format-standard","has-post-thumbnail","hentry","category-infos","tag-onu"],"yoast_head":"<!-- This site is optimized with the Yoast SEO plugin v27.5 - https:\/\/yoast.com\/product\/yoast-seo-wordpress\/ -->\n<title>L&#039;Alg\u00e9rie signe le Trait\u00e9 d&#039;interdiction des Armes Nucl\u00e9aires\u00a0\u00a0\u00a0\u00a0\u00a0\u00a0 - info algerie<\/title>\n<meta name=\"robots\" content=\"index, follow, max-snippet:-1, max-image-preview:large, max-video-preview:-1\" \/>\n<link rel=\"canonical\" href=\"https:\/\/www.info-algerie.com\/actualites\/lalgerie-signe-le-traite-dinterdiction-des-armes-nucleaires\/\" \/>\n<meta property=\"og:locale\" content=\"fr_FR\" \/>\n<meta property=\"og:type\" content=\"article\" \/>\n<meta property=\"og:title\" content=\"L&#039;Alg\u00e9rie signe le Trait\u00e9 d&#039;interdiction des Armes Nucl\u00e9aires\u00a0\u00a0\u00a0\u00a0\u00a0\u00a0 - info algerie\" \/>\n<meta property=\"og:description\" content=\"ALGER- Le ministre des Affaires \u00e9trang\u00e8res, Abdelkader Messahel, a sign\u00e9, mercredi \u00e0 New York, le Trait\u00e9 d\u2019interdiction des armes nucl\u00e9aires, lors d\u2019une c\u00e9r\u00e9monie officielle organis\u00e9e \u00e0 cet effet par le Secr\u00e9taire g\u00e9n\u00e9ral de l\u2019ONU, en pr\u00e9sence de plusieurs Chefs d\u2019Etats, de\u00a0 Gouvernements et de ministres des Affaires \u00e9trang\u00e8res des pays membres de\u00a0 l\u2019ONU, indique un\" \/>\n<meta property=\"og:url\" content=\"https:\/\/www.info-algerie.com\/actualites\/lalgerie-signe-le-traite-dinterdiction-des-armes-nucleaires\/\" \/>\n<meta property=\"og:site_name\" content=\"info algerie\" \/>\n<meta property=\"article:publisher\" content=\"https:\/\/www.facebook.com\/infoalgerieactu\" \/>\n<meta property=\"article:published_time\" content=\"2017-09-20T16:59:00+00:00\" \/>\n<meta property=\"og:image\" content=\"https:\/\/www.info-algerie.com\/actualites\/wp-content\/uploads\/2017\/09\/007f1ddbb7b41845e89cc245c57aeb2e_S-1.jpg\" \/>\n\t<meta property=\"og:image:width\" content=\"280\" \/>\n\t<meta property=\"og:image:height\" content=\"169\" \/>\n\t<meta property=\"og:image:type\" content=\"image\/jpeg\" \/>\n<meta name=\"author\" content=\"La r\u00e9daction\" \/>\n<meta name=\"twitter:label1\" content=\"\u00c9crit par\" \/>\n\t<meta name=\"twitter:data1\" content=\"La r\u00e9daction\" \/>\n\t<meta name=\"twitter:label2\" content=\"Dur\u00e9e de lecture estim\u00e9e\" \/>\n\t<meta name=\"twitter:data2\" content=\"2 minutes\" \/>\n<script type=\"application\/ld+json\" class=\"yoast-schema-graph\">{\"@context\":\"https:\\\/\\\/schema.org\",\"@graph\":[{\"@type\":\"Article\",\"@id\":\"https:\\\/\\\/www.info-algerie.com\\\/actualites\\\/lalgerie-signe-le-traite-dinterdiction-des-armes-nucleaires\\\/#article\",\"isPartOf\":{\"@id\":\"https:\\\/\\\/www.info-algerie.com\\\/actualites\\\/lalgerie-signe-le-traite-dinterdiction-des-armes-nucleaires\\\/\"},\"author\":{\"name\":\"La r\u00e9daction\",\"@id\":\"https:\\\/\\\/www.info-algerie.com\\\/actualites\\\/#\\\/schema\\\/person\\\/847aaec44920825b843a08f30ec6aa1e\"},\"headline\":\"L&#039;Alg\u00e9rie signe le Trait\u00e9 d&#039;interdiction des Armes Nucl\u00e9aires\u00a0\u00a0\u00a0\u00a0\u00a0\u00a0\",\"datePublished\":\"2017-09-20T16:59:00+00:00\",\"mainEntityOfPage\":{\"@id\":\"https:\\\/\\\/www.info-algerie.com\\\/actualites\\\/lalgerie-signe-le-traite-dinterdiction-des-armes-nucleaires\\\/\"},\"wordCount\":440,\"commentCount\":0,\"publisher\":{\"@id\":\"https:\\\/\\\/www.info-algerie.com\\\/actualites\\\/#organization\"},\"image\":{\"@id\":\"https:\\\/\\\/www.info-algerie.com\\\/actualites\\\/lalgerie-signe-le-traite-dinterdiction-des-armes-nucleaires\\\/#primaryimage\"},\"thumbnailUrl\":\"https:\\\/\\\/www.info-algerie.com\\\/actualites\\\/wp-content\\\/uploads\\\/2017\\\/09\\\/007f1ddbb7b41845e89cc245c57aeb2e_S-1.jpg\",\"keywords\":[\"ONU\"],\"articleSection\":[\"infos\"],\"inLanguage\":\"fr-FR\",\"potentialAction\":[{\"@type\":\"CommentAction\",\"name\":\"Comment\",\"target\":[\"https:\\\/\\\/www.info-algerie.com\\\/actualites\\\/lalgerie-signe-le-traite-dinterdiction-des-armes-nucleaires\\\/#respond\"]}]},{\"@type\":\"WebPage\",\"@id\":\"https:\\\/\\\/www.info-algerie.com\\\/actualites\\\/lalgerie-signe-le-traite-dinterdiction-des-armes-nucleaires\\\/\",\"url\":\"https:\\\/\\\/www.info-algerie.com\\\/actualites\\\/lalgerie-signe-le-traite-dinterdiction-des-armes-nucleaires\\\/\",\"name\":\"L&#039;Alg\u00e9rie signe le Trait\u00e9 d&#039;interdiction des Armes Nucl\u00e9aires\u00a0\u00a0\u00a0\u00a0\u00a0\u00a0 - info algerie\",\"isPartOf\":{\"@id\":\"https:\\\/\\\/www.info-algerie.com\\\/actualites\\\/#website\"},\"primaryImageOfPage\":{\"@id\":\"https:\\\/\\\/www.info-algerie.com\\\/actualites\\\/lalgerie-signe-le-traite-dinterdiction-des-armes-nucleaires\\\/#primaryimage\"},\"image\":{\"@id\":\"https:\\\/\\\/www.info-algerie.com\\\/actualites\\\/lalgerie-signe-le-traite-dinterdiction-des-armes-nucleaires\\\/#primaryimage\"},\"thumbnailUrl\":\"https:\\\/\\\/www.info-algerie.com\\\/actualites\\\/wp-content\\\/uploads\\\/2017\\\/09\\\/007f1ddbb7b41845e89cc245c57aeb2e_S-1.jpg\",\"datePublished\":\"2017-09-20T16:59:00+00:00\",\"breadcrumb\":{\"@id\":\"https:\\\/\\\/www.info-algerie.com\\\/actualites\\\/lalgerie-signe-le-traite-dinterdiction-des-armes-nucleaires\\\/#breadcrumb\"},\"inLanguage\":\"fr-FR\",\"potentialAction\":[{\"@type\":\"ReadAction\",\"target\":[\"https:\\\/\\\/www.info-algerie.com\\\/actualites\\\/lalgerie-signe-le-traite-dinterdiction-des-armes-nucleaires\\\/\"]}]},{\"@type\":\"ImageObject\",\"inLanguage\":\"fr-FR\",\"@id\":\"https:\\\/\\\/www.info-algerie.com\\\/actualites\\\/lalgerie-signe-le-traite-dinterdiction-des-armes-nucleaires\\\/#primaryimage\",\"url\":\"https:\\\/\\\/www.info-algerie.com\\\/actualites\\\/wp-content\\\/uploads\\\/2017\\\/09\\\/007f1ddbb7b41845e89cc245c57aeb2e_S-1.jpg\",\"contentUrl\":\"https:\\\/\\\/www.info-algerie.com\\\/actualites\\\/wp-content\\\/uploads\\\/2017\\\/09\\\/007f1ddbb7b41845e89cc245c57aeb2e_S-1.jpg\",\"width\":280,\"height\":169},{\"@type\":\"BreadcrumbList\",\"@id\":\"https:\\\/\\\/www.info-algerie.com\\\/actualites\\\/lalgerie-signe-le-traite-dinterdiction-des-armes-nucleaires\\\/#breadcrumb\",\"itemListElement\":[{\"@type\":\"ListItem\",\"position\":1,\"name\":\"Accueil\",\"item\":\"https:\\\/\\\/www.info-algerie.com\\\/actualites\\\/\"},{\"@type\":\"ListItem\",\"position\":2,\"name\":\"L&#039;Alg\u00e9rie signe le Trait\u00e9 d&#039;interdiction des Armes Nucl\u00e9aires\u00a0\u00a0\u00a0\u00a0\u00a0\u00a0\"}]},{\"@type\":\"WebSite\",\"@id\":\"https:\\\/\\\/www.info-algerie.com\\\/actualites\\\/#website\",\"url\":\"https:\\\/\\\/www.info-algerie.com\\\/actualites\\\/\",\"name\":\"info algerie\",\"description\":\"Toutes les actualit\u00e9s\",\"publisher\":{\"@id\":\"https:\\\/\\\/www.info-algerie.com\\\/actualites\\\/#organization\"},\"potentialAction\":[{\"@type\":\"SearchAction\",\"target\":{\"@type\":\"EntryPoint\",\"urlTemplate\":\"https:\\\/\\\/www.info-algerie.com\\\/actualites\\\/?s={search_term_string}\"},\"query-input\":{\"@type\":\"PropertyValueSpecification\",\"valueRequired\":true,\"valueName\":\"search_term_string\"}}],\"inLanguage\":\"fr-FR\"},{\"@type\":\"Organization\",\"@id\":\"https:\\\/\\\/www.info-algerie.com\\\/actualites\\\/#organization\",\"name\":\"info algerie\",\"url\":\"https:\\\/\\\/www.info-algerie.com\\\/actualites\\\/\",\"logo\":{\"@type\":\"ImageObject\",\"inLanguage\":\"fr-FR\",\"@id\":\"https:\\\/\\\/www.info-algerie.com\\\/actualites\\\/#\\\/schema\\\/logo\\\/image\\\/\",\"url\":\"https:\\\/\\\/www.info-algerie.com\\\/actualites\\\/wp-content\\\/uploads\\\/2022\\\/07\\\/logo-ia-120.png\",\"contentUrl\":\"https:\\\/\\\/www.info-algerie.com\\\/actualites\\\/wp-content\\\/uploads\\\/2022\\\/07\\\/logo-ia-120.png\",\"width\":120,\"height\":43,\"caption\":\"info algerie\"},\"image\":{\"@id\":\"https:\\\/\\\/www.info-algerie.com\\\/actualites\\\/#\\\/schema\\\/logo\\\/image\\\/\"},\"sameAs\":[\"https:\\\/\\\/www.facebook.com\\\/infoalgerieactu\",\"https:\\\/\\\/x.com\\\/infoalgerie1\"]},{\"@type\":\"Person\",\"@id\":\"https:\\\/\\\/www.info-algerie.com\\\/actualites\\\/#\\\/schema\\\/person\\\/847aaec44920825b843a08f30ec6aa1e\",\"name\":\"La r\u00e9daction\",\"image\":{\"@type\":\"ImageObject\",\"inLanguage\":\"fr-FR\",\"@id\":\"https:\\\/\\\/secure.gravatar.com\\\/avatar\\\/769db425c6f465158149f1ffd6cf61ce7a8a879d11dfbef8288af36dfddd418c?s=96&d=mm&r=g\",\"url\":\"https:\\\/\\\/secure.gravatar.com\\\/avatar\\\/769db425c6f465158149f1ffd6cf61ce7a8a879d11dfbef8288af36dfddd418c?s=96&d=mm&r=g\",\"contentUrl\":\"https:\\\/\\\/secure.gravatar.com\\\/avatar\\\/769db425c6f465158149f1ffd6cf61ce7a8a879d11dfbef8288af36dfddd418c?s=96&d=mm&r=g\",\"caption\":\"La r\u00e9daction\"},\"sameAs\":[\"http:\\\/\\\/www.lkeria.com\\\/\"],\"url\":\"https:\\\/\\\/www.info-algerie.com\\\/actualites\\\/author\\\/chakib32\\\/\"}]}<\/script>\n<!-- \/ Yoast SEO plugin. -->","yoast_head_json":{"title":"L&#039;Alg\u00e9rie signe le Trait\u00e9 d&#039;interdiction des Armes Nucl\u00e9aires\u00a0\u00a0\u00a0\u00a0\u00a0\u00a0 - info algerie","robots":{"index":"index","follow":"follow","max-snippet":"max-snippet:-1","max-image-preview":"max-image-preview:large","max-video-preview":"max-video-preview:-1"},"canonical":"https:\/\/www.info-algerie.com\/actualites\/lalgerie-signe-le-traite-dinterdiction-des-armes-nucleaires\/","og_locale":"fr_FR","og_type":"article","og_title":"L&#039;Alg\u00e9rie signe le Trait\u00e9 d&#039;interdiction des Armes Nucl\u00e9aires\u00a0\u00a0\u00a0\u00a0\u00a0\u00a0 - info algerie","og_description":"ALGER- Le ministre des Affaires \u00e9trang\u00e8res, Abdelkader Messahel, a sign\u00e9, mercredi \u00e0 New York, le Trait\u00e9 d\u2019interdiction des armes nucl\u00e9aires, lors d\u2019une c\u00e9r\u00e9monie officielle organis\u00e9e \u00e0 cet effet par le Secr\u00e9taire g\u00e9n\u00e9ral de l\u2019ONU, en pr\u00e9sence de plusieurs Chefs d\u2019Etats, de\u00a0 Gouvernements et de ministres des Affaires \u00e9trang\u00e8res des pays membres de\u00a0 l\u2019ONU, indique un","og_url":"https:\/\/www.info-algerie.com\/actualites\/lalgerie-signe-le-traite-dinterdiction-des-armes-nucleaires\/","og_site_name":"info algerie","article_publisher":"https:\/\/www.facebook.com\/infoalgerieactu","article_published_time":"2017-09-20T16:59:00+00:00","og_image":[{"width":280,"height":169,"url":"https:\/\/www.info-algerie.com\/actualites\/wp-content\/uploads\/2017\/09\/007f1ddbb7b41845e89cc245c57aeb2e_S-1.jpg","type":"image\/jpeg"}],"author":"La r\u00e9daction","twitter_misc":{"\u00c9crit par":"La r\u00e9daction","Dur\u00e9e de lecture estim\u00e9e":"2 minutes"},"schema":{"@context":"https:\/\/schema.org","@graph":[{"@type":"Article","@id":"https:\/\/www.info-algerie.com\/actualites\/lalgerie-signe-le-traite-dinterdiction-des-armes-nucleaires\/#article","isPartOf":{"@id":"https:\/\/www.info-algerie.com\/actualites\/lalgerie-signe-le-traite-dinterdiction-des-armes-nucleaires\/"},"author":{"name":"La r\u00e9daction","@id":"https:\/\/www.info-algerie.com\/actualites\/#\/schema\/person\/847aaec44920825b843a08f30ec6aa1e"},"headline":"L&#039;Alg\u00e9rie signe le Trait\u00e9 d&#039;interdiction des Armes Nucl\u00e9aires\u00a0\u00a0\u00a0\u00a0\u00a0\u00a0","datePublished":"2017-09-20T16:59:00+00:00","mainEntityOfPage":{"@id":"https:\/\/www.info-algerie.com\/actualites\/lalgerie-signe-le-traite-dinterdiction-des-armes-nucleaires\/"},"wordCount":440,"commentCount":0,"publisher":{"@id":"https:\/\/www.info-algerie.com\/actualites\/#organization"},"image":{"@id":"https:\/\/www.info-algerie.com\/actualites\/lalgerie-signe-le-traite-dinterdiction-des-armes-nucleaires\/#primaryimage"},"thumbnailUrl":"https:\/\/www.info-algerie.com\/actualites\/wp-content\/uploads\/2017\/09\/007f1ddbb7b41845e89cc245c57aeb2e_S-1.jpg","keywords":["ONU"],"articleSection":["infos"],"inLanguage":"fr-FR","potentialAction":[{"@type":"CommentAction","name":"Comment","target":["https:\/\/www.info-algerie.com\/actualites\/lalgerie-signe-le-traite-dinterdiction-des-armes-nucleaires\/#respond"]}]},{"@type":"WebPage","@id":"https:\/\/www.info-algerie.com\/actualites\/lalgerie-signe-le-traite-dinterdiction-des-armes-nucleaires\/","url":"https:\/\/www.info-algerie.com\/actualites\/lalgerie-signe-le-traite-dinterdiction-des-armes-nucleaires\/","name":"L&#039;Alg\u00e9rie signe le Trait\u00e9 d&#039;interdiction des Armes Nucl\u00e9aires\u00a0\u00a0\u00a0\u00a0\u00a0\u00a0 - info algerie","isPartOf":{"@id":"https:\/\/www.info-algerie.com\/actualites\/#website"},"primaryImageOfPage":{"@id":"https:\/\/www.info-algerie.com\/actualites\/lalgerie-signe-le-traite-dinterdiction-des-armes-nucleaires\/#primaryimage"},"image":{"@id":"https:\/\/www.info-algerie.com\/actualites\/lalgerie-signe-le-traite-dinterdiction-des-armes-nucleaires\/#primaryimage"},"thumbnailUrl":"https:\/\/www.info-algerie.com\/actualites\/wp-content\/uploads\/2017\/09\/007f1ddbb7b41845e89cc245c57aeb2e_S-1.jpg","datePublished":"2017-09-20T16:59:00+00:00","breadcrumb":{"@id":"https:\/\/www.info-algerie.com\/actualites\/lalgerie-signe-le-traite-dinterdiction-des-armes-nucleaires\/#breadcrumb"},"inLanguage":"fr-FR","potentialAction":[{"@type":"ReadAction","target":["https:\/\/www.info-algerie.com\/actualites\/lalgerie-signe-le-traite-dinterdiction-des-armes-nucleaires\/"]}]},{"@type":"ImageObject","inLanguage":"fr-FR","@id":"https:\/\/www.info-algerie.com\/actualites\/lalgerie-signe-le-traite-dinterdiction-des-armes-nucleaires\/#primaryimage","url":"https:\/\/www.info-algerie.com\/actualites\/wp-content\/uploads\/2017\/09\/007f1ddbb7b41845e89cc245c57aeb2e_S-1.jpg","contentUrl":"https:\/\/www.info-algerie.com\/actualites\/wp-content\/uploads\/2017\/09\/007f1ddbb7b41845e89cc245c57aeb2e_S-1.jpg","width":280,"height":169},{"@type":"BreadcrumbList","@id":"https:\/\/www.info-algerie.com\/actualites\/lalgerie-signe-le-traite-dinterdiction-des-armes-nucleaires\/#breadcrumb","itemListElement":[{"@type":"ListItem","position":1,"name":"Accueil","item":"https:\/\/www.info-algerie.com\/actualites\/"},{"@type":"ListItem","position":2,"name":"L&#039;Alg\u00e9rie signe le Trait\u00e9 d&#039;interdiction des Armes Nucl\u00e9aires\u00a0\u00a0\u00a0\u00a0\u00a0\u00a0"}]},{"@type":"WebSite","@id":"https:\/\/www.info-algerie.com\/actualites\/#website","url":"https:\/\/www.info-algerie.com\/actualites\/","name":"info algerie","description":"Toutes les actualit\u00e9s","publisher":{"@id":"https:\/\/www.info-algerie.com\/actualites\/#organization"},"potentialAction":[{"@type":"SearchAction","target":{"@type":"EntryPoint","urlTemplate":"https:\/\/www.info-algerie.com\/actualites\/?s={search_term_string}"},"query-input":{"@type":"PropertyValueSpecification","valueRequired":true,"valueName":"search_term_string"}}],"inLanguage":"fr-FR"},{"@type":"Organization","@id":"https:\/\/www.info-algerie.com\/actualites\/#organization","name":"info algerie","url":"https:\/\/www.info-algerie.com\/actualites\/","logo":{"@type":"ImageObject","inLanguage":"fr-FR","@id":"https:\/\/www.info-algerie.com\/actualites\/#\/schema\/logo\/image\/","url":"https:\/\/www.info-algerie.com\/actualites\/wp-content\/uploads\/2022\/07\/logo-ia-120.png","contentUrl":"https:\/\/www.info-algerie.com\/actualites\/wp-content\/uploads\/2022\/07\/logo-ia-120.png","width":120,"height":43,"caption":"info algerie"},"image":{"@id":"https:\/\/www.info-algerie.com\/actualites\/#\/schema\/logo\/image\/"},"sameAs":["https:\/\/www.facebook.com\/infoalgerieactu","https:\/\/x.com\/infoalgerie1"]},{"@type":"Person","@id":"https:\/\/www.info-algerie.com\/actualites\/#\/schema\/person\/847aaec44920825b843a08f30ec6aa1e","name":"La r\u00e9daction","image":{"@type":"ImageObject","inLanguage":"fr-FR","@id":"https:\/\/secure.gravatar.com\/avatar\/769db425c6f465158149f1ffd6cf61ce7a8a879d11dfbef8288af36dfddd418c?s=96&d=mm&r=g","url":"https:\/\/secure.gravatar.com\/avatar\/769db425c6f465158149f1ffd6cf61ce7a8a879d11dfbef8288af36dfddd418c?s=96&d=mm&r=g","contentUrl":"https:\/\/secure.gravatar.com\/avatar\/769db425c6f465158149f1ffd6cf61ce7a8a879d11dfbef8288af36dfddd418c?s=96&d=mm&r=g","caption":"La r\u00e9daction"},"sameAs":["http:\/\/www.lkeria.com\/"],"url":"https:\/\/www.info-algerie.com\/actualites\/author\/chakib32\/"}]}},"_links":{"self":[{"href":"https:\/\/www.info-algerie.com\/actualites\/wp-json\/wp\/v2\/posts\/16106","targetHints":{"allow":["GET"]}}],"collection":[{"href":"https:\/\/www.info-algerie.com\/actualites\/wp-json\/wp\/v2\/posts"}],"about":[{"href":"https:\/\/www.info-algerie.com\/actualites\/wp-json\/wp\/v2\/types\/post"}],"author":[{"embeddable":true,"href":"https:\/\/www.info-algerie.com\/actualites\/wp-json\/wp\/v2\/users\/6"}],"replies":[{"embeddable":true,"href":"https:\/\/www.info-algerie.com\/actualites\/wp-json\/wp\/v2\/comments?post=16106"}],"version-history":[{"count":0,"href":"https:\/\/www.info-algerie.com\/actualites\/wp-json\/wp\/v2\/posts\/16106\/revisions"}],"wp:featuredmedia":[{"embeddable":true,"href":"https:\/\/www.info-algerie.com\/actualites\/wp-json\/wp\/v2\/media\/16107"}],"wp:attachment":[{"href":"https:\/\/www.info-algerie.com\/actualites\/wp-json\/wp\/v2\/media?parent=16106"}],"wp:term":[{"taxonomy":"category","embeddable":true,"href":"https:\/\/www.info-algerie.com\/actualites\/wp-json\/wp\/v2\/categories?post=16106"},{"taxonomy":"post_tag","embeddable":true,"href":"https:\/\/www.info-algerie.com\/actualites\/wp-json\/wp\/v2\/tags?post=16106"}],"curies":[{"name":"wp","href":"https:\/\/api.w.org\/{rel}","templated":true}]}}