{"id":16109,"date":"2017-09-20T17:46:03","date_gmt":"2017-09-20T16:46:03","guid":{"rendered":"http:\/\/www.info-algerie.com\/actualites\/messahel-participe-a-new-york-aux-travaux-de-la-8eme-session-ministerielle-du-comite-de-coordination-du-fglct\/"},"modified":"2017-09-20T17:46:03","modified_gmt":"2017-09-20T16:46:03","slug":"messahel-participe-a-new-york-aux-travaux-de-la-8eme-session-ministerielle-du-comite-de-coordination-du-fglct","status":"publish","type":"post","link":"https:\/\/www.info-algerie.com\/actualites\/messahel-participe-a-new-york-aux-travaux-de-la-8eme-session-ministerielle-du-comite-de-coordination-du-fglct\/","title":{"rendered":"Messahel participe \u00e0 New York aux travaux de la 8\u00e8me session minist\u00e9rielle du Comit\u00e9 de coordination du FGLCT"},"content":{"rendered":"<div class=\"K2FeedImage\"><img decoding=\"async\" src=\"https:\/\/www.info-algerie.com\/actualites\/wp-content\/uploads\/2017\/09\/6fb4d3b5da89a233af9933168969e8ee_S.jpg\" alt=\"Messahel participe &#xE0; New York aux travaux de la 8&#xE8;me session minist&#xE9;rielle du Comit&#xE9; de coordination du FGLCT\" \/><\/div>\n<div class=\"K2FeedIntroText\">\n<p class=\"MsoNormal\">ALGER- Le <a href=\"http:\/\/www.aps.dz\/algerie\/62978-assemble-generale-de-l-onu-messahel-presidera-la-delegation-algerienne-mae\" target=\"_blank\">ministre des Affaires \u00e9trang\u00e8res Abdelkader Messahel<\/a>, a pris part mercredi \u00e0 New York \u00e0 la 8\u00e8me session minist\u00e9rielle du Comit\u00e9 de coordination du <a href=\"https:\/\/www.thegctf.org\/\" target=\"_blank\">Forum Global de Lutte contre le Terrorisme<\/a> (FGLCT), indique un communiqu\u00e9 du minist\u00e8re.<\/p>\n<p>&#013;\n<\/p><\/div>\n<div class=\"K2FeedFullText\">&#013;<\/p>\n<p class=\"MsoNormal\">Lors de cette r\u00e9union, le ministre \u00ab\u00a0a r\u00e9it\u00e9r\u00e9 le soutien de l\u2019Alg\u00e9rie aux\u00a0activit\u00e9s de cette instance internationale dont elle est membre fondateur\u00a0 ainsi que sa disponibilit\u00e9 \u00e0 assurer, conjointement avec le Canada, la\u00a0 copr\u00e9sidence du nouveau groupe de travail r\u00e9gional couvrant l\u2019ensemble de\u00a0 la r\u00e9gion de l\u2019Afrique de l\u2019Ouest\u00a0\u00bb, ajoute le communiqu\u00e9.<\/p>\n<p>&#013;<\/p>\n<p class=\"MsoNormal\">Ce groupe de travail a \u00e9t\u00e9 cr\u00e9\u00e9 dans le cadre d\u2019une refonte de la\u00a0 r\u00e9partition des missions \u00e0 laquelle ont proc\u00e9d\u00e9 les ministres, durant cette\u00a0<span style=\"font-size: 12.16px\">session, \u00e0 l\u2019issue des six ann\u00e9es d\u2019activit\u00e9s depuis la cr\u00e9ation du Forum<\/span><span style=\"font-size: 12.16px\">\u00a0 <\/span><span style=\"font-size: 12.16px\">en 2011. Il remplace le groupe de travail sur le Sahel co-pr\u00e9sid\u00e9 aussi<\/span><span style=\"font-size: 12.16px\">\u00a0<\/span>depuis sa cr\u00e9ation par l\u2019Alg\u00e9rie et le Canada.<\/p>\n<p>&#013;<\/p>\n<p class=\"MsoNormal\">\u00ab\u00a0Tout en soulignant que l\u2019Alg\u00e9rie maintient un haut niveau de vigilance\u00a0 sur son propre territoire et sur ses fronti\u00e8res, il a rappel\u00e9 l\u2019action et\u00a0<span style=\"font-size: 12.16px\">les initiatives prises par celle-ci aux plans arabe, africain et<\/span><span style=\"font-size: 12.16px\">\u00a0 <\/span><span style=\"font-size: 12.16px\">international en vue de promouvoir la mobilisation et la lutte r\u00e9gionales<\/span><span style=\"font-size: 12.16px\">\u00a0<\/span>et internationales contre le terrorisme et l\u2019extr\u00e9misme violent\u00a0\u00bb, selon la\u00a0 m\u00eame source.<\/p>\n<p>&#013;<\/p>\n<p class=\"MsoNormal\">Au plan africain, M. Messahel a rappel\u00e9 que l\u2019Union Africaine (UA) avait\u00a0confi\u00e9, au d\u00e9but de cette ann\u00e9e, au Pr\u00e9sident de la R\u00e9publique Abdelaziz\u00a0 Bouteflika, la haute mission de Coordonnateur pour la pr\u00e9vention et la\u00a0 lutte contre l\u2019extr\u00e9misme violent et le terrorisme en Afrique et que le\u00a0 M\u00e9morandum du Pr\u00e9sident de la R\u00e9publique, pr\u00e9sent\u00e9 en cette qualit\u00e9 au\u00a0 dernier Sommet de l\u2019UA, a \u00e9t\u00e9 adopt\u00e9 et servira aussi de plateforme \u00e0 la\u00a0 coop\u00e9ration que l\u2019Afrique entend engager avec le reste de la communaut\u00e9\u00a0 internationale.<\/p>\n<p>&#013;<\/p>\n<p>Le ministre a aussi annonc\u00e9 que l\u2019Alg\u00e9rie abritera du 23 au 25 octobre prochain successivement la premi\u00e8re r\u00e9union du nouveau groupe de travail sur l\u2019Afrique de l\u2019Ouest du FGLCT ainsi qu\u2019une r\u00e9union r\u00e9gionale sur la\u00a0 relation entre le terrorisme et le crime organis\u00e9 transnational, conclut le\u00a0 communiqu\u00e9 du minist\u00e8re.<\/p>\n<\/div>\n<p>&#013;<br \/>\nSource: <a href=\"http:\/\/www.aps.dz\/algerie\/63050-messahel-participe-a-new-york-aux-travaux-de-la-8eme-session-ministerielle-du-comite-de-coordination-du-fglct\" target=\"_blank\">Messahel participe \u00e0 New York aux travaux de la 8\u00e8me session minist\u00e9rielle du Comit\u00e9 de coordination du FGLCT<\/a><\/p>\n<!--CusAds0-->\n<div style=\"font-size: 0px; height: 0px; line-height: 0px; margin: 0; padding: 0; clear: both;\"><\/div>","protected":false},"excerpt":{"rendered":"<p>ALGER- Le ministre des Affaires \u00e9trang\u00e8res Abdelkader Messahel, a pris part mercredi \u00e0 New York \u00e0 la 8\u00e8me session minist\u00e9rielle du Comit\u00e9 de coordination du Forum Global de Lutte contre le Terrorisme (FGLCT), indique un communiqu\u00e9 du minist\u00e8re. &#013; &#013; Lors de cette r\u00e9union, le ministre \u00ab\u00a0a r\u00e9it\u00e9r\u00e9 le soutien de l\u2019Alg\u00e9rie aux\u00a0activit\u00e9s de cette<\/p>\n","protected":false},"author":6,"featured_media":16110,"comment_status":"open","ping_status":"open","sticky":false,"template":"","format":"standard","meta":{"footnotes":""},"categories":[22],"tags":[93],"class_list":["post-16109","post","type-post","status-publish","format-standard","has-post-thumbnail","hentry","category-infos","tag-onu"],"yoast_head":"<!-- This site is optimized with the Yoast SEO plugin v27.5 - https:\/\/yoast.com\/product\/yoast-seo-wordpress\/ -->\n<title>Messahel participe \u00e0 New York aux travaux de la 8\u00e8me session minist\u00e9rielle du Comit\u00e9 de coordination du FGLCT - info algerie<\/title>\n<meta name=\"robots\" content=\"index, follow, max-snippet:-1, max-image-preview:large, max-video-preview:-1\" \/>\n<link rel=\"canonical\" href=\"https:\/\/www.info-algerie.com\/actualites\/messahel-participe-a-new-york-aux-travaux-de-la-8eme-session-ministerielle-du-comite-de-coordination-du-fglct\/\" \/>\n<meta property=\"og:locale\" content=\"fr_FR\" \/>\n<meta property=\"og:type\" content=\"article\" \/>\n<meta property=\"og:title\" content=\"Messahel participe \u00e0 New York aux travaux de la 8\u00e8me session minist\u00e9rielle du Comit\u00e9 de coordination du FGLCT - info algerie\" \/>\n<meta property=\"og:description\" content=\"ALGER- Le ministre des Affaires \u00e9trang\u00e8res Abdelkader Messahel, a pris part mercredi \u00e0 New York \u00e0 la 8\u00e8me session minist\u00e9rielle du Comit\u00e9 de coordination du Forum Global de Lutte contre le Terrorisme (FGLCT), indique un communiqu\u00e9 du minist\u00e8re. &#013; &#013; Lors de cette r\u00e9union, le ministre \u00ab\u00a0a r\u00e9it\u00e9r\u00e9 le soutien de l\u2019Alg\u00e9rie aux\u00a0activit\u00e9s de cette\" \/>\n<meta property=\"og:url\" content=\"https:\/\/www.info-algerie.com\/actualites\/messahel-participe-a-new-york-aux-travaux-de-la-8eme-session-ministerielle-du-comite-de-coordination-du-fglct\/\" \/>\n<meta property=\"og:site_name\" content=\"info algerie\" \/>\n<meta property=\"article:publisher\" content=\"https:\/\/www.facebook.com\/infoalgerieactu\" \/>\n<meta property=\"article:published_time\" content=\"2017-09-20T16:46:03+00:00\" \/>\n<meta property=\"og:image\" content=\"https:\/\/www.info-algerie.com\/actualites\/wp-content\/uploads\/2017\/09\/6fb4d3b5da89a233af9933168969e8ee_S-1.jpg\" \/>\n\t<meta property=\"og:image:width\" content=\"280\" \/>\n\t<meta property=\"og:image:height\" content=\"169\" \/>\n\t<meta property=\"og:image:type\" content=\"image\/jpeg\" \/>\n<meta name=\"author\" content=\"La r\u00e9daction\" \/>\n<meta name=\"twitter:label1\" content=\"\u00c9crit par\" \/>\n\t<meta name=\"twitter:data1\" content=\"La r\u00e9daction\" \/>\n\t<meta name=\"twitter:label2\" content=\"Dur\u00e9e de lecture estim\u00e9e\" \/>\n\t<meta name=\"twitter:data2\" content=\"2 minutes\" \/>\n<script type=\"application\/ld+json\" class=\"yoast-schema-graph\">{\"@context\":\"https:\\\/\\\/schema.org\",\"@graph\":[{\"@type\":\"Article\",\"@id\":\"https:\\\/\\\/www.info-algerie.com\\\/actualites\\\/messahel-participe-a-new-york-aux-travaux-de-la-8eme-session-ministerielle-du-comite-de-coordination-du-fglct\\\/#article\",\"isPartOf\":{\"@id\":\"https:\\\/\\\/www.info-algerie.com\\\/actualites\\\/messahel-participe-a-new-york-aux-travaux-de-la-8eme-session-ministerielle-du-comite-de-coordination-du-fglct\\\/\"},\"author\":{\"name\":\"La r\u00e9daction\",\"@id\":\"https:\\\/\\\/www.info-algerie.com\\\/actualites\\\/#\\\/schema\\\/person\\\/847aaec44920825b843a08f30ec6aa1e\"},\"headline\":\"Messahel participe \u00e0 New York aux travaux de la 8\u00e8me session minist\u00e9rielle du Comit\u00e9 de coordination du FGLCT\",\"datePublished\":\"2017-09-20T16:46:03+00:00\",\"mainEntityOfPage\":{\"@id\":\"https:\\\/\\\/www.info-algerie.com\\\/actualites\\\/messahel-participe-a-new-york-aux-travaux-de-la-8eme-session-ministerielle-du-comite-de-coordination-du-fglct\\\/\"},\"wordCount\":427,\"commentCount\":0,\"publisher\":{\"@id\":\"https:\\\/\\\/www.info-algerie.com\\\/actualites\\\/#organization\"},\"image\":{\"@id\":\"https:\\\/\\\/www.info-algerie.com\\\/actualites\\\/messahel-participe-a-new-york-aux-travaux-de-la-8eme-session-ministerielle-du-comite-de-coordination-du-fglct\\\/#primaryimage\"},\"thumbnailUrl\":\"https:\\\/\\\/www.info-algerie.com\\\/actualites\\\/wp-content\\\/uploads\\\/2017\\\/09\\\/6fb4d3b5da89a233af9933168969e8ee_S-1.jpg\",\"keywords\":[\"ONU\"],\"articleSection\":[\"infos\"],\"inLanguage\":\"fr-FR\",\"potentialAction\":[{\"@type\":\"CommentAction\",\"name\":\"Comment\",\"target\":[\"https:\\\/\\\/www.info-algerie.com\\\/actualites\\\/messahel-participe-a-new-york-aux-travaux-de-la-8eme-session-ministerielle-du-comite-de-coordination-du-fglct\\\/#respond\"]}]},{\"@type\":\"WebPage\",\"@id\":\"https:\\\/\\\/www.info-algerie.com\\\/actualites\\\/messahel-participe-a-new-york-aux-travaux-de-la-8eme-session-ministerielle-du-comite-de-coordination-du-fglct\\\/\",\"url\":\"https:\\\/\\\/www.info-algerie.com\\\/actualites\\\/messahel-participe-a-new-york-aux-travaux-de-la-8eme-session-ministerielle-du-comite-de-coordination-du-fglct\\\/\",\"name\":\"Messahel participe \u00e0 New York aux travaux de la 8\u00e8me session minist\u00e9rielle du Comit\u00e9 de coordination du FGLCT - info algerie\",\"isPartOf\":{\"@id\":\"https:\\\/\\\/www.info-algerie.com\\\/actualites\\\/#website\"},\"primaryImageOfPage\":{\"@id\":\"https:\\\/\\\/www.info-algerie.com\\\/actualites\\\/messahel-participe-a-new-york-aux-travaux-de-la-8eme-session-ministerielle-du-comite-de-coordination-du-fglct\\\/#primaryimage\"},\"image\":{\"@id\":\"https:\\\/\\\/www.info-algerie.com\\\/actualites\\\/messahel-participe-a-new-york-aux-travaux-de-la-8eme-session-ministerielle-du-comite-de-coordination-du-fglct\\\/#primaryimage\"},\"thumbnailUrl\":\"https:\\\/\\\/www.info-algerie.com\\\/actualites\\\/wp-content\\\/uploads\\\/2017\\\/09\\\/6fb4d3b5da89a233af9933168969e8ee_S-1.jpg\",\"datePublished\":\"2017-09-20T16:46:03+00:00\",\"breadcrumb\":{\"@id\":\"https:\\\/\\\/www.info-algerie.com\\\/actualites\\\/messahel-participe-a-new-york-aux-travaux-de-la-8eme-session-ministerielle-du-comite-de-coordination-du-fglct\\\/#breadcrumb\"},\"inLanguage\":\"fr-FR\",\"potentialAction\":[{\"@type\":\"ReadAction\",\"target\":[\"https:\\\/\\\/www.info-algerie.com\\\/actualites\\\/messahel-participe-a-new-york-aux-travaux-de-la-8eme-session-ministerielle-du-comite-de-coordination-du-fglct\\\/\"]}]},{\"@type\":\"ImageObject\",\"inLanguage\":\"fr-FR\",\"@id\":\"https:\\\/\\\/www.info-algerie.com\\\/actualites\\\/messahel-participe-a-new-york-aux-travaux-de-la-8eme-session-ministerielle-du-comite-de-coordination-du-fglct\\\/#primaryimage\",\"url\":\"https:\\\/\\\/www.info-algerie.com\\\/actualites\\\/wp-content\\\/uploads\\\/2017\\\/09\\\/6fb4d3b5da89a233af9933168969e8ee_S-1.jpg\",\"contentUrl\":\"https:\\\/\\\/www.info-algerie.com\\\/actualites\\\/wp-content\\\/uploads\\\/2017\\\/09\\\/6fb4d3b5da89a233af9933168969e8ee_S-1.jpg\",\"width\":280,\"height\":169},{\"@type\":\"BreadcrumbList\",\"@id\":\"https:\\\/\\\/www.info-algerie.com\\\/actualites\\\/messahel-participe-a-new-york-aux-travaux-de-la-8eme-session-ministerielle-du-comite-de-coordination-du-fglct\\\/#breadcrumb\",\"itemListElement\":[{\"@type\":\"ListItem\",\"position\":1,\"name\":\"Accueil\",\"item\":\"https:\\\/\\\/www.info-algerie.com\\\/actualites\\\/\"},{\"@type\":\"ListItem\",\"position\":2,\"name\":\"Messahel participe \u00e0 New York aux travaux de la 8\u00e8me session minist\u00e9rielle du Comit\u00e9 de coordination du FGLCT\"}]},{\"@type\":\"WebSite\",\"@id\":\"https:\\\/\\\/www.info-algerie.com\\\/actualites\\\/#website\",\"url\":\"https:\\\/\\\/www.info-algerie.com\\\/actualites\\\/\",\"name\":\"info algerie\",\"description\":\"Toutes les actualit\u00e9s\",\"publisher\":{\"@id\":\"https:\\\/\\\/www.info-algerie.com\\\/actualites\\\/#organization\"},\"potentialAction\":[{\"@type\":\"SearchAction\",\"target\":{\"@type\":\"EntryPoint\",\"urlTemplate\":\"https:\\\/\\\/www.info-algerie.com\\\/actualites\\\/?s={search_term_string}\"},\"query-input\":{\"@type\":\"PropertyValueSpecification\",\"valueRequired\":true,\"valueName\":\"search_term_string\"}}],\"inLanguage\":\"fr-FR\"},{\"@type\":\"Organization\",\"@id\":\"https:\\\/\\\/www.info-algerie.com\\\/actualites\\\/#organization\",\"name\":\"info algerie\",\"url\":\"https:\\\/\\\/www.info-algerie.com\\\/actualites\\\/\",\"logo\":{\"@type\":\"ImageObject\",\"inLanguage\":\"fr-FR\",\"@id\":\"https:\\\/\\\/www.info-algerie.com\\\/actualites\\\/#\\\/schema\\\/logo\\\/image\\\/\",\"url\":\"https:\\\/\\\/www.info-algerie.com\\\/actualites\\\/wp-content\\\/uploads\\\/2022\\\/07\\\/logo-ia-120.png\",\"contentUrl\":\"https:\\\/\\\/www.info-algerie.com\\\/actualites\\\/wp-content\\\/uploads\\\/2022\\\/07\\\/logo-ia-120.png\",\"width\":120,\"height\":43,\"caption\":\"info algerie\"},\"image\":{\"@id\":\"https:\\\/\\\/www.info-algerie.com\\\/actualites\\\/#\\\/schema\\\/logo\\\/image\\\/\"},\"sameAs\":[\"https:\\\/\\\/www.facebook.com\\\/infoalgerieactu\",\"https:\\\/\\\/x.com\\\/infoalgerie1\"]},{\"@type\":\"Person\",\"@id\":\"https:\\\/\\\/www.info-algerie.com\\\/actualites\\\/#\\\/schema\\\/person\\\/847aaec44920825b843a08f30ec6aa1e\",\"name\":\"La r\u00e9daction\",\"image\":{\"@type\":\"ImageObject\",\"inLanguage\":\"fr-FR\",\"@id\":\"https:\\\/\\\/secure.gravatar.com\\\/avatar\\\/769db425c6f465158149f1ffd6cf61ce7a8a879d11dfbef8288af36dfddd418c?s=96&d=mm&r=g\",\"url\":\"https:\\\/\\\/secure.gravatar.com\\\/avatar\\\/769db425c6f465158149f1ffd6cf61ce7a8a879d11dfbef8288af36dfddd418c?s=96&d=mm&r=g\",\"contentUrl\":\"https:\\\/\\\/secure.gravatar.com\\\/avatar\\\/769db425c6f465158149f1ffd6cf61ce7a8a879d11dfbef8288af36dfddd418c?s=96&d=mm&r=g\",\"caption\":\"La r\u00e9daction\"},\"sameAs\":[\"http:\\\/\\\/www.lkeria.com\\\/\"],\"url\":\"https:\\\/\\\/www.info-algerie.com\\\/actualites\\\/author\\\/chakib32\\\/\"}]}<\/script>\n<!-- \/ Yoast SEO plugin. -->","yoast_head_json":{"title":"Messahel participe \u00e0 New York aux travaux de la 8\u00e8me session minist\u00e9rielle du Comit\u00e9 de coordination du FGLCT - info algerie","robots":{"index":"index","follow":"follow","max-snippet":"max-snippet:-1","max-image-preview":"max-image-preview:large","max-video-preview":"max-video-preview:-1"},"canonical":"https:\/\/www.info-algerie.com\/actualites\/messahel-participe-a-new-york-aux-travaux-de-la-8eme-session-ministerielle-du-comite-de-coordination-du-fglct\/","og_locale":"fr_FR","og_type":"article","og_title":"Messahel participe \u00e0 New York aux travaux de la 8\u00e8me session minist\u00e9rielle du Comit\u00e9 de coordination du FGLCT - info algerie","og_description":"ALGER- Le ministre des Affaires \u00e9trang\u00e8res Abdelkader Messahel, a pris part mercredi \u00e0 New York \u00e0 la 8\u00e8me session minist\u00e9rielle du Comit\u00e9 de coordination du Forum Global de Lutte contre le Terrorisme (FGLCT), indique un communiqu\u00e9 du minist\u00e8re. &#013; &#013; Lors de cette r\u00e9union, le ministre \u00ab\u00a0a r\u00e9it\u00e9r\u00e9 le soutien de l\u2019Alg\u00e9rie aux\u00a0activit\u00e9s de cette","og_url":"https:\/\/www.info-algerie.com\/actualites\/messahel-participe-a-new-york-aux-travaux-de-la-8eme-session-ministerielle-du-comite-de-coordination-du-fglct\/","og_site_name":"info algerie","article_publisher":"https:\/\/www.facebook.com\/infoalgerieactu","article_published_time":"2017-09-20T16:46:03+00:00","og_image":[{"width":280,"height":169,"url":"https:\/\/www.info-algerie.com\/actualites\/wp-content\/uploads\/2017\/09\/6fb4d3b5da89a233af9933168969e8ee_S-1.jpg","type":"image\/jpeg"}],"author":"La r\u00e9daction","twitter_misc":{"\u00c9crit par":"La r\u00e9daction","Dur\u00e9e de lecture estim\u00e9e":"2 minutes"},"schema":{"@context":"https:\/\/schema.org","@graph":[{"@type":"Article","@id":"https:\/\/www.info-algerie.com\/actualites\/messahel-participe-a-new-york-aux-travaux-de-la-8eme-session-ministerielle-du-comite-de-coordination-du-fglct\/#article","isPartOf":{"@id":"https:\/\/www.info-algerie.com\/actualites\/messahel-participe-a-new-york-aux-travaux-de-la-8eme-session-ministerielle-du-comite-de-coordination-du-fglct\/"},"author":{"name":"La r\u00e9daction","@id":"https:\/\/www.info-algerie.com\/actualites\/#\/schema\/person\/847aaec44920825b843a08f30ec6aa1e"},"headline":"Messahel participe \u00e0 New York aux travaux de la 8\u00e8me session minist\u00e9rielle du Comit\u00e9 de coordination du FGLCT","datePublished":"2017-09-20T16:46:03+00:00","mainEntityOfPage":{"@id":"https:\/\/www.info-algerie.com\/actualites\/messahel-participe-a-new-york-aux-travaux-de-la-8eme-session-ministerielle-du-comite-de-coordination-du-fglct\/"},"wordCount":427,"commentCount":0,"publisher":{"@id":"https:\/\/www.info-algerie.com\/actualites\/#organization"},"image":{"@id":"https:\/\/www.info-algerie.com\/actualites\/messahel-participe-a-new-york-aux-travaux-de-la-8eme-session-ministerielle-du-comite-de-coordination-du-fglct\/#primaryimage"},"thumbnailUrl":"https:\/\/www.info-algerie.com\/actualites\/wp-content\/uploads\/2017\/09\/6fb4d3b5da89a233af9933168969e8ee_S-1.jpg","keywords":["ONU"],"articleSection":["infos"],"inLanguage":"fr-FR","potentialAction":[{"@type":"CommentAction","name":"Comment","target":["https:\/\/www.info-algerie.com\/actualites\/messahel-participe-a-new-york-aux-travaux-de-la-8eme-session-ministerielle-du-comite-de-coordination-du-fglct\/#respond"]}]},{"@type":"WebPage","@id":"https:\/\/www.info-algerie.com\/actualites\/messahel-participe-a-new-york-aux-travaux-de-la-8eme-session-ministerielle-du-comite-de-coordination-du-fglct\/","url":"https:\/\/www.info-algerie.com\/actualites\/messahel-participe-a-new-york-aux-travaux-de-la-8eme-session-ministerielle-du-comite-de-coordination-du-fglct\/","name":"Messahel participe \u00e0 New York aux travaux de la 8\u00e8me session minist\u00e9rielle du Comit\u00e9 de coordination du FGLCT - info algerie","isPartOf":{"@id":"https:\/\/www.info-algerie.com\/actualites\/#website"},"primaryImageOfPage":{"@id":"https:\/\/www.info-algerie.com\/actualites\/messahel-participe-a-new-york-aux-travaux-de-la-8eme-session-ministerielle-du-comite-de-coordination-du-fglct\/#primaryimage"},"image":{"@id":"https:\/\/www.info-algerie.com\/actualites\/messahel-participe-a-new-york-aux-travaux-de-la-8eme-session-ministerielle-du-comite-de-coordination-du-fglct\/#primaryimage"},"thumbnailUrl":"https:\/\/www.info-algerie.com\/actualites\/wp-content\/uploads\/2017\/09\/6fb4d3b5da89a233af9933168969e8ee_S-1.jpg","datePublished":"2017-09-20T16:46:03+00:00","breadcrumb":{"@id":"https:\/\/www.info-algerie.com\/actualites\/messahel-participe-a-new-york-aux-travaux-de-la-8eme-session-ministerielle-du-comite-de-coordination-du-fglct\/#breadcrumb"},"inLanguage":"fr-FR","potentialAction":[{"@type":"ReadAction","target":["https:\/\/www.info-algerie.com\/actualites\/messahel-participe-a-new-york-aux-travaux-de-la-8eme-session-ministerielle-du-comite-de-coordination-du-fglct\/"]}]},{"@type":"ImageObject","inLanguage":"fr-FR","@id":"https:\/\/www.info-algerie.com\/actualites\/messahel-participe-a-new-york-aux-travaux-de-la-8eme-session-ministerielle-du-comite-de-coordination-du-fglct\/#primaryimage","url":"https:\/\/www.info-algerie.com\/actualites\/wp-content\/uploads\/2017\/09\/6fb4d3b5da89a233af9933168969e8ee_S-1.jpg","contentUrl":"https:\/\/www.info-algerie.com\/actualites\/wp-content\/uploads\/2017\/09\/6fb4d3b5da89a233af9933168969e8ee_S-1.jpg","width":280,"height":169},{"@type":"BreadcrumbList","@id":"https:\/\/www.info-algerie.com\/actualites\/messahel-participe-a-new-york-aux-travaux-de-la-8eme-session-ministerielle-du-comite-de-coordination-du-fglct\/#breadcrumb","itemListElement":[{"@type":"ListItem","position":1,"name":"Accueil","item":"https:\/\/www.info-algerie.com\/actualites\/"},{"@type":"ListItem","position":2,"name":"Messahel participe \u00e0 New York aux travaux de la 8\u00e8me session minist\u00e9rielle du Comit\u00e9 de coordination du FGLCT"}]},{"@type":"WebSite","@id":"https:\/\/www.info-algerie.com\/actualites\/#website","url":"https:\/\/www.info-algerie.com\/actualites\/","name":"info algerie","description":"Toutes les actualit\u00e9s","publisher":{"@id":"https:\/\/www.info-algerie.com\/actualites\/#organization"},"potentialAction":[{"@type":"SearchAction","target":{"@type":"EntryPoint","urlTemplate":"https:\/\/www.info-algerie.com\/actualites\/?s={search_term_string}"},"query-input":{"@type":"PropertyValueSpecification","valueRequired":true,"valueName":"search_term_string"}}],"inLanguage":"fr-FR"},{"@type":"Organization","@id":"https:\/\/www.info-algerie.com\/actualites\/#organization","name":"info algerie","url":"https:\/\/www.info-algerie.com\/actualites\/","logo":{"@type":"ImageObject","inLanguage":"fr-FR","@id":"https:\/\/www.info-algerie.com\/actualites\/#\/schema\/logo\/image\/","url":"https:\/\/www.info-algerie.com\/actualites\/wp-content\/uploads\/2022\/07\/logo-ia-120.png","contentUrl":"https:\/\/www.info-algerie.com\/actualites\/wp-content\/uploads\/2022\/07\/logo-ia-120.png","width":120,"height":43,"caption":"info algerie"},"image":{"@id":"https:\/\/www.info-algerie.com\/actualites\/#\/schema\/logo\/image\/"},"sameAs":["https:\/\/www.facebook.com\/infoalgerieactu","https:\/\/x.com\/infoalgerie1"]},{"@type":"Person","@id":"https:\/\/www.info-algerie.com\/actualites\/#\/schema\/person\/847aaec44920825b843a08f30ec6aa1e","name":"La r\u00e9daction","image":{"@type":"ImageObject","inLanguage":"fr-FR","@id":"https:\/\/secure.gravatar.com\/avatar\/769db425c6f465158149f1ffd6cf61ce7a8a879d11dfbef8288af36dfddd418c?s=96&d=mm&r=g","url":"https:\/\/secure.gravatar.com\/avatar\/769db425c6f465158149f1ffd6cf61ce7a8a879d11dfbef8288af36dfddd418c?s=96&d=mm&r=g","contentUrl":"https:\/\/secure.gravatar.com\/avatar\/769db425c6f465158149f1ffd6cf61ce7a8a879d11dfbef8288af36dfddd418c?s=96&d=mm&r=g","caption":"La r\u00e9daction"},"sameAs":["http:\/\/www.lkeria.com\/"],"url":"https:\/\/www.info-algerie.com\/actualites\/author\/chakib32\/"}]}},"_links":{"self":[{"href":"https:\/\/www.info-algerie.com\/actualites\/wp-json\/wp\/v2\/posts\/16109","targetHints":{"allow":["GET"]}}],"collection":[{"href":"https:\/\/www.info-algerie.com\/actualites\/wp-json\/wp\/v2\/posts"}],"about":[{"href":"https:\/\/www.info-algerie.com\/actualites\/wp-json\/wp\/v2\/types\/post"}],"author":[{"embeddable":true,"href":"https:\/\/www.info-algerie.com\/actualites\/wp-json\/wp\/v2\/users\/6"}],"replies":[{"embeddable":true,"href":"https:\/\/www.info-algerie.com\/actualites\/wp-json\/wp\/v2\/comments?post=16109"}],"version-history":[{"count":0,"href":"https:\/\/www.info-algerie.com\/actualites\/wp-json\/wp\/v2\/posts\/16109\/revisions"}],"wp:featuredmedia":[{"embeddable":true,"href":"https:\/\/www.info-algerie.com\/actualites\/wp-json\/wp\/v2\/media\/16110"}],"wp:attachment":[{"href":"https:\/\/www.info-algerie.com\/actualites\/wp-json\/wp\/v2\/media?parent=16109"}],"wp:term":[{"taxonomy":"category","embeddable":true,"href":"https:\/\/www.info-algerie.com\/actualites\/wp-json\/wp\/v2\/categories?post=16109"},{"taxonomy":"post_tag","embeddable":true,"href":"https:\/\/www.info-algerie.com\/actualites\/wp-json\/wp\/v2\/tags?post=16109"}],"curies":[{"name":"wp","href":"https:\/\/api.w.org\/{rel}","templated":true}]}}