{"id":16120,"date":"2017-09-20T18:28:55","date_gmt":"2017-09-20T17:28:55","guid":{"rendered":"http:\/\/www.info-algerie.com\/actualites\/cas-dincompatibilite-avec-le-mandat-parlementaire-la-commission-des-affaires-juridiques-de-lapn-examine-les-declarations-des-deputes\/"},"modified":"2017-09-20T18:28:55","modified_gmt":"2017-09-20T17:28:55","slug":"cas-dincompatibilite-avec-le-mandat-parlementaire-la-commission-des-affaires-juridiques-de-lapn-examine-les-declarations-des-deputes","status":"publish","type":"post","link":"https:\/\/www.info-algerie.com\/actualites\/cas-dincompatibilite-avec-le-mandat-parlementaire-la-commission-des-affaires-juridiques-de-lapn-examine-les-declarations-des-deputes\/","title":{"rendered":"Cas d&#039;incompatibilit\u00e9 avec le mandat parlementaire: la Commission des Affaires juridiques de l&#039;APN examine les d\u00e9clarations des d\u00e9put\u00e9s"},"content":{"rendered":"<div class=\"K2FeedIntroText\">\n<p>ALGER- La Commission des Affaires juridiques,\u00a0 administratives et des libert\u00e9s de l&rsquo;Assembl\u00e9e populaire nationale (APN), a\u00a0<span style=\"font-size: 12.16px\">examin\u00e9 mercredi les d\u00e9clarations des d\u00e9put\u00e9s soumises \u00e0 la commission dans<\/span><span style=\"font-size: 12.16px\">\u00a0 <\/span><span style=\"font-size: 12.16px\">le cadre de la mise en \u0153uvre de la loi d\u00e9finissant les cas<\/span><span style=\"font-size: 12.16px\">\u00a0<\/span>d&rsquo;incompatibilit\u00e9 avec le mandat parlementaire, indique un communiqu\u00e9 de\u00a0 l&rsquo;Assembl\u00e9e.<\/p>\n<p>&#013;\n<\/p><\/div>\n<div class=\"K2FeedFullText\">&#013;<\/p>\n<p class=\"MsoNormal\">\u00a0<\/p>\n<p>&#013;<\/p>\n<p class=\"MsoNormal\">La commission s&rsquo;est r\u00e9unie sous la pr\u00e9sidence de Cherif Nezzar, pour \u00a0\u00ab\u00a0arr\u00eater le calendrier des travaux et examiner les d\u00e9clarations des d\u00e9put\u00e9s\u00a0 soumises \u00e0 la commission conform\u00e9ment aux dispositions de la loi organique\u00a0 N 12-02 d\u00e9finissant les cas d&rsquo;incompatibilit\u00e9 avec le mandat\u00a0 parlementaire\u00a0\u00bb, ajoute le communiqu\u00e9.<\/p>\n<p>&#013;<\/p>\n<p class=\"MsoNormal\">Au d\u00e9but de la r\u00e9union, le pr\u00e9sident de la Commission a insist\u00e9 sur\u00a0\u00ab\u00a0l&rsquo;imp\u00e9ratif de se conformer \u00e0 la loi, d&rsquo;autant qu&rsquo;il est stipul\u00e9 dans\u00a0<span style=\"font-size: 12.16px\">l&rsquo;article 116 de la Constitution que le d\u00e9put\u00e9 doit se consacrer pleinement<\/span><span style=\"font-size: 12.16px\">\u00a0 <\/span><span style=\"font-size: 12.16px\">\u00e0 l&rsquo;exercice de son mandat\u00a0\u00bb.<\/span><\/p>\n<p>&#013;<\/p>\n<p class=\"MsoNormal\">\u00a0<\/p>\n<p>&#013;<\/p>\n<p class=\"MsoNormal\">A la fin des travaux, la commission devrait \u00e9laborer un rapport sur son\u00a0 activit\u00e9 qui sera ult\u00e9rieurement soumis pour avis au bureau du Conseil,\u00a0<span style=\"font-size: 12.16px\">conclut le document.\u00a0<\/span><\/p>\n<p>&#013;<\/p>\n<p class=\"MsoNormal\">\u00a0<\/p>\n<\/div>\n<p>&#013;<br \/>\nSource: <a href=\"http:\/\/www.aps.dz\/algerie\/63052-cas-d-incompatibilite-avec-le-mandat-parlementaire-la-commission-des-affaires-juridiques-de-l-apn-examine-les-declarations-des-deputes\" target=\"_blank\">Cas d&rsquo;incompatibilit\u00e9 avec le mandat parlementaire: la Commission des Affaires juridiques de l&rsquo;APN examine les d\u00e9clarations des d\u00e9put\u00e9s<\/a><\/p>\n<!--CusAds0-->\n<div style=\"font-size: 0px; height: 0px; line-height: 0px; margin: 0; padding: 0; clear: both;\"><\/div>","protected":false},"excerpt":{"rendered":"<p>ALGER- La Commission des Affaires juridiques,\u00a0 administratives et des libert\u00e9s de l&rsquo;Assembl\u00e9e populaire nationale (APN), a\u00a0examin\u00e9 mercredi les d\u00e9clarations des d\u00e9put\u00e9s soumises \u00e0 la commission dans\u00a0 le cadre de la mise en \u0153uvre de la loi d\u00e9finissant les cas\u00a0d&rsquo;incompatibilit\u00e9 avec le mandat parlementaire, indique un communiqu\u00e9 de\u00a0 l&rsquo;Assembl\u00e9e. &#013; &#013; \u00a0 &#013; La commission s&rsquo;est<\/p>\n","protected":false},"author":6,"featured_media":0,"comment_status":"open","ping_status":"open","sticky":false,"template":"","format":"standard","meta":{"footnotes":""},"categories":[22],"tags":[93],"class_list":["post-16120","post","type-post","status-publish","format-standard","hentry","category-infos","tag-onu"],"yoast_head":"<!-- This site is optimized with the Yoast SEO plugin v27.5 - https:\/\/yoast.com\/product\/yoast-seo-wordpress\/ -->\n<title>Cas d&#039;incompatibilit\u00e9 avec le mandat parlementaire: la Commission des Affaires juridiques de l&#039;APN examine les d\u00e9clarations des d\u00e9put\u00e9s - info algerie<\/title>\n<meta name=\"robots\" content=\"index, follow, max-snippet:-1, max-image-preview:large, max-video-preview:-1\" \/>\n<link rel=\"canonical\" href=\"https:\/\/www.info-algerie.com\/actualites\/cas-dincompatibilite-avec-le-mandat-parlementaire-la-commission-des-affaires-juridiques-de-lapn-examine-les-declarations-des-deputes\/\" \/>\n<meta property=\"og:locale\" content=\"fr_FR\" \/>\n<meta property=\"og:type\" content=\"article\" \/>\n<meta property=\"og:title\" content=\"Cas d&#039;incompatibilit\u00e9 avec le mandat parlementaire: la Commission des Affaires juridiques de l&#039;APN examine les d\u00e9clarations des d\u00e9put\u00e9s - info algerie\" \/>\n<meta property=\"og:description\" content=\"ALGER- La Commission des Affaires juridiques,\u00a0 administratives et des libert\u00e9s de l&rsquo;Assembl\u00e9e populaire nationale (APN), a\u00a0examin\u00e9 mercredi les d\u00e9clarations des d\u00e9put\u00e9s soumises \u00e0 la commission dans\u00a0 le cadre de la mise en \u0153uvre de la loi d\u00e9finissant les cas\u00a0d&rsquo;incompatibilit\u00e9 avec le mandat parlementaire, indique un communiqu\u00e9 de\u00a0 l&rsquo;Assembl\u00e9e. &#013; &#013; \u00a0 &#013; La commission s&rsquo;est\" \/>\n<meta property=\"og:url\" content=\"https:\/\/www.info-algerie.com\/actualites\/cas-dincompatibilite-avec-le-mandat-parlementaire-la-commission-des-affaires-juridiques-de-lapn-examine-les-declarations-des-deputes\/\" \/>\n<meta property=\"og:site_name\" content=\"info algerie\" \/>\n<meta property=\"article:publisher\" content=\"https:\/\/www.facebook.com\/infoalgerieactu\" \/>\n<meta property=\"article:published_time\" content=\"2017-09-20T17:28:55+00:00\" \/>\n<meta name=\"author\" content=\"La r\u00e9daction\" \/>\n<meta name=\"twitter:label1\" content=\"\u00c9crit par\" \/>\n\t<meta name=\"twitter:data1\" content=\"La r\u00e9daction\" \/>\n\t<meta name=\"twitter:label2\" content=\"Dur\u00e9e de lecture estim\u00e9e\" \/>\n\t<meta name=\"twitter:data2\" content=\"1 minute\" \/>\n<script type=\"application\/ld+json\" class=\"yoast-schema-graph\">{\"@context\":\"https:\\\/\\\/schema.org\",\"@graph\":[{\"@type\":\"Article\",\"@id\":\"https:\\\/\\\/www.info-algerie.com\\\/actualites\\\/cas-dincompatibilite-avec-le-mandat-parlementaire-la-commission-des-affaires-juridiques-de-lapn-examine-les-declarations-des-deputes\\\/#article\",\"isPartOf\":{\"@id\":\"https:\\\/\\\/www.info-algerie.com\\\/actualites\\\/cas-dincompatibilite-avec-le-mandat-parlementaire-la-commission-des-affaires-juridiques-de-lapn-examine-les-declarations-des-deputes\\\/\"},\"author\":{\"name\":\"La r\u00e9daction\",\"@id\":\"https:\\\/\\\/www.info-algerie.com\\\/actualites\\\/#\\\/schema\\\/person\\\/847aaec44920825b843a08f30ec6aa1e\"},\"headline\":\"Cas d&#039;incompatibilit\u00e9 avec le mandat parlementaire: la Commission des Affaires juridiques de l&#039;APN examine les d\u00e9clarations des d\u00e9put\u00e9s\",\"datePublished\":\"2017-09-20T17:28:55+00:00\",\"mainEntityOfPage\":{\"@id\":\"https:\\\/\\\/www.info-algerie.com\\\/actualites\\\/cas-dincompatibilite-avec-le-mandat-parlementaire-la-commission-des-affaires-juridiques-de-lapn-examine-les-declarations-des-deputes\\\/\"},\"wordCount\":238,\"commentCount\":0,\"publisher\":{\"@id\":\"https:\\\/\\\/www.info-algerie.com\\\/actualites\\\/#organization\"},\"keywords\":[\"ONU\"],\"articleSection\":[\"infos\"],\"inLanguage\":\"fr-FR\",\"potentialAction\":[{\"@type\":\"CommentAction\",\"name\":\"Comment\",\"target\":[\"https:\\\/\\\/www.info-algerie.com\\\/actualites\\\/cas-dincompatibilite-avec-le-mandat-parlementaire-la-commission-des-affaires-juridiques-de-lapn-examine-les-declarations-des-deputes\\\/#respond\"]}]},{\"@type\":\"WebPage\",\"@id\":\"https:\\\/\\\/www.info-algerie.com\\\/actualites\\\/cas-dincompatibilite-avec-le-mandat-parlementaire-la-commission-des-affaires-juridiques-de-lapn-examine-les-declarations-des-deputes\\\/\",\"url\":\"https:\\\/\\\/www.info-algerie.com\\\/actualites\\\/cas-dincompatibilite-avec-le-mandat-parlementaire-la-commission-des-affaires-juridiques-de-lapn-examine-les-declarations-des-deputes\\\/\",\"name\":\"Cas d&#039;incompatibilit\u00e9 avec le mandat parlementaire: la Commission des Affaires juridiques de l&#039;APN examine les d\u00e9clarations des d\u00e9put\u00e9s - info algerie\",\"isPartOf\":{\"@id\":\"https:\\\/\\\/www.info-algerie.com\\\/actualites\\\/#website\"},\"datePublished\":\"2017-09-20T17:28:55+00:00\",\"breadcrumb\":{\"@id\":\"https:\\\/\\\/www.info-algerie.com\\\/actualites\\\/cas-dincompatibilite-avec-le-mandat-parlementaire-la-commission-des-affaires-juridiques-de-lapn-examine-les-declarations-des-deputes\\\/#breadcrumb\"},\"inLanguage\":\"fr-FR\",\"potentialAction\":[{\"@type\":\"ReadAction\",\"target\":[\"https:\\\/\\\/www.info-algerie.com\\\/actualites\\\/cas-dincompatibilite-avec-le-mandat-parlementaire-la-commission-des-affaires-juridiques-de-lapn-examine-les-declarations-des-deputes\\\/\"]}]},{\"@type\":\"BreadcrumbList\",\"@id\":\"https:\\\/\\\/www.info-algerie.com\\\/actualites\\\/cas-dincompatibilite-avec-le-mandat-parlementaire-la-commission-des-affaires-juridiques-de-lapn-examine-les-declarations-des-deputes\\\/#breadcrumb\",\"itemListElement\":[{\"@type\":\"ListItem\",\"position\":1,\"name\":\"Accueil\",\"item\":\"https:\\\/\\\/www.info-algerie.com\\\/actualites\\\/\"},{\"@type\":\"ListItem\",\"position\":2,\"name\":\"Cas d&#039;incompatibilit\u00e9 avec le mandat parlementaire: la Commission des Affaires juridiques de l&#039;APN examine les d\u00e9clarations des d\u00e9put\u00e9s\"}]},{\"@type\":\"WebSite\",\"@id\":\"https:\\\/\\\/www.info-algerie.com\\\/actualites\\\/#website\",\"url\":\"https:\\\/\\\/www.info-algerie.com\\\/actualites\\\/\",\"name\":\"info algerie\",\"description\":\"Toutes les actualit\u00e9s\",\"publisher\":{\"@id\":\"https:\\\/\\\/www.info-algerie.com\\\/actualites\\\/#organization\"},\"potentialAction\":[{\"@type\":\"SearchAction\",\"target\":{\"@type\":\"EntryPoint\",\"urlTemplate\":\"https:\\\/\\\/www.info-algerie.com\\\/actualites\\\/?s={search_term_string}\"},\"query-input\":{\"@type\":\"PropertyValueSpecification\",\"valueRequired\":true,\"valueName\":\"search_term_string\"}}],\"inLanguage\":\"fr-FR\"},{\"@type\":\"Organization\",\"@id\":\"https:\\\/\\\/www.info-algerie.com\\\/actualites\\\/#organization\",\"name\":\"info algerie\",\"url\":\"https:\\\/\\\/www.info-algerie.com\\\/actualites\\\/\",\"logo\":{\"@type\":\"ImageObject\",\"inLanguage\":\"fr-FR\",\"@id\":\"https:\\\/\\\/www.info-algerie.com\\\/actualites\\\/#\\\/schema\\\/logo\\\/image\\\/\",\"url\":\"https:\\\/\\\/www.info-algerie.com\\\/actualites\\\/wp-content\\\/uploads\\\/2022\\\/07\\\/logo-ia-120.png\",\"contentUrl\":\"https:\\\/\\\/www.info-algerie.com\\\/actualites\\\/wp-content\\\/uploads\\\/2022\\\/07\\\/logo-ia-120.png\",\"width\":120,\"height\":43,\"caption\":\"info algerie\"},\"image\":{\"@id\":\"https:\\\/\\\/www.info-algerie.com\\\/actualites\\\/#\\\/schema\\\/logo\\\/image\\\/\"},\"sameAs\":[\"https:\\\/\\\/www.facebook.com\\\/infoalgerieactu\",\"https:\\\/\\\/x.com\\\/infoalgerie1\"]},{\"@type\":\"Person\",\"@id\":\"https:\\\/\\\/www.info-algerie.com\\\/actualites\\\/#\\\/schema\\\/person\\\/847aaec44920825b843a08f30ec6aa1e\",\"name\":\"La r\u00e9daction\",\"image\":{\"@type\":\"ImageObject\",\"inLanguage\":\"fr-FR\",\"@id\":\"https:\\\/\\\/secure.gravatar.com\\\/avatar\\\/769db425c6f465158149f1ffd6cf61ce7a8a879d11dfbef8288af36dfddd418c?s=96&d=mm&r=g\",\"url\":\"https:\\\/\\\/secure.gravatar.com\\\/avatar\\\/769db425c6f465158149f1ffd6cf61ce7a8a879d11dfbef8288af36dfddd418c?s=96&d=mm&r=g\",\"contentUrl\":\"https:\\\/\\\/secure.gravatar.com\\\/avatar\\\/769db425c6f465158149f1ffd6cf61ce7a8a879d11dfbef8288af36dfddd418c?s=96&d=mm&r=g\",\"caption\":\"La r\u00e9daction\"},\"sameAs\":[\"http:\\\/\\\/www.lkeria.com\\\/\"],\"url\":\"https:\\\/\\\/www.info-algerie.com\\\/actualites\\\/author\\\/chakib32\\\/\"}]}<\/script>\n<!-- \/ Yoast SEO plugin. -->","yoast_head_json":{"title":"Cas d&#039;incompatibilit\u00e9 avec le mandat parlementaire: la Commission des Affaires juridiques de l&#039;APN examine les d\u00e9clarations des d\u00e9put\u00e9s - info algerie","robots":{"index":"index","follow":"follow","max-snippet":"max-snippet:-1","max-image-preview":"max-image-preview:large","max-video-preview":"max-video-preview:-1"},"canonical":"https:\/\/www.info-algerie.com\/actualites\/cas-dincompatibilite-avec-le-mandat-parlementaire-la-commission-des-affaires-juridiques-de-lapn-examine-les-declarations-des-deputes\/","og_locale":"fr_FR","og_type":"article","og_title":"Cas d&#039;incompatibilit\u00e9 avec le mandat parlementaire: la Commission des Affaires juridiques de l&#039;APN examine les d\u00e9clarations des d\u00e9put\u00e9s - info algerie","og_description":"ALGER- La Commission des Affaires juridiques,\u00a0 administratives et des libert\u00e9s de l&rsquo;Assembl\u00e9e populaire nationale (APN), a\u00a0examin\u00e9 mercredi les d\u00e9clarations des d\u00e9put\u00e9s soumises \u00e0 la commission dans\u00a0 le cadre de la mise en \u0153uvre de la loi d\u00e9finissant les cas\u00a0d&rsquo;incompatibilit\u00e9 avec le mandat parlementaire, indique un communiqu\u00e9 de\u00a0 l&rsquo;Assembl\u00e9e. &#013; &#013; \u00a0 &#013; La commission s&rsquo;est","og_url":"https:\/\/www.info-algerie.com\/actualites\/cas-dincompatibilite-avec-le-mandat-parlementaire-la-commission-des-affaires-juridiques-de-lapn-examine-les-declarations-des-deputes\/","og_site_name":"info algerie","article_publisher":"https:\/\/www.facebook.com\/infoalgerieactu","article_published_time":"2017-09-20T17:28:55+00:00","author":"La r\u00e9daction","twitter_misc":{"\u00c9crit par":"La r\u00e9daction","Dur\u00e9e de lecture estim\u00e9e":"1 minute"},"schema":{"@context":"https:\/\/schema.org","@graph":[{"@type":"Article","@id":"https:\/\/www.info-algerie.com\/actualites\/cas-dincompatibilite-avec-le-mandat-parlementaire-la-commission-des-affaires-juridiques-de-lapn-examine-les-declarations-des-deputes\/#article","isPartOf":{"@id":"https:\/\/www.info-algerie.com\/actualites\/cas-dincompatibilite-avec-le-mandat-parlementaire-la-commission-des-affaires-juridiques-de-lapn-examine-les-declarations-des-deputes\/"},"author":{"name":"La r\u00e9daction","@id":"https:\/\/www.info-algerie.com\/actualites\/#\/schema\/person\/847aaec44920825b843a08f30ec6aa1e"},"headline":"Cas d&#039;incompatibilit\u00e9 avec le mandat parlementaire: la Commission des Affaires juridiques de l&#039;APN examine les d\u00e9clarations des d\u00e9put\u00e9s","datePublished":"2017-09-20T17:28:55+00:00","mainEntityOfPage":{"@id":"https:\/\/www.info-algerie.com\/actualites\/cas-dincompatibilite-avec-le-mandat-parlementaire-la-commission-des-affaires-juridiques-de-lapn-examine-les-declarations-des-deputes\/"},"wordCount":238,"commentCount":0,"publisher":{"@id":"https:\/\/www.info-algerie.com\/actualites\/#organization"},"keywords":["ONU"],"articleSection":["infos"],"inLanguage":"fr-FR","potentialAction":[{"@type":"CommentAction","name":"Comment","target":["https:\/\/www.info-algerie.com\/actualites\/cas-dincompatibilite-avec-le-mandat-parlementaire-la-commission-des-affaires-juridiques-de-lapn-examine-les-declarations-des-deputes\/#respond"]}]},{"@type":"WebPage","@id":"https:\/\/www.info-algerie.com\/actualites\/cas-dincompatibilite-avec-le-mandat-parlementaire-la-commission-des-affaires-juridiques-de-lapn-examine-les-declarations-des-deputes\/","url":"https:\/\/www.info-algerie.com\/actualites\/cas-dincompatibilite-avec-le-mandat-parlementaire-la-commission-des-affaires-juridiques-de-lapn-examine-les-declarations-des-deputes\/","name":"Cas d&#039;incompatibilit\u00e9 avec le mandat parlementaire: la Commission des Affaires juridiques de l&#039;APN examine les d\u00e9clarations des d\u00e9put\u00e9s - info algerie","isPartOf":{"@id":"https:\/\/www.info-algerie.com\/actualites\/#website"},"datePublished":"2017-09-20T17:28:55+00:00","breadcrumb":{"@id":"https:\/\/www.info-algerie.com\/actualites\/cas-dincompatibilite-avec-le-mandat-parlementaire-la-commission-des-affaires-juridiques-de-lapn-examine-les-declarations-des-deputes\/#breadcrumb"},"inLanguage":"fr-FR","potentialAction":[{"@type":"ReadAction","target":["https:\/\/www.info-algerie.com\/actualites\/cas-dincompatibilite-avec-le-mandat-parlementaire-la-commission-des-affaires-juridiques-de-lapn-examine-les-declarations-des-deputes\/"]}]},{"@type":"BreadcrumbList","@id":"https:\/\/www.info-algerie.com\/actualites\/cas-dincompatibilite-avec-le-mandat-parlementaire-la-commission-des-affaires-juridiques-de-lapn-examine-les-declarations-des-deputes\/#breadcrumb","itemListElement":[{"@type":"ListItem","position":1,"name":"Accueil","item":"https:\/\/www.info-algerie.com\/actualites\/"},{"@type":"ListItem","position":2,"name":"Cas d&#039;incompatibilit\u00e9 avec le mandat parlementaire: la Commission des Affaires juridiques de l&#039;APN examine les d\u00e9clarations des d\u00e9put\u00e9s"}]},{"@type":"WebSite","@id":"https:\/\/www.info-algerie.com\/actualites\/#website","url":"https:\/\/www.info-algerie.com\/actualites\/","name":"info algerie","description":"Toutes les actualit\u00e9s","publisher":{"@id":"https:\/\/www.info-algerie.com\/actualites\/#organization"},"potentialAction":[{"@type":"SearchAction","target":{"@type":"EntryPoint","urlTemplate":"https:\/\/www.info-algerie.com\/actualites\/?s={search_term_string}"},"query-input":{"@type":"PropertyValueSpecification","valueRequired":true,"valueName":"search_term_string"}}],"inLanguage":"fr-FR"},{"@type":"Organization","@id":"https:\/\/www.info-algerie.com\/actualites\/#organization","name":"info algerie","url":"https:\/\/www.info-algerie.com\/actualites\/","logo":{"@type":"ImageObject","inLanguage":"fr-FR","@id":"https:\/\/www.info-algerie.com\/actualites\/#\/schema\/logo\/image\/","url":"https:\/\/www.info-algerie.com\/actualites\/wp-content\/uploads\/2022\/07\/logo-ia-120.png","contentUrl":"https:\/\/www.info-algerie.com\/actualites\/wp-content\/uploads\/2022\/07\/logo-ia-120.png","width":120,"height":43,"caption":"info algerie"},"image":{"@id":"https:\/\/www.info-algerie.com\/actualites\/#\/schema\/logo\/image\/"},"sameAs":["https:\/\/www.facebook.com\/infoalgerieactu","https:\/\/x.com\/infoalgerie1"]},{"@type":"Person","@id":"https:\/\/www.info-algerie.com\/actualites\/#\/schema\/person\/847aaec44920825b843a08f30ec6aa1e","name":"La r\u00e9daction","image":{"@type":"ImageObject","inLanguage":"fr-FR","@id":"https:\/\/secure.gravatar.com\/avatar\/769db425c6f465158149f1ffd6cf61ce7a8a879d11dfbef8288af36dfddd418c?s=96&d=mm&r=g","url":"https:\/\/secure.gravatar.com\/avatar\/769db425c6f465158149f1ffd6cf61ce7a8a879d11dfbef8288af36dfddd418c?s=96&d=mm&r=g","contentUrl":"https:\/\/secure.gravatar.com\/avatar\/769db425c6f465158149f1ffd6cf61ce7a8a879d11dfbef8288af36dfddd418c?s=96&d=mm&r=g","caption":"La r\u00e9daction"},"sameAs":["http:\/\/www.lkeria.com\/"],"url":"https:\/\/www.info-algerie.com\/actualites\/author\/chakib32\/"}]}},"_links":{"self":[{"href":"https:\/\/www.info-algerie.com\/actualites\/wp-json\/wp\/v2\/posts\/16120","targetHints":{"allow":["GET"]}}],"collection":[{"href":"https:\/\/www.info-algerie.com\/actualites\/wp-json\/wp\/v2\/posts"}],"about":[{"href":"https:\/\/www.info-algerie.com\/actualites\/wp-json\/wp\/v2\/types\/post"}],"author":[{"embeddable":true,"href":"https:\/\/www.info-algerie.com\/actualites\/wp-json\/wp\/v2\/users\/6"}],"replies":[{"embeddable":true,"href":"https:\/\/www.info-algerie.com\/actualites\/wp-json\/wp\/v2\/comments?post=16120"}],"version-history":[{"count":0,"href":"https:\/\/www.info-algerie.com\/actualites\/wp-json\/wp\/v2\/posts\/16120\/revisions"}],"wp:attachment":[{"href":"https:\/\/www.info-algerie.com\/actualites\/wp-json\/wp\/v2\/media?parent=16120"}],"wp:term":[{"taxonomy":"category","embeddable":true,"href":"https:\/\/www.info-algerie.com\/actualites\/wp-json\/wp\/v2\/categories?post=16120"},{"taxonomy":"post_tag","embeddable":true,"href":"https:\/\/www.info-algerie.com\/actualites\/wp-json\/wp\/v2\/tags?post=16120"}],"curies":[{"name":"wp","href":"https:\/\/api.w.org\/{rel}","templated":true}]}}