{"id":16145,"date":"2017-09-21T11:14:41","date_gmt":"2017-09-21T10:14:41","guid":{"rendered":"http:\/\/www.info-algerie.com\/actualites\/onu-messahel-prend-part-a-la-reunion-de-haut-niveau-sur-la-libye\/"},"modified":"2017-09-21T11:14:41","modified_gmt":"2017-09-21T10:14:41","slug":"onu-messahel-prend-part-a-la-reunion-de-haut-niveau-sur-la-libye","status":"publish","type":"post","link":"https:\/\/www.info-algerie.com\/actualites\/onu-messahel-prend-part-a-la-reunion-de-haut-niveau-sur-la-libye\/","title":{"rendered":"ONU: Messahel prend part \u00e0 la r\u00e9union de Haut niveau sur la Libye"},"content":{"rendered":"<div class=\"K2FeedImage\"><img decoding=\"async\" src=\"https:\/\/www.info-algerie.com\/actualites\/wp-content\/uploads\/2017\/09\/18e1f2cdfde89e48b3cfdf77a280ef65_S.jpg\" alt=\"ONU: Messahel prend part &#xE0; la r&#xE9;union de Haut niveau sur la Libye\" \/><\/div>\n<div class=\"K2FeedIntroText\">\n<p class=\"MsoNormal\">ALGER- Le ministre des Affaires \u00e9trang\u00e8res, <a href=\"http:\/\/www.aps.dz\/algerie\/63051-l-algerie-signe-le-traite-d-interdiction-des-armes-nucleaires\"><strong>Abdelkader Messahel<\/strong><\/a>, a pris part mercredi \u00e0 New York \u00e0 la r\u00e9union de Haut niveau sur la Libye, tenue en marge des travaux de la 72\u00e8me session de l\u2019Assembl\u00e9e G\u00e9n\u00e9rale de l\u2019ONU, au cours de laquelle le<a href=\"http:\/\/www.aps.dz\/algerie\/62138-ouyahia-recoit-le-representant-special-du-secretaire-general-de-l-onu-pour-la-libye\"><strong> Repr\u00e9sentant sp\u00e9cial du Secr\u00e9taire g\u00e9n\u00e9ral de l\u2019ONU<\/strong><\/a> a expos\u00e9 le contenu de la nouvelle feuille de route pour le r\u00e8glement de la crise libyenne, a indiqu\u00e9 le minist\u00e8re des Affaires \u00e9trang\u00e8res dans un communiqu\u00e9.<\/p>\n<p>&#013;\n<\/p><\/div>\n<div class=\"K2FeedFullText\">&#013;<\/p>\n<p class=\"MsoNoSpacing\">Cette r\u00e9union qui intervient \u00e0 un moment ou la Libye fait face \u00e0 de nombreux d\u00e9fis a \u00e9t\u00e9 l\u2019occasion pour les participants de passer en revue les derniers d\u00e9veloppements qu\u2019a connus la crise libyenne et de renforcer la mobilisation de la communaut\u00e9 internationale pour soutenir le processus que m\u00e8nent les Nations unies pour une sortie de la crise.<\/p>\n<p>&#013;<\/p>\n<p class=\"MsoNoSpacing\">Dans son intervention, M. Messahel qui a, d\u2019embl\u00e9e, exprim\u00e9 le plein soutien de l\u2019Alg\u00e9rie \u00e0 la nouvelle feuille de route sur la Libye, a tenu \u00e0 rappeler que \u00ab\u00a0la solution \u00e0 la crise libyenne ne peut \u00eatre que politique\u00a0\u00bb, ajoutant que \u00ab\u00a0l\u2019Accord politique interlibyen sign\u00e9 en d\u00e9cembre 2015 reste\u00a0<span style=\"font-size: 12.16px\">le seul cadre pour une sortie de crise et la seule source de l\u00e9gitimit\u00e9 des institutions libyennes\u00a0\u00bb.<\/span><span style=\"font-size: 12.16px\">\u00a0<\/span><\/p>\n<p>&#013;<\/p>\n<p class=\"MsoNoSpacing\">Il a ajout\u00e9, \u00e0 cet \u00e9gard, qu\u2019\u00a0\u00bbil est du ressort des Libyens eux-m\u00eames d\u2019apporter les amendements qu\u2019ils jugent n\u00e9cessaires pour une mise en oeuvre consensuelle de cet Accord ainsi que pour acc\u00e9l\u00e9rer le processus de sortie de crise\u00a0\u00bb.<\/p>\n<p>&#013;<\/p>\n<p class=\"MsoNoSpacing\">Dans le m\u00eame ordre d\u2019id\u00e9es, il a soulign\u00e9 que \u00ab\u00a0les Libyens ont les ressources et les capacit\u00e9s pour d\u00e9passer leurs divergences, s\u2019engager r\u00e9solument dans la mise en oeuvre de l\u2019Accord politique, remettre le pays sur la voie du dialogue et de la r\u00e9conciliation et acc\u00e9l\u00e9rer le processus de retour de la paix et de la stabilit\u00e9 en Libye\u00a0\u00bb.<\/p>\n<p>&#013;<\/p>\n<p class=\"MsoNoSpacing\">Concernant les efforts de l\u2019Alg\u00e9rie, M. Messahel a indiqu\u00e9 que \u00ab\u00a0l\u2019Alg\u00e9rie poursuivra, comme par le pass\u00e9, son soutien et son accompagnement \u00e0 toutes les parties libyennes sur la voie du dialogue inclusif en Libye et de la r\u00e9conciliation nationale\u00a0\u00bb.\u00a0<\/p>\n<p>&#013;<\/p>\n<p class=\"MsoNoSpacing\">Dans ce cadre, il a rappel\u00e9 les visites qu\u2019il a effectu\u00e9es dans diff\u00e9rentes r\u00e9gions libyennes, en avril 2016 et avril et mai 2017, sur instruction du pr\u00e9sident de la R\u00e9publique, Abdelaziz Bouteflika.<\/p>\n<p>&#013;<\/p>\n<p class=\"MsoNoSpacing\">\u00ab\u00a0J\u2019ai pu mesurer, \u00e0 toutes les \u00e9tapes, l\u2019ampleur du drame auquel fait face ce pays et son peuple dans la vie quotidienne qui fonde de grands espoirs sur les pays voisins et la communaut\u00e9 internationale pour un r\u00e8glement d\u00e9finitif et durable de la crise\u00a0\u00bb, a-t-il soulign\u00e9.<\/p>\n<p>&#013;<\/p>\n<p>Enfin, M. Messahel a indiqu\u00e9 que \u00ab\u00a0l\u2019Alg\u00e9rie consid\u00e8re que les r\u00e9sultats de cette r\u00e9union devront contribuer \u00e0 remettre le processus onusien de r\u00e8glement sur rails pour accompagner les parties libyennes d\u00e9sireuses d\u2019oeuvrer au retour de la paix et de la s\u00e9curit\u00e9\u00a0\u00bb. \u00a0<\/p>\n<\/div>\n<p>&#013;<br \/>\nSource: <a href=\"http:\/\/www.aps.dz\/algerie\/63068-onu-messahel-prend-part-a-la-reunion-de-haut-niveau-sur-la-libye\" target=\"_blank\">ONU: Messahel prend part \u00e0 la r\u00e9union de Haut niveau sur la Libye<\/a><\/p>\n<!--CusAds0-->\n<div style=\"font-size: 0px; height: 0px; line-height: 0px; margin: 0; padding: 0; clear: both;\"><\/div>","protected":false},"excerpt":{"rendered":"<p>ALGER- Le ministre des Affaires \u00e9trang\u00e8res, Abdelkader Messahel, a pris part mercredi \u00e0 New York \u00e0 la r\u00e9union de Haut niveau sur la Libye, tenue en marge des travaux de la 72\u00e8me session de l\u2019Assembl\u00e9e G\u00e9n\u00e9rale de l\u2019ONU, au cours de laquelle le Repr\u00e9sentant sp\u00e9cial du Secr\u00e9taire g\u00e9n\u00e9ral de l\u2019ONU a expos\u00e9 le contenu de<\/p>\n","protected":false},"author":6,"featured_media":16146,"comment_status":"open","ping_status":"open","sticky":false,"template":"","format":"standard","meta":{"footnotes":""},"categories":[22],"tags":[93],"class_list":["post-16145","post","type-post","status-publish","format-standard","has-post-thumbnail","hentry","category-infos","tag-onu"],"yoast_head":"<!-- This site is optimized with the Yoast SEO plugin v27.5 - https:\/\/yoast.com\/product\/yoast-seo-wordpress\/ -->\n<title>ONU: Messahel prend part \u00e0 la r\u00e9union de Haut niveau sur la Libye - info algerie<\/title>\n<meta name=\"robots\" content=\"index, follow, max-snippet:-1, max-image-preview:large, max-video-preview:-1\" \/>\n<link rel=\"canonical\" href=\"https:\/\/www.info-algerie.com\/actualites\/onu-messahel-prend-part-a-la-reunion-de-haut-niveau-sur-la-libye\/\" \/>\n<meta property=\"og:locale\" content=\"fr_FR\" \/>\n<meta property=\"og:type\" content=\"article\" \/>\n<meta property=\"og:title\" content=\"ONU: Messahel prend part \u00e0 la r\u00e9union de Haut niveau sur la Libye - info algerie\" \/>\n<meta property=\"og:description\" content=\"ALGER- Le ministre des Affaires \u00e9trang\u00e8res, Abdelkader Messahel, a pris part mercredi \u00e0 New York \u00e0 la r\u00e9union de Haut niveau sur la Libye, tenue en marge des travaux de la 72\u00e8me session de l\u2019Assembl\u00e9e G\u00e9n\u00e9rale de l\u2019ONU, au cours de laquelle le Repr\u00e9sentant sp\u00e9cial du Secr\u00e9taire g\u00e9n\u00e9ral de l\u2019ONU a expos\u00e9 le contenu de\" \/>\n<meta property=\"og:url\" content=\"https:\/\/www.info-algerie.com\/actualites\/onu-messahel-prend-part-a-la-reunion-de-haut-niveau-sur-la-libye\/\" \/>\n<meta property=\"og:site_name\" content=\"info algerie\" \/>\n<meta property=\"article:publisher\" content=\"https:\/\/www.facebook.com\/infoalgerieactu\" \/>\n<meta property=\"article:published_time\" content=\"2017-09-21T10:14:41+00:00\" \/>\n<meta property=\"og:image\" content=\"https:\/\/www.info-algerie.com\/actualites\/wp-content\/uploads\/2017\/09\/18e1f2cdfde89e48b3cfdf77a280ef65_S-1.jpg\" \/>\n\t<meta property=\"og:image:width\" content=\"280\" \/>\n\t<meta property=\"og:image:height\" content=\"187\" \/>\n\t<meta property=\"og:image:type\" content=\"image\/jpeg\" \/>\n<meta name=\"author\" content=\"La r\u00e9daction\" \/>\n<meta name=\"twitter:label1\" content=\"\u00c9crit par\" \/>\n\t<meta name=\"twitter:data1\" content=\"La r\u00e9daction\" \/>\n\t<meta name=\"twitter:label2\" content=\"Dur\u00e9e de lecture estim\u00e9e\" \/>\n\t<meta name=\"twitter:data2\" content=\"3 minutes\" \/>\n<script type=\"application\/ld+json\" class=\"yoast-schema-graph\">{\"@context\":\"https:\\\/\\\/schema.org\",\"@graph\":[{\"@type\":\"Article\",\"@id\":\"https:\\\/\\\/www.info-algerie.com\\\/actualites\\\/onu-messahel-prend-part-a-la-reunion-de-haut-niveau-sur-la-libye\\\/#article\",\"isPartOf\":{\"@id\":\"https:\\\/\\\/www.info-algerie.com\\\/actualites\\\/onu-messahel-prend-part-a-la-reunion-de-haut-niveau-sur-la-libye\\\/\"},\"author\":{\"name\":\"La r\u00e9daction\",\"@id\":\"https:\\\/\\\/www.info-algerie.com\\\/actualites\\\/#\\\/schema\\\/person\\\/847aaec44920825b843a08f30ec6aa1e\"},\"headline\":\"ONU: Messahel prend part \u00e0 la r\u00e9union de Haut niveau sur la Libye\",\"datePublished\":\"2017-09-21T10:14:41+00:00\",\"mainEntityOfPage\":{\"@id\":\"https:\\\/\\\/www.info-algerie.com\\\/actualites\\\/onu-messahel-prend-part-a-la-reunion-de-haut-niveau-sur-la-libye\\\/\"},\"wordCount\":539,\"commentCount\":0,\"publisher\":{\"@id\":\"https:\\\/\\\/www.info-algerie.com\\\/actualites\\\/#organization\"},\"image\":{\"@id\":\"https:\\\/\\\/www.info-algerie.com\\\/actualites\\\/onu-messahel-prend-part-a-la-reunion-de-haut-niveau-sur-la-libye\\\/#primaryimage\"},\"thumbnailUrl\":\"https:\\\/\\\/www.info-algerie.com\\\/actualites\\\/wp-content\\\/uploads\\\/2017\\\/09\\\/18e1f2cdfde89e48b3cfdf77a280ef65_S-1.jpg\",\"keywords\":[\"ONU\"],\"articleSection\":[\"infos\"],\"inLanguage\":\"fr-FR\",\"potentialAction\":[{\"@type\":\"CommentAction\",\"name\":\"Comment\",\"target\":[\"https:\\\/\\\/www.info-algerie.com\\\/actualites\\\/onu-messahel-prend-part-a-la-reunion-de-haut-niveau-sur-la-libye\\\/#respond\"]}]},{\"@type\":\"WebPage\",\"@id\":\"https:\\\/\\\/www.info-algerie.com\\\/actualites\\\/onu-messahel-prend-part-a-la-reunion-de-haut-niveau-sur-la-libye\\\/\",\"url\":\"https:\\\/\\\/www.info-algerie.com\\\/actualites\\\/onu-messahel-prend-part-a-la-reunion-de-haut-niveau-sur-la-libye\\\/\",\"name\":\"ONU: Messahel prend part \u00e0 la r\u00e9union de Haut niveau sur la Libye - info algerie\",\"isPartOf\":{\"@id\":\"https:\\\/\\\/www.info-algerie.com\\\/actualites\\\/#website\"},\"primaryImageOfPage\":{\"@id\":\"https:\\\/\\\/www.info-algerie.com\\\/actualites\\\/onu-messahel-prend-part-a-la-reunion-de-haut-niveau-sur-la-libye\\\/#primaryimage\"},\"image\":{\"@id\":\"https:\\\/\\\/www.info-algerie.com\\\/actualites\\\/onu-messahel-prend-part-a-la-reunion-de-haut-niveau-sur-la-libye\\\/#primaryimage\"},\"thumbnailUrl\":\"https:\\\/\\\/www.info-algerie.com\\\/actualites\\\/wp-content\\\/uploads\\\/2017\\\/09\\\/18e1f2cdfde89e48b3cfdf77a280ef65_S-1.jpg\",\"datePublished\":\"2017-09-21T10:14:41+00:00\",\"breadcrumb\":{\"@id\":\"https:\\\/\\\/www.info-algerie.com\\\/actualites\\\/onu-messahel-prend-part-a-la-reunion-de-haut-niveau-sur-la-libye\\\/#breadcrumb\"},\"inLanguage\":\"fr-FR\",\"potentialAction\":[{\"@type\":\"ReadAction\",\"target\":[\"https:\\\/\\\/www.info-algerie.com\\\/actualites\\\/onu-messahel-prend-part-a-la-reunion-de-haut-niveau-sur-la-libye\\\/\"]}]},{\"@type\":\"ImageObject\",\"inLanguage\":\"fr-FR\",\"@id\":\"https:\\\/\\\/www.info-algerie.com\\\/actualites\\\/onu-messahel-prend-part-a-la-reunion-de-haut-niveau-sur-la-libye\\\/#primaryimage\",\"url\":\"https:\\\/\\\/www.info-algerie.com\\\/actualites\\\/wp-content\\\/uploads\\\/2017\\\/09\\\/18e1f2cdfde89e48b3cfdf77a280ef65_S-1.jpg\",\"contentUrl\":\"https:\\\/\\\/www.info-algerie.com\\\/actualites\\\/wp-content\\\/uploads\\\/2017\\\/09\\\/18e1f2cdfde89e48b3cfdf77a280ef65_S-1.jpg\",\"width\":280,\"height\":187},{\"@type\":\"BreadcrumbList\",\"@id\":\"https:\\\/\\\/www.info-algerie.com\\\/actualites\\\/onu-messahel-prend-part-a-la-reunion-de-haut-niveau-sur-la-libye\\\/#breadcrumb\",\"itemListElement\":[{\"@type\":\"ListItem\",\"position\":1,\"name\":\"Accueil\",\"item\":\"https:\\\/\\\/www.info-algerie.com\\\/actualites\\\/\"},{\"@type\":\"ListItem\",\"position\":2,\"name\":\"ONU: Messahel prend part \u00e0 la r\u00e9union de Haut niveau sur la Libye\"}]},{\"@type\":\"WebSite\",\"@id\":\"https:\\\/\\\/www.info-algerie.com\\\/actualites\\\/#website\",\"url\":\"https:\\\/\\\/www.info-algerie.com\\\/actualites\\\/\",\"name\":\"info algerie\",\"description\":\"Toutes les actualit\u00e9s\",\"publisher\":{\"@id\":\"https:\\\/\\\/www.info-algerie.com\\\/actualites\\\/#organization\"},\"potentialAction\":[{\"@type\":\"SearchAction\",\"target\":{\"@type\":\"EntryPoint\",\"urlTemplate\":\"https:\\\/\\\/www.info-algerie.com\\\/actualites\\\/?s={search_term_string}\"},\"query-input\":{\"@type\":\"PropertyValueSpecification\",\"valueRequired\":true,\"valueName\":\"search_term_string\"}}],\"inLanguage\":\"fr-FR\"},{\"@type\":\"Organization\",\"@id\":\"https:\\\/\\\/www.info-algerie.com\\\/actualites\\\/#organization\",\"name\":\"info algerie\",\"url\":\"https:\\\/\\\/www.info-algerie.com\\\/actualites\\\/\",\"logo\":{\"@type\":\"ImageObject\",\"inLanguage\":\"fr-FR\",\"@id\":\"https:\\\/\\\/www.info-algerie.com\\\/actualites\\\/#\\\/schema\\\/logo\\\/image\\\/\",\"url\":\"https:\\\/\\\/www.info-algerie.com\\\/actualites\\\/wp-content\\\/uploads\\\/2022\\\/07\\\/logo-ia-120.png\",\"contentUrl\":\"https:\\\/\\\/www.info-algerie.com\\\/actualites\\\/wp-content\\\/uploads\\\/2022\\\/07\\\/logo-ia-120.png\",\"width\":120,\"height\":43,\"caption\":\"info algerie\"},\"image\":{\"@id\":\"https:\\\/\\\/www.info-algerie.com\\\/actualites\\\/#\\\/schema\\\/logo\\\/image\\\/\"},\"sameAs\":[\"https:\\\/\\\/www.facebook.com\\\/infoalgerieactu\",\"https:\\\/\\\/x.com\\\/infoalgerie1\"]},{\"@type\":\"Person\",\"@id\":\"https:\\\/\\\/www.info-algerie.com\\\/actualites\\\/#\\\/schema\\\/person\\\/847aaec44920825b843a08f30ec6aa1e\",\"name\":\"La r\u00e9daction\",\"image\":{\"@type\":\"ImageObject\",\"inLanguage\":\"fr-FR\",\"@id\":\"https:\\\/\\\/secure.gravatar.com\\\/avatar\\\/769db425c6f465158149f1ffd6cf61ce7a8a879d11dfbef8288af36dfddd418c?s=96&d=mm&r=g\",\"url\":\"https:\\\/\\\/secure.gravatar.com\\\/avatar\\\/769db425c6f465158149f1ffd6cf61ce7a8a879d11dfbef8288af36dfddd418c?s=96&d=mm&r=g\",\"contentUrl\":\"https:\\\/\\\/secure.gravatar.com\\\/avatar\\\/769db425c6f465158149f1ffd6cf61ce7a8a879d11dfbef8288af36dfddd418c?s=96&d=mm&r=g\",\"caption\":\"La r\u00e9daction\"},\"sameAs\":[\"http:\\\/\\\/www.lkeria.com\\\/\"],\"url\":\"https:\\\/\\\/www.info-algerie.com\\\/actualites\\\/author\\\/chakib32\\\/\"}]}<\/script>\n<!-- \/ Yoast SEO plugin. -->","yoast_head_json":{"title":"ONU: Messahel prend part \u00e0 la r\u00e9union de Haut niveau sur la Libye - info algerie","robots":{"index":"index","follow":"follow","max-snippet":"max-snippet:-1","max-image-preview":"max-image-preview:large","max-video-preview":"max-video-preview:-1"},"canonical":"https:\/\/www.info-algerie.com\/actualites\/onu-messahel-prend-part-a-la-reunion-de-haut-niveau-sur-la-libye\/","og_locale":"fr_FR","og_type":"article","og_title":"ONU: Messahel prend part \u00e0 la r\u00e9union de Haut niveau sur la Libye - info algerie","og_description":"ALGER- Le ministre des Affaires \u00e9trang\u00e8res, Abdelkader Messahel, a pris part mercredi \u00e0 New York \u00e0 la r\u00e9union de Haut niveau sur la Libye, tenue en marge des travaux de la 72\u00e8me session de l\u2019Assembl\u00e9e G\u00e9n\u00e9rale de l\u2019ONU, au cours de laquelle le Repr\u00e9sentant sp\u00e9cial du Secr\u00e9taire g\u00e9n\u00e9ral de l\u2019ONU a expos\u00e9 le contenu de","og_url":"https:\/\/www.info-algerie.com\/actualites\/onu-messahel-prend-part-a-la-reunion-de-haut-niveau-sur-la-libye\/","og_site_name":"info algerie","article_publisher":"https:\/\/www.facebook.com\/infoalgerieactu","article_published_time":"2017-09-21T10:14:41+00:00","og_image":[{"width":280,"height":187,"url":"https:\/\/www.info-algerie.com\/actualites\/wp-content\/uploads\/2017\/09\/18e1f2cdfde89e48b3cfdf77a280ef65_S-1.jpg","type":"image\/jpeg"}],"author":"La r\u00e9daction","twitter_misc":{"\u00c9crit par":"La r\u00e9daction","Dur\u00e9e de lecture estim\u00e9e":"3 minutes"},"schema":{"@context":"https:\/\/schema.org","@graph":[{"@type":"Article","@id":"https:\/\/www.info-algerie.com\/actualites\/onu-messahel-prend-part-a-la-reunion-de-haut-niveau-sur-la-libye\/#article","isPartOf":{"@id":"https:\/\/www.info-algerie.com\/actualites\/onu-messahel-prend-part-a-la-reunion-de-haut-niveau-sur-la-libye\/"},"author":{"name":"La r\u00e9daction","@id":"https:\/\/www.info-algerie.com\/actualites\/#\/schema\/person\/847aaec44920825b843a08f30ec6aa1e"},"headline":"ONU: Messahel prend part \u00e0 la r\u00e9union de Haut niveau sur la Libye","datePublished":"2017-09-21T10:14:41+00:00","mainEntityOfPage":{"@id":"https:\/\/www.info-algerie.com\/actualites\/onu-messahel-prend-part-a-la-reunion-de-haut-niveau-sur-la-libye\/"},"wordCount":539,"commentCount":0,"publisher":{"@id":"https:\/\/www.info-algerie.com\/actualites\/#organization"},"image":{"@id":"https:\/\/www.info-algerie.com\/actualites\/onu-messahel-prend-part-a-la-reunion-de-haut-niveau-sur-la-libye\/#primaryimage"},"thumbnailUrl":"https:\/\/www.info-algerie.com\/actualites\/wp-content\/uploads\/2017\/09\/18e1f2cdfde89e48b3cfdf77a280ef65_S-1.jpg","keywords":["ONU"],"articleSection":["infos"],"inLanguage":"fr-FR","potentialAction":[{"@type":"CommentAction","name":"Comment","target":["https:\/\/www.info-algerie.com\/actualites\/onu-messahel-prend-part-a-la-reunion-de-haut-niveau-sur-la-libye\/#respond"]}]},{"@type":"WebPage","@id":"https:\/\/www.info-algerie.com\/actualites\/onu-messahel-prend-part-a-la-reunion-de-haut-niveau-sur-la-libye\/","url":"https:\/\/www.info-algerie.com\/actualites\/onu-messahel-prend-part-a-la-reunion-de-haut-niveau-sur-la-libye\/","name":"ONU: Messahel prend part \u00e0 la r\u00e9union de Haut niveau sur la Libye - info algerie","isPartOf":{"@id":"https:\/\/www.info-algerie.com\/actualites\/#website"},"primaryImageOfPage":{"@id":"https:\/\/www.info-algerie.com\/actualites\/onu-messahel-prend-part-a-la-reunion-de-haut-niveau-sur-la-libye\/#primaryimage"},"image":{"@id":"https:\/\/www.info-algerie.com\/actualites\/onu-messahel-prend-part-a-la-reunion-de-haut-niveau-sur-la-libye\/#primaryimage"},"thumbnailUrl":"https:\/\/www.info-algerie.com\/actualites\/wp-content\/uploads\/2017\/09\/18e1f2cdfde89e48b3cfdf77a280ef65_S-1.jpg","datePublished":"2017-09-21T10:14:41+00:00","breadcrumb":{"@id":"https:\/\/www.info-algerie.com\/actualites\/onu-messahel-prend-part-a-la-reunion-de-haut-niveau-sur-la-libye\/#breadcrumb"},"inLanguage":"fr-FR","potentialAction":[{"@type":"ReadAction","target":["https:\/\/www.info-algerie.com\/actualites\/onu-messahel-prend-part-a-la-reunion-de-haut-niveau-sur-la-libye\/"]}]},{"@type":"ImageObject","inLanguage":"fr-FR","@id":"https:\/\/www.info-algerie.com\/actualites\/onu-messahel-prend-part-a-la-reunion-de-haut-niveau-sur-la-libye\/#primaryimage","url":"https:\/\/www.info-algerie.com\/actualites\/wp-content\/uploads\/2017\/09\/18e1f2cdfde89e48b3cfdf77a280ef65_S-1.jpg","contentUrl":"https:\/\/www.info-algerie.com\/actualites\/wp-content\/uploads\/2017\/09\/18e1f2cdfde89e48b3cfdf77a280ef65_S-1.jpg","width":280,"height":187},{"@type":"BreadcrumbList","@id":"https:\/\/www.info-algerie.com\/actualites\/onu-messahel-prend-part-a-la-reunion-de-haut-niveau-sur-la-libye\/#breadcrumb","itemListElement":[{"@type":"ListItem","position":1,"name":"Accueil","item":"https:\/\/www.info-algerie.com\/actualites\/"},{"@type":"ListItem","position":2,"name":"ONU: Messahel prend part \u00e0 la r\u00e9union de Haut niveau sur la Libye"}]},{"@type":"WebSite","@id":"https:\/\/www.info-algerie.com\/actualites\/#website","url":"https:\/\/www.info-algerie.com\/actualites\/","name":"info algerie","description":"Toutes les actualit\u00e9s","publisher":{"@id":"https:\/\/www.info-algerie.com\/actualites\/#organization"},"potentialAction":[{"@type":"SearchAction","target":{"@type":"EntryPoint","urlTemplate":"https:\/\/www.info-algerie.com\/actualites\/?s={search_term_string}"},"query-input":{"@type":"PropertyValueSpecification","valueRequired":true,"valueName":"search_term_string"}}],"inLanguage":"fr-FR"},{"@type":"Organization","@id":"https:\/\/www.info-algerie.com\/actualites\/#organization","name":"info algerie","url":"https:\/\/www.info-algerie.com\/actualites\/","logo":{"@type":"ImageObject","inLanguage":"fr-FR","@id":"https:\/\/www.info-algerie.com\/actualites\/#\/schema\/logo\/image\/","url":"https:\/\/www.info-algerie.com\/actualites\/wp-content\/uploads\/2022\/07\/logo-ia-120.png","contentUrl":"https:\/\/www.info-algerie.com\/actualites\/wp-content\/uploads\/2022\/07\/logo-ia-120.png","width":120,"height":43,"caption":"info algerie"},"image":{"@id":"https:\/\/www.info-algerie.com\/actualites\/#\/schema\/logo\/image\/"},"sameAs":["https:\/\/www.facebook.com\/infoalgerieactu","https:\/\/x.com\/infoalgerie1"]},{"@type":"Person","@id":"https:\/\/www.info-algerie.com\/actualites\/#\/schema\/person\/847aaec44920825b843a08f30ec6aa1e","name":"La r\u00e9daction","image":{"@type":"ImageObject","inLanguage":"fr-FR","@id":"https:\/\/secure.gravatar.com\/avatar\/769db425c6f465158149f1ffd6cf61ce7a8a879d11dfbef8288af36dfddd418c?s=96&d=mm&r=g","url":"https:\/\/secure.gravatar.com\/avatar\/769db425c6f465158149f1ffd6cf61ce7a8a879d11dfbef8288af36dfddd418c?s=96&d=mm&r=g","contentUrl":"https:\/\/secure.gravatar.com\/avatar\/769db425c6f465158149f1ffd6cf61ce7a8a879d11dfbef8288af36dfddd418c?s=96&d=mm&r=g","caption":"La r\u00e9daction"},"sameAs":["http:\/\/www.lkeria.com\/"],"url":"https:\/\/www.info-algerie.com\/actualites\/author\/chakib32\/"}]}},"_links":{"self":[{"href":"https:\/\/www.info-algerie.com\/actualites\/wp-json\/wp\/v2\/posts\/16145","targetHints":{"allow":["GET"]}}],"collection":[{"href":"https:\/\/www.info-algerie.com\/actualites\/wp-json\/wp\/v2\/posts"}],"about":[{"href":"https:\/\/www.info-algerie.com\/actualites\/wp-json\/wp\/v2\/types\/post"}],"author":[{"embeddable":true,"href":"https:\/\/www.info-algerie.com\/actualites\/wp-json\/wp\/v2\/users\/6"}],"replies":[{"embeddable":true,"href":"https:\/\/www.info-algerie.com\/actualites\/wp-json\/wp\/v2\/comments?post=16145"}],"version-history":[{"count":0,"href":"https:\/\/www.info-algerie.com\/actualites\/wp-json\/wp\/v2\/posts\/16145\/revisions"}],"wp:featuredmedia":[{"embeddable":true,"href":"https:\/\/www.info-algerie.com\/actualites\/wp-json\/wp\/v2\/media\/16146"}],"wp:attachment":[{"href":"https:\/\/www.info-algerie.com\/actualites\/wp-json\/wp\/v2\/media?parent=16145"}],"wp:term":[{"taxonomy":"category","embeddable":true,"href":"https:\/\/www.info-algerie.com\/actualites\/wp-json\/wp\/v2\/categories?post=16145"},{"taxonomy":"post_tag","embeddable":true,"href":"https:\/\/www.info-algerie.com\/actualites\/wp-json\/wp\/v2\/tags?post=16145"}],"curies":[{"name":"wp","href":"https:\/\/api.w.org\/{rel}","templated":true}]}}