{"id":16164,"date":"2017-09-21T15:08:51","date_gmt":"2017-09-21T14:08:51","guid":{"rendered":"http:\/\/www.info-algerie.com\/actualites\/ouyahia-reitere-la-volonte-du-gouvernement-a-renforcer-le-dialogue-avec-la-communaute-nationale-a-letranger\/"},"modified":"2017-09-21T15:08:51","modified_gmt":"2017-09-21T14:08:51","slug":"ouyahia-reitere-la-volonte-du-gouvernement-a-renforcer-le-dialogue-avec-la-communaute-nationale-a-letranger","status":"publish","type":"post","link":"https:\/\/www.info-algerie.com\/actualites\/ouyahia-reitere-la-volonte-du-gouvernement-a-renforcer-le-dialogue-avec-la-communaute-nationale-a-letranger\/","title":{"rendered":"Ouyahia r\u00e9it\u00e8re la volont\u00e9 du gouvernement \u00e0 renforcer le dialogue avec la\u00a0communaut\u00e9 nationale \u00e0 l&#039;\u00e9tranger"},"content":{"rendered":"<div class=\"K2FeedIntroText\">\n<p>ALGER &#8211; Le Premier ministre, Ahmed Ouyahia, a r\u00e9it\u00e9r\u00e9\u00a0 jeudi \u00e0 Alger la volont\u00e9 du gouvernement \u00e0 renforcer le dialogue avec la communaut\u00e9 alg\u00e9rienne \u00e0 l&rsquo;\u00e9tranger, exprimant son souhait de voir cette communaut\u00e9 s&rsquo;\u00e9riger en lobby afin de contribuer au d\u00e9veloppement\u00a0 socio-\u00e9conomique de l&rsquo;Alg\u00e9rie.<\/p>\n<p>&#013;\n<\/p><\/div>\n<div class=\"K2FeedFullText\">&#013;<\/p>\n<p class=\"MsoNormal\">R\u00e9pondant aux remarques et interrogations soulev\u00e9es par les membres de\u00a0 l&rsquo;Assembl\u00e9e populaire nationale (APN) lors du d\u00e9bat autour de ce Plan\u00a0 d&rsquo;action, M. Ouyahia a indiqu\u00e9 que le gouvernement aspire \u00e0 voir la\u00a0 communaut\u00e9 alg\u00e9rienne vivant \u00e0 l&rsquo;\u00e9tranger constituer un lobby afin de\u00a0 participer activement \u00e0 l&rsquo;\u00e9dification et au d\u00e9veloppement de l&rsquo;Alg\u00e9rie,\u00a0 tout en faisant remarquer que ce Plan d&rsquo;action a abord\u00e9 la question de la\u00a0 communaut\u00e9 nationale \u00e0 l&rsquo;\u00e9tranger dans le chapitre r\u00e9serv\u00e9 au renforcement\u00a0 de la stabilit\u00e9, de la s\u00e9curit\u00e9 et de l&rsquo;unit\u00e9 nationale.<\/p>\n<p>&#013;<\/p>\n<p class=\"MsoNormal\">Il a \u00e9galement exprim\u00e9 la volont\u00e9 de l&rsquo;ex\u00e9cutif \u00e0 renforcer le dialogue\u00a0 avec les repr\u00e9sentants de cette communaut\u00e9 ainsi que les liens culturels et\u00a0 spirituels \u00e0 travers l&rsquo;ouverture de nouveaux centres culturels et l&rsquo;envoi\u00a0 d&rsquo;un nombre suppl\u00e9mentaire d&rsquo;imams durant le mois de Ramadhan au profit des\u00a0<span style=\"font-size: 12.16px\">citoyens alg\u00e9riens \u00e9tablis dans des pays non musulmans.<\/span><\/p>\n<p>&#013;<\/p>\n<p class=\"MsoNormal\">\u00a0<\/p>\n<p>&#013;<\/p>\n<p class=\"MsoNormal\">Le Premier ministre a \u00e9galement soulign\u00e9 le r\u00f4le important que peut jouer\u00a0 cette communaut\u00e9 nationale dans le d\u00e9veloppement de l&rsquo;Alg\u00e9rie notamment en\u00a0 mati\u00e8re d&rsquo;investissement que ce soit en Alg\u00e9rie ou \u00e0 travers l&rsquo;exportation\u00a0 du produit national.<\/p>\n<p>&#013;<\/p>\n<p class=\"MsoNormal\">Il a, en outre, d\u00e9menti que la derni\u00e8re r\u00e9vision constitutionnelle ait\u00a0 priv\u00e9 les membres de la communaut\u00e9 nationale de leurs droits ou remis en\u00a0 cause leur appartenance au pays, rappelant que la loi a d\u00e9fini les postes\u00a0 qui exigent la nationalit\u00e9 alg\u00e9rienne exclusive et qui sont au nombre d&rsquo;une\u00a0<span style=\"font-size: 12.16px\">dizaine.<\/span><\/p>\n<p>&#013;<\/p>\n<p class=\"MsoNormal\">\u00a0<\/p>\n<p>&#013;<\/p>\n<p class=\"MsoNormal\">Concernant la prise en charge du rapatriement des corps d&rsquo;Alg\u00e9riens\u00a0 n\u00e9cessiteux d\u00e9c\u00e9d\u00e9s \u00e0 l&rsquo;\u00e9trangers, M. Ouyahia a rappel\u00e9 que le pr\u00e9c\u00e9dent\u00a0 parlement avait adopt\u00e9, dans le cadre de la Loi de Finances, une clause\u00a0 pour cr\u00e9er un fonds au profit des Alg\u00e9riens n\u00e9cessiteux d\u00e9c\u00e9d\u00e9s \u00e0\u00a0<span style=\"font-size: 12.16px\">l&rsquo;\u00e9tranger, indiquant que ce Fonds a contribu\u00e9 au financement du<\/span><span style=\"font-size: 12.16px\">\u00a0 <\/span><span style=\"font-size: 12.16px\">rapatriement de 89 corps depuis janvier dernier.<\/span><\/p>\n<p>&#013;<\/p>\n<p class=\"MsoNormal\">\u00a0<\/p>\n<\/div>\n<p>&#013;<br \/>\nSource: <a href=\"http:\/\/www.aps.dz\/algerie\/63086-ouyahia-reitere-la-volonte-du-gouvernement-a-renforcer-le-dialogue-avec-la-communaute-nationale-a-l-etranger\" target=\"_blank\">Ouyahia r\u00e9it\u00e8re la volont\u00e9 du gouvernement \u00e0 renforcer le dialogue avec la\u00a0communaut\u00e9 nationale \u00e0 l&rsquo;\u00e9tranger<\/a><\/p>\n<!--CusAds0-->\n<div style=\"font-size: 0px; height: 0px; line-height: 0px; margin: 0; padding: 0; clear: both;\"><\/div>","protected":false},"excerpt":{"rendered":"<p>ALGER &#8211; Le Premier ministre, Ahmed Ouyahia, a r\u00e9it\u00e9r\u00e9\u00a0 jeudi \u00e0 Alger la volont\u00e9 du gouvernement \u00e0 renforcer le dialogue avec la communaut\u00e9 alg\u00e9rienne \u00e0 l&rsquo;\u00e9tranger, exprimant son souhait de voir cette communaut\u00e9 s&rsquo;\u00e9riger en lobby afin de contribuer au d\u00e9veloppement\u00a0 socio-\u00e9conomique de l&rsquo;Alg\u00e9rie. &#013; &#013; R\u00e9pondant aux remarques et interrogations soulev\u00e9es par les membres<\/p>\n","protected":false},"author":6,"featured_media":0,"comment_status":"open","ping_status":"open","sticky":false,"template":"","format":"standard","meta":{"footnotes":""},"categories":[22],"tags":[93],"class_list":["post-16164","post","type-post","status-publish","format-standard","hentry","category-infos","tag-onu"],"yoast_head":"<!-- This site is optimized with the Yoast SEO plugin v27.5 - https:\/\/yoast.com\/product\/yoast-seo-wordpress\/ -->\n<title>Ouyahia r\u00e9it\u00e8re la volont\u00e9 du gouvernement \u00e0 renforcer le dialogue avec la\u00a0communaut\u00e9 nationale \u00e0 l&#039;\u00e9tranger - info algerie<\/title>\n<meta name=\"robots\" content=\"index, follow, max-snippet:-1, max-image-preview:large, max-video-preview:-1\" \/>\n<link rel=\"canonical\" href=\"https:\/\/www.info-algerie.com\/actualites\/ouyahia-reitere-la-volonte-du-gouvernement-a-renforcer-le-dialogue-avec-la-communaute-nationale-a-letranger\/\" \/>\n<meta property=\"og:locale\" content=\"fr_FR\" \/>\n<meta property=\"og:type\" content=\"article\" \/>\n<meta property=\"og:title\" content=\"Ouyahia r\u00e9it\u00e8re la volont\u00e9 du gouvernement \u00e0 renforcer le dialogue avec la\u00a0communaut\u00e9 nationale \u00e0 l&#039;\u00e9tranger - info algerie\" \/>\n<meta property=\"og:description\" content=\"ALGER &#8211; Le Premier ministre, Ahmed Ouyahia, a r\u00e9it\u00e9r\u00e9\u00a0 jeudi \u00e0 Alger la volont\u00e9 du gouvernement \u00e0 renforcer le dialogue avec la communaut\u00e9 alg\u00e9rienne \u00e0 l&rsquo;\u00e9tranger, exprimant son souhait de voir cette communaut\u00e9 s&rsquo;\u00e9riger en lobby afin de contribuer au d\u00e9veloppement\u00a0 socio-\u00e9conomique de l&rsquo;Alg\u00e9rie. &#013; &#013; R\u00e9pondant aux remarques et interrogations soulev\u00e9es par les membres\" \/>\n<meta property=\"og:url\" content=\"https:\/\/www.info-algerie.com\/actualites\/ouyahia-reitere-la-volonte-du-gouvernement-a-renforcer-le-dialogue-avec-la-communaute-nationale-a-letranger\/\" \/>\n<meta property=\"og:site_name\" content=\"info algerie\" \/>\n<meta property=\"article:publisher\" content=\"https:\/\/www.facebook.com\/infoalgerieactu\" \/>\n<meta property=\"article:published_time\" content=\"2017-09-21T14:08:51+00:00\" \/>\n<meta name=\"author\" content=\"La r\u00e9daction\" \/>\n<meta name=\"twitter:label1\" content=\"\u00c9crit par\" \/>\n\t<meta name=\"twitter:data1\" content=\"La r\u00e9daction\" \/>\n\t<meta name=\"twitter:label2\" content=\"Dur\u00e9e de lecture estim\u00e9e\" \/>\n\t<meta name=\"twitter:data2\" content=\"2 minutes\" \/>\n<script type=\"application\/ld+json\" class=\"yoast-schema-graph\">{\"@context\":\"https:\\\/\\\/schema.org\",\"@graph\":[{\"@type\":\"Article\",\"@id\":\"https:\\\/\\\/www.info-algerie.com\\\/actualites\\\/ouyahia-reitere-la-volonte-du-gouvernement-a-renforcer-le-dialogue-avec-la-communaute-nationale-a-letranger\\\/#article\",\"isPartOf\":{\"@id\":\"https:\\\/\\\/www.info-algerie.com\\\/actualites\\\/ouyahia-reitere-la-volonte-du-gouvernement-a-renforcer-le-dialogue-avec-la-communaute-nationale-a-letranger\\\/\"},\"author\":{\"name\":\"La r\u00e9daction\",\"@id\":\"https:\\\/\\\/www.info-algerie.com\\\/actualites\\\/#\\\/schema\\\/person\\\/847aaec44920825b843a08f30ec6aa1e\"},\"headline\":\"Ouyahia r\u00e9it\u00e8re la volont\u00e9 du gouvernement \u00e0 renforcer le dialogue avec la\u00a0communaut\u00e9 nationale \u00e0 l&#039;\u00e9tranger\",\"datePublished\":\"2017-09-21T14:08:51+00:00\",\"mainEntityOfPage\":{\"@id\":\"https:\\\/\\\/www.info-algerie.com\\\/actualites\\\/ouyahia-reitere-la-volonte-du-gouvernement-a-renforcer-le-dialogue-avec-la-communaute-nationale-a-letranger\\\/\"},\"wordCount\":419,\"commentCount\":0,\"publisher\":{\"@id\":\"https:\\\/\\\/www.info-algerie.com\\\/actualites\\\/#organization\"},\"keywords\":[\"ONU\"],\"articleSection\":[\"infos\"],\"inLanguage\":\"fr-FR\",\"potentialAction\":[{\"@type\":\"CommentAction\",\"name\":\"Comment\",\"target\":[\"https:\\\/\\\/www.info-algerie.com\\\/actualites\\\/ouyahia-reitere-la-volonte-du-gouvernement-a-renforcer-le-dialogue-avec-la-communaute-nationale-a-letranger\\\/#respond\"]}]},{\"@type\":\"WebPage\",\"@id\":\"https:\\\/\\\/www.info-algerie.com\\\/actualites\\\/ouyahia-reitere-la-volonte-du-gouvernement-a-renforcer-le-dialogue-avec-la-communaute-nationale-a-letranger\\\/\",\"url\":\"https:\\\/\\\/www.info-algerie.com\\\/actualites\\\/ouyahia-reitere-la-volonte-du-gouvernement-a-renforcer-le-dialogue-avec-la-communaute-nationale-a-letranger\\\/\",\"name\":\"Ouyahia r\u00e9it\u00e8re la volont\u00e9 du gouvernement \u00e0 renforcer le dialogue avec la\u00a0communaut\u00e9 nationale \u00e0 l&#039;\u00e9tranger - info algerie\",\"isPartOf\":{\"@id\":\"https:\\\/\\\/www.info-algerie.com\\\/actualites\\\/#website\"},\"datePublished\":\"2017-09-21T14:08:51+00:00\",\"breadcrumb\":{\"@id\":\"https:\\\/\\\/www.info-algerie.com\\\/actualites\\\/ouyahia-reitere-la-volonte-du-gouvernement-a-renforcer-le-dialogue-avec-la-communaute-nationale-a-letranger\\\/#breadcrumb\"},\"inLanguage\":\"fr-FR\",\"potentialAction\":[{\"@type\":\"ReadAction\",\"target\":[\"https:\\\/\\\/www.info-algerie.com\\\/actualites\\\/ouyahia-reitere-la-volonte-du-gouvernement-a-renforcer-le-dialogue-avec-la-communaute-nationale-a-letranger\\\/\"]}]},{\"@type\":\"BreadcrumbList\",\"@id\":\"https:\\\/\\\/www.info-algerie.com\\\/actualites\\\/ouyahia-reitere-la-volonte-du-gouvernement-a-renforcer-le-dialogue-avec-la-communaute-nationale-a-letranger\\\/#breadcrumb\",\"itemListElement\":[{\"@type\":\"ListItem\",\"position\":1,\"name\":\"Accueil\",\"item\":\"https:\\\/\\\/www.info-algerie.com\\\/actualites\\\/\"},{\"@type\":\"ListItem\",\"position\":2,\"name\":\"Ouyahia r\u00e9it\u00e8re la volont\u00e9 du gouvernement \u00e0 renforcer le dialogue avec la\u00a0communaut\u00e9 nationale \u00e0 l&#039;\u00e9tranger\"}]},{\"@type\":\"WebSite\",\"@id\":\"https:\\\/\\\/www.info-algerie.com\\\/actualites\\\/#website\",\"url\":\"https:\\\/\\\/www.info-algerie.com\\\/actualites\\\/\",\"name\":\"info algerie\",\"description\":\"Toutes les actualit\u00e9s\",\"publisher\":{\"@id\":\"https:\\\/\\\/www.info-algerie.com\\\/actualites\\\/#organization\"},\"potentialAction\":[{\"@type\":\"SearchAction\",\"target\":{\"@type\":\"EntryPoint\",\"urlTemplate\":\"https:\\\/\\\/www.info-algerie.com\\\/actualites\\\/?s={search_term_string}\"},\"query-input\":{\"@type\":\"PropertyValueSpecification\",\"valueRequired\":true,\"valueName\":\"search_term_string\"}}],\"inLanguage\":\"fr-FR\"},{\"@type\":\"Organization\",\"@id\":\"https:\\\/\\\/www.info-algerie.com\\\/actualites\\\/#organization\",\"name\":\"info algerie\",\"url\":\"https:\\\/\\\/www.info-algerie.com\\\/actualites\\\/\",\"logo\":{\"@type\":\"ImageObject\",\"inLanguage\":\"fr-FR\",\"@id\":\"https:\\\/\\\/www.info-algerie.com\\\/actualites\\\/#\\\/schema\\\/logo\\\/image\\\/\",\"url\":\"https:\\\/\\\/www.info-algerie.com\\\/actualites\\\/wp-content\\\/uploads\\\/2022\\\/07\\\/logo-ia-120.png\",\"contentUrl\":\"https:\\\/\\\/www.info-algerie.com\\\/actualites\\\/wp-content\\\/uploads\\\/2022\\\/07\\\/logo-ia-120.png\",\"width\":120,\"height\":43,\"caption\":\"info algerie\"},\"image\":{\"@id\":\"https:\\\/\\\/www.info-algerie.com\\\/actualites\\\/#\\\/schema\\\/logo\\\/image\\\/\"},\"sameAs\":[\"https:\\\/\\\/www.facebook.com\\\/infoalgerieactu\",\"https:\\\/\\\/x.com\\\/infoalgerie1\"]},{\"@type\":\"Person\",\"@id\":\"https:\\\/\\\/www.info-algerie.com\\\/actualites\\\/#\\\/schema\\\/person\\\/847aaec44920825b843a08f30ec6aa1e\",\"name\":\"La r\u00e9daction\",\"image\":{\"@type\":\"ImageObject\",\"inLanguage\":\"fr-FR\",\"@id\":\"https:\\\/\\\/secure.gravatar.com\\\/avatar\\\/769db425c6f465158149f1ffd6cf61ce7a8a879d11dfbef8288af36dfddd418c?s=96&d=mm&r=g\",\"url\":\"https:\\\/\\\/secure.gravatar.com\\\/avatar\\\/769db425c6f465158149f1ffd6cf61ce7a8a879d11dfbef8288af36dfddd418c?s=96&d=mm&r=g\",\"contentUrl\":\"https:\\\/\\\/secure.gravatar.com\\\/avatar\\\/769db425c6f465158149f1ffd6cf61ce7a8a879d11dfbef8288af36dfddd418c?s=96&d=mm&r=g\",\"caption\":\"La r\u00e9daction\"},\"sameAs\":[\"http:\\\/\\\/www.lkeria.com\\\/\"],\"url\":\"https:\\\/\\\/www.info-algerie.com\\\/actualites\\\/author\\\/chakib32\\\/\"}]}<\/script>\n<!-- \/ Yoast SEO plugin. -->","yoast_head_json":{"title":"Ouyahia r\u00e9it\u00e8re la volont\u00e9 du gouvernement \u00e0 renforcer le dialogue avec la\u00a0communaut\u00e9 nationale \u00e0 l&#039;\u00e9tranger - info algerie","robots":{"index":"index","follow":"follow","max-snippet":"max-snippet:-1","max-image-preview":"max-image-preview:large","max-video-preview":"max-video-preview:-1"},"canonical":"https:\/\/www.info-algerie.com\/actualites\/ouyahia-reitere-la-volonte-du-gouvernement-a-renforcer-le-dialogue-avec-la-communaute-nationale-a-letranger\/","og_locale":"fr_FR","og_type":"article","og_title":"Ouyahia r\u00e9it\u00e8re la volont\u00e9 du gouvernement \u00e0 renforcer le dialogue avec la\u00a0communaut\u00e9 nationale \u00e0 l&#039;\u00e9tranger - info algerie","og_description":"ALGER &#8211; Le Premier ministre, Ahmed Ouyahia, a r\u00e9it\u00e9r\u00e9\u00a0 jeudi \u00e0 Alger la volont\u00e9 du gouvernement \u00e0 renforcer le dialogue avec la communaut\u00e9 alg\u00e9rienne \u00e0 l&rsquo;\u00e9tranger, exprimant son souhait de voir cette communaut\u00e9 s&rsquo;\u00e9riger en lobby afin de contribuer au d\u00e9veloppement\u00a0 socio-\u00e9conomique de l&rsquo;Alg\u00e9rie. &#013; &#013; R\u00e9pondant aux remarques et interrogations soulev\u00e9es par les membres","og_url":"https:\/\/www.info-algerie.com\/actualites\/ouyahia-reitere-la-volonte-du-gouvernement-a-renforcer-le-dialogue-avec-la-communaute-nationale-a-letranger\/","og_site_name":"info algerie","article_publisher":"https:\/\/www.facebook.com\/infoalgerieactu","article_published_time":"2017-09-21T14:08:51+00:00","author":"La r\u00e9daction","twitter_misc":{"\u00c9crit par":"La r\u00e9daction","Dur\u00e9e de lecture estim\u00e9e":"2 minutes"},"schema":{"@context":"https:\/\/schema.org","@graph":[{"@type":"Article","@id":"https:\/\/www.info-algerie.com\/actualites\/ouyahia-reitere-la-volonte-du-gouvernement-a-renforcer-le-dialogue-avec-la-communaute-nationale-a-letranger\/#article","isPartOf":{"@id":"https:\/\/www.info-algerie.com\/actualites\/ouyahia-reitere-la-volonte-du-gouvernement-a-renforcer-le-dialogue-avec-la-communaute-nationale-a-letranger\/"},"author":{"name":"La r\u00e9daction","@id":"https:\/\/www.info-algerie.com\/actualites\/#\/schema\/person\/847aaec44920825b843a08f30ec6aa1e"},"headline":"Ouyahia r\u00e9it\u00e8re la volont\u00e9 du gouvernement \u00e0 renforcer le dialogue avec la\u00a0communaut\u00e9 nationale \u00e0 l&#039;\u00e9tranger","datePublished":"2017-09-21T14:08:51+00:00","mainEntityOfPage":{"@id":"https:\/\/www.info-algerie.com\/actualites\/ouyahia-reitere-la-volonte-du-gouvernement-a-renforcer-le-dialogue-avec-la-communaute-nationale-a-letranger\/"},"wordCount":419,"commentCount":0,"publisher":{"@id":"https:\/\/www.info-algerie.com\/actualites\/#organization"},"keywords":["ONU"],"articleSection":["infos"],"inLanguage":"fr-FR","potentialAction":[{"@type":"CommentAction","name":"Comment","target":["https:\/\/www.info-algerie.com\/actualites\/ouyahia-reitere-la-volonte-du-gouvernement-a-renforcer-le-dialogue-avec-la-communaute-nationale-a-letranger\/#respond"]}]},{"@type":"WebPage","@id":"https:\/\/www.info-algerie.com\/actualites\/ouyahia-reitere-la-volonte-du-gouvernement-a-renforcer-le-dialogue-avec-la-communaute-nationale-a-letranger\/","url":"https:\/\/www.info-algerie.com\/actualites\/ouyahia-reitere-la-volonte-du-gouvernement-a-renforcer-le-dialogue-avec-la-communaute-nationale-a-letranger\/","name":"Ouyahia r\u00e9it\u00e8re la volont\u00e9 du gouvernement \u00e0 renforcer le dialogue avec la\u00a0communaut\u00e9 nationale \u00e0 l&#039;\u00e9tranger - info algerie","isPartOf":{"@id":"https:\/\/www.info-algerie.com\/actualites\/#website"},"datePublished":"2017-09-21T14:08:51+00:00","breadcrumb":{"@id":"https:\/\/www.info-algerie.com\/actualites\/ouyahia-reitere-la-volonte-du-gouvernement-a-renforcer-le-dialogue-avec-la-communaute-nationale-a-letranger\/#breadcrumb"},"inLanguage":"fr-FR","potentialAction":[{"@type":"ReadAction","target":["https:\/\/www.info-algerie.com\/actualites\/ouyahia-reitere-la-volonte-du-gouvernement-a-renforcer-le-dialogue-avec-la-communaute-nationale-a-letranger\/"]}]},{"@type":"BreadcrumbList","@id":"https:\/\/www.info-algerie.com\/actualites\/ouyahia-reitere-la-volonte-du-gouvernement-a-renforcer-le-dialogue-avec-la-communaute-nationale-a-letranger\/#breadcrumb","itemListElement":[{"@type":"ListItem","position":1,"name":"Accueil","item":"https:\/\/www.info-algerie.com\/actualites\/"},{"@type":"ListItem","position":2,"name":"Ouyahia r\u00e9it\u00e8re la volont\u00e9 du gouvernement \u00e0 renforcer le dialogue avec la\u00a0communaut\u00e9 nationale \u00e0 l&#039;\u00e9tranger"}]},{"@type":"WebSite","@id":"https:\/\/www.info-algerie.com\/actualites\/#website","url":"https:\/\/www.info-algerie.com\/actualites\/","name":"info algerie","description":"Toutes les actualit\u00e9s","publisher":{"@id":"https:\/\/www.info-algerie.com\/actualites\/#organization"},"potentialAction":[{"@type":"SearchAction","target":{"@type":"EntryPoint","urlTemplate":"https:\/\/www.info-algerie.com\/actualites\/?s={search_term_string}"},"query-input":{"@type":"PropertyValueSpecification","valueRequired":true,"valueName":"search_term_string"}}],"inLanguage":"fr-FR"},{"@type":"Organization","@id":"https:\/\/www.info-algerie.com\/actualites\/#organization","name":"info algerie","url":"https:\/\/www.info-algerie.com\/actualites\/","logo":{"@type":"ImageObject","inLanguage":"fr-FR","@id":"https:\/\/www.info-algerie.com\/actualites\/#\/schema\/logo\/image\/","url":"https:\/\/www.info-algerie.com\/actualites\/wp-content\/uploads\/2022\/07\/logo-ia-120.png","contentUrl":"https:\/\/www.info-algerie.com\/actualites\/wp-content\/uploads\/2022\/07\/logo-ia-120.png","width":120,"height":43,"caption":"info algerie"},"image":{"@id":"https:\/\/www.info-algerie.com\/actualites\/#\/schema\/logo\/image\/"},"sameAs":["https:\/\/www.facebook.com\/infoalgerieactu","https:\/\/x.com\/infoalgerie1"]},{"@type":"Person","@id":"https:\/\/www.info-algerie.com\/actualites\/#\/schema\/person\/847aaec44920825b843a08f30ec6aa1e","name":"La r\u00e9daction","image":{"@type":"ImageObject","inLanguage":"fr-FR","@id":"https:\/\/secure.gravatar.com\/avatar\/769db425c6f465158149f1ffd6cf61ce7a8a879d11dfbef8288af36dfddd418c?s=96&d=mm&r=g","url":"https:\/\/secure.gravatar.com\/avatar\/769db425c6f465158149f1ffd6cf61ce7a8a879d11dfbef8288af36dfddd418c?s=96&d=mm&r=g","contentUrl":"https:\/\/secure.gravatar.com\/avatar\/769db425c6f465158149f1ffd6cf61ce7a8a879d11dfbef8288af36dfddd418c?s=96&d=mm&r=g","caption":"La r\u00e9daction"},"sameAs":["http:\/\/www.lkeria.com\/"],"url":"https:\/\/www.info-algerie.com\/actualites\/author\/chakib32\/"}]}},"_links":{"self":[{"href":"https:\/\/www.info-algerie.com\/actualites\/wp-json\/wp\/v2\/posts\/16164","targetHints":{"allow":["GET"]}}],"collection":[{"href":"https:\/\/www.info-algerie.com\/actualites\/wp-json\/wp\/v2\/posts"}],"about":[{"href":"https:\/\/www.info-algerie.com\/actualites\/wp-json\/wp\/v2\/types\/post"}],"author":[{"embeddable":true,"href":"https:\/\/www.info-algerie.com\/actualites\/wp-json\/wp\/v2\/users\/6"}],"replies":[{"embeddable":true,"href":"https:\/\/www.info-algerie.com\/actualites\/wp-json\/wp\/v2\/comments?post=16164"}],"version-history":[{"count":0,"href":"https:\/\/www.info-algerie.com\/actualites\/wp-json\/wp\/v2\/posts\/16164\/revisions"}],"wp:attachment":[{"href":"https:\/\/www.info-algerie.com\/actualites\/wp-json\/wp\/v2\/media?parent=16164"}],"wp:term":[{"taxonomy":"category","embeddable":true,"href":"https:\/\/www.info-algerie.com\/actualites\/wp-json\/wp\/v2\/categories?post=16164"},{"taxonomy":"post_tag","embeddable":true,"href":"https:\/\/www.info-algerie.com\/actualites\/wp-json\/wp\/v2\/tags?post=16164"}],"curies":[{"name":"wp","href":"https:\/\/api.w.org\/{rel}","templated":true}]}}