{"id":16169,"date":"2017-09-21T16:18:42","date_gmt":"2017-09-21T15:18:42","guid":{"rendered":"http:\/\/www.info-algerie.com\/actualites\/messahel-prend-part-a-new-york-a-la-reunion-du-comite-de-mise-en-oeuvre-de-laccord-de-paix-au-mali\/"},"modified":"2017-09-21T16:18:42","modified_gmt":"2017-09-21T15:18:42","slug":"messahel-prend-part-a-new-york-a-la-reunion-du-comite-de-mise-en-oeuvre-de-laccord-de-paix-au-mali","status":"publish","type":"post","link":"https:\/\/www.info-algerie.com\/actualites\/messahel-prend-part-a-new-york-a-la-reunion-du-comite-de-mise-en-oeuvre-de-laccord-de-paix-au-mali\/","title":{"rendered":"Messahel prend part \u00e0 New York \u00e0 la r\u00e9union\u00a0du Comit\u00e9 de mise en \u0153uvre de l&#039;accord de paix au Mali\u00a0\u00a0"},"content":{"rendered":"<div class=\"K2FeedImage\"><img decoding=\"async\" src=\"https:\/\/www.info-algerie.com\/actualites\/wp-content\/uploads\/2017\/09\/7f4148c85ae883761222875ad2bf8039_S.jpg\" alt=\"Messahel prend part &#xE0; New York &#xE0; la r&#xE9;union&#xA0;du Comit&#xE9; de mise en &#x153;uvre de l'accord de paix au Mali&#xA0;&#xA0;\" \/><\/div>\n<div class=\"K2FeedIntroText\">\n<p>ALGER- Le ministre des Affaires \u00e9trang\u00e8res, <a href=\"http:\/\/www.aps.dz\/algerie\/62978-assemble-generale-de-l-onu-messahel-presidera-la-delegation-algerienne-mae\" target=\"_blank\">Abdelkader\u00a0Messahel<\/a> a co-pr\u00e9sid\u00e9, mercredi, \u00e0 New York, conjointement avec son homologue malien Abdoulaye Diop et le Secr\u00e9taire g\u00e9n\u00e9ral de l\u2019ONU, Antonio Guterres, la r\u00e9union minist\u00e9rielle sur la mise en \u0153uvre de l\u2019Accord pour la paix et la r\u00e9conciliation au Mali, indique jeudi son d\u00e9partement\u00a0 minist\u00e9riel dans un communiqu\u00e9.\u00a0\u00a0\u00a0<\/p>\n<p>&#013;\n<\/p><\/div>\n<div class=\"K2FeedFullText\">&#013;<\/p>\n<p>Organis\u00e9e en marge des travaux de la 72\u00e8me session de l\u2019Assembl\u00e9e G\u00e9n\u00e9rale\u00a0 de l\u2019ONU, cette r\u00e9union qui a vu la participation du <a href=\"http:\/\/www.aps.dz\/algerie\/63031-boubacar-keita-loue-le-role-de-l-algerie-dans-la-conclusion-de-l-accord-de-paix-au-mali\" target=\"_blank\">pr\u00e9sident malien,\u00a0Ibrahim Boubakar Keita<\/a>, \u00ab\u00a0a offert aux participants l\u2019opportunit\u00e9 pour\u00a0proc\u00e9der \u00e0 une \u00e9valuation d\u2019\u00e9tape du Processus de mise en \u0153uvre de l\u2019Accord\u00a0pour la Paix et la R\u00e9conciliation au Mali, issu du Processus d\u2019Alger\u00a0\u00bb,\u00a0 pr\u00e9cise la m\u00eame source.<\/p>\n<p>&#013;<\/p>\n<p>Dans son intervention, M. Messahel a indiqu\u00e9 que la situation au Mali a\u00a0 \u00e9t\u00e9 marqu\u00e9e par \u00ab\u00a0des d\u00e9veloppements positifs qu\u2019il faudrait r\u00e9conforter par\u00a0 davantage d\u2019action tourn\u00e9es vers la mise en \u0153uvre effective de l\u2019Accord\u00a0 pour la paix et la r\u00e9conciliation au Mali\u00a0\u00bb, issu du Processus d\u2019Alger.\u00a0<\/p>\n<p>&#013;<\/p>\n<p>Il a, \u00e0 cet \u00e9gard, rappel\u00e9 la tenue de la Conf\u00e9rence de l\u2019Entente\u00a0 nationale et l\u2019adoption subs\u00e9quente de la Charte sur la paix et la\u00a0 R\u00e9conciliation, le lancement du processus de r\u00e9vision constitutionnelle\u00a0ainsi que l\u2019adoption par le Conseil de s\u00e9curit\u00e9 des Nations- Unies d\u2019une\u00a0 r\u00e9solution relative \u00e0 la mise en place d\u2019un r\u00e9gime de sanctions.<\/p>\n<p>&#013;<\/p>\n<p>\u00a0<\/p>\n<p>&#013;<\/p>\n<p>Le ministre a \u00e9galement rappel\u00e9 la signature de l&rsquo;accord \u00e9tablissant la\u00a0 tr\u00eave entre la Coordination des mouvements de l&rsquo;Azawad (CMA) et la\u00a0 Plate-forme et la finalisation, en cours, des discussions entre les parties\u00a0 maliennes signataires de l\u2019Accord au sujet du retour de l\u2019Etat malien et de\u00a0ses symboles \u00e0 Kidal, de m\u00eame que de l\u2019op\u00e9rationnalisation du M\u00e9canisme\u00a0 op\u00e9rationnel de Coordination (MOC) de Kidal et la d\u00e9signation d\u2019un\u00a0 Observateur Ind\u00e9pendant.<\/p>\n<p>&#013;<\/p>\n<p>Abordant les r\u00e9formes politiques et institutionnelles, M. Messahel a\u00a0 indiqu\u00e9 que d\u2019\u00a0\u00bbimportantes \u00e9tapes ont d\u00e9j\u00e0 \u00e9t\u00e9 franchies\u00a0\u00bb avec, notamment, l\u2019op\u00e9rationnalisation des r\u00e9gions de Taoud\u00e9nit et M\u00e9naka dont les\u00a0 gouverneurs ont \u00e9t\u00e9 nomm\u00e9s et install\u00e9s, l\u2019installation des Autorit\u00e9s\u00a0int\u00e9rimaires et le processus en cours pour\u00a0 l\u2019\u00e9laboration des textes\u00a0 l\u00e9gislatifs et r\u00e9glementaires relatifs \u00e0 la d\u00e9centralisation, \u00e0\u00a0 l\u2019administration des territoires et aux \u00e9lections ainsi que pour la\u00a0r\u00e9vision constitutionnelle.\u00a0 \u00a0\u00ab\u00a0Ce qui est r\u00e9confortant et m\u00e9rite d\u2019\u00eatre soulign\u00e9, \u00e0 cet \u00e9gard, c\u2019est que\u00a0 toutes ces op\u00e9rations d\u00e9terminantes sont r\u00e9alis\u00e9es dans un esprit de\u00a0 dialogue et d\u2019entente entre les parties signataires de l\u2019Accord\u00a0\u00bb,\u00a0 a\u00a0 pr\u00e9cis\u00e9 le ministre.<\/p>\n<p>&#013;<\/p>\n<p>\u00a0<\/p>\n<p>&#013;<\/p>\n<p>Tout en \u00e9num\u00e9rant un certain nombre d\u2019autres avanc\u00e9es, notamment dans le\u00a0 domaine de la r\u00e9conciliation, dans le domaine humanitaire ainsi que celui\u00a0 de la d\u00e9fense et de la s\u00e9curit\u00e9, M. Messahel a indiqu\u00e9 que d\u2019 \u00ab\u00a0importants\u00a0 d\u00e9fis restent \u00e0 relever dans la mise en \u0153uvre de l\u2019Accord\u00a0\u00bb.\u00a0<\/p>\n<p>&#013;<\/p>\n<p>A ce titre, il a insist\u00e9 sur \u00ab\u00a0la n\u00e9cessit\u00e9\u00a0\u00bb d\u2019acc\u00e9l\u00e9rer le processus\u00a0d\u2019op\u00e9rationnalisation des bataillons du M\u00e9canisme op\u00e9rationnel conjoint et\u00a0 le d\u00e9ploiement des patrouilles mixtes dans toutes les r\u00e9gions du Nord, tout\u00a0 comme l\u2019installation rapide et le fonctionnement normal des Autorit\u00e9s\u00a0int\u00e9rimaires pour le retour des services sociaux de base au profit des\u00a0 populations.<\/p>\n<p>&#013;<\/p>\n<p>\u00a0<\/p>\n<p>&#013;<\/p>\n<p>Enfin, M. Messahel a assur\u00e9 que l\u2019Alg\u00e9rie \u00ab\u00a0poursuivra ses efforts pour la\u00a0 construction de la paix, la stabilisation et le d\u00e9veloppement \u00e9conomique au\u00a0 Mali, conform\u00e9ment aux instructions du pr\u00e9sident de la R\u00e9publique,\u00a0Abdelaziz Bouteflika qui suit, avec la plus grande attention l\u2019\u00e9volution de\u00a0la situation au Mali et, d\u2019une mani\u00e8re plus g\u00e9n\u00e9rale, dans toute la zone du Sahel\u00a0\u00bb.<\/p>\n<p>&#013;<\/p>\n<p class=\"MsoNormal\">\u00a0<\/p>\n<\/div>\n<p>&#013;<br \/>\nSource: <a href=\"http:\/\/www.aps.dz\/algerie\/63093-messahel-prend-part-a-new-york-a-la-reunion-du-comite-de-mise-en-oeuvre-de-l-accord-de-paix-au-mali\" target=\"_blank\">Messahel prend part \u00e0 New York \u00e0 la r\u00e9union\u00a0du Comit\u00e9 de mise en \u0153uvre de l&rsquo;accord de paix au Mali\u00a0\u00a0<\/a><\/p>\n<!--CusAds0-->\n<div style=\"font-size: 0px; height: 0px; line-height: 0px; margin: 0; padding: 0; clear: both;\"><\/div>","protected":false},"excerpt":{"rendered":"<p>ALGER- Le ministre des Affaires \u00e9trang\u00e8res, Abdelkader\u00a0Messahel a co-pr\u00e9sid\u00e9, mercredi, \u00e0 New York, conjointement avec son homologue malien Abdoulaye Diop et le Secr\u00e9taire g\u00e9n\u00e9ral de l\u2019ONU, Antonio Guterres, la r\u00e9union minist\u00e9rielle sur la mise en \u0153uvre de l\u2019Accord pour la paix et la r\u00e9conciliation au Mali, indique jeudi son d\u00e9partement\u00a0 minist\u00e9riel dans un communiqu\u00e9.\u00a0\u00a0\u00a0 &#013;<\/p>\n","protected":false},"author":6,"featured_media":16170,"comment_status":"open","ping_status":"open","sticky":false,"template":"","format":"standard","meta":{"footnotes":""},"categories":[22],"tags":[93],"class_list":["post-16169","post","type-post","status-publish","format-standard","has-post-thumbnail","hentry","category-infos","tag-onu"],"yoast_head":"<!-- This site is optimized with the Yoast SEO plugin v27.5 - https:\/\/yoast.com\/product\/yoast-seo-wordpress\/ -->\n<title>Messahel prend part \u00e0 New York \u00e0 la r\u00e9union\u00a0du Comit\u00e9 de mise en \u0153uvre de l&#039;accord de paix au Mali\u00a0\u00a0 - info algerie<\/title>\n<meta name=\"robots\" content=\"index, follow, max-snippet:-1, max-image-preview:large, max-video-preview:-1\" \/>\n<link rel=\"canonical\" href=\"https:\/\/www.info-algerie.com\/actualites\/messahel-prend-part-a-new-york-a-la-reunion-du-comite-de-mise-en-oeuvre-de-laccord-de-paix-au-mali\/\" \/>\n<meta property=\"og:locale\" content=\"fr_FR\" \/>\n<meta property=\"og:type\" content=\"article\" \/>\n<meta property=\"og:title\" content=\"Messahel prend part \u00e0 New York \u00e0 la r\u00e9union\u00a0du Comit\u00e9 de mise en \u0153uvre de l&#039;accord de paix au Mali\u00a0\u00a0 - info algerie\" \/>\n<meta property=\"og:description\" content=\"ALGER- Le ministre des Affaires \u00e9trang\u00e8res, Abdelkader\u00a0Messahel a co-pr\u00e9sid\u00e9, mercredi, \u00e0 New York, conjointement avec son homologue malien Abdoulaye Diop et le Secr\u00e9taire g\u00e9n\u00e9ral de l\u2019ONU, Antonio Guterres, la r\u00e9union minist\u00e9rielle sur la mise en \u0153uvre de l\u2019Accord pour la paix et la r\u00e9conciliation au Mali, indique jeudi son d\u00e9partement\u00a0 minist\u00e9riel dans un communiqu\u00e9.\u00a0\u00a0\u00a0 &#013;\" \/>\n<meta property=\"og:url\" content=\"https:\/\/www.info-algerie.com\/actualites\/messahel-prend-part-a-new-york-a-la-reunion-du-comite-de-mise-en-oeuvre-de-laccord-de-paix-au-mali\/\" \/>\n<meta property=\"og:site_name\" content=\"info algerie\" \/>\n<meta property=\"article:publisher\" content=\"https:\/\/www.facebook.com\/infoalgerieactu\" \/>\n<meta property=\"article:published_time\" content=\"2017-09-21T15:18:42+00:00\" \/>\n<meta property=\"og:image\" content=\"https:\/\/www.info-algerie.com\/actualites\/wp-content\/uploads\/2017\/09\/7f4148c85ae883761222875ad2bf8039_S-1.jpg\" \/>\n\t<meta property=\"og:image:width\" content=\"280\" \/>\n\t<meta property=\"og:image:height\" content=\"169\" \/>\n\t<meta property=\"og:image:type\" content=\"image\/jpeg\" \/>\n<meta name=\"author\" content=\"La r\u00e9daction\" \/>\n<meta name=\"twitter:label1\" content=\"\u00c9crit par\" \/>\n\t<meta name=\"twitter:data1\" content=\"La r\u00e9daction\" \/>\n\t<meta name=\"twitter:label2\" content=\"Dur\u00e9e de lecture estim\u00e9e\" \/>\n\t<meta name=\"twitter:data2\" content=\"3 minutes\" \/>\n<script type=\"application\/ld+json\" class=\"yoast-schema-graph\">{\"@context\":\"https:\\\/\\\/schema.org\",\"@graph\":[{\"@type\":\"Article\",\"@id\":\"https:\\\/\\\/www.info-algerie.com\\\/actualites\\\/messahel-prend-part-a-new-york-a-la-reunion-du-comite-de-mise-en-oeuvre-de-laccord-de-paix-au-mali\\\/#article\",\"isPartOf\":{\"@id\":\"https:\\\/\\\/www.info-algerie.com\\\/actualites\\\/messahel-prend-part-a-new-york-a-la-reunion-du-comite-de-mise-en-oeuvre-de-laccord-de-paix-au-mali\\\/\"},\"author\":{\"name\":\"La r\u00e9daction\",\"@id\":\"https:\\\/\\\/www.info-algerie.com\\\/actualites\\\/#\\\/schema\\\/person\\\/847aaec44920825b843a08f30ec6aa1e\"},\"headline\":\"Messahel prend part \u00e0 New York \u00e0 la r\u00e9union\u00a0du Comit\u00e9 de mise en \u0153uvre de l&#039;accord de paix au Mali\u00a0\u00a0\",\"datePublished\":\"2017-09-21T15:18:42+00:00\",\"mainEntityOfPage\":{\"@id\":\"https:\\\/\\\/www.info-algerie.com\\\/actualites\\\/messahel-prend-part-a-new-york-a-la-reunion-du-comite-de-mise-en-oeuvre-de-laccord-de-paix-au-mali\\\/\"},\"wordCount\":708,\"commentCount\":0,\"publisher\":{\"@id\":\"https:\\\/\\\/www.info-algerie.com\\\/actualites\\\/#organization\"},\"image\":{\"@id\":\"https:\\\/\\\/www.info-algerie.com\\\/actualites\\\/messahel-prend-part-a-new-york-a-la-reunion-du-comite-de-mise-en-oeuvre-de-laccord-de-paix-au-mali\\\/#primaryimage\"},\"thumbnailUrl\":\"https:\\\/\\\/www.info-algerie.com\\\/actualites\\\/wp-content\\\/uploads\\\/2017\\\/09\\\/7f4148c85ae883761222875ad2bf8039_S-1.jpg\",\"keywords\":[\"ONU\"],\"articleSection\":[\"infos\"],\"inLanguage\":\"fr-FR\",\"potentialAction\":[{\"@type\":\"CommentAction\",\"name\":\"Comment\",\"target\":[\"https:\\\/\\\/www.info-algerie.com\\\/actualites\\\/messahel-prend-part-a-new-york-a-la-reunion-du-comite-de-mise-en-oeuvre-de-laccord-de-paix-au-mali\\\/#respond\"]}]},{\"@type\":\"WebPage\",\"@id\":\"https:\\\/\\\/www.info-algerie.com\\\/actualites\\\/messahel-prend-part-a-new-york-a-la-reunion-du-comite-de-mise-en-oeuvre-de-laccord-de-paix-au-mali\\\/\",\"url\":\"https:\\\/\\\/www.info-algerie.com\\\/actualites\\\/messahel-prend-part-a-new-york-a-la-reunion-du-comite-de-mise-en-oeuvre-de-laccord-de-paix-au-mali\\\/\",\"name\":\"Messahel prend part \u00e0 New York \u00e0 la r\u00e9union\u00a0du Comit\u00e9 de mise en \u0153uvre de l&#039;accord de paix au Mali\u00a0\u00a0 - info algerie\",\"isPartOf\":{\"@id\":\"https:\\\/\\\/www.info-algerie.com\\\/actualites\\\/#website\"},\"primaryImageOfPage\":{\"@id\":\"https:\\\/\\\/www.info-algerie.com\\\/actualites\\\/messahel-prend-part-a-new-york-a-la-reunion-du-comite-de-mise-en-oeuvre-de-laccord-de-paix-au-mali\\\/#primaryimage\"},\"image\":{\"@id\":\"https:\\\/\\\/www.info-algerie.com\\\/actualites\\\/messahel-prend-part-a-new-york-a-la-reunion-du-comite-de-mise-en-oeuvre-de-laccord-de-paix-au-mali\\\/#primaryimage\"},\"thumbnailUrl\":\"https:\\\/\\\/www.info-algerie.com\\\/actualites\\\/wp-content\\\/uploads\\\/2017\\\/09\\\/7f4148c85ae883761222875ad2bf8039_S-1.jpg\",\"datePublished\":\"2017-09-21T15:18:42+00:00\",\"breadcrumb\":{\"@id\":\"https:\\\/\\\/www.info-algerie.com\\\/actualites\\\/messahel-prend-part-a-new-york-a-la-reunion-du-comite-de-mise-en-oeuvre-de-laccord-de-paix-au-mali\\\/#breadcrumb\"},\"inLanguage\":\"fr-FR\",\"potentialAction\":[{\"@type\":\"ReadAction\",\"target\":[\"https:\\\/\\\/www.info-algerie.com\\\/actualites\\\/messahel-prend-part-a-new-york-a-la-reunion-du-comite-de-mise-en-oeuvre-de-laccord-de-paix-au-mali\\\/\"]}]},{\"@type\":\"ImageObject\",\"inLanguage\":\"fr-FR\",\"@id\":\"https:\\\/\\\/www.info-algerie.com\\\/actualites\\\/messahel-prend-part-a-new-york-a-la-reunion-du-comite-de-mise-en-oeuvre-de-laccord-de-paix-au-mali\\\/#primaryimage\",\"url\":\"https:\\\/\\\/www.info-algerie.com\\\/actualites\\\/wp-content\\\/uploads\\\/2017\\\/09\\\/7f4148c85ae883761222875ad2bf8039_S-1.jpg\",\"contentUrl\":\"https:\\\/\\\/www.info-algerie.com\\\/actualites\\\/wp-content\\\/uploads\\\/2017\\\/09\\\/7f4148c85ae883761222875ad2bf8039_S-1.jpg\",\"width\":280,\"height\":169},{\"@type\":\"BreadcrumbList\",\"@id\":\"https:\\\/\\\/www.info-algerie.com\\\/actualites\\\/messahel-prend-part-a-new-york-a-la-reunion-du-comite-de-mise-en-oeuvre-de-laccord-de-paix-au-mali\\\/#breadcrumb\",\"itemListElement\":[{\"@type\":\"ListItem\",\"position\":1,\"name\":\"Accueil\",\"item\":\"https:\\\/\\\/www.info-algerie.com\\\/actualites\\\/\"},{\"@type\":\"ListItem\",\"position\":2,\"name\":\"Messahel prend part \u00e0 New York \u00e0 la r\u00e9union\u00a0du Comit\u00e9 de mise en \u0153uvre de l&#039;accord de paix au Mali\u00a0\u00a0\"}]},{\"@type\":\"WebSite\",\"@id\":\"https:\\\/\\\/www.info-algerie.com\\\/actualites\\\/#website\",\"url\":\"https:\\\/\\\/www.info-algerie.com\\\/actualites\\\/\",\"name\":\"info algerie\",\"description\":\"Toutes les actualit\u00e9s\",\"publisher\":{\"@id\":\"https:\\\/\\\/www.info-algerie.com\\\/actualites\\\/#organization\"},\"potentialAction\":[{\"@type\":\"SearchAction\",\"target\":{\"@type\":\"EntryPoint\",\"urlTemplate\":\"https:\\\/\\\/www.info-algerie.com\\\/actualites\\\/?s={search_term_string}\"},\"query-input\":{\"@type\":\"PropertyValueSpecification\",\"valueRequired\":true,\"valueName\":\"search_term_string\"}}],\"inLanguage\":\"fr-FR\"},{\"@type\":\"Organization\",\"@id\":\"https:\\\/\\\/www.info-algerie.com\\\/actualites\\\/#organization\",\"name\":\"info algerie\",\"url\":\"https:\\\/\\\/www.info-algerie.com\\\/actualites\\\/\",\"logo\":{\"@type\":\"ImageObject\",\"inLanguage\":\"fr-FR\",\"@id\":\"https:\\\/\\\/www.info-algerie.com\\\/actualites\\\/#\\\/schema\\\/logo\\\/image\\\/\",\"url\":\"https:\\\/\\\/www.info-algerie.com\\\/actualites\\\/wp-content\\\/uploads\\\/2022\\\/07\\\/logo-ia-120.png\",\"contentUrl\":\"https:\\\/\\\/www.info-algerie.com\\\/actualites\\\/wp-content\\\/uploads\\\/2022\\\/07\\\/logo-ia-120.png\",\"width\":120,\"height\":43,\"caption\":\"info algerie\"},\"image\":{\"@id\":\"https:\\\/\\\/www.info-algerie.com\\\/actualites\\\/#\\\/schema\\\/logo\\\/image\\\/\"},\"sameAs\":[\"https:\\\/\\\/www.facebook.com\\\/infoalgerieactu\",\"https:\\\/\\\/x.com\\\/infoalgerie1\"]},{\"@type\":\"Person\",\"@id\":\"https:\\\/\\\/www.info-algerie.com\\\/actualites\\\/#\\\/schema\\\/person\\\/847aaec44920825b843a08f30ec6aa1e\",\"name\":\"La r\u00e9daction\",\"image\":{\"@type\":\"ImageObject\",\"inLanguage\":\"fr-FR\",\"@id\":\"https:\\\/\\\/secure.gravatar.com\\\/avatar\\\/769db425c6f465158149f1ffd6cf61ce7a8a879d11dfbef8288af36dfddd418c?s=96&d=mm&r=g\",\"url\":\"https:\\\/\\\/secure.gravatar.com\\\/avatar\\\/769db425c6f465158149f1ffd6cf61ce7a8a879d11dfbef8288af36dfddd418c?s=96&d=mm&r=g\",\"contentUrl\":\"https:\\\/\\\/secure.gravatar.com\\\/avatar\\\/769db425c6f465158149f1ffd6cf61ce7a8a879d11dfbef8288af36dfddd418c?s=96&d=mm&r=g\",\"caption\":\"La r\u00e9daction\"},\"sameAs\":[\"http:\\\/\\\/www.lkeria.com\\\/\"],\"url\":\"https:\\\/\\\/www.info-algerie.com\\\/actualites\\\/author\\\/chakib32\\\/\"}]}<\/script>\n<!-- \/ Yoast SEO plugin. -->","yoast_head_json":{"title":"Messahel prend part \u00e0 New York \u00e0 la r\u00e9union\u00a0du Comit\u00e9 de mise en \u0153uvre de l&#039;accord de paix au Mali\u00a0\u00a0 - info algerie","robots":{"index":"index","follow":"follow","max-snippet":"max-snippet:-1","max-image-preview":"max-image-preview:large","max-video-preview":"max-video-preview:-1"},"canonical":"https:\/\/www.info-algerie.com\/actualites\/messahel-prend-part-a-new-york-a-la-reunion-du-comite-de-mise-en-oeuvre-de-laccord-de-paix-au-mali\/","og_locale":"fr_FR","og_type":"article","og_title":"Messahel prend part \u00e0 New York \u00e0 la r\u00e9union\u00a0du Comit\u00e9 de mise en \u0153uvre de l&#039;accord de paix au Mali\u00a0\u00a0 - info algerie","og_description":"ALGER- Le ministre des Affaires \u00e9trang\u00e8res, Abdelkader\u00a0Messahel a co-pr\u00e9sid\u00e9, mercredi, \u00e0 New York, conjointement avec son homologue malien Abdoulaye Diop et le Secr\u00e9taire g\u00e9n\u00e9ral de l\u2019ONU, Antonio Guterres, la r\u00e9union minist\u00e9rielle sur la mise en \u0153uvre de l\u2019Accord pour la paix et la r\u00e9conciliation au Mali, indique jeudi son d\u00e9partement\u00a0 minist\u00e9riel dans un communiqu\u00e9.\u00a0\u00a0\u00a0 &#013;","og_url":"https:\/\/www.info-algerie.com\/actualites\/messahel-prend-part-a-new-york-a-la-reunion-du-comite-de-mise-en-oeuvre-de-laccord-de-paix-au-mali\/","og_site_name":"info algerie","article_publisher":"https:\/\/www.facebook.com\/infoalgerieactu","article_published_time":"2017-09-21T15:18:42+00:00","og_image":[{"width":280,"height":169,"url":"https:\/\/www.info-algerie.com\/actualites\/wp-content\/uploads\/2017\/09\/7f4148c85ae883761222875ad2bf8039_S-1.jpg","type":"image\/jpeg"}],"author":"La r\u00e9daction","twitter_misc":{"\u00c9crit par":"La r\u00e9daction","Dur\u00e9e de lecture estim\u00e9e":"3 minutes"},"schema":{"@context":"https:\/\/schema.org","@graph":[{"@type":"Article","@id":"https:\/\/www.info-algerie.com\/actualites\/messahel-prend-part-a-new-york-a-la-reunion-du-comite-de-mise-en-oeuvre-de-laccord-de-paix-au-mali\/#article","isPartOf":{"@id":"https:\/\/www.info-algerie.com\/actualites\/messahel-prend-part-a-new-york-a-la-reunion-du-comite-de-mise-en-oeuvre-de-laccord-de-paix-au-mali\/"},"author":{"name":"La r\u00e9daction","@id":"https:\/\/www.info-algerie.com\/actualites\/#\/schema\/person\/847aaec44920825b843a08f30ec6aa1e"},"headline":"Messahel prend part \u00e0 New York \u00e0 la r\u00e9union\u00a0du Comit\u00e9 de mise en \u0153uvre de l&#039;accord de paix au Mali\u00a0\u00a0","datePublished":"2017-09-21T15:18:42+00:00","mainEntityOfPage":{"@id":"https:\/\/www.info-algerie.com\/actualites\/messahel-prend-part-a-new-york-a-la-reunion-du-comite-de-mise-en-oeuvre-de-laccord-de-paix-au-mali\/"},"wordCount":708,"commentCount":0,"publisher":{"@id":"https:\/\/www.info-algerie.com\/actualites\/#organization"},"image":{"@id":"https:\/\/www.info-algerie.com\/actualites\/messahel-prend-part-a-new-york-a-la-reunion-du-comite-de-mise-en-oeuvre-de-laccord-de-paix-au-mali\/#primaryimage"},"thumbnailUrl":"https:\/\/www.info-algerie.com\/actualites\/wp-content\/uploads\/2017\/09\/7f4148c85ae883761222875ad2bf8039_S-1.jpg","keywords":["ONU"],"articleSection":["infos"],"inLanguage":"fr-FR","potentialAction":[{"@type":"CommentAction","name":"Comment","target":["https:\/\/www.info-algerie.com\/actualites\/messahel-prend-part-a-new-york-a-la-reunion-du-comite-de-mise-en-oeuvre-de-laccord-de-paix-au-mali\/#respond"]}]},{"@type":"WebPage","@id":"https:\/\/www.info-algerie.com\/actualites\/messahel-prend-part-a-new-york-a-la-reunion-du-comite-de-mise-en-oeuvre-de-laccord-de-paix-au-mali\/","url":"https:\/\/www.info-algerie.com\/actualites\/messahel-prend-part-a-new-york-a-la-reunion-du-comite-de-mise-en-oeuvre-de-laccord-de-paix-au-mali\/","name":"Messahel prend part \u00e0 New York \u00e0 la r\u00e9union\u00a0du Comit\u00e9 de mise en \u0153uvre de l&#039;accord de paix au Mali\u00a0\u00a0 - info algerie","isPartOf":{"@id":"https:\/\/www.info-algerie.com\/actualites\/#website"},"primaryImageOfPage":{"@id":"https:\/\/www.info-algerie.com\/actualites\/messahel-prend-part-a-new-york-a-la-reunion-du-comite-de-mise-en-oeuvre-de-laccord-de-paix-au-mali\/#primaryimage"},"image":{"@id":"https:\/\/www.info-algerie.com\/actualites\/messahel-prend-part-a-new-york-a-la-reunion-du-comite-de-mise-en-oeuvre-de-laccord-de-paix-au-mali\/#primaryimage"},"thumbnailUrl":"https:\/\/www.info-algerie.com\/actualites\/wp-content\/uploads\/2017\/09\/7f4148c85ae883761222875ad2bf8039_S-1.jpg","datePublished":"2017-09-21T15:18:42+00:00","breadcrumb":{"@id":"https:\/\/www.info-algerie.com\/actualites\/messahel-prend-part-a-new-york-a-la-reunion-du-comite-de-mise-en-oeuvre-de-laccord-de-paix-au-mali\/#breadcrumb"},"inLanguage":"fr-FR","potentialAction":[{"@type":"ReadAction","target":["https:\/\/www.info-algerie.com\/actualites\/messahel-prend-part-a-new-york-a-la-reunion-du-comite-de-mise-en-oeuvre-de-laccord-de-paix-au-mali\/"]}]},{"@type":"ImageObject","inLanguage":"fr-FR","@id":"https:\/\/www.info-algerie.com\/actualites\/messahel-prend-part-a-new-york-a-la-reunion-du-comite-de-mise-en-oeuvre-de-laccord-de-paix-au-mali\/#primaryimage","url":"https:\/\/www.info-algerie.com\/actualites\/wp-content\/uploads\/2017\/09\/7f4148c85ae883761222875ad2bf8039_S-1.jpg","contentUrl":"https:\/\/www.info-algerie.com\/actualites\/wp-content\/uploads\/2017\/09\/7f4148c85ae883761222875ad2bf8039_S-1.jpg","width":280,"height":169},{"@type":"BreadcrumbList","@id":"https:\/\/www.info-algerie.com\/actualites\/messahel-prend-part-a-new-york-a-la-reunion-du-comite-de-mise-en-oeuvre-de-laccord-de-paix-au-mali\/#breadcrumb","itemListElement":[{"@type":"ListItem","position":1,"name":"Accueil","item":"https:\/\/www.info-algerie.com\/actualites\/"},{"@type":"ListItem","position":2,"name":"Messahel prend part \u00e0 New York \u00e0 la r\u00e9union\u00a0du Comit\u00e9 de mise en \u0153uvre de l&#039;accord de paix au Mali\u00a0\u00a0"}]},{"@type":"WebSite","@id":"https:\/\/www.info-algerie.com\/actualites\/#website","url":"https:\/\/www.info-algerie.com\/actualites\/","name":"info algerie","description":"Toutes les actualit\u00e9s","publisher":{"@id":"https:\/\/www.info-algerie.com\/actualites\/#organization"},"potentialAction":[{"@type":"SearchAction","target":{"@type":"EntryPoint","urlTemplate":"https:\/\/www.info-algerie.com\/actualites\/?s={search_term_string}"},"query-input":{"@type":"PropertyValueSpecification","valueRequired":true,"valueName":"search_term_string"}}],"inLanguage":"fr-FR"},{"@type":"Organization","@id":"https:\/\/www.info-algerie.com\/actualites\/#organization","name":"info algerie","url":"https:\/\/www.info-algerie.com\/actualites\/","logo":{"@type":"ImageObject","inLanguage":"fr-FR","@id":"https:\/\/www.info-algerie.com\/actualites\/#\/schema\/logo\/image\/","url":"https:\/\/www.info-algerie.com\/actualites\/wp-content\/uploads\/2022\/07\/logo-ia-120.png","contentUrl":"https:\/\/www.info-algerie.com\/actualites\/wp-content\/uploads\/2022\/07\/logo-ia-120.png","width":120,"height":43,"caption":"info algerie"},"image":{"@id":"https:\/\/www.info-algerie.com\/actualites\/#\/schema\/logo\/image\/"},"sameAs":["https:\/\/www.facebook.com\/infoalgerieactu","https:\/\/x.com\/infoalgerie1"]},{"@type":"Person","@id":"https:\/\/www.info-algerie.com\/actualites\/#\/schema\/person\/847aaec44920825b843a08f30ec6aa1e","name":"La r\u00e9daction","image":{"@type":"ImageObject","inLanguage":"fr-FR","@id":"https:\/\/secure.gravatar.com\/avatar\/769db425c6f465158149f1ffd6cf61ce7a8a879d11dfbef8288af36dfddd418c?s=96&d=mm&r=g","url":"https:\/\/secure.gravatar.com\/avatar\/769db425c6f465158149f1ffd6cf61ce7a8a879d11dfbef8288af36dfddd418c?s=96&d=mm&r=g","contentUrl":"https:\/\/secure.gravatar.com\/avatar\/769db425c6f465158149f1ffd6cf61ce7a8a879d11dfbef8288af36dfddd418c?s=96&d=mm&r=g","caption":"La r\u00e9daction"},"sameAs":["http:\/\/www.lkeria.com\/"],"url":"https:\/\/www.info-algerie.com\/actualites\/author\/chakib32\/"}]}},"_links":{"self":[{"href":"https:\/\/www.info-algerie.com\/actualites\/wp-json\/wp\/v2\/posts\/16169","targetHints":{"allow":["GET"]}}],"collection":[{"href":"https:\/\/www.info-algerie.com\/actualites\/wp-json\/wp\/v2\/posts"}],"about":[{"href":"https:\/\/www.info-algerie.com\/actualites\/wp-json\/wp\/v2\/types\/post"}],"author":[{"embeddable":true,"href":"https:\/\/www.info-algerie.com\/actualites\/wp-json\/wp\/v2\/users\/6"}],"replies":[{"embeddable":true,"href":"https:\/\/www.info-algerie.com\/actualites\/wp-json\/wp\/v2\/comments?post=16169"}],"version-history":[{"count":0,"href":"https:\/\/www.info-algerie.com\/actualites\/wp-json\/wp\/v2\/posts\/16169\/revisions"}],"wp:featuredmedia":[{"embeddable":true,"href":"https:\/\/www.info-algerie.com\/actualites\/wp-json\/wp\/v2\/media\/16170"}],"wp:attachment":[{"href":"https:\/\/www.info-algerie.com\/actualites\/wp-json\/wp\/v2\/media?parent=16169"}],"wp:term":[{"taxonomy":"category","embeddable":true,"href":"https:\/\/www.info-algerie.com\/actualites\/wp-json\/wp\/v2\/categories?post=16169"},{"taxonomy":"post_tag","embeddable":true,"href":"https:\/\/www.info-algerie.com\/actualites\/wp-json\/wp\/v2\/tags?post=16169"}],"curies":[{"name":"wp","href":"https:\/\/api.w.org\/{rel}","templated":true}]}}