{"id":16172,"date":"2017-09-21T15:56:36","date_gmt":"2017-09-21T14:56:36","guid":{"rendered":"http:\/\/www.info-algerie.com\/actualites\/limportance-de-la-reconciliation-nationale-dans-le-retablissement-de-la-cohesion-sociale-mise-en-exergue-a-ghardaia\/"},"modified":"2017-09-21T15:56:36","modified_gmt":"2017-09-21T14:56:36","slug":"limportance-de-la-reconciliation-nationale-dans-le-retablissement-de-la-cohesion-sociale-mise-en-exergue-a-ghardaia","status":"publish","type":"post","link":"https:\/\/www.info-algerie.com\/actualites\/limportance-de-la-reconciliation-nationale-dans-le-retablissement-de-la-cohesion-sociale-mise-en-exergue-a-ghardaia\/","title":{"rendered":"L&#039;importance de la r\u00e9conciliation nationale dans le r\u00e9tablissement de la coh\u00e9sion sociale mise en exergue \u00e0 Ghardaia"},"content":{"rendered":"<div class=\"K2FeedImage\"><img decoding=\"async\" src=\"https:\/\/www.info-algerie.com\/actualites\/wp-content\/uploads\/2017\/09\/ce68a5365e3bc4b3b0a4bc460569e639_S.jpg\" alt=\"L'importance de la r&#xE9;conciliation nationale dans le r&#xE9;tablissement de la coh&#xE9;sion sociale mise en exergue &#xE0; Ghardaia\" \/><\/div>\n<div class=\"K2FeedIntroText\">\n<p>GHARDAIA- L\u2019importance de la r\u00e9conciliation nationale\u00a0 et de la concorde civile dans le r\u00e9tablissement de la paix et la coh\u00e9sion sociale du peuple alg\u00e9rien a \u00e9t\u00e9 mise en exergue, jeudi \u00e0 Gharda\u00efa, lors\u00a0 d\u2019une rencontre nationale organis\u00e9e \u00e0 l\u2019occasion de la c\u00e9l\u00e9bration de la\u00a0<span style=\"font-size: 12.16px\">journ\u00e9e internationale de la paix.<\/span><\/p>\n<p>&#013;\n<\/p><\/div>\n<div class=\"K2FeedFullText\">&#013;<\/p>\n<p class=\"MsoNormal\">\u00a0<\/p>\n<p>&#013;<\/p>\n<p class=\"MsoNormal\">Les intervenants ont soulign\u00e9 le choix de la r\u00e9conciliation nationale\u00a0 comme m\u00e9thode \u00ab\u00a0civilis\u00e9e\u00a0\u00bb adopt\u00e9e par le pr\u00e9sident de la R\u00e9publique,\u00a0Abdelaziz Bouteflika, pour \u00ab\u00a0le r\u00e9tablissement de la paix et la qui\u00e9tude\u00a0 entre les fils de l\u2019Alg\u00e9rie, afin de r\u00e9aliser une dynamique \u00e9conomique et\u00a0 un d\u00e9veloppement social durable\u00a0\u00bb.<\/p>\n<p>&#013;<\/p>\n<p class=\"MsoNormal\">Les participants \u00e0 cette rencontre nationale portant sur la th\u00e9matique de\u00a0 la R\u00e9conciliation nationale et de la concorde civile ont rappel\u00e9 que la\u00a0 r\u00e9conciliation nationale est un choix civilisationnel cautionn\u00e9 par le\u00a0 peuple alg\u00e9rien pour mettre fin \u00e0 la d\u00e9cennie noire, avant d\u2019exprimer leur\u00a0<span style=\"font-size: 12.16px\">rejet de la \u00ab\u00a0Fitna\u00a0\u00bb et de la \u00ab\u00a0division\u00a0\u00bb entre le peuple.<\/span><\/p>\n<p>&#013;<\/p>\n<p class=\"MsoNormal\">\u00a0<\/p>\n<p>&#013;<\/p>\n<p class=\"MsoNormal\">Les participants \u00e0 cette rencontre, organis\u00e9e \u00e0 l&rsquo;initiative de la\u00a0 coordination nationale des associations de soutien au programme du\u00a0 pr\u00e9sident de la R\u00e9publique, en collaboration avec les acteurs de la soci\u00e9t\u00e9\u00a0 civile de la wilaya de Ghardaia, ont exhort\u00e9 les habitants de Ghardaia \u00e0\u00a0<span style=\"font-size: 12.16px\">\u00ab\u00a0pr\u00e9server la paix et la coh\u00e9sion sociale, et \u00e0 s\u2019atteler au d\u00e9veloppement<\/span><span style=\"font-size: 12.16px\">\u00a0 <\/span><span style=\"font-size: 12.16px\">de la r\u00e9gion\u00a0\u00bb.<\/span><\/p>\n<p>&#013;<\/p>\n<p class=\"MsoNormal\">\u00a0<\/p>\n<p>&#013;<\/p>\n<p class=\"MsoNormal\">Selon les organisateurs, cette rencontre, qui co\u00efncide avec la c\u00e9l\u00e9bration\u00a0 de la Journ\u00e9e internationale de la paix ayant pour th\u00e8me \u00ab\u00a0Ensemble pour la\u00a0 paix : Respect, dignit\u00e9 et s\u00e9curit\u00e9 pour tous\u00a0\u00bb, a \u00e9t\u00e9 organis\u00e9e \u00e0 Ghardaia\u00a0 pour consolider et favoriser l\u2019entente, la cohabitation sociale et le\u00a0<span style=\"font-size: 12.16px\">respect entre les citoyens alg\u00e9riens en g\u00e9n\u00e9ral, et ceux de la r\u00e9gion de<\/span><span style=\"font-size: 12.16px\">\u00a0<\/span><span style=\"font-size: 12.16px\">Ghardaia en particulier.<\/span><\/p>\n<p>&#013;<\/p>\n<p class=\"MsoNormal\">\u00a0<\/p>\n<p>&#013;<\/p>\n<p class=\"MsoNormal\">L&rsquo;organisation de cette manifestation s&rsquo;ins\u00e8re \u00e9galement dans le cadre de\u00a0 la double comm\u00e9moration du r\u00e9f\u00e9rendum organis\u00e9 en septembre 1999 sur la loi\u00a0 portant \u00ab\u00a0Concorde civile\u00a0\u00bb et de celui organis\u00e9 en septembre 2005 portant\u00a0 \u00ab\u00a0Charte pour la paix et la r\u00e9conciliation nationale\u00a0\u00bb, ont-ils ajout\u00e9.<\/p>\n<p>&#013;<\/p>\n<p class=\"MsoNormal\">La rencontre, qui a regroup\u00e9 des membres de la soci\u00e9t\u00e9 civile et\u00a0 diff\u00e9rents acteurs influents dans la soci\u00e9t\u00e9 Ghardaouie, avec la pr\u00e9sence\u00a0 de diplomates et de femmes de diplomates \u00e9trangers accr\u00e9dit\u00e9s \u00e0 Alger, vise\u00a0<span style=\"font-size: 12.16px\">principalement \u00e0 ancrer la culture de la paix, du dialogue et du respect<\/span><span style=\"font-size: 12.16px\">\u00a0 <\/span><span style=\"font-size: 12.16px\">entre les habitants, dans le sillage de la cons\u00e9cration de la citoyennet\u00e9. Elle s\u2019est d\u00e9roul\u00e9e dans une ambiance marqu\u00e9e par la pr\u00e9sentation\u00a0<\/span><span style=\"font-size: 12.16px\">d&rsquo;interventions sur la politique de la r\u00e9conciliation nationale et de la<\/span><span style=\"font-size: 12.16px\">\u00a0 <\/span><span style=\"font-size: 12.16px\">concorde civile, ainsi que sur le programme de d\u00e9veloppement du pr\u00e9sident<\/span><span style=\"font-size: 12.16px\">\u00a0 <\/span><span style=\"font-size: 12.16px\">de la R\u00e9publique.<\/span><\/p>\n<p>&#013;<\/p>\n<p class=\"MsoNormal\">\u00a0<\/p>\n<\/div>\n<p>&#013;<br \/>\nSource: <a href=\"http:\/\/www.aps.dz\/algerie\/63091-l-importance-de-la-reconciliation-nationale-dans-le-retablissement-de-la-cohesion-sociale-mise-en-exergue-a-ghardaia\" target=\"_blank\">L&rsquo;importance de la r\u00e9conciliation nationale dans le r\u00e9tablissement de la coh\u00e9sion sociale mise en exergue \u00e0 Ghardaia<\/a><\/p>\n<!--CusAds0-->\n<div style=\"font-size: 0px; height: 0px; line-height: 0px; margin: 0; padding: 0; clear: both;\"><\/div>","protected":false},"excerpt":{"rendered":"<p>GHARDAIA- L\u2019importance de la r\u00e9conciliation nationale\u00a0 et de la concorde civile dans le r\u00e9tablissement de la paix et la coh\u00e9sion sociale du peuple alg\u00e9rien a \u00e9t\u00e9 mise en exergue, jeudi \u00e0 Gharda\u00efa, lors\u00a0 d\u2019une rencontre nationale organis\u00e9e \u00e0 l\u2019occasion de la c\u00e9l\u00e9bration de la\u00a0journ\u00e9e internationale de la paix. &#013; &#013; \u00a0 &#013; Les intervenants ont<\/p>\n","protected":false},"author":6,"featured_media":16173,"comment_status":"open","ping_status":"open","sticky":false,"template":"","format":"standard","meta":{"footnotes":""},"categories":[22],"tags":[93],"class_list":["post-16172","post","type-post","status-publish","format-standard","has-post-thumbnail","hentry","category-infos","tag-onu"],"yoast_head":"<!-- This site is optimized with the Yoast SEO plugin v27.5 - https:\/\/yoast.com\/product\/yoast-seo-wordpress\/ -->\n<title>L&#039;importance de la r\u00e9conciliation nationale dans le r\u00e9tablissement de la coh\u00e9sion sociale mise en exergue \u00e0 Ghardaia - info algerie<\/title>\n<meta name=\"robots\" content=\"index, follow, max-snippet:-1, max-image-preview:large, max-video-preview:-1\" \/>\n<link rel=\"canonical\" href=\"https:\/\/www.info-algerie.com\/actualites\/limportance-de-la-reconciliation-nationale-dans-le-retablissement-de-la-cohesion-sociale-mise-en-exergue-a-ghardaia\/\" \/>\n<meta property=\"og:locale\" content=\"fr_FR\" \/>\n<meta property=\"og:type\" content=\"article\" \/>\n<meta property=\"og:title\" content=\"L&#039;importance de la r\u00e9conciliation nationale dans le r\u00e9tablissement de la coh\u00e9sion sociale mise en exergue \u00e0 Ghardaia - info algerie\" \/>\n<meta property=\"og:description\" content=\"GHARDAIA- L\u2019importance de la r\u00e9conciliation nationale\u00a0 et de la concorde civile dans le r\u00e9tablissement de la paix et la coh\u00e9sion sociale du peuple alg\u00e9rien a \u00e9t\u00e9 mise en exergue, jeudi \u00e0 Gharda\u00efa, lors\u00a0 d\u2019une rencontre nationale organis\u00e9e \u00e0 l\u2019occasion de la c\u00e9l\u00e9bration de la\u00a0journ\u00e9e internationale de la paix. &#013; &#013; \u00a0 &#013; Les intervenants ont\" \/>\n<meta property=\"og:url\" content=\"https:\/\/www.info-algerie.com\/actualites\/limportance-de-la-reconciliation-nationale-dans-le-retablissement-de-la-cohesion-sociale-mise-en-exergue-a-ghardaia\/\" \/>\n<meta property=\"og:site_name\" content=\"info algerie\" \/>\n<meta property=\"article:publisher\" content=\"https:\/\/www.facebook.com\/infoalgerieactu\" \/>\n<meta property=\"article:published_time\" content=\"2017-09-21T14:56:36+00:00\" \/>\n<meta property=\"og:image\" content=\"https:\/\/www.info-algerie.com\/actualites\/wp-content\/uploads\/2017\/09\/ce68a5365e3bc4b3b0a4bc460569e639_S-1.jpg\" \/>\n\t<meta property=\"og:image:width\" content=\"280\" \/>\n\t<meta property=\"og:image:height\" content=\"169\" \/>\n\t<meta property=\"og:image:type\" content=\"image\/jpeg\" \/>\n<meta name=\"author\" content=\"La r\u00e9daction\" \/>\n<meta name=\"twitter:label1\" content=\"\u00c9crit par\" \/>\n\t<meta name=\"twitter:data1\" content=\"La r\u00e9daction\" \/>\n\t<meta name=\"twitter:label2\" content=\"Dur\u00e9e de lecture estim\u00e9e\" \/>\n\t<meta name=\"twitter:data2\" content=\"2 minutes\" \/>\n<script type=\"application\/ld+json\" class=\"yoast-schema-graph\">{\"@context\":\"https:\\\/\\\/schema.org\",\"@graph\":[{\"@type\":\"Article\",\"@id\":\"https:\\\/\\\/www.info-algerie.com\\\/actualites\\\/limportance-de-la-reconciliation-nationale-dans-le-retablissement-de-la-cohesion-sociale-mise-en-exergue-a-ghardaia\\\/#article\",\"isPartOf\":{\"@id\":\"https:\\\/\\\/www.info-algerie.com\\\/actualites\\\/limportance-de-la-reconciliation-nationale-dans-le-retablissement-de-la-cohesion-sociale-mise-en-exergue-a-ghardaia\\\/\"},\"author\":{\"name\":\"La r\u00e9daction\",\"@id\":\"https:\\\/\\\/www.info-algerie.com\\\/actualites\\\/#\\\/schema\\\/person\\\/847aaec44920825b843a08f30ec6aa1e\"},\"headline\":\"L&#039;importance de la r\u00e9conciliation nationale dans le r\u00e9tablissement de la coh\u00e9sion sociale mise en exergue \u00e0 Ghardaia\",\"datePublished\":\"2017-09-21T14:56:36+00:00\",\"mainEntityOfPage\":{\"@id\":\"https:\\\/\\\/www.info-algerie.com\\\/actualites\\\/limportance-de-la-reconciliation-nationale-dans-le-retablissement-de-la-cohesion-sociale-mise-en-exergue-a-ghardaia\\\/\"},\"wordCount\":512,\"commentCount\":0,\"publisher\":{\"@id\":\"https:\\\/\\\/www.info-algerie.com\\\/actualites\\\/#organization\"},\"image\":{\"@id\":\"https:\\\/\\\/www.info-algerie.com\\\/actualites\\\/limportance-de-la-reconciliation-nationale-dans-le-retablissement-de-la-cohesion-sociale-mise-en-exergue-a-ghardaia\\\/#primaryimage\"},\"thumbnailUrl\":\"https:\\\/\\\/www.info-algerie.com\\\/actualites\\\/wp-content\\\/uploads\\\/2017\\\/09\\\/ce68a5365e3bc4b3b0a4bc460569e639_S-1.jpg\",\"keywords\":[\"ONU\"],\"articleSection\":[\"infos\"],\"inLanguage\":\"fr-FR\",\"potentialAction\":[{\"@type\":\"CommentAction\",\"name\":\"Comment\",\"target\":[\"https:\\\/\\\/www.info-algerie.com\\\/actualites\\\/limportance-de-la-reconciliation-nationale-dans-le-retablissement-de-la-cohesion-sociale-mise-en-exergue-a-ghardaia\\\/#respond\"]}]},{\"@type\":\"WebPage\",\"@id\":\"https:\\\/\\\/www.info-algerie.com\\\/actualites\\\/limportance-de-la-reconciliation-nationale-dans-le-retablissement-de-la-cohesion-sociale-mise-en-exergue-a-ghardaia\\\/\",\"url\":\"https:\\\/\\\/www.info-algerie.com\\\/actualites\\\/limportance-de-la-reconciliation-nationale-dans-le-retablissement-de-la-cohesion-sociale-mise-en-exergue-a-ghardaia\\\/\",\"name\":\"L&#039;importance de la r\u00e9conciliation nationale dans le r\u00e9tablissement de la coh\u00e9sion sociale mise en exergue \u00e0 Ghardaia - info algerie\",\"isPartOf\":{\"@id\":\"https:\\\/\\\/www.info-algerie.com\\\/actualites\\\/#website\"},\"primaryImageOfPage\":{\"@id\":\"https:\\\/\\\/www.info-algerie.com\\\/actualites\\\/limportance-de-la-reconciliation-nationale-dans-le-retablissement-de-la-cohesion-sociale-mise-en-exergue-a-ghardaia\\\/#primaryimage\"},\"image\":{\"@id\":\"https:\\\/\\\/www.info-algerie.com\\\/actualites\\\/limportance-de-la-reconciliation-nationale-dans-le-retablissement-de-la-cohesion-sociale-mise-en-exergue-a-ghardaia\\\/#primaryimage\"},\"thumbnailUrl\":\"https:\\\/\\\/www.info-algerie.com\\\/actualites\\\/wp-content\\\/uploads\\\/2017\\\/09\\\/ce68a5365e3bc4b3b0a4bc460569e639_S-1.jpg\",\"datePublished\":\"2017-09-21T14:56:36+00:00\",\"breadcrumb\":{\"@id\":\"https:\\\/\\\/www.info-algerie.com\\\/actualites\\\/limportance-de-la-reconciliation-nationale-dans-le-retablissement-de-la-cohesion-sociale-mise-en-exergue-a-ghardaia\\\/#breadcrumb\"},\"inLanguage\":\"fr-FR\",\"potentialAction\":[{\"@type\":\"ReadAction\",\"target\":[\"https:\\\/\\\/www.info-algerie.com\\\/actualites\\\/limportance-de-la-reconciliation-nationale-dans-le-retablissement-de-la-cohesion-sociale-mise-en-exergue-a-ghardaia\\\/\"]}]},{\"@type\":\"ImageObject\",\"inLanguage\":\"fr-FR\",\"@id\":\"https:\\\/\\\/www.info-algerie.com\\\/actualites\\\/limportance-de-la-reconciliation-nationale-dans-le-retablissement-de-la-cohesion-sociale-mise-en-exergue-a-ghardaia\\\/#primaryimage\",\"url\":\"https:\\\/\\\/www.info-algerie.com\\\/actualites\\\/wp-content\\\/uploads\\\/2017\\\/09\\\/ce68a5365e3bc4b3b0a4bc460569e639_S-1.jpg\",\"contentUrl\":\"https:\\\/\\\/www.info-algerie.com\\\/actualites\\\/wp-content\\\/uploads\\\/2017\\\/09\\\/ce68a5365e3bc4b3b0a4bc460569e639_S-1.jpg\",\"width\":280,\"height\":169},{\"@type\":\"BreadcrumbList\",\"@id\":\"https:\\\/\\\/www.info-algerie.com\\\/actualites\\\/limportance-de-la-reconciliation-nationale-dans-le-retablissement-de-la-cohesion-sociale-mise-en-exergue-a-ghardaia\\\/#breadcrumb\",\"itemListElement\":[{\"@type\":\"ListItem\",\"position\":1,\"name\":\"Accueil\",\"item\":\"https:\\\/\\\/www.info-algerie.com\\\/actualites\\\/\"},{\"@type\":\"ListItem\",\"position\":2,\"name\":\"L&#039;importance de la r\u00e9conciliation nationale dans le r\u00e9tablissement de la coh\u00e9sion sociale mise en exergue \u00e0 Ghardaia\"}]},{\"@type\":\"WebSite\",\"@id\":\"https:\\\/\\\/www.info-algerie.com\\\/actualites\\\/#website\",\"url\":\"https:\\\/\\\/www.info-algerie.com\\\/actualites\\\/\",\"name\":\"info algerie\",\"description\":\"Toutes les actualit\u00e9s\",\"publisher\":{\"@id\":\"https:\\\/\\\/www.info-algerie.com\\\/actualites\\\/#organization\"},\"potentialAction\":[{\"@type\":\"SearchAction\",\"target\":{\"@type\":\"EntryPoint\",\"urlTemplate\":\"https:\\\/\\\/www.info-algerie.com\\\/actualites\\\/?s={search_term_string}\"},\"query-input\":{\"@type\":\"PropertyValueSpecification\",\"valueRequired\":true,\"valueName\":\"search_term_string\"}}],\"inLanguage\":\"fr-FR\"},{\"@type\":\"Organization\",\"@id\":\"https:\\\/\\\/www.info-algerie.com\\\/actualites\\\/#organization\",\"name\":\"info algerie\",\"url\":\"https:\\\/\\\/www.info-algerie.com\\\/actualites\\\/\",\"logo\":{\"@type\":\"ImageObject\",\"inLanguage\":\"fr-FR\",\"@id\":\"https:\\\/\\\/www.info-algerie.com\\\/actualites\\\/#\\\/schema\\\/logo\\\/image\\\/\",\"url\":\"https:\\\/\\\/www.info-algerie.com\\\/actualites\\\/wp-content\\\/uploads\\\/2022\\\/07\\\/logo-ia-120.png\",\"contentUrl\":\"https:\\\/\\\/www.info-algerie.com\\\/actualites\\\/wp-content\\\/uploads\\\/2022\\\/07\\\/logo-ia-120.png\",\"width\":120,\"height\":43,\"caption\":\"info algerie\"},\"image\":{\"@id\":\"https:\\\/\\\/www.info-algerie.com\\\/actualites\\\/#\\\/schema\\\/logo\\\/image\\\/\"},\"sameAs\":[\"https:\\\/\\\/www.facebook.com\\\/infoalgerieactu\",\"https:\\\/\\\/x.com\\\/infoalgerie1\"]},{\"@type\":\"Person\",\"@id\":\"https:\\\/\\\/www.info-algerie.com\\\/actualites\\\/#\\\/schema\\\/person\\\/847aaec44920825b843a08f30ec6aa1e\",\"name\":\"La r\u00e9daction\",\"image\":{\"@type\":\"ImageObject\",\"inLanguage\":\"fr-FR\",\"@id\":\"https:\\\/\\\/secure.gravatar.com\\\/avatar\\\/769db425c6f465158149f1ffd6cf61ce7a8a879d11dfbef8288af36dfddd418c?s=96&d=mm&r=g\",\"url\":\"https:\\\/\\\/secure.gravatar.com\\\/avatar\\\/769db425c6f465158149f1ffd6cf61ce7a8a879d11dfbef8288af36dfddd418c?s=96&d=mm&r=g\",\"contentUrl\":\"https:\\\/\\\/secure.gravatar.com\\\/avatar\\\/769db425c6f465158149f1ffd6cf61ce7a8a879d11dfbef8288af36dfddd418c?s=96&d=mm&r=g\",\"caption\":\"La r\u00e9daction\"},\"sameAs\":[\"http:\\\/\\\/www.lkeria.com\\\/\"],\"url\":\"https:\\\/\\\/www.info-algerie.com\\\/actualites\\\/author\\\/chakib32\\\/\"}]}<\/script>\n<!-- \/ Yoast SEO plugin. -->","yoast_head_json":{"title":"L&#039;importance de la r\u00e9conciliation nationale dans le r\u00e9tablissement de la coh\u00e9sion sociale mise en exergue \u00e0 Ghardaia - info algerie","robots":{"index":"index","follow":"follow","max-snippet":"max-snippet:-1","max-image-preview":"max-image-preview:large","max-video-preview":"max-video-preview:-1"},"canonical":"https:\/\/www.info-algerie.com\/actualites\/limportance-de-la-reconciliation-nationale-dans-le-retablissement-de-la-cohesion-sociale-mise-en-exergue-a-ghardaia\/","og_locale":"fr_FR","og_type":"article","og_title":"L&#039;importance de la r\u00e9conciliation nationale dans le r\u00e9tablissement de la coh\u00e9sion sociale mise en exergue \u00e0 Ghardaia - info algerie","og_description":"GHARDAIA- L\u2019importance de la r\u00e9conciliation nationale\u00a0 et de la concorde civile dans le r\u00e9tablissement de la paix et la coh\u00e9sion sociale du peuple alg\u00e9rien a \u00e9t\u00e9 mise en exergue, jeudi \u00e0 Gharda\u00efa, lors\u00a0 d\u2019une rencontre nationale organis\u00e9e \u00e0 l\u2019occasion de la c\u00e9l\u00e9bration de la\u00a0journ\u00e9e internationale de la paix. &#013; &#013; \u00a0 &#013; Les intervenants ont","og_url":"https:\/\/www.info-algerie.com\/actualites\/limportance-de-la-reconciliation-nationale-dans-le-retablissement-de-la-cohesion-sociale-mise-en-exergue-a-ghardaia\/","og_site_name":"info algerie","article_publisher":"https:\/\/www.facebook.com\/infoalgerieactu","article_published_time":"2017-09-21T14:56:36+00:00","og_image":[{"width":280,"height":169,"url":"https:\/\/www.info-algerie.com\/actualites\/wp-content\/uploads\/2017\/09\/ce68a5365e3bc4b3b0a4bc460569e639_S-1.jpg","type":"image\/jpeg"}],"author":"La r\u00e9daction","twitter_misc":{"\u00c9crit par":"La r\u00e9daction","Dur\u00e9e de lecture estim\u00e9e":"2 minutes"},"schema":{"@context":"https:\/\/schema.org","@graph":[{"@type":"Article","@id":"https:\/\/www.info-algerie.com\/actualites\/limportance-de-la-reconciliation-nationale-dans-le-retablissement-de-la-cohesion-sociale-mise-en-exergue-a-ghardaia\/#article","isPartOf":{"@id":"https:\/\/www.info-algerie.com\/actualites\/limportance-de-la-reconciliation-nationale-dans-le-retablissement-de-la-cohesion-sociale-mise-en-exergue-a-ghardaia\/"},"author":{"name":"La r\u00e9daction","@id":"https:\/\/www.info-algerie.com\/actualites\/#\/schema\/person\/847aaec44920825b843a08f30ec6aa1e"},"headline":"L&#039;importance de la r\u00e9conciliation nationale dans le r\u00e9tablissement de la coh\u00e9sion sociale mise en exergue \u00e0 Ghardaia","datePublished":"2017-09-21T14:56:36+00:00","mainEntityOfPage":{"@id":"https:\/\/www.info-algerie.com\/actualites\/limportance-de-la-reconciliation-nationale-dans-le-retablissement-de-la-cohesion-sociale-mise-en-exergue-a-ghardaia\/"},"wordCount":512,"commentCount":0,"publisher":{"@id":"https:\/\/www.info-algerie.com\/actualites\/#organization"},"image":{"@id":"https:\/\/www.info-algerie.com\/actualites\/limportance-de-la-reconciliation-nationale-dans-le-retablissement-de-la-cohesion-sociale-mise-en-exergue-a-ghardaia\/#primaryimage"},"thumbnailUrl":"https:\/\/www.info-algerie.com\/actualites\/wp-content\/uploads\/2017\/09\/ce68a5365e3bc4b3b0a4bc460569e639_S-1.jpg","keywords":["ONU"],"articleSection":["infos"],"inLanguage":"fr-FR","potentialAction":[{"@type":"CommentAction","name":"Comment","target":["https:\/\/www.info-algerie.com\/actualites\/limportance-de-la-reconciliation-nationale-dans-le-retablissement-de-la-cohesion-sociale-mise-en-exergue-a-ghardaia\/#respond"]}]},{"@type":"WebPage","@id":"https:\/\/www.info-algerie.com\/actualites\/limportance-de-la-reconciliation-nationale-dans-le-retablissement-de-la-cohesion-sociale-mise-en-exergue-a-ghardaia\/","url":"https:\/\/www.info-algerie.com\/actualites\/limportance-de-la-reconciliation-nationale-dans-le-retablissement-de-la-cohesion-sociale-mise-en-exergue-a-ghardaia\/","name":"L&#039;importance de la r\u00e9conciliation nationale dans le r\u00e9tablissement de la coh\u00e9sion sociale mise en exergue \u00e0 Ghardaia - info algerie","isPartOf":{"@id":"https:\/\/www.info-algerie.com\/actualites\/#website"},"primaryImageOfPage":{"@id":"https:\/\/www.info-algerie.com\/actualites\/limportance-de-la-reconciliation-nationale-dans-le-retablissement-de-la-cohesion-sociale-mise-en-exergue-a-ghardaia\/#primaryimage"},"image":{"@id":"https:\/\/www.info-algerie.com\/actualites\/limportance-de-la-reconciliation-nationale-dans-le-retablissement-de-la-cohesion-sociale-mise-en-exergue-a-ghardaia\/#primaryimage"},"thumbnailUrl":"https:\/\/www.info-algerie.com\/actualites\/wp-content\/uploads\/2017\/09\/ce68a5365e3bc4b3b0a4bc460569e639_S-1.jpg","datePublished":"2017-09-21T14:56:36+00:00","breadcrumb":{"@id":"https:\/\/www.info-algerie.com\/actualites\/limportance-de-la-reconciliation-nationale-dans-le-retablissement-de-la-cohesion-sociale-mise-en-exergue-a-ghardaia\/#breadcrumb"},"inLanguage":"fr-FR","potentialAction":[{"@type":"ReadAction","target":["https:\/\/www.info-algerie.com\/actualites\/limportance-de-la-reconciliation-nationale-dans-le-retablissement-de-la-cohesion-sociale-mise-en-exergue-a-ghardaia\/"]}]},{"@type":"ImageObject","inLanguage":"fr-FR","@id":"https:\/\/www.info-algerie.com\/actualites\/limportance-de-la-reconciliation-nationale-dans-le-retablissement-de-la-cohesion-sociale-mise-en-exergue-a-ghardaia\/#primaryimage","url":"https:\/\/www.info-algerie.com\/actualites\/wp-content\/uploads\/2017\/09\/ce68a5365e3bc4b3b0a4bc460569e639_S-1.jpg","contentUrl":"https:\/\/www.info-algerie.com\/actualites\/wp-content\/uploads\/2017\/09\/ce68a5365e3bc4b3b0a4bc460569e639_S-1.jpg","width":280,"height":169},{"@type":"BreadcrumbList","@id":"https:\/\/www.info-algerie.com\/actualites\/limportance-de-la-reconciliation-nationale-dans-le-retablissement-de-la-cohesion-sociale-mise-en-exergue-a-ghardaia\/#breadcrumb","itemListElement":[{"@type":"ListItem","position":1,"name":"Accueil","item":"https:\/\/www.info-algerie.com\/actualites\/"},{"@type":"ListItem","position":2,"name":"L&#039;importance de la r\u00e9conciliation nationale dans le r\u00e9tablissement de la coh\u00e9sion sociale mise en exergue \u00e0 Ghardaia"}]},{"@type":"WebSite","@id":"https:\/\/www.info-algerie.com\/actualites\/#website","url":"https:\/\/www.info-algerie.com\/actualites\/","name":"info algerie","description":"Toutes les actualit\u00e9s","publisher":{"@id":"https:\/\/www.info-algerie.com\/actualites\/#organization"},"potentialAction":[{"@type":"SearchAction","target":{"@type":"EntryPoint","urlTemplate":"https:\/\/www.info-algerie.com\/actualites\/?s={search_term_string}"},"query-input":{"@type":"PropertyValueSpecification","valueRequired":true,"valueName":"search_term_string"}}],"inLanguage":"fr-FR"},{"@type":"Organization","@id":"https:\/\/www.info-algerie.com\/actualites\/#organization","name":"info algerie","url":"https:\/\/www.info-algerie.com\/actualites\/","logo":{"@type":"ImageObject","inLanguage":"fr-FR","@id":"https:\/\/www.info-algerie.com\/actualites\/#\/schema\/logo\/image\/","url":"https:\/\/www.info-algerie.com\/actualites\/wp-content\/uploads\/2022\/07\/logo-ia-120.png","contentUrl":"https:\/\/www.info-algerie.com\/actualites\/wp-content\/uploads\/2022\/07\/logo-ia-120.png","width":120,"height":43,"caption":"info algerie"},"image":{"@id":"https:\/\/www.info-algerie.com\/actualites\/#\/schema\/logo\/image\/"},"sameAs":["https:\/\/www.facebook.com\/infoalgerieactu","https:\/\/x.com\/infoalgerie1"]},{"@type":"Person","@id":"https:\/\/www.info-algerie.com\/actualites\/#\/schema\/person\/847aaec44920825b843a08f30ec6aa1e","name":"La r\u00e9daction","image":{"@type":"ImageObject","inLanguage":"fr-FR","@id":"https:\/\/secure.gravatar.com\/avatar\/769db425c6f465158149f1ffd6cf61ce7a8a879d11dfbef8288af36dfddd418c?s=96&d=mm&r=g","url":"https:\/\/secure.gravatar.com\/avatar\/769db425c6f465158149f1ffd6cf61ce7a8a879d11dfbef8288af36dfddd418c?s=96&d=mm&r=g","contentUrl":"https:\/\/secure.gravatar.com\/avatar\/769db425c6f465158149f1ffd6cf61ce7a8a879d11dfbef8288af36dfddd418c?s=96&d=mm&r=g","caption":"La r\u00e9daction"},"sameAs":["http:\/\/www.lkeria.com\/"],"url":"https:\/\/www.info-algerie.com\/actualites\/author\/chakib32\/"}]}},"_links":{"self":[{"href":"https:\/\/www.info-algerie.com\/actualites\/wp-json\/wp\/v2\/posts\/16172","targetHints":{"allow":["GET"]}}],"collection":[{"href":"https:\/\/www.info-algerie.com\/actualites\/wp-json\/wp\/v2\/posts"}],"about":[{"href":"https:\/\/www.info-algerie.com\/actualites\/wp-json\/wp\/v2\/types\/post"}],"author":[{"embeddable":true,"href":"https:\/\/www.info-algerie.com\/actualites\/wp-json\/wp\/v2\/users\/6"}],"replies":[{"embeddable":true,"href":"https:\/\/www.info-algerie.com\/actualites\/wp-json\/wp\/v2\/comments?post=16172"}],"version-history":[{"count":0,"href":"https:\/\/www.info-algerie.com\/actualites\/wp-json\/wp\/v2\/posts\/16172\/revisions"}],"wp:featuredmedia":[{"embeddable":true,"href":"https:\/\/www.info-algerie.com\/actualites\/wp-json\/wp\/v2\/media\/16173"}],"wp:attachment":[{"href":"https:\/\/www.info-algerie.com\/actualites\/wp-json\/wp\/v2\/media?parent=16172"}],"wp:term":[{"taxonomy":"category","embeddable":true,"href":"https:\/\/www.info-algerie.com\/actualites\/wp-json\/wp\/v2\/categories?post=16172"},{"taxonomy":"post_tag","embeddable":true,"href":"https:\/\/www.info-algerie.com\/actualites\/wp-json\/wp\/v2\/tags?post=16172"}],"curies":[{"name":"wp","href":"https:\/\/api.w.org\/{rel}","templated":true}]}}