{"id":16178,"date":"2017-09-21T17:55:07","date_gmt":"2017-09-21T16:55:07","guid":{"rendered":"http:\/\/www.info-algerie.com\/actualites\/tizi-ouzou-la-reconciliation-nationale-a-preserve-les-institutions-de-letat-et-lunite-nationale\/"},"modified":"2017-09-21T17:55:07","modified_gmt":"2017-09-21T16:55:07","slug":"tizi-ouzou-la-reconciliation-nationale-a-preserve-les-institutions-de-letat-et-lunite-nationale","status":"publish","type":"post","link":"https:\/\/www.info-algerie.com\/actualites\/tizi-ouzou-la-reconciliation-nationale-a-preserve-les-institutions-de-letat-et-lunite-nationale\/","title":{"rendered":"Tizi-Ouzou: la r\u00e9conciliation nationale a pr\u00e9serv\u00e9 les institutions de l\u2019Etat et l\u2019unit\u00e9 nationale"},"content":{"rendered":"<div class=\"K2FeedImage\"><img decoding=\"async\" src=\"https:\/\/www.info-algerie.com\/actualites\/wp-content\/uploads\/2017\/09\/07f501b21e6e5c9c0b16793fd255a590_S.jpg\" alt=\"Tizi-Ouzou: la r&#xE9;conciliation nationale a pr&#xE9;serv&#xE9; les institutions de l&#x2019;Etat et l&#x2019;unit&#xE9; nationale\" \/><\/div>\n<div class=\"K2FeedIntroText\">\n<p>TIZI-OUZOU \u00a0&#8211; Les participants \u00e0 la c\u00e9l\u00e9bration du 12\u00e8me\u00a0anniversaire de l\u2019adoption de la Charte pour la paix et la r\u00e9conciliation nationale ont soulign\u00e9, jeudi \u00e0\u00a0Tizi-Ouzou, le r\u00f4le de cette Loi dans la pr\u00e9servation des institutions de\u00a0 l\u2019Etat alg\u00e9rien et de l\u2019unit\u00e9 nationale.<\/p>\n<p>&#013;\n<\/p><\/div>\n<div class=\"K2FeedFullText\">&#013;<\/p>\n<p>Lors de cette rencontre, organis\u00e9e \u00e0 la maison de la culture Mouloud\u00a0 Mammeri, par l\u2019association des enfants de Moudjahidine, le chercheur en\u00a0 histoire et enseignant \u00e0 l\u2019universit\u00e9 de Tizi-Ouzou, Fraous Ali, a rappel\u00e9\u00a0 que lors de la d\u00e9cennie noire qu\u2019a travers\u00e9e l\u2019Alg\u00e9rie durant les ann\u00e9es\u00a0 1990, les institutions de l\u2019Etat \u00e9taient r\u00e9ellement menac\u00e9es par le\u00a0terrorisme.<\/p>\n<p>&#013;<\/p>\n<p>La Charte pour la paix et la r\u00e9conciliation nationale a permis de\u00a0 pr\u00e9server l\u2019int\u00e9grit\u00e9 territoriale de l\u2019Alg\u00e9rie, de recouvrer la paix et la\u00a0 stabilit\u00e9 et d\u2019entamer la reconstruction du pays, a soutenu M. Fraous, qui\u00a0 a rappel\u00e9 que la d\u00e9cennie noire a fait 200 000 victimes et a caus\u00e9\u00a0 d\u2019\u00e9normes d\u00e9g\u00e2t dans plusieurs secteurs dont celui de l\u2019Education qui a \u00e9t\u00e9\u00a0 cibl\u00e9 par 900 attentats et \u00e9conomique national touch\u00e9 par 706 autres\u00a0 attentats perp\u00e9tr\u00e9s contre des unit\u00e9s de production.<\/p>\n<p>&#013;<\/p>\n<p>Les mesures engag\u00e9es par l\u2019Etat pour le recouvrement de la paix, dont\u00a0 l\u2019Ordonnance du 25 f\u00e9vrier 1995 portant mesures de cl\u00e9mence et la Loi sur\u00a0 la Concorde civile adopt\u00e9e par le peuple le 16 septembre 1999 et la Charte\u00a0 pour la paix et la r\u00e9conciliation nationale pl\u00e9biscit\u00e9e par 97,36% de Oui\u00a0au r\u00e9f\u00e9rendum du 29 septembre 2005, ont \u00ab\u00a0emp\u00each\u00e9 l\u2019intervention \u00e9trang\u00e8re\u00a0 en Alg\u00e9rie et ses cons\u00e9quences de destruction et d\u2019anarchie\u00a0\u00bb, a-t-il\u00a0 insist\u00e9.<\/p>\n<p>&#013;<\/p>\n<p>\u00ab\u00a0Aujourd\u2019hui, le processus de r\u00e9conciliation nationale Alg\u00e9rien sert\u00a0 d\u2019exemple et de source d\u2019inspiration \u00e0 de nombreux Etats qui veulent\u00a0 trouver des solutions internes et \u00e9viter l\u2019intervention \u00e9trang\u00e8re dans\u00a0 leurs pays\u00a0\u00bb, a-t-il observ\u00e9<\/p>\n<p>&#013;<\/p>\n<p>Ce chercheur et les autres intervenants dont Hadjemi Achour, membre de\u00a0 l\u2019association des enfants des moudjahidine et l\u2019ancien coordinateur de\u00a0 wilaya des gardes communaux, Chabouni Mohamed, ont soulign\u00e9 que la Charte\u00a0 pour la paix et la r\u00e9conciliation nationale est un projet \u00e0 long terme, qui\u00a0a permis de couper d\u00e9finitivement avec la d\u00e9marche radicale dans le\u00a0 r\u00e8glement des conflits en faveur d\u2019une solution sereine.<\/p>\n<p>&#013;<\/p>\n<p>Un vibrant hommage a \u00e9t\u00e9 rendu lors de cette rencontre au pr\u00e9sident de la\u00a0 R\u00e9publique, Abdelaziz Bouteflika, dont la \u00ab\u00a0sagesse a permis de mettre un\u00a0 terme \u00e0 la d\u00e9cennie noire et a replacer l\u2019Alg\u00e9rie sur la voie de la\u00a0 stabilit\u00e9, de la reconstruction, du d\u00e9veloppement, dans un cadre de\u00a0coh\u00e9sion sociale renforc\u00e9e et aux diff\u00e9rents corps de s\u00e9curit\u00e9 qui ont\u00a0 pr\u00e9serv\u00e9 l\u2019Alg\u00e9rie et continuent \u00e0 veiller sur son unit\u00e9, sa stabilit\u00e9\u00a0 nationale et son int\u00e9grit\u00e9 territoriale\u00a0\u00bb, selon les intervenants.\u00a0<\/p>\n<p>&#013;<\/p>\n<p class=\"MsoNormal\">\u00a0<\/p>\n<\/div>\n<p>&#013;<br \/>\nSource: <a href=\"http:\/\/www.aps.dz\/algerie\/63099-tizi-ouzou-la-reconciliation-nationale-a-preserve-les-institutions-de-l-etat-et-l-unite-nationale\" target=\"_blank\">Tizi-Ouzou: la r\u00e9conciliation nationale a pr\u00e9serv\u00e9 les institutions de l\u2019Etat et l\u2019unit\u00e9 nationale<\/a><\/p>\n<!--CusAds0-->\n<div style=\"font-size: 0px; height: 0px; line-height: 0px; margin: 0; padding: 0; clear: both;\"><\/div>","protected":false},"excerpt":{"rendered":"<p>TIZI-OUZOU \u00a0&#8211; Les participants \u00e0 la c\u00e9l\u00e9bration du 12\u00e8me\u00a0anniversaire de l\u2019adoption de la Charte pour la paix et la r\u00e9conciliation nationale ont soulign\u00e9, jeudi \u00e0\u00a0Tizi-Ouzou, le r\u00f4le de cette Loi dans la pr\u00e9servation des institutions de\u00a0 l\u2019Etat alg\u00e9rien et de l\u2019unit\u00e9 nationale. &#013; &#013; Lors de cette rencontre, organis\u00e9e \u00e0 la maison de la culture<\/p>\n","protected":false},"author":6,"featured_media":16179,"comment_status":"open","ping_status":"open","sticky":false,"template":"","format":"standard","meta":{"footnotes":""},"categories":[22],"tags":[93],"class_list":["post-16178","post","type-post","status-publish","format-standard","has-post-thumbnail","hentry","category-infos","tag-onu"],"yoast_head":"<!-- This site is optimized with the Yoast SEO plugin v27.5 - https:\/\/yoast.com\/product\/yoast-seo-wordpress\/ -->\n<title>Tizi-Ouzou: la r\u00e9conciliation nationale a pr\u00e9serv\u00e9 les institutions de l\u2019Etat et l\u2019unit\u00e9 nationale - info algerie<\/title>\n<meta name=\"robots\" content=\"index, follow, max-snippet:-1, max-image-preview:large, max-video-preview:-1\" \/>\n<link rel=\"canonical\" href=\"https:\/\/www.info-algerie.com\/actualites\/tizi-ouzou-la-reconciliation-nationale-a-preserve-les-institutions-de-letat-et-lunite-nationale\/\" \/>\n<meta property=\"og:locale\" content=\"fr_FR\" \/>\n<meta property=\"og:type\" content=\"article\" \/>\n<meta property=\"og:title\" content=\"Tizi-Ouzou: la r\u00e9conciliation nationale a pr\u00e9serv\u00e9 les institutions de l\u2019Etat et l\u2019unit\u00e9 nationale - info algerie\" \/>\n<meta property=\"og:description\" content=\"TIZI-OUZOU \u00a0&#8211; Les participants \u00e0 la c\u00e9l\u00e9bration du 12\u00e8me\u00a0anniversaire de l\u2019adoption de la Charte pour la paix et la r\u00e9conciliation nationale ont soulign\u00e9, jeudi \u00e0\u00a0Tizi-Ouzou, le r\u00f4le de cette Loi dans la pr\u00e9servation des institutions de\u00a0 l\u2019Etat alg\u00e9rien et de l\u2019unit\u00e9 nationale. &#013; &#013; Lors de cette rencontre, organis\u00e9e \u00e0 la maison de la culture\" \/>\n<meta property=\"og:url\" content=\"https:\/\/www.info-algerie.com\/actualites\/tizi-ouzou-la-reconciliation-nationale-a-preserve-les-institutions-de-letat-et-lunite-nationale\/\" \/>\n<meta property=\"og:site_name\" content=\"info algerie\" \/>\n<meta property=\"article:publisher\" content=\"https:\/\/www.facebook.com\/infoalgerieactu\" \/>\n<meta property=\"article:published_time\" content=\"2017-09-21T16:55:07+00:00\" \/>\n<meta property=\"og:image\" content=\"https:\/\/www.info-algerie.com\/actualites\/wp-content\/uploads\/2017\/09\/07f501b21e6e5c9c0b16793fd255a590_S-1.jpg\" \/>\n\t<meta property=\"og:image:width\" content=\"280\" \/>\n\t<meta property=\"og:image:height\" content=\"169\" \/>\n\t<meta property=\"og:image:type\" content=\"image\/jpeg\" \/>\n<meta name=\"author\" content=\"La r\u00e9daction\" \/>\n<meta name=\"twitter:label1\" content=\"\u00c9crit par\" \/>\n\t<meta name=\"twitter:data1\" content=\"La r\u00e9daction\" \/>\n\t<meta name=\"twitter:label2\" content=\"Dur\u00e9e de lecture estim\u00e9e\" \/>\n\t<meta name=\"twitter:data2\" content=\"3 minutes\" \/>\n<script type=\"application\/ld+json\" class=\"yoast-schema-graph\">{\"@context\":\"https:\\\/\\\/schema.org\",\"@graph\":[{\"@type\":\"Article\",\"@id\":\"https:\\\/\\\/www.info-algerie.com\\\/actualites\\\/tizi-ouzou-la-reconciliation-nationale-a-preserve-les-institutions-de-letat-et-lunite-nationale\\\/#article\",\"isPartOf\":{\"@id\":\"https:\\\/\\\/www.info-algerie.com\\\/actualites\\\/tizi-ouzou-la-reconciliation-nationale-a-preserve-les-institutions-de-letat-et-lunite-nationale\\\/\"},\"author\":{\"name\":\"La r\u00e9daction\",\"@id\":\"https:\\\/\\\/www.info-algerie.com\\\/actualites\\\/#\\\/schema\\\/person\\\/847aaec44920825b843a08f30ec6aa1e\"},\"headline\":\"Tizi-Ouzou: la r\u00e9conciliation nationale a pr\u00e9serv\u00e9 les institutions de l\u2019Etat et l\u2019unit\u00e9 nationale\",\"datePublished\":\"2017-09-21T16:55:07+00:00\",\"mainEntityOfPage\":{\"@id\":\"https:\\\/\\\/www.info-algerie.com\\\/actualites\\\/tizi-ouzou-la-reconciliation-nationale-a-preserve-les-institutions-de-letat-et-lunite-nationale\\\/\"},\"wordCount\":522,\"commentCount\":0,\"publisher\":{\"@id\":\"https:\\\/\\\/www.info-algerie.com\\\/actualites\\\/#organization\"},\"image\":{\"@id\":\"https:\\\/\\\/www.info-algerie.com\\\/actualites\\\/tizi-ouzou-la-reconciliation-nationale-a-preserve-les-institutions-de-letat-et-lunite-nationale\\\/#primaryimage\"},\"thumbnailUrl\":\"https:\\\/\\\/www.info-algerie.com\\\/actualites\\\/wp-content\\\/uploads\\\/2017\\\/09\\\/07f501b21e6e5c9c0b16793fd255a590_S-1.jpg\",\"keywords\":[\"ONU\"],\"articleSection\":[\"infos\"],\"inLanguage\":\"fr-FR\",\"potentialAction\":[{\"@type\":\"CommentAction\",\"name\":\"Comment\",\"target\":[\"https:\\\/\\\/www.info-algerie.com\\\/actualites\\\/tizi-ouzou-la-reconciliation-nationale-a-preserve-les-institutions-de-letat-et-lunite-nationale\\\/#respond\"]}]},{\"@type\":\"WebPage\",\"@id\":\"https:\\\/\\\/www.info-algerie.com\\\/actualites\\\/tizi-ouzou-la-reconciliation-nationale-a-preserve-les-institutions-de-letat-et-lunite-nationale\\\/\",\"url\":\"https:\\\/\\\/www.info-algerie.com\\\/actualites\\\/tizi-ouzou-la-reconciliation-nationale-a-preserve-les-institutions-de-letat-et-lunite-nationale\\\/\",\"name\":\"Tizi-Ouzou: la r\u00e9conciliation nationale a pr\u00e9serv\u00e9 les institutions de l\u2019Etat et l\u2019unit\u00e9 nationale - info algerie\",\"isPartOf\":{\"@id\":\"https:\\\/\\\/www.info-algerie.com\\\/actualites\\\/#website\"},\"primaryImageOfPage\":{\"@id\":\"https:\\\/\\\/www.info-algerie.com\\\/actualites\\\/tizi-ouzou-la-reconciliation-nationale-a-preserve-les-institutions-de-letat-et-lunite-nationale\\\/#primaryimage\"},\"image\":{\"@id\":\"https:\\\/\\\/www.info-algerie.com\\\/actualites\\\/tizi-ouzou-la-reconciliation-nationale-a-preserve-les-institutions-de-letat-et-lunite-nationale\\\/#primaryimage\"},\"thumbnailUrl\":\"https:\\\/\\\/www.info-algerie.com\\\/actualites\\\/wp-content\\\/uploads\\\/2017\\\/09\\\/07f501b21e6e5c9c0b16793fd255a590_S-1.jpg\",\"datePublished\":\"2017-09-21T16:55:07+00:00\",\"breadcrumb\":{\"@id\":\"https:\\\/\\\/www.info-algerie.com\\\/actualites\\\/tizi-ouzou-la-reconciliation-nationale-a-preserve-les-institutions-de-letat-et-lunite-nationale\\\/#breadcrumb\"},\"inLanguage\":\"fr-FR\",\"potentialAction\":[{\"@type\":\"ReadAction\",\"target\":[\"https:\\\/\\\/www.info-algerie.com\\\/actualites\\\/tizi-ouzou-la-reconciliation-nationale-a-preserve-les-institutions-de-letat-et-lunite-nationale\\\/\"]}]},{\"@type\":\"ImageObject\",\"inLanguage\":\"fr-FR\",\"@id\":\"https:\\\/\\\/www.info-algerie.com\\\/actualites\\\/tizi-ouzou-la-reconciliation-nationale-a-preserve-les-institutions-de-letat-et-lunite-nationale\\\/#primaryimage\",\"url\":\"https:\\\/\\\/www.info-algerie.com\\\/actualites\\\/wp-content\\\/uploads\\\/2017\\\/09\\\/07f501b21e6e5c9c0b16793fd255a590_S-1.jpg\",\"contentUrl\":\"https:\\\/\\\/www.info-algerie.com\\\/actualites\\\/wp-content\\\/uploads\\\/2017\\\/09\\\/07f501b21e6e5c9c0b16793fd255a590_S-1.jpg\",\"width\":280,\"height\":169},{\"@type\":\"BreadcrumbList\",\"@id\":\"https:\\\/\\\/www.info-algerie.com\\\/actualites\\\/tizi-ouzou-la-reconciliation-nationale-a-preserve-les-institutions-de-letat-et-lunite-nationale\\\/#breadcrumb\",\"itemListElement\":[{\"@type\":\"ListItem\",\"position\":1,\"name\":\"Accueil\",\"item\":\"https:\\\/\\\/www.info-algerie.com\\\/actualites\\\/\"},{\"@type\":\"ListItem\",\"position\":2,\"name\":\"Tizi-Ouzou: la r\u00e9conciliation nationale a pr\u00e9serv\u00e9 les institutions de l\u2019Etat et l\u2019unit\u00e9 nationale\"}]},{\"@type\":\"WebSite\",\"@id\":\"https:\\\/\\\/www.info-algerie.com\\\/actualites\\\/#website\",\"url\":\"https:\\\/\\\/www.info-algerie.com\\\/actualites\\\/\",\"name\":\"info algerie\",\"description\":\"Toutes les actualit\u00e9s\",\"publisher\":{\"@id\":\"https:\\\/\\\/www.info-algerie.com\\\/actualites\\\/#organization\"},\"potentialAction\":[{\"@type\":\"SearchAction\",\"target\":{\"@type\":\"EntryPoint\",\"urlTemplate\":\"https:\\\/\\\/www.info-algerie.com\\\/actualites\\\/?s={search_term_string}\"},\"query-input\":{\"@type\":\"PropertyValueSpecification\",\"valueRequired\":true,\"valueName\":\"search_term_string\"}}],\"inLanguage\":\"fr-FR\"},{\"@type\":\"Organization\",\"@id\":\"https:\\\/\\\/www.info-algerie.com\\\/actualites\\\/#organization\",\"name\":\"info algerie\",\"url\":\"https:\\\/\\\/www.info-algerie.com\\\/actualites\\\/\",\"logo\":{\"@type\":\"ImageObject\",\"inLanguage\":\"fr-FR\",\"@id\":\"https:\\\/\\\/www.info-algerie.com\\\/actualites\\\/#\\\/schema\\\/logo\\\/image\\\/\",\"url\":\"https:\\\/\\\/www.info-algerie.com\\\/actualites\\\/wp-content\\\/uploads\\\/2022\\\/07\\\/logo-ia-120.png\",\"contentUrl\":\"https:\\\/\\\/www.info-algerie.com\\\/actualites\\\/wp-content\\\/uploads\\\/2022\\\/07\\\/logo-ia-120.png\",\"width\":120,\"height\":43,\"caption\":\"info algerie\"},\"image\":{\"@id\":\"https:\\\/\\\/www.info-algerie.com\\\/actualites\\\/#\\\/schema\\\/logo\\\/image\\\/\"},\"sameAs\":[\"https:\\\/\\\/www.facebook.com\\\/infoalgerieactu\",\"https:\\\/\\\/x.com\\\/infoalgerie1\"]},{\"@type\":\"Person\",\"@id\":\"https:\\\/\\\/www.info-algerie.com\\\/actualites\\\/#\\\/schema\\\/person\\\/847aaec44920825b843a08f30ec6aa1e\",\"name\":\"La r\u00e9daction\",\"image\":{\"@type\":\"ImageObject\",\"inLanguage\":\"fr-FR\",\"@id\":\"https:\\\/\\\/secure.gravatar.com\\\/avatar\\\/769db425c6f465158149f1ffd6cf61ce7a8a879d11dfbef8288af36dfddd418c?s=96&d=mm&r=g\",\"url\":\"https:\\\/\\\/secure.gravatar.com\\\/avatar\\\/769db425c6f465158149f1ffd6cf61ce7a8a879d11dfbef8288af36dfddd418c?s=96&d=mm&r=g\",\"contentUrl\":\"https:\\\/\\\/secure.gravatar.com\\\/avatar\\\/769db425c6f465158149f1ffd6cf61ce7a8a879d11dfbef8288af36dfddd418c?s=96&d=mm&r=g\",\"caption\":\"La r\u00e9daction\"},\"sameAs\":[\"http:\\\/\\\/www.lkeria.com\\\/\"],\"url\":\"https:\\\/\\\/www.info-algerie.com\\\/actualites\\\/author\\\/chakib32\\\/\"}]}<\/script>\n<!-- \/ Yoast SEO plugin. -->","yoast_head_json":{"title":"Tizi-Ouzou: la r\u00e9conciliation nationale a pr\u00e9serv\u00e9 les institutions de l\u2019Etat et l\u2019unit\u00e9 nationale - info algerie","robots":{"index":"index","follow":"follow","max-snippet":"max-snippet:-1","max-image-preview":"max-image-preview:large","max-video-preview":"max-video-preview:-1"},"canonical":"https:\/\/www.info-algerie.com\/actualites\/tizi-ouzou-la-reconciliation-nationale-a-preserve-les-institutions-de-letat-et-lunite-nationale\/","og_locale":"fr_FR","og_type":"article","og_title":"Tizi-Ouzou: la r\u00e9conciliation nationale a pr\u00e9serv\u00e9 les institutions de l\u2019Etat et l\u2019unit\u00e9 nationale - info algerie","og_description":"TIZI-OUZOU \u00a0&#8211; Les participants \u00e0 la c\u00e9l\u00e9bration du 12\u00e8me\u00a0anniversaire de l\u2019adoption de la Charte pour la paix et la r\u00e9conciliation nationale ont soulign\u00e9, jeudi \u00e0\u00a0Tizi-Ouzou, le r\u00f4le de cette Loi dans la pr\u00e9servation des institutions de\u00a0 l\u2019Etat alg\u00e9rien et de l\u2019unit\u00e9 nationale. &#013; &#013; Lors de cette rencontre, organis\u00e9e \u00e0 la maison de la culture","og_url":"https:\/\/www.info-algerie.com\/actualites\/tizi-ouzou-la-reconciliation-nationale-a-preserve-les-institutions-de-letat-et-lunite-nationale\/","og_site_name":"info algerie","article_publisher":"https:\/\/www.facebook.com\/infoalgerieactu","article_published_time":"2017-09-21T16:55:07+00:00","og_image":[{"width":280,"height":169,"url":"https:\/\/www.info-algerie.com\/actualites\/wp-content\/uploads\/2017\/09\/07f501b21e6e5c9c0b16793fd255a590_S-1.jpg","type":"image\/jpeg"}],"author":"La r\u00e9daction","twitter_misc":{"\u00c9crit par":"La r\u00e9daction","Dur\u00e9e de lecture estim\u00e9e":"3 minutes"},"schema":{"@context":"https:\/\/schema.org","@graph":[{"@type":"Article","@id":"https:\/\/www.info-algerie.com\/actualites\/tizi-ouzou-la-reconciliation-nationale-a-preserve-les-institutions-de-letat-et-lunite-nationale\/#article","isPartOf":{"@id":"https:\/\/www.info-algerie.com\/actualites\/tizi-ouzou-la-reconciliation-nationale-a-preserve-les-institutions-de-letat-et-lunite-nationale\/"},"author":{"name":"La r\u00e9daction","@id":"https:\/\/www.info-algerie.com\/actualites\/#\/schema\/person\/847aaec44920825b843a08f30ec6aa1e"},"headline":"Tizi-Ouzou: la r\u00e9conciliation nationale a pr\u00e9serv\u00e9 les institutions de l\u2019Etat et l\u2019unit\u00e9 nationale","datePublished":"2017-09-21T16:55:07+00:00","mainEntityOfPage":{"@id":"https:\/\/www.info-algerie.com\/actualites\/tizi-ouzou-la-reconciliation-nationale-a-preserve-les-institutions-de-letat-et-lunite-nationale\/"},"wordCount":522,"commentCount":0,"publisher":{"@id":"https:\/\/www.info-algerie.com\/actualites\/#organization"},"image":{"@id":"https:\/\/www.info-algerie.com\/actualites\/tizi-ouzou-la-reconciliation-nationale-a-preserve-les-institutions-de-letat-et-lunite-nationale\/#primaryimage"},"thumbnailUrl":"https:\/\/www.info-algerie.com\/actualites\/wp-content\/uploads\/2017\/09\/07f501b21e6e5c9c0b16793fd255a590_S-1.jpg","keywords":["ONU"],"articleSection":["infos"],"inLanguage":"fr-FR","potentialAction":[{"@type":"CommentAction","name":"Comment","target":["https:\/\/www.info-algerie.com\/actualites\/tizi-ouzou-la-reconciliation-nationale-a-preserve-les-institutions-de-letat-et-lunite-nationale\/#respond"]}]},{"@type":"WebPage","@id":"https:\/\/www.info-algerie.com\/actualites\/tizi-ouzou-la-reconciliation-nationale-a-preserve-les-institutions-de-letat-et-lunite-nationale\/","url":"https:\/\/www.info-algerie.com\/actualites\/tizi-ouzou-la-reconciliation-nationale-a-preserve-les-institutions-de-letat-et-lunite-nationale\/","name":"Tizi-Ouzou: la r\u00e9conciliation nationale a pr\u00e9serv\u00e9 les institutions de l\u2019Etat et l\u2019unit\u00e9 nationale - info algerie","isPartOf":{"@id":"https:\/\/www.info-algerie.com\/actualites\/#website"},"primaryImageOfPage":{"@id":"https:\/\/www.info-algerie.com\/actualites\/tizi-ouzou-la-reconciliation-nationale-a-preserve-les-institutions-de-letat-et-lunite-nationale\/#primaryimage"},"image":{"@id":"https:\/\/www.info-algerie.com\/actualites\/tizi-ouzou-la-reconciliation-nationale-a-preserve-les-institutions-de-letat-et-lunite-nationale\/#primaryimage"},"thumbnailUrl":"https:\/\/www.info-algerie.com\/actualites\/wp-content\/uploads\/2017\/09\/07f501b21e6e5c9c0b16793fd255a590_S-1.jpg","datePublished":"2017-09-21T16:55:07+00:00","breadcrumb":{"@id":"https:\/\/www.info-algerie.com\/actualites\/tizi-ouzou-la-reconciliation-nationale-a-preserve-les-institutions-de-letat-et-lunite-nationale\/#breadcrumb"},"inLanguage":"fr-FR","potentialAction":[{"@type":"ReadAction","target":["https:\/\/www.info-algerie.com\/actualites\/tizi-ouzou-la-reconciliation-nationale-a-preserve-les-institutions-de-letat-et-lunite-nationale\/"]}]},{"@type":"ImageObject","inLanguage":"fr-FR","@id":"https:\/\/www.info-algerie.com\/actualites\/tizi-ouzou-la-reconciliation-nationale-a-preserve-les-institutions-de-letat-et-lunite-nationale\/#primaryimage","url":"https:\/\/www.info-algerie.com\/actualites\/wp-content\/uploads\/2017\/09\/07f501b21e6e5c9c0b16793fd255a590_S-1.jpg","contentUrl":"https:\/\/www.info-algerie.com\/actualites\/wp-content\/uploads\/2017\/09\/07f501b21e6e5c9c0b16793fd255a590_S-1.jpg","width":280,"height":169},{"@type":"BreadcrumbList","@id":"https:\/\/www.info-algerie.com\/actualites\/tizi-ouzou-la-reconciliation-nationale-a-preserve-les-institutions-de-letat-et-lunite-nationale\/#breadcrumb","itemListElement":[{"@type":"ListItem","position":1,"name":"Accueil","item":"https:\/\/www.info-algerie.com\/actualites\/"},{"@type":"ListItem","position":2,"name":"Tizi-Ouzou: la r\u00e9conciliation nationale a pr\u00e9serv\u00e9 les institutions de l\u2019Etat et l\u2019unit\u00e9 nationale"}]},{"@type":"WebSite","@id":"https:\/\/www.info-algerie.com\/actualites\/#website","url":"https:\/\/www.info-algerie.com\/actualites\/","name":"info algerie","description":"Toutes les actualit\u00e9s","publisher":{"@id":"https:\/\/www.info-algerie.com\/actualites\/#organization"},"potentialAction":[{"@type":"SearchAction","target":{"@type":"EntryPoint","urlTemplate":"https:\/\/www.info-algerie.com\/actualites\/?s={search_term_string}"},"query-input":{"@type":"PropertyValueSpecification","valueRequired":true,"valueName":"search_term_string"}}],"inLanguage":"fr-FR"},{"@type":"Organization","@id":"https:\/\/www.info-algerie.com\/actualites\/#organization","name":"info algerie","url":"https:\/\/www.info-algerie.com\/actualites\/","logo":{"@type":"ImageObject","inLanguage":"fr-FR","@id":"https:\/\/www.info-algerie.com\/actualites\/#\/schema\/logo\/image\/","url":"https:\/\/www.info-algerie.com\/actualites\/wp-content\/uploads\/2022\/07\/logo-ia-120.png","contentUrl":"https:\/\/www.info-algerie.com\/actualites\/wp-content\/uploads\/2022\/07\/logo-ia-120.png","width":120,"height":43,"caption":"info algerie"},"image":{"@id":"https:\/\/www.info-algerie.com\/actualites\/#\/schema\/logo\/image\/"},"sameAs":["https:\/\/www.facebook.com\/infoalgerieactu","https:\/\/x.com\/infoalgerie1"]},{"@type":"Person","@id":"https:\/\/www.info-algerie.com\/actualites\/#\/schema\/person\/847aaec44920825b843a08f30ec6aa1e","name":"La r\u00e9daction","image":{"@type":"ImageObject","inLanguage":"fr-FR","@id":"https:\/\/secure.gravatar.com\/avatar\/769db425c6f465158149f1ffd6cf61ce7a8a879d11dfbef8288af36dfddd418c?s=96&d=mm&r=g","url":"https:\/\/secure.gravatar.com\/avatar\/769db425c6f465158149f1ffd6cf61ce7a8a879d11dfbef8288af36dfddd418c?s=96&d=mm&r=g","contentUrl":"https:\/\/secure.gravatar.com\/avatar\/769db425c6f465158149f1ffd6cf61ce7a8a879d11dfbef8288af36dfddd418c?s=96&d=mm&r=g","caption":"La r\u00e9daction"},"sameAs":["http:\/\/www.lkeria.com\/"],"url":"https:\/\/www.info-algerie.com\/actualites\/author\/chakib32\/"}]}},"_links":{"self":[{"href":"https:\/\/www.info-algerie.com\/actualites\/wp-json\/wp\/v2\/posts\/16178","targetHints":{"allow":["GET"]}}],"collection":[{"href":"https:\/\/www.info-algerie.com\/actualites\/wp-json\/wp\/v2\/posts"}],"about":[{"href":"https:\/\/www.info-algerie.com\/actualites\/wp-json\/wp\/v2\/types\/post"}],"author":[{"embeddable":true,"href":"https:\/\/www.info-algerie.com\/actualites\/wp-json\/wp\/v2\/users\/6"}],"replies":[{"embeddable":true,"href":"https:\/\/www.info-algerie.com\/actualites\/wp-json\/wp\/v2\/comments?post=16178"}],"version-history":[{"count":0,"href":"https:\/\/www.info-algerie.com\/actualites\/wp-json\/wp\/v2\/posts\/16178\/revisions"}],"wp:featuredmedia":[{"embeddable":true,"href":"https:\/\/www.info-algerie.com\/actualites\/wp-json\/wp\/v2\/media\/16179"}],"wp:attachment":[{"href":"https:\/\/www.info-algerie.com\/actualites\/wp-json\/wp\/v2\/media?parent=16178"}],"wp:term":[{"taxonomy":"category","embeddable":true,"href":"https:\/\/www.info-algerie.com\/actualites\/wp-json\/wp\/v2\/categories?post=16178"},{"taxonomy":"post_tag","embeddable":true,"href":"https:\/\/www.info-algerie.com\/actualites\/wp-json\/wp\/v2\/tags?post=16178"}],"curies":[{"name":"wp","href":"https:\/\/api.w.org\/{rel}","templated":true}]}}