{"id":16188,"date":"2017-09-22T13:34:35","date_gmt":"2017-09-22T12:34:35","guid":{"rendered":"http:\/\/www.info-algerie.com\/actualites\/onu-intense-activite-diplomatique-de-messahel-a-new-york\/"},"modified":"2017-09-22T13:34:35","modified_gmt":"2017-09-22T12:34:35","slug":"onu-intense-activite-diplomatique-de-messahel-a-new-york","status":"publish","type":"post","link":"https:\/\/www.info-algerie.com\/actualites\/onu-intense-activite-diplomatique-de-messahel-a-new-york\/","title":{"rendered":"ONU: intense activit\u00e9 diplomatique de Messahel \u00e0 New York"},"content":{"rendered":"<div class=\"K2FeedImage\"><img decoding=\"async\" src=\"https:\/\/www.info-algerie.com\/actualites\/wp-content\/uploads\/2017\/09\/8f48fcd5403676b146115b0d5fc5f808_S.jpg\" alt=\"ONU: intense activit&#xE9; diplomatique de Messahel &#xE0; New York\" \/><\/div>\n<div class=\"K2FeedIntroText\">\n<p>NEW YORK (Nations unies)- Le ministre des Affaires \u00e9trang\u00e8res, Abdelkader Messahel, s\u2019est entretenu avec plusieurs de ses homologues de pays \u00e9trangers, en marge des travaux de la 72\u00e8me session de l\u2019Assembl\u00e9e G\u00e9n\u00e9rale de l\u2019ONU qui se d\u00e9roule actuellement \u00e0 New York.<\/p>\n<p>&#013;\n<\/p><\/div>\n<div class=\"K2FeedFullText\">&#013;<\/p>\n<p><strong>\u00a0\u00a0\u00a0\u00a0\u00a0\u00a0\u00a0\u00a0\u00a0\u00a0\u00a0\u00a0\u00a0\u00a0\u00a0 Messahel s\u2019entretient avec Lavrov<\/strong><\/p>\n<p>&#013;<\/p>\n<p>Ainsi, l\u2019entretien de M. Messahel, jeudi, \u00a0avec \u00a0son homologue Russe M. Serguei Lavrov, a port\u00e9 notamment sur la coop\u00e9ration bilat\u00e9rale entre les deux\u00a0 pays. Les deux ministres ont, \u00e0 cet \u00e9gard, abord\u00e9 les pr\u00e9paratifs de la prochaine visite en Alg\u00e9rie du Premier Ministre russe Dmitri Medvedev. Une\u00a0 visite qui contribuera au renforcement des relations entre les deux pays et imprimera une nouvelle dynamique \u00e0 la coop\u00e9ration alg\u00e9ro-russe.<\/p>\n<p>&#013;<\/p>\n<p>MM. Messahel et Lavrov ont, \u00e9galement, abord\u00e9 plusieurs questions\u00a0 r\u00e9gionales et internationales d\u2019int\u00e9r\u00eat commun dont notamment la situation\u00a0 en Syrie et en Libye. Ils ont convenu, \u00e0 cet \u00e9gard, de poursuivre\u00a0 l\u2019excellente concertation qui a toujours exist\u00e9 entre les deux pays.<\/p>\n<p>&#013;<\/p>\n<p>\u00a0<\/p>\n<p>&#013;<\/p>\n<p class=\"MsoNormal\"><strong>\u00a0 \u00a0 \u00a0 \u00a0 \u00a0 \u00a0 &#8230;avec Federica Mogherini<\/strong><\/p>\n<p>&#013;<\/p>\n<p class=\"MsoNormal\">\u00a0L\u2019entretien entre le chef de la diplomatie alg\u00e9rienne et la Haut-repr\u00e9sentante de l\u2019Union europ\u00e9enne pour les Affaires \u00e9trang\u00e8res et la politique de S\u00e9curit\u00e9 a port\u00e9 sur la coop\u00e9ration entre l\u2019Alg\u00e9rie et l\u2019Union\u00a0 europ\u00e9enne dans diff\u00e9rents domaines, ainsi que les voies et moyens de son\u00a0 renforcement. L\u2019entretien a, \u00e9galement, port\u00e9 sur la pr\u00e9paration des\u00a0 principales \u00e9ch\u00e9ances inscrites \u00e0 l\u2019agenda bilat\u00e9ral.<\/p>\n<p>&#013;<\/p>\n<p>M. Messahel a, \u00e9galement, \u00e9voqu\u00e9 avec son interlocutrice plusieurs\u00a0 questions d\u2019int\u00e9r\u00eat commun dont notamment la situation en Libye et au Mali,\u00a0 et ce \u00e0 la lumi\u00e8re des r\u00e9unions de haut niveau sur les deux questions,\u00a0 organis\u00e9es en marge des travaux de la pr\u00e9sente session de l\u2019Assembl\u00e9e\u00a0G\u00e9n\u00e9rale de l\u2019ONU, ainsi que la situation dans le Sahel de mani\u00e8re\u00a0 g\u00e9n\u00e9rale.<\/p>\n<p>&#013;<\/p>\n<p>\u00a0Dans le m\u00eame sillage, ils ont abord\u00e9 les questions li\u00e9es \u00e0 la migration, \u00e0\u00a0 la lutte contre le terrorisme et le crime transnational organis\u00e9.<\/p>\n<p>&#013;<\/p>\n<p>M. Messahel et Mme Mogherini ont convenu de poursuivre la concertation et la consultation entre l\u2019Alg\u00e9rie et l\u2019Union europ\u00e9enne sur les principales\u00a0 questions qui les pr\u00e9occupent.<\/p>\n<p>&#013;<\/p>\n<p>\u00a0<\/p>\n<p>&#013;<\/p>\n<p><strong>\u00a0 \u00a0 \u00a0 \u00a0 \u00a0 &#8230;avec son homologue sud-africaine Maite Nkoana-Mashabane<\/strong><\/p>\n<p>&#013;<\/p>\n<p>Cet entretien a port\u00e9 sur les relations bilat\u00e9rales entre l\u2019Alg\u00e9rie et l\u2019Afrique du Sud. Les deux ministres se sont, \u00e0 cet \u00e9gard, f\u00e9licit\u00e9s de la\u00a0 qualit\u00e9 exceptionnelle de ces relations et ont exprim\u00e9 leur pleine\u00a0 disponibilit\u00e9 \u00e0 les renforcer davantage et \u00e0 les \u00e9largir \u00e0 de nouveaux\u00a0 domaines porteurs et b\u00e9n\u00e9fiques pour les deux pays.<\/p>\n<p>&#013;<\/p>\n<p>Outres les questions inscrites \u00e0 l\u2019ordre du jour de la pr\u00e9sente session de\u00a0 l\u2019Assembl\u00e9e G\u00e9n\u00e9rale, M. Messahel et Mme Mashabane ont abord\u00e9 de nombreuses\u00a0 questions r\u00e9gionales et internationales d\u2019int\u00e9r\u00eat commun. Les questions \u00e0 l\u2019Agenda de l\u2019Union africaine ont \u00e9galement \u00e9t\u00e9 examin\u00e9es\u00a0 par les deux ministres.<\/p>\n<p>&#013;<\/p>\n<p>\u00a0<\/p>\n<p>&#013;<\/p>\n<p><strong>\u00a0 \u00a0 \u00a0 \u00a0 \u00a0 \u00a0 \u00a0 \u00a0 &#8230;\u00a0avec le Ministre du Gaz de Bolivie Luiz Alberto<\/strong><\/p>\n<p>&#013;<\/p>\n<p>\u00a0L\u2019entretien a port\u00e9 notamment sur le prochain Sommet du Forum des Pays\u00a0 exportateurs du Gaz qui se tiendra en Bolivie en Novembre prochain.<\/p>\n<p>&#013;<\/p>\n<p>Dans le m\u00eame temps, M. Messahel et M. Sanchez ont examin\u00e9 les voies et\u00a0 moyens de renforcer la coop\u00e9ration \u00e9nerg\u00e9tique entre les deux pays qui\u00a0 rec\u00e8lent d\u2019importantes potentialit\u00e9s et qui ouvrent de nombreuses\u00a0 opportunit\u00e9s de coop\u00e9ration.<\/p>\n<p>&#013;<\/p>\n<p>\u00a0<\/p>\n<p>&#013;<\/p>\n<p><strong>\u00a0 \u00a0 \u00a0 \u00a0 \u00a0 \u00a0 \u00a0 &#8230;avec son homologue espagnol\u00a0<\/strong><b>Alfonso Dastis<\/b><\/p>\n<p>&#013;<\/p>\n<p>\u00a0Les deux ministres ont examin\u00e9 les relations bilat\u00e9rales ainsi que les\u00a0 voies et moyens de leur renforcement et leur \u00e9largissement. Ils ont, \u00e0 cet\u00a0 \u00e9gard, convenu de mettre \u00e0 profit les prochaines \u00e9ch\u00e9ances \u00e0 l\u2019agenda\u00a0 bilat\u00e9ral pour renforcer davantage la coop\u00e9ration entre les deux pays.<\/p>\n<p>&#013;<\/p>\n<p>Les deux ministres ont \u00e9chang\u00e9 leurs analyses sur les principales questions inscrites \u00e0 l\u2019ordre du jour de la 72\u00e8me session de l\u2019Assembl\u00e9e\u00a0 G\u00e9n\u00e9rale de l\u2019ONU, tout comme d\u2019autres questions d\u2019int\u00e9r\u00eat commun.<\/p>\n<p>&#013;<\/p>\n<p><span lang=\"EN-US\">\u00a0<\/span><\/p>\n<p>&#013;<\/p>\n<p><strong>\u00a0 \u00a0 \u00a0 \u00a0 \u00a0&#8230;.avec son Homologue estonien\u00a0<\/strong><b>\u00a0Sven Mikser<\/b><\/p>\n<p>&#013;<\/p>\n<p>\u00a0Les deux ministres ont examin\u00e9 l\u2019\u00e9tat de la coop\u00e9ration bilat\u00e9rale ainsi\u00a0 que les opportunit\u00e9s qui s\u2019offrent pour les deux parties en vue de leur\u00a0 renforcement et leur diversification. Ils ont convenu de poursuivre leurs\u00a0 efforts en vue de rehausser le niveau de la coop\u00e9ration entre les deux pays\u00a0dans diff\u00e9rents domaines.<\/p>\n<p>&#013;<\/p>\n<p>\u00a0M. Messahel et son homologue estonien ont abord\u00e9 de nombreuses questions\u00a0 inscrites \u00e0 l\u2019agenda de la pr\u00e9sente session de l\u2019Assembl\u00e9e G\u00e9n\u00e9rale.\u00a0<\/p>\n<p>&#013;<\/p>\n<p>Le ministre Estonien a saisi cette occasion pour exposer le programme de\u00a0 son pays pour sa candidature au Conseil de S\u00e9curit\u00e9 pour la p\u00e9riode\u00a0 2020-2021.<\/p>\n<p>&#013;<\/p>\n<p>Les deux ministres ont, enfin, convenu de poursuivre cette tradition de\u00a0 consultation sur les questions d\u2019int\u00e9r\u00eat commun.<\/p>\n<p>&#013;<\/p>\n<p>\u00a0<\/p>\n<p>&#013;<\/p>\n<p><strong>\u00a0 \u00a0 \u00a0 \u00a0 \u00a0 &#8230;.\u00a0avec le<\/strong><b>\u00a0Repr\u00e9sentant sp\u00e9cial du Secr\u00e9taire G\u00e9n\u00e9ral <\/b><b>de l&rsquo;ONU et Chef de la Mission d&rsquo;Appui des Nations unies en Libye<\/b><\/p>\n<p>&#013;<\/p>\n<p>\u00a0Abdelkader Messahel et Ghassan Salame, le Repr\u00e9sentant sp\u00e9cial du Secr\u00e9taire G\u00e9n\u00e9ral\u00a0de l&rsquo;ONU et Chef de la Mission d&rsquo;Appui des Nations unies en Libye<span style=\"font-size: 12.16px\">\u00a0(Manul) ont pass\u00e9 en revue les derniers d\u00e9veloppements qu\u2019a\u00a0 connus la situation en Libye, notamment \u00e0 la lumi\u00e8re de la r\u00e9union de Haut\u00a0 niveau sur la Libye, tenue jeudi en marge des travaux de l\u2019Assembl\u00e9e\u00a0 G\u00e9n\u00e9rale de l\u2019ONU, et au cours de laquelle une nouvelle feuille de route\u00a0<\/span><span style=\"font-size: 12.16px\">pour le r\u00e8glement de la crise en Libye a \u00e9t\u00e9 pr\u00e9sent\u00e9e.<\/span><span style=\"font-size: 12.16px\">\u00a0<\/span><\/p>\n<p>&#013;<\/p>\n<p>A cet \u00e9gard, le ched de la Manul a renouvel\u00e9 ses remerciements \u00e0 l\u2019Alg\u00e9rie pour son\u00a0 soutien \u00e0 sa feuille de route et au processus onusien de mani\u00e8re g\u00e9n\u00e9rale.<\/p>\n<p>&#013;<\/p>\n<p>Pour sa part, M. Messahel a r\u00e9it\u00e9r\u00e9 l\u2019engagement de l\u2019Alg\u00e9rie \u00e0 poursuivre\u00a0 ses efforts pour accompagner les fr\u00e8res libyens sur la voie du dialogue et\u00a0 de la r\u00e9conciliation nationale, afin qu\u2019ils puissent surmonter leurs\u00a0 divergences et s\u2019engager r\u00e9solument dans le parach\u00e8vement du processus de\u00a0 r\u00e8glement de la crise libyenne.<\/p>\n<p>&#013;<\/p>\n<p>\u00a0<\/p>\n<p>&#013;<\/p>\n<p><strong>\u00a0 \u00a0 \u00a0 \u00a0&#8230; avec le chef de la MUNISMA\u00a0<\/strong><b>\u00a0Mahamat Saleh \u00a0<\/b><b>Annadif<\/b><\/p>\n<p>&#013;<\/p>\n<p>L\u2019entretien a port\u00e9 sur les derniers d\u00e9veloppements de la situation au\u00a0 Mali ainsi que sur les voies et moyens \u00e0 m\u00eame de conforter la dynamique de\u00a0 mise en \u0153uvre de l\u2019Accord pour la paix et la r\u00e9conciliation au Mali, issu\u00a0 du processus d\u2019Alger.<\/p>\n<p>&#013;<\/p>\n<p>M. Annadif a exprim\u00e9 sa satisfaction quant \u00e0 la qualit\u00e9 de la coop\u00e9ration\u00a0 qu\u2019il entretient avec l\u2019Alg\u00e9rie dans le cadre de la coordination des\u00a0 activit\u00e9s de la MINUSMA. Il a, \u00e9galement, exprim\u00e9 ses remerciements pour le\u00a0 soutien actif de l\u2019Alg\u00e9rie dans le cadre de l\u2019accomplissement du mandat de\u00a0la MINUSMA.<\/p>\n<p>&#013;<\/p>\n<p>Pour sa part, M.\u00a0 Messahel qui a copr\u00e9sid\u00e9, jeudi, la r\u00e9union\u00a0 minist\u00e9rielle sur la mise en \u0153uvre de l\u2019Accord d\u2019Alger a indiqu\u00e9 que les\u00a0 d\u00e9veloppements positifs que conna\u00eet la situation au Mali doivent \u00eatre\u00a0 consolid\u00e9s par une plus grande implication de la MINUSMA en vue de soutenir\u00a0 pleinement cette mise en \u0153uvre qui reste le seul gage du retour d\u00e9finitif\u00a0 de la stabilit\u00e9 et de la paix au Mali.<\/p>\n<p>&#013;<\/p>\n<p>Enfin, MM. Messahel et Annadif ont convenu de poursuivre la concertation\u00a0 pour accompagner les maliens pour surmonter les d\u00e9fis actuels et s\u2019engager\u00a0 r\u00e9solument dans la mise en \u0153uvre effective de l\u2019Accord de paix.<\/p>\n<p>&#013;<\/p>\n<p>\u00a0<\/p>\n<p>&#013;<\/p>\n<p><strong>\u00a0 \u00a0 \u00a0 \u00a0 \u00a0 &#8230;\u00a0avec son homologue irakien\u00a0<\/strong><b>Ibrahim Al-Jaafari<\/b><\/p>\n<p>&#013;<\/p>\n<p>L&rsquo;entretien a port\u00e9 sur les relations bilat\u00e9rales ainsi que sur les voies\u00a0 et moyens \u00e0 m\u00eame de permettre le renforcement de la coop\u00e9ration entre les\u00a0 deux pays.\u00a0<\/p>\n<p>&#013;<\/p>\n<p>Les deux ministres ont, \u00e9galement, abord\u00e9 la situation dans le monde arabe\u00a0 notamment la situation en Irak, en Syrie et au Y\u00e9men ainsi que la lutte contre le terrorisme et l&rsquo;extr\u00e9misme violent.<\/p>\n<p>&#013;<\/p>\n<p>Ils ont, aussi, abord\u00e9 les questions li\u00e9es \u00e0 la r\u00e9forme de la ligue arabe\u00a0 et au renforcement de l&rsquo;action arabe commune afin de juguler les d\u00e9fis\u00a0 auxquels le monde arabe est confront\u00e9.<\/p>\n<p>&#013;<\/p>\n<p>\u00a0<\/p>\n<p>&#013;<\/p>\n<p><strong>\u00a0 \u00a0 \u00a0 \u00a0&#8230; avec son homologue croate\u00a0<\/strong><b>Marija Pejcinovic Buric<\/b><\/p>\n<p>&#013;<\/p>\n<p>MM. Messahel et Buric ont proc\u00e9d\u00e9 \u00e0 cette occasion \u00e0 une \u00e9valuation de la\u00a0 coop\u00e9ration bilat\u00e9rale en explorant les voies et moyens de leur\u00a0 renforcement, et ont \u00e9voqu\u00e9 les relations entre l&rsquo;Alg\u00e9rie et la Croatie\u00a0 ainsi que leur diversification, notamment \u00e0 l\u2019occasion des prochaines\u00a0 \u00e9ch\u00e9ances bilat\u00e9rales.<\/p>\n<p>&#013;<\/p>\n<p>Les deux ministres ont \u00e9galement abord\u00e9 les principales questions\u00a0 r\u00e9gionales et internationales d\u2019int\u00e9r\u00eat commun, tout comme les principaux\u00a0 axes de l\u2019ordre du jour de la pr\u00e9sente session de l\u2019Assembl\u00e9e g\u00e9n\u00e9rale de\u00a0 l\u2019ONU.<\/p>\n<p>&#013;<\/p>\n<p>Le ministre croate a exprim\u00e9 le souhait de se rendre en Alg\u00e9rie pour une visite officielle.<\/p>\n<p>&#013;<\/p>\n<p>\u00a0<\/p>\n<p>&#013;<\/p>\n<p><strong>\u00a0 \u00a0 \u00a0 \u00a0 \u00a0 \u00a0&#8230; avec son homologue portugais\u00a0<\/strong><b>\u00a0Augusto Santos Silva<\/b><\/p>\n<p>&#013;<\/p>\n<p>\u00a0Les deux ministres ont proc\u00e9d\u00e9 lors de l&rsquo;entretien \u00e0 une \u00e9valuation de la\u00a0 coop\u00e9ration bilat\u00e9rale dans les diff\u00e9rents domaines et ont convenu, \u00e0 cet\u00a0 \u00e9gard, d\u2019adopter une d\u00e9marche bas\u00e9e sur l\u2019identification de projets communs\u00a0 concrets et b\u00e9n\u00e9fiques pour les deux parties.<\/p>\n<p>&#013;<\/p>\n<p>Concernant la coop\u00e9ration bilat\u00e9rale, M. Messahel et son homologue\u00a0 portugais se sont f\u00e9licit\u00e9s des r\u00e9sultats de la derni\u00e8re session de la\u00a0 Commission de coop\u00e9ration \u00e9conomique alg\u00e9ro-portugaise, tenue en mars\u00a0 dernier \u00e0 Lisbonne, tout en mettant un accent particulier sur la mise en \u0153uvre effective des d\u00e9cisions de cette r\u00e9union.<\/p>\n<p>&#013;<\/p>\n<p>L&rsquo;occasion a \u00e9t\u00e9 \u00e9galement pour les deux ministres d&rsquo;examiner les\u00a0 questions inscrites \u00e0 l\u2019ordre du jour de la 72\u00e8me session de l\u2019Assembl\u00e9e\u00a0 G\u00e9n\u00e9rale de l\u2019ONU en plus d\u2019autres questions r\u00e9gionales et internationales\u00a0 d\u2019int\u00e9r\u00eat commun.<\/p>\n<p>&#013;<\/p>\n<p>\u00a0<\/p>\n<p>&#013;<\/p>\n<p><strong>\u00a0 \u00a0 \u00a0 &#8230;\u00a0avec son homologue v\u00e9n\u00e9zu\u00e9lien\u00a0<\/strong><b>Jorge Arreaza<\/b><\/p>\n<p>&#013;<\/p>\n<p>M. Messahel et son homologue v\u00e9n\u00e9zu\u00e9lien ont \u00e9voqu\u00e9 lors de leur entretien\u00a0 les relations bilat\u00e9rales ainsi que les voies et moyens de leur renforcement et ont convenu notamment de poursuivre leurs efforts afin de\u00a0 concr\u00e9tiser les actions de coop\u00e9ration arr\u00eat\u00e9es en commun.<\/p>\n<p>&#013;<\/p>\n<p>\u00a0Les deux Ministres ont, \u00e9galement, proc\u00e9d\u00e9 \u00e0 un \u00e9change sur les\u00a0 principales questions r\u00e9gionales et internationales d\u2019int\u00e9r\u00eat commun,\u00a0 inscrites \u00e0 l\u2019ordre du jour de la pr\u00e9sente session de l\u2019Assembl\u00e9e G\u00e9n\u00e9rale\u00a0 de l\u2019ONU et ont convenu de poursuivre la consultation\u00a0 entre les deux pays.<\/p>\n<p>&#013;<\/p>\n<p>\u00a0<\/p>\n<p>&#013;<\/p>\n<p><strong>\u00a0 \u00a0 \u00a0 \u00a0 \u00a0 &#8230; avec le\u00a0Premier ministre mauricien\u00a0<\/strong><b>Pravind Kumar Jugnauth<\/b><\/p>\n<p>&#013;<\/p>\n<p>Lors de son entretien avec M. Messahel, le Premier ministre mauricien a exprim\u00e9 sa satisfaction quant \u00e0 la qualit\u00e9 des relations qui lient son pays\u00a0 \u00e0 l\u2019Alg\u00e9rie dans diff\u00e9rents domaines.<\/p>\n<p>&#013;<\/p>\n<p>MM. Messahel et Jugnauth ont exprim\u00e9 leur disponibilit\u00e9 en vue de\u00a0 renforcer la coop\u00e9ration bilat\u00e9rale entre les deux pays et de l\u2019\u00e9largir \u00e0\u00a0 de nouveaux domaines porteurs tels que l\u2019agriculture et le tourisme.<\/p>\n<p>&#013;<\/p>\n<p>Les deux ministres ont, \u00e0 l&rsquo;occasion, pass\u00e9 en revue certaines questions\u00a0 figurant \u00e0 l\u2019ordre du jour de la 72\u00e8me session de l\u2019Assembl\u00e9e g\u00e9n\u00e9rale de l\u2019ONU.<\/p>\n<p>&#013;<\/p>\n<p>\u00a0<\/p>\n<p>&#013;<\/p>\n<p><strong>\u00a0 \u00a0 \u00a0 <\/strong><\/p>\n<\/div>\n<p>&#013;<br \/>\nSource: <a href=\"http:\/\/www.aps.dz\/algerie\/63107-onu-intense-activite-diplomatique-de-messahel-a-new-york\" target=\"_blank\">ONU: intense activit\u00e9 diplomatique de Messahel \u00e0 New York<\/a><\/p>\n<!--CusAds0-->\n<div style=\"font-size: 0px; height: 0px; line-height: 0px; margin: 0; padding: 0; clear: both;\"><\/div>","protected":false},"excerpt":{"rendered":"<p>NEW YORK (Nations unies)- Le ministre des Affaires \u00e9trang\u00e8res, Abdelkader Messahel, s\u2019est entretenu avec plusieurs de ses homologues de pays \u00e9trangers, en marge des travaux de la 72\u00e8me session de l\u2019Assembl\u00e9e G\u00e9n\u00e9rale de l\u2019ONU qui se d\u00e9roule actuellement \u00e0 New York. &#013; &#013; \u00a0\u00a0\u00a0\u00a0\u00a0\u00a0\u00a0\u00a0\u00a0\u00a0\u00a0\u00a0\u00a0\u00a0\u00a0 Messahel s\u2019entretient avec Lavrov &#013; Ainsi, l\u2019entretien de M. Messahel, jeudi,<\/p>\n","protected":false},"author":6,"featured_media":16189,"comment_status":"open","ping_status":"open","sticky":false,"template":"","format":"standard","meta":{"footnotes":""},"categories":[22],"tags":[93],"class_list":["post-16188","post","type-post","status-publish","format-standard","has-post-thumbnail","hentry","category-infos","tag-onu"],"yoast_head":"<!-- This site is optimized with the Yoast SEO plugin v27.5 - https:\/\/yoast.com\/product\/yoast-seo-wordpress\/ -->\n<title>ONU: intense activit\u00e9 diplomatique de Messahel \u00e0 New York - info algerie<\/title>\n<meta name=\"robots\" content=\"index, follow, max-snippet:-1, max-image-preview:large, max-video-preview:-1\" \/>\n<link rel=\"canonical\" href=\"https:\/\/www.info-algerie.com\/actualites\/onu-intense-activite-diplomatique-de-messahel-a-new-york\/\" \/>\n<meta property=\"og:locale\" content=\"fr_FR\" \/>\n<meta property=\"og:type\" content=\"article\" \/>\n<meta property=\"og:title\" content=\"ONU: intense activit\u00e9 diplomatique de Messahel \u00e0 New York - info algerie\" \/>\n<meta property=\"og:description\" content=\"NEW YORK (Nations unies)- Le ministre des Affaires \u00e9trang\u00e8res, Abdelkader Messahel, s\u2019est entretenu avec plusieurs de ses homologues de pays \u00e9trangers, en marge des travaux de la 72\u00e8me session de l\u2019Assembl\u00e9e G\u00e9n\u00e9rale de l\u2019ONU qui se d\u00e9roule actuellement \u00e0 New York. &#013; &#013; \u00a0\u00a0\u00a0\u00a0\u00a0\u00a0\u00a0\u00a0\u00a0\u00a0\u00a0\u00a0\u00a0\u00a0\u00a0 Messahel s\u2019entretient avec Lavrov &#013; Ainsi, l\u2019entretien de M. Messahel, jeudi,\" \/>\n<meta property=\"og:url\" content=\"https:\/\/www.info-algerie.com\/actualites\/onu-intense-activite-diplomatique-de-messahel-a-new-york\/\" \/>\n<meta property=\"og:site_name\" content=\"info algerie\" \/>\n<meta property=\"article:publisher\" content=\"https:\/\/www.facebook.com\/infoalgerieactu\" \/>\n<meta property=\"article:published_time\" content=\"2017-09-22T12:34:35+00:00\" \/>\n<meta property=\"og:image\" content=\"https:\/\/www.info-algerie.com\/actualites\/wp-content\/uploads\/2017\/09\/8f48fcd5403676b146115b0d5fc5f808_S-1.jpg\" \/>\n\t<meta property=\"og:image:width\" content=\"280\" \/>\n\t<meta property=\"og:image:height\" content=\"169\" \/>\n\t<meta property=\"og:image:type\" content=\"image\/jpeg\" \/>\n<meta name=\"author\" content=\"La r\u00e9daction\" \/>\n<meta name=\"twitter:label1\" content=\"\u00c9crit par\" \/>\n\t<meta name=\"twitter:data1\" content=\"La r\u00e9daction\" \/>\n\t<meta name=\"twitter:label2\" content=\"Dur\u00e9e de lecture estim\u00e9e\" \/>\n\t<meta name=\"twitter:data2\" content=\"9 minutes\" \/>\n<script type=\"application\/ld+json\" class=\"yoast-schema-graph\">{\"@context\":\"https:\\\/\\\/schema.org\",\"@graph\":[{\"@type\":\"Article\",\"@id\":\"https:\\\/\\\/www.info-algerie.com\\\/actualites\\\/onu-intense-activite-diplomatique-de-messahel-a-new-york\\\/#article\",\"isPartOf\":{\"@id\":\"https:\\\/\\\/www.info-algerie.com\\\/actualites\\\/onu-intense-activite-diplomatique-de-messahel-a-new-york\\\/\"},\"author\":{\"name\":\"La r\u00e9daction\",\"@id\":\"https:\\\/\\\/www.info-algerie.com\\\/actualites\\\/#\\\/schema\\\/person\\\/847aaec44920825b843a08f30ec6aa1e\"},\"headline\":\"ONU: intense activit\u00e9 diplomatique de Messahel \u00e0 New York\",\"datePublished\":\"2017-09-22T12:34:35+00:00\",\"mainEntityOfPage\":{\"@id\":\"https:\\\/\\\/www.info-algerie.com\\\/actualites\\\/onu-intense-activite-diplomatique-de-messahel-a-new-york\\\/\"},\"wordCount\":1874,\"commentCount\":0,\"publisher\":{\"@id\":\"https:\\\/\\\/www.info-algerie.com\\\/actualites\\\/#organization\"},\"image\":{\"@id\":\"https:\\\/\\\/www.info-algerie.com\\\/actualites\\\/onu-intense-activite-diplomatique-de-messahel-a-new-york\\\/#primaryimage\"},\"thumbnailUrl\":\"https:\\\/\\\/www.info-algerie.com\\\/actualites\\\/wp-content\\\/uploads\\\/2017\\\/09\\\/8f48fcd5403676b146115b0d5fc5f808_S-1.jpg\",\"keywords\":[\"ONU\"],\"articleSection\":[\"infos\"],\"inLanguage\":\"fr-FR\",\"potentialAction\":[{\"@type\":\"CommentAction\",\"name\":\"Comment\",\"target\":[\"https:\\\/\\\/www.info-algerie.com\\\/actualites\\\/onu-intense-activite-diplomatique-de-messahel-a-new-york\\\/#respond\"]}]},{\"@type\":\"WebPage\",\"@id\":\"https:\\\/\\\/www.info-algerie.com\\\/actualites\\\/onu-intense-activite-diplomatique-de-messahel-a-new-york\\\/\",\"url\":\"https:\\\/\\\/www.info-algerie.com\\\/actualites\\\/onu-intense-activite-diplomatique-de-messahel-a-new-york\\\/\",\"name\":\"ONU: intense activit\u00e9 diplomatique de Messahel \u00e0 New York - info algerie\",\"isPartOf\":{\"@id\":\"https:\\\/\\\/www.info-algerie.com\\\/actualites\\\/#website\"},\"primaryImageOfPage\":{\"@id\":\"https:\\\/\\\/www.info-algerie.com\\\/actualites\\\/onu-intense-activite-diplomatique-de-messahel-a-new-york\\\/#primaryimage\"},\"image\":{\"@id\":\"https:\\\/\\\/www.info-algerie.com\\\/actualites\\\/onu-intense-activite-diplomatique-de-messahel-a-new-york\\\/#primaryimage\"},\"thumbnailUrl\":\"https:\\\/\\\/www.info-algerie.com\\\/actualites\\\/wp-content\\\/uploads\\\/2017\\\/09\\\/8f48fcd5403676b146115b0d5fc5f808_S-1.jpg\",\"datePublished\":\"2017-09-22T12:34:35+00:00\",\"breadcrumb\":{\"@id\":\"https:\\\/\\\/www.info-algerie.com\\\/actualites\\\/onu-intense-activite-diplomatique-de-messahel-a-new-york\\\/#breadcrumb\"},\"inLanguage\":\"fr-FR\",\"potentialAction\":[{\"@type\":\"ReadAction\",\"target\":[\"https:\\\/\\\/www.info-algerie.com\\\/actualites\\\/onu-intense-activite-diplomatique-de-messahel-a-new-york\\\/\"]}]},{\"@type\":\"ImageObject\",\"inLanguage\":\"fr-FR\",\"@id\":\"https:\\\/\\\/www.info-algerie.com\\\/actualites\\\/onu-intense-activite-diplomatique-de-messahel-a-new-york\\\/#primaryimage\",\"url\":\"https:\\\/\\\/www.info-algerie.com\\\/actualites\\\/wp-content\\\/uploads\\\/2017\\\/09\\\/8f48fcd5403676b146115b0d5fc5f808_S-1.jpg\",\"contentUrl\":\"https:\\\/\\\/www.info-algerie.com\\\/actualites\\\/wp-content\\\/uploads\\\/2017\\\/09\\\/8f48fcd5403676b146115b0d5fc5f808_S-1.jpg\",\"width\":280,\"height\":169},{\"@type\":\"BreadcrumbList\",\"@id\":\"https:\\\/\\\/www.info-algerie.com\\\/actualites\\\/onu-intense-activite-diplomatique-de-messahel-a-new-york\\\/#breadcrumb\",\"itemListElement\":[{\"@type\":\"ListItem\",\"position\":1,\"name\":\"Accueil\",\"item\":\"https:\\\/\\\/www.info-algerie.com\\\/actualites\\\/\"},{\"@type\":\"ListItem\",\"position\":2,\"name\":\"ONU: intense activit\u00e9 diplomatique de Messahel \u00e0 New York\"}]},{\"@type\":\"WebSite\",\"@id\":\"https:\\\/\\\/www.info-algerie.com\\\/actualites\\\/#website\",\"url\":\"https:\\\/\\\/www.info-algerie.com\\\/actualites\\\/\",\"name\":\"info algerie\",\"description\":\"Toutes les actualit\u00e9s\",\"publisher\":{\"@id\":\"https:\\\/\\\/www.info-algerie.com\\\/actualites\\\/#organization\"},\"potentialAction\":[{\"@type\":\"SearchAction\",\"target\":{\"@type\":\"EntryPoint\",\"urlTemplate\":\"https:\\\/\\\/www.info-algerie.com\\\/actualites\\\/?s={search_term_string}\"},\"query-input\":{\"@type\":\"PropertyValueSpecification\",\"valueRequired\":true,\"valueName\":\"search_term_string\"}}],\"inLanguage\":\"fr-FR\"},{\"@type\":\"Organization\",\"@id\":\"https:\\\/\\\/www.info-algerie.com\\\/actualites\\\/#organization\",\"name\":\"info algerie\",\"url\":\"https:\\\/\\\/www.info-algerie.com\\\/actualites\\\/\",\"logo\":{\"@type\":\"ImageObject\",\"inLanguage\":\"fr-FR\",\"@id\":\"https:\\\/\\\/www.info-algerie.com\\\/actualites\\\/#\\\/schema\\\/logo\\\/image\\\/\",\"url\":\"https:\\\/\\\/www.info-algerie.com\\\/actualites\\\/wp-content\\\/uploads\\\/2022\\\/07\\\/logo-ia-120.png\",\"contentUrl\":\"https:\\\/\\\/www.info-algerie.com\\\/actualites\\\/wp-content\\\/uploads\\\/2022\\\/07\\\/logo-ia-120.png\",\"width\":120,\"height\":43,\"caption\":\"info algerie\"},\"image\":{\"@id\":\"https:\\\/\\\/www.info-algerie.com\\\/actualites\\\/#\\\/schema\\\/logo\\\/image\\\/\"},\"sameAs\":[\"https:\\\/\\\/www.facebook.com\\\/infoalgerieactu\",\"https:\\\/\\\/x.com\\\/infoalgerie1\"]},{\"@type\":\"Person\",\"@id\":\"https:\\\/\\\/www.info-algerie.com\\\/actualites\\\/#\\\/schema\\\/person\\\/847aaec44920825b843a08f30ec6aa1e\",\"name\":\"La r\u00e9daction\",\"image\":{\"@type\":\"ImageObject\",\"inLanguage\":\"fr-FR\",\"@id\":\"https:\\\/\\\/secure.gravatar.com\\\/avatar\\\/769db425c6f465158149f1ffd6cf61ce7a8a879d11dfbef8288af36dfddd418c?s=96&d=mm&r=g\",\"url\":\"https:\\\/\\\/secure.gravatar.com\\\/avatar\\\/769db425c6f465158149f1ffd6cf61ce7a8a879d11dfbef8288af36dfddd418c?s=96&d=mm&r=g\",\"contentUrl\":\"https:\\\/\\\/secure.gravatar.com\\\/avatar\\\/769db425c6f465158149f1ffd6cf61ce7a8a879d11dfbef8288af36dfddd418c?s=96&d=mm&r=g\",\"caption\":\"La r\u00e9daction\"},\"sameAs\":[\"http:\\\/\\\/www.lkeria.com\\\/\"],\"url\":\"https:\\\/\\\/www.info-algerie.com\\\/actualites\\\/author\\\/chakib32\\\/\"}]}<\/script>\n<!-- \/ Yoast SEO plugin. -->","yoast_head_json":{"title":"ONU: intense activit\u00e9 diplomatique de Messahel \u00e0 New York - info algerie","robots":{"index":"index","follow":"follow","max-snippet":"max-snippet:-1","max-image-preview":"max-image-preview:large","max-video-preview":"max-video-preview:-1"},"canonical":"https:\/\/www.info-algerie.com\/actualites\/onu-intense-activite-diplomatique-de-messahel-a-new-york\/","og_locale":"fr_FR","og_type":"article","og_title":"ONU: intense activit\u00e9 diplomatique de Messahel \u00e0 New York - info algerie","og_description":"NEW YORK (Nations unies)- Le ministre des Affaires \u00e9trang\u00e8res, Abdelkader Messahel, s\u2019est entretenu avec plusieurs de ses homologues de pays \u00e9trangers, en marge des travaux de la 72\u00e8me session de l\u2019Assembl\u00e9e G\u00e9n\u00e9rale de l\u2019ONU qui se d\u00e9roule actuellement \u00e0 New York. &#013; &#013; \u00a0\u00a0\u00a0\u00a0\u00a0\u00a0\u00a0\u00a0\u00a0\u00a0\u00a0\u00a0\u00a0\u00a0\u00a0 Messahel s\u2019entretient avec Lavrov &#013; Ainsi, l\u2019entretien de M. Messahel, jeudi,","og_url":"https:\/\/www.info-algerie.com\/actualites\/onu-intense-activite-diplomatique-de-messahel-a-new-york\/","og_site_name":"info algerie","article_publisher":"https:\/\/www.facebook.com\/infoalgerieactu","article_published_time":"2017-09-22T12:34:35+00:00","og_image":[{"width":280,"height":169,"url":"https:\/\/www.info-algerie.com\/actualites\/wp-content\/uploads\/2017\/09\/8f48fcd5403676b146115b0d5fc5f808_S-1.jpg","type":"image\/jpeg"}],"author":"La r\u00e9daction","twitter_misc":{"\u00c9crit par":"La r\u00e9daction","Dur\u00e9e de lecture estim\u00e9e":"9 minutes"},"schema":{"@context":"https:\/\/schema.org","@graph":[{"@type":"Article","@id":"https:\/\/www.info-algerie.com\/actualites\/onu-intense-activite-diplomatique-de-messahel-a-new-york\/#article","isPartOf":{"@id":"https:\/\/www.info-algerie.com\/actualites\/onu-intense-activite-diplomatique-de-messahel-a-new-york\/"},"author":{"name":"La r\u00e9daction","@id":"https:\/\/www.info-algerie.com\/actualites\/#\/schema\/person\/847aaec44920825b843a08f30ec6aa1e"},"headline":"ONU: intense activit\u00e9 diplomatique de Messahel \u00e0 New York","datePublished":"2017-09-22T12:34:35+00:00","mainEntityOfPage":{"@id":"https:\/\/www.info-algerie.com\/actualites\/onu-intense-activite-diplomatique-de-messahel-a-new-york\/"},"wordCount":1874,"commentCount":0,"publisher":{"@id":"https:\/\/www.info-algerie.com\/actualites\/#organization"},"image":{"@id":"https:\/\/www.info-algerie.com\/actualites\/onu-intense-activite-diplomatique-de-messahel-a-new-york\/#primaryimage"},"thumbnailUrl":"https:\/\/www.info-algerie.com\/actualites\/wp-content\/uploads\/2017\/09\/8f48fcd5403676b146115b0d5fc5f808_S-1.jpg","keywords":["ONU"],"articleSection":["infos"],"inLanguage":"fr-FR","potentialAction":[{"@type":"CommentAction","name":"Comment","target":["https:\/\/www.info-algerie.com\/actualites\/onu-intense-activite-diplomatique-de-messahel-a-new-york\/#respond"]}]},{"@type":"WebPage","@id":"https:\/\/www.info-algerie.com\/actualites\/onu-intense-activite-diplomatique-de-messahel-a-new-york\/","url":"https:\/\/www.info-algerie.com\/actualites\/onu-intense-activite-diplomatique-de-messahel-a-new-york\/","name":"ONU: intense activit\u00e9 diplomatique de Messahel \u00e0 New York - info algerie","isPartOf":{"@id":"https:\/\/www.info-algerie.com\/actualites\/#website"},"primaryImageOfPage":{"@id":"https:\/\/www.info-algerie.com\/actualites\/onu-intense-activite-diplomatique-de-messahel-a-new-york\/#primaryimage"},"image":{"@id":"https:\/\/www.info-algerie.com\/actualites\/onu-intense-activite-diplomatique-de-messahel-a-new-york\/#primaryimage"},"thumbnailUrl":"https:\/\/www.info-algerie.com\/actualites\/wp-content\/uploads\/2017\/09\/8f48fcd5403676b146115b0d5fc5f808_S-1.jpg","datePublished":"2017-09-22T12:34:35+00:00","breadcrumb":{"@id":"https:\/\/www.info-algerie.com\/actualites\/onu-intense-activite-diplomatique-de-messahel-a-new-york\/#breadcrumb"},"inLanguage":"fr-FR","potentialAction":[{"@type":"ReadAction","target":["https:\/\/www.info-algerie.com\/actualites\/onu-intense-activite-diplomatique-de-messahel-a-new-york\/"]}]},{"@type":"ImageObject","inLanguage":"fr-FR","@id":"https:\/\/www.info-algerie.com\/actualites\/onu-intense-activite-diplomatique-de-messahel-a-new-york\/#primaryimage","url":"https:\/\/www.info-algerie.com\/actualites\/wp-content\/uploads\/2017\/09\/8f48fcd5403676b146115b0d5fc5f808_S-1.jpg","contentUrl":"https:\/\/www.info-algerie.com\/actualites\/wp-content\/uploads\/2017\/09\/8f48fcd5403676b146115b0d5fc5f808_S-1.jpg","width":280,"height":169},{"@type":"BreadcrumbList","@id":"https:\/\/www.info-algerie.com\/actualites\/onu-intense-activite-diplomatique-de-messahel-a-new-york\/#breadcrumb","itemListElement":[{"@type":"ListItem","position":1,"name":"Accueil","item":"https:\/\/www.info-algerie.com\/actualites\/"},{"@type":"ListItem","position":2,"name":"ONU: intense activit\u00e9 diplomatique de Messahel \u00e0 New York"}]},{"@type":"WebSite","@id":"https:\/\/www.info-algerie.com\/actualites\/#website","url":"https:\/\/www.info-algerie.com\/actualites\/","name":"info algerie","description":"Toutes les actualit\u00e9s","publisher":{"@id":"https:\/\/www.info-algerie.com\/actualites\/#organization"},"potentialAction":[{"@type":"SearchAction","target":{"@type":"EntryPoint","urlTemplate":"https:\/\/www.info-algerie.com\/actualites\/?s={search_term_string}"},"query-input":{"@type":"PropertyValueSpecification","valueRequired":true,"valueName":"search_term_string"}}],"inLanguage":"fr-FR"},{"@type":"Organization","@id":"https:\/\/www.info-algerie.com\/actualites\/#organization","name":"info algerie","url":"https:\/\/www.info-algerie.com\/actualites\/","logo":{"@type":"ImageObject","inLanguage":"fr-FR","@id":"https:\/\/www.info-algerie.com\/actualites\/#\/schema\/logo\/image\/","url":"https:\/\/www.info-algerie.com\/actualites\/wp-content\/uploads\/2022\/07\/logo-ia-120.png","contentUrl":"https:\/\/www.info-algerie.com\/actualites\/wp-content\/uploads\/2022\/07\/logo-ia-120.png","width":120,"height":43,"caption":"info algerie"},"image":{"@id":"https:\/\/www.info-algerie.com\/actualites\/#\/schema\/logo\/image\/"},"sameAs":["https:\/\/www.facebook.com\/infoalgerieactu","https:\/\/x.com\/infoalgerie1"]},{"@type":"Person","@id":"https:\/\/www.info-algerie.com\/actualites\/#\/schema\/person\/847aaec44920825b843a08f30ec6aa1e","name":"La r\u00e9daction","image":{"@type":"ImageObject","inLanguage":"fr-FR","@id":"https:\/\/secure.gravatar.com\/avatar\/769db425c6f465158149f1ffd6cf61ce7a8a879d11dfbef8288af36dfddd418c?s=96&d=mm&r=g","url":"https:\/\/secure.gravatar.com\/avatar\/769db425c6f465158149f1ffd6cf61ce7a8a879d11dfbef8288af36dfddd418c?s=96&d=mm&r=g","contentUrl":"https:\/\/secure.gravatar.com\/avatar\/769db425c6f465158149f1ffd6cf61ce7a8a879d11dfbef8288af36dfddd418c?s=96&d=mm&r=g","caption":"La r\u00e9daction"},"sameAs":["http:\/\/www.lkeria.com\/"],"url":"https:\/\/www.info-algerie.com\/actualites\/author\/chakib32\/"}]}},"_links":{"self":[{"href":"https:\/\/www.info-algerie.com\/actualites\/wp-json\/wp\/v2\/posts\/16188","targetHints":{"allow":["GET"]}}],"collection":[{"href":"https:\/\/www.info-algerie.com\/actualites\/wp-json\/wp\/v2\/posts"}],"about":[{"href":"https:\/\/www.info-algerie.com\/actualites\/wp-json\/wp\/v2\/types\/post"}],"author":[{"embeddable":true,"href":"https:\/\/www.info-algerie.com\/actualites\/wp-json\/wp\/v2\/users\/6"}],"replies":[{"embeddable":true,"href":"https:\/\/www.info-algerie.com\/actualites\/wp-json\/wp\/v2\/comments?post=16188"}],"version-history":[{"count":0,"href":"https:\/\/www.info-algerie.com\/actualites\/wp-json\/wp\/v2\/posts\/16188\/revisions"}],"wp:featuredmedia":[{"embeddable":true,"href":"https:\/\/www.info-algerie.com\/actualites\/wp-json\/wp\/v2\/media\/16189"}],"wp:attachment":[{"href":"https:\/\/www.info-algerie.com\/actualites\/wp-json\/wp\/v2\/media?parent=16188"}],"wp:term":[{"taxonomy":"category","embeddable":true,"href":"https:\/\/www.info-algerie.com\/actualites\/wp-json\/wp\/v2\/categories?post=16188"},{"taxonomy":"post_tag","embeddable":true,"href":"https:\/\/www.info-algerie.com\/actualites\/wp-json\/wp\/v2\/tags?post=16188"}],"curies":[{"name":"wp","href":"https:\/\/api.w.org\/{rel}","templated":true}]}}