{"id":16190,"date":"2017-09-22T14:47:16","date_gmt":"2017-09-22T13:47:16","guid":{"rendered":"http:\/\/www.info-algerie.com\/actualites\/apn-la-commission-de-la-culture-de-la-communication-et-du-tourisme-arrete-le-calendrier-de-ses-travaux\/"},"modified":"2017-09-22T14:47:16","modified_gmt":"2017-09-22T13:47:16","slug":"apn-la-commission-de-la-culture-de-la-communication-et-du-tourisme-arrete-le-calendrier-de-ses-travaux","status":"publish","type":"post","link":"https:\/\/www.info-algerie.com\/actualites\/apn-la-commission-de-la-culture-de-la-communication-et-du-tourisme-arrete-le-calendrier-de-ses-travaux\/","title":{"rendered":"APN: la commission de la Culture, de la Communication et du Tourisme arr\u00eate le calendrier de ses travaux"},"content":{"rendered":"<div class=\"K2FeedIntroText\">\n<p class=\"MsoNoSpacing\">\u00a0ALGER- La Commission de la Culture, de la Communication et du Tourisme, pr\u00e9sid\u00e9e par Lakhdar Nadri, a tenu jeudi une r\u00e9union pour arr\u00eater le calendrier de ses travaux durant les jours \u00e0 venir, a indiqu\u00e9 un communiqu\u00e9 de l&rsquo;Assembl\u00e9e populaire nationale (APN).<\/p>\n<p>&#013;\n<\/p><\/div>\n<div class=\"K2FeedFullText\">&#013;<\/p>\n<p class=\"MsoNoSpacing\">Les membres de la commission ont convenu de programmer des rencontres avec les ministres des secteurs concern\u00e9s pour leur soulever des pr\u00e9occupations et pr\u00e9senter des propositions, ajoute la m\u00eame source.<\/p>\n<p>&#013;<\/p>\n<p>Les membres ont convenu de programmer, par ailleurs, des visites de terrain \u00e0 travers tout le territoire national aux sites arch\u00e9ologiques et r\u00e9serves naturelles, tout en organisant des rencontres intellectuelles,\u00a0 parall\u00e8lement \u00e0 l&rsquo;examen des voies et moyens d&rsquo;\u00e9largissement des activit\u00e9s\u00a0 culturelles au sein des \u00e9coles conform\u00e9ment au programme du pr\u00e9sident de la R\u00e9publique, Abdelaziz Bouteflika, qui accorde une importance majeure au r\u00f4le de la culture dans le d\u00e9veloppement, pr\u00e9cise le communiqu\u00e9. \u00a0<\/p>\n<\/div>\n<p>&#013;<br \/>\nSource: <a href=\"http:\/\/www.aps.dz\/algerie\/63110-apn-la-commission-de-la-culture-de-la-communication-et-du-tourisme-arrete-le-calendrier-de-ses-travaux\" target=\"_blank\">APN: la commission de la Culture, de la Communication et du Tourisme arr\u00eate le calendrier de ses travaux<\/a><\/p>\n<!--CusAds0-->\n<div style=\"font-size: 0px; height: 0px; line-height: 0px; margin: 0; padding: 0; clear: both;\"><\/div>","protected":false},"excerpt":{"rendered":"<p>\u00a0ALGER- La Commission de la Culture, de la Communication et du Tourisme, pr\u00e9sid\u00e9e par Lakhdar Nadri, a tenu jeudi une r\u00e9union pour arr\u00eater le calendrier de ses travaux durant les jours \u00e0 venir, a indiqu\u00e9 un communiqu\u00e9 de l&rsquo;Assembl\u00e9e populaire nationale (APN). &#013; &#013; Les membres de la commission ont convenu de programmer des rencontres<\/p>\n","protected":false},"author":6,"featured_media":0,"comment_status":"open","ping_status":"open","sticky":false,"template":"","format":"standard","meta":{"footnotes":""},"categories":[22],"tags":[93],"class_list":["post-16190","post","type-post","status-publish","format-standard","hentry","category-infos","tag-onu"],"yoast_head":"<!-- This site is optimized with the Yoast SEO plugin v27.5 - https:\/\/yoast.com\/product\/yoast-seo-wordpress\/ -->\n<title>APN: la commission de la Culture, de la Communication et du Tourisme arr\u00eate le calendrier de ses travaux - info algerie<\/title>\n<meta name=\"robots\" content=\"index, follow, max-snippet:-1, max-image-preview:large, max-video-preview:-1\" \/>\n<link rel=\"canonical\" href=\"https:\/\/www.info-algerie.com\/actualites\/apn-la-commission-de-la-culture-de-la-communication-et-du-tourisme-arrete-le-calendrier-de-ses-travaux\/\" \/>\n<meta property=\"og:locale\" content=\"fr_FR\" \/>\n<meta property=\"og:type\" content=\"article\" \/>\n<meta property=\"og:title\" content=\"APN: la commission de la Culture, de la Communication et du Tourisme arr\u00eate le calendrier de ses travaux - info algerie\" \/>\n<meta property=\"og:description\" content=\"\u00a0ALGER- La Commission de la Culture, de la Communication et du Tourisme, pr\u00e9sid\u00e9e par Lakhdar Nadri, a tenu jeudi une r\u00e9union pour arr\u00eater le calendrier de ses travaux durant les jours \u00e0 venir, a indiqu\u00e9 un communiqu\u00e9 de l&rsquo;Assembl\u00e9e populaire nationale (APN). &#013; &#013; Les membres de la commission ont convenu de programmer des rencontres\" \/>\n<meta property=\"og:url\" content=\"https:\/\/www.info-algerie.com\/actualites\/apn-la-commission-de-la-culture-de-la-communication-et-du-tourisme-arrete-le-calendrier-de-ses-travaux\/\" \/>\n<meta property=\"og:site_name\" content=\"info algerie\" \/>\n<meta property=\"article:publisher\" content=\"https:\/\/www.facebook.com\/infoalgerieactu\" \/>\n<meta property=\"article:published_time\" content=\"2017-09-22T13:47:16+00:00\" \/>\n<meta name=\"author\" content=\"La r\u00e9daction\" \/>\n<meta name=\"twitter:label1\" content=\"\u00c9crit par\" \/>\n\t<meta name=\"twitter:data1\" content=\"La r\u00e9daction\" \/>\n\t<meta name=\"twitter:label2\" content=\"Dur\u00e9e de lecture estim\u00e9e\" \/>\n\t<meta name=\"twitter:data2\" content=\"1 minute\" \/>\n<script type=\"application\/ld+json\" class=\"yoast-schema-graph\">{\"@context\":\"https:\\\/\\\/schema.org\",\"@graph\":[{\"@type\":\"Article\",\"@id\":\"https:\\\/\\\/www.info-algerie.com\\\/actualites\\\/apn-la-commission-de-la-culture-de-la-communication-et-du-tourisme-arrete-le-calendrier-de-ses-travaux\\\/#article\",\"isPartOf\":{\"@id\":\"https:\\\/\\\/www.info-algerie.com\\\/actualites\\\/apn-la-commission-de-la-culture-de-la-communication-et-du-tourisme-arrete-le-calendrier-de-ses-travaux\\\/\"},\"author\":{\"name\":\"La r\u00e9daction\",\"@id\":\"https:\\\/\\\/www.info-algerie.com\\\/actualites\\\/#\\\/schema\\\/person\\\/847aaec44920825b843a08f30ec6aa1e\"},\"headline\":\"APN: la commission de la Culture, de la Communication et du Tourisme arr\u00eate le calendrier de ses travaux\",\"datePublished\":\"2017-09-22T13:47:16+00:00\",\"mainEntityOfPage\":{\"@id\":\"https:\\\/\\\/www.info-algerie.com\\\/actualites\\\/apn-la-commission-de-la-culture-de-la-communication-et-du-tourisme-arrete-le-calendrier-de-ses-travaux\\\/\"},\"wordCount\":201,\"commentCount\":0,\"publisher\":{\"@id\":\"https:\\\/\\\/www.info-algerie.com\\\/actualites\\\/#organization\"},\"keywords\":[\"ONU\"],\"articleSection\":[\"infos\"],\"inLanguage\":\"fr-FR\",\"potentialAction\":[{\"@type\":\"CommentAction\",\"name\":\"Comment\",\"target\":[\"https:\\\/\\\/www.info-algerie.com\\\/actualites\\\/apn-la-commission-de-la-culture-de-la-communication-et-du-tourisme-arrete-le-calendrier-de-ses-travaux\\\/#respond\"]}]},{\"@type\":\"WebPage\",\"@id\":\"https:\\\/\\\/www.info-algerie.com\\\/actualites\\\/apn-la-commission-de-la-culture-de-la-communication-et-du-tourisme-arrete-le-calendrier-de-ses-travaux\\\/\",\"url\":\"https:\\\/\\\/www.info-algerie.com\\\/actualites\\\/apn-la-commission-de-la-culture-de-la-communication-et-du-tourisme-arrete-le-calendrier-de-ses-travaux\\\/\",\"name\":\"APN: la commission de la Culture, de la Communication et du Tourisme arr\u00eate le calendrier de ses travaux - info algerie\",\"isPartOf\":{\"@id\":\"https:\\\/\\\/www.info-algerie.com\\\/actualites\\\/#website\"},\"datePublished\":\"2017-09-22T13:47:16+00:00\",\"breadcrumb\":{\"@id\":\"https:\\\/\\\/www.info-algerie.com\\\/actualites\\\/apn-la-commission-de-la-culture-de-la-communication-et-du-tourisme-arrete-le-calendrier-de-ses-travaux\\\/#breadcrumb\"},\"inLanguage\":\"fr-FR\",\"potentialAction\":[{\"@type\":\"ReadAction\",\"target\":[\"https:\\\/\\\/www.info-algerie.com\\\/actualites\\\/apn-la-commission-de-la-culture-de-la-communication-et-du-tourisme-arrete-le-calendrier-de-ses-travaux\\\/\"]}]},{\"@type\":\"BreadcrumbList\",\"@id\":\"https:\\\/\\\/www.info-algerie.com\\\/actualites\\\/apn-la-commission-de-la-culture-de-la-communication-et-du-tourisme-arrete-le-calendrier-de-ses-travaux\\\/#breadcrumb\",\"itemListElement\":[{\"@type\":\"ListItem\",\"position\":1,\"name\":\"Accueil\",\"item\":\"https:\\\/\\\/www.info-algerie.com\\\/actualites\\\/\"},{\"@type\":\"ListItem\",\"position\":2,\"name\":\"APN: la commission de la Culture, de la Communication et du Tourisme arr\u00eate le calendrier de ses travaux\"}]},{\"@type\":\"WebSite\",\"@id\":\"https:\\\/\\\/www.info-algerie.com\\\/actualites\\\/#website\",\"url\":\"https:\\\/\\\/www.info-algerie.com\\\/actualites\\\/\",\"name\":\"info algerie\",\"description\":\"Toutes les actualit\u00e9s\",\"publisher\":{\"@id\":\"https:\\\/\\\/www.info-algerie.com\\\/actualites\\\/#organization\"},\"potentialAction\":[{\"@type\":\"SearchAction\",\"target\":{\"@type\":\"EntryPoint\",\"urlTemplate\":\"https:\\\/\\\/www.info-algerie.com\\\/actualites\\\/?s={search_term_string}\"},\"query-input\":{\"@type\":\"PropertyValueSpecification\",\"valueRequired\":true,\"valueName\":\"search_term_string\"}}],\"inLanguage\":\"fr-FR\"},{\"@type\":\"Organization\",\"@id\":\"https:\\\/\\\/www.info-algerie.com\\\/actualites\\\/#organization\",\"name\":\"info algerie\",\"url\":\"https:\\\/\\\/www.info-algerie.com\\\/actualites\\\/\",\"logo\":{\"@type\":\"ImageObject\",\"inLanguage\":\"fr-FR\",\"@id\":\"https:\\\/\\\/www.info-algerie.com\\\/actualites\\\/#\\\/schema\\\/logo\\\/image\\\/\",\"url\":\"https:\\\/\\\/www.info-algerie.com\\\/actualites\\\/wp-content\\\/uploads\\\/2022\\\/07\\\/logo-ia-120.png\",\"contentUrl\":\"https:\\\/\\\/www.info-algerie.com\\\/actualites\\\/wp-content\\\/uploads\\\/2022\\\/07\\\/logo-ia-120.png\",\"width\":120,\"height\":43,\"caption\":\"info algerie\"},\"image\":{\"@id\":\"https:\\\/\\\/www.info-algerie.com\\\/actualites\\\/#\\\/schema\\\/logo\\\/image\\\/\"},\"sameAs\":[\"https:\\\/\\\/www.facebook.com\\\/infoalgerieactu\",\"https:\\\/\\\/x.com\\\/infoalgerie1\"]},{\"@type\":\"Person\",\"@id\":\"https:\\\/\\\/www.info-algerie.com\\\/actualites\\\/#\\\/schema\\\/person\\\/847aaec44920825b843a08f30ec6aa1e\",\"name\":\"La r\u00e9daction\",\"image\":{\"@type\":\"ImageObject\",\"inLanguage\":\"fr-FR\",\"@id\":\"https:\\\/\\\/secure.gravatar.com\\\/avatar\\\/769db425c6f465158149f1ffd6cf61ce7a8a879d11dfbef8288af36dfddd418c?s=96&d=mm&r=g\",\"url\":\"https:\\\/\\\/secure.gravatar.com\\\/avatar\\\/769db425c6f465158149f1ffd6cf61ce7a8a879d11dfbef8288af36dfddd418c?s=96&d=mm&r=g\",\"contentUrl\":\"https:\\\/\\\/secure.gravatar.com\\\/avatar\\\/769db425c6f465158149f1ffd6cf61ce7a8a879d11dfbef8288af36dfddd418c?s=96&d=mm&r=g\",\"caption\":\"La r\u00e9daction\"},\"sameAs\":[\"http:\\\/\\\/www.lkeria.com\\\/\"],\"url\":\"https:\\\/\\\/www.info-algerie.com\\\/actualites\\\/author\\\/chakib32\\\/\"}]}<\/script>\n<!-- \/ Yoast SEO plugin. -->","yoast_head_json":{"title":"APN: la commission de la Culture, de la Communication et du Tourisme arr\u00eate le calendrier de ses travaux - info algerie","robots":{"index":"index","follow":"follow","max-snippet":"max-snippet:-1","max-image-preview":"max-image-preview:large","max-video-preview":"max-video-preview:-1"},"canonical":"https:\/\/www.info-algerie.com\/actualites\/apn-la-commission-de-la-culture-de-la-communication-et-du-tourisme-arrete-le-calendrier-de-ses-travaux\/","og_locale":"fr_FR","og_type":"article","og_title":"APN: la commission de la Culture, de la Communication et du Tourisme arr\u00eate le calendrier de ses travaux - info algerie","og_description":"\u00a0ALGER- La Commission de la Culture, de la Communication et du Tourisme, pr\u00e9sid\u00e9e par Lakhdar Nadri, a tenu jeudi une r\u00e9union pour arr\u00eater le calendrier de ses travaux durant les jours \u00e0 venir, a indiqu\u00e9 un communiqu\u00e9 de l&rsquo;Assembl\u00e9e populaire nationale (APN). &#013; &#013; Les membres de la commission ont convenu de programmer des rencontres","og_url":"https:\/\/www.info-algerie.com\/actualites\/apn-la-commission-de-la-culture-de-la-communication-et-du-tourisme-arrete-le-calendrier-de-ses-travaux\/","og_site_name":"info algerie","article_publisher":"https:\/\/www.facebook.com\/infoalgerieactu","article_published_time":"2017-09-22T13:47:16+00:00","author":"La r\u00e9daction","twitter_misc":{"\u00c9crit par":"La r\u00e9daction","Dur\u00e9e de lecture estim\u00e9e":"1 minute"},"schema":{"@context":"https:\/\/schema.org","@graph":[{"@type":"Article","@id":"https:\/\/www.info-algerie.com\/actualites\/apn-la-commission-de-la-culture-de-la-communication-et-du-tourisme-arrete-le-calendrier-de-ses-travaux\/#article","isPartOf":{"@id":"https:\/\/www.info-algerie.com\/actualites\/apn-la-commission-de-la-culture-de-la-communication-et-du-tourisme-arrete-le-calendrier-de-ses-travaux\/"},"author":{"name":"La r\u00e9daction","@id":"https:\/\/www.info-algerie.com\/actualites\/#\/schema\/person\/847aaec44920825b843a08f30ec6aa1e"},"headline":"APN: la commission de la Culture, de la Communication et du Tourisme arr\u00eate le calendrier de ses travaux","datePublished":"2017-09-22T13:47:16+00:00","mainEntityOfPage":{"@id":"https:\/\/www.info-algerie.com\/actualites\/apn-la-commission-de-la-culture-de-la-communication-et-du-tourisme-arrete-le-calendrier-de-ses-travaux\/"},"wordCount":201,"commentCount":0,"publisher":{"@id":"https:\/\/www.info-algerie.com\/actualites\/#organization"},"keywords":["ONU"],"articleSection":["infos"],"inLanguage":"fr-FR","potentialAction":[{"@type":"CommentAction","name":"Comment","target":["https:\/\/www.info-algerie.com\/actualites\/apn-la-commission-de-la-culture-de-la-communication-et-du-tourisme-arrete-le-calendrier-de-ses-travaux\/#respond"]}]},{"@type":"WebPage","@id":"https:\/\/www.info-algerie.com\/actualites\/apn-la-commission-de-la-culture-de-la-communication-et-du-tourisme-arrete-le-calendrier-de-ses-travaux\/","url":"https:\/\/www.info-algerie.com\/actualites\/apn-la-commission-de-la-culture-de-la-communication-et-du-tourisme-arrete-le-calendrier-de-ses-travaux\/","name":"APN: la commission de la Culture, de la Communication et du Tourisme arr\u00eate le calendrier de ses travaux - info algerie","isPartOf":{"@id":"https:\/\/www.info-algerie.com\/actualites\/#website"},"datePublished":"2017-09-22T13:47:16+00:00","breadcrumb":{"@id":"https:\/\/www.info-algerie.com\/actualites\/apn-la-commission-de-la-culture-de-la-communication-et-du-tourisme-arrete-le-calendrier-de-ses-travaux\/#breadcrumb"},"inLanguage":"fr-FR","potentialAction":[{"@type":"ReadAction","target":["https:\/\/www.info-algerie.com\/actualites\/apn-la-commission-de-la-culture-de-la-communication-et-du-tourisme-arrete-le-calendrier-de-ses-travaux\/"]}]},{"@type":"BreadcrumbList","@id":"https:\/\/www.info-algerie.com\/actualites\/apn-la-commission-de-la-culture-de-la-communication-et-du-tourisme-arrete-le-calendrier-de-ses-travaux\/#breadcrumb","itemListElement":[{"@type":"ListItem","position":1,"name":"Accueil","item":"https:\/\/www.info-algerie.com\/actualites\/"},{"@type":"ListItem","position":2,"name":"APN: la commission de la Culture, de la Communication et du Tourisme arr\u00eate le calendrier de ses travaux"}]},{"@type":"WebSite","@id":"https:\/\/www.info-algerie.com\/actualites\/#website","url":"https:\/\/www.info-algerie.com\/actualites\/","name":"info algerie","description":"Toutes les actualit\u00e9s","publisher":{"@id":"https:\/\/www.info-algerie.com\/actualites\/#organization"},"potentialAction":[{"@type":"SearchAction","target":{"@type":"EntryPoint","urlTemplate":"https:\/\/www.info-algerie.com\/actualites\/?s={search_term_string}"},"query-input":{"@type":"PropertyValueSpecification","valueRequired":true,"valueName":"search_term_string"}}],"inLanguage":"fr-FR"},{"@type":"Organization","@id":"https:\/\/www.info-algerie.com\/actualites\/#organization","name":"info algerie","url":"https:\/\/www.info-algerie.com\/actualites\/","logo":{"@type":"ImageObject","inLanguage":"fr-FR","@id":"https:\/\/www.info-algerie.com\/actualites\/#\/schema\/logo\/image\/","url":"https:\/\/www.info-algerie.com\/actualites\/wp-content\/uploads\/2022\/07\/logo-ia-120.png","contentUrl":"https:\/\/www.info-algerie.com\/actualites\/wp-content\/uploads\/2022\/07\/logo-ia-120.png","width":120,"height":43,"caption":"info algerie"},"image":{"@id":"https:\/\/www.info-algerie.com\/actualites\/#\/schema\/logo\/image\/"},"sameAs":["https:\/\/www.facebook.com\/infoalgerieactu","https:\/\/x.com\/infoalgerie1"]},{"@type":"Person","@id":"https:\/\/www.info-algerie.com\/actualites\/#\/schema\/person\/847aaec44920825b843a08f30ec6aa1e","name":"La r\u00e9daction","image":{"@type":"ImageObject","inLanguage":"fr-FR","@id":"https:\/\/secure.gravatar.com\/avatar\/769db425c6f465158149f1ffd6cf61ce7a8a879d11dfbef8288af36dfddd418c?s=96&d=mm&r=g","url":"https:\/\/secure.gravatar.com\/avatar\/769db425c6f465158149f1ffd6cf61ce7a8a879d11dfbef8288af36dfddd418c?s=96&d=mm&r=g","contentUrl":"https:\/\/secure.gravatar.com\/avatar\/769db425c6f465158149f1ffd6cf61ce7a8a879d11dfbef8288af36dfddd418c?s=96&d=mm&r=g","caption":"La r\u00e9daction"},"sameAs":["http:\/\/www.lkeria.com\/"],"url":"https:\/\/www.info-algerie.com\/actualites\/author\/chakib32\/"}]}},"_links":{"self":[{"href":"https:\/\/www.info-algerie.com\/actualites\/wp-json\/wp\/v2\/posts\/16190","targetHints":{"allow":["GET"]}}],"collection":[{"href":"https:\/\/www.info-algerie.com\/actualites\/wp-json\/wp\/v2\/posts"}],"about":[{"href":"https:\/\/www.info-algerie.com\/actualites\/wp-json\/wp\/v2\/types\/post"}],"author":[{"embeddable":true,"href":"https:\/\/www.info-algerie.com\/actualites\/wp-json\/wp\/v2\/users\/6"}],"replies":[{"embeddable":true,"href":"https:\/\/www.info-algerie.com\/actualites\/wp-json\/wp\/v2\/comments?post=16190"}],"version-history":[{"count":0,"href":"https:\/\/www.info-algerie.com\/actualites\/wp-json\/wp\/v2\/posts\/16190\/revisions"}],"wp:attachment":[{"href":"https:\/\/www.info-algerie.com\/actualites\/wp-json\/wp\/v2\/media?parent=16190"}],"wp:term":[{"taxonomy":"category","embeddable":true,"href":"https:\/\/www.info-algerie.com\/actualites\/wp-json\/wp\/v2\/categories?post=16190"},{"taxonomy":"post_tag","embeddable":true,"href":"https:\/\/www.info-algerie.com\/actualites\/wp-json\/wp\/v2\/tags?post=16190"}],"curies":[{"name":"wp","href":"https:\/\/api.w.org\/{rel}","templated":true}]}}