{"id":16204,"date":"2017-09-22T19:34:33","date_gmt":"2017-09-22T18:34:33","guid":{"rendered":"http:\/\/www.info-algerie.com\/actualites\/g77chine-messahel-participe-a-new-york-a-la-celebration-du-50e-anniversaire-de-la-charte-dalger\/"},"modified":"2017-09-22T19:34:33","modified_gmt":"2017-09-22T18:34:33","slug":"g77chine-messahel-participe-a-new-york-a-la-celebration-du-50e-anniversaire-de-la-charte-dalger","status":"publish","type":"post","link":"https:\/\/www.info-algerie.com\/actualites\/g77chine-messahel-participe-a-new-york-a-la-celebration-du-50e-anniversaire-de-la-charte-dalger\/","title":{"rendered":"G77+Chine: Messahel participe \u00e0 New-York \u00e0 la c\u00e9l\u00e9bration du 50\u00e8 anniversaire de la Charte d\u2019Alger"},"content":{"rendered":"<div class=\"K2FeedImage\"><img decoding=\"async\" src=\"https:\/\/www.info-algerie.com\/actualites\/wp-content\/uploads\/2017\/09\/3a9638b638d2ac673a0c16a95911c1ec_S.jpg\" alt=\"G77+Chine: Messahel participe &#xE0; New-York &#xE0; la c&#xE9;l&#xE9;bration du 50&#xE8; anniversaire de la Charte d&#x2019;Alger\" \/><\/div>\n<div class=\"K2FeedIntroText\">\n<p class=\"MsoNoSpacing\">NEW YORK- Le ministre des Affaires \u00e9trang\u00e8res, Abdelkader Messahel, a pris part vendredi \u00e0 New York, \u00e0 la 41\u00e8me r\u00e9union des ministres des Affaires \u00e9trang\u00e8res du Groupe des 77 + Chine, consacr\u00e9e \u00e0 la c\u00e9l\u00e9bration du 50\u00e8me anniversaire de la Charte d\u2019Alger, et plac\u00e9e sous le th\u00e8me \u00ab\u00a0R\u00f4le du Groupe des 77 dans la mise en oeuvre de l\u2019Agenda 2030 pour le d\u00e9veloppement\u00a0\u00bb.<\/p>\n<p>&#013;\n<\/p><\/div>\n<div class=\"K2FeedFullText\">&#013;<\/p>\n<p class=\"MsoNoSpacing\">Dans son intervention lors de cette r\u00e9union, tenue en marge des travaux de la 72\u00e8me session de l\u2019Assembl\u00e9e G\u00e9n\u00e9rale de l\u2019ONU, M. Messahel, s&rsquo;est d&rsquo;abord f\u00e9licit\u00e9 du choix du th\u00e8me de la r\u00e9union puis rappel\u00e9 la rencontre minist\u00e9rielle du Groupe, tenue il y a cinquante ann\u00e9es \u00e0 Alger, le 10\u00a0 octobre 1967, sous la pr\u00e9sidence du Pr\u00e9sident de la R\u00e9publique, Abdelaziz Bouteflika, alors ministre des Affaires \u00e9trang\u00e8res.<\/p>\n<p>&#013;<\/p>\n<p class=\"MsoNoSpacing\">\u00ab\u00a0D\u00e8s le d\u00e9but des travaux, le pr\u00e9sident Bouteflika donna une orientation pr\u00e9cise au d\u00e9bat\u00a0\u00bb, a soulign\u00e9 le chef de la diplomatie alg\u00e9rienne, soutenant que la r\u00e9union \u00ab\u00a0doit aboutir \u00e0 une charte des droits \u00e9conomiques des pays du tiers monde\u00a0\u00bb.<\/p>\n<p>&#013;<\/p>\n<p class=\"MsoNoSpacing\">Il a ajout\u00e9 que cette Charte \u00ab\u00a0a pu au fil des ann\u00e9es \u00e9riger le G77 en pr\u00e9curseur d\u2019un nouvel ordre \u00e9conomique international juste et \u00e9quitable, porteur d\u2019un multilat\u00e9ralisme novateur et renouvel\u00e9 et permis d\u2019\u00e9difier des projets avant-gardistes pour le d\u00e9veloppement et le bien-\u00eatre de tous, dont<\/p>\n<p>&#013;<\/p>\n<p class=\"MsoNoSpacing\">la finalit\u00e9 est de servir d\u2019appui aux efforts des pays en d\u00e9veloppement pour leur qu\u00eate d\u2019une \u00e9mancipation et d\u2019une int\u00e9gration dans l\u2019\u00e9conomie mondiale\u00a0\u00bb.<\/p>\n<p>&#013;<\/p>\n<p class=\"MsoNoSpacing\">Abordant les objectifs et le r\u00f4le jou\u00e9 par le G77, il a indiqu\u00e9 que ce Groupe, qui constitue un \u00ab\u00a0m\u00e9canisme strat\u00e9gique de solidarit\u00e9 et de renforcement de l\u2019autonomie collective des pays du Sud, a pu s\u2019imposer, non seulement comme une composante importante de la coop\u00e9ration Sud-Sud, mais<\/p>\n<p>&#013;<\/p>\n<p class=\"MsoNoSpacing\">aussi comme le porte-\u00e9tendard des aspirations et revendications de nos populations dans les n\u00e9gociations sur les grandes questions \u00e9conomiques internationales\u00a0\u00bb.<\/p>\n<p>&#013;<\/p>\n<p class=\"MsoNoSpacing\">Tout en relevant la \u00ab\u00a0pertinence\u00a0\u00bb de la Charte d\u2019Alger qui repr\u00e9sente la \u00ab\u00a0premi\u00e8re plateforme globale d\u2019action\u00a0\u00bb de notre groupe, M. Messahel a consid\u00e9r\u00e9 que \u00ab\u00a0les principes fondateurs du G77 et les objectifs qu\u2019il s\u2019\u00e9tait fix\u00e9s d\u00e8s sa cr\u00e9ation demeurent, plus que jamais, d\u2019actualit\u00e9 malgr\u00e9 les mutations profondes intervenues sur la sc\u00e8ne internationale\u00a0\u00bb.<\/p>\n<p>&#013;<\/p>\n<p class=\"MsoNoSpacing\">Evoquant ces mutations, il a relev\u00e9 que ce cinquanti\u00e8me anniversaire intervient dans un contexte politique et \u00e9conomique international \u00ab\u00a0difficile\u00a0\u00bb, \u00e0 l\u2019origine de \u00ab\u00a0l\u2019exacerbation des in\u00e9galit\u00e9s cr\u00e9\u00e9es par une mondialisation pas souvent heureuse\u00a0\u00bb.<\/p>\n<p>&#013;<\/p>\n<p class=\"MsoNoSpacing\">Concernant l\u2019Agenda 2063, le ministre a estim\u00e9 que ses 17 objectifs, ainsi que le programme d\u2019action d\u2019Addis-Abeba sur le financement du d\u00e9veloppement, constituent \u00ab\u00a0un espoir renouvel\u00e9 pour la r\u00e9sorption des in\u00e9galit\u00e9s entre le Nord et le Sud, l\u2019\u00e9radication de la pauvret\u00e9 et pour le\u00a0 d\u00e9veloppement durable inclusif\u00a0\u00bb.<\/p>\n<p>&#013;<\/p>\n<p>\u00ab\u00a0C&rsquo;est pourquoi, nous devons poursuivre nos efforts pour am\u00e9liorer la gouvernance \u00e9conomique mondiale et r\u00e9former l\u2019architecture du syst\u00e8me financier international\u00a0\u00bb, a-t-il ajout\u00e9 avant de r\u00e9it\u00e9rer \u00ab\u00a0la pleine disponibilit\u00e9 de l\u2019Alg\u00e9rie, dont la conviction et l&rsquo;attachement aux id\u00e9aux du G77+Chine demeurent intacts, \u00e0 apporter sa contribution en faveur d\u2019une consolidation du Groupe et du renforcement de son action\u00a0\u00bb.<\/p>\n<\/div>\n<p>&#013;<br \/>\nSource: <a href=\"http:\/\/www.aps.dz\/algerie\/63129-g77-chine-messahel-participe-a-new-york-a-la-celebration-du-50e-anniversaire-de-la-charte-d-alger\" target=\"_blank\">G77+Chine: Messahel participe \u00e0 New-York \u00e0 la c\u00e9l\u00e9bration du 50\u00e8 anniversaire de la Charte d\u2019Alger<\/a><\/p>\n<!--CusAds0-->\n<div style=\"font-size: 0px; height: 0px; line-height: 0px; margin: 0; padding: 0; clear: both;\"><\/div>","protected":false},"excerpt":{"rendered":"<p>NEW YORK- Le ministre des Affaires \u00e9trang\u00e8res, Abdelkader Messahel, a pris part vendredi \u00e0 New York, \u00e0 la 41\u00e8me r\u00e9union des ministres des Affaires \u00e9trang\u00e8res du Groupe des 77 + Chine, consacr\u00e9e \u00e0 la c\u00e9l\u00e9bration du 50\u00e8me anniversaire de la Charte d\u2019Alger, et plac\u00e9e sous le th\u00e8me \u00ab\u00a0R\u00f4le du Groupe des 77 dans la mise<\/p>\n","protected":false},"author":6,"featured_media":16205,"comment_status":"open","ping_status":"open","sticky":false,"template":"","format":"standard","meta":{"footnotes":""},"categories":[22],"tags":[93],"class_list":["post-16204","post","type-post","status-publish","format-standard","has-post-thumbnail","hentry","category-infos","tag-onu"],"yoast_head":"<!-- This site is optimized with the Yoast SEO plugin v27.5 - https:\/\/yoast.com\/product\/yoast-seo-wordpress\/ -->\n<title>G77+Chine: Messahel participe \u00e0 New-York \u00e0 la c\u00e9l\u00e9bration du 50\u00e8 anniversaire de la Charte d\u2019Alger - info algerie<\/title>\n<meta name=\"robots\" content=\"index, follow, max-snippet:-1, max-image-preview:large, max-video-preview:-1\" \/>\n<link rel=\"canonical\" href=\"https:\/\/www.info-algerie.com\/actualites\/g77chine-messahel-participe-a-new-york-a-la-celebration-du-50e-anniversaire-de-la-charte-dalger\/\" \/>\n<meta property=\"og:locale\" content=\"fr_FR\" \/>\n<meta property=\"og:type\" content=\"article\" \/>\n<meta property=\"og:title\" content=\"G77+Chine: Messahel participe \u00e0 New-York \u00e0 la c\u00e9l\u00e9bration du 50\u00e8 anniversaire de la Charte d\u2019Alger - info algerie\" \/>\n<meta property=\"og:description\" content=\"NEW YORK- Le ministre des Affaires \u00e9trang\u00e8res, Abdelkader Messahel, a pris part vendredi \u00e0 New York, \u00e0 la 41\u00e8me r\u00e9union des ministres des Affaires \u00e9trang\u00e8res du Groupe des 77 + Chine, consacr\u00e9e \u00e0 la c\u00e9l\u00e9bration du 50\u00e8me anniversaire de la Charte d\u2019Alger, et plac\u00e9e sous le th\u00e8me \u00ab\u00a0R\u00f4le du Groupe des 77 dans la mise\" \/>\n<meta property=\"og:url\" content=\"https:\/\/www.info-algerie.com\/actualites\/g77chine-messahel-participe-a-new-york-a-la-celebration-du-50e-anniversaire-de-la-charte-dalger\/\" \/>\n<meta property=\"og:site_name\" content=\"info algerie\" \/>\n<meta property=\"article:publisher\" content=\"https:\/\/www.facebook.com\/infoalgerieactu\" \/>\n<meta property=\"article:published_time\" content=\"2017-09-22T18:34:33+00:00\" \/>\n<meta property=\"og:image\" content=\"https:\/\/www.info-algerie.com\/actualites\/wp-content\/uploads\/2017\/09\/3a9638b638d2ac673a0c16a95911c1ec_S-1.jpg\" \/>\n\t<meta property=\"og:image:width\" content=\"280\" \/>\n\t<meta property=\"og:image:height\" content=\"158\" \/>\n\t<meta property=\"og:image:type\" content=\"image\/jpeg\" \/>\n<meta name=\"author\" content=\"La r\u00e9daction\" \/>\n<meta name=\"twitter:label1\" content=\"\u00c9crit par\" \/>\n\t<meta name=\"twitter:data1\" content=\"La r\u00e9daction\" \/>\n\t<meta name=\"twitter:label2\" content=\"Dur\u00e9e de lecture estim\u00e9e\" \/>\n\t<meta name=\"twitter:data2\" content=\"3 minutes\" \/>\n<script type=\"application\/ld+json\" class=\"yoast-schema-graph\">{\"@context\":\"https:\\\/\\\/schema.org\",\"@graph\":[{\"@type\":\"Article\",\"@id\":\"https:\\\/\\\/www.info-algerie.com\\\/actualites\\\/g77chine-messahel-participe-a-new-york-a-la-celebration-du-50e-anniversaire-de-la-charte-dalger\\\/#article\",\"isPartOf\":{\"@id\":\"https:\\\/\\\/www.info-algerie.com\\\/actualites\\\/g77chine-messahel-participe-a-new-york-a-la-celebration-du-50e-anniversaire-de-la-charte-dalger\\\/\"},\"author\":{\"name\":\"La r\u00e9daction\",\"@id\":\"https:\\\/\\\/www.info-algerie.com\\\/actualites\\\/#\\\/schema\\\/person\\\/847aaec44920825b843a08f30ec6aa1e\"},\"headline\":\"G77+Chine: Messahel participe \u00e0 New-York \u00e0 la c\u00e9l\u00e9bration du 50\u00e8 anniversaire de la Charte d\u2019Alger\",\"datePublished\":\"2017-09-22T18:34:33+00:00\",\"mainEntityOfPage\":{\"@id\":\"https:\\\/\\\/www.info-algerie.com\\\/actualites\\\/g77chine-messahel-participe-a-new-york-a-la-celebration-du-50e-anniversaire-de-la-charte-dalger\\\/\"},\"wordCount\":610,\"commentCount\":0,\"publisher\":{\"@id\":\"https:\\\/\\\/www.info-algerie.com\\\/actualites\\\/#organization\"},\"image\":{\"@id\":\"https:\\\/\\\/www.info-algerie.com\\\/actualites\\\/g77chine-messahel-participe-a-new-york-a-la-celebration-du-50e-anniversaire-de-la-charte-dalger\\\/#primaryimage\"},\"thumbnailUrl\":\"https:\\\/\\\/www.info-algerie.com\\\/actualites\\\/wp-content\\\/uploads\\\/2017\\\/09\\\/3a9638b638d2ac673a0c16a95911c1ec_S-1.jpg\",\"keywords\":[\"ONU\"],\"articleSection\":[\"infos\"],\"inLanguage\":\"fr-FR\",\"potentialAction\":[{\"@type\":\"CommentAction\",\"name\":\"Comment\",\"target\":[\"https:\\\/\\\/www.info-algerie.com\\\/actualites\\\/g77chine-messahel-participe-a-new-york-a-la-celebration-du-50e-anniversaire-de-la-charte-dalger\\\/#respond\"]}]},{\"@type\":\"WebPage\",\"@id\":\"https:\\\/\\\/www.info-algerie.com\\\/actualites\\\/g77chine-messahel-participe-a-new-york-a-la-celebration-du-50e-anniversaire-de-la-charte-dalger\\\/\",\"url\":\"https:\\\/\\\/www.info-algerie.com\\\/actualites\\\/g77chine-messahel-participe-a-new-york-a-la-celebration-du-50e-anniversaire-de-la-charte-dalger\\\/\",\"name\":\"G77+Chine: Messahel participe \u00e0 New-York \u00e0 la c\u00e9l\u00e9bration du 50\u00e8 anniversaire de la Charte d\u2019Alger - info algerie\",\"isPartOf\":{\"@id\":\"https:\\\/\\\/www.info-algerie.com\\\/actualites\\\/#website\"},\"primaryImageOfPage\":{\"@id\":\"https:\\\/\\\/www.info-algerie.com\\\/actualites\\\/g77chine-messahel-participe-a-new-york-a-la-celebration-du-50e-anniversaire-de-la-charte-dalger\\\/#primaryimage\"},\"image\":{\"@id\":\"https:\\\/\\\/www.info-algerie.com\\\/actualites\\\/g77chine-messahel-participe-a-new-york-a-la-celebration-du-50e-anniversaire-de-la-charte-dalger\\\/#primaryimage\"},\"thumbnailUrl\":\"https:\\\/\\\/www.info-algerie.com\\\/actualites\\\/wp-content\\\/uploads\\\/2017\\\/09\\\/3a9638b638d2ac673a0c16a95911c1ec_S-1.jpg\",\"datePublished\":\"2017-09-22T18:34:33+00:00\",\"breadcrumb\":{\"@id\":\"https:\\\/\\\/www.info-algerie.com\\\/actualites\\\/g77chine-messahel-participe-a-new-york-a-la-celebration-du-50e-anniversaire-de-la-charte-dalger\\\/#breadcrumb\"},\"inLanguage\":\"fr-FR\",\"potentialAction\":[{\"@type\":\"ReadAction\",\"target\":[\"https:\\\/\\\/www.info-algerie.com\\\/actualites\\\/g77chine-messahel-participe-a-new-york-a-la-celebration-du-50e-anniversaire-de-la-charte-dalger\\\/\"]}]},{\"@type\":\"ImageObject\",\"inLanguage\":\"fr-FR\",\"@id\":\"https:\\\/\\\/www.info-algerie.com\\\/actualites\\\/g77chine-messahel-participe-a-new-york-a-la-celebration-du-50e-anniversaire-de-la-charte-dalger\\\/#primaryimage\",\"url\":\"https:\\\/\\\/www.info-algerie.com\\\/actualites\\\/wp-content\\\/uploads\\\/2017\\\/09\\\/3a9638b638d2ac673a0c16a95911c1ec_S-1.jpg\",\"contentUrl\":\"https:\\\/\\\/www.info-algerie.com\\\/actualites\\\/wp-content\\\/uploads\\\/2017\\\/09\\\/3a9638b638d2ac673a0c16a95911c1ec_S-1.jpg\",\"width\":280,\"height\":158},{\"@type\":\"BreadcrumbList\",\"@id\":\"https:\\\/\\\/www.info-algerie.com\\\/actualites\\\/g77chine-messahel-participe-a-new-york-a-la-celebration-du-50e-anniversaire-de-la-charte-dalger\\\/#breadcrumb\",\"itemListElement\":[{\"@type\":\"ListItem\",\"position\":1,\"name\":\"Accueil\",\"item\":\"https:\\\/\\\/www.info-algerie.com\\\/actualites\\\/\"},{\"@type\":\"ListItem\",\"position\":2,\"name\":\"G77+Chine: Messahel participe \u00e0 New-York \u00e0 la c\u00e9l\u00e9bration du 50\u00e8 anniversaire de la Charte d\u2019Alger\"}]},{\"@type\":\"WebSite\",\"@id\":\"https:\\\/\\\/www.info-algerie.com\\\/actualites\\\/#website\",\"url\":\"https:\\\/\\\/www.info-algerie.com\\\/actualites\\\/\",\"name\":\"info algerie\",\"description\":\"Toutes les actualit\u00e9s\",\"publisher\":{\"@id\":\"https:\\\/\\\/www.info-algerie.com\\\/actualites\\\/#organization\"},\"potentialAction\":[{\"@type\":\"SearchAction\",\"target\":{\"@type\":\"EntryPoint\",\"urlTemplate\":\"https:\\\/\\\/www.info-algerie.com\\\/actualites\\\/?s={search_term_string}\"},\"query-input\":{\"@type\":\"PropertyValueSpecification\",\"valueRequired\":true,\"valueName\":\"search_term_string\"}}],\"inLanguage\":\"fr-FR\"},{\"@type\":\"Organization\",\"@id\":\"https:\\\/\\\/www.info-algerie.com\\\/actualites\\\/#organization\",\"name\":\"info algerie\",\"url\":\"https:\\\/\\\/www.info-algerie.com\\\/actualites\\\/\",\"logo\":{\"@type\":\"ImageObject\",\"inLanguage\":\"fr-FR\",\"@id\":\"https:\\\/\\\/www.info-algerie.com\\\/actualites\\\/#\\\/schema\\\/logo\\\/image\\\/\",\"url\":\"https:\\\/\\\/www.info-algerie.com\\\/actualites\\\/wp-content\\\/uploads\\\/2022\\\/07\\\/logo-ia-120.png\",\"contentUrl\":\"https:\\\/\\\/www.info-algerie.com\\\/actualites\\\/wp-content\\\/uploads\\\/2022\\\/07\\\/logo-ia-120.png\",\"width\":120,\"height\":43,\"caption\":\"info algerie\"},\"image\":{\"@id\":\"https:\\\/\\\/www.info-algerie.com\\\/actualites\\\/#\\\/schema\\\/logo\\\/image\\\/\"},\"sameAs\":[\"https:\\\/\\\/www.facebook.com\\\/infoalgerieactu\",\"https:\\\/\\\/x.com\\\/infoalgerie1\"]},{\"@type\":\"Person\",\"@id\":\"https:\\\/\\\/www.info-algerie.com\\\/actualites\\\/#\\\/schema\\\/person\\\/847aaec44920825b843a08f30ec6aa1e\",\"name\":\"La r\u00e9daction\",\"image\":{\"@type\":\"ImageObject\",\"inLanguage\":\"fr-FR\",\"@id\":\"https:\\\/\\\/secure.gravatar.com\\\/avatar\\\/769db425c6f465158149f1ffd6cf61ce7a8a879d11dfbef8288af36dfddd418c?s=96&d=mm&r=g\",\"url\":\"https:\\\/\\\/secure.gravatar.com\\\/avatar\\\/769db425c6f465158149f1ffd6cf61ce7a8a879d11dfbef8288af36dfddd418c?s=96&d=mm&r=g\",\"contentUrl\":\"https:\\\/\\\/secure.gravatar.com\\\/avatar\\\/769db425c6f465158149f1ffd6cf61ce7a8a879d11dfbef8288af36dfddd418c?s=96&d=mm&r=g\",\"caption\":\"La r\u00e9daction\"},\"sameAs\":[\"http:\\\/\\\/www.lkeria.com\\\/\"],\"url\":\"https:\\\/\\\/www.info-algerie.com\\\/actualites\\\/author\\\/chakib32\\\/\"}]}<\/script>\n<!-- \/ Yoast SEO plugin. -->","yoast_head_json":{"title":"G77+Chine: Messahel participe \u00e0 New-York \u00e0 la c\u00e9l\u00e9bration du 50\u00e8 anniversaire de la Charte d\u2019Alger - info algerie","robots":{"index":"index","follow":"follow","max-snippet":"max-snippet:-1","max-image-preview":"max-image-preview:large","max-video-preview":"max-video-preview:-1"},"canonical":"https:\/\/www.info-algerie.com\/actualites\/g77chine-messahel-participe-a-new-york-a-la-celebration-du-50e-anniversaire-de-la-charte-dalger\/","og_locale":"fr_FR","og_type":"article","og_title":"G77+Chine: Messahel participe \u00e0 New-York \u00e0 la c\u00e9l\u00e9bration du 50\u00e8 anniversaire de la Charte d\u2019Alger - info algerie","og_description":"NEW YORK- Le ministre des Affaires \u00e9trang\u00e8res, Abdelkader Messahel, a pris part vendredi \u00e0 New York, \u00e0 la 41\u00e8me r\u00e9union des ministres des Affaires \u00e9trang\u00e8res du Groupe des 77 + Chine, consacr\u00e9e \u00e0 la c\u00e9l\u00e9bration du 50\u00e8me anniversaire de la Charte d\u2019Alger, et plac\u00e9e sous le th\u00e8me \u00ab\u00a0R\u00f4le du Groupe des 77 dans la mise","og_url":"https:\/\/www.info-algerie.com\/actualites\/g77chine-messahel-participe-a-new-york-a-la-celebration-du-50e-anniversaire-de-la-charte-dalger\/","og_site_name":"info algerie","article_publisher":"https:\/\/www.facebook.com\/infoalgerieactu","article_published_time":"2017-09-22T18:34:33+00:00","og_image":[{"width":280,"height":158,"url":"https:\/\/www.info-algerie.com\/actualites\/wp-content\/uploads\/2017\/09\/3a9638b638d2ac673a0c16a95911c1ec_S-1.jpg","type":"image\/jpeg"}],"author":"La r\u00e9daction","twitter_misc":{"\u00c9crit par":"La r\u00e9daction","Dur\u00e9e de lecture estim\u00e9e":"3 minutes"},"schema":{"@context":"https:\/\/schema.org","@graph":[{"@type":"Article","@id":"https:\/\/www.info-algerie.com\/actualites\/g77chine-messahel-participe-a-new-york-a-la-celebration-du-50e-anniversaire-de-la-charte-dalger\/#article","isPartOf":{"@id":"https:\/\/www.info-algerie.com\/actualites\/g77chine-messahel-participe-a-new-york-a-la-celebration-du-50e-anniversaire-de-la-charte-dalger\/"},"author":{"name":"La r\u00e9daction","@id":"https:\/\/www.info-algerie.com\/actualites\/#\/schema\/person\/847aaec44920825b843a08f30ec6aa1e"},"headline":"G77+Chine: Messahel participe \u00e0 New-York \u00e0 la c\u00e9l\u00e9bration du 50\u00e8 anniversaire de la Charte d\u2019Alger","datePublished":"2017-09-22T18:34:33+00:00","mainEntityOfPage":{"@id":"https:\/\/www.info-algerie.com\/actualites\/g77chine-messahel-participe-a-new-york-a-la-celebration-du-50e-anniversaire-de-la-charte-dalger\/"},"wordCount":610,"commentCount":0,"publisher":{"@id":"https:\/\/www.info-algerie.com\/actualites\/#organization"},"image":{"@id":"https:\/\/www.info-algerie.com\/actualites\/g77chine-messahel-participe-a-new-york-a-la-celebration-du-50e-anniversaire-de-la-charte-dalger\/#primaryimage"},"thumbnailUrl":"https:\/\/www.info-algerie.com\/actualites\/wp-content\/uploads\/2017\/09\/3a9638b638d2ac673a0c16a95911c1ec_S-1.jpg","keywords":["ONU"],"articleSection":["infos"],"inLanguage":"fr-FR","potentialAction":[{"@type":"CommentAction","name":"Comment","target":["https:\/\/www.info-algerie.com\/actualites\/g77chine-messahel-participe-a-new-york-a-la-celebration-du-50e-anniversaire-de-la-charte-dalger\/#respond"]}]},{"@type":"WebPage","@id":"https:\/\/www.info-algerie.com\/actualites\/g77chine-messahel-participe-a-new-york-a-la-celebration-du-50e-anniversaire-de-la-charte-dalger\/","url":"https:\/\/www.info-algerie.com\/actualites\/g77chine-messahel-participe-a-new-york-a-la-celebration-du-50e-anniversaire-de-la-charte-dalger\/","name":"G77+Chine: Messahel participe \u00e0 New-York \u00e0 la c\u00e9l\u00e9bration du 50\u00e8 anniversaire de la Charte d\u2019Alger - info algerie","isPartOf":{"@id":"https:\/\/www.info-algerie.com\/actualites\/#website"},"primaryImageOfPage":{"@id":"https:\/\/www.info-algerie.com\/actualites\/g77chine-messahel-participe-a-new-york-a-la-celebration-du-50e-anniversaire-de-la-charte-dalger\/#primaryimage"},"image":{"@id":"https:\/\/www.info-algerie.com\/actualites\/g77chine-messahel-participe-a-new-york-a-la-celebration-du-50e-anniversaire-de-la-charte-dalger\/#primaryimage"},"thumbnailUrl":"https:\/\/www.info-algerie.com\/actualites\/wp-content\/uploads\/2017\/09\/3a9638b638d2ac673a0c16a95911c1ec_S-1.jpg","datePublished":"2017-09-22T18:34:33+00:00","breadcrumb":{"@id":"https:\/\/www.info-algerie.com\/actualites\/g77chine-messahel-participe-a-new-york-a-la-celebration-du-50e-anniversaire-de-la-charte-dalger\/#breadcrumb"},"inLanguage":"fr-FR","potentialAction":[{"@type":"ReadAction","target":["https:\/\/www.info-algerie.com\/actualites\/g77chine-messahel-participe-a-new-york-a-la-celebration-du-50e-anniversaire-de-la-charte-dalger\/"]}]},{"@type":"ImageObject","inLanguage":"fr-FR","@id":"https:\/\/www.info-algerie.com\/actualites\/g77chine-messahel-participe-a-new-york-a-la-celebration-du-50e-anniversaire-de-la-charte-dalger\/#primaryimage","url":"https:\/\/www.info-algerie.com\/actualites\/wp-content\/uploads\/2017\/09\/3a9638b638d2ac673a0c16a95911c1ec_S-1.jpg","contentUrl":"https:\/\/www.info-algerie.com\/actualites\/wp-content\/uploads\/2017\/09\/3a9638b638d2ac673a0c16a95911c1ec_S-1.jpg","width":280,"height":158},{"@type":"BreadcrumbList","@id":"https:\/\/www.info-algerie.com\/actualites\/g77chine-messahel-participe-a-new-york-a-la-celebration-du-50e-anniversaire-de-la-charte-dalger\/#breadcrumb","itemListElement":[{"@type":"ListItem","position":1,"name":"Accueil","item":"https:\/\/www.info-algerie.com\/actualites\/"},{"@type":"ListItem","position":2,"name":"G77+Chine: Messahel participe \u00e0 New-York \u00e0 la c\u00e9l\u00e9bration du 50\u00e8 anniversaire de la Charte d\u2019Alger"}]},{"@type":"WebSite","@id":"https:\/\/www.info-algerie.com\/actualites\/#website","url":"https:\/\/www.info-algerie.com\/actualites\/","name":"info algerie","description":"Toutes les actualit\u00e9s","publisher":{"@id":"https:\/\/www.info-algerie.com\/actualites\/#organization"},"potentialAction":[{"@type":"SearchAction","target":{"@type":"EntryPoint","urlTemplate":"https:\/\/www.info-algerie.com\/actualites\/?s={search_term_string}"},"query-input":{"@type":"PropertyValueSpecification","valueRequired":true,"valueName":"search_term_string"}}],"inLanguage":"fr-FR"},{"@type":"Organization","@id":"https:\/\/www.info-algerie.com\/actualites\/#organization","name":"info algerie","url":"https:\/\/www.info-algerie.com\/actualites\/","logo":{"@type":"ImageObject","inLanguage":"fr-FR","@id":"https:\/\/www.info-algerie.com\/actualites\/#\/schema\/logo\/image\/","url":"https:\/\/www.info-algerie.com\/actualites\/wp-content\/uploads\/2022\/07\/logo-ia-120.png","contentUrl":"https:\/\/www.info-algerie.com\/actualites\/wp-content\/uploads\/2022\/07\/logo-ia-120.png","width":120,"height":43,"caption":"info algerie"},"image":{"@id":"https:\/\/www.info-algerie.com\/actualites\/#\/schema\/logo\/image\/"},"sameAs":["https:\/\/www.facebook.com\/infoalgerieactu","https:\/\/x.com\/infoalgerie1"]},{"@type":"Person","@id":"https:\/\/www.info-algerie.com\/actualites\/#\/schema\/person\/847aaec44920825b843a08f30ec6aa1e","name":"La r\u00e9daction","image":{"@type":"ImageObject","inLanguage":"fr-FR","@id":"https:\/\/secure.gravatar.com\/avatar\/769db425c6f465158149f1ffd6cf61ce7a8a879d11dfbef8288af36dfddd418c?s=96&d=mm&r=g","url":"https:\/\/secure.gravatar.com\/avatar\/769db425c6f465158149f1ffd6cf61ce7a8a879d11dfbef8288af36dfddd418c?s=96&d=mm&r=g","contentUrl":"https:\/\/secure.gravatar.com\/avatar\/769db425c6f465158149f1ffd6cf61ce7a8a879d11dfbef8288af36dfddd418c?s=96&d=mm&r=g","caption":"La r\u00e9daction"},"sameAs":["http:\/\/www.lkeria.com\/"],"url":"https:\/\/www.info-algerie.com\/actualites\/author\/chakib32\/"}]}},"_links":{"self":[{"href":"https:\/\/www.info-algerie.com\/actualites\/wp-json\/wp\/v2\/posts\/16204","targetHints":{"allow":["GET"]}}],"collection":[{"href":"https:\/\/www.info-algerie.com\/actualites\/wp-json\/wp\/v2\/posts"}],"about":[{"href":"https:\/\/www.info-algerie.com\/actualites\/wp-json\/wp\/v2\/types\/post"}],"author":[{"embeddable":true,"href":"https:\/\/www.info-algerie.com\/actualites\/wp-json\/wp\/v2\/users\/6"}],"replies":[{"embeddable":true,"href":"https:\/\/www.info-algerie.com\/actualites\/wp-json\/wp\/v2\/comments?post=16204"}],"version-history":[{"count":0,"href":"https:\/\/www.info-algerie.com\/actualites\/wp-json\/wp\/v2\/posts\/16204\/revisions"}],"wp:featuredmedia":[{"embeddable":true,"href":"https:\/\/www.info-algerie.com\/actualites\/wp-json\/wp\/v2\/media\/16205"}],"wp:attachment":[{"href":"https:\/\/www.info-algerie.com\/actualites\/wp-json\/wp\/v2\/media?parent=16204"}],"wp:term":[{"taxonomy":"category","embeddable":true,"href":"https:\/\/www.info-algerie.com\/actualites\/wp-json\/wp\/v2\/categories?post=16204"},{"taxonomy":"post_tag","embeddable":true,"href":"https:\/\/www.info-algerie.com\/actualites\/wp-json\/wp\/v2\/tags?post=16204"}],"curies":[{"name":"wp","href":"https:\/\/api.w.org\/{rel}","templated":true}]}}