{"id":16213,"date":"2017-09-23T09:18:58","date_gmt":"2017-09-23T08:18:58","guid":{"rendered":"http:\/\/www.info-algerie.com\/actualites\/algerie-onu-messahel-sentretient-avec-antonio-guterres\/"},"modified":"2017-09-23T09:18:58","modified_gmt":"2017-09-23T08:18:58","slug":"algerie-onu-messahel-sentretient-avec-antonio-guterres","status":"publish","type":"post","link":"https:\/\/www.info-algerie.com\/actualites\/algerie-onu-messahel-sentretient-avec-antonio-guterres\/","title":{"rendered":"Alg\u00e9rie \/ ONU : Messahel s&#039;entretient avec Antonio Guterres"},"content":{"rendered":"<div class=\"K2FeedImage\"><img decoding=\"async\" src=\"https:\/\/www.info-algerie.com\/actualites\/wp-content\/uploads\/2017\/09\/11671f1d62227118eac4cf37873ebd7f_S.jpg\" alt=\"Alg&#xE9;rie \/ ONU : Messahel s'entretient avec Antonio Guterres\" \/><\/div>\n<div class=\"K2FeedIntroText\">\n<p>NEW YORK &#8211; Le Ministre des Affaires \u00e9trang\u00e8res, Abdelkader Messahel, s&rsquo;est entretenu, vendredi \u00e0 New York, en marge des travaux de la 72\u00e8me session de l&rsquo;Assembl\u00e9e G\u00e9n\u00e9rale de l&rsquo;ONU, avec le Secr\u00e9taire G\u00e9n\u00e9ral de l&rsquo;ONU, M. Antonio Guterres.\u00a0<\/p>\n<p>&#013;\n<\/p><\/div>\n<div class=\"K2FeedFullText\">&#013;<\/p>\n<p>L&rsquo;entretien a port\u00e9, essentiellement, sur la coop\u00e9ration entre l&rsquo;Alg\u00e9rie et les Nations Unies ainsi que sur d&rsquo;autres questions importantes \u00e0 l&rsquo;Agenda de l&rsquo;ONU, notamment, la situation au Sahara occidental, au Mali et en Libye.<\/p>\n<p>&#013;<\/p>\n<p>S&rsquo;agissant de la question du Sahara occidental, le Ministre Messahel a rappel\u00e9 que cette question rel\u00e8ve du processus de d\u00e9colonisation dont les Nations unies assume la responsabilit\u00e9 en vertu de la R\u00e9solution 1514. Il a, \u00e9galement, indiqu\u00e9 que la question du Sahara occidental ne peut trouver une solution durable en dehors de l&rsquo;exercice par le peuple sahraoui de son droit inali\u00e9nable \u00e0 l&rsquo;autod\u00e9termination.<\/p>\n<p>&#013;<\/p>\n<p>Pour ce qui est de la situation au Mali, Messahel a indiqu\u00e9 \u00e0 son interlocuteur que l&rsquo;Alg\u00e9rie poursuivra ses efforts en vue d&rsquo;amener les fr\u00e8res maliens \u00e0 emprunter la voie du dialogue pour surmonter leurs divergences et s&rsquo;engager dans la mise en \u0153uvre de l&rsquo;Accord pour la paix et la r\u00e9conciliation au Mali. Il a, dans le m\u00eame temps, appel\u00e9 \u00e0 une plus grande implication des Nations Unies pour h\u00e2ter une sortie de crise d\u00e9finitive au Mali.<\/p>\n<p>&#013;<\/p>\n<p>Concernant la situation en Libye, Messahel a r\u00e9it\u00e9r\u00e9 le soutien de l&rsquo;Alg\u00e9rie \u00e0 la nouvelle feuille de route des Nations Unies pour le r\u00e8glement de la crise en Libye, pr\u00e9sent\u00e9e par le Repr\u00e9sentant Sp\u00e9cial Ghassane Salame, \u00e0 l&rsquo;occasion de la r\u00e9union de Haut niveau sur la Libye, tenue en marge des travaux de l&rsquo;Assembl\u00e9e G\u00e9n\u00e9rale de l&rsquo;ONU. Il a, \u00e9galement, renouvel\u00e9 l&rsquo;engagement de l&rsquo;Alg\u00e9rie \u00e0 poursuivre ses efforts pour accompagner les fr\u00e8res libyens dans leur qu\u00eate d&rsquo;une solution politique \u00e0 la crise dans leur pays \u00e0 travers le dialogue et la r\u00e9conciliation nationale.<\/p>\n<p>&#013;<\/p>\n<p>Pour sa part, M. Antonio Guterres a exprim\u00e9 sa satisfaction quant \u00e0 la coop\u00e9ration exemplaire entre l&rsquo;Alg\u00e9rie et l&rsquo;ONU ainsi que pour ce qui est du r\u00f4le actif et constructif de l&rsquo;Alg\u00e9rie en faveur de la paix et de la s\u00e9curit\u00e9 r\u00e9gionales et internationales.<\/p>\n<p>&#013;<\/p>\n<p>Il a ajout\u00e9, qu&rsquo;en sa capacit\u00e9 de Secr\u00e9taire G\u00e9n\u00e9ral de l&rsquo;ONU, il consid\u00e8re l&rsquo;Alg\u00e9rie parmi les pays constituant des partenaires importants dans la construction et la consolidation de la paix \u00e0 travers le monde. Il a, enfin, renouvel\u00e9 l&rsquo;engagement de l&rsquo;ONU \u00e0 tout entreprendre \u00e0 l&rsquo;effet de h\u00e2ter le processus de r\u00e8glement au Sahara occidental, au Mali et en Libye sur la base de la l\u00e9galit\u00e9 internationale.<\/p>\n<p>&#013;<\/p>\n<p>\u00a0<\/p>\n<\/div>\n<p>&#013;<br \/>\nSource: <a href=\"http:\/\/www.aps.dz\/algerie\/63131-algerie-onu-messahel-s-entretient-avec-antonio-guterres\" target=\"_blank\">Alg\u00e9rie \/ ONU : Messahel s&rsquo;entretient avec Antonio Guterres<\/a><\/p>\n<!--CusAds0-->\n<div style=\"font-size: 0px; height: 0px; line-height: 0px; margin: 0; padding: 0; clear: both;\"><\/div>","protected":false},"excerpt":{"rendered":"<p>NEW YORK &#8211; Le Ministre des Affaires \u00e9trang\u00e8res, Abdelkader Messahel, s&rsquo;est entretenu, vendredi \u00e0 New York, en marge des travaux de la 72\u00e8me session de l&rsquo;Assembl\u00e9e G\u00e9n\u00e9rale de l&rsquo;ONU, avec le Secr\u00e9taire G\u00e9n\u00e9ral de l&rsquo;ONU, M. Antonio Guterres.\u00a0 &#013; &#013; L&rsquo;entretien a port\u00e9, essentiellement, sur la coop\u00e9ration entre l&rsquo;Alg\u00e9rie et les Nations Unies ainsi que<\/p>\n","protected":false},"author":6,"featured_media":16214,"comment_status":"open","ping_status":"open","sticky":false,"template":"","format":"standard","meta":{"footnotes":""},"categories":[22],"tags":[93],"class_list":["post-16213","post","type-post","status-publish","format-standard","has-post-thumbnail","hentry","category-infos","tag-onu"],"yoast_head":"<!-- This site is optimized with the Yoast SEO plugin v27.5 - https:\/\/yoast.com\/product\/yoast-seo-wordpress\/ -->\n<title>Alg\u00e9rie \/ ONU : Messahel s&#039;entretient avec Antonio Guterres - info algerie<\/title>\n<meta name=\"robots\" content=\"index, follow, max-snippet:-1, max-image-preview:large, max-video-preview:-1\" \/>\n<link rel=\"canonical\" href=\"https:\/\/www.info-algerie.com\/actualites\/algerie-onu-messahel-sentretient-avec-antonio-guterres\/\" \/>\n<meta property=\"og:locale\" content=\"fr_FR\" \/>\n<meta property=\"og:type\" content=\"article\" \/>\n<meta property=\"og:title\" content=\"Alg\u00e9rie \/ ONU : Messahel s&#039;entretient avec Antonio Guterres - info algerie\" \/>\n<meta property=\"og:description\" content=\"NEW YORK &#8211; Le Ministre des Affaires \u00e9trang\u00e8res, Abdelkader Messahel, s&rsquo;est entretenu, vendredi \u00e0 New York, en marge des travaux de la 72\u00e8me session de l&rsquo;Assembl\u00e9e G\u00e9n\u00e9rale de l&rsquo;ONU, avec le Secr\u00e9taire G\u00e9n\u00e9ral de l&rsquo;ONU, M. Antonio Guterres.\u00a0 &#013; &#013; L&rsquo;entretien a port\u00e9, essentiellement, sur la coop\u00e9ration entre l&rsquo;Alg\u00e9rie et les Nations Unies ainsi que\" \/>\n<meta property=\"og:url\" content=\"https:\/\/www.info-algerie.com\/actualites\/algerie-onu-messahel-sentretient-avec-antonio-guterres\/\" \/>\n<meta property=\"og:site_name\" content=\"info algerie\" \/>\n<meta property=\"article:publisher\" content=\"https:\/\/www.facebook.com\/infoalgerieactu\" \/>\n<meta property=\"article:published_time\" content=\"2017-09-23T08:18:58+00:00\" \/>\n<meta property=\"og:image\" content=\"https:\/\/www.info-algerie.com\/actualites\/wp-content\/uploads\/2017\/09\/11671f1d62227118eac4cf37873ebd7f_S-1.jpg\" \/>\n\t<meta property=\"og:image:width\" content=\"280\" \/>\n\t<meta property=\"og:image:height\" content=\"169\" \/>\n\t<meta property=\"og:image:type\" content=\"image\/jpeg\" \/>\n<meta name=\"author\" content=\"La r\u00e9daction\" \/>\n<meta name=\"twitter:label1\" content=\"\u00c9crit par\" \/>\n\t<meta name=\"twitter:data1\" content=\"La r\u00e9daction\" \/>\n\t<meta name=\"twitter:label2\" content=\"Dur\u00e9e de lecture estim\u00e9e\" \/>\n\t<meta name=\"twitter:data2\" content=\"2 minutes\" \/>\n<script type=\"application\/ld+json\" class=\"yoast-schema-graph\">{\"@context\":\"https:\\\/\\\/schema.org\",\"@graph\":[{\"@type\":\"Article\",\"@id\":\"https:\\\/\\\/www.info-algerie.com\\\/actualites\\\/algerie-onu-messahel-sentretient-avec-antonio-guterres\\\/#article\",\"isPartOf\":{\"@id\":\"https:\\\/\\\/www.info-algerie.com\\\/actualites\\\/algerie-onu-messahel-sentretient-avec-antonio-guterres\\\/\"},\"author\":{\"name\":\"La r\u00e9daction\",\"@id\":\"https:\\\/\\\/www.info-algerie.com\\\/actualites\\\/#\\\/schema\\\/person\\\/847aaec44920825b843a08f30ec6aa1e\"},\"headline\":\"Alg\u00e9rie \\\/ ONU : Messahel s&#039;entretient avec Antonio Guterres\",\"datePublished\":\"2017-09-23T08:18:58+00:00\",\"mainEntityOfPage\":{\"@id\":\"https:\\\/\\\/www.info-algerie.com\\\/actualites\\\/algerie-onu-messahel-sentretient-avec-antonio-guterres\\\/\"},\"wordCount\":501,\"commentCount\":0,\"publisher\":{\"@id\":\"https:\\\/\\\/www.info-algerie.com\\\/actualites\\\/#organization\"},\"image\":{\"@id\":\"https:\\\/\\\/www.info-algerie.com\\\/actualites\\\/algerie-onu-messahel-sentretient-avec-antonio-guterres\\\/#primaryimage\"},\"thumbnailUrl\":\"https:\\\/\\\/www.info-algerie.com\\\/actualites\\\/wp-content\\\/uploads\\\/2017\\\/09\\\/11671f1d62227118eac4cf37873ebd7f_S-1.jpg\",\"keywords\":[\"ONU\"],\"articleSection\":[\"infos\"],\"inLanguage\":\"fr-FR\",\"potentialAction\":[{\"@type\":\"CommentAction\",\"name\":\"Comment\",\"target\":[\"https:\\\/\\\/www.info-algerie.com\\\/actualites\\\/algerie-onu-messahel-sentretient-avec-antonio-guterres\\\/#respond\"]}]},{\"@type\":\"WebPage\",\"@id\":\"https:\\\/\\\/www.info-algerie.com\\\/actualites\\\/algerie-onu-messahel-sentretient-avec-antonio-guterres\\\/\",\"url\":\"https:\\\/\\\/www.info-algerie.com\\\/actualites\\\/algerie-onu-messahel-sentretient-avec-antonio-guterres\\\/\",\"name\":\"Alg\u00e9rie \\\/ ONU : Messahel s&#039;entretient avec Antonio Guterres - info algerie\",\"isPartOf\":{\"@id\":\"https:\\\/\\\/www.info-algerie.com\\\/actualites\\\/#website\"},\"primaryImageOfPage\":{\"@id\":\"https:\\\/\\\/www.info-algerie.com\\\/actualites\\\/algerie-onu-messahel-sentretient-avec-antonio-guterres\\\/#primaryimage\"},\"image\":{\"@id\":\"https:\\\/\\\/www.info-algerie.com\\\/actualites\\\/algerie-onu-messahel-sentretient-avec-antonio-guterres\\\/#primaryimage\"},\"thumbnailUrl\":\"https:\\\/\\\/www.info-algerie.com\\\/actualites\\\/wp-content\\\/uploads\\\/2017\\\/09\\\/11671f1d62227118eac4cf37873ebd7f_S-1.jpg\",\"datePublished\":\"2017-09-23T08:18:58+00:00\",\"breadcrumb\":{\"@id\":\"https:\\\/\\\/www.info-algerie.com\\\/actualites\\\/algerie-onu-messahel-sentretient-avec-antonio-guterres\\\/#breadcrumb\"},\"inLanguage\":\"fr-FR\",\"potentialAction\":[{\"@type\":\"ReadAction\",\"target\":[\"https:\\\/\\\/www.info-algerie.com\\\/actualites\\\/algerie-onu-messahel-sentretient-avec-antonio-guterres\\\/\"]}]},{\"@type\":\"ImageObject\",\"inLanguage\":\"fr-FR\",\"@id\":\"https:\\\/\\\/www.info-algerie.com\\\/actualites\\\/algerie-onu-messahel-sentretient-avec-antonio-guterres\\\/#primaryimage\",\"url\":\"https:\\\/\\\/www.info-algerie.com\\\/actualites\\\/wp-content\\\/uploads\\\/2017\\\/09\\\/11671f1d62227118eac4cf37873ebd7f_S-1.jpg\",\"contentUrl\":\"https:\\\/\\\/www.info-algerie.com\\\/actualites\\\/wp-content\\\/uploads\\\/2017\\\/09\\\/11671f1d62227118eac4cf37873ebd7f_S-1.jpg\",\"width\":280,\"height\":169},{\"@type\":\"BreadcrumbList\",\"@id\":\"https:\\\/\\\/www.info-algerie.com\\\/actualites\\\/algerie-onu-messahel-sentretient-avec-antonio-guterres\\\/#breadcrumb\",\"itemListElement\":[{\"@type\":\"ListItem\",\"position\":1,\"name\":\"Accueil\",\"item\":\"https:\\\/\\\/www.info-algerie.com\\\/actualites\\\/\"},{\"@type\":\"ListItem\",\"position\":2,\"name\":\"Alg\u00e9rie \\\/ ONU : Messahel s&#039;entretient avec Antonio Guterres\"}]},{\"@type\":\"WebSite\",\"@id\":\"https:\\\/\\\/www.info-algerie.com\\\/actualites\\\/#website\",\"url\":\"https:\\\/\\\/www.info-algerie.com\\\/actualites\\\/\",\"name\":\"info algerie\",\"description\":\"Toutes les actualit\u00e9s\",\"publisher\":{\"@id\":\"https:\\\/\\\/www.info-algerie.com\\\/actualites\\\/#organization\"},\"potentialAction\":[{\"@type\":\"SearchAction\",\"target\":{\"@type\":\"EntryPoint\",\"urlTemplate\":\"https:\\\/\\\/www.info-algerie.com\\\/actualites\\\/?s={search_term_string}\"},\"query-input\":{\"@type\":\"PropertyValueSpecification\",\"valueRequired\":true,\"valueName\":\"search_term_string\"}}],\"inLanguage\":\"fr-FR\"},{\"@type\":\"Organization\",\"@id\":\"https:\\\/\\\/www.info-algerie.com\\\/actualites\\\/#organization\",\"name\":\"info algerie\",\"url\":\"https:\\\/\\\/www.info-algerie.com\\\/actualites\\\/\",\"logo\":{\"@type\":\"ImageObject\",\"inLanguage\":\"fr-FR\",\"@id\":\"https:\\\/\\\/www.info-algerie.com\\\/actualites\\\/#\\\/schema\\\/logo\\\/image\\\/\",\"url\":\"https:\\\/\\\/www.info-algerie.com\\\/actualites\\\/wp-content\\\/uploads\\\/2022\\\/07\\\/logo-ia-120.png\",\"contentUrl\":\"https:\\\/\\\/www.info-algerie.com\\\/actualites\\\/wp-content\\\/uploads\\\/2022\\\/07\\\/logo-ia-120.png\",\"width\":120,\"height\":43,\"caption\":\"info algerie\"},\"image\":{\"@id\":\"https:\\\/\\\/www.info-algerie.com\\\/actualites\\\/#\\\/schema\\\/logo\\\/image\\\/\"},\"sameAs\":[\"https:\\\/\\\/www.facebook.com\\\/infoalgerieactu\",\"https:\\\/\\\/x.com\\\/infoalgerie1\"]},{\"@type\":\"Person\",\"@id\":\"https:\\\/\\\/www.info-algerie.com\\\/actualites\\\/#\\\/schema\\\/person\\\/847aaec44920825b843a08f30ec6aa1e\",\"name\":\"La r\u00e9daction\",\"image\":{\"@type\":\"ImageObject\",\"inLanguage\":\"fr-FR\",\"@id\":\"https:\\\/\\\/secure.gravatar.com\\\/avatar\\\/769db425c6f465158149f1ffd6cf61ce7a8a879d11dfbef8288af36dfddd418c?s=96&d=mm&r=g\",\"url\":\"https:\\\/\\\/secure.gravatar.com\\\/avatar\\\/769db425c6f465158149f1ffd6cf61ce7a8a879d11dfbef8288af36dfddd418c?s=96&d=mm&r=g\",\"contentUrl\":\"https:\\\/\\\/secure.gravatar.com\\\/avatar\\\/769db425c6f465158149f1ffd6cf61ce7a8a879d11dfbef8288af36dfddd418c?s=96&d=mm&r=g\",\"caption\":\"La r\u00e9daction\"},\"sameAs\":[\"http:\\\/\\\/www.lkeria.com\\\/\"],\"url\":\"https:\\\/\\\/www.info-algerie.com\\\/actualites\\\/author\\\/chakib32\\\/\"}]}<\/script>\n<!-- \/ Yoast SEO plugin. -->","yoast_head_json":{"title":"Alg\u00e9rie \/ ONU : Messahel s&#039;entretient avec Antonio Guterres - info algerie","robots":{"index":"index","follow":"follow","max-snippet":"max-snippet:-1","max-image-preview":"max-image-preview:large","max-video-preview":"max-video-preview:-1"},"canonical":"https:\/\/www.info-algerie.com\/actualites\/algerie-onu-messahel-sentretient-avec-antonio-guterres\/","og_locale":"fr_FR","og_type":"article","og_title":"Alg\u00e9rie \/ ONU : Messahel s&#039;entretient avec Antonio Guterres - info algerie","og_description":"NEW YORK &#8211; Le Ministre des Affaires \u00e9trang\u00e8res, Abdelkader Messahel, s&rsquo;est entretenu, vendredi \u00e0 New York, en marge des travaux de la 72\u00e8me session de l&rsquo;Assembl\u00e9e G\u00e9n\u00e9rale de l&rsquo;ONU, avec le Secr\u00e9taire G\u00e9n\u00e9ral de l&rsquo;ONU, M. Antonio Guterres.\u00a0 &#013; &#013; L&rsquo;entretien a port\u00e9, essentiellement, sur la coop\u00e9ration entre l&rsquo;Alg\u00e9rie et les Nations Unies ainsi que","og_url":"https:\/\/www.info-algerie.com\/actualites\/algerie-onu-messahel-sentretient-avec-antonio-guterres\/","og_site_name":"info algerie","article_publisher":"https:\/\/www.facebook.com\/infoalgerieactu","article_published_time":"2017-09-23T08:18:58+00:00","og_image":[{"width":280,"height":169,"url":"https:\/\/www.info-algerie.com\/actualites\/wp-content\/uploads\/2017\/09\/11671f1d62227118eac4cf37873ebd7f_S-1.jpg","type":"image\/jpeg"}],"author":"La r\u00e9daction","twitter_misc":{"\u00c9crit par":"La r\u00e9daction","Dur\u00e9e de lecture estim\u00e9e":"2 minutes"},"schema":{"@context":"https:\/\/schema.org","@graph":[{"@type":"Article","@id":"https:\/\/www.info-algerie.com\/actualites\/algerie-onu-messahel-sentretient-avec-antonio-guterres\/#article","isPartOf":{"@id":"https:\/\/www.info-algerie.com\/actualites\/algerie-onu-messahel-sentretient-avec-antonio-guterres\/"},"author":{"name":"La r\u00e9daction","@id":"https:\/\/www.info-algerie.com\/actualites\/#\/schema\/person\/847aaec44920825b843a08f30ec6aa1e"},"headline":"Alg\u00e9rie \/ ONU : Messahel s&#039;entretient avec Antonio Guterres","datePublished":"2017-09-23T08:18:58+00:00","mainEntityOfPage":{"@id":"https:\/\/www.info-algerie.com\/actualites\/algerie-onu-messahel-sentretient-avec-antonio-guterres\/"},"wordCount":501,"commentCount":0,"publisher":{"@id":"https:\/\/www.info-algerie.com\/actualites\/#organization"},"image":{"@id":"https:\/\/www.info-algerie.com\/actualites\/algerie-onu-messahel-sentretient-avec-antonio-guterres\/#primaryimage"},"thumbnailUrl":"https:\/\/www.info-algerie.com\/actualites\/wp-content\/uploads\/2017\/09\/11671f1d62227118eac4cf37873ebd7f_S-1.jpg","keywords":["ONU"],"articleSection":["infos"],"inLanguage":"fr-FR","potentialAction":[{"@type":"CommentAction","name":"Comment","target":["https:\/\/www.info-algerie.com\/actualites\/algerie-onu-messahel-sentretient-avec-antonio-guterres\/#respond"]}]},{"@type":"WebPage","@id":"https:\/\/www.info-algerie.com\/actualites\/algerie-onu-messahel-sentretient-avec-antonio-guterres\/","url":"https:\/\/www.info-algerie.com\/actualites\/algerie-onu-messahel-sentretient-avec-antonio-guterres\/","name":"Alg\u00e9rie \/ ONU : Messahel s&#039;entretient avec Antonio Guterres - info algerie","isPartOf":{"@id":"https:\/\/www.info-algerie.com\/actualites\/#website"},"primaryImageOfPage":{"@id":"https:\/\/www.info-algerie.com\/actualites\/algerie-onu-messahel-sentretient-avec-antonio-guterres\/#primaryimage"},"image":{"@id":"https:\/\/www.info-algerie.com\/actualites\/algerie-onu-messahel-sentretient-avec-antonio-guterres\/#primaryimage"},"thumbnailUrl":"https:\/\/www.info-algerie.com\/actualites\/wp-content\/uploads\/2017\/09\/11671f1d62227118eac4cf37873ebd7f_S-1.jpg","datePublished":"2017-09-23T08:18:58+00:00","breadcrumb":{"@id":"https:\/\/www.info-algerie.com\/actualites\/algerie-onu-messahel-sentretient-avec-antonio-guterres\/#breadcrumb"},"inLanguage":"fr-FR","potentialAction":[{"@type":"ReadAction","target":["https:\/\/www.info-algerie.com\/actualites\/algerie-onu-messahel-sentretient-avec-antonio-guterres\/"]}]},{"@type":"ImageObject","inLanguage":"fr-FR","@id":"https:\/\/www.info-algerie.com\/actualites\/algerie-onu-messahel-sentretient-avec-antonio-guterres\/#primaryimage","url":"https:\/\/www.info-algerie.com\/actualites\/wp-content\/uploads\/2017\/09\/11671f1d62227118eac4cf37873ebd7f_S-1.jpg","contentUrl":"https:\/\/www.info-algerie.com\/actualites\/wp-content\/uploads\/2017\/09\/11671f1d62227118eac4cf37873ebd7f_S-1.jpg","width":280,"height":169},{"@type":"BreadcrumbList","@id":"https:\/\/www.info-algerie.com\/actualites\/algerie-onu-messahel-sentretient-avec-antonio-guterres\/#breadcrumb","itemListElement":[{"@type":"ListItem","position":1,"name":"Accueil","item":"https:\/\/www.info-algerie.com\/actualites\/"},{"@type":"ListItem","position":2,"name":"Alg\u00e9rie \/ ONU : Messahel s&#039;entretient avec Antonio Guterres"}]},{"@type":"WebSite","@id":"https:\/\/www.info-algerie.com\/actualites\/#website","url":"https:\/\/www.info-algerie.com\/actualites\/","name":"info algerie","description":"Toutes les actualit\u00e9s","publisher":{"@id":"https:\/\/www.info-algerie.com\/actualites\/#organization"},"potentialAction":[{"@type":"SearchAction","target":{"@type":"EntryPoint","urlTemplate":"https:\/\/www.info-algerie.com\/actualites\/?s={search_term_string}"},"query-input":{"@type":"PropertyValueSpecification","valueRequired":true,"valueName":"search_term_string"}}],"inLanguage":"fr-FR"},{"@type":"Organization","@id":"https:\/\/www.info-algerie.com\/actualites\/#organization","name":"info algerie","url":"https:\/\/www.info-algerie.com\/actualites\/","logo":{"@type":"ImageObject","inLanguage":"fr-FR","@id":"https:\/\/www.info-algerie.com\/actualites\/#\/schema\/logo\/image\/","url":"https:\/\/www.info-algerie.com\/actualites\/wp-content\/uploads\/2022\/07\/logo-ia-120.png","contentUrl":"https:\/\/www.info-algerie.com\/actualites\/wp-content\/uploads\/2022\/07\/logo-ia-120.png","width":120,"height":43,"caption":"info algerie"},"image":{"@id":"https:\/\/www.info-algerie.com\/actualites\/#\/schema\/logo\/image\/"},"sameAs":["https:\/\/www.facebook.com\/infoalgerieactu","https:\/\/x.com\/infoalgerie1"]},{"@type":"Person","@id":"https:\/\/www.info-algerie.com\/actualites\/#\/schema\/person\/847aaec44920825b843a08f30ec6aa1e","name":"La r\u00e9daction","image":{"@type":"ImageObject","inLanguage":"fr-FR","@id":"https:\/\/secure.gravatar.com\/avatar\/769db425c6f465158149f1ffd6cf61ce7a8a879d11dfbef8288af36dfddd418c?s=96&d=mm&r=g","url":"https:\/\/secure.gravatar.com\/avatar\/769db425c6f465158149f1ffd6cf61ce7a8a879d11dfbef8288af36dfddd418c?s=96&d=mm&r=g","contentUrl":"https:\/\/secure.gravatar.com\/avatar\/769db425c6f465158149f1ffd6cf61ce7a8a879d11dfbef8288af36dfddd418c?s=96&d=mm&r=g","caption":"La r\u00e9daction"},"sameAs":["http:\/\/www.lkeria.com\/"],"url":"https:\/\/www.info-algerie.com\/actualites\/author\/chakib32\/"}]}},"_links":{"self":[{"href":"https:\/\/www.info-algerie.com\/actualites\/wp-json\/wp\/v2\/posts\/16213","targetHints":{"allow":["GET"]}}],"collection":[{"href":"https:\/\/www.info-algerie.com\/actualites\/wp-json\/wp\/v2\/posts"}],"about":[{"href":"https:\/\/www.info-algerie.com\/actualites\/wp-json\/wp\/v2\/types\/post"}],"author":[{"embeddable":true,"href":"https:\/\/www.info-algerie.com\/actualites\/wp-json\/wp\/v2\/users\/6"}],"replies":[{"embeddable":true,"href":"https:\/\/www.info-algerie.com\/actualites\/wp-json\/wp\/v2\/comments?post=16213"}],"version-history":[{"count":0,"href":"https:\/\/www.info-algerie.com\/actualites\/wp-json\/wp\/v2\/posts\/16213\/revisions"}],"wp:featuredmedia":[{"embeddable":true,"href":"https:\/\/www.info-algerie.com\/actualites\/wp-json\/wp\/v2\/media\/16214"}],"wp:attachment":[{"href":"https:\/\/www.info-algerie.com\/actualites\/wp-json\/wp\/v2\/media?parent=16213"}],"wp:term":[{"taxonomy":"category","embeddable":true,"href":"https:\/\/www.info-algerie.com\/actualites\/wp-json\/wp\/v2\/categories?post=16213"},{"taxonomy":"post_tag","embeddable":true,"href":"https:\/\/www.info-algerie.com\/actualites\/wp-json\/wp\/v2\/tags?post=16213"}],"curies":[{"name":"wp","href":"https:\/\/api.w.org\/{rel}","templated":true}]}}