{"id":16216,"date":"2017-09-23T08:14:18","date_gmt":"2017-09-23T07:14:18","guid":{"rendered":"http:\/\/www.info-algerie.com\/actualites\/onu-messahel-sadresse-a-la-72eme-session-de-lassemblee-generale\/"},"modified":"2017-09-23T08:14:18","modified_gmt":"2017-09-23T07:14:18","slug":"onu-messahel-sadresse-a-la-72eme-session-de-lassemblee-generale","status":"publish","type":"post","link":"https:\/\/www.info-algerie.com\/actualites\/onu-messahel-sadresse-a-la-72eme-session-de-lassemblee-generale\/","title":{"rendered":"ONU: Messahel s&#039;adresse \u00e0 la 72\u00e8me session de l&#039;Assembl\u00e9e G\u00e9n\u00e9rale"},"content":{"rendered":"<div class=\"K2FeedImage\"><img decoding=\"async\" src=\"https:\/\/www.info-algerie.com\/actualites\/wp-content\/uploads\/2017\/09\/b56bb2e8e70051bb4377fce1e7511b24_S.jpg\" alt=\"ONU: Messahel s'adresse &#xE0; la 72&#xE8;me session de l'Assembl&#xE9;e G&#xE9;n&#xE9;rale\" \/><\/div>\n<div class=\"K2FeedIntroText\">\n<p>NEW-YORK- Le ministre des Affaires \u00e9trang\u00e8res, Abdelkader Messahel a prononc\u00e9, vendredi \u00e0 New-York, un discours devant la 72\u00e8me session de l&rsquo;Assembl\u00e9e G\u00e9n\u00e9rale de l&rsquo;ONU, dans lequel il a expos\u00e9 la vision de l&rsquo;Alg\u00e9rie et sa position sur les principales questions qui pr\u00e9occupent la communaut\u00e9 internationale et qui occupent le devant de la sc\u00e8ne mondiale.<\/p>\n<p>&#013;\n<\/p><\/div>\n<div class=\"K2FeedFullText\">&#013;<\/p>\n<p>Pr\u00e9sidant la d\u00e9l\u00e9gation alg\u00e9rienne aux travaux de cette session plac\u00e9e sous le th\u00e8me \u00ab\u00a0l&rsquo;\u00eatre humain au c\u0153ur des efforts en faveur de la paix et d&rsquo;une vie d\u00e9cente pour tous sur une plan\u00e8te durable\u00a0\u00bb, M. Messahel a indiqu\u00e9 que celle-ci se tient dans \u00ab\u00a0un contexte tout aussi pr\u00e9occupant que celui qui a entour\u00e9 les pr\u00e9c\u00e9dentes sessions, puisqu&rsquo;il est marqu\u00e9 par la persistance\u00a0 de conflits anciens en attente d&rsquo;un r\u00e8glement, l&rsquo;apparition de nouveaux conflits meurtriers et de foyers de tension\u00a0\u00bb.<\/p>\n<p>&#013;<\/p>\n<p>Il a \u00e9galement cit\u00e9 \u00ab\u00a0la fragilisation de l&rsquo;\u00e9quilibre \u00e9cologique de la plan\u00e8te en raison des outrages r\u00e9p\u00e9t\u00e9s qui lui sont inflig\u00e9s, la paup\u00e9risation, le sous-d\u00e9veloppement et les maladies qui continuent d&rsquo;\u00eatre le lot quotidien de centaines de millions d&rsquo;individus dans le monde\u00a0\u00bb et, enfin, \u00ab\u00a0l&rsquo;aggravation des menaces transfrontali\u00e8res qui, \u00e0 l&rsquo;image du terrorisme et de son corollaire, le crime transnational organis\u00e9, affectent directement la s\u00e9curit\u00e9 et la stabilit\u00e9 de chacun des pays\u00a0\u00bb, a-t-il d\u00e9plor\u00e9.<\/p>\n<p>&#013;<\/p>\n<p>\u00ab\u00a0Ces d\u00e9fis ne doivent pas faire douter la communaut\u00e9 internationale de sa capacit\u00e9 \u00e0 les relever et \u00e0 les surmonter car, comme le soulignait le Pr\u00e9sident de la R\u00e9publique, Abdelaziz Bouteflika, lorsqu&rsquo;il avait la charge de conduire les travaux de l&rsquo;Assembl\u00e9e G\u00e9n\u00e9rale, la responsabilit\u00e9 consiste moins \u00e0 tourner le dos \u00e0 la r\u00e9alit\u00e9, que d&rsquo;y faire face avec une vigilante rigueur\u00a0\u00bb, a-t-il ajout\u00e9.<\/p>\n<p>&#013;<\/p>\n<p>Tout en relevant le caract\u00e8re \u00ab\u00a0perfectible, \u00e0 plus d&rsquo;un \u00e9gard\u00a0\u00bb, de l&rsquo;ONU, le ministre a soulign\u00e9 qu&rsquo;elle reste \u00ab\u00a0plus que jamais l&rsquo;instrument unique et irrempla\u00e7able au service des nations que le Pr\u00e9sident Bouteflika avait d\u00e9crit comme\u00a0 +une arche de concorde et d&rsquo;alliance entre toutes les nations du monde+\u00a0\u00bb.<\/p>\n<p>&#013;<\/p>\n<p>Abordant la multiplication des foyers de tensions et de crises, il a indiqu\u00e9 que l&rsquo;Alg\u00e9rie consid\u00e8re qu&rsquo;il est \u00ab\u00a0plus que jamais n\u00e9cessaire de proc\u00e9der \u00e0 un examen collectif des causes qui ont conduit \u00e0 la faillite du syst\u00e8me de s\u00e9curit\u00e9 collective que les p\u00e8res fondateurs de l&rsquo;ONU ont \u00e9rig\u00e9 en un rempart devant pr\u00e9munir les g\u00e9n\u00e9rations \u00e0 venir des horreurs de la guerre\u00a0\u00bb.\u00a0\u00a0<\/p>\n<p>&#013;<\/p>\n<p>\u00ab\u00a0Il est imp\u00e9ratif que nous nous attelions \u00e0 r\u00e9former notre Organisation pour la mettre en position d&rsquo;assumer pleinement les missions pour lesquelles elle a \u00e9t\u00e9 cr\u00e9\u00e9e, que ce soit dans la pr\u00e9vention des conflits, la promotion de la paix, le respect des droits de l&rsquo;Homme ou l&rsquo;application du droit \u00e0 l&rsquo;autod\u00e9termination\u00a0\u00bb, a-t-il poursuivi.<\/p>\n<p>&#013;<\/p>\n<p>Concernant pr\u00e9cis\u00e9ment cette question de r\u00e9forme, le chef de la diplomatie alg\u00e9rienne a relev\u00e9 qu'\u00a0\u00bbelle doit, en premier lieu, porter sur le Conseil de s\u00e9curit\u00e9, avec comme point de d\u00e9part, la correction de l&rsquo;injustice historique que constitue la sous-repr\u00e9sentation de l&rsquo;Afrique dans les deux cat\u00e9gories de membres de cet organe et son \u00e9largissement \u00e0 d&rsquo;autres nouveaux acteurs importants sur la sc\u00e8ne internationale\u00a0\u00bb. Il a, dans le m\u00eame temps, relev\u00e9 \u00ab\u00a0le consensus de plus en plus observ\u00e9 concernant la n\u00e9cessit\u00e9 d&rsquo;une revitalisation et d&rsquo;un renforcement de l&rsquo;autorit\u00e9 de l&rsquo;Assembl\u00e9e G\u00e9n\u00e9rale\u00a0\u00bb.<\/p>\n<p>&#013;<\/p>\n<p>Tout en r\u00e9it\u00e9rant \u00ab\u00a0l&rsquo;attachement de l&rsquo;Alg\u00e9rie aux principes cardinaux de sa politique ext\u00e9rieure et qui sont ceux-l\u00e0 m\u00eames consacr\u00e9s dans la Charte des Nations Unies, \u00e0 savoir le respect de l&rsquo;ind\u00e9pendance et de l&rsquo;int\u00e9grit\u00e9 territoriale des Etats, la non-ing\u00e9rence dans les affaires int\u00e9rieures des Etats, le r\u00e8glement pacifique des diff\u00e9rends et le respect du droit \u00e0 l&rsquo;autod\u00e9termination, M. Messahel a soulign\u00e9 que \u00ab\u00a0l&rsquo;Alg\u00e9rie entend continuer d&rsquo;assumer activement le r\u00f4le qui est le sien sur la base desdits principes et \u00e0 privil\u00e9gier la voie de la solution politique que ce soit en Syrie, au Y\u00e9men, au Mali ou en Libye\u00a0\u00bb.<\/p>\n<p>&#013;<\/p>\n<p>Il a ajout\u00e9, dans le m\u00eame sillage, que \u00ab\u00a0l&rsquo;Alg\u00e9rie consid\u00e8re que la question du Sahara occidental, en tant que probl\u00e8me de d\u00e9colonisation, ne peut trouver son r\u00e8glement qu&rsquo;\u00e0 travers l&rsquo;exercice, par le peuple du Sahara occidental, de son droit imprescriptible \u00e0 l&rsquo;autod\u00e9termination\u00a0\u00bb. Il a, \u00e9galement, r\u00e9it\u00e9r\u00e9 le \u00ab\u00a0plein soutien\u00a0\u00bb de l&rsquo;Alg\u00e9rie au \u00ab\u00a0peuple palestinien fr\u00e8re pour la r\u00e9alisation de ses droits nationaux inali\u00e9nables et la cr\u00e9ation de son Etat ind\u00e9pendant avec El Qods comme capitale\u00a0\u00bb.<\/p>\n<p>&#013;<\/p>\n<p>S&rsquo;agissant de la lutte contre le terrorisme, le ministre a indiqu\u00e9 que ce fl\u00e9au et sa matrice, l&rsquo;extr\u00e9misme violent, \u00ab\u00a0continuent d&rsquo;occuper le devant des pr\u00e9occupations de la communaut\u00e9 internationale, d&rsquo;o\u00f9 la n\u00e9cessit\u00e9, a-t-il relev\u00e9, d&rsquo;une prise en charge urgente et rapide de cette menace grandissante et des ph\u00e9nom\u00e8nes aggravants\u00a0\u00bb, citant le retour des combattants terroristes \u00e9trangers ainsi que la progression de l&rsquo;islamophobie qui est, a-t-il insist\u00e9, de nature \u00e0 \u00ab\u00a0alimenter le discours radical\u00a0\u00bb.<\/p>\n<p>&#013;<\/p>\n<p>Quant \u00e0 la question de la migration, M. Messahel a appel\u00e9 \u00e0 une \u00ab\u00a0approche judicieuse qui tient compte, \u00e0 la fois, des opportunit\u00e9s \u00e0 exploiter au b\u00e9n\u00e9fice des \u00e9conomies des pays et des soci\u00e9t\u00e9s respectives, mais aussi des situations fortement pr\u00e9judiciables, tant aux personnes concern\u00e9es qu&rsquo;aux pays contraints d&rsquo;y faire face\u00a0\u00bb. Il a ajout\u00e9, \u00e0 ce propos, que l&rsquo;Alg\u00e9rie qui a \u00e9t\u00e9 un pays d&rsquo;origine et de transit, et aujourd&rsquo;hui, de destination des flux migratoires, \u00ab\u00a0mesure \u00e0 sa juste valeur la complexit\u00e9 de cette question et consid\u00e8re n\u00e9cessaire de continuer \u00e0 rechercher ensemble des solutions globales, int\u00e9gr\u00e9es, \u00e9quilibr\u00e9es et fond\u00e9es sur un juste partage des responsabilit\u00e9s qui pr\u00e9servent la dignit\u00e9 de personnes que la peur et la pauvret\u00e9 ont mises sur le dangereux chemin de l&rsquo;exode et de l&rsquo;exploitation par le crime organis\u00e9 transnational\u00a0\u00bb.<\/p>\n<p>&#013;<\/p>\n<p>En outre, le ministre a partag\u00e9 avec les participants les contours du nouveau mod\u00e8le de croissance, initi\u00e9 en juillet 2016 sous l&rsquo;impulsion du Pr\u00e9sident de la R\u00e9publique, Abdelaziz Bouteflika, et qui cible la cons\u00e9cration d&rsquo;une \u00e9conomie nationale \u00ab\u00a0\u00e9mergente\u00a0\u00bb \u00e0 l&rsquo;horizon 2030, en tra\u00e7ant les trajectoires d&rsquo;une gestion budg\u00e9taire rationnelle qui pr\u00e9serve les acquis de justice sociale et de solidarit\u00e9 nationale.\u00a0<\/p>\n<p>&#013;<\/p>\n<p>Il a, par ailleurs, fait part des actions entreprises par l&rsquo;Alg\u00e9rie pour la promotion des droits de la femme et de son autonomisation ainsi que pour la prise en charge des jeunes, notamment \u00e0 travers la Constitution alg\u00e9rienne amend\u00e9e en 2016. A cet \u00e9gard, il a rappel\u00e9 les prix obtenus par l&rsquo;Alg\u00e9rie au niveau de l&rsquo;Union africaine ainsi que les diff\u00e9rents rapports et \u00e9tudes d&rsquo;organisations r\u00e9gionales et internationales qui ont apport\u00e9 un t\u00e9moignage \u00ab\u00a0fort \u00e9loquent\u00a0\u00bb quant \u00e0 ces \u00ab\u00a0d\u00e9veloppements positifs\u00a0\u00bb.\u00a0\u00a0\u00a0\u00a0<\/p>\n<p>&#013;<\/p>\n<p>Enfin, M. Messahel a relev\u00e9 que, malgr\u00e9 \u00ab\u00a0toutes les incertitudes et les menaces qui p\u00e8sent sur le monde, le message de l&rsquo;Alg\u00e9rie est un message d&rsquo;espoir, d&rsquo;engagement sinc\u00e8re de solidarit\u00e9, de disponibilit\u00e9 attentive et d&rsquo;\u00e9coute\u00a0\u00bb.<\/p>\n<p>&#013;<\/p>\n<p>\u00ab\u00a0Nous croyons \u00e0 l&rsquo;esprit qui a pr\u00e9sid\u00e9 \u00e0 la cr\u00e9ation de l&rsquo;Organisation des Nations Unies, c&rsquo;est \u00e0 dire des Nations et des Peuples se r\u00e9unissant autour de valeurs et de principes communs et qui acceptent de s&rsquo;engager, chacun pour la part qui lui revient, dans la construction d&rsquo;un avenir apais\u00e9 et empreint de respect entre les Peuples et Nations\u00a0\u00bb, a-t-il conclu.<\/p>\n<\/div>\n<p>&#013;<br \/>\nSource: <a href=\"http:\/\/www.aps.dz\/algerie\/63130-onu-messahel-s-adresse-a-la-72eme-session-de-l-assemblee-generale\" target=\"_blank\">ONU: Messahel s&rsquo;adresse \u00e0 la 72\u00e8me session de l&rsquo;Assembl\u00e9e G\u00e9n\u00e9rale<\/a><\/p>\n<!--CusAds0-->\n<div style=\"font-size: 0px; height: 0px; line-height: 0px; margin: 0; padding: 0; clear: both;\"><\/div>","protected":false},"excerpt":{"rendered":"<p>NEW-YORK- Le ministre des Affaires \u00e9trang\u00e8res, Abdelkader Messahel a prononc\u00e9, vendredi \u00e0 New-York, un discours devant la 72\u00e8me session de l&rsquo;Assembl\u00e9e G\u00e9n\u00e9rale de l&rsquo;ONU, dans lequel il a expos\u00e9 la vision de l&rsquo;Alg\u00e9rie et sa position sur les principales questions qui pr\u00e9occupent la communaut\u00e9 internationale et qui occupent le devant de la sc\u00e8ne mondiale. &#013;<\/p>\n","protected":false},"author":6,"featured_media":16217,"comment_status":"open","ping_status":"open","sticky":false,"template":"","format":"standard","meta":{"footnotes":""},"categories":[22],"tags":[93],"class_list":["post-16216","post","type-post","status-publish","format-standard","has-post-thumbnail","hentry","category-infos","tag-onu"],"yoast_head":"<!-- This site is optimized with the Yoast SEO plugin v27.5 - https:\/\/yoast.com\/product\/yoast-seo-wordpress\/ -->\n<title>ONU: Messahel s&#039;adresse \u00e0 la 72\u00e8me session de l&#039;Assembl\u00e9e G\u00e9n\u00e9rale - info algerie<\/title>\n<meta name=\"robots\" content=\"index, follow, max-snippet:-1, max-image-preview:large, max-video-preview:-1\" \/>\n<link rel=\"canonical\" href=\"https:\/\/www.info-algerie.com\/actualites\/onu-messahel-sadresse-a-la-72eme-session-de-lassemblee-generale\/\" \/>\n<meta property=\"og:locale\" content=\"fr_FR\" \/>\n<meta property=\"og:type\" content=\"article\" \/>\n<meta property=\"og:title\" content=\"ONU: Messahel s&#039;adresse \u00e0 la 72\u00e8me session de l&#039;Assembl\u00e9e G\u00e9n\u00e9rale - info algerie\" \/>\n<meta property=\"og:description\" content=\"NEW-YORK- Le ministre des Affaires \u00e9trang\u00e8res, Abdelkader Messahel a prononc\u00e9, vendredi \u00e0 New-York, un discours devant la 72\u00e8me session de l&rsquo;Assembl\u00e9e G\u00e9n\u00e9rale de l&rsquo;ONU, dans lequel il a expos\u00e9 la vision de l&rsquo;Alg\u00e9rie et sa position sur les principales questions qui pr\u00e9occupent la communaut\u00e9 internationale et qui occupent le devant de la sc\u00e8ne mondiale. &#013;\" \/>\n<meta property=\"og:url\" content=\"https:\/\/www.info-algerie.com\/actualites\/onu-messahel-sadresse-a-la-72eme-session-de-lassemblee-generale\/\" \/>\n<meta property=\"og:site_name\" content=\"info algerie\" \/>\n<meta property=\"article:publisher\" content=\"https:\/\/www.facebook.com\/infoalgerieactu\" \/>\n<meta property=\"article:published_time\" content=\"2017-09-23T07:14:18+00:00\" \/>\n<meta property=\"og:image\" content=\"https:\/\/www.info-algerie.com\/actualites\/wp-content\/uploads\/2017\/09\/b56bb2e8e70051bb4377fce1e7511b24_S-1.jpg\" \/>\n\t<meta property=\"og:image:width\" content=\"280\" \/>\n\t<meta property=\"og:image:height\" content=\"169\" \/>\n\t<meta property=\"og:image:type\" content=\"image\/jpeg\" \/>\n<meta name=\"author\" content=\"La r\u00e9daction\" \/>\n<meta name=\"twitter:label1\" content=\"\u00c9crit par\" \/>\n\t<meta name=\"twitter:data1\" content=\"La r\u00e9daction\" \/>\n\t<meta name=\"twitter:label2\" content=\"Dur\u00e9e de lecture estim\u00e9e\" \/>\n\t<meta name=\"twitter:data2\" content=\"6 minutes\" \/>\n<script type=\"application\/ld+json\" class=\"yoast-schema-graph\">{\"@context\":\"https:\\\/\\\/schema.org\",\"@graph\":[{\"@type\":\"Article\",\"@id\":\"https:\\\/\\\/www.info-algerie.com\\\/actualites\\\/onu-messahel-sadresse-a-la-72eme-session-de-lassemblee-generale\\\/#article\",\"isPartOf\":{\"@id\":\"https:\\\/\\\/www.info-algerie.com\\\/actualites\\\/onu-messahel-sadresse-a-la-72eme-session-de-lassemblee-generale\\\/\"},\"author\":{\"name\":\"La r\u00e9daction\",\"@id\":\"https:\\\/\\\/www.info-algerie.com\\\/actualites\\\/#\\\/schema\\\/person\\\/847aaec44920825b843a08f30ec6aa1e\"},\"headline\":\"ONU: Messahel s&#039;adresse \u00e0 la 72\u00e8me session de l&#039;Assembl\u00e9e G\u00e9n\u00e9rale\",\"datePublished\":\"2017-09-23T07:14:18+00:00\",\"mainEntityOfPage\":{\"@id\":\"https:\\\/\\\/www.info-algerie.com\\\/actualites\\\/onu-messahel-sadresse-a-la-72eme-session-de-lassemblee-generale\\\/\"},\"wordCount\":1357,\"commentCount\":0,\"publisher\":{\"@id\":\"https:\\\/\\\/www.info-algerie.com\\\/actualites\\\/#organization\"},\"image\":{\"@id\":\"https:\\\/\\\/www.info-algerie.com\\\/actualites\\\/onu-messahel-sadresse-a-la-72eme-session-de-lassemblee-generale\\\/#primaryimage\"},\"thumbnailUrl\":\"https:\\\/\\\/www.info-algerie.com\\\/actualites\\\/wp-content\\\/uploads\\\/2017\\\/09\\\/b56bb2e8e70051bb4377fce1e7511b24_S-1.jpg\",\"keywords\":[\"ONU\"],\"articleSection\":[\"infos\"],\"inLanguage\":\"fr-FR\",\"potentialAction\":[{\"@type\":\"CommentAction\",\"name\":\"Comment\",\"target\":[\"https:\\\/\\\/www.info-algerie.com\\\/actualites\\\/onu-messahel-sadresse-a-la-72eme-session-de-lassemblee-generale\\\/#respond\"]}]},{\"@type\":\"WebPage\",\"@id\":\"https:\\\/\\\/www.info-algerie.com\\\/actualites\\\/onu-messahel-sadresse-a-la-72eme-session-de-lassemblee-generale\\\/\",\"url\":\"https:\\\/\\\/www.info-algerie.com\\\/actualites\\\/onu-messahel-sadresse-a-la-72eme-session-de-lassemblee-generale\\\/\",\"name\":\"ONU: Messahel s&#039;adresse \u00e0 la 72\u00e8me session de l&#039;Assembl\u00e9e G\u00e9n\u00e9rale - info algerie\",\"isPartOf\":{\"@id\":\"https:\\\/\\\/www.info-algerie.com\\\/actualites\\\/#website\"},\"primaryImageOfPage\":{\"@id\":\"https:\\\/\\\/www.info-algerie.com\\\/actualites\\\/onu-messahel-sadresse-a-la-72eme-session-de-lassemblee-generale\\\/#primaryimage\"},\"image\":{\"@id\":\"https:\\\/\\\/www.info-algerie.com\\\/actualites\\\/onu-messahel-sadresse-a-la-72eme-session-de-lassemblee-generale\\\/#primaryimage\"},\"thumbnailUrl\":\"https:\\\/\\\/www.info-algerie.com\\\/actualites\\\/wp-content\\\/uploads\\\/2017\\\/09\\\/b56bb2e8e70051bb4377fce1e7511b24_S-1.jpg\",\"datePublished\":\"2017-09-23T07:14:18+00:00\",\"breadcrumb\":{\"@id\":\"https:\\\/\\\/www.info-algerie.com\\\/actualites\\\/onu-messahel-sadresse-a-la-72eme-session-de-lassemblee-generale\\\/#breadcrumb\"},\"inLanguage\":\"fr-FR\",\"potentialAction\":[{\"@type\":\"ReadAction\",\"target\":[\"https:\\\/\\\/www.info-algerie.com\\\/actualites\\\/onu-messahel-sadresse-a-la-72eme-session-de-lassemblee-generale\\\/\"]}]},{\"@type\":\"ImageObject\",\"inLanguage\":\"fr-FR\",\"@id\":\"https:\\\/\\\/www.info-algerie.com\\\/actualites\\\/onu-messahel-sadresse-a-la-72eme-session-de-lassemblee-generale\\\/#primaryimage\",\"url\":\"https:\\\/\\\/www.info-algerie.com\\\/actualites\\\/wp-content\\\/uploads\\\/2017\\\/09\\\/b56bb2e8e70051bb4377fce1e7511b24_S-1.jpg\",\"contentUrl\":\"https:\\\/\\\/www.info-algerie.com\\\/actualites\\\/wp-content\\\/uploads\\\/2017\\\/09\\\/b56bb2e8e70051bb4377fce1e7511b24_S-1.jpg\",\"width\":280,\"height\":169},{\"@type\":\"BreadcrumbList\",\"@id\":\"https:\\\/\\\/www.info-algerie.com\\\/actualites\\\/onu-messahel-sadresse-a-la-72eme-session-de-lassemblee-generale\\\/#breadcrumb\",\"itemListElement\":[{\"@type\":\"ListItem\",\"position\":1,\"name\":\"Accueil\",\"item\":\"https:\\\/\\\/www.info-algerie.com\\\/actualites\\\/\"},{\"@type\":\"ListItem\",\"position\":2,\"name\":\"ONU: Messahel s&#039;adresse \u00e0 la 72\u00e8me session de l&#039;Assembl\u00e9e G\u00e9n\u00e9rale\"}]},{\"@type\":\"WebSite\",\"@id\":\"https:\\\/\\\/www.info-algerie.com\\\/actualites\\\/#website\",\"url\":\"https:\\\/\\\/www.info-algerie.com\\\/actualites\\\/\",\"name\":\"info algerie\",\"description\":\"Toutes les actualit\u00e9s\",\"publisher\":{\"@id\":\"https:\\\/\\\/www.info-algerie.com\\\/actualites\\\/#organization\"},\"potentialAction\":[{\"@type\":\"SearchAction\",\"target\":{\"@type\":\"EntryPoint\",\"urlTemplate\":\"https:\\\/\\\/www.info-algerie.com\\\/actualites\\\/?s={search_term_string}\"},\"query-input\":{\"@type\":\"PropertyValueSpecification\",\"valueRequired\":true,\"valueName\":\"search_term_string\"}}],\"inLanguage\":\"fr-FR\"},{\"@type\":\"Organization\",\"@id\":\"https:\\\/\\\/www.info-algerie.com\\\/actualites\\\/#organization\",\"name\":\"info algerie\",\"url\":\"https:\\\/\\\/www.info-algerie.com\\\/actualites\\\/\",\"logo\":{\"@type\":\"ImageObject\",\"inLanguage\":\"fr-FR\",\"@id\":\"https:\\\/\\\/www.info-algerie.com\\\/actualites\\\/#\\\/schema\\\/logo\\\/image\\\/\",\"url\":\"https:\\\/\\\/www.info-algerie.com\\\/actualites\\\/wp-content\\\/uploads\\\/2022\\\/07\\\/logo-ia-120.png\",\"contentUrl\":\"https:\\\/\\\/www.info-algerie.com\\\/actualites\\\/wp-content\\\/uploads\\\/2022\\\/07\\\/logo-ia-120.png\",\"width\":120,\"height\":43,\"caption\":\"info algerie\"},\"image\":{\"@id\":\"https:\\\/\\\/www.info-algerie.com\\\/actualites\\\/#\\\/schema\\\/logo\\\/image\\\/\"},\"sameAs\":[\"https:\\\/\\\/www.facebook.com\\\/infoalgerieactu\",\"https:\\\/\\\/x.com\\\/infoalgerie1\"]},{\"@type\":\"Person\",\"@id\":\"https:\\\/\\\/www.info-algerie.com\\\/actualites\\\/#\\\/schema\\\/person\\\/847aaec44920825b843a08f30ec6aa1e\",\"name\":\"La r\u00e9daction\",\"image\":{\"@type\":\"ImageObject\",\"inLanguage\":\"fr-FR\",\"@id\":\"https:\\\/\\\/secure.gravatar.com\\\/avatar\\\/769db425c6f465158149f1ffd6cf61ce7a8a879d11dfbef8288af36dfddd418c?s=96&d=mm&r=g\",\"url\":\"https:\\\/\\\/secure.gravatar.com\\\/avatar\\\/769db425c6f465158149f1ffd6cf61ce7a8a879d11dfbef8288af36dfddd418c?s=96&d=mm&r=g\",\"contentUrl\":\"https:\\\/\\\/secure.gravatar.com\\\/avatar\\\/769db425c6f465158149f1ffd6cf61ce7a8a879d11dfbef8288af36dfddd418c?s=96&d=mm&r=g\",\"caption\":\"La r\u00e9daction\"},\"sameAs\":[\"http:\\\/\\\/www.lkeria.com\\\/\"],\"url\":\"https:\\\/\\\/www.info-algerie.com\\\/actualites\\\/author\\\/chakib32\\\/\"}]}<\/script>\n<!-- \/ Yoast SEO plugin. -->","yoast_head_json":{"title":"ONU: Messahel s&#039;adresse \u00e0 la 72\u00e8me session de l&#039;Assembl\u00e9e G\u00e9n\u00e9rale - info algerie","robots":{"index":"index","follow":"follow","max-snippet":"max-snippet:-1","max-image-preview":"max-image-preview:large","max-video-preview":"max-video-preview:-1"},"canonical":"https:\/\/www.info-algerie.com\/actualites\/onu-messahel-sadresse-a-la-72eme-session-de-lassemblee-generale\/","og_locale":"fr_FR","og_type":"article","og_title":"ONU: Messahel s&#039;adresse \u00e0 la 72\u00e8me session de l&#039;Assembl\u00e9e G\u00e9n\u00e9rale - info algerie","og_description":"NEW-YORK- Le ministre des Affaires \u00e9trang\u00e8res, Abdelkader Messahel a prononc\u00e9, vendredi \u00e0 New-York, un discours devant la 72\u00e8me session de l&rsquo;Assembl\u00e9e G\u00e9n\u00e9rale de l&rsquo;ONU, dans lequel il a expos\u00e9 la vision de l&rsquo;Alg\u00e9rie et sa position sur les principales questions qui pr\u00e9occupent la communaut\u00e9 internationale et qui occupent le devant de la sc\u00e8ne mondiale. &#013;","og_url":"https:\/\/www.info-algerie.com\/actualites\/onu-messahel-sadresse-a-la-72eme-session-de-lassemblee-generale\/","og_site_name":"info algerie","article_publisher":"https:\/\/www.facebook.com\/infoalgerieactu","article_published_time":"2017-09-23T07:14:18+00:00","og_image":[{"width":280,"height":169,"url":"https:\/\/www.info-algerie.com\/actualites\/wp-content\/uploads\/2017\/09\/b56bb2e8e70051bb4377fce1e7511b24_S-1.jpg","type":"image\/jpeg"}],"author":"La r\u00e9daction","twitter_misc":{"\u00c9crit par":"La r\u00e9daction","Dur\u00e9e de lecture estim\u00e9e":"6 minutes"},"schema":{"@context":"https:\/\/schema.org","@graph":[{"@type":"Article","@id":"https:\/\/www.info-algerie.com\/actualites\/onu-messahel-sadresse-a-la-72eme-session-de-lassemblee-generale\/#article","isPartOf":{"@id":"https:\/\/www.info-algerie.com\/actualites\/onu-messahel-sadresse-a-la-72eme-session-de-lassemblee-generale\/"},"author":{"name":"La r\u00e9daction","@id":"https:\/\/www.info-algerie.com\/actualites\/#\/schema\/person\/847aaec44920825b843a08f30ec6aa1e"},"headline":"ONU: Messahel s&#039;adresse \u00e0 la 72\u00e8me session de l&#039;Assembl\u00e9e G\u00e9n\u00e9rale","datePublished":"2017-09-23T07:14:18+00:00","mainEntityOfPage":{"@id":"https:\/\/www.info-algerie.com\/actualites\/onu-messahel-sadresse-a-la-72eme-session-de-lassemblee-generale\/"},"wordCount":1357,"commentCount":0,"publisher":{"@id":"https:\/\/www.info-algerie.com\/actualites\/#organization"},"image":{"@id":"https:\/\/www.info-algerie.com\/actualites\/onu-messahel-sadresse-a-la-72eme-session-de-lassemblee-generale\/#primaryimage"},"thumbnailUrl":"https:\/\/www.info-algerie.com\/actualites\/wp-content\/uploads\/2017\/09\/b56bb2e8e70051bb4377fce1e7511b24_S-1.jpg","keywords":["ONU"],"articleSection":["infos"],"inLanguage":"fr-FR","potentialAction":[{"@type":"CommentAction","name":"Comment","target":["https:\/\/www.info-algerie.com\/actualites\/onu-messahel-sadresse-a-la-72eme-session-de-lassemblee-generale\/#respond"]}]},{"@type":"WebPage","@id":"https:\/\/www.info-algerie.com\/actualites\/onu-messahel-sadresse-a-la-72eme-session-de-lassemblee-generale\/","url":"https:\/\/www.info-algerie.com\/actualites\/onu-messahel-sadresse-a-la-72eme-session-de-lassemblee-generale\/","name":"ONU: Messahel s&#039;adresse \u00e0 la 72\u00e8me session de l&#039;Assembl\u00e9e G\u00e9n\u00e9rale - info algerie","isPartOf":{"@id":"https:\/\/www.info-algerie.com\/actualites\/#website"},"primaryImageOfPage":{"@id":"https:\/\/www.info-algerie.com\/actualites\/onu-messahel-sadresse-a-la-72eme-session-de-lassemblee-generale\/#primaryimage"},"image":{"@id":"https:\/\/www.info-algerie.com\/actualites\/onu-messahel-sadresse-a-la-72eme-session-de-lassemblee-generale\/#primaryimage"},"thumbnailUrl":"https:\/\/www.info-algerie.com\/actualites\/wp-content\/uploads\/2017\/09\/b56bb2e8e70051bb4377fce1e7511b24_S-1.jpg","datePublished":"2017-09-23T07:14:18+00:00","breadcrumb":{"@id":"https:\/\/www.info-algerie.com\/actualites\/onu-messahel-sadresse-a-la-72eme-session-de-lassemblee-generale\/#breadcrumb"},"inLanguage":"fr-FR","potentialAction":[{"@type":"ReadAction","target":["https:\/\/www.info-algerie.com\/actualites\/onu-messahel-sadresse-a-la-72eme-session-de-lassemblee-generale\/"]}]},{"@type":"ImageObject","inLanguage":"fr-FR","@id":"https:\/\/www.info-algerie.com\/actualites\/onu-messahel-sadresse-a-la-72eme-session-de-lassemblee-generale\/#primaryimage","url":"https:\/\/www.info-algerie.com\/actualites\/wp-content\/uploads\/2017\/09\/b56bb2e8e70051bb4377fce1e7511b24_S-1.jpg","contentUrl":"https:\/\/www.info-algerie.com\/actualites\/wp-content\/uploads\/2017\/09\/b56bb2e8e70051bb4377fce1e7511b24_S-1.jpg","width":280,"height":169},{"@type":"BreadcrumbList","@id":"https:\/\/www.info-algerie.com\/actualites\/onu-messahel-sadresse-a-la-72eme-session-de-lassemblee-generale\/#breadcrumb","itemListElement":[{"@type":"ListItem","position":1,"name":"Accueil","item":"https:\/\/www.info-algerie.com\/actualites\/"},{"@type":"ListItem","position":2,"name":"ONU: Messahel s&#039;adresse \u00e0 la 72\u00e8me session de l&#039;Assembl\u00e9e G\u00e9n\u00e9rale"}]},{"@type":"WebSite","@id":"https:\/\/www.info-algerie.com\/actualites\/#website","url":"https:\/\/www.info-algerie.com\/actualites\/","name":"info algerie","description":"Toutes les actualit\u00e9s","publisher":{"@id":"https:\/\/www.info-algerie.com\/actualites\/#organization"},"potentialAction":[{"@type":"SearchAction","target":{"@type":"EntryPoint","urlTemplate":"https:\/\/www.info-algerie.com\/actualites\/?s={search_term_string}"},"query-input":{"@type":"PropertyValueSpecification","valueRequired":true,"valueName":"search_term_string"}}],"inLanguage":"fr-FR"},{"@type":"Organization","@id":"https:\/\/www.info-algerie.com\/actualites\/#organization","name":"info algerie","url":"https:\/\/www.info-algerie.com\/actualites\/","logo":{"@type":"ImageObject","inLanguage":"fr-FR","@id":"https:\/\/www.info-algerie.com\/actualites\/#\/schema\/logo\/image\/","url":"https:\/\/www.info-algerie.com\/actualites\/wp-content\/uploads\/2022\/07\/logo-ia-120.png","contentUrl":"https:\/\/www.info-algerie.com\/actualites\/wp-content\/uploads\/2022\/07\/logo-ia-120.png","width":120,"height":43,"caption":"info algerie"},"image":{"@id":"https:\/\/www.info-algerie.com\/actualites\/#\/schema\/logo\/image\/"},"sameAs":["https:\/\/www.facebook.com\/infoalgerieactu","https:\/\/x.com\/infoalgerie1"]},{"@type":"Person","@id":"https:\/\/www.info-algerie.com\/actualites\/#\/schema\/person\/847aaec44920825b843a08f30ec6aa1e","name":"La r\u00e9daction","image":{"@type":"ImageObject","inLanguage":"fr-FR","@id":"https:\/\/secure.gravatar.com\/avatar\/769db425c6f465158149f1ffd6cf61ce7a8a879d11dfbef8288af36dfddd418c?s=96&d=mm&r=g","url":"https:\/\/secure.gravatar.com\/avatar\/769db425c6f465158149f1ffd6cf61ce7a8a879d11dfbef8288af36dfddd418c?s=96&d=mm&r=g","contentUrl":"https:\/\/secure.gravatar.com\/avatar\/769db425c6f465158149f1ffd6cf61ce7a8a879d11dfbef8288af36dfddd418c?s=96&d=mm&r=g","caption":"La r\u00e9daction"},"sameAs":["http:\/\/www.lkeria.com\/"],"url":"https:\/\/www.info-algerie.com\/actualites\/author\/chakib32\/"}]}},"_links":{"self":[{"href":"https:\/\/www.info-algerie.com\/actualites\/wp-json\/wp\/v2\/posts\/16216","targetHints":{"allow":["GET"]}}],"collection":[{"href":"https:\/\/www.info-algerie.com\/actualites\/wp-json\/wp\/v2\/posts"}],"about":[{"href":"https:\/\/www.info-algerie.com\/actualites\/wp-json\/wp\/v2\/types\/post"}],"author":[{"embeddable":true,"href":"https:\/\/www.info-algerie.com\/actualites\/wp-json\/wp\/v2\/users\/6"}],"replies":[{"embeddable":true,"href":"https:\/\/www.info-algerie.com\/actualites\/wp-json\/wp\/v2\/comments?post=16216"}],"version-history":[{"count":0,"href":"https:\/\/www.info-algerie.com\/actualites\/wp-json\/wp\/v2\/posts\/16216\/revisions"}],"wp:featuredmedia":[{"embeddable":true,"href":"https:\/\/www.info-algerie.com\/actualites\/wp-json\/wp\/v2\/media\/16217"}],"wp:attachment":[{"href":"https:\/\/www.info-algerie.com\/actualites\/wp-json\/wp\/v2\/media?parent=16216"}],"wp:term":[{"taxonomy":"category","embeddable":true,"href":"https:\/\/www.info-algerie.com\/actualites\/wp-json\/wp\/v2\/categories?post=16216"},{"taxonomy":"post_tag","embeddable":true,"href":"https:\/\/www.info-algerie.com\/actualites\/wp-json\/wp\/v2\/tags?post=16216"}],"curies":[{"name":"wp","href":"https:\/\/api.w.org\/{rel}","templated":true}]}}