{"id":16222,"date":"2017-09-23T16:39:32","date_gmt":"2017-09-23T15:39:32","guid":{"rendered":"http:\/\/www.info-algerie.com\/actualites\/elections-locales-expiration-dimanche-a-minuit-des-delais-de-depot-des-listes-de-candidatures\/"},"modified":"2017-09-23T16:39:32","modified_gmt":"2017-09-23T15:39:32","slug":"elections-locales-expiration-dimanche-a-minuit-des-delais-de-depot-des-listes-de-candidatures","status":"publish","type":"post","link":"https:\/\/www.info-algerie.com\/actualites\/elections-locales-expiration-dimanche-a-minuit-des-delais-de-depot-des-listes-de-candidatures\/","title":{"rendered":"Elections locales : expiration dimanche \u00e0 minuit des d\u00e9lais de d\u00e9p\u00f4t des\u00a0 listes de candidatures\u00a0"},"content":{"rendered":"<div class=\"K2FeedImage\"><img decoding=\"async\" src=\"https:\/\/www.info-algerie.com\/actualites\/wp-content\/uploads\/2017\/09\/1b2107c5e71d0b245fcb6eec0ae649db_S.jpg\" alt=\"Elections locales : expiration dimanche &#xE0; minuit des d&#xE9;lais de d&#xE9;p&#xF4;t des&#xA0; listes de candidatures&#xA0;\" \/><\/div>\n<div class=\"K2FeedIntroText\">\n<p>ALGER &#8211; La p\u00e9riode r\u00e9serv\u00e9e au d\u00e9p\u00f4t des listes de\u00a0 candidatures au niveau des wilayas dans le cadre des \u00e9lections des membres\u00a0 des Assembl\u00e9es populaires communales et de wilayas du 23 novembre expire le\u00a0 dimanche 24 septembre 2017 \u00e0 minuit, selon les dispositions r\u00e9glementaires\u00a0 en vigueur.<\/p>\n<p>&#013;\n<\/p><\/div>\n<div class=\"K2FeedFullText\">&#013;<\/p>\n<p>Le minist\u00e8re de l&rsquo;Int\u00e9rieur, des Collectivit\u00e9s locales et de l&rsquo;Am\u00e9nagement\u00a0 du territoire avait rappel\u00e9 jeudi dans un communiqu\u00e9 les partis politiques\u00a0 et ceux qui comptent se pr\u00e9senter\u00a0 en listes ind\u00e9pendantes que \u00ab\u00a0la p\u00e9riode r\u00e9serv\u00e9e au d\u00e9p\u00f4t des listes de\u00a0 candidatures au niveau des wilayas s&rsquo;ach\u00e8ve le dimanche 24 septembre 2017 \u00e0\u00a0 minuit\u00a0\u00bb.\u00a0<\/p>\n<p>&#013;<\/p>\n<p>\u00ab\u00a0Dans le cadre des \u00e9lections des membres des assembl\u00e9es populaires\u00a0 communales et de wilayas du jeudi 23 novembre 2017 et en application des\u00a0 dispositions de l&rsquo;article 74 de la loi organique n 16-10 du 25 ao\u00fbt 2016\u00a0<\/p>\n<p>&#013;<\/p>\n<p>relative au r\u00e9gime \u00e9lectoral qui pr\u00e9voit que le d\u00e9lai r\u00e9serv\u00e9 au d\u00e9p\u00f4t des\u00a0 listes de candidatures s&rsquo;ach\u00e8ve soixante (60) jours francs avant la date du\u00a0 scrutin\u00a0\u00bb, a expliqu\u00e9 la m\u00eame source.\u00a0<\/p>\n<p>&#013;<\/p>\n<p>Le minist\u00e8re de l&rsquo;Int\u00e9rieur avait rappel\u00e9 auparavant, \u00e0 l&rsquo;adresse des\u00a0 formations politiques d\u00e9sirant constituer des alliances, les dispositions\u00a0 contenues dans la loi organique relative au r\u00e9gime \u00e9lectoral.<\/p>\n<p>&#013;<\/p>\n<p>Dans ce contexte, le minist\u00e8re a pr\u00e9cis\u00e9 qu&rsquo;en cas d&rsquo;alliance entre deux\u00a0 (2) partis politiques et plus, celle-ci \u00ab\u00a0doit \u00eatre constitu\u00e9e par les\u00a0 premiers responsables des partis politiques qui la composent et doit\u00a0 rev\u00eatir un caract\u00e8re national\u00a0\u00bb.<\/p>\n<p>&#013;<\/p>\n<p>N\u00e9anmoins, les partis politiques composant l&rsquo;alliance nationale \u00ab\u00a0peuvent\u00a0 pr\u00e9senter des listes de candidatures \u00e0 titre individuel, et cela uniquement\u00a0 au niveau des circonscriptions \u00e9lectorales d\u00e9pendant de la m\u00eame wilaya\u00a0 (soit communales ou de wilaya) o\u00f9 l&rsquo;alliance nationale ne s&rsquo;est pas\u00a0 pr\u00e9sent\u00e9e\u00a0\u00bb.<\/p>\n<p>&#013;<\/p>\n<p>\u00ab\u00a0A ce titre, les listes de candidatures au niveau de la m\u00eame wilaya\u00a0 (l&rsquo;ensemble des circonscriptions \u00e9lectorales communales ou de wilaya) sont\u00a0 d\u00e9pos\u00e9es, soit au titre de l&rsquo;alliance nationale, soit \u00e0 titre individuel\u00a0 par chaque parti politique composant cette alliance nationale\u00a0\u00bb.<\/p>\n<p>&#013;<\/p>\n<p>Les partis politiques sont appel\u00e9s \u00e0 remettre aux services du minist\u00e8re de\u00a0 l&rsquo;Int\u00e9rieur, le document justificatif fondant leur alliance nationale,\u00a0 \u00ab\u00a0d\u00fbment sign\u00e9 par les responsables des partis politiques concern\u00e9s, avant\u00a0 le d\u00e9p\u00f4t des listes de candidatures aux fins de sa diffusion et prise en\u00a0 compte au niveau des wilayas\u00a0\u00bb.\u00a0<\/p>\n<p>&#013;<\/p>\n<p>Au chapitre des inscriptions des \u00e9lecteurs en perspective de cette joute,\u00a0 un total de 691 727 nouveaux inscrits ont \u00e9t\u00e9 enregistr\u00e9s dans l&rsquo;op\u00e9ration\u00a0 de la r\u00e9vision exceptionnelle des listes \u00e9lectorales, selon le directeur\u00a0 g\u00e9n\u00e9ral des libert\u00e9s et des affaires juridiques au minist\u00e8re de\u00a0 l&rsquo;Int\u00e9rieur, des Collectivit\u00e9s locales et de l&rsquo;Am\u00e9nagement du territoire,\u00a0 Lakhdar Amara.<\/p>\n<p>&#013;<\/p>\n<p>\u00ab\u00a0L&rsquo;op\u00e9ration de r\u00e9vision des listes \u00e9lectorales qui s&rsquo;est \u00e9tal\u00e9e du 30 ao\u00fbt au 13 septembre a vu enregistrement de 691 727 nouveaux inscrits, dont\u00a0 49 170 ont atteint l&rsquo;\u00e2ge de 18 ans, 210 579 ayant chang\u00e9 de lieu de\u00a0 r\u00e9sidence et 412 774 sont ceux ayant atteints l&rsquo;\u00e2ge mais qui n&rsquo;ont jamais\u00a0 \u00e9t\u00e9 inscrits\u00a0\u00bb, a-t-il soulign\u00e9 lors d&rsquo;une conf\u00e9rence de presse.<\/p>\n<p>&#013;<\/p>\n<p>\u00a0<\/p>\n<p>&#013;<\/p>\n<p>Le m\u00eame responsable avait ajout\u00e9, que l&rsquo;op\u00e9ration a d\u00e9bouch\u00e9 \u00e9galement sur\u00a0 la radiation de 360 291 personnes dont 63 725 pour d\u00e9c\u00e8s, 118 031\u00a0 d&rsquo;inscrits qui cumulaient des inscriptions, 173 186 personnes suite \u00e0 un\u00a0 changement de lieu de r\u00e9sidence et 1278 inscrits qui ont perdu la qualit\u00e9\u00a0 d&rsquo;\u00e9lecteur. \u00a0<\/p>\n<\/div>\n<p>&#013;<br \/>\nSource: <a href=\"http:\/\/www.aps.dz\/algerie\/63152-elections-locales-expiration-dimanche-a-minuit-des-delais-de-depot-des-listes-de-candidatures\" target=\"_blank\">Elections locales : expiration dimanche \u00e0 minuit des d\u00e9lais de d\u00e9p\u00f4t des\u00a0 listes de candidatures\u00a0<\/a><\/p>\n<!--CusAds0-->\n<div style=\"font-size: 0px; height: 0px; line-height: 0px; margin: 0; padding: 0; clear: both;\"><\/div>","protected":false},"excerpt":{"rendered":"<p>ALGER &#8211; La p\u00e9riode r\u00e9serv\u00e9e au d\u00e9p\u00f4t des listes de\u00a0 candidatures au niveau des wilayas dans le cadre des \u00e9lections des membres\u00a0 des Assembl\u00e9es populaires communales et de wilayas du 23 novembre expire le\u00a0 dimanche 24 septembre 2017 \u00e0 minuit, selon les dispositions r\u00e9glementaires\u00a0 en vigueur. &#013; &#013; Le minist\u00e8re de l&rsquo;Int\u00e9rieur, des Collectivit\u00e9s locales<\/p>\n","protected":false},"author":6,"featured_media":16223,"comment_status":"open","ping_status":"open","sticky":false,"template":"","format":"standard","meta":{"footnotes":""},"categories":[22],"tags":[93],"class_list":["post-16222","post","type-post","status-publish","format-standard","has-post-thumbnail","hentry","category-infos","tag-onu"],"yoast_head":"<!-- This site is optimized with the Yoast SEO plugin v27.5 - https:\/\/yoast.com\/product\/yoast-seo-wordpress\/ -->\n<title>Elections locales : expiration dimanche \u00e0 minuit des d\u00e9lais de d\u00e9p\u00f4t des\u00a0 listes de candidatures\u00a0 - info algerie<\/title>\n<meta name=\"robots\" content=\"index, follow, max-snippet:-1, max-image-preview:large, max-video-preview:-1\" \/>\n<link rel=\"canonical\" href=\"https:\/\/www.info-algerie.com\/actualites\/elections-locales-expiration-dimanche-a-minuit-des-delais-de-depot-des-listes-de-candidatures\/\" \/>\n<meta property=\"og:locale\" content=\"fr_FR\" \/>\n<meta property=\"og:type\" content=\"article\" \/>\n<meta property=\"og:title\" content=\"Elections locales : expiration dimanche \u00e0 minuit des d\u00e9lais de d\u00e9p\u00f4t des\u00a0 listes de candidatures\u00a0 - info algerie\" \/>\n<meta property=\"og:description\" content=\"ALGER &#8211; La p\u00e9riode r\u00e9serv\u00e9e au d\u00e9p\u00f4t des listes de\u00a0 candidatures au niveau des wilayas dans le cadre des \u00e9lections des membres\u00a0 des Assembl\u00e9es populaires communales et de wilayas du 23 novembre expire le\u00a0 dimanche 24 septembre 2017 \u00e0 minuit, selon les dispositions r\u00e9glementaires\u00a0 en vigueur. &#013; &#013; Le minist\u00e8re de l&rsquo;Int\u00e9rieur, des Collectivit\u00e9s locales\" \/>\n<meta property=\"og:url\" content=\"https:\/\/www.info-algerie.com\/actualites\/elections-locales-expiration-dimanche-a-minuit-des-delais-de-depot-des-listes-de-candidatures\/\" \/>\n<meta property=\"og:site_name\" content=\"info algerie\" \/>\n<meta property=\"article:publisher\" content=\"https:\/\/www.facebook.com\/infoalgerieactu\" \/>\n<meta property=\"article:published_time\" content=\"2017-09-23T15:39:32+00:00\" \/>\n<meta property=\"og:image\" content=\"https:\/\/www.info-algerie.com\/actualites\/wp-content\/uploads\/2017\/09\/1b2107c5e71d0b245fcb6eec0ae649db_S-1.jpg\" \/>\n\t<meta property=\"og:image:width\" content=\"280\" \/>\n\t<meta property=\"og:image:height\" content=\"158\" \/>\n\t<meta property=\"og:image:type\" content=\"image\/jpeg\" \/>\n<meta name=\"author\" content=\"La r\u00e9daction\" \/>\n<meta name=\"twitter:label1\" content=\"\u00c9crit par\" \/>\n\t<meta name=\"twitter:data1\" content=\"La r\u00e9daction\" \/>\n\t<meta name=\"twitter:label2\" content=\"Dur\u00e9e de lecture estim\u00e9e\" \/>\n\t<meta name=\"twitter:data2\" content=\"3 minutes\" \/>\n<script type=\"application\/ld+json\" class=\"yoast-schema-graph\">{\"@context\":\"https:\\\/\\\/schema.org\",\"@graph\":[{\"@type\":\"Article\",\"@id\":\"https:\\\/\\\/www.info-algerie.com\\\/actualites\\\/elections-locales-expiration-dimanche-a-minuit-des-delais-de-depot-des-listes-de-candidatures\\\/#article\",\"isPartOf\":{\"@id\":\"https:\\\/\\\/www.info-algerie.com\\\/actualites\\\/elections-locales-expiration-dimanche-a-minuit-des-delais-de-depot-des-listes-de-candidatures\\\/\"},\"author\":{\"name\":\"La r\u00e9daction\",\"@id\":\"https:\\\/\\\/www.info-algerie.com\\\/actualites\\\/#\\\/schema\\\/person\\\/847aaec44920825b843a08f30ec6aa1e\"},\"headline\":\"Elections locales : expiration dimanche \u00e0 minuit des d\u00e9lais de d\u00e9p\u00f4t des\u00a0 listes de candidatures\u00a0\",\"datePublished\":\"2017-09-23T15:39:32+00:00\",\"mainEntityOfPage\":{\"@id\":\"https:\\\/\\\/www.info-algerie.com\\\/actualites\\\/elections-locales-expiration-dimanche-a-minuit-des-delais-de-depot-des-listes-de-candidatures\\\/\"},\"wordCount\":620,\"commentCount\":0,\"publisher\":{\"@id\":\"https:\\\/\\\/www.info-algerie.com\\\/actualites\\\/#organization\"},\"image\":{\"@id\":\"https:\\\/\\\/www.info-algerie.com\\\/actualites\\\/elections-locales-expiration-dimanche-a-minuit-des-delais-de-depot-des-listes-de-candidatures\\\/#primaryimage\"},\"thumbnailUrl\":\"https:\\\/\\\/www.info-algerie.com\\\/actualites\\\/wp-content\\\/uploads\\\/2017\\\/09\\\/1b2107c5e71d0b245fcb6eec0ae649db_S-1.jpg\",\"keywords\":[\"ONU\"],\"articleSection\":[\"infos\"],\"inLanguage\":\"fr-FR\",\"potentialAction\":[{\"@type\":\"CommentAction\",\"name\":\"Comment\",\"target\":[\"https:\\\/\\\/www.info-algerie.com\\\/actualites\\\/elections-locales-expiration-dimanche-a-minuit-des-delais-de-depot-des-listes-de-candidatures\\\/#respond\"]}]},{\"@type\":\"WebPage\",\"@id\":\"https:\\\/\\\/www.info-algerie.com\\\/actualites\\\/elections-locales-expiration-dimanche-a-minuit-des-delais-de-depot-des-listes-de-candidatures\\\/\",\"url\":\"https:\\\/\\\/www.info-algerie.com\\\/actualites\\\/elections-locales-expiration-dimanche-a-minuit-des-delais-de-depot-des-listes-de-candidatures\\\/\",\"name\":\"Elections locales : expiration dimanche \u00e0 minuit des d\u00e9lais de d\u00e9p\u00f4t des\u00a0 listes de candidatures\u00a0 - info algerie\",\"isPartOf\":{\"@id\":\"https:\\\/\\\/www.info-algerie.com\\\/actualites\\\/#website\"},\"primaryImageOfPage\":{\"@id\":\"https:\\\/\\\/www.info-algerie.com\\\/actualites\\\/elections-locales-expiration-dimanche-a-minuit-des-delais-de-depot-des-listes-de-candidatures\\\/#primaryimage\"},\"image\":{\"@id\":\"https:\\\/\\\/www.info-algerie.com\\\/actualites\\\/elections-locales-expiration-dimanche-a-minuit-des-delais-de-depot-des-listes-de-candidatures\\\/#primaryimage\"},\"thumbnailUrl\":\"https:\\\/\\\/www.info-algerie.com\\\/actualites\\\/wp-content\\\/uploads\\\/2017\\\/09\\\/1b2107c5e71d0b245fcb6eec0ae649db_S-1.jpg\",\"datePublished\":\"2017-09-23T15:39:32+00:00\",\"breadcrumb\":{\"@id\":\"https:\\\/\\\/www.info-algerie.com\\\/actualites\\\/elections-locales-expiration-dimanche-a-minuit-des-delais-de-depot-des-listes-de-candidatures\\\/#breadcrumb\"},\"inLanguage\":\"fr-FR\",\"potentialAction\":[{\"@type\":\"ReadAction\",\"target\":[\"https:\\\/\\\/www.info-algerie.com\\\/actualites\\\/elections-locales-expiration-dimanche-a-minuit-des-delais-de-depot-des-listes-de-candidatures\\\/\"]}]},{\"@type\":\"ImageObject\",\"inLanguage\":\"fr-FR\",\"@id\":\"https:\\\/\\\/www.info-algerie.com\\\/actualites\\\/elections-locales-expiration-dimanche-a-minuit-des-delais-de-depot-des-listes-de-candidatures\\\/#primaryimage\",\"url\":\"https:\\\/\\\/www.info-algerie.com\\\/actualites\\\/wp-content\\\/uploads\\\/2017\\\/09\\\/1b2107c5e71d0b245fcb6eec0ae649db_S-1.jpg\",\"contentUrl\":\"https:\\\/\\\/www.info-algerie.com\\\/actualites\\\/wp-content\\\/uploads\\\/2017\\\/09\\\/1b2107c5e71d0b245fcb6eec0ae649db_S-1.jpg\",\"width\":280,\"height\":158},{\"@type\":\"BreadcrumbList\",\"@id\":\"https:\\\/\\\/www.info-algerie.com\\\/actualites\\\/elections-locales-expiration-dimanche-a-minuit-des-delais-de-depot-des-listes-de-candidatures\\\/#breadcrumb\",\"itemListElement\":[{\"@type\":\"ListItem\",\"position\":1,\"name\":\"Accueil\",\"item\":\"https:\\\/\\\/www.info-algerie.com\\\/actualites\\\/\"},{\"@type\":\"ListItem\",\"position\":2,\"name\":\"Elections locales : expiration dimanche \u00e0 minuit des d\u00e9lais de d\u00e9p\u00f4t des\u00a0 listes de candidatures\u00a0\"}]},{\"@type\":\"WebSite\",\"@id\":\"https:\\\/\\\/www.info-algerie.com\\\/actualites\\\/#website\",\"url\":\"https:\\\/\\\/www.info-algerie.com\\\/actualites\\\/\",\"name\":\"info algerie\",\"description\":\"Toutes les actualit\u00e9s\",\"publisher\":{\"@id\":\"https:\\\/\\\/www.info-algerie.com\\\/actualites\\\/#organization\"},\"potentialAction\":[{\"@type\":\"SearchAction\",\"target\":{\"@type\":\"EntryPoint\",\"urlTemplate\":\"https:\\\/\\\/www.info-algerie.com\\\/actualites\\\/?s={search_term_string}\"},\"query-input\":{\"@type\":\"PropertyValueSpecification\",\"valueRequired\":true,\"valueName\":\"search_term_string\"}}],\"inLanguage\":\"fr-FR\"},{\"@type\":\"Organization\",\"@id\":\"https:\\\/\\\/www.info-algerie.com\\\/actualites\\\/#organization\",\"name\":\"info algerie\",\"url\":\"https:\\\/\\\/www.info-algerie.com\\\/actualites\\\/\",\"logo\":{\"@type\":\"ImageObject\",\"inLanguage\":\"fr-FR\",\"@id\":\"https:\\\/\\\/www.info-algerie.com\\\/actualites\\\/#\\\/schema\\\/logo\\\/image\\\/\",\"url\":\"https:\\\/\\\/www.info-algerie.com\\\/actualites\\\/wp-content\\\/uploads\\\/2022\\\/07\\\/logo-ia-120.png\",\"contentUrl\":\"https:\\\/\\\/www.info-algerie.com\\\/actualites\\\/wp-content\\\/uploads\\\/2022\\\/07\\\/logo-ia-120.png\",\"width\":120,\"height\":43,\"caption\":\"info algerie\"},\"image\":{\"@id\":\"https:\\\/\\\/www.info-algerie.com\\\/actualites\\\/#\\\/schema\\\/logo\\\/image\\\/\"},\"sameAs\":[\"https:\\\/\\\/www.facebook.com\\\/infoalgerieactu\",\"https:\\\/\\\/x.com\\\/infoalgerie1\"]},{\"@type\":\"Person\",\"@id\":\"https:\\\/\\\/www.info-algerie.com\\\/actualites\\\/#\\\/schema\\\/person\\\/847aaec44920825b843a08f30ec6aa1e\",\"name\":\"La r\u00e9daction\",\"image\":{\"@type\":\"ImageObject\",\"inLanguage\":\"fr-FR\",\"@id\":\"https:\\\/\\\/secure.gravatar.com\\\/avatar\\\/769db425c6f465158149f1ffd6cf61ce7a8a879d11dfbef8288af36dfddd418c?s=96&d=mm&r=g\",\"url\":\"https:\\\/\\\/secure.gravatar.com\\\/avatar\\\/769db425c6f465158149f1ffd6cf61ce7a8a879d11dfbef8288af36dfddd418c?s=96&d=mm&r=g\",\"contentUrl\":\"https:\\\/\\\/secure.gravatar.com\\\/avatar\\\/769db425c6f465158149f1ffd6cf61ce7a8a879d11dfbef8288af36dfddd418c?s=96&d=mm&r=g\",\"caption\":\"La r\u00e9daction\"},\"sameAs\":[\"http:\\\/\\\/www.lkeria.com\\\/\"],\"url\":\"https:\\\/\\\/www.info-algerie.com\\\/actualites\\\/author\\\/chakib32\\\/\"}]}<\/script>\n<!-- \/ Yoast SEO plugin. -->","yoast_head_json":{"title":"Elections locales : expiration dimanche \u00e0 minuit des d\u00e9lais de d\u00e9p\u00f4t des\u00a0 listes de candidatures\u00a0 - info algerie","robots":{"index":"index","follow":"follow","max-snippet":"max-snippet:-1","max-image-preview":"max-image-preview:large","max-video-preview":"max-video-preview:-1"},"canonical":"https:\/\/www.info-algerie.com\/actualites\/elections-locales-expiration-dimanche-a-minuit-des-delais-de-depot-des-listes-de-candidatures\/","og_locale":"fr_FR","og_type":"article","og_title":"Elections locales : expiration dimanche \u00e0 minuit des d\u00e9lais de d\u00e9p\u00f4t des\u00a0 listes de candidatures\u00a0 - info algerie","og_description":"ALGER &#8211; La p\u00e9riode r\u00e9serv\u00e9e au d\u00e9p\u00f4t des listes de\u00a0 candidatures au niveau des wilayas dans le cadre des \u00e9lections des membres\u00a0 des Assembl\u00e9es populaires communales et de wilayas du 23 novembre expire le\u00a0 dimanche 24 septembre 2017 \u00e0 minuit, selon les dispositions r\u00e9glementaires\u00a0 en vigueur. &#013; &#013; Le minist\u00e8re de l&rsquo;Int\u00e9rieur, des Collectivit\u00e9s locales","og_url":"https:\/\/www.info-algerie.com\/actualites\/elections-locales-expiration-dimanche-a-minuit-des-delais-de-depot-des-listes-de-candidatures\/","og_site_name":"info algerie","article_publisher":"https:\/\/www.facebook.com\/infoalgerieactu","article_published_time":"2017-09-23T15:39:32+00:00","og_image":[{"width":280,"height":158,"url":"https:\/\/www.info-algerie.com\/actualites\/wp-content\/uploads\/2017\/09\/1b2107c5e71d0b245fcb6eec0ae649db_S-1.jpg","type":"image\/jpeg"}],"author":"La r\u00e9daction","twitter_misc":{"\u00c9crit par":"La r\u00e9daction","Dur\u00e9e de lecture estim\u00e9e":"3 minutes"},"schema":{"@context":"https:\/\/schema.org","@graph":[{"@type":"Article","@id":"https:\/\/www.info-algerie.com\/actualites\/elections-locales-expiration-dimanche-a-minuit-des-delais-de-depot-des-listes-de-candidatures\/#article","isPartOf":{"@id":"https:\/\/www.info-algerie.com\/actualites\/elections-locales-expiration-dimanche-a-minuit-des-delais-de-depot-des-listes-de-candidatures\/"},"author":{"name":"La r\u00e9daction","@id":"https:\/\/www.info-algerie.com\/actualites\/#\/schema\/person\/847aaec44920825b843a08f30ec6aa1e"},"headline":"Elections locales : expiration dimanche \u00e0 minuit des d\u00e9lais de d\u00e9p\u00f4t des\u00a0 listes de candidatures\u00a0","datePublished":"2017-09-23T15:39:32+00:00","mainEntityOfPage":{"@id":"https:\/\/www.info-algerie.com\/actualites\/elections-locales-expiration-dimanche-a-minuit-des-delais-de-depot-des-listes-de-candidatures\/"},"wordCount":620,"commentCount":0,"publisher":{"@id":"https:\/\/www.info-algerie.com\/actualites\/#organization"},"image":{"@id":"https:\/\/www.info-algerie.com\/actualites\/elections-locales-expiration-dimanche-a-minuit-des-delais-de-depot-des-listes-de-candidatures\/#primaryimage"},"thumbnailUrl":"https:\/\/www.info-algerie.com\/actualites\/wp-content\/uploads\/2017\/09\/1b2107c5e71d0b245fcb6eec0ae649db_S-1.jpg","keywords":["ONU"],"articleSection":["infos"],"inLanguage":"fr-FR","potentialAction":[{"@type":"CommentAction","name":"Comment","target":["https:\/\/www.info-algerie.com\/actualites\/elections-locales-expiration-dimanche-a-minuit-des-delais-de-depot-des-listes-de-candidatures\/#respond"]}]},{"@type":"WebPage","@id":"https:\/\/www.info-algerie.com\/actualites\/elections-locales-expiration-dimanche-a-minuit-des-delais-de-depot-des-listes-de-candidatures\/","url":"https:\/\/www.info-algerie.com\/actualites\/elections-locales-expiration-dimanche-a-minuit-des-delais-de-depot-des-listes-de-candidatures\/","name":"Elections locales : expiration dimanche \u00e0 minuit des d\u00e9lais de d\u00e9p\u00f4t des\u00a0 listes de candidatures\u00a0 - info algerie","isPartOf":{"@id":"https:\/\/www.info-algerie.com\/actualites\/#website"},"primaryImageOfPage":{"@id":"https:\/\/www.info-algerie.com\/actualites\/elections-locales-expiration-dimanche-a-minuit-des-delais-de-depot-des-listes-de-candidatures\/#primaryimage"},"image":{"@id":"https:\/\/www.info-algerie.com\/actualites\/elections-locales-expiration-dimanche-a-minuit-des-delais-de-depot-des-listes-de-candidatures\/#primaryimage"},"thumbnailUrl":"https:\/\/www.info-algerie.com\/actualites\/wp-content\/uploads\/2017\/09\/1b2107c5e71d0b245fcb6eec0ae649db_S-1.jpg","datePublished":"2017-09-23T15:39:32+00:00","breadcrumb":{"@id":"https:\/\/www.info-algerie.com\/actualites\/elections-locales-expiration-dimanche-a-minuit-des-delais-de-depot-des-listes-de-candidatures\/#breadcrumb"},"inLanguage":"fr-FR","potentialAction":[{"@type":"ReadAction","target":["https:\/\/www.info-algerie.com\/actualites\/elections-locales-expiration-dimanche-a-minuit-des-delais-de-depot-des-listes-de-candidatures\/"]}]},{"@type":"ImageObject","inLanguage":"fr-FR","@id":"https:\/\/www.info-algerie.com\/actualites\/elections-locales-expiration-dimanche-a-minuit-des-delais-de-depot-des-listes-de-candidatures\/#primaryimage","url":"https:\/\/www.info-algerie.com\/actualites\/wp-content\/uploads\/2017\/09\/1b2107c5e71d0b245fcb6eec0ae649db_S-1.jpg","contentUrl":"https:\/\/www.info-algerie.com\/actualites\/wp-content\/uploads\/2017\/09\/1b2107c5e71d0b245fcb6eec0ae649db_S-1.jpg","width":280,"height":158},{"@type":"BreadcrumbList","@id":"https:\/\/www.info-algerie.com\/actualites\/elections-locales-expiration-dimanche-a-minuit-des-delais-de-depot-des-listes-de-candidatures\/#breadcrumb","itemListElement":[{"@type":"ListItem","position":1,"name":"Accueil","item":"https:\/\/www.info-algerie.com\/actualites\/"},{"@type":"ListItem","position":2,"name":"Elections locales : expiration dimanche \u00e0 minuit des d\u00e9lais de d\u00e9p\u00f4t des\u00a0 listes de candidatures\u00a0"}]},{"@type":"WebSite","@id":"https:\/\/www.info-algerie.com\/actualites\/#website","url":"https:\/\/www.info-algerie.com\/actualites\/","name":"info algerie","description":"Toutes les actualit\u00e9s","publisher":{"@id":"https:\/\/www.info-algerie.com\/actualites\/#organization"},"potentialAction":[{"@type":"SearchAction","target":{"@type":"EntryPoint","urlTemplate":"https:\/\/www.info-algerie.com\/actualites\/?s={search_term_string}"},"query-input":{"@type":"PropertyValueSpecification","valueRequired":true,"valueName":"search_term_string"}}],"inLanguage":"fr-FR"},{"@type":"Organization","@id":"https:\/\/www.info-algerie.com\/actualites\/#organization","name":"info algerie","url":"https:\/\/www.info-algerie.com\/actualites\/","logo":{"@type":"ImageObject","inLanguage":"fr-FR","@id":"https:\/\/www.info-algerie.com\/actualites\/#\/schema\/logo\/image\/","url":"https:\/\/www.info-algerie.com\/actualites\/wp-content\/uploads\/2022\/07\/logo-ia-120.png","contentUrl":"https:\/\/www.info-algerie.com\/actualites\/wp-content\/uploads\/2022\/07\/logo-ia-120.png","width":120,"height":43,"caption":"info algerie"},"image":{"@id":"https:\/\/www.info-algerie.com\/actualites\/#\/schema\/logo\/image\/"},"sameAs":["https:\/\/www.facebook.com\/infoalgerieactu","https:\/\/x.com\/infoalgerie1"]},{"@type":"Person","@id":"https:\/\/www.info-algerie.com\/actualites\/#\/schema\/person\/847aaec44920825b843a08f30ec6aa1e","name":"La r\u00e9daction","image":{"@type":"ImageObject","inLanguage":"fr-FR","@id":"https:\/\/secure.gravatar.com\/avatar\/769db425c6f465158149f1ffd6cf61ce7a8a879d11dfbef8288af36dfddd418c?s=96&d=mm&r=g","url":"https:\/\/secure.gravatar.com\/avatar\/769db425c6f465158149f1ffd6cf61ce7a8a879d11dfbef8288af36dfddd418c?s=96&d=mm&r=g","contentUrl":"https:\/\/secure.gravatar.com\/avatar\/769db425c6f465158149f1ffd6cf61ce7a8a879d11dfbef8288af36dfddd418c?s=96&d=mm&r=g","caption":"La r\u00e9daction"},"sameAs":["http:\/\/www.lkeria.com\/"],"url":"https:\/\/www.info-algerie.com\/actualites\/author\/chakib32\/"}]}},"_links":{"self":[{"href":"https:\/\/www.info-algerie.com\/actualites\/wp-json\/wp\/v2\/posts\/16222","targetHints":{"allow":["GET"]}}],"collection":[{"href":"https:\/\/www.info-algerie.com\/actualites\/wp-json\/wp\/v2\/posts"}],"about":[{"href":"https:\/\/www.info-algerie.com\/actualites\/wp-json\/wp\/v2\/types\/post"}],"author":[{"embeddable":true,"href":"https:\/\/www.info-algerie.com\/actualites\/wp-json\/wp\/v2\/users\/6"}],"replies":[{"embeddable":true,"href":"https:\/\/www.info-algerie.com\/actualites\/wp-json\/wp\/v2\/comments?post=16222"}],"version-history":[{"count":0,"href":"https:\/\/www.info-algerie.com\/actualites\/wp-json\/wp\/v2\/posts\/16222\/revisions"}],"wp:featuredmedia":[{"embeddable":true,"href":"https:\/\/www.info-algerie.com\/actualites\/wp-json\/wp\/v2\/media\/16223"}],"wp:attachment":[{"href":"https:\/\/www.info-algerie.com\/actualites\/wp-json\/wp\/v2\/media?parent=16222"}],"wp:term":[{"taxonomy":"category","embeddable":true,"href":"https:\/\/www.info-algerie.com\/actualites\/wp-json\/wp\/v2\/categories?post=16222"},{"taxonomy":"post_tag","embeddable":true,"href":"https:\/\/www.info-algerie.com\/actualites\/wp-json\/wp\/v2\/tags?post=16222"}],"curies":[{"name":"wp","href":"https:\/\/api.w.org\/{rel}","templated":true}]}}