{"id":16230,"date":"2017-09-23T20:01:01","date_gmt":"2017-09-23T19:01:01","guid":{"rendered":"http:\/\/www.info-algerie.com\/actualites\/m-messahel-sentretient-a-new-york-avec-son-homologue-nigerian\/"},"modified":"2017-09-23T20:01:01","modified_gmt":"2017-09-23T19:01:01","slug":"m-messahel-sentretient-a-new-york-avec-son-homologue-nigerian","status":"publish","type":"post","link":"https:\/\/www.info-algerie.com\/actualites\/m-messahel-sentretient-a-new-york-avec-son-homologue-nigerian\/","title":{"rendered":"M. Messahel s&#039;entretient \u00e0 New York avec son homologue nig\u00e9rian"},"content":{"rendered":"<div class=\"K2FeedIntroText\">\n<p>ALGER- Le ministre des Affaires \u00e9trang\u00e8res, Abdelkader\u00a0 Messahel, s\u2019est entretenu, samedi \u00e0 New York, en marge des travaux de la\u00a0 72\u00e8me session de l\u2019Assembl\u00e9e G\u00e9n\u00e9rale de l\u2019ONU, avec son homologue nig\u00e9rian\u00a0 Geoffrey Onyaema, indique un communiqu\u00e9 du minist\u00e8re des Affaires\u00a0 \u00e9trang\u00e8res.<\/p>\n<p>&#013;\n<\/p><\/div>\n<div class=\"K2FeedFullText\">&#013;<\/p>\n<p>L\u2019entretien a port\u00e9 sur les relations entre les deux pays et les\u00a0 perspectives de leur renforcement dans diff\u00e9rents domaines.\u00a0<\/p>\n<p>&#013;<\/p>\n<p>Les deux responsables qui ont abord\u00e9 de nombreuses questions africaines \u00e0\u00a0 l\u2019ordre du jour de l\u2019organisation continentale, \u00ab\u00a0ont r\u00e9affirm\u00e9 leur\u00a0 attachement au renforcement continu du fonctionnement et du r\u00f4le de l\u2019Union\u00a0 africaine sur la sc\u00e8ne internationale, comme ils ont insist\u00e9 sur\u00a0 l\u2019importance du respect des textes, des r\u00e8gles et du bon fonctionnement de\u00a0 l\u2019Union africaine\u00a0\u00bb.<\/p>\n<p>&#013;<\/p>\n<p>MM Messahel et Onyaema \u00ab\u00a0ont, par la suite, \u00e9chang\u00e9 leurs visions\u00a0 concernant d&rsquo;autres questions importantes en particulier l\u2019\u00e9tat de la paix\u00a0 et de la s\u00e9curit\u00e9 en Afrique,\u00a0 y compris la question du Sahara occidental,\u00a0 la lutte contre le terrorisme et l\u2019extr\u00e9misme violent, la r\u00e9forme de\u00a0 l\u2019Union africaine ainsi que les m\u00e9canismes de d\u00e9veloppement africains tels\u00a0 que le NEPAD et le MAEP\u00a0\u00bb, souligne la m\u00eame source.<\/p>\n<p>&#013;<\/p>\n<p>\u00a0<\/p>\n<p>&#013;<\/p>\n<p>Concernant pr\u00e9cis\u00e9ment la question de la lutte contre le terrorisme, le\u00a0 ministre nig\u00e9rian \u00ab\u00a0a exprim\u00e9 le souhait de son pays de b\u00e9n\u00e9ficier de\u00a0 l\u2019exp\u00e9rience alg\u00e9rienne en la mati\u00e8re\u00a0\u00bb, note le communiqu\u00e9 du MAE.\u00a0<\/p>\n<\/div>\n<p>&#013;<br \/>\nSource: <a href=\"http:\/\/www.aps.dz\/algerie\/63168-m-messahel-s-entretient-a-new-york-avec-son-homologue-nigerian\" target=\"_blank\">M. Messahel s&rsquo;entretient \u00e0 New York avec son homologue nig\u00e9rian<\/a><\/p>\n<!--CusAds0-->\n<div style=\"font-size: 0px; height: 0px; line-height: 0px; margin: 0; padding: 0; clear: both;\"><\/div>","protected":false},"excerpt":{"rendered":"<p>ALGER- Le ministre des Affaires \u00e9trang\u00e8res, Abdelkader\u00a0 Messahel, s\u2019est entretenu, samedi \u00e0 New York, en marge des travaux de la\u00a0 72\u00e8me session de l\u2019Assembl\u00e9e G\u00e9n\u00e9rale de l\u2019ONU, avec son homologue nig\u00e9rian\u00a0 Geoffrey Onyaema, indique un communiqu\u00e9 du minist\u00e8re des Affaires\u00a0 \u00e9trang\u00e8res. &#013; &#013; L\u2019entretien a port\u00e9 sur les relations entre les deux pays et les\u00a0<\/p>\n","protected":false},"author":6,"featured_media":0,"comment_status":"open","ping_status":"open","sticky":false,"template":"","format":"standard","meta":{"footnotes":""},"categories":[22],"tags":[93],"class_list":["post-16230","post","type-post","status-publish","format-standard","hentry","category-infos","tag-onu"],"yoast_head":"<!-- This site is optimized with the Yoast SEO plugin v27.5 - https:\/\/yoast.com\/product\/yoast-seo-wordpress\/ -->\n<title>M. Messahel s&#039;entretient \u00e0 New York avec son homologue nig\u00e9rian - info algerie<\/title>\n<meta name=\"robots\" content=\"index, follow, max-snippet:-1, max-image-preview:large, max-video-preview:-1\" \/>\n<link rel=\"canonical\" href=\"https:\/\/www.info-algerie.com\/actualites\/m-messahel-sentretient-a-new-york-avec-son-homologue-nigerian\/\" \/>\n<meta property=\"og:locale\" content=\"fr_FR\" \/>\n<meta property=\"og:type\" content=\"article\" \/>\n<meta property=\"og:title\" content=\"M. Messahel s&#039;entretient \u00e0 New York avec son homologue nig\u00e9rian - info algerie\" \/>\n<meta property=\"og:description\" content=\"ALGER- Le ministre des Affaires \u00e9trang\u00e8res, Abdelkader\u00a0 Messahel, s\u2019est entretenu, samedi \u00e0 New York, en marge des travaux de la\u00a0 72\u00e8me session de l\u2019Assembl\u00e9e G\u00e9n\u00e9rale de l\u2019ONU, avec son homologue nig\u00e9rian\u00a0 Geoffrey Onyaema, indique un communiqu\u00e9 du minist\u00e8re des Affaires\u00a0 \u00e9trang\u00e8res. &#013; &#013; L\u2019entretien a port\u00e9 sur les relations entre les deux pays et les\u00a0\" \/>\n<meta property=\"og:url\" content=\"https:\/\/www.info-algerie.com\/actualites\/m-messahel-sentretient-a-new-york-avec-son-homologue-nigerian\/\" \/>\n<meta property=\"og:site_name\" content=\"info algerie\" \/>\n<meta property=\"article:publisher\" content=\"https:\/\/www.facebook.com\/infoalgerieactu\" \/>\n<meta property=\"article:published_time\" content=\"2017-09-23T19:01:01+00:00\" \/>\n<meta name=\"author\" content=\"La r\u00e9daction\" \/>\n<meta name=\"twitter:label1\" content=\"\u00c9crit par\" \/>\n\t<meta name=\"twitter:data1\" content=\"La r\u00e9daction\" \/>\n\t<meta name=\"twitter:label2\" content=\"Dur\u00e9e de lecture estim\u00e9e\" \/>\n\t<meta name=\"twitter:data2\" content=\"1 minute\" \/>\n<script type=\"application\/ld+json\" class=\"yoast-schema-graph\">{\"@context\":\"https:\\\/\\\/schema.org\",\"@graph\":[{\"@type\":\"Article\",\"@id\":\"https:\\\/\\\/www.info-algerie.com\\\/actualites\\\/m-messahel-sentretient-a-new-york-avec-son-homologue-nigerian\\\/#article\",\"isPartOf\":{\"@id\":\"https:\\\/\\\/www.info-algerie.com\\\/actualites\\\/m-messahel-sentretient-a-new-york-avec-son-homologue-nigerian\\\/\"},\"author\":{\"name\":\"La r\u00e9daction\",\"@id\":\"https:\\\/\\\/www.info-algerie.com\\\/actualites\\\/#\\\/schema\\\/person\\\/847aaec44920825b843a08f30ec6aa1e\"},\"headline\":\"M. Messahel s&#039;entretient \u00e0 New York avec son homologue nig\u00e9rian\",\"datePublished\":\"2017-09-23T19:01:01+00:00\",\"mainEntityOfPage\":{\"@id\":\"https:\\\/\\\/www.info-algerie.com\\\/actualites\\\/m-messahel-sentretient-a-new-york-avec-son-homologue-nigerian\\\/\"},\"wordCount\":274,\"commentCount\":0,\"publisher\":{\"@id\":\"https:\\\/\\\/www.info-algerie.com\\\/actualites\\\/#organization\"},\"keywords\":[\"ONU\"],\"articleSection\":[\"infos\"],\"inLanguage\":\"fr-FR\",\"potentialAction\":[{\"@type\":\"CommentAction\",\"name\":\"Comment\",\"target\":[\"https:\\\/\\\/www.info-algerie.com\\\/actualites\\\/m-messahel-sentretient-a-new-york-avec-son-homologue-nigerian\\\/#respond\"]}]},{\"@type\":\"WebPage\",\"@id\":\"https:\\\/\\\/www.info-algerie.com\\\/actualites\\\/m-messahel-sentretient-a-new-york-avec-son-homologue-nigerian\\\/\",\"url\":\"https:\\\/\\\/www.info-algerie.com\\\/actualites\\\/m-messahel-sentretient-a-new-york-avec-son-homologue-nigerian\\\/\",\"name\":\"M. Messahel s&#039;entretient \u00e0 New York avec son homologue nig\u00e9rian - info algerie\",\"isPartOf\":{\"@id\":\"https:\\\/\\\/www.info-algerie.com\\\/actualites\\\/#website\"},\"datePublished\":\"2017-09-23T19:01:01+00:00\",\"breadcrumb\":{\"@id\":\"https:\\\/\\\/www.info-algerie.com\\\/actualites\\\/m-messahel-sentretient-a-new-york-avec-son-homologue-nigerian\\\/#breadcrumb\"},\"inLanguage\":\"fr-FR\",\"potentialAction\":[{\"@type\":\"ReadAction\",\"target\":[\"https:\\\/\\\/www.info-algerie.com\\\/actualites\\\/m-messahel-sentretient-a-new-york-avec-son-homologue-nigerian\\\/\"]}]},{\"@type\":\"BreadcrumbList\",\"@id\":\"https:\\\/\\\/www.info-algerie.com\\\/actualites\\\/m-messahel-sentretient-a-new-york-avec-son-homologue-nigerian\\\/#breadcrumb\",\"itemListElement\":[{\"@type\":\"ListItem\",\"position\":1,\"name\":\"Accueil\",\"item\":\"https:\\\/\\\/www.info-algerie.com\\\/actualites\\\/\"},{\"@type\":\"ListItem\",\"position\":2,\"name\":\"M. Messahel s&#039;entretient \u00e0 New York avec son homologue nig\u00e9rian\"}]},{\"@type\":\"WebSite\",\"@id\":\"https:\\\/\\\/www.info-algerie.com\\\/actualites\\\/#website\",\"url\":\"https:\\\/\\\/www.info-algerie.com\\\/actualites\\\/\",\"name\":\"info algerie\",\"description\":\"Toutes les actualit\u00e9s\",\"publisher\":{\"@id\":\"https:\\\/\\\/www.info-algerie.com\\\/actualites\\\/#organization\"},\"potentialAction\":[{\"@type\":\"SearchAction\",\"target\":{\"@type\":\"EntryPoint\",\"urlTemplate\":\"https:\\\/\\\/www.info-algerie.com\\\/actualites\\\/?s={search_term_string}\"},\"query-input\":{\"@type\":\"PropertyValueSpecification\",\"valueRequired\":true,\"valueName\":\"search_term_string\"}}],\"inLanguage\":\"fr-FR\"},{\"@type\":\"Organization\",\"@id\":\"https:\\\/\\\/www.info-algerie.com\\\/actualites\\\/#organization\",\"name\":\"info algerie\",\"url\":\"https:\\\/\\\/www.info-algerie.com\\\/actualites\\\/\",\"logo\":{\"@type\":\"ImageObject\",\"inLanguage\":\"fr-FR\",\"@id\":\"https:\\\/\\\/www.info-algerie.com\\\/actualites\\\/#\\\/schema\\\/logo\\\/image\\\/\",\"url\":\"https:\\\/\\\/www.info-algerie.com\\\/actualites\\\/wp-content\\\/uploads\\\/2022\\\/07\\\/logo-ia-120.png\",\"contentUrl\":\"https:\\\/\\\/www.info-algerie.com\\\/actualites\\\/wp-content\\\/uploads\\\/2022\\\/07\\\/logo-ia-120.png\",\"width\":120,\"height\":43,\"caption\":\"info algerie\"},\"image\":{\"@id\":\"https:\\\/\\\/www.info-algerie.com\\\/actualites\\\/#\\\/schema\\\/logo\\\/image\\\/\"},\"sameAs\":[\"https:\\\/\\\/www.facebook.com\\\/infoalgerieactu\",\"https:\\\/\\\/x.com\\\/infoalgerie1\"]},{\"@type\":\"Person\",\"@id\":\"https:\\\/\\\/www.info-algerie.com\\\/actualites\\\/#\\\/schema\\\/person\\\/847aaec44920825b843a08f30ec6aa1e\",\"name\":\"La r\u00e9daction\",\"image\":{\"@type\":\"ImageObject\",\"inLanguage\":\"fr-FR\",\"@id\":\"https:\\\/\\\/secure.gravatar.com\\\/avatar\\\/769db425c6f465158149f1ffd6cf61ce7a8a879d11dfbef8288af36dfddd418c?s=96&d=mm&r=g\",\"url\":\"https:\\\/\\\/secure.gravatar.com\\\/avatar\\\/769db425c6f465158149f1ffd6cf61ce7a8a879d11dfbef8288af36dfddd418c?s=96&d=mm&r=g\",\"contentUrl\":\"https:\\\/\\\/secure.gravatar.com\\\/avatar\\\/769db425c6f465158149f1ffd6cf61ce7a8a879d11dfbef8288af36dfddd418c?s=96&d=mm&r=g\",\"caption\":\"La r\u00e9daction\"},\"sameAs\":[\"http:\\\/\\\/www.lkeria.com\\\/\"],\"url\":\"https:\\\/\\\/www.info-algerie.com\\\/actualites\\\/author\\\/chakib32\\\/\"}]}<\/script>\n<!-- \/ Yoast SEO plugin. -->","yoast_head_json":{"title":"M. Messahel s&#039;entretient \u00e0 New York avec son homologue nig\u00e9rian - info algerie","robots":{"index":"index","follow":"follow","max-snippet":"max-snippet:-1","max-image-preview":"max-image-preview:large","max-video-preview":"max-video-preview:-1"},"canonical":"https:\/\/www.info-algerie.com\/actualites\/m-messahel-sentretient-a-new-york-avec-son-homologue-nigerian\/","og_locale":"fr_FR","og_type":"article","og_title":"M. Messahel s&#039;entretient \u00e0 New York avec son homologue nig\u00e9rian - info algerie","og_description":"ALGER- Le ministre des Affaires \u00e9trang\u00e8res, Abdelkader\u00a0 Messahel, s\u2019est entretenu, samedi \u00e0 New York, en marge des travaux de la\u00a0 72\u00e8me session de l\u2019Assembl\u00e9e G\u00e9n\u00e9rale de l\u2019ONU, avec son homologue nig\u00e9rian\u00a0 Geoffrey Onyaema, indique un communiqu\u00e9 du minist\u00e8re des Affaires\u00a0 \u00e9trang\u00e8res. &#013; &#013; L\u2019entretien a port\u00e9 sur les relations entre les deux pays et les\u00a0","og_url":"https:\/\/www.info-algerie.com\/actualites\/m-messahel-sentretient-a-new-york-avec-son-homologue-nigerian\/","og_site_name":"info algerie","article_publisher":"https:\/\/www.facebook.com\/infoalgerieactu","article_published_time":"2017-09-23T19:01:01+00:00","author":"La r\u00e9daction","twitter_misc":{"\u00c9crit par":"La r\u00e9daction","Dur\u00e9e de lecture estim\u00e9e":"1 minute"},"schema":{"@context":"https:\/\/schema.org","@graph":[{"@type":"Article","@id":"https:\/\/www.info-algerie.com\/actualites\/m-messahel-sentretient-a-new-york-avec-son-homologue-nigerian\/#article","isPartOf":{"@id":"https:\/\/www.info-algerie.com\/actualites\/m-messahel-sentretient-a-new-york-avec-son-homologue-nigerian\/"},"author":{"name":"La r\u00e9daction","@id":"https:\/\/www.info-algerie.com\/actualites\/#\/schema\/person\/847aaec44920825b843a08f30ec6aa1e"},"headline":"M. Messahel s&#039;entretient \u00e0 New York avec son homologue nig\u00e9rian","datePublished":"2017-09-23T19:01:01+00:00","mainEntityOfPage":{"@id":"https:\/\/www.info-algerie.com\/actualites\/m-messahel-sentretient-a-new-york-avec-son-homologue-nigerian\/"},"wordCount":274,"commentCount":0,"publisher":{"@id":"https:\/\/www.info-algerie.com\/actualites\/#organization"},"keywords":["ONU"],"articleSection":["infos"],"inLanguage":"fr-FR","potentialAction":[{"@type":"CommentAction","name":"Comment","target":["https:\/\/www.info-algerie.com\/actualites\/m-messahel-sentretient-a-new-york-avec-son-homologue-nigerian\/#respond"]}]},{"@type":"WebPage","@id":"https:\/\/www.info-algerie.com\/actualites\/m-messahel-sentretient-a-new-york-avec-son-homologue-nigerian\/","url":"https:\/\/www.info-algerie.com\/actualites\/m-messahel-sentretient-a-new-york-avec-son-homologue-nigerian\/","name":"M. Messahel s&#039;entretient \u00e0 New York avec son homologue nig\u00e9rian - info algerie","isPartOf":{"@id":"https:\/\/www.info-algerie.com\/actualites\/#website"},"datePublished":"2017-09-23T19:01:01+00:00","breadcrumb":{"@id":"https:\/\/www.info-algerie.com\/actualites\/m-messahel-sentretient-a-new-york-avec-son-homologue-nigerian\/#breadcrumb"},"inLanguage":"fr-FR","potentialAction":[{"@type":"ReadAction","target":["https:\/\/www.info-algerie.com\/actualites\/m-messahel-sentretient-a-new-york-avec-son-homologue-nigerian\/"]}]},{"@type":"BreadcrumbList","@id":"https:\/\/www.info-algerie.com\/actualites\/m-messahel-sentretient-a-new-york-avec-son-homologue-nigerian\/#breadcrumb","itemListElement":[{"@type":"ListItem","position":1,"name":"Accueil","item":"https:\/\/www.info-algerie.com\/actualites\/"},{"@type":"ListItem","position":2,"name":"M. Messahel s&#039;entretient \u00e0 New York avec son homologue nig\u00e9rian"}]},{"@type":"WebSite","@id":"https:\/\/www.info-algerie.com\/actualites\/#website","url":"https:\/\/www.info-algerie.com\/actualites\/","name":"info algerie","description":"Toutes les actualit\u00e9s","publisher":{"@id":"https:\/\/www.info-algerie.com\/actualites\/#organization"},"potentialAction":[{"@type":"SearchAction","target":{"@type":"EntryPoint","urlTemplate":"https:\/\/www.info-algerie.com\/actualites\/?s={search_term_string}"},"query-input":{"@type":"PropertyValueSpecification","valueRequired":true,"valueName":"search_term_string"}}],"inLanguage":"fr-FR"},{"@type":"Organization","@id":"https:\/\/www.info-algerie.com\/actualites\/#organization","name":"info algerie","url":"https:\/\/www.info-algerie.com\/actualites\/","logo":{"@type":"ImageObject","inLanguage":"fr-FR","@id":"https:\/\/www.info-algerie.com\/actualites\/#\/schema\/logo\/image\/","url":"https:\/\/www.info-algerie.com\/actualites\/wp-content\/uploads\/2022\/07\/logo-ia-120.png","contentUrl":"https:\/\/www.info-algerie.com\/actualites\/wp-content\/uploads\/2022\/07\/logo-ia-120.png","width":120,"height":43,"caption":"info algerie"},"image":{"@id":"https:\/\/www.info-algerie.com\/actualites\/#\/schema\/logo\/image\/"},"sameAs":["https:\/\/www.facebook.com\/infoalgerieactu","https:\/\/x.com\/infoalgerie1"]},{"@type":"Person","@id":"https:\/\/www.info-algerie.com\/actualites\/#\/schema\/person\/847aaec44920825b843a08f30ec6aa1e","name":"La r\u00e9daction","image":{"@type":"ImageObject","inLanguage":"fr-FR","@id":"https:\/\/secure.gravatar.com\/avatar\/769db425c6f465158149f1ffd6cf61ce7a8a879d11dfbef8288af36dfddd418c?s=96&d=mm&r=g","url":"https:\/\/secure.gravatar.com\/avatar\/769db425c6f465158149f1ffd6cf61ce7a8a879d11dfbef8288af36dfddd418c?s=96&d=mm&r=g","contentUrl":"https:\/\/secure.gravatar.com\/avatar\/769db425c6f465158149f1ffd6cf61ce7a8a879d11dfbef8288af36dfddd418c?s=96&d=mm&r=g","caption":"La r\u00e9daction"},"sameAs":["http:\/\/www.lkeria.com\/"],"url":"https:\/\/www.info-algerie.com\/actualites\/author\/chakib32\/"}]}},"_links":{"self":[{"href":"https:\/\/www.info-algerie.com\/actualites\/wp-json\/wp\/v2\/posts\/16230","targetHints":{"allow":["GET"]}}],"collection":[{"href":"https:\/\/www.info-algerie.com\/actualites\/wp-json\/wp\/v2\/posts"}],"about":[{"href":"https:\/\/www.info-algerie.com\/actualites\/wp-json\/wp\/v2\/types\/post"}],"author":[{"embeddable":true,"href":"https:\/\/www.info-algerie.com\/actualites\/wp-json\/wp\/v2\/users\/6"}],"replies":[{"embeddable":true,"href":"https:\/\/www.info-algerie.com\/actualites\/wp-json\/wp\/v2\/comments?post=16230"}],"version-history":[{"count":0,"href":"https:\/\/www.info-algerie.com\/actualites\/wp-json\/wp\/v2\/posts\/16230\/revisions"}],"wp:attachment":[{"href":"https:\/\/www.info-algerie.com\/actualites\/wp-json\/wp\/v2\/media?parent=16230"}],"wp:term":[{"taxonomy":"category","embeddable":true,"href":"https:\/\/www.info-algerie.com\/actualites\/wp-json\/wp\/v2\/categories?post=16230"},{"taxonomy":"post_tag","embeddable":true,"href":"https:\/\/www.info-algerie.com\/actualites\/wp-json\/wp\/v2\/tags?post=16230"}],"curies":[{"name":"wp","href":"https:\/\/api.w.org\/{rel}","templated":true}]}}