{"id":16232,"date":"2017-09-23T19:55:56","date_gmt":"2017-09-23T18:55:56","guid":{"rendered":"http:\/\/www.info-algerie.com\/actualites\/m-messahel-sentretient-a-new-york-avec-le-president-de-lassemblee-generale-de-lonu\/"},"modified":"2017-09-23T19:55:56","modified_gmt":"2017-09-23T18:55:56","slug":"m-messahel-sentretient-a-new-york-avec-le-president-de-lassemblee-generale-de-lonu","status":"publish","type":"post","link":"https:\/\/www.info-algerie.com\/actualites\/m-messahel-sentretient-a-new-york-avec-le-president-de-lassemblee-generale-de-lonu\/","title":{"rendered":"M. Messahel s\u2019entretient \u00e0 New York avec le pr\u00e9sident de l\u2019Assembl\u00e9e\u00a0G\u00e9n\u00e9rale de l\u2019ONU"},"content":{"rendered":"<div class=\"K2FeedImage\"><img decoding=\"async\" src=\"https:\/\/www.info-algerie.com\/actualites\/wp-content\/uploads\/2017\/09\/3d377c978b6809e665bd33b7f9ace5c9_S.jpg\" alt=\"M. Messahel s&#x2019;entretient &#xE0; New York avec le pr&#xE9;sident de l&#x2019;Assembl&#xE9;e&#xA0;G&#xE9;n&#xE9;rale de l&#x2019;ONU\" \/><\/div>\n<div class=\"K2FeedIntroText\">\n<p class=\"MsoNormal\">ALGER- Le ministre des Affaires \u00e9trang\u00e8res, Abdelkader Messahel, s\u2019est entretenu, samedi \u00e0 New York, en marge des travaux de la\u00a0 72\u00e8me session de l\u2019Assembl\u00e9e G\u00e9n\u00e9rale de l\u2019ONU, avec le pr\u00e9sident de\u00a0 l\u2019Assembl\u00e9e G\u00e9n\u00e9rale de l\u2019ONU, M. Miroslav Lajcak, indique un communiqu\u00e9 du\u00a0 minist\u00e8re des Affaires \u00e9trang\u00e8res.\u00a0<\/p>\n<p>&#013;\n<\/p><\/div>\n<div class=\"K2FeedFullText\">&#013;<\/p>\n<p class=\"MsoNormal\">Lors de cet entretien qui \u00ab\u00a0a port\u00e9 essentiellement sur les principales\u00a0 questions \u00e0 l\u2019ordre du jour de l\u2019Assembl\u00e9e G\u00e9n\u00e9rale de l\u2019ONU\u00a0\u00bb,\u00a0 M.Lajcak a\u00a0 soulign\u00e9 qu\u2019il consid\u00e8re l\u2019Alg\u00e9rie comme \u00ab\u00a0un membre tr\u00e8s actif de la\u00a0 communaut\u00e9 internationale qui peut contribuer grandement \u00e0 la\u00a0 concr\u00e9tisation des objectifs nobles de la Charte des Nations Unies\u00a0\u00bb, rel\u00e8ve\u00a0 la m\u00eame source.<\/p>\n<p>&#013;<\/p>\n<p class=\"MsoNormal\">Pour sa part, M. Messahel \u00ab\u00a0a mis un accent particulier sur l\u2019importance de\u00a0 la r\u00e9forme des Nations unies, \u00e0 commencer par son Conseil de s\u00e9curit\u00e9\u00a0\u00bb,\u00a0 soulignant dans le m\u00eame temps \u00ab\u00a0la n\u00e9cessit\u00e9 pour cette r\u00e9forme de renforcer\u00a0 le r\u00f4le et l\u2019autorit\u00e9 de l\u2019Assembl\u00e9e G\u00e9n\u00e9rale de l\u2019ONU\u00a0\u00bb.<\/p>\n<p>&#013;<\/p>\n<p>\u00a0<\/p>\n<p>&#013;<\/p>\n<p class=\"MsoNormal\">MM. Messahel et Lajcak ont, par la suite, abord\u00e9 d\u2019autres questions\u00a0 internationales qui \u00ab\u00a0pr\u00e9occupent les devants de la sc\u00e8ne mondiale notamment\u00a0 l\u2019\u00e9tat de la paix et de la s\u00e9curit\u00e9 \u00e0 travers le monde, notamment en\u00a0 Afrique, la lutte contre le terrorisme et l\u2019extr\u00e9misme violent, les\u00a0 changements climatiques ainsi que les questions li\u00e9es \u00e0 la probl\u00e9matique de\u00a0 la migration\u00a0\u00bb, conclut le communiqu\u00e9.<\/p>\n<\/div>\n<p>&#013;<br \/>\nSource: <a href=\"http:\/\/www.aps.dz\/algerie\/63167-m-messahel-s-entretient-a-new-york-avec-le-president-de-l-assemblee-generale-de-l-onu\" target=\"_blank\">M. Messahel s\u2019entretient \u00e0 New York avec le pr\u00e9sident de l\u2019Assembl\u00e9e\u00a0G\u00e9n\u00e9rale de l\u2019ONU<\/a><\/p>\n<!--CusAds0-->\n<div style=\"font-size: 0px; height: 0px; line-height: 0px; margin: 0; padding: 0; clear: both;\"><\/div>","protected":false},"excerpt":{"rendered":"<p>ALGER- Le ministre des Affaires \u00e9trang\u00e8res, Abdelkader Messahel, s\u2019est entretenu, samedi \u00e0 New York, en marge des travaux de la\u00a0 72\u00e8me session de l\u2019Assembl\u00e9e G\u00e9n\u00e9rale de l\u2019ONU, avec le pr\u00e9sident de\u00a0 l\u2019Assembl\u00e9e G\u00e9n\u00e9rale de l\u2019ONU, M. Miroslav Lajcak, indique un communiqu\u00e9 du\u00a0 minist\u00e8re des Affaires \u00e9trang\u00e8res.\u00a0 &#013; &#013; Lors de cet entretien qui \u00ab\u00a0a port\u00e9<\/p>\n","protected":false},"author":6,"featured_media":16233,"comment_status":"open","ping_status":"open","sticky":false,"template":"","format":"standard","meta":{"footnotes":""},"categories":[22],"tags":[93],"class_list":["post-16232","post","type-post","status-publish","format-standard","has-post-thumbnail","hentry","category-infos","tag-onu"],"yoast_head":"<!-- This site is optimized with the Yoast SEO plugin v27.5 - https:\/\/yoast.com\/product\/yoast-seo-wordpress\/ -->\n<title>M. Messahel s\u2019entretient \u00e0 New York avec le pr\u00e9sident de l\u2019Assembl\u00e9e\u00a0G\u00e9n\u00e9rale de l\u2019ONU - info algerie<\/title>\n<meta name=\"robots\" content=\"index, follow, max-snippet:-1, max-image-preview:large, max-video-preview:-1\" \/>\n<link rel=\"canonical\" href=\"https:\/\/www.info-algerie.com\/actualites\/m-messahel-sentretient-a-new-york-avec-le-president-de-lassemblee-generale-de-lonu\/\" \/>\n<meta property=\"og:locale\" content=\"fr_FR\" \/>\n<meta property=\"og:type\" content=\"article\" \/>\n<meta property=\"og:title\" content=\"M. Messahel s\u2019entretient \u00e0 New York avec le pr\u00e9sident de l\u2019Assembl\u00e9e\u00a0G\u00e9n\u00e9rale de l\u2019ONU - info algerie\" \/>\n<meta property=\"og:description\" content=\"ALGER- Le ministre des Affaires \u00e9trang\u00e8res, Abdelkader Messahel, s\u2019est entretenu, samedi \u00e0 New York, en marge des travaux de la\u00a0 72\u00e8me session de l\u2019Assembl\u00e9e G\u00e9n\u00e9rale de l\u2019ONU, avec le pr\u00e9sident de\u00a0 l\u2019Assembl\u00e9e G\u00e9n\u00e9rale de l\u2019ONU, M. Miroslav Lajcak, indique un communiqu\u00e9 du\u00a0 minist\u00e8re des Affaires \u00e9trang\u00e8res.\u00a0 &#013; &#013; Lors de cet entretien qui \u00ab\u00a0a port\u00e9\" \/>\n<meta property=\"og:url\" content=\"https:\/\/www.info-algerie.com\/actualites\/m-messahel-sentretient-a-new-york-avec-le-president-de-lassemblee-generale-de-lonu\/\" \/>\n<meta property=\"og:site_name\" content=\"info algerie\" \/>\n<meta property=\"article:publisher\" content=\"https:\/\/www.facebook.com\/infoalgerieactu\" \/>\n<meta property=\"article:published_time\" content=\"2017-09-23T18:55:56+00:00\" \/>\n<meta property=\"og:image\" content=\"https:\/\/www.info-algerie.com\/actualites\/wp-content\/uploads\/2017\/09\/3d377c978b6809e665bd33b7f9ace5c9_S-1.jpg\" \/>\n\t<meta property=\"og:image:width\" content=\"280\" \/>\n\t<meta property=\"og:image:height\" content=\"187\" \/>\n\t<meta property=\"og:image:type\" content=\"image\/jpeg\" \/>\n<meta name=\"author\" content=\"La r\u00e9daction\" \/>\n<meta name=\"twitter:label1\" content=\"\u00c9crit par\" \/>\n\t<meta name=\"twitter:data1\" content=\"La r\u00e9daction\" \/>\n\t<meta name=\"twitter:label2\" content=\"Dur\u00e9e de lecture estim\u00e9e\" \/>\n\t<meta name=\"twitter:data2\" content=\"1 minute\" \/>\n<script type=\"application\/ld+json\" class=\"yoast-schema-graph\">{\"@context\":\"https:\\\/\\\/schema.org\",\"@graph\":[{\"@type\":\"Article\",\"@id\":\"https:\\\/\\\/www.info-algerie.com\\\/actualites\\\/m-messahel-sentretient-a-new-york-avec-le-president-de-lassemblee-generale-de-lonu\\\/#article\",\"isPartOf\":{\"@id\":\"https:\\\/\\\/www.info-algerie.com\\\/actualites\\\/m-messahel-sentretient-a-new-york-avec-le-president-de-lassemblee-generale-de-lonu\\\/\"},\"author\":{\"name\":\"La r\u00e9daction\",\"@id\":\"https:\\\/\\\/www.info-algerie.com\\\/actualites\\\/#\\\/schema\\\/person\\\/847aaec44920825b843a08f30ec6aa1e\"},\"headline\":\"M. Messahel s\u2019entretient \u00e0 New York avec le pr\u00e9sident de l\u2019Assembl\u00e9e\u00a0G\u00e9n\u00e9rale de l\u2019ONU\",\"datePublished\":\"2017-09-23T18:55:56+00:00\",\"mainEntityOfPage\":{\"@id\":\"https:\\\/\\\/www.info-algerie.com\\\/actualites\\\/m-messahel-sentretient-a-new-york-avec-le-president-de-lassemblee-generale-de-lonu\\\/\"},\"wordCount\":296,\"commentCount\":0,\"publisher\":{\"@id\":\"https:\\\/\\\/www.info-algerie.com\\\/actualites\\\/#organization\"},\"image\":{\"@id\":\"https:\\\/\\\/www.info-algerie.com\\\/actualites\\\/m-messahel-sentretient-a-new-york-avec-le-president-de-lassemblee-generale-de-lonu\\\/#primaryimage\"},\"thumbnailUrl\":\"https:\\\/\\\/www.info-algerie.com\\\/actualites\\\/wp-content\\\/uploads\\\/2017\\\/09\\\/3d377c978b6809e665bd33b7f9ace5c9_S-1.jpg\",\"keywords\":[\"ONU\"],\"articleSection\":[\"infos\"],\"inLanguage\":\"fr-FR\",\"potentialAction\":[{\"@type\":\"CommentAction\",\"name\":\"Comment\",\"target\":[\"https:\\\/\\\/www.info-algerie.com\\\/actualites\\\/m-messahel-sentretient-a-new-york-avec-le-president-de-lassemblee-generale-de-lonu\\\/#respond\"]}]},{\"@type\":\"WebPage\",\"@id\":\"https:\\\/\\\/www.info-algerie.com\\\/actualites\\\/m-messahel-sentretient-a-new-york-avec-le-president-de-lassemblee-generale-de-lonu\\\/\",\"url\":\"https:\\\/\\\/www.info-algerie.com\\\/actualites\\\/m-messahel-sentretient-a-new-york-avec-le-president-de-lassemblee-generale-de-lonu\\\/\",\"name\":\"M. Messahel s\u2019entretient \u00e0 New York avec le pr\u00e9sident de l\u2019Assembl\u00e9e\u00a0G\u00e9n\u00e9rale de l\u2019ONU - info algerie\",\"isPartOf\":{\"@id\":\"https:\\\/\\\/www.info-algerie.com\\\/actualites\\\/#website\"},\"primaryImageOfPage\":{\"@id\":\"https:\\\/\\\/www.info-algerie.com\\\/actualites\\\/m-messahel-sentretient-a-new-york-avec-le-president-de-lassemblee-generale-de-lonu\\\/#primaryimage\"},\"image\":{\"@id\":\"https:\\\/\\\/www.info-algerie.com\\\/actualites\\\/m-messahel-sentretient-a-new-york-avec-le-president-de-lassemblee-generale-de-lonu\\\/#primaryimage\"},\"thumbnailUrl\":\"https:\\\/\\\/www.info-algerie.com\\\/actualites\\\/wp-content\\\/uploads\\\/2017\\\/09\\\/3d377c978b6809e665bd33b7f9ace5c9_S-1.jpg\",\"datePublished\":\"2017-09-23T18:55:56+00:00\",\"breadcrumb\":{\"@id\":\"https:\\\/\\\/www.info-algerie.com\\\/actualites\\\/m-messahel-sentretient-a-new-york-avec-le-president-de-lassemblee-generale-de-lonu\\\/#breadcrumb\"},\"inLanguage\":\"fr-FR\",\"potentialAction\":[{\"@type\":\"ReadAction\",\"target\":[\"https:\\\/\\\/www.info-algerie.com\\\/actualites\\\/m-messahel-sentretient-a-new-york-avec-le-president-de-lassemblee-generale-de-lonu\\\/\"]}]},{\"@type\":\"ImageObject\",\"inLanguage\":\"fr-FR\",\"@id\":\"https:\\\/\\\/www.info-algerie.com\\\/actualites\\\/m-messahel-sentretient-a-new-york-avec-le-president-de-lassemblee-generale-de-lonu\\\/#primaryimage\",\"url\":\"https:\\\/\\\/www.info-algerie.com\\\/actualites\\\/wp-content\\\/uploads\\\/2017\\\/09\\\/3d377c978b6809e665bd33b7f9ace5c9_S-1.jpg\",\"contentUrl\":\"https:\\\/\\\/www.info-algerie.com\\\/actualites\\\/wp-content\\\/uploads\\\/2017\\\/09\\\/3d377c978b6809e665bd33b7f9ace5c9_S-1.jpg\",\"width\":280,\"height\":187},{\"@type\":\"BreadcrumbList\",\"@id\":\"https:\\\/\\\/www.info-algerie.com\\\/actualites\\\/m-messahel-sentretient-a-new-york-avec-le-president-de-lassemblee-generale-de-lonu\\\/#breadcrumb\",\"itemListElement\":[{\"@type\":\"ListItem\",\"position\":1,\"name\":\"Accueil\",\"item\":\"https:\\\/\\\/www.info-algerie.com\\\/actualites\\\/\"},{\"@type\":\"ListItem\",\"position\":2,\"name\":\"M. Messahel s\u2019entretient \u00e0 New York avec le pr\u00e9sident de l\u2019Assembl\u00e9e\u00a0G\u00e9n\u00e9rale de l\u2019ONU\"}]},{\"@type\":\"WebSite\",\"@id\":\"https:\\\/\\\/www.info-algerie.com\\\/actualites\\\/#website\",\"url\":\"https:\\\/\\\/www.info-algerie.com\\\/actualites\\\/\",\"name\":\"info algerie\",\"description\":\"Toutes les actualit\u00e9s\",\"publisher\":{\"@id\":\"https:\\\/\\\/www.info-algerie.com\\\/actualites\\\/#organization\"},\"potentialAction\":[{\"@type\":\"SearchAction\",\"target\":{\"@type\":\"EntryPoint\",\"urlTemplate\":\"https:\\\/\\\/www.info-algerie.com\\\/actualites\\\/?s={search_term_string}\"},\"query-input\":{\"@type\":\"PropertyValueSpecification\",\"valueRequired\":true,\"valueName\":\"search_term_string\"}}],\"inLanguage\":\"fr-FR\"},{\"@type\":\"Organization\",\"@id\":\"https:\\\/\\\/www.info-algerie.com\\\/actualites\\\/#organization\",\"name\":\"info algerie\",\"url\":\"https:\\\/\\\/www.info-algerie.com\\\/actualites\\\/\",\"logo\":{\"@type\":\"ImageObject\",\"inLanguage\":\"fr-FR\",\"@id\":\"https:\\\/\\\/www.info-algerie.com\\\/actualites\\\/#\\\/schema\\\/logo\\\/image\\\/\",\"url\":\"https:\\\/\\\/www.info-algerie.com\\\/actualites\\\/wp-content\\\/uploads\\\/2022\\\/07\\\/logo-ia-120.png\",\"contentUrl\":\"https:\\\/\\\/www.info-algerie.com\\\/actualites\\\/wp-content\\\/uploads\\\/2022\\\/07\\\/logo-ia-120.png\",\"width\":120,\"height\":43,\"caption\":\"info algerie\"},\"image\":{\"@id\":\"https:\\\/\\\/www.info-algerie.com\\\/actualites\\\/#\\\/schema\\\/logo\\\/image\\\/\"},\"sameAs\":[\"https:\\\/\\\/www.facebook.com\\\/infoalgerieactu\",\"https:\\\/\\\/x.com\\\/infoalgerie1\"]},{\"@type\":\"Person\",\"@id\":\"https:\\\/\\\/www.info-algerie.com\\\/actualites\\\/#\\\/schema\\\/person\\\/847aaec44920825b843a08f30ec6aa1e\",\"name\":\"La r\u00e9daction\",\"image\":{\"@type\":\"ImageObject\",\"inLanguage\":\"fr-FR\",\"@id\":\"https:\\\/\\\/secure.gravatar.com\\\/avatar\\\/769db425c6f465158149f1ffd6cf61ce7a8a879d11dfbef8288af36dfddd418c?s=96&d=mm&r=g\",\"url\":\"https:\\\/\\\/secure.gravatar.com\\\/avatar\\\/769db425c6f465158149f1ffd6cf61ce7a8a879d11dfbef8288af36dfddd418c?s=96&d=mm&r=g\",\"contentUrl\":\"https:\\\/\\\/secure.gravatar.com\\\/avatar\\\/769db425c6f465158149f1ffd6cf61ce7a8a879d11dfbef8288af36dfddd418c?s=96&d=mm&r=g\",\"caption\":\"La r\u00e9daction\"},\"sameAs\":[\"http:\\\/\\\/www.lkeria.com\\\/\"],\"url\":\"https:\\\/\\\/www.info-algerie.com\\\/actualites\\\/author\\\/chakib32\\\/\"}]}<\/script>\n<!-- \/ Yoast SEO plugin. -->","yoast_head_json":{"title":"M. Messahel s\u2019entretient \u00e0 New York avec le pr\u00e9sident de l\u2019Assembl\u00e9e\u00a0G\u00e9n\u00e9rale de l\u2019ONU - info algerie","robots":{"index":"index","follow":"follow","max-snippet":"max-snippet:-1","max-image-preview":"max-image-preview:large","max-video-preview":"max-video-preview:-1"},"canonical":"https:\/\/www.info-algerie.com\/actualites\/m-messahel-sentretient-a-new-york-avec-le-president-de-lassemblee-generale-de-lonu\/","og_locale":"fr_FR","og_type":"article","og_title":"M. Messahel s\u2019entretient \u00e0 New York avec le pr\u00e9sident de l\u2019Assembl\u00e9e\u00a0G\u00e9n\u00e9rale de l\u2019ONU - info algerie","og_description":"ALGER- Le ministre des Affaires \u00e9trang\u00e8res, Abdelkader Messahel, s\u2019est entretenu, samedi \u00e0 New York, en marge des travaux de la\u00a0 72\u00e8me session de l\u2019Assembl\u00e9e G\u00e9n\u00e9rale de l\u2019ONU, avec le pr\u00e9sident de\u00a0 l\u2019Assembl\u00e9e G\u00e9n\u00e9rale de l\u2019ONU, M. Miroslav Lajcak, indique un communiqu\u00e9 du\u00a0 minist\u00e8re des Affaires \u00e9trang\u00e8res.\u00a0 &#013; &#013; Lors de cet entretien qui \u00ab\u00a0a port\u00e9","og_url":"https:\/\/www.info-algerie.com\/actualites\/m-messahel-sentretient-a-new-york-avec-le-president-de-lassemblee-generale-de-lonu\/","og_site_name":"info algerie","article_publisher":"https:\/\/www.facebook.com\/infoalgerieactu","article_published_time":"2017-09-23T18:55:56+00:00","og_image":[{"width":280,"height":187,"url":"https:\/\/www.info-algerie.com\/actualites\/wp-content\/uploads\/2017\/09\/3d377c978b6809e665bd33b7f9ace5c9_S-1.jpg","type":"image\/jpeg"}],"author":"La r\u00e9daction","twitter_misc":{"\u00c9crit par":"La r\u00e9daction","Dur\u00e9e de lecture estim\u00e9e":"1 minute"},"schema":{"@context":"https:\/\/schema.org","@graph":[{"@type":"Article","@id":"https:\/\/www.info-algerie.com\/actualites\/m-messahel-sentretient-a-new-york-avec-le-president-de-lassemblee-generale-de-lonu\/#article","isPartOf":{"@id":"https:\/\/www.info-algerie.com\/actualites\/m-messahel-sentretient-a-new-york-avec-le-president-de-lassemblee-generale-de-lonu\/"},"author":{"name":"La r\u00e9daction","@id":"https:\/\/www.info-algerie.com\/actualites\/#\/schema\/person\/847aaec44920825b843a08f30ec6aa1e"},"headline":"M. Messahel s\u2019entretient \u00e0 New York avec le pr\u00e9sident de l\u2019Assembl\u00e9e\u00a0G\u00e9n\u00e9rale de l\u2019ONU","datePublished":"2017-09-23T18:55:56+00:00","mainEntityOfPage":{"@id":"https:\/\/www.info-algerie.com\/actualites\/m-messahel-sentretient-a-new-york-avec-le-president-de-lassemblee-generale-de-lonu\/"},"wordCount":296,"commentCount":0,"publisher":{"@id":"https:\/\/www.info-algerie.com\/actualites\/#organization"},"image":{"@id":"https:\/\/www.info-algerie.com\/actualites\/m-messahel-sentretient-a-new-york-avec-le-president-de-lassemblee-generale-de-lonu\/#primaryimage"},"thumbnailUrl":"https:\/\/www.info-algerie.com\/actualites\/wp-content\/uploads\/2017\/09\/3d377c978b6809e665bd33b7f9ace5c9_S-1.jpg","keywords":["ONU"],"articleSection":["infos"],"inLanguage":"fr-FR","potentialAction":[{"@type":"CommentAction","name":"Comment","target":["https:\/\/www.info-algerie.com\/actualites\/m-messahel-sentretient-a-new-york-avec-le-president-de-lassemblee-generale-de-lonu\/#respond"]}]},{"@type":"WebPage","@id":"https:\/\/www.info-algerie.com\/actualites\/m-messahel-sentretient-a-new-york-avec-le-president-de-lassemblee-generale-de-lonu\/","url":"https:\/\/www.info-algerie.com\/actualites\/m-messahel-sentretient-a-new-york-avec-le-president-de-lassemblee-generale-de-lonu\/","name":"M. Messahel s\u2019entretient \u00e0 New York avec le pr\u00e9sident de l\u2019Assembl\u00e9e\u00a0G\u00e9n\u00e9rale de l\u2019ONU - info algerie","isPartOf":{"@id":"https:\/\/www.info-algerie.com\/actualites\/#website"},"primaryImageOfPage":{"@id":"https:\/\/www.info-algerie.com\/actualites\/m-messahel-sentretient-a-new-york-avec-le-president-de-lassemblee-generale-de-lonu\/#primaryimage"},"image":{"@id":"https:\/\/www.info-algerie.com\/actualites\/m-messahel-sentretient-a-new-york-avec-le-president-de-lassemblee-generale-de-lonu\/#primaryimage"},"thumbnailUrl":"https:\/\/www.info-algerie.com\/actualites\/wp-content\/uploads\/2017\/09\/3d377c978b6809e665bd33b7f9ace5c9_S-1.jpg","datePublished":"2017-09-23T18:55:56+00:00","breadcrumb":{"@id":"https:\/\/www.info-algerie.com\/actualites\/m-messahel-sentretient-a-new-york-avec-le-president-de-lassemblee-generale-de-lonu\/#breadcrumb"},"inLanguage":"fr-FR","potentialAction":[{"@type":"ReadAction","target":["https:\/\/www.info-algerie.com\/actualites\/m-messahel-sentretient-a-new-york-avec-le-president-de-lassemblee-generale-de-lonu\/"]}]},{"@type":"ImageObject","inLanguage":"fr-FR","@id":"https:\/\/www.info-algerie.com\/actualites\/m-messahel-sentretient-a-new-york-avec-le-president-de-lassemblee-generale-de-lonu\/#primaryimage","url":"https:\/\/www.info-algerie.com\/actualites\/wp-content\/uploads\/2017\/09\/3d377c978b6809e665bd33b7f9ace5c9_S-1.jpg","contentUrl":"https:\/\/www.info-algerie.com\/actualites\/wp-content\/uploads\/2017\/09\/3d377c978b6809e665bd33b7f9ace5c9_S-1.jpg","width":280,"height":187},{"@type":"BreadcrumbList","@id":"https:\/\/www.info-algerie.com\/actualites\/m-messahel-sentretient-a-new-york-avec-le-president-de-lassemblee-generale-de-lonu\/#breadcrumb","itemListElement":[{"@type":"ListItem","position":1,"name":"Accueil","item":"https:\/\/www.info-algerie.com\/actualites\/"},{"@type":"ListItem","position":2,"name":"M. Messahel s\u2019entretient \u00e0 New York avec le pr\u00e9sident de l\u2019Assembl\u00e9e\u00a0G\u00e9n\u00e9rale de l\u2019ONU"}]},{"@type":"WebSite","@id":"https:\/\/www.info-algerie.com\/actualites\/#website","url":"https:\/\/www.info-algerie.com\/actualites\/","name":"info algerie","description":"Toutes les actualit\u00e9s","publisher":{"@id":"https:\/\/www.info-algerie.com\/actualites\/#organization"},"potentialAction":[{"@type":"SearchAction","target":{"@type":"EntryPoint","urlTemplate":"https:\/\/www.info-algerie.com\/actualites\/?s={search_term_string}"},"query-input":{"@type":"PropertyValueSpecification","valueRequired":true,"valueName":"search_term_string"}}],"inLanguage":"fr-FR"},{"@type":"Organization","@id":"https:\/\/www.info-algerie.com\/actualites\/#organization","name":"info algerie","url":"https:\/\/www.info-algerie.com\/actualites\/","logo":{"@type":"ImageObject","inLanguage":"fr-FR","@id":"https:\/\/www.info-algerie.com\/actualites\/#\/schema\/logo\/image\/","url":"https:\/\/www.info-algerie.com\/actualites\/wp-content\/uploads\/2022\/07\/logo-ia-120.png","contentUrl":"https:\/\/www.info-algerie.com\/actualites\/wp-content\/uploads\/2022\/07\/logo-ia-120.png","width":120,"height":43,"caption":"info algerie"},"image":{"@id":"https:\/\/www.info-algerie.com\/actualites\/#\/schema\/logo\/image\/"},"sameAs":["https:\/\/www.facebook.com\/infoalgerieactu","https:\/\/x.com\/infoalgerie1"]},{"@type":"Person","@id":"https:\/\/www.info-algerie.com\/actualites\/#\/schema\/person\/847aaec44920825b843a08f30ec6aa1e","name":"La r\u00e9daction","image":{"@type":"ImageObject","inLanguage":"fr-FR","@id":"https:\/\/secure.gravatar.com\/avatar\/769db425c6f465158149f1ffd6cf61ce7a8a879d11dfbef8288af36dfddd418c?s=96&d=mm&r=g","url":"https:\/\/secure.gravatar.com\/avatar\/769db425c6f465158149f1ffd6cf61ce7a8a879d11dfbef8288af36dfddd418c?s=96&d=mm&r=g","contentUrl":"https:\/\/secure.gravatar.com\/avatar\/769db425c6f465158149f1ffd6cf61ce7a8a879d11dfbef8288af36dfddd418c?s=96&d=mm&r=g","caption":"La r\u00e9daction"},"sameAs":["http:\/\/www.lkeria.com\/"],"url":"https:\/\/www.info-algerie.com\/actualites\/author\/chakib32\/"}]}},"_links":{"self":[{"href":"https:\/\/www.info-algerie.com\/actualites\/wp-json\/wp\/v2\/posts\/16232","targetHints":{"allow":["GET"]}}],"collection":[{"href":"https:\/\/www.info-algerie.com\/actualites\/wp-json\/wp\/v2\/posts"}],"about":[{"href":"https:\/\/www.info-algerie.com\/actualites\/wp-json\/wp\/v2\/types\/post"}],"author":[{"embeddable":true,"href":"https:\/\/www.info-algerie.com\/actualites\/wp-json\/wp\/v2\/users\/6"}],"replies":[{"embeddable":true,"href":"https:\/\/www.info-algerie.com\/actualites\/wp-json\/wp\/v2\/comments?post=16232"}],"version-history":[{"count":0,"href":"https:\/\/www.info-algerie.com\/actualites\/wp-json\/wp\/v2\/posts\/16232\/revisions"}],"wp:featuredmedia":[{"embeddable":true,"href":"https:\/\/www.info-algerie.com\/actualites\/wp-json\/wp\/v2\/media\/16233"}],"wp:attachment":[{"href":"https:\/\/www.info-algerie.com\/actualites\/wp-json\/wp\/v2\/media?parent=16232"}],"wp:term":[{"taxonomy":"category","embeddable":true,"href":"https:\/\/www.info-algerie.com\/actualites\/wp-json\/wp\/v2\/categories?post=16232"},{"taxonomy":"post_tag","embeddable":true,"href":"https:\/\/www.info-algerie.com\/actualites\/wp-json\/wp\/v2\/tags?post=16232"}],"curies":[{"name":"wp","href":"https:\/\/api.w.org\/{rel}","templated":true}]}}