{"id":16239,"date":"2017-09-24T08:47:51","date_gmt":"2017-09-24T07:47:51","guid":{"rendered":"http:\/\/www.info-algerie.com\/actualites\/elections-locales-bedoui-appelle-a-garantir-le-succes-du-prochain-rendez-vous-electoral\/"},"modified":"2017-09-24T08:47:51","modified_gmt":"2017-09-24T07:47:51","slug":"elections-locales-bedoui-appelle-a-garantir-le-succes-du-prochain-rendez-vous-electoral","status":"publish","type":"post","link":"https:\/\/www.info-algerie.com\/actualites\/elections-locales-bedoui-appelle-a-garantir-le-succes-du-prochain-rendez-vous-electoral\/","title":{"rendered":"Elections locales: Bedoui appelle \u00e0 garantir le succ\u00e8s du prochain rendez-vous \u00e9lectoral"},"content":{"rendered":"<div class=\"K2FeedImage\"><img decoding=\"async\" src=\"https:\/\/www.info-algerie.com\/actualites\/wp-content\/uploads\/2017\/09\/afc5992e534b33e849fac1c5ed581c61_S.jpg\" alt=\"Elections locales: Bedoui appelle &#xE0; garantir le succ&#xE8;s du prochain rendez-vous &#xE9;lectoral\" \/><\/div>\n<div class=\"K2FeedIntroText\">\n<p class=\"MsoNoSpacing\">ALGER &#8211; Le ministre de l&rsquo;Int\u00e9rieur, des Collectivit\u00e9s locales et de l&rsquo;Am\u00e9nagement du territoire, Noureddine Bedoui a appel\u00e9 \u00e0 garantir le succ\u00e8s des prochaines \u00e9lections locales du <a href=\"http:\/\/www.aps.dz\/algerie\/62098-elections-apc-apw-le-president-bouteflika-convoque-le-corps-electoral-pour-le-23-novembre-2017\"><strong>23 novembre prochain<\/strong><\/a>, en tant que \u00ab\u00a0v\u00e9ritable jalon qui vient renforcer le socle d\u00e9mocratique \u00e0 la lumi\u00e8re de la nouvelle constitution\u00a0\u00bb, indique samedi un communiqu\u00e9 du minist\u00e8re.<\/p>\n<p>&#013;\n<\/p><\/div>\n<div class=\"K2FeedFullText\">&#013;<\/p>\n<p class=\"MsoNoSpacing\">Dans le cadre des rencontres p\u00e9riodiques organis\u00e9es depuis la rentr\u00e9e sociale, pour s&rsquo;enqu\u00e9rir de la mise en oeuvre de la feuille de route du minist\u00e8re pour l&rsquo;ann\u00e9e 2017 et pour le suivi des commissions install\u00e9es depuis le d\u00e9but de l&rsquo;ann\u00e9e en cours, le ministre a tenu la semaine derni\u00e8re trois r\u00e9unions cons\u00e9cutives avec les diff\u00e9rentes commissions (Elections locales, Fiscalit\u00e9 locale, Saison estivale, Hygi\u00e8ne et Environnement, D\u00e9mocratie participative, Transport et cantine scolaires, Modernisation et\u00a0 facilitation des prestations).<\/p>\n<p>&#013;<\/p>\n<p class=\"MsoNoSpacing\">Concernant les<a href=\"http:\/\/www.aps.dz\/algerie\/60494-preparation-des-elections-locales-reunion-de-coordination-mardi-entre-bedoui-et-derbal\"><strong> \u00e9lections locales<\/strong><\/a>, la commission concern\u00e9e a pr\u00e9sent\u00e9 un \u00ab\u00a0expos\u00e9 exhaustif\u00a0\u00bb sur les pr\u00e9paratifs en cours, les chiffres sur la r\u00e9vision exceptionnelle des listes \u00e9lectorales, les listes de candidatures et les mesures prises aux niveaux central et local.<\/p>\n<p>&#013;<\/p>\n<p class=\"MsoNoSpacing\">Le ministre a appel\u00e9 \u00e0 ce propos \u00e0 \u00ab\u00a0simplifier davantage les proc\u00e9dures, \u00e0\u00a0 impliquer les cadres et les responsables au niveau local en vue de r\u00e9aliser les objectifs escompt\u00e9s, \u00e0 consacrer les v\u00e9ritables fondements de la d\u00e9mocratie, car il s&rsquo;agit des premi\u00e8res \u00e9lections locales et d&rsquo;un nouveau jalon dans l&rsquo;<a href=\"http:\/\/www.aps.dz\/algerie\/62107-les-elections-locales-le-23-novembre-sous-de-nouvelles-garanties-de-transparence-et-de-regularite\"><strong>\u00e9dification du socle d\u00e9mocratique<\/strong><\/a> du pays, dans le cadre de la nouvelle constitution\u00a0\u00bb.<\/p>\n<p>&#013;<\/p>\n<p class=\"MsoNoSpacing\">M. Bedoui a donn\u00e9 \u00ab\u00a0des instructions pour veiller \u00e0 l&rsquo;application de la loi et garantir les moyens mat\u00e9riels et humains n\u00e9cessaires, la neutralit\u00e9 et la proximit\u00e9 entre l&rsquo;administration et le citoyen\u00a0\u00bb.<\/p>\n<p>&#013;<\/p>\n<p class=\"MsoNoSpacing\">Au sujet des mesures de modernisation et des nouvelles techniques introduites sur les diff\u00e9rents programmes trac\u00e9s dans ce secteur, le ministre a estim\u00e9, \u00e0 l&rsquo;issue de l&rsquo;expos\u00e9 de la commission, qu&rsquo;il \u00ab\u00a0\u00e9tait\u00a0 n\u00e9cessaire d&rsquo;exploiter et de mettre en oeuvre ces efforts et ces techniques dans notre environnement en g\u00e9n\u00e9ral et d&rsquo;exploiter tous les moyens \u00e0 m\u00eame de faciliter l&rsquo;op\u00e9ration au citoyen\u00a0\u00bb, r\u00e9affirmant l&rsquo;enti\u00e8re disposition du minist\u00e8re \u00e0 parachever les projets dans ce domaine et \u00e0 les concr\u00e9tiser sur le terrain pour l&rsquo;int\u00e9r\u00eat g\u00e9n\u00e9ral.<\/p>\n<p>&#013;<\/p>\n<p class=\"MsoNoSpacing\">\u00ab\u00a0En d\u00e9pit de ce qui a \u00e9t\u00e9 r\u00e9alis\u00e9 en mati\u00e8re de modernisation du secteur, il n&rsquo;en demeure pas moins qu&rsquo;il reste beaucoup \u00e0 faire concernant les nombreux d\u00e9fis \u00e0 relever au service des citoyens\u00a0\u00bb, a ajout\u00e9 le ministre, affirmant que le pr\u00e9sident de la R\u00e9publique \u00ab\u00a0n&rsquo;est pas tr\u00e8s satisfait des r\u00e9sultats accomplis et nous a instruit de redoubler d&rsquo;efforts, un autre d\u00e9fi qui exige de nous tous, cadres, fonctionnaires de l&rsquo;administration centrale et locale d&rsquo;appliquer les instructions du pr\u00e9sident, et de s&#8217;employer dans les plus brefs d\u00e9lais \u00e0 moderniser l&rsquo;administration, \u00e0 aplanir les difficult\u00e9s et \u00e0 \u00e9radiquer la bureaucratie en vue de permettre aux citoyens d&rsquo;effectuer les formalit\u00e9s administratives\u00a0 \u00e0 partir de leur domicile\u00a0\u00bb.<\/p>\n<p>&#013;<\/p>\n<p class=\"MsoNoSpacing\">Il a affirm\u00e9 que \u00ab\u00a0le pr\u00e9sident de la R\u00e9publique a insist\u00e9 sur la n\u00e9cessit\u00e9 de faciliter la t\u00e2che aux citoyens o\u00f9 qu&rsquo;ils soient\u00a0\u00bb, appelant \u00e0 \u00ab\u00a0oeuvrer pour une exploitation progressive de l&rsquo;ensemble des services et de toutes applications contenues dans la carte nationale biom\u00e9trique, pour permettre aux citoyens de voter \u00e0 l&rsquo;avenir avec cette carte au lieu de la carte d&rsquo;\u00e9lecteur\u00a0\u00bb.<\/p>\n<p>&#013;<\/p>\n<p class=\"MsoNoSpacing\">A cette occasion, M. Bedoui a appel\u00e9 \u00e0 \u00ab\u00a0la conjugaison des efforts en vue d&rsquo;acc\u00e9l\u00e9rer et de faciliter les proc\u00e9dures dans tous les domaines\u00a0\u00bb, avant d&rsquo;instruire de ne plus d\u00e9livrer l&rsquo;ancienne carte nationale d&rsquo;identit\u00e9 lorsque le citoyen en demande le renouvellement. Il a mis en avant l&rsquo;imp\u00e9ratif de \u00ab\u00a0d\u00e9livrer la nouvelle carte d&rsquo;identit\u00e9 biom\u00e9trique\u00a0\u00bb, une instruction qui -a-t-il dit- sera appliqu\u00e9e d\u00e8s cette semaine.<\/p>\n<p>&#013;<\/p>\n<p class=\"MsoNoSpacing\"><b>=Fiscalit\u00e9 locale: premi\u00e8re priorit\u00e9 du secteur=<\/b><\/p>\n<p>&#013;<\/p>\n<p class=\"MsoNoSpacing\">S&rsquo;agissant de la fiscalit\u00e9 locale, le ministre a pr\u00e9sent\u00e9 un \u00ab\u00a0expos\u00e9 exhaustif \u00a0\u00bb sur les r\u00e9alisations accomplies dans le cadre du programme trac\u00e9 pour ce dossier depuis l&rsquo;ann\u00e9e derni\u00e8re ainsi que pour cette ann\u00e9e, avant de pr\u00e9senter un \u00ab\u00a0programme d\u00e9taill\u00e9\u00a0\u00bb de la strat\u00e9gie devant \u00eatre appliqu\u00e9e dans ce domaine et qui devrait \u00eatre accompagn\u00e9e de plusieurs nouveaux m\u00e9canismes et projets de loi.<\/p>\n<p>&#013;<\/p>\n<p class=\"MsoNoSpacing\">Dans ce contexte, M. Bedoui a affirm\u00e9 que ce dossier \u00e9tait \u00ab\u00a0la priorit\u00e9 premi\u00e8re du minist\u00e8re au vu de son importance et de son int\u00e9r\u00eat pour les collectivit\u00e9s locales\u00a0\u00bb, avant d&rsquo;appeler tous les acteurs \u00e0 oeuvrer pour la concr\u00e9tisation de ce projet qui profitera \u00e0 tous, particuli\u00e8rement aux collectivit\u00e9s locales\u00a0\u00bb.<\/p>\n<p>&#013;<\/p>\n<p class=\"MsoNoSpacing\">Il a \u00e9galement appel\u00e9 \u00e0 l&rsquo;organisation de journ\u00e9es d&rsquo;\u00e9tudes sur la fiscalit\u00e9 locale impliquant l&rsquo;ensemble des acteurs, repr\u00e9sentants d&rsquo;organismes officiels et des sp\u00e9cialistes.<\/p>\n<p>&#013;<\/p>\n<p class=\"MsoNoSpacing\">S&rsquo;agissant de la rentr\u00e9e sociale et scolaire, le ministre a relev\u00e9, suite au rapport d\u00e9taill\u00e9 pr\u00e9sent\u00e9 par la commission en charge du suivi de ce dossier, plusieurs insuffisances auxquelles il faut rem\u00e9dier. Il a indiqu\u00e9 dans ce sens que le \u00ab\u00a0secteur de l&rsquo;Int\u00e9rieur, notamment les collectivit\u00e9s locales et \u00e0 leur t\u00eate la commune concern\u00e9e doivent assurer aux \u00e9l\u00e8ves du cycle primaire la restauration, le transport, le chauffage et les moyens ad\u00e9quats pour une bonne scolarit\u00e9\u00a0\u00bb, estimant que les cadres centraux et locaux sont responsables de la mise en oeuvre des dossiers inh\u00e9rents \u00e0 ce dossier.<\/p>\n<p>&#013;<\/p>\n<p class=\"MsoNoSpacing\">M. Bedoui a tenu \u00e0 souligner que des sanctions seront prises, le cas \u00e9ch\u00e9ant, sur le double plan central et local, appelant la commission concern\u00e9e \u00e0 \u00e9laborer un rapport d\u00e9taill\u00e9 \u00e0 l&rsquo;effet de prendre les mesures n\u00e9cessaires. Il a ordonn\u00e9 \u00e9galement l&rsquo;installation d&rsquo;une sous-commission charg\u00e9e du \u00ab\u00a0suivi du dossier de la fiscalit\u00e9 locale afin de pr\u00e9parer dans de bonnes conditions la prochaine rentr\u00e9e scolaire 2018 et rattraper les manques enregistr\u00e9es\u00a0\u00bb.<\/p>\n<p>&#013;<\/p>\n<p class=\"MsoNoSpacing\">Pour ce qui est de la commission en charge du suivi des activit\u00e9s locales pour les jeunes et apr\u00e8s pr\u00e9sentation d&rsquo;un rapport d\u00e9taill\u00e9 sur ses activit\u00e9s durant la saison estivale, M. Bedoui a estim\u00e9 \u00ab\u00a0qu&rsquo;en d\u00e9pit de l&rsquo;organisation de nombreuses activit\u00e9s culturelles et sportives pour jeunes\u00a0 \u00e0 travers le territoire national, celles-ci restent en de\u00e7\u00e0 des attentes\u00a0\u00bb.<\/p>\n<p>&#013;<\/p>\n<p class=\"MsoNoSpacing\">Il a ainsi exhort\u00e9 la commission concern\u00e9e \u00e0 entamer la pr\u00e9paration de la prochaine saison, \u00e0 l&rsquo;\u00e9laboration du programme annuel en sus du programme estival et \u00e0 assurer une activit\u00e9 durable sur les sc\u00e8nes culturelle et sportive, notamment dans les wilayas qui connaissent un manque d&rsquo;activit\u00e9s\u00a0 et de manifestations, les Hauts plateaux et le Sud notamment.<\/p>\n<p>&#013;<\/p>\n<p>Le Premier responsable du secteur a instruit les directeurs centraux de\u00a0 \u00ab\u00a0pr\u00e9parer des dossiers d\u00e9taill\u00e9s et complets sur tous les projets enregistr\u00e9s au niveau national, notamment dans les domaines de la sant\u00e9, de l&rsquo;\u00e9ducation et des ressources en eau\u00a0\u00bb.<\/p>\n<\/div>\n<p>&#013;<br \/>\nSource: <a href=\"http:\/\/www.aps.dz\/algerie\/63169-elections-locales-bedoui-appelle-a-garantir-le-succes-du-prochain-rendez-vous-electoral\" target=\"_blank\">Elections locales: Bedoui appelle \u00e0 garantir le succ\u00e8s du prochain rendez-vous \u00e9lectoral<\/a><\/p>\n<!--CusAds0-->\n<div style=\"font-size: 0px; height: 0px; line-height: 0px; margin: 0; padding: 0; clear: both;\"><\/div>","protected":false},"excerpt":{"rendered":"<p>ALGER &#8211; Le ministre de l&rsquo;Int\u00e9rieur, des Collectivit\u00e9s locales et de l&rsquo;Am\u00e9nagement du territoire, Noureddine Bedoui a appel\u00e9 \u00e0 garantir le succ\u00e8s des prochaines \u00e9lections locales du 23 novembre prochain, en tant que \u00ab\u00a0v\u00e9ritable jalon qui vient renforcer le socle d\u00e9mocratique \u00e0 la lumi\u00e8re de la nouvelle constitution\u00a0\u00bb, indique samedi un communiqu\u00e9 du minist\u00e8re. &#013;<\/p>\n","protected":false},"author":6,"featured_media":16240,"comment_status":"open","ping_status":"open","sticky":false,"template":"","format":"standard","meta":{"footnotes":""},"categories":[22],"tags":[93],"class_list":["post-16239","post","type-post","status-publish","format-standard","has-post-thumbnail","hentry","category-infos","tag-onu"],"yoast_head":"<!-- This site is optimized with the Yoast SEO plugin v27.5 - https:\/\/yoast.com\/product\/yoast-seo-wordpress\/ -->\n<title>Elections locales: Bedoui appelle \u00e0 garantir le succ\u00e8s du prochain rendez-vous \u00e9lectoral - info algerie<\/title>\n<meta name=\"robots\" content=\"index, follow, max-snippet:-1, max-image-preview:large, max-video-preview:-1\" \/>\n<link rel=\"canonical\" href=\"https:\/\/www.info-algerie.com\/actualites\/elections-locales-bedoui-appelle-a-garantir-le-succes-du-prochain-rendez-vous-electoral\/\" \/>\n<meta property=\"og:locale\" content=\"fr_FR\" \/>\n<meta property=\"og:type\" content=\"article\" \/>\n<meta property=\"og:title\" content=\"Elections locales: Bedoui appelle \u00e0 garantir le succ\u00e8s du prochain rendez-vous \u00e9lectoral - info algerie\" \/>\n<meta property=\"og:description\" content=\"ALGER &#8211; Le ministre de l&rsquo;Int\u00e9rieur, des Collectivit\u00e9s locales et de l&rsquo;Am\u00e9nagement du territoire, Noureddine Bedoui a appel\u00e9 \u00e0 garantir le succ\u00e8s des prochaines \u00e9lections locales du 23 novembre prochain, en tant que \u00ab\u00a0v\u00e9ritable jalon qui vient renforcer le socle d\u00e9mocratique \u00e0 la lumi\u00e8re de la nouvelle constitution\u00a0\u00bb, indique samedi un communiqu\u00e9 du minist\u00e8re. &#013;\" \/>\n<meta property=\"og:url\" content=\"https:\/\/www.info-algerie.com\/actualites\/elections-locales-bedoui-appelle-a-garantir-le-succes-du-prochain-rendez-vous-electoral\/\" \/>\n<meta property=\"og:site_name\" content=\"info algerie\" \/>\n<meta property=\"article:publisher\" content=\"https:\/\/www.facebook.com\/infoalgerieactu\" \/>\n<meta property=\"article:published_time\" content=\"2017-09-24T07:47:51+00:00\" \/>\n<meta property=\"og:image\" content=\"https:\/\/www.info-algerie.com\/actualites\/wp-content\/uploads\/2017\/09\/afc5992e534b33e849fac1c5ed581c61_S-1.jpg\" \/>\n\t<meta property=\"og:image:width\" content=\"280\" \/>\n\t<meta property=\"og:image:height\" content=\"172\" \/>\n\t<meta property=\"og:image:type\" content=\"image\/jpeg\" \/>\n<meta name=\"author\" content=\"La r\u00e9daction\" \/>\n<meta name=\"twitter:label1\" content=\"\u00c9crit par\" \/>\n\t<meta name=\"twitter:data1\" content=\"La r\u00e9daction\" \/>\n\t<meta name=\"twitter:label2\" content=\"Dur\u00e9e de lecture estim\u00e9e\" \/>\n\t<meta name=\"twitter:data2\" content=\"6 minutes\" \/>\n<script type=\"application\/ld+json\" class=\"yoast-schema-graph\">{\"@context\":\"https:\\\/\\\/schema.org\",\"@graph\":[{\"@type\":\"Article\",\"@id\":\"https:\\\/\\\/www.info-algerie.com\\\/actualites\\\/elections-locales-bedoui-appelle-a-garantir-le-succes-du-prochain-rendez-vous-electoral\\\/#article\",\"isPartOf\":{\"@id\":\"https:\\\/\\\/www.info-algerie.com\\\/actualites\\\/elections-locales-bedoui-appelle-a-garantir-le-succes-du-prochain-rendez-vous-electoral\\\/\"},\"author\":{\"name\":\"La r\u00e9daction\",\"@id\":\"https:\\\/\\\/www.info-algerie.com\\\/actualites\\\/#\\\/schema\\\/person\\\/847aaec44920825b843a08f30ec6aa1e\"},\"headline\":\"Elections locales: Bedoui appelle \u00e0 garantir le succ\u00e8s du prochain rendez-vous \u00e9lectoral\",\"datePublished\":\"2017-09-24T07:47:51+00:00\",\"mainEntityOfPage\":{\"@id\":\"https:\\\/\\\/www.info-algerie.com\\\/actualites\\\/elections-locales-bedoui-appelle-a-garantir-le-succes-du-prochain-rendez-vous-electoral\\\/\"},\"wordCount\":1221,\"commentCount\":0,\"publisher\":{\"@id\":\"https:\\\/\\\/www.info-algerie.com\\\/actualites\\\/#organization\"},\"image\":{\"@id\":\"https:\\\/\\\/www.info-algerie.com\\\/actualites\\\/elections-locales-bedoui-appelle-a-garantir-le-succes-du-prochain-rendez-vous-electoral\\\/#primaryimage\"},\"thumbnailUrl\":\"https:\\\/\\\/www.info-algerie.com\\\/actualites\\\/wp-content\\\/uploads\\\/2017\\\/09\\\/afc5992e534b33e849fac1c5ed581c61_S-1.jpg\",\"keywords\":[\"ONU\"],\"articleSection\":[\"infos\"],\"inLanguage\":\"fr-FR\",\"potentialAction\":[{\"@type\":\"CommentAction\",\"name\":\"Comment\",\"target\":[\"https:\\\/\\\/www.info-algerie.com\\\/actualites\\\/elections-locales-bedoui-appelle-a-garantir-le-succes-du-prochain-rendez-vous-electoral\\\/#respond\"]}]},{\"@type\":\"WebPage\",\"@id\":\"https:\\\/\\\/www.info-algerie.com\\\/actualites\\\/elections-locales-bedoui-appelle-a-garantir-le-succes-du-prochain-rendez-vous-electoral\\\/\",\"url\":\"https:\\\/\\\/www.info-algerie.com\\\/actualites\\\/elections-locales-bedoui-appelle-a-garantir-le-succes-du-prochain-rendez-vous-electoral\\\/\",\"name\":\"Elections locales: Bedoui appelle \u00e0 garantir le succ\u00e8s du prochain rendez-vous \u00e9lectoral - info algerie\",\"isPartOf\":{\"@id\":\"https:\\\/\\\/www.info-algerie.com\\\/actualites\\\/#website\"},\"primaryImageOfPage\":{\"@id\":\"https:\\\/\\\/www.info-algerie.com\\\/actualites\\\/elections-locales-bedoui-appelle-a-garantir-le-succes-du-prochain-rendez-vous-electoral\\\/#primaryimage\"},\"image\":{\"@id\":\"https:\\\/\\\/www.info-algerie.com\\\/actualites\\\/elections-locales-bedoui-appelle-a-garantir-le-succes-du-prochain-rendez-vous-electoral\\\/#primaryimage\"},\"thumbnailUrl\":\"https:\\\/\\\/www.info-algerie.com\\\/actualites\\\/wp-content\\\/uploads\\\/2017\\\/09\\\/afc5992e534b33e849fac1c5ed581c61_S-1.jpg\",\"datePublished\":\"2017-09-24T07:47:51+00:00\",\"breadcrumb\":{\"@id\":\"https:\\\/\\\/www.info-algerie.com\\\/actualites\\\/elections-locales-bedoui-appelle-a-garantir-le-succes-du-prochain-rendez-vous-electoral\\\/#breadcrumb\"},\"inLanguage\":\"fr-FR\",\"potentialAction\":[{\"@type\":\"ReadAction\",\"target\":[\"https:\\\/\\\/www.info-algerie.com\\\/actualites\\\/elections-locales-bedoui-appelle-a-garantir-le-succes-du-prochain-rendez-vous-electoral\\\/\"]}]},{\"@type\":\"ImageObject\",\"inLanguage\":\"fr-FR\",\"@id\":\"https:\\\/\\\/www.info-algerie.com\\\/actualites\\\/elections-locales-bedoui-appelle-a-garantir-le-succes-du-prochain-rendez-vous-electoral\\\/#primaryimage\",\"url\":\"https:\\\/\\\/www.info-algerie.com\\\/actualites\\\/wp-content\\\/uploads\\\/2017\\\/09\\\/afc5992e534b33e849fac1c5ed581c61_S-1.jpg\",\"contentUrl\":\"https:\\\/\\\/www.info-algerie.com\\\/actualites\\\/wp-content\\\/uploads\\\/2017\\\/09\\\/afc5992e534b33e849fac1c5ed581c61_S-1.jpg\",\"width\":280,\"height\":172},{\"@type\":\"BreadcrumbList\",\"@id\":\"https:\\\/\\\/www.info-algerie.com\\\/actualites\\\/elections-locales-bedoui-appelle-a-garantir-le-succes-du-prochain-rendez-vous-electoral\\\/#breadcrumb\",\"itemListElement\":[{\"@type\":\"ListItem\",\"position\":1,\"name\":\"Accueil\",\"item\":\"https:\\\/\\\/www.info-algerie.com\\\/actualites\\\/\"},{\"@type\":\"ListItem\",\"position\":2,\"name\":\"Elections locales: Bedoui appelle \u00e0 garantir le succ\u00e8s du prochain rendez-vous \u00e9lectoral\"}]},{\"@type\":\"WebSite\",\"@id\":\"https:\\\/\\\/www.info-algerie.com\\\/actualites\\\/#website\",\"url\":\"https:\\\/\\\/www.info-algerie.com\\\/actualites\\\/\",\"name\":\"info algerie\",\"description\":\"Toutes les actualit\u00e9s\",\"publisher\":{\"@id\":\"https:\\\/\\\/www.info-algerie.com\\\/actualites\\\/#organization\"},\"potentialAction\":[{\"@type\":\"SearchAction\",\"target\":{\"@type\":\"EntryPoint\",\"urlTemplate\":\"https:\\\/\\\/www.info-algerie.com\\\/actualites\\\/?s={search_term_string}\"},\"query-input\":{\"@type\":\"PropertyValueSpecification\",\"valueRequired\":true,\"valueName\":\"search_term_string\"}}],\"inLanguage\":\"fr-FR\"},{\"@type\":\"Organization\",\"@id\":\"https:\\\/\\\/www.info-algerie.com\\\/actualites\\\/#organization\",\"name\":\"info algerie\",\"url\":\"https:\\\/\\\/www.info-algerie.com\\\/actualites\\\/\",\"logo\":{\"@type\":\"ImageObject\",\"inLanguage\":\"fr-FR\",\"@id\":\"https:\\\/\\\/www.info-algerie.com\\\/actualites\\\/#\\\/schema\\\/logo\\\/image\\\/\",\"url\":\"https:\\\/\\\/www.info-algerie.com\\\/actualites\\\/wp-content\\\/uploads\\\/2022\\\/07\\\/logo-ia-120.png\",\"contentUrl\":\"https:\\\/\\\/www.info-algerie.com\\\/actualites\\\/wp-content\\\/uploads\\\/2022\\\/07\\\/logo-ia-120.png\",\"width\":120,\"height\":43,\"caption\":\"info algerie\"},\"image\":{\"@id\":\"https:\\\/\\\/www.info-algerie.com\\\/actualites\\\/#\\\/schema\\\/logo\\\/image\\\/\"},\"sameAs\":[\"https:\\\/\\\/www.facebook.com\\\/infoalgerieactu\",\"https:\\\/\\\/x.com\\\/infoalgerie1\"]},{\"@type\":\"Person\",\"@id\":\"https:\\\/\\\/www.info-algerie.com\\\/actualites\\\/#\\\/schema\\\/person\\\/847aaec44920825b843a08f30ec6aa1e\",\"name\":\"La r\u00e9daction\",\"image\":{\"@type\":\"ImageObject\",\"inLanguage\":\"fr-FR\",\"@id\":\"https:\\\/\\\/secure.gravatar.com\\\/avatar\\\/769db425c6f465158149f1ffd6cf61ce7a8a879d11dfbef8288af36dfddd418c?s=96&d=mm&r=g\",\"url\":\"https:\\\/\\\/secure.gravatar.com\\\/avatar\\\/769db425c6f465158149f1ffd6cf61ce7a8a879d11dfbef8288af36dfddd418c?s=96&d=mm&r=g\",\"contentUrl\":\"https:\\\/\\\/secure.gravatar.com\\\/avatar\\\/769db425c6f465158149f1ffd6cf61ce7a8a879d11dfbef8288af36dfddd418c?s=96&d=mm&r=g\",\"caption\":\"La r\u00e9daction\"},\"sameAs\":[\"http:\\\/\\\/www.lkeria.com\\\/\"],\"url\":\"https:\\\/\\\/www.info-algerie.com\\\/actualites\\\/author\\\/chakib32\\\/\"}]}<\/script>\n<!-- \/ Yoast SEO plugin. -->","yoast_head_json":{"title":"Elections locales: Bedoui appelle \u00e0 garantir le succ\u00e8s du prochain rendez-vous \u00e9lectoral - info algerie","robots":{"index":"index","follow":"follow","max-snippet":"max-snippet:-1","max-image-preview":"max-image-preview:large","max-video-preview":"max-video-preview:-1"},"canonical":"https:\/\/www.info-algerie.com\/actualites\/elections-locales-bedoui-appelle-a-garantir-le-succes-du-prochain-rendez-vous-electoral\/","og_locale":"fr_FR","og_type":"article","og_title":"Elections locales: Bedoui appelle \u00e0 garantir le succ\u00e8s du prochain rendez-vous \u00e9lectoral - info algerie","og_description":"ALGER &#8211; Le ministre de l&rsquo;Int\u00e9rieur, des Collectivit\u00e9s locales et de l&rsquo;Am\u00e9nagement du territoire, Noureddine Bedoui a appel\u00e9 \u00e0 garantir le succ\u00e8s des prochaines \u00e9lections locales du 23 novembre prochain, en tant que \u00ab\u00a0v\u00e9ritable jalon qui vient renforcer le socle d\u00e9mocratique \u00e0 la lumi\u00e8re de la nouvelle constitution\u00a0\u00bb, indique samedi un communiqu\u00e9 du minist\u00e8re. &#013;","og_url":"https:\/\/www.info-algerie.com\/actualites\/elections-locales-bedoui-appelle-a-garantir-le-succes-du-prochain-rendez-vous-electoral\/","og_site_name":"info algerie","article_publisher":"https:\/\/www.facebook.com\/infoalgerieactu","article_published_time":"2017-09-24T07:47:51+00:00","og_image":[{"width":280,"height":172,"url":"https:\/\/www.info-algerie.com\/actualites\/wp-content\/uploads\/2017\/09\/afc5992e534b33e849fac1c5ed581c61_S-1.jpg","type":"image\/jpeg"}],"author":"La r\u00e9daction","twitter_misc":{"\u00c9crit par":"La r\u00e9daction","Dur\u00e9e de lecture estim\u00e9e":"6 minutes"},"schema":{"@context":"https:\/\/schema.org","@graph":[{"@type":"Article","@id":"https:\/\/www.info-algerie.com\/actualites\/elections-locales-bedoui-appelle-a-garantir-le-succes-du-prochain-rendez-vous-electoral\/#article","isPartOf":{"@id":"https:\/\/www.info-algerie.com\/actualites\/elections-locales-bedoui-appelle-a-garantir-le-succes-du-prochain-rendez-vous-electoral\/"},"author":{"name":"La r\u00e9daction","@id":"https:\/\/www.info-algerie.com\/actualites\/#\/schema\/person\/847aaec44920825b843a08f30ec6aa1e"},"headline":"Elections locales: Bedoui appelle \u00e0 garantir le succ\u00e8s du prochain rendez-vous \u00e9lectoral","datePublished":"2017-09-24T07:47:51+00:00","mainEntityOfPage":{"@id":"https:\/\/www.info-algerie.com\/actualites\/elections-locales-bedoui-appelle-a-garantir-le-succes-du-prochain-rendez-vous-electoral\/"},"wordCount":1221,"commentCount":0,"publisher":{"@id":"https:\/\/www.info-algerie.com\/actualites\/#organization"},"image":{"@id":"https:\/\/www.info-algerie.com\/actualites\/elections-locales-bedoui-appelle-a-garantir-le-succes-du-prochain-rendez-vous-electoral\/#primaryimage"},"thumbnailUrl":"https:\/\/www.info-algerie.com\/actualites\/wp-content\/uploads\/2017\/09\/afc5992e534b33e849fac1c5ed581c61_S-1.jpg","keywords":["ONU"],"articleSection":["infos"],"inLanguage":"fr-FR","potentialAction":[{"@type":"CommentAction","name":"Comment","target":["https:\/\/www.info-algerie.com\/actualites\/elections-locales-bedoui-appelle-a-garantir-le-succes-du-prochain-rendez-vous-electoral\/#respond"]}]},{"@type":"WebPage","@id":"https:\/\/www.info-algerie.com\/actualites\/elections-locales-bedoui-appelle-a-garantir-le-succes-du-prochain-rendez-vous-electoral\/","url":"https:\/\/www.info-algerie.com\/actualites\/elections-locales-bedoui-appelle-a-garantir-le-succes-du-prochain-rendez-vous-electoral\/","name":"Elections locales: Bedoui appelle \u00e0 garantir le succ\u00e8s du prochain rendez-vous \u00e9lectoral - info algerie","isPartOf":{"@id":"https:\/\/www.info-algerie.com\/actualites\/#website"},"primaryImageOfPage":{"@id":"https:\/\/www.info-algerie.com\/actualites\/elections-locales-bedoui-appelle-a-garantir-le-succes-du-prochain-rendez-vous-electoral\/#primaryimage"},"image":{"@id":"https:\/\/www.info-algerie.com\/actualites\/elections-locales-bedoui-appelle-a-garantir-le-succes-du-prochain-rendez-vous-electoral\/#primaryimage"},"thumbnailUrl":"https:\/\/www.info-algerie.com\/actualites\/wp-content\/uploads\/2017\/09\/afc5992e534b33e849fac1c5ed581c61_S-1.jpg","datePublished":"2017-09-24T07:47:51+00:00","breadcrumb":{"@id":"https:\/\/www.info-algerie.com\/actualites\/elections-locales-bedoui-appelle-a-garantir-le-succes-du-prochain-rendez-vous-electoral\/#breadcrumb"},"inLanguage":"fr-FR","potentialAction":[{"@type":"ReadAction","target":["https:\/\/www.info-algerie.com\/actualites\/elections-locales-bedoui-appelle-a-garantir-le-succes-du-prochain-rendez-vous-electoral\/"]}]},{"@type":"ImageObject","inLanguage":"fr-FR","@id":"https:\/\/www.info-algerie.com\/actualites\/elections-locales-bedoui-appelle-a-garantir-le-succes-du-prochain-rendez-vous-electoral\/#primaryimage","url":"https:\/\/www.info-algerie.com\/actualites\/wp-content\/uploads\/2017\/09\/afc5992e534b33e849fac1c5ed581c61_S-1.jpg","contentUrl":"https:\/\/www.info-algerie.com\/actualites\/wp-content\/uploads\/2017\/09\/afc5992e534b33e849fac1c5ed581c61_S-1.jpg","width":280,"height":172},{"@type":"BreadcrumbList","@id":"https:\/\/www.info-algerie.com\/actualites\/elections-locales-bedoui-appelle-a-garantir-le-succes-du-prochain-rendez-vous-electoral\/#breadcrumb","itemListElement":[{"@type":"ListItem","position":1,"name":"Accueil","item":"https:\/\/www.info-algerie.com\/actualites\/"},{"@type":"ListItem","position":2,"name":"Elections locales: Bedoui appelle \u00e0 garantir le succ\u00e8s du prochain rendez-vous \u00e9lectoral"}]},{"@type":"WebSite","@id":"https:\/\/www.info-algerie.com\/actualites\/#website","url":"https:\/\/www.info-algerie.com\/actualites\/","name":"info algerie","description":"Toutes les actualit\u00e9s","publisher":{"@id":"https:\/\/www.info-algerie.com\/actualites\/#organization"},"potentialAction":[{"@type":"SearchAction","target":{"@type":"EntryPoint","urlTemplate":"https:\/\/www.info-algerie.com\/actualites\/?s={search_term_string}"},"query-input":{"@type":"PropertyValueSpecification","valueRequired":true,"valueName":"search_term_string"}}],"inLanguage":"fr-FR"},{"@type":"Organization","@id":"https:\/\/www.info-algerie.com\/actualites\/#organization","name":"info algerie","url":"https:\/\/www.info-algerie.com\/actualites\/","logo":{"@type":"ImageObject","inLanguage":"fr-FR","@id":"https:\/\/www.info-algerie.com\/actualites\/#\/schema\/logo\/image\/","url":"https:\/\/www.info-algerie.com\/actualites\/wp-content\/uploads\/2022\/07\/logo-ia-120.png","contentUrl":"https:\/\/www.info-algerie.com\/actualites\/wp-content\/uploads\/2022\/07\/logo-ia-120.png","width":120,"height":43,"caption":"info algerie"},"image":{"@id":"https:\/\/www.info-algerie.com\/actualites\/#\/schema\/logo\/image\/"},"sameAs":["https:\/\/www.facebook.com\/infoalgerieactu","https:\/\/x.com\/infoalgerie1"]},{"@type":"Person","@id":"https:\/\/www.info-algerie.com\/actualites\/#\/schema\/person\/847aaec44920825b843a08f30ec6aa1e","name":"La r\u00e9daction","image":{"@type":"ImageObject","inLanguage":"fr-FR","@id":"https:\/\/secure.gravatar.com\/avatar\/769db425c6f465158149f1ffd6cf61ce7a8a879d11dfbef8288af36dfddd418c?s=96&d=mm&r=g","url":"https:\/\/secure.gravatar.com\/avatar\/769db425c6f465158149f1ffd6cf61ce7a8a879d11dfbef8288af36dfddd418c?s=96&d=mm&r=g","contentUrl":"https:\/\/secure.gravatar.com\/avatar\/769db425c6f465158149f1ffd6cf61ce7a8a879d11dfbef8288af36dfddd418c?s=96&d=mm&r=g","caption":"La r\u00e9daction"},"sameAs":["http:\/\/www.lkeria.com\/"],"url":"https:\/\/www.info-algerie.com\/actualites\/author\/chakib32\/"}]}},"_links":{"self":[{"href":"https:\/\/www.info-algerie.com\/actualites\/wp-json\/wp\/v2\/posts\/16239","targetHints":{"allow":["GET"]}}],"collection":[{"href":"https:\/\/www.info-algerie.com\/actualites\/wp-json\/wp\/v2\/posts"}],"about":[{"href":"https:\/\/www.info-algerie.com\/actualites\/wp-json\/wp\/v2\/types\/post"}],"author":[{"embeddable":true,"href":"https:\/\/www.info-algerie.com\/actualites\/wp-json\/wp\/v2\/users\/6"}],"replies":[{"embeddable":true,"href":"https:\/\/www.info-algerie.com\/actualites\/wp-json\/wp\/v2\/comments?post=16239"}],"version-history":[{"count":0,"href":"https:\/\/www.info-algerie.com\/actualites\/wp-json\/wp\/v2\/posts\/16239\/revisions"}],"wp:featuredmedia":[{"embeddable":true,"href":"https:\/\/www.info-algerie.com\/actualites\/wp-json\/wp\/v2\/media\/16240"}],"wp:attachment":[{"href":"https:\/\/www.info-algerie.com\/actualites\/wp-json\/wp\/v2\/media?parent=16239"}],"wp:term":[{"taxonomy":"category","embeddable":true,"href":"https:\/\/www.info-algerie.com\/actualites\/wp-json\/wp\/v2\/categories?post=16239"},{"taxonomy":"post_tag","embeddable":true,"href":"https:\/\/www.info-algerie.com\/actualites\/wp-json\/wp\/v2\/tags?post=16239"}],"curies":[{"name":"wp","href":"https:\/\/api.w.org\/{rel}","templated":true}]}}