{"id":16247,"date":"2017-09-24T13:19:27","date_gmt":"2017-09-24T12:19:27","guid":{"rendered":"http:\/\/www.info-algerie.com\/actualites\/ouyahia-presentera-lundi-le-plan-daction-du-gouvernement-devant-le-conseil-de-la-nation\/"},"modified":"2017-09-24T13:19:27","modified_gmt":"2017-09-24T12:19:27","slug":"ouyahia-presentera-lundi-le-plan-daction-du-gouvernement-devant-le-conseil-de-la-nation","status":"publish","type":"post","link":"https:\/\/www.info-algerie.com\/actualites\/ouyahia-presentera-lundi-le-plan-daction-du-gouvernement-devant-le-conseil-de-la-nation\/","title":{"rendered":"Ouyahia pr\u00e9sentera lundi le Plan d&#039;action du gouvernement devant le Conseil de la nation"},"content":{"rendered":"<div class=\"K2FeedImage\"><img decoding=\"async\" src=\"https:\/\/www.info-algerie.com\/actualites\/wp-content\/uploads\/2017\/09\/45a5fcc8760a879eacf6cd950f30ffc4_S.jpg\" alt=\"Ouyahia pr&#xE9;sentera lundi le Plan d'action du gouvernement devant le Conseil de la nation\" \/><\/div>\n<div class=\"K2FeedIntroText\">\n<p class=\"MsoNoSpacing\">ALGER- Le Premier ministre, Ahmed Ouyahia, pr\u00e9sentera demain lundi une communication sur le <a href=\"http:\/\/www.aps.dz\/economie\/62880-plan-d-action-du-gouvernement-une-feuille-de-route-pour-la-poursuite-de-la-mise-en-oeuvre-du-programme-du-president-de-la-republique\"><strong>Plan d&rsquo;action du gouvernement<\/strong><\/a> devant le Conseil de la nation, apr\u00e8s son <a href=\"http:\/\/www.aps.dz\/algerie\/63071-le-plan-d-action-du-gouvernement-adopte-a-la-majorite-par-l-apn\"><strong>adoption jeudi dernier<\/strong><\/a> \u00e0 une large majorit\u00e9, par l&rsquo;Assembl\u00e9e populaire nationale (APN).<\/p>\n<p>&#013;\n<\/p><\/div>\n<div class=\"K2FeedFullText\">&#013;<\/p>\n<p class=\"MsoNoSpacing\">Avec comme feuille de route la concr\u00e9tisation du programme du pr\u00e9sident de la R\u00e9publique, Abdelaziz Bouteflika, pr\u00f4nant essentiellement la poursuite de la politique nationale de d\u00e9veloppement social, le Plan d&rsquo;action du gouvernement sera d\u00e9battu, deux jours durant en s\u00e9ance pl\u00e9ni\u00e8re, par les membres de la deuxi\u00e8me chambre du Parlement.<\/p>\n<p>&#013;<\/p>\n<p class=\"MsoNoSpacing\">Le Premier ministre apportera, quant \u00e0 lui, ses r\u00e9ponses jeudi prochain aux interrogations des s\u00e9nateurs qui peuvent \u00e9mettre un r\u00e9solution relative \u00e0 ce plan d&rsquo;action, pl\u00e9biscit\u00e9 \u00e0 l&rsquo;APN par 341 d\u00e9put\u00e9s, contre 64 voix contre et 13 abstentions.<\/p>\n<p>&#013;<\/p>\n<p class=\"MsoNoSpacing\">Avant son adoption et r\u00e9pondant aux pr\u00e9occupations des repr\u00e9sentants du peuple, le Premier ministre a tenu \u00e0 rassurer que le gouvernement \u00ab\u00a0pr\u00e9servera les acquis\u00a0\u00bb r\u00e9alis\u00e9s jusque-l\u00e0, \u00e0 travers la politique de subvention actuelle, particuli\u00e8rement\u00a0 des produits de large consommation subventionn\u00e9s, ajoutant que l&rsquo;Alg\u00e9rie poursuivra son d\u00e9veloppement \u00e9conomique et social, sous\u00a0 la conduite du pr\u00e9sident de la R\u00e9publique, Abdelaziz Bouteflika.<\/p>\n<p>&#013;<\/p>\n<p class=\"MsoNoSpacing\">A ce propos, M. Ouyahia a rappel\u00e9 les r\u00e9alisations de ces derni\u00e8res\u00a0 ann\u00e9es, citant la construction de plus de 100 h\u00f4pitaux et \u00e9tablissements de sant\u00e9 publique et quelque 2,7 millions de logements.<\/p>\n<p>&#013;<\/p>\n<p class=\"MsoNoSpacing\">Mettant l&rsquo;accent, par ailleurs, sur le recouvrement de la paix et de la stabilit\u00e9, il s&rsquo;est f\u00e9licit\u00e9 que le chef de l&rsquo;Etat \u00ab\u00a0b\u00e9n\u00e9ficie du soutien du peuple et de l&rsquo;Arm\u00e9e nationale populaire, dont il est le chef supr\u00eame\u00a0\u00bb.<\/p>\n<p>&#013;<\/p>\n<p class=\"MsoNoSpacing\">Il a affirm\u00e9,\u00a0 sur un autre registre, que la lutte contre la corruption a besoin \u00ab\u00a0de pers\u00e9v\u00e9rance et de plus de transparence\u00a0\u00bb, ajoutant que le Plan d&rsquo;action du gouvernement \u00ab\u00a0renforcera\u00a0\u00bb la transparence dans la lutte contre ce fl\u00e9au.<\/p>\n<p>&#013;<\/p>\n<p class=\"MsoNoSpacing\">Abordant la question de la d\u00e9centralisation, le Premier ministre a exprim\u00e9 le souci du gouvernement \u00ab\u00a0de hisser les capacit\u00e9s et pr\u00e9rogatives de l&rsquo;administration locale pour renforcer et consolider\u00a0\u00bb cette option, tout en exprimant, sur un autre chapitre, \u00ab\u00a0la d\u00e9termination du gouvernement \u00e0 rem\u00e9dier aux carences du syst\u00e8me \u00e9ducatif afin d&rsquo;am\u00e9liorer la qualit\u00e9 de l&rsquo;enseignement\u00a0\u00bb.<\/p>\n<p>&#013;<\/p>\n<p class=\"MsoNoSpacing\">R\u00e9pondant aux pr\u00e9occupations des d\u00e9put\u00e9s quant \u00e0 la <a href=\"http:\/\/www.aps.dz\/algerie\/62772-conjoncture-economique-le-message-d-espoir-et-de-serenite-du-gouvernement-est-realiste?utm_source=feedburner&amp;utm_medium=feed&amp;utm_campaign=Feed%3A+aps-algerie+%28APS+-+\"><strong>situation financi\u00e8re du pays<\/strong><\/a>, M. Ouyahia a tenu \u00e0 rassurer notamment que le recours au <a href=\"http:\/\/www.aps.dz\/economie\/63085-financement-non-conventionnel-vers-la-creation-d-une-instance-independante-de-controle\"><strong>financement non conventionnel<\/strong><\/a> est sans risques pour l&rsquo;\u00e9conomie nationale.<\/p>\n<p>&#013;<\/p>\n<p class=\"MsoNoSpacing\">\u00ab\u00a0Il s&rsquo;agit d&rsquo;une affaire de gestion \u00e9conomique pour une p\u00e9riode de cinq ans maximum qui d\u00e9pend de donn\u00e9es purement \u00e9conomiques, loin des calculs politiciens\u00a0\u00bb, a-t-il explicit\u00e9.<\/p>\n<p>&#013;<\/p>\n<p class=\"MsoNoSpacing\">Il a ajout\u00e9, \u00e0 ce propos, que ce recours \u00e9vitera au pays une crise financi\u00e8re \u00ab\u00a0aigu\u00e9e\u00a0\u00bb, promettant que \u00ab\u00a0le temps prouvera si le gouvernement avait raison ou tort d&rsquo;adopter cette mesure.<\/p>\n<p>&#013;<\/p>\n<p>\u00a0<\/p>\n<p>&#013;<\/p>\n<p class=\"MsoNoSpacing\">Tout en rendant hommage aux partis politiques de la majorit\u00e9 pr\u00e9sidentielle (FLN, RND, TAJ, MPA), au groupe parlementaire des Ind\u00e9pendants ayant approuv\u00e9 le Plan d&rsquo;action gouvernemental qui leur a \u00e9t\u00e9 soumis, il a salu\u00e9 \u00ab\u00a0l&rsquo;opposition civilis\u00e9e\u00a0\u00bb et \u00ab\u00a0s\u00e9v\u00e8rement\u00a0\u00bb critiqu\u00e9 des partis d&rsquo;opposition, les qualifiant d'\u00a0\u00bbapprentis de l&rsquo;opposition\u00a0\u00bb, allusion aux critiques \u00e9mises par certains d\u00e9put\u00e9s.<\/p>\n<\/div>\n<p>&#013;<br \/>\nSource: <a href=\"http:\/\/www.aps.dz\/algerie\/63181-ouyahia-presentera-lundi-le-plan-d-action-du-gouvernement-devant-le-conseil-de-la-nation\" target=\"_blank\">Ouyahia pr\u00e9sentera lundi le Plan d&rsquo;action du gouvernement devant le Conseil de la nation<\/a><\/p>\n<!--CusAds0-->\n<div style=\"font-size: 0px; height: 0px; line-height: 0px; margin: 0; padding: 0; clear: both;\"><\/div>","protected":false},"excerpt":{"rendered":"<p>ALGER- Le Premier ministre, Ahmed Ouyahia, pr\u00e9sentera demain lundi une communication sur le Plan d&rsquo;action du gouvernement devant le Conseil de la nation, apr\u00e8s son adoption jeudi dernier \u00e0 une large majorit\u00e9, par l&rsquo;Assembl\u00e9e populaire nationale (APN). &#013; &#013; Avec comme feuille de route la concr\u00e9tisation du programme du pr\u00e9sident de la R\u00e9publique, Abdelaziz Bouteflika,<\/p>\n","protected":false},"author":6,"featured_media":16248,"comment_status":"open","ping_status":"open","sticky":false,"template":"","format":"standard","meta":{"footnotes":""},"categories":[22],"tags":[93],"class_list":["post-16247","post","type-post","status-publish","format-standard","has-post-thumbnail","hentry","category-infos","tag-onu"],"yoast_head":"<!-- This site is optimized with the Yoast SEO plugin v27.5 - https:\/\/yoast.com\/product\/yoast-seo-wordpress\/ -->\n<title>Ouyahia pr\u00e9sentera lundi le Plan d&#039;action du gouvernement devant le Conseil de la nation - info algerie<\/title>\n<meta name=\"robots\" content=\"index, follow, max-snippet:-1, max-image-preview:large, max-video-preview:-1\" \/>\n<link rel=\"canonical\" href=\"https:\/\/www.info-algerie.com\/actualites\/ouyahia-presentera-lundi-le-plan-daction-du-gouvernement-devant-le-conseil-de-la-nation\/\" \/>\n<meta property=\"og:locale\" content=\"fr_FR\" \/>\n<meta property=\"og:type\" content=\"article\" \/>\n<meta property=\"og:title\" content=\"Ouyahia pr\u00e9sentera lundi le Plan d&#039;action du gouvernement devant le Conseil de la nation - info algerie\" \/>\n<meta property=\"og:description\" content=\"ALGER- Le Premier ministre, Ahmed Ouyahia, pr\u00e9sentera demain lundi une communication sur le Plan d&rsquo;action du gouvernement devant le Conseil de la nation, apr\u00e8s son adoption jeudi dernier \u00e0 une large majorit\u00e9, par l&rsquo;Assembl\u00e9e populaire nationale (APN). &#013; &#013; Avec comme feuille de route la concr\u00e9tisation du programme du pr\u00e9sident de la R\u00e9publique, Abdelaziz Bouteflika,\" \/>\n<meta property=\"og:url\" content=\"https:\/\/www.info-algerie.com\/actualites\/ouyahia-presentera-lundi-le-plan-daction-du-gouvernement-devant-le-conseil-de-la-nation\/\" \/>\n<meta property=\"og:site_name\" content=\"info algerie\" \/>\n<meta property=\"article:publisher\" content=\"https:\/\/www.facebook.com\/infoalgerieactu\" \/>\n<meta property=\"article:published_time\" content=\"2017-09-24T12:19:27+00:00\" \/>\n<meta property=\"og:image\" content=\"https:\/\/www.info-algerie.com\/actualites\/wp-content\/uploads\/2017\/09\/45a5fcc8760a879eacf6cd950f30ffc4_S-1.jpg\" \/>\n\t<meta property=\"og:image:width\" content=\"280\" \/>\n\t<meta property=\"og:image:height\" content=\"185\" \/>\n\t<meta property=\"og:image:type\" content=\"image\/jpeg\" \/>\n<meta name=\"author\" content=\"La r\u00e9daction\" \/>\n<meta name=\"twitter:label1\" content=\"\u00c9crit par\" \/>\n\t<meta name=\"twitter:data1\" content=\"La r\u00e9daction\" \/>\n\t<meta name=\"twitter:label2\" content=\"Dur\u00e9e de lecture estim\u00e9e\" \/>\n\t<meta name=\"twitter:data2\" content=\"3 minutes\" \/>\n<script type=\"application\/ld+json\" class=\"yoast-schema-graph\">{\"@context\":\"https:\\\/\\\/schema.org\",\"@graph\":[{\"@type\":\"Article\",\"@id\":\"https:\\\/\\\/www.info-algerie.com\\\/actualites\\\/ouyahia-presentera-lundi-le-plan-daction-du-gouvernement-devant-le-conseil-de-la-nation\\\/#article\",\"isPartOf\":{\"@id\":\"https:\\\/\\\/www.info-algerie.com\\\/actualites\\\/ouyahia-presentera-lundi-le-plan-daction-du-gouvernement-devant-le-conseil-de-la-nation\\\/\"},\"author\":{\"name\":\"La r\u00e9daction\",\"@id\":\"https:\\\/\\\/www.info-algerie.com\\\/actualites\\\/#\\\/schema\\\/person\\\/847aaec44920825b843a08f30ec6aa1e\"},\"headline\":\"Ouyahia pr\u00e9sentera lundi le Plan d&#039;action du gouvernement devant le Conseil de la nation\",\"datePublished\":\"2017-09-24T12:19:27+00:00\",\"mainEntityOfPage\":{\"@id\":\"https:\\\/\\\/www.info-algerie.com\\\/actualites\\\/ouyahia-presentera-lundi-le-plan-daction-du-gouvernement-devant-le-conseil-de-la-nation\\\/\"},\"wordCount\":596,\"commentCount\":0,\"publisher\":{\"@id\":\"https:\\\/\\\/www.info-algerie.com\\\/actualites\\\/#organization\"},\"image\":{\"@id\":\"https:\\\/\\\/www.info-algerie.com\\\/actualites\\\/ouyahia-presentera-lundi-le-plan-daction-du-gouvernement-devant-le-conseil-de-la-nation\\\/#primaryimage\"},\"thumbnailUrl\":\"https:\\\/\\\/www.info-algerie.com\\\/actualites\\\/wp-content\\\/uploads\\\/2017\\\/09\\\/45a5fcc8760a879eacf6cd950f30ffc4_S-1.jpg\",\"keywords\":[\"ONU\"],\"articleSection\":[\"infos\"],\"inLanguage\":\"fr-FR\",\"potentialAction\":[{\"@type\":\"CommentAction\",\"name\":\"Comment\",\"target\":[\"https:\\\/\\\/www.info-algerie.com\\\/actualites\\\/ouyahia-presentera-lundi-le-plan-daction-du-gouvernement-devant-le-conseil-de-la-nation\\\/#respond\"]}]},{\"@type\":\"WebPage\",\"@id\":\"https:\\\/\\\/www.info-algerie.com\\\/actualites\\\/ouyahia-presentera-lundi-le-plan-daction-du-gouvernement-devant-le-conseil-de-la-nation\\\/\",\"url\":\"https:\\\/\\\/www.info-algerie.com\\\/actualites\\\/ouyahia-presentera-lundi-le-plan-daction-du-gouvernement-devant-le-conseil-de-la-nation\\\/\",\"name\":\"Ouyahia pr\u00e9sentera lundi le Plan d&#039;action du gouvernement devant le Conseil de la nation - info algerie\",\"isPartOf\":{\"@id\":\"https:\\\/\\\/www.info-algerie.com\\\/actualites\\\/#website\"},\"primaryImageOfPage\":{\"@id\":\"https:\\\/\\\/www.info-algerie.com\\\/actualites\\\/ouyahia-presentera-lundi-le-plan-daction-du-gouvernement-devant-le-conseil-de-la-nation\\\/#primaryimage\"},\"image\":{\"@id\":\"https:\\\/\\\/www.info-algerie.com\\\/actualites\\\/ouyahia-presentera-lundi-le-plan-daction-du-gouvernement-devant-le-conseil-de-la-nation\\\/#primaryimage\"},\"thumbnailUrl\":\"https:\\\/\\\/www.info-algerie.com\\\/actualites\\\/wp-content\\\/uploads\\\/2017\\\/09\\\/45a5fcc8760a879eacf6cd950f30ffc4_S-1.jpg\",\"datePublished\":\"2017-09-24T12:19:27+00:00\",\"breadcrumb\":{\"@id\":\"https:\\\/\\\/www.info-algerie.com\\\/actualites\\\/ouyahia-presentera-lundi-le-plan-daction-du-gouvernement-devant-le-conseil-de-la-nation\\\/#breadcrumb\"},\"inLanguage\":\"fr-FR\",\"potentialAction\":[{\"@type\":\"ReadAction\",\"target\":[\"https:\\\/\\\/www.info-algerie.com\\\/actualites\\\/ouyahia-presentera-lundi-le-plan-daction-du-gouvernement-devant-le-conseil-de-la-nation\\\/\"]}]},{\"@type\":\"ImageObject\",\"inLanguage\":\"fr-FR\",\"@id\":\"https:\\\/\\\/www.info-algerie.com\\\/actualites\\\/ouyahia-presentera-lundi-le-plan-daction-du-gouvernement-devant-le-conseil-de-la-nation\\\/#primaryimage\",\"url\":\"https:\\\/\\\/www.info-algerie.com\\\/actualites\\\/wp-content\\\/uploads\\\/2017\\\/09\\\/45a5fcc8760a879eacf6cd950f30ffc4_S-1.jpg\",\"contentUrl\":\"https:\\\/\\\/www.info-algerie.com\\\/actualites\\\/wp-content\\\/uploads\\\/2017\\\/09\\\/45a5fcc8760a879eacf6cd950f30ffc4_S-1.jpg\",\"width\":280,\"height\":185},{\"@type\":\"BreadcrumbList\",\"@id\":\"https:\\\/\\\/www.info-algerie.com\\\/actualites\\\/ouyahia-presentera-lundi-le-plan-daction-du-gouvernement-devant-le-conseil-de-la-nation\\\/#breadcrumb\",\"itemListElement\":[{\"@type\":\"ListItem\",\"position\":1,\"name\":\"Accueil\",\"item\":\"https:\\\/\\\/www.info-algerie.com\\\/actualites\\\/\"},{\"@type\":\"ListItem\",\"position\":2,\"name\":\"Ouyahia pr\u00e9sentera lundi le Plan d&#039;action du gouvernement devant le Conseil de la nation\"}]},{\"@type\":\"WebSite\",\"@id\":\"https:\\\/\\\/www.info-algerie.com\\\/actualites\\\/#website\",\"url\":\"https:\\\/\\\/www.info-algerie.com\\\/actualites\\\/\",\"name\":\"info algerie\",\"description\":\"Toutes les actualit\u00e9s\",\"publisher\":{\"@id\":\"https:\\\/\\\/www.info-algerie.com\\\/actualites\\\/#organization\"},\"potentialAction\":[{\"@type\":\"SearchAction\",\"target\":{\"@type\":\"EntryPoint\",\"urlTemplate\":\"https:\\\/\\\/www.info-algerie.com\\\/actualites\\\/?s={search_term_string}\"},\"query-input\":{\"@type\":\"PropertyValueSpecification\",\"valueRequired\":true,\"valueName\":\"search_term_string\"}}],\"inLanguage\":\"fr-FR\"},{\"@type\":\"Organization\",\"@id\":\"https:\\\/\\\/www.info-algerie.com\\\/actualites\\\/#organization\",\"name\":\"info algerie\",\"url\":\"https:\\\/\\\/www.info-algerie.com\\\/actualites\\\/\",\"logo\":{\"@type\":\"ImageObject\",\"inLanguage\":\"fr-FR\",\"@id\":\"https:\\\/\\\/www.info-algerie.com\\\/actualites\\\/#\\\/schema\\\/logo\\\/image\\\/\",\"url\":\"https:\\\/\\\/www.info-algerie.com\\\/actualites\\\/wp-content\\\/uploads\\\/2022\\\/07\\\/logo-ia-120.png\",\"contentUrl\":\"https:\\\/\\\/www.info-algerie.com\\\/actualites\\\/wp-content\\\/uploads\\\/2022\\\/07\\\/logo-ia-120.png\",\"width\":120,\"height\":43,\"caption\":\"info algerie\"},\"image\":{\"@id\":\"https:\\\/\\\/www.info-algerie.com\\\/actualites\\\/#\\\/schema\\\/logo\\\/image\\\/\"},\"sameAs\":[\"https:\\\/\\\/www.facebook.com\\\/infoalgerieactu\",\"https:\\\/\\\/x.com\\\/infoalgerie1\"]},{\"@type\":\"Person\",\"@id\":\"https:\\\/\\\/www.info-algerie.com\\\/actualites\\\/#\\\/schema\\\/person\\\/847aaec44920825b843a08f30ec6aa1e\",\"name\":\"La r\u00e9daction\",\"image\":{\"@type\":\"ImageObject\",\"inLanguage\":\"fr-FR\",\"@id\":\"https:\\\/\\\/secure.gravatar.com\\\/avatar\\\/769db425c6f465158149f1ffd6cf61ce7a8a879d11dfbef8288af36dfddd418c?s=96&d=mm&r=g\",\"url\":\"https:\\\/\\\/secure.gravatar.com\\\/avatar\\\/769db425c6f465158149f1ffd6cf61ce7a8a879d11dfbef8288af36dfddd418c?s=96&d=mm&r=g\",\"contentUrl\":\"https:\\\/\\\/secure.gravatar.com\\\/avatar\\\/769db425c6f465158149f1ffd6cf61ce7a8a879d11dfbef8288af36dfddd418c?s=96&d=mm&r=g\",\"caption\":\"La r\u00e9daction\"},\"sameAs\":[\"http:\\\/\\\/www.lkeria.com\\\/\"],\"url\":\"https:\\\/\\\/www.info-algerie.com\\\/actualites\\\/author\\\/chakib32\\\/\"}]}<\/script>\n<!-- \/ Yoast SEO plugin. -->","yoast_head_json":{"title":"Ouyahia pr\u00e9sentera lundi le Plan d&#039;action du gouvernement devant le Conseil de la nation - info algerie","robots":{"index":"index","follow":"follow","max-snippet":"max-snippet:-1","max-image-preview":"max-image-preview:large","max-video-preview":"max-video-preview:-1"},"canonical":"https:\/\/www.info-algerie.com\/actualites\/ouyahia-presentera-lundi-le-plan-daction-du-gouvernement-devant-le-conseil-de-la-nation\/","og_locale":"fr_FR","og_type":"article","og_title":"Ouyahia pr\u00e9sentera lundi le Plan d&#039;action du gouvernement devant le Conseil de la nation - info algerie","og_description":"ALGER- Le Premier ministre, Ahmed Ouyahia, pr\u00e9sentera demain lundi une communication sur le Plan d&rsquo;action du gouvernement devant le Conseil de la nation, apr\u00e8s son adoption jeudi dernier \u00e0 une large majorit\u00e9, par l&rsquo;Assembl\u00e9e populaire nationale (APN). &#013; &#013; Avec comme feuille de route la concr\u00e9tisation du programme du pr\u00e9sident de la R\u00e9publique, Abdelaziz Bouteflika,","og_url":"https:\/\/www.info-algerie.com\/actualites\/ouyahia-presentera-lundi-le-plan-daction-du-gouvernement-devant-le-conseil-de-la-nation\/","og_site_name":"info algerie","article_publisher":"https:\/\/www.facebook.com\/infoalgerieactu","article_published_time":"2017-09-24T12:19:27+00:00","og_image":[{"width":280,"height":185,"url":"https:\/\/www.info-algerie.com\/actualites\/wp-content\/uploads\/2017\/09\/45a5fcc8760a879eacf6cd950f30ffc4_S-1.jpg","type":"image\/jpeg"}],"author":"La r\u00e9daction","twitter_misc":{"\u00c9crit par":"La r\u00e9daction","Dur\u00e9e de lecture estim\u00e9e":"3 minutes"},"schema":{"@context":"https:\/\/schema.org","@graph":[{"@type":"Article","@id":"https:\/\/www.info-algerie.com\/actualites\/ouyahia-presentera-lundi-le-plan-daction-du-gouvernement-devant-le-conseil-de-la-nation\/#article","isPartOf":{"@id":"https:\/\/www.info-algerie.com\/actualites\/ouyahia-presentera-lundi-le-plan-daction-du-gouvernement-devant-le-conseil-de-la-nation\/"},"author":{"name":"La r\u00e9daction","@id":"https:\/\/www.info-algerie.com\/actualites\/#\/schema\/person\/847aaec44920825b843a08f30ec6aa1e"},"headline":"Ouyahia pr\u00e9sentera lundi le Plan d&#039;action du gouvernement devant le Conseil de la nation","datePublished":"2017-09-24T12:19:27+00:00","mainEntityOfPage":{"@id":"https:\/\/www.info-algerie.com\/actualites\/ouyahia-presentera-lundi-le-plan-daction-du-gouvernement-devant-le-conseil-de-la-nation\/"},"wordCount":596,"commentCount":0,"publisher":{"@id":"https:\/\/www.info-algerie.com\/actualites\/#organization"},"image":{"@id":"https:\/\/www.info-algerie.com\/actualites\/ouyahia-presentera-lundi-le-plan-daction-du-gouvernement-devant-le-conseil-de-la-nation\/#primaryimage"},"thumbnailUrl":"https:\/\/www.info-algerie.com\/actualites\/wp-content\/uploads\/2017\/09\/45a5fcc8760a879eacf6cd950f30ffc4_S-1.jpg","keywords":["ONU"],"articleSection":["infos"],"inLanguage":"fr-FR","potentialAction":[{"@type":"CommentAction","name":"Comment","target":["https:\/\/www.info-algerie.com\/actualites\/ouyahia-presentera-lundi-le-plan-daction-du-gouvernement-devant-le-conseil-de-la-nation\/#respond"]}]},{"@type":"WebPage","@id":"https:\/\/www.info-algerie.com\/actualites\/ouyahia-presentera-lundi-le-plan-daction-du-gouvernement-devant-le-conseil-de-la-nation\/","url":"https:\/\/www.info-algerie.com\/actualites\/ouyahia-presentera-lundi-le-plan-daction-du-gouvernement-devant-le-conseil-de-la-nation\/","name":"Ouyahia pr\u00e9sentera lundi le Plan d&#039;action du gouvernement devant le Conseil de la nation - info algerie","isPartOf":{"@id":"https:\/\/www.info-algerie.com\/actualites\/#website"},"primaryImageOfPage":{"@id":"https:\/\/www.info-algerie.com\/actualites\/ouyahia-presentera-lundi-le-plan-daction-du-gouvernement-devant-le-conseil-de-la-nation\/#primaryimage"},"image":{"@id":"https:\/\/www.info-algerie.com\/actualites\/ouyahia-presentera-lundi-le-plan-daction-du-gouvernement-devant-le-conseil-de-la-nation\/#primaryimage"},"thumbnailUrl":"https:\/\/www.info-algerie.com\/actualites\/wp-content\/uploads\/2017\/09\/45a5fcc8760a879eacf6cd950f30ffc4_S-1.jpg","datePublished":"2017-09-24T12:19:27+00:00","breadcrumb":{"@id":"https:\/\/www.info-algerie.com\/actualites\/ouyahia-presentera-lundi-le-plan-daction-du-gouvernement-devant-le-conseil-de-la-nation\/#breadcrumb"},"inLanguage":"fr-FR","potentialAction":[{"@type":"ReadAction","target":["https:\/\/www.info-algerie.com\/actualites\/ouyahia-presentera-lundi-le-plan-daction-du-gouvernement-devant-le-conseil-de-la-nation\/"]}]},{"@type":"ImageObject","inLanguage":"fr-FR","@id":"https:\/\/www.info-algerie.com\/actualites\/ouyahia-presentera-lundi-le-plan-daction-du-gouvernement-devant-le-conseil-de-la-nation\/#primaryimage","url":"https:\/\/www.info-algerie.com\/actualites\/wp-content\/uploads\/2017\/09\/45a5fcc8760a879eacf6cd950f30ffc4_S-1.jpg","contentUrl":"https:\/\/www.info-algerie.com\/actualites\/wp-content\/uploads\/2017\/09\/45a5fcc8760a879eacf6cd950f30ffc4_S-1.jpg","width":280,"height":185},{"@type":"BreadcrumbList","@id":"https:\/\/www.info-algerie.com\/actualites\/ouyahia-presentera-lundi-le-plan-daction-du-gouvernement-devant-le-conseil-de-la-nation\/#breadcrumb","itemListElement":[{"@type":"ListItem","position":1,"name":"Accueil","item":"https:\/\/www.info-algerie.com\/actualites\/"},{"@type":"ListItem","position":2,"name":"Ouyahia pr\u00e9sentera lundi le Plan d&#039;action du gouvernement devant le Conseil de la nation"}]},{"@type":"WebSite","@id":"https:\/\/www.info-algerie.com\/actualites\/#website","url":"https:\/\/www.info-algerie.com\/actualites\/","name":"info algerie","description":"Toutes les actualit\u00e9s","publisher":{"@id":"https:\/\/www.info-algerie.com\/actualites\/#organization"},"potentialAction":[{"@type":"SearchAction","target":{"@type":"EntryPoint","urlTemplate":"https:\/\/www.info-algerie.com\/actualites\/?s={search_term_string}"},"query-input":{"@type":"PropertyValueSpecification","valueRequired":true,"valueName":"search_term_string"}}],"inLanguage":"fr-FR"},{"@type":"Organization","@id":"https:\/\/www.info-algerie.com\/actualites\/#organization","name":"info algerie","url":"https:\/\/www.info-algerie.com\/actualites\/","logo":{"@type":"ImageObject","inLanguage":"fr-FR","@id":"https:\/\/www.info-algerie.com\/actualites\/#\/schema\/logo\/image\/","url":"https:\/\/www.info-algerie.com\/actualites\/wp-content\/uploads\/2022\/07\/logo-ia-120.png","contentUrl":"https:\/\/www.info-algerie.com\/actualites\/wp-content\/uploads\/2022\/07\/logo-ia-120.png","width":120,"height":43,"caption":"info algerie"},"image":{"@id":"https:\/\/www.info-algerie.com\/actualites\/#\/schema\/logo\/image\/"},"sameAs":["https:\/\/www.facebook.com\/infoalgerieactu","https:\/\/x.com\/infoalgerie1"]},{"@type":"Person","@id":"https:\/\/www.info-algerie.com\/actualites\/#\/schema\/person\/847aaec44920825b843a08f30ec6aa1e","name":"La r\u00e9daction","image":{"@type":"ImageObject","inLanguage":"fr-FR","@id":"https:\/\/secure.gravatar.com\/avatar\/769db425c6f465158149f1ffd6cf61ce7a8a879d11dfbef8288af36dfddd418c?s=96&d=mm&r=g","url":"https:\/\/secure.gravatar.com\/avatar\/769db425c6f465158149f1ffd6cf61ce7a8a879d11dfbef8288af36dfddd418c?s=96&d=mm&r=g","contentUrl":"https:\/\/secure.gravatar.com\/avatar\/769db425c6f465158149f1ffd6cf61ce7a8a879d11dfbef8288af36dfddd418c?s=96&d=mm&r=g","caption":"La r\u00e9daction"},"sameAs":["http:\/\/www.lkeria.com\/"],"url":"https:\/\/www.info-algerie.com\/actualites\/author\/chakib32\/"}]}},"_links":{"self":[{"href":"https:\/\/www.info-algerie.com\/actualites\/wp-json\/wp\/v2\/posts\/16247","targetHints":{"allow":["GET"]}}],"collection":[{"href":"https:\/\/www.info-algerie.com\/actualites\/wp-json\/wp\/v2\/posts"}],"about":[{"href":"https:\/\/www.info-algerie.com\/actualites\/wp-json\/wp\/v2\/types\/post"}],"author":[{"embeddable":true,"href":"https:\/\/www.info-algerie.com\/actualites\/wp-json\/wp\/v2\/users\/6"}],"replies":[{"embeddable":true,"href":"https:\/\/www.info-algerie.com\/actualites\/wp-json\/wp\/v2\/comments?post=16247"}],"version-history":[{"count":0,"href":"https:\/\/www.info-algerie.com\/actualites\/wp-json\/wp\/v2\/posts\/16247\/revisions"}],"wp:featuredmedia":[{"embeddable":true,"href":"https:\/\/www.info-algerie.com\/actualites\/wp-json\/wp\/v2\/media\/16248"}],"wp:attachment":[{"href":"https:\/\/www.info-algerie.com\/actualites\/wp-json\/wp\/v2\/media?parent=16247"}],"wp:term":[{"taxonomy":"category","embeddable":true,"href":"https:\/\/www.info-algerie.com\/actualites\/wp-json\/wp\/v2\/categories?post=16247"},{"taxonomy":"post_tag","embeddable":true,"href":"https:\/\/www.info-algerie.com\/actualites\/wp-json\/wp\/v2\/tags?post=16247"}],"curies":[{"name":"wp","href":"https:\/\/api.w.org\/{rel}","templated":true}]}}