{"id":16249,"date":"2017-09-24T19:13:27","date_gmt":"2017-09-24T18:13:27","guid":{"rendered":"http:\/\/www.info-algerie.com\/actualites\/le-ministre-des-moudjahidine-examine-avec-lambassadeur-du-maroc-les-relations-bilaterales\/"},"modified":"2017-09-24T19:13:27","modified_gmt":"2017-09-24T18:13:27","slug":"le-ministre-des-moudjahidine-examine-avec-lambassadeur-du-maroc-les-relations-bilaterales","status":"publish","type":"post","link":"https:\/\/www.info-algerie.com\/actualites\/le-ministre-des-moudjahidine-examine-avec-lambassadeur-du-maroc-les-relations-bilaterales\/","title":{"rendered":"Le ministre des Moudjahidine examine avec l&#039;ambassadeur du Maroc les relations bilat\u00e9rales"},"content":{"rendered":"<div class=\"K2FeedIntroText\">\n<p class=\"MsoNormal\">ALGER- Le ministre des Moudjahidine, Tayeb Zitouni, a pass\u00e9 en revue dimanche avec l&rsquo;ambassadeur du Royaume du Maroc en Alg\u00e9rie, M. Lahcen Abdelkhalek, les relations bilat\u00e9rales et les voies et moyens de renforcer les liens de fraternit\u00e9 et de solidarit\u00e9 unissant les deux pays, indique un communiqu\u00e9 du Minist\u00e8re.\u00a0\u00a0<\/p>\n<p>&#013;\n<\/p><\/div>\n<div class=\"K2FeedFullText\">&#013;<\/p>\n<p class=\"MsoNormal\">Lors de cette entretien, les deux parties ont \u00e9voqu\u00e9 \u00ab\u00a0l&rsquo;histoire des relations unissant les deux pays fr\u00e8res\u00a0\u00bb et soulign\u00e9 l&rsquo;importance de \u00ab\u00a0l&rsquo;action commune en vue de renforcer les liens de fraternit\u00e9, de solidarit\u00e9 et de bon voisinage et de les promouvoir afin de r\u00e9pondre aux aspirations des deux peuples fr\u00e8res \u00e0 la s\u00e9curit\u00e9 et la stabilit\u00e9\u00a0\u00bb, conclut la m\u00eame source.\u00a0<\/p>\n<\/div>\n<p>&#013;<br \/>\nSource: <a href=\"http:\/\/www.aps.dz\/algerie\/63197-le-ministre-des-moudjahidine-examine-avec-l-ambassadeur-du-maroc-les-relations-bilaterales\" target=\"_blank\">Le ministre des Moudjahidine examine avec l&rsquo;ambassadeur du Maroc les relations bilat\u00e9rales<\/a><\/p>\n<!--CusAds0-->\n<div style=\"font-size: 0px; height: 0px; line-height: 0px; margin: 0; padding: 0; clear: both;\"><\/div>","protected":false},"excerpt":{"rendered":"<p>ALGER- Le ministre des Moudjahidine, Tayeb Zitouni, a pass\u00e9 en revue dimanche avec l&rsquo;ambassadeur du Royaume du Maroc en Alg\u00e9rie, M. Lahcen Abdelkhalek, les relations bilat\u00e9rales et les voies et moyens de renforcer les liens de fraternit\u00e9 et de solidarit\u00e9 unissant les deux pays, indique un communiqu\u00e9 du Minist\u00e8re.\u00a0\u00a0 &#013; &#013; Lors de cette entretien,<\/p>\n","protected":false},"author":6,"featured_media":0,"comment_status":"open","ping_status":"open","sticky":false,"template":"","format":"standard","meta":{"footnotes":""},"categories":[22],"tags":[93],"class_list":["post-16249","post","type-post","status-publish","format-standard","hentry","category-infos","tag-onu"],"yoast_head":"<!-- This site is optimized with the Yoast SEO plugin v27.5 - https:\/\/yoast.com\/product\/yoast-seo-wordpress\/ -->\n<title>Le ministre des Moudjahidine examine avec l&#039;ambassadeur du Maroc les relations bilat\u00e9rales - info algerie<\/title>\n<meta name=\"robots\" content=\"index, follow, max-snippet:-1, max-image-preview:large, max-video-preview:-1\" \/>\n<link rel=\"canonical\" href=\"https:\/\/www.info-algerie.com\/actualites\/le-ministre-des-moudjahidine-examine-avec-lambassadeur-du-maroc-les-relations-bilaterales\/\" \/>\n<meta property=\"og:locale\" content=\"fr_FR\" \/>\n<meta property=\"og:type\" content=\"article\" \/>\n<meta property=\"og:title\" content=\"Le ministre des Moudjahidine examine avec l&#039;ambassadeur du Maroc les relations bilat\u00e9rales - info algerie\" \/>\n<meta property=\"og:description\" content=\"ALGER- Le ministre des Moudjahidine, Tayeb Zitouni, a pass\u00e9 en revue dimanche avec l&rsquo;ambassadeur du Royaume du Maroc en Alg\u00e9rie, M. Lahcen Abdelkhalek, les relations bilat\u00e9rales et les voies et moyens de renforcer les liens de fraternit\u00e9 et de solidarit\u00e9 unissant les deux pays, indique un communiqu\u00e9 du Minist\u00e8re.\u00a0\u00a0 &#013; &#013; Lors de cette entretien,\" \/>\n<meta property=\"og:url\" content=\"https:\/\/www.info-algerie.com\/actualites\/le-ministre-des-moudjahidine-examine-avec-lambassadeur-du-maroc-les-relations-bilaterales\/\" \/>\n<meta property=\"og:site_name\" content=\"info algerie\" \/>\n<meta property=\"article:publisher\" content=\"https:\/\/www.facebook.com\/infoalgerieactu\" \/>\n<meta property=\"article:published_time\" content=\"2017-09-24T18:13:27+00:00\" \/>\n<meta name=\"author\" content=\"La r\u00e9daction\" \/>\n<meta name=\"twitter:label1\" content=\"\u00c9crit par\" \/>\n\t<meta name=\"twitter:data1\" content=\"La r\u00e9daction\" \/>\n\t<meta name=\"twitter:label2\" content=\"Dur\u00e9e de lecture estim\u00e9e\" \/>\n\t<meta name=\"twitter:data2\" content=\"1 minute\" \/>\n<script type=\"application\/ld+json\" class=\"yoast-schema-graph\">{\"@context\":\"https:\\\/\\\/schema.org\",\"@graph\":[{\"@type\":\"Article\",\"@id\":\"https:\\\/\\\/www.info-algerie.com\\\/actualites\\\/le-ministre-des-moudjahidine-examine-avec-lambassadeur-du-maroc-les-relations-bilaterales\\\/#article\",\"isPartOf\":{\"@id\":\"https:\\\/\\\/www.info-algerie.com\\\/actualites\\\/le-ministre-des-moudjahidine-examine-avec-lambassadeur-du-maroc-les-relations-bilaterales\\\/\"},\"author\":{\"name\":\"La r\u00e9daction\",\"@id\":\"https:\\\/\\\/www.info-algerie.com\\\/actualites\\\/#\\\/schema\\\/person\\\/847aaec44920825b843a08f30ec6aa1e\"},\"headline\":\"Le ministre des Moudjahidine examine avec l&#039;ambassadeur du Maroc les relations bilat\u00e9rales\",\"datePublished\":\"2017-09-24T18:13:27+00:00\",\"mainEntityOfPage\":{\"@id\":\"https:\\\/\\\/www.info-algerie.com\\\/actualites\\\/le-ministre-des-moudjahidine-examine-avec-lambassadeur-du-maroc-les-relations-bilaterales\\\/\"},\"wordCount\":149,\"commentCount\":0,\"publisher\":{\"@id\":\"https:\\\/\\\/www.info-algerie.com\\\/actualites\\\/#organization\"},\"keywords\":[\"ONU\"],\"articleSection\":[\"infos\"],\"inLanguage\":\"fr-FR\",\"potentialAction\":[{\"@type\":\"CommentAction\",\"name\":\"Comment\",\"target\":[\"https:\\\/\\\/www.info-algerie.com\\\/actualites\\\/le-ministre-des-moudjahidine-examine-avec-lambassadeur-du-maroc-les-relations-bilaterales\\\/#respond\"]}]},{\"@type\":\"WebPage\",\"@id\":\"https:\\\/\\\/www.info-algerie.com\\\/actualites\\\/le-ministre-des-moudjahidine-examine-avec-lambassadeur-du-maroc-les-relations-bilaterales\\\/\",\"url\":\"https:\\\/\\\/www.info-algerie.com\\\/actualites\\\/le-ministre-des-moudjahidine-examine-avec-lambassadeur-du-maroc-les-relations-bilaterales\\\/\",\"name\":\"Le ministre des Moudjahidine examine avec l&#039;ambassadeur du Maroc les relations bilat\u00e9rales - info algerie\",\"isPartOf\":{\"@id\":\"https:\\\/\\\/www.info-algerie.com\\\/actualites\\\/#website\"},\"datePublished\":\"2017-09-24T18:13:27+00:00\",\"breadcrumb\":{\"@id\":\"https:\\\/\\\/www.info-algerie.com\\\/actualites\\\/le-ministre-des-moudjahidine-examine-avec-lambassadeur-du-maroc-les-relations-bilaterales\\\/#breadcrumb\"},\"inLanguage\":\"fr-FR\",\"potentialAction\":[{\"@type\":\"ReadAction\",\"target\":[\"https:\\\/\\\/www.info-algerie.com\\\/actualites\\\/le-ministre-des-moudjahidine-examine-avec-lambassadeur-du-maroc-les-relations-bilaterales\\\/\"]}]},{\"@type\":\"BreadcrumbList\",\"@id\":\"https:\\\/\\\/www.info-algerie.com\\\/actualites\\\/le-ministre-des-moudjahidine-examine-avec-lambassadeur-du-maroc-les-relations-bilaterales\\\/#breadcrumb\",\"itemListElement\":[{\"@type\":\"ListItem\",\"position\":1,\"name\":\"Accueil\",\"item\":\"https:\\\/\\\/www.info-algerie.com\\\/actualites\\\/\"},{\"@type\":\"ListItem\",\"position\":2,\"name\":\"Le ministre des Moudjahidine examine avec l&#039;ambassadeur du Maroc les relations bilat\u00e9rales\"}]},{\"@type\":\"WebSite\",\"@id\":\"https:\\\/\\\/www.info-algerie.com\\\/actualites\\\/#website\",\"url\":\"https:\\\/\\\/www.info-algerie.com\\\/actualites\\\/\",\"name\":\"info algerie\",\"description\":\"Toutes les actualit\u00e9s\",\"publisher\":{\"@id\":\"https:\\\/\\\/www.info-algerie.com\\\/actualites\\\/#organization\"},\"potentialAction\":[{\"@type\":\"SearchAction\",\"target\":{\"@type\":\"EntryPoint\",\"urlTemplate\":\"https:\\\/\\\/www.info-algerie.com\\\/actualites\\\/?s={search_term_string}\"},\"query-input\":{\"@type\":\"PropertyValueSpecification\",\"valueRequired\":true,\"valueName\":\"search_term_string\"}}],\"inLanguage\":\"fr-FR\"},{\"@type\":\"Organization\",\"@id\":\"https:\\\/\\\/www.info-algerie.com\\\/actualites\\\/#organization\",\"name\":\"info algerie\",\"url\":\"https:\\\/\\\/www.info-algerie.com\\\/actualites\\\/\",\"logo\":{\"@type\":\"ImageObject\",\"inLanguage\":\"fr-FR\",\"@id\":\"https:\\\/\\\/www.info-algerie.com\\\/actualites\\\/#\\\/schema\\\/logo\\\/image\\\/\",\"url\":\"https:\\\/\\\/www.info-algerie.com\\\/actualites\\\/wp-content\\\/uploads\\\/2022\\\/07\\\/logo-ia-120.png\",\"contentUrl\":\"https:\\\/\\\/www.info-algerie.com\\\/actualites\\\/wp-content\\\/uploads\\\/2022\\\/07\\\/logo-ia-120.png\",\"width\":120,\"height\":43,\"caption\":\"info algerie\"},\"image\":{\"@id\":\"https:\\\/\\\/www.info-algerie.com\\\/actualites\\\/#\\\/schema\\\/logo\\\/image\\\/\"},\"sameAs\":[\"https:\\\/\\\/www.facebook.com\\\/infoalgerieactu\",\"https:\\\/\\\/x.com\\\/infoalgerie1\"]},{\"@type\":\"Person\",\"@id\":\"https:\\\/\\\/www.info-algerie.com\\\/actualites\\\/#\\\/schema\\\/person\\\/847aaec44920825b843a08f30ec6aa1e\",\"name\":\"La r\u00e9daction\",\"image\":{\"@type\":\"ImageObject\",\"inLanguage\":\"fr-FR\",\"@id\":\"https:\\\/\\\/secure.gravatar.com\\\/avatar\\\/769db425c6f465158149f1ffd6cf61ce7a8a879d11dfbef8288af36dfddd418c?s=96&d=mm&r=g\",\"url\":\"https:\\\/\\\/secure.gravatar.com\\\/avatar\\\/769db425c6f465158149f1ffd6cf61ce7a8a879d11dfbef8288af36dfddd418c?s=96&d=mm&r=g\",\"contentUrl\":\"https:\\\/\\\/secure.gravatar.com\\\/avatar\\\/769db425c6f465158149f1ffd6cf61ce7a8a879d11dfbef8288af36dfddd418c?s=96&d=mm&r=g\",\"caption\":\"La r\u00e9daction\"},\"sameAs\":[\"http:\\\/\\\/www.lkeria.com\\\/\"],\"url\":\"https:\\\/\\\/www.info-algerie.com\\\/actualites\\\/author\\\/chakib32\\\/\"}]}<\/script>\n<!-- \/ Yoast SEO plugin. -->","yoast_head_json":{"title":"Le ministre des Moudjahidine examine avec l&#039;ambassadeur du Maroc les relations bilat\u00e9rales - info algerie","robots":{"index":"index","follow":"follow","max-snippet":"max-snippet:-1","max-image-preview":"max-image-preview:large","max-video-preview":"max-video-preview:-1"},"canonical":"https:\/\/www.info-algerie.com\/actualites\/le-ministre-des-moudjahidine-examine-avec-lambassadeur-du-maroc-les-relations-bilaterales\/","og_locale":"fr_FR","og_type":"article","og_title":"Le ministre des Moudjahidine examine avec l&#039;ambassadeur du Maroc les relations bilat\u00e9rales - info algerie","og_description":"ALGER- Le ministre des Moudjahidine, Tayeb Zitouni, a pass\u00e9 en revue dimanche avec l&rsquo;ambassadeur du Royaume du Maroc en Alg\u00e9rie, M. Lahcen Abdelkhalek, les relations bilat\u00e9rales et les voies et moyens de renforcer les liens de fraternit\u00e9 et de solidarit\u00e9 unissant les deux pays, indique un communiqu\u00e9 du Minist\u00e8re.\u00a0\u00a0 &#013; &#013; Lors de cette entretien,","og_url":"https:\/\/www.info-algerie.com\/actualites\/le-ministre-des-moudjahidine-examine-avec-lambassadeur-du-maroc-les-relations-bilaterales\/","og_site_name":"info algerie","article_publisher":"https:\/\/www.facebook.com\/infoalgerieactu","article_published_time":"2017-09-24T18:13:27+00:00","author":"La r\u00e9daction","twitter_misc":{"\u00c9crit par":"La r\u00e9daction","Dur\u00e9e de lecture estim\u00e9e":"1 minute"},"schema":{"@context":"https:\/\/schema.org","@graph":[{"@type":"Article","@id":"https:\/\/www.info-algerie.com\/actualites\/le-ministre-des-moudjahidine-examine-avec-lambassadeur-du-maroc-les-relations-bilaterales\/#article","isPartOf":{"@id":"https:\/\/www.info-algerie.com\/actualites\/le-ministre-des-moudjahidine-examine-avec-lambassadeur-du-maroc-les-relations-bilaterales\/"},"author":{"name":"La r\u00e9daction","@id":"https:\/\/www.info-algerie.com\/actualites\/#\/schema\/person\/847aaec44920825b843a08f30ec6aa1e"},"headline":"Le ministre des Moudjahidine examine avec l&#039;ambassadeur du Maroc les relations bilat\u00e9rales","datePublished":"2017-09-24T18:13:27+00:00","mainEntityOfPage":{"@id":"https:\/\/www.info-algerie.com\/actualites\/le-ministre-des-moudjahidine-examine-avec-lambassadeur-du-maroc-les-relations-bilaterales\/"},"wordCount":149,"commentCount":0,"publisher":{"@id":"https:\/\/www.info-algerie.com\/actualites\/#organization"},"keywords":["ONU"],"articleSection":["infos"],"inLanguage":"fr-FR","potentialAction":[{"@type":"CommentAction","name":"Comment","target":["https:\/\/www.info-algerie.com\/actualites\/le-ministre-des-moudjahidine-examine-avec-lambassadeur-du-maroc-les-relations-bilaterales\/#respond"]}]},{"@type":"WebPage","@id":"https:\/\/www.info-algerie.com\/actualites\/le-ministre-des-moudjahidine-examine-avec-lambassadeur-du-maroc-les-relations-bilaterales\/","url":"https:\/\/www.info-algerie.com\/actualites\/le-ministre-des-moudjahidine-examine-avec-lambassadeur-du-maroc-les-relations-bilaterales\/","name":"Le ministre des Moudjahidine examine avec l&#039;ambassadeur du Maroc les relations bilat\u00e9rales - info algerie","isPartOf":{"@id":"https:\/\/www.info-algerie.com\/actualites\/#website"},"datePublished":"2017-09-24T18:13:27+00:00","breadcrumb":{"@id":"https:\/\/www.info-algerie.com\/actualites\/le-ministre-des-moudjahidine-examine-avec-lambassadeur-du-maroc-les-relations-bilaterales\/#breadcrumb"},"inLanguage":"fr-FR","potentialAction":[{"@type":"ReadAction","target":["https:\/\/www.info-algerie.com\/actualites\/le-ministre-des-moudjahidine-examine-avec-lambassadeur-du-maroc-les-relations-bilaterales\/"]}]},{"@type":"BreadcrumbList","@id":"https:\/\/www.info-algerie.com\/actualites\/le-ministre-des-moudjahidine-examine-avec-lambassadeur-du-maroc-les-relations-bilaterales\/#breadcrumb","itemListElement":[{"@type":"ListItem","position":1,"name":"Accueil","item":"https:\/\/www.info-algerie.com\/actualites\/"},{"@type":"ListItem","position":2,"name":"Le ministre des Moudjahidine examine avec l&#039;ambassadeur du Maroc les relations bilat\u00e9rales"}]},{"@type":"WebSite","@id":"https:\/\/www.info-algerie.com\/actualites\/#website","url":"https:\/\/www.info-algerie.com\/actualites\/","name":"info algerie","description":"Toutes les actualit\u00e9s","publisher":{"@id":"https:\/\/www.info-algerie.com\/actualites\/#organization"},"potentialAction":[{"@type":"SearchAction","target":{"@type":"EntryPoint","urlTemplate":"https:\/\/www.info-algerie.com\/actualites\/?s={search_term_string}"},"query-input":{"@type":"PropertyValueSpecification","valueRequired":true,"valueName":"search_term_string"}}],"inLanguage":"fr-FR"},{"@type":"Organization","@id":"https:\/\/www.info-algerie.com\/actualites\/#organization","name":"info algerie","url":"https:\/\/www.info-algerie.com\/actualites\/","logo":{"@type":"ImageObject","inLanguage":"fr-FR","@id":"https:\/\/www.info-algerie.com\/actualites\/#\/schema\/logo\/image\/","url":"https:\/\/www.info-algerie.com\/actualites\/wp-content\/uploads\/2022\/07\/logo-ia-120.png","contentUrl":"https:\/\/www.info-algerie.com\/actualites\/wp-content\/uploads\/2022\/07\/logo-ia-120.png","width":120,"height":43,"caption":"info algerie"},"image":{"@id":"https:\/\/www.info-algerie.com\/actualites\/#\/schema\/logo\/image\/"},"sameAs":["https:\/\/www.facebook.com\/infoalgerieactu","https:\/\/x.com\/infoalgerie1"]},{"@type":"Person","@id":"https:\/\/www.info-algerie.com\/actualites\/#\/schema\/person\/847aaec44920825b843a08f30ec6aa1e","name":"La r\u00e9daction","image":{"@type":"ImageObject","inLanguage":"fr-FR","@id":"https:\/\/secure.gravatar.com\/avatar\/769db425c6f465158149f1ffd6cf61ce7a8a879d11dfbef8288af36dfddd418c?s=96&d=mm&r=g","url":"https:\/\/secure.gravatar.com\/avatar\/769db425c6f465158149f1ffd6cf61ce7a8a879d11dfbef8288af36dfddd418c?s=96&d=mm&r=g","contentUrl":"https:\/\/secure.gravatar.com\/avatar\/769db425c6f465158149f1ffd6cf61ce7a8a879d11dfbef8288af36dfddd418c?s=96&d=mm&r=g","caption":"La r\u00e9daction"},"sameAs":["http:\/\/www.lkeria.com\/"],"url":"https:\/\/www.info-algerie.com\/actualites\/author\/chakib32\/"}]}},"_links":{"self":[{"href":"https:\/\/www.info-algerie.com\/actualites\/wp-json\/wp\/v2\/posts\/16249","targetHints":{"allow":["GET"]}}],"collection":[{"href":"https:\/\/www.info-algerie.com\/actualites\/wp-json\/wp\/v2\/posts"}],"about":[{"href":"https:\/\/www.info-algerie.com\/actualites\/wp-json\/wp\/v2\/types\/post"}],"author":[{"embeddable":true,"href":"https:\/\/www.info-algerie.com\/actualites\/wp-json\/wp\/v2\/users\/6"}],"replies":[{"embeddable":true,"href":"https:\/\/www.info-algerie.com\/actualites\/wp-json\/wp\/v2\/comments?post=16249"}],"version-history":[{"count":0,"href":"https:\/\/www.info-algerie.com\/actualites\/wp-json\/wp\/v2\/posts\/16249\/revisions"}],"wp:attachment":[{"href":"https:\/\/www.info-algerie.com\/actualites\/wp-json\/wp\/v2\/media?parent=16249"}],"wp:term":[{"taxonomy":"category","embeddable":true,"href":"https:\/\/www.info-algerie.com\/actualites\/wp-json\/wp\/v2\/categories?post=16249"},{"taxonomy":"post_tag","embeddable":true,"href":"https:\/\/www.info-algerie.com\/actualites\/wp-json\/wp\/v2\/tags?post=16249"}],"curies":[{"name":"wp","href":"https:\/\/api.w.org\/{rel}","templated":true}]}}