{"id":16251,"date":"2017-09-24T19:10:58","date_gmt":"2017-09-24T18:10:58","guid":{"rendered":"http:\/\/www.info-algerie.com\/actualites\/gaid-salah-en-visite-de-travail-et-dinspection-a-la-2eme-region-militaire-a-oran\/"},"modified":"2017-09-24T19:10:58","modified_gmt":"2017-09-24T18:10:58","slug":"gaid-salah-en-visite-de-travail-et-dinspection-a-la-2eme-region-militaire-a-oran","status":"publish","type":"post","link":"https:\/\/www.info-algerie.com\/actualites\/gaid-salah-en-visite-de-travail-et-dinspection-a-la-2eme-region-militaire-a-oran\/","title":{"rendered":"Ga\u00efd Salah en visite de travail et d&#039;inspection \u00e0 la 2\u00e8me R\u00e9gion militaire \u00e0 Oran\u00a0"},"content":{"rendered":"<div class=\"K2FeedImage\"><img decoding=\"async\" src=\"https:\/\/www.info-algerie.com\/actualites\/wp-content\/uploads\/2017\/09\/3d25d716b7a81bfa2e4f7957405fe49a_S.jpg\" alt=\"Ga&#xEF;d Salah en visite de travail et d'inspection &#xE0; la 2&#xE8;me R&#xE9;gion militaire &#xE0; Oran&#xA0;\" \/><\/div>\n<div class=\"K2FeedIntroText\">\n<p>ALGER- Le G\u00e9n\u00e9ral de Corps d&rsquo;Arm\u00e9e, Ahmed Ga\u00efd Salah, vice-ministre de la D\u00e9fense nationale, chef d&rsquo;\u00e9tat-major de l&rsquo;Arm\u00e9e nationale populaire (ANP) a entam\u00e9 dimanche une visite de travail et d&rsquo;inspection \u00e0 la 2\u00e8me R\u00e9gion militaire \u00e0 Oran o\u00f9 il supervisera un exercice tactique de tirs r\u00e9els et proc\u00e8de \u00e0 l&rsquo;inspection de quelques unit\u00e9s de la r\u00e9gion, indique un communiqu\u00e9 du minist\u00e8re de la d\u00e9fense nationale (MDN).<\/p>\n<p>&#013;\n<\/p><\/div>\n<div class=\"K2FeedFullText\">&#013;<\/p>\n<blockquote><p>&#013;<\/p>\n<p>\u00ab\u00a0Dans la dynamique des visites sur le terrain aux diff\u00e9rentes R\u00e9gions militaires, le G\u00e9n\u00e9ral de Corps d&rsquo;Arm\u00e9e, vice-ministre de la D\u00e9fense nationale, chef d\u2019\u00e9tat-major de l\u2019ANP effectue, \u00e0 partir de ce dimanche 24 septembre 2017, une visite de travail et d\u2019inspection \u00e0 la 2\u00e8me R\u00e9gion militaire \u00e0 Oran, o\u00f9 il supervise, \u00e0 cette occasion, un exercice tactique de tirs r\u00e9els +ASSIFA 2017+ au titre de l\u2019ouverture de l\u2019ann\u00e9e de pr\u00e9paration au combat 2017-2018, et proc\u00e8de \u00e9galement \u00e0 l\u2019inspection de quelques unit\u00e9s de la R\u00e9gion\u00a0\u00bb, pr\u00e9cise la m\u00eame source.<\/p>\n<p>&#013;\n<\/p><\/blockquote>\n<p>&#013;<\/p>\n<p>Lors de la premi\u00e8re journ\u00e9e de sa visite et apr\u00e8s la c\u00e9r\u00e9monie d\u2019accueil au si\u00e8ge de la 8\u00e8me Division blind\u00e9e, le G\u00e9n\u00e9ral de Corps d&rsquo;Arm\u00e9e, en compagnie du\u00a0 G\u00e9n\u00e9ral-Major Sa\u00efd Bey, commandant de la 2\u00e8me RM, \u00ab\u00a0a suivi un expos\u00e9 donn\u00e9 par le commandant de la Division, portant sur l\u2019id\u00e9e g\u00e9n\u00e9rale et les phases d\u2019ex\u00e9cution de cet exercice qui vise \u00e0 rehausser des aptitudes au combat et \u00e0 la coordination entre les diff\u00e9rents \u00e9tats-majors, \u00e0 perfectionner les commandements et les \u00e9tats-majors \u00e0 la pr\u00e9paration, la planification et la conduite des op\u00e9rations face aux menaces \u00e9ventuelles, ainsi qu\u2019\u00e0 l\u2019\u00e9valuation des qualifications professionnelles du commandement et de l\u2019\u00e9tat-major de la 8\u00e8me Division blind\u00e9e et des unit\u00e9s de soutien quant aux mesures op\u00e9rationnelles, \u00e0 la pr\u00e9paration des documents et \u00e0 la gestion des actions de combat\u00a0\u00bb, ajoute le communiqu\u00e9 du MDN.\u00a0<\/p>\n<p>&#013;<\/p>\n<p>Par la suite, le G\u00e9n\u00e9ral de Corps d\u2019Arm\u00e9e a proc\u00e9d\u00e9 \u00e0 l\u2019inspection sur le terrain des unit\u00e9s participantes \u00e0 cet exercice.<\/p>\n<\/div>\n<p>&#013;<br \/>\nSource: <a href=\"http:\/\/www.aps.dz\/algerie\/63196-gaid-salah-en-visite-de-travail-et-d-inspection-a-la-2eme-region-militaire-a-oran\" target=\"_blank\">Ga\u00efd Salah en visite de travail et d&rsquo;inspection \u00e0 la 2\u00e8me R\u00e9gion militaire \u00e0 Oran\u00a0<\/a><\/p>\n<!--CusAds0-->\n<div style=\"font-size: 0px; height: 0px; line-height: 0px; margin: 0; padding: 0; clear: both;\"><\/div>","protected":false},"excerpt":{"rendered":"<p>ALGER- Le G\u00e9n\u00e9ral de Corps d&rsquo;Arm\u00e9e, Ahmed Ga\u00efd Salah, vice-ministre de la D\u00e9fense nationale, chef d&rsquo;\u00e9tat-major de l&rsquo;Arm\u00e9e nationale populaire (ANP) a entam\u00e9 dimanche une visite de travail et d&rsquo;inspection \u00e0 la 2\u00e8me R\u00e9gion militaire \u00e0 Oran o\u00f9 il supervisera un exercice tactique de tirs r\u00e9els et proc\u00e8de \u00e0 l&rsquo;inspection de quelques unit\u00e9s de la<\/p>\n","protected":false},"author":6,"featured_media":16252,"comment_status":"open","ping_status":"open","sticky":false,"template":"","format":"standard","meta":{"footnotes":""},"categories":[22],"tags":[93],"class_list":["post-16251","post","type-post","status-publish","format-standard","has-post-thumbnail","hentry","category-infos","tag-onu"],"yoast_head":"<!-- This site is optimized with the Yoast SEO plugin v27.5 - https:\/\/yoast.com\/product\/yoast-seo-wordpress\/ -->\n<title>Ga\u00efd Salah en visite de travail et d&#039;inspection \u00e0 la 2\u00e8me R\u00e9gion militaire \u00e0 Oran\u00a0 - info algerie<\/title>\n<meta name=\"robots\" content=\"index, follow, max-snippet:-1, max-image-preview:large, max-video-preview:-1\" \/>\n<link rel=\"canonical\" href=\"https:\/\/www.info-algerie.com\/actualites\/gaid-salah-en-visite-de-travail-et-dinspection-a-la-2eme-region-militaire-a-oran\/\" \/>\n<meta property=\"og:locale\" content=\"fr_FR\" \/>\n<meta property=\"og:type\" content=\"article\" \/>\n<meta property=\"og:title\" content=\"Ga\u00efd Salah en visite de travail et d&#039;inspection \u00e0 la 2\u00e8me R\u00e9gion militaire \u00e0 Oran\u00a0 - info algerie\" \/>\n<meta property=\"og:description\" content=\"ALGER- Le G\u00e9n\u00e9ral de Corps d&rsquo;Arm\u00e9e, Ahmed Ga\u00efd Salah, vice-ministre de la D\u00e9fense nationale, chef d&rsquo;\u00e9tat-major de l&rsquo;Arm\u00e9e nationale populaire (ANP) a entam\u00e9 dimanche une visite de travail et d&rsquo;inspection \u00e0 la 2\u00e8me R\u00e9gion militaire \u00e0 Oran o\u00f9 il supervisera un exercice tactique de tirs r\u00e9els et proc\u00e8de \u00e0 l&rsquo;inspection de quelques unit\u00e9s de la\" \/>\n<meta property=\"og:url\" content=\"https:\/\/www.info-algerie.com\/actualites\/gaid-salah-en-visite-de-travail-et-dinspection-a-la-2eme-region-militaire-a-oran\/\" \/>\n<meta property=\"og:site_name\" content=\"info algerie\" \/>\n<meta property=\"article:publisher\" content=\"https:\/\/www.facebook.com\/infoalgerieactu\" \/>\n<meta property=\"article:published_time\" content=\"2017-09-24T18:10:58+00:00\" \/>\n<meta property=\"og:image\" content=\"https:\/\/www.info-algerie.com\/actualites\/wp-content\/uploads\/2017\/09\/3d25d716b7a81bfa2e4f7957405fe49a_S-1.jpg\" \/>\n\t<meta property=\"og:image:width\" content=\"280\" \/>\n\t<meta property=\"og:image:height\" content=\"169\" \/>\n\t<meta property=\"og:image:type\" content=\"image\/jpeg\" \/>\n<meta name=\"author\" content=\"La r\u00e9daction\" \/>\n<meta name=\"twitter:label1\" content=\"\u00c9crit par\" \/>\n\t<meta name=\"twitter:data1\" content=\"La r\u00e9daction\" \/>\n\t<meta name=\"twitter:label2\" content=\"Dur\u00e9e de lecture estim\u00e9e\" \/>\n\t<meta name=\"twitter:data2\" content=\"2 minutes\" \/>\n<script type=\"application\/ld+json\" class=\"yoast-schema-graph\">{\"@context\":\"https:\\\/\\\/schema.org\",\"@graph\":[{\"@type\":\"Article\",\"@id\":\"https:\\\/\\\/www.info-algerie.com\\\/actualites\\\/gaid-salah-en-visite-de-travail-et-dinspection-a-la-2eme-region-militaire-a-oran\\\/#article\",\"isPartOf\":{\"@id\":\"https:\\\/\\\/www.info-algerie.com\\\/actualites\\\/gaid-salah-en-visite-de-travail-et-dinspection-a-la-2eme-region-militaire-a-oran\\\/\"},\"author\":{\"name\":\"La r\u00e9daction\",\"@id\":\"https:\\\/\\\/www.info-algerie.com\\\/actualites\\\/#\\\/schema\\\/person\\\/847aaec44920825b843a08f30ec6aa1e\"},\"headline\":\"Ga\u00efd Salah en visite de travail et d&#039;inspection \u00e0 la 2\u00e8me R\u00e9gion militaire \u00e0 Oran\u00a0\",\"datePublished\":\"2017-09-24T18:10:58+00:00\",\"mainEntityOfPage\":{\"@id\":\"https:\\\/\\\/www.info-algerie.com\\\/actualites\\\/gaid-salah-en-visite-de-travail-et-dinspection-a-la-2eme-region-militaire-a-oran\\\/\"},\"wordCount\":404,\"commentCount\":0,\"publisher\":{\"@id\":\"https:\\\/\\\/www.info-algerie.com\\\/actualites\\\/#organization\"},\"image\":{\"@id\":\"https:\\\/\\\/www.info-algerie.com\\\/actualites\\\/gaid-salah-en-visite-de-travail-et-dinspection-a-la-2eme-region-militaire-a-oran\\\/#primaryimage\"},\"thumbnailUrl\":\"https:\\\/\\\/www.info-algerie.com\\\/actualites\\\/wp-content\\\/uploads\\\/2017\\\/09\\\/3d25d716b7a81bfa2e4f7957405fe49a_S-1.jpg\",\"keywords\":[\"ONU\"],\"articleSection\":[\"infos\"],\"inLanguage\":\"fr-FR\",\"potentialAction\":[{\"@type\":\"CommentAction\",\"name\":\"Comment\",\"target\":[\"https:\\\/\\\/www.info-algerie.com\\\/actualites\\\/gaid-salah-en-visite-de-travail-et-dinspection-a-la-2eme-region-militaire-a-oran\\\/#respond\"]}]},{\"@type\":\"WebPage\",\"@id\":\"https:\\\/\\\/www.info-algerie.com\\\/actualites\\\/gaid-salah-en-visite-de-travail-et-dinspection-a-la-2eme-region-militaire-a-oran\\\/\",\"url\":\"https:\\\/\\\/www.info-algerie.com\\\/actualites\\\/gaid-salah-en-visite-de-travail-et-dinspection-a-la-2eme-region-militaire-a-oran\\\/\",\"name\":\"Ga\u00efd Salah en visite de travail et d&#039;inspection \u00e0 la 2\u00e8me R\u00e9gion militaire \u00e0 Oran\u00a0 - info algerie\",\"isPartOf\":{\"@id\":\"https:\\\/\\\/www.info-algerie.com\\\/actualites\\\/#website\"},\"primaryImageOfPage\":{\"@id\":\"https:\\\/\\\/www.info-algerie.com\\\/actualites\\\/gaid-salah-en-visite-de-travail-et-dinspection-a-la-2eme-region-militaire-a-oran\\\/#primaryimage\"},\"image\":{\"@id\":\"https:\\\/\\\/www.info-algerie.com\\\/actualites\\\/gaid-salah-en-visite-de-travail-et-dinspection-a-la-2eme-region-militaire-a-oran\\\/#primaryimage\"},\"thumbnailUrl\":\"https:\\\/\\\/www.info-algerie.com\\\/actualites\\\/wp-content\\\/uploads\\\/2017\\\/09\\\/3d25d716b7a81bfa2e4f7957405fe49a_S-1.jpg\",\"datePublished\":\"2017-09-24T18:10:58+00:00\",\"breadcrumb\":{\"@id\":\"https:\\\/\\\/www.info-algerie.com\\\/actualites\\\/gaid-salah-en-visite-de-travail-et-dinspection-a-la-2eme-region-militaire-a-oran\\\/#breadcrumb\"},\"inLanguage\":\"fr-FR\",\"potentialAction\":[{\"@type\":\"ReadAction\",\"target\":[\"https:\\\/\\\/www.info-algerie.com\\\/actualites\\\/gaid-salah-en-visite-de-travail-et-dinspection-a-la-2eme-region-militaire-a-oran\\\/\"]}]},{\"@type\":\"ImageObject\",\"inLanguage\":\"fr-FR\",\"@id\":\"https:\\\/\\\/www.info-algerie.com\\\/actualites\\\/gaid-salah-en-visite-de-travail-et-dinspection-a-la-2eme-region-militaire-a-oran\\\/#primaryimage\",\"url\":\"https:\\\/\\\/www.info-algerie.com\\\/actualites\\\/wp-content\\\/uploads\\\/2017\\\/09\\\/3d25d716b7a81bfa2e4f7957405fe49a_S-1.jpg\",\"contentUrl\":\"https:\\\/\\\/www.info-algerie.com\\\/actualites\\\/wp-content\\\/uploads\\\/2017\\\/09\\\/3d25d716b7a81bfa2e4f7957405fe49a_S-1.jpg\",\"width\":280,\"height\":169},{\"@type\":\"BreadcrumbList\",\"@id\":\"https:\\\/\\\/www.info-algerie.com\\\/actualites\\\/gaid-salah-en-visite-de-travail-et-dinspection-a-la-2eme-region-militaire-a-oran\\\/#breadcrumb\",\"itemListElement\":[{\"@type\":\"ListItem\",\"position\":1,\"name\":\"Accueil\",\"item\":\"https:\\\/\\\/www.info-algerie.com\\\/actualites\\\/\"},{\"@type\":\"ListItem\",\"position\":2,\"name\":\"Ga\u00efd Salah en visite de travail et d&#039;inspection \u00e0 la 2\u00e8me R\u00e9gion militaire \u00e0 Oran\u00a0\"}]},{\"@type\":\"WebSite\",\"@id\":\"https:\\\/\\\/www.info-algerie.com\\\/actualites\\\/#website\",\"url\":\"https:\\\/\\\/www.info-algerie.com\\\/actualites\\\/\",\"name\":\"info algerie\",\"description\":\"Toutes les actualit\u00e9s\",\"publisher\":{\"@id\":\"https:\\\/\\\/www.info-algerie.com\\\/actualites\\\/#organization\"},\"potentialAction\":[{\"@type\":\"SearchAction\",\"target\":{\"@type\":\"EntryPoint\",\"urlTemplate\":\"https:\\\/\\\/www.info-algerie.com\\\/actualites\\\/?s={search_term_string}\"},\"query-input\":{\"@type\":\"PropertyValueSpecification\",\"valueRequired\":true,\"valueName\":\"search_term_string\"}}],\"inLanguage\":\"fr-FR\"},{\"@type\":\"Organization\",\"@id\":\"https:\\\/\\\/www.info-algerie.com\\\/actualites\\\/#organization\",\"name\":\"info algerie\",\"url\":\"https:\\\/\\\/www.info-algerie.com\\\/actualites\\\/\",\"logo\":{\"@type\":\"ImageObject\",\"inLanguage\":\"fr-FR\",\"@id\":\"https:\\\/\\\/www.info-algerie.com\\\/actualites\\\/#\\\/schema\\\/logo\\\/image\\\/\",\"url\":\"https:\\\/\\\/www.info-algerie.com\\\/actualites\\\/wp-content\\\/uploads\\\/2022\\\/07\\\/logo-ia-120.png\",\"contentUrl\":\"https:\\\/\\\/www.info-algerie.com\\\/actualites\\\/wp-content\\\/uploads\\\/2022\\\/07\\\/logo-ia-120.png\",\"width\":120,\"height\":43,\"caption\":\"info algerie\"},\"image\":{\"@id\":\"https:\\\/\\\/www.info-algerie.com\\\/actualites\\\/#\\\/schema\\\/logo\\\/image\\\/\"},\"sameAs\":[\"https:\\\/\\\/www.facebook.com\\\/infoalgerieactu\",\"https:\\\/\\\/x.com\\\/infoalgerie1\"]},{\"@type\":\"Person\",\"@id\":\"https:\\\/\\\/www.info-algerie.com\\\/actualites\\\/#\\\/schema\\\/person\\\/847aaec44920825b843a08f30ec6aa1e\",\"name\":\"La r\u00e9daction\",\"image\":{\"@type\":\"ImageObject\",\"inLanguage\":\"fr-FR\",\"@id\":\"https:\\\/\\\/secure.gravatar.com\\\/avatar\\\/769db425c6f465158149f1ffd6cf61ce7a8a879d11dfbef8288af36dfddd418c?s=96&d=mm&r=g\",\"url\":\"https:\\\/\\\/secure.gravatar.com\\\/avatar\\\/769db425c6f465158149f1ffd6cf61ce7a8a879d11dfbef8288af36dfddd418c?s=96&d=mm&r=g\",\"contentUrl\":\"https:\\\/\\\/secure.gravatar.com\\\/avatar\\\/769db425c6f465158149f1ffd6cf61ce7a8a879d11dfbef8288af36dfddd418c?s=96&d=mm&r=g\",\"caption\":\"La r\u00e9daction\"},\"sameAs\":[\"http:\\\/\\\/www.lkeria.com\\\/\"],\"url\":\"https:\\\/\\\/www.info-algerie.com\\\/actualites\\\/author\\\/chakib32\\\/\"}]}<\/script>\n<!-- \/ Yoast SEO plugin. -->","yoast_head_json":{"title":"Ga\u00efd Salah en visite de travail et d&#039;inspection \u00e0 la 2\u00e8me R\u00e9gion militaire \u00e0 Oran\u00a0 - info algerie","robots":{"index":"index","follow":"follow","max-snippet":"max-snippet:-1","max-image-preview":"max-image-preview:large","max-video-preview":"max-video-preview:-1"},"canonical":"https:\/\/www.info-algerie.com\/actualites\/gaid-salah-en-visite-de-travail-et-dinspection-a-la-2eme-region-militaire-a-oran\/","og_locale":"fr_FR","og_type":"article","og_title":"Ga\u00efd Salah en visite de travail et d&#039;inspection \u00e0 la 2\u00e8me R\u00e9gion militaire \u00e0 Oran\u00a0 - info algerie","og_description":"ALGER- Le G\u00e9n\u00e9ral de Corps d&rsquo;Arm\u00e9e, Ahmed Ga\u00efd Salah, vice-ministre de la D\u00e9fense nationale, chef d&rsquo;\u00e9tat-major de l&rsquo;Arm\u00e9e nationale populaire (ANP) a entam\u00e9 dimanche une visite de travail et d&rsquo;inspection \u00e0 la 2\u00e8me R\u00e9gion militaire \u00e0 Oran o\u00f9 il supervisera un exercice tactique de tirs r\u00e9els et proc\u00e8de \u00e0 l&rsquo;inspection de quelques unit\u00e9s de la","og_url":"https:\/\/www.info-algerie.com\/actualites\/gaid-salah-en-visite-de-travail-et-dinspection-a-la-2eme-region-militaire-a-oran\/","og_site_name":"info algerie","article_publisher":"https:\/\/www.facebook.com\/infoalgerieactu","article_published_time":"2017-09-24T18:10:58+00:00","og_image":[{"width":280,"height":169,"url":"https:\/\/www.info-algerie.com\/actualites\/wp-content\/uploads\/2017\/09\/3d25d716b7a81bfa2e4f7957405fe49a_S-1.jpg","type":"image\/jpeg"}],"author":"La r\u00e9daction","twitter_misc":{"\u00c9crit par":"La r\u00e9daction","Dur\u00e9e de lecture estim\u00e9e":"2 minutes"},"schema":{"@context":"https:\/\/schema.org","@graph":[{"@type":"Article","@id":"https:\/\/www.info-algerie.com\/actualites\/gaid-salah-en-visite-de-travail-et-dinspection-a-la-2eme-region-militaire-a-oran\/#article","isPartOf":{"@id":"https:\/\/www.info-algerie.com\/actualites\/gaid-salah-en-visite-de-travail-et-dinspection-a-la-2eme-region-militaire-a-oran\/"},"author":{"name":"La r\u00e9daction","@id":"https:\/\/www.info-algerie.com\/actualites\/#\/schema\/person\/847aaec44920825b843a08f30ec6aa1e"},"headline":"Ga\u00efd Salah en visite de travail et d&#039;inspection \u00e0 la 2\u00e8me R\u00e9gion militaire \u00e0 Oran\u00a0","datePublished":"2017-09-24T18:10:58+00:00","mainEntityOfPage":{"@id":"https:\/\/www.info-algerie.com\/actualites\/gaid-salah-en-visite-de-travail-et-dinspection-a-la-2eme-region-militaire-a-oran\/"},"wordCount":404,"commentCount":0,"publisher":{"@id":"https:\/\/www.info-algerie.com\/actualites\/#organization"},"image":{"@id":"https:\/\/www.info-algerie.com\/actualites\/gaid-salah-en-visite-de-travail-et-dinspection-a-la-2eme-region-militaire-a-oran\/#primaryimage"},"thumbnailUrl":"https:\/\/www.info-algerie.com\/actualites\/wp-content\/uploads\/2017\/09\/3d25d716b7a81bfa2e4f7957405fe49a_S-1.jpg","keywords":["ONU"],"articleSection":["infos"],"inLanguage":"fr-FR","potentialAction":[{"@type":"CommentAction","name":"Comment","target":["https:\/\/www.info-algerie.com\/actualites\/gaid-salah-en-visite-de-travail-et-dinspection-a-la-2eme-region-militaire-a-oran\/#respond"]}]},{"@type":"WebPage","@id":"https:\/\/www.info-algerie.com\/actualites\/gaid-salah-en-visite-de-travail-et-dinspection-a-la-2eme-region-militaire-a-oran\/","url":"https:\/\/www.info-algerie.com\/actualites\/gaid-salah-en-visite-de-travail-et-dinspection-a-la-2eme-region-militaire-a-oran\/","name":"Ga\u00efd Salah en visite de travail et d&#039;inspection \u00e0 la 2\u00e8me R\u00e9gion militaire \u00e0 Oran\u00a0 - info algerie","isPartOf":{"@id":"https:\/\/www.info-algerie.com\/actualites\/#website"},"primaryImageOfPage":{"@id":"https:\/\/www.info-algerie.com\/actualites\/gaid-salah-en-visite-de-travail-et-dinspection-a-la-2eme-region-militaire-a-oran\/#primaryimage"},"image":{"@id":"https:\/\/www.info-algerie.com\/actualites\/gaid-salah-en-visite-de-travail-et-dinspection-a-la-2eme-region-militaire-a-oran\/#primaryimage"},"thumbnailUrl":"https:\/\/www.info-algerie.com\/actualites\/wp-content\/uploads\/2017\/09\/3d25d716b7a81bfa2e4f7957405fe49a_S-1.jpg","datePublished":"2017-09-24T18:10:58+00:00","breadcrumb":{"@id":"https:\/\/www.info-algerie.com\/actualites\/gaid-salah-en-visite-de-travail-et-dinspection-a-la-2eme-region-militaire-a-oran\/#breadcrumb"},"inLanguage":"fr-FR","potentialAction":[{"@type":"ReadAction","target":["https:\/\/www.info-algerie.com\/actualites\/gaid-salah-en-visite-de-travail-et-dinspection-a-la-2eme-region-militaire-a-oran\/"]}]},{"@type":"ImageObject","inLanguage":"fr-FR","@id":"https:\/\/www.info-algerie.com\/actualites\/gaid-salah-en-visite-de-travail-et-dinspection-a-la-2eme-region-militaire-a-oran\/#primaryimage","url":"https:\/\/www.info-algerie.com\/actualites\/wp-content\/uploads\/2017\/09\/3d25d716b7a81bfa2e4f7957405fe49a_S-1.jpg","contentUrl":"https:\/\/www.info-algerie.com\/actualites\/wp-content\/uploads\/2017\/09\/3d25d716b7a81bfa2e4f7957405fe49a_S-1.jpg","width":280,"height":169},{"@type":"BreadcrumbList","@id":"https:\/\/www.info-algerie.com\/actualites\/gaid-salah-en-visite-de-travail-et-dinspection-a-la-2eme-region-militaire-a-oran\/#breadcrumb","itemListElement":[{"@type":"ListItem","position":1,"name":"Accueil","item":"https:\/\/www.info-algerie.com\/actualites\/"},{"@type":"ListItem","position":2,"name":"Ga\u00efd Salah en visite de travail et d&#039;inspection \u00e0 la 2\u00e8me R\u00e9gion militaire \u00e0 Oran\u00a0"}]},{"@type":"WebSite","@id":"https:\/\/www.info-algerie.com\/actualites\/#website","url":"https:\/\/www.info-algerie.com\/actualites\/","name":"info algerie","description":"Toutes les actualit\u00e9s","publisher":{"@id":"https:\/\/www.info-algerie.com\/actualites\/#organization"},"potentialAction":[{"@type":"SearchAction","target":{"@type":"EntryPoint","urlTemplate":"https:\/\/www.info-algerie.com\/actualites\/?s={search_term_string}"},"query-input":{"@type":"PropertyValueSpecification","valueRequired":true,"valueName":"search_term_string"}}],"inLanguage":"fr-FR"},{"@type":"Organization","@id":"https:\/\/www.info-algerie.com\/actualites\/#organization","name":"info algerie","url":"https:\/\/www.info-algerie.com\/actualites\/","logo":{"@type":"ImageObject","inLanguage":"fr-FR","@id":"https:\/\/www.info-algerie.com\/actualites\/#\/schema\/logo\/image\/","url":"https:\/\/www.info-algerie.com\/actualites\/wp-content\/uploads\/2022\/07\/logo-ia-120.png","contentUrl":"https:\/\/www.info-algerie.com\/actualites\/wp-content\/uploads\/2022\/07\/logo-ia-120.png","width":120,"height":43,"caption":"info algerie"},"image":{"@id":"https:\/\/www.info-algerie.com\/actualites\/#\/schema\/logo\/image\/"},"sameAs":["https:\/\/www.facebook.com\/infoalgerieactu","https:\/\/x.com\/infoalgerie1"]},{"@type":"Person","@id":"https:\/\/www.info-algerie.com\/actualites\/#\/schema\/person\/847aaec44920825b843a08f30ec6aa1e","name":"La r\u00e9daction","image":{"@type":"ImageObject","inLanguage":"fr-FR","@id":"https:\/\/secure.gravatar.com\/avatar\/769db425c6f465158149f1ffd6cf61ce7a8a879d11dfbef8288af36dfddd418c?s=96&d=mm&r=g","url":"https:\/\/secure.gravatar.com\/avatar\/769db425c6f465158149f1ffd6cf61ce7a8a879d11dfbef8288af36dfddd418c?s=96&d=mm&r=g","contentUrl":"https:\/\/secure.gravatar.com\/avatar\/769db425c6f465158149f1ffd6cf61ce7a8a879d11dfbef8288af36dfddd418c?s=96&d=mm&r=g","caption":"La r\u00e9daction"},"sameAs":["http:\/\/www.lkeria.com\/"],"url":"https:\/\/www.info-algerie.com\/actualites\/author\/chakib32\/"}]}},"_links":{"self":[{"href":"https:\/\/www.info-algerie.com\/actualites\/wp-json\/wp\/v2\/posts\/16251","targetHints":{"allow":["GET"]}}],"collection":[{"href":"https:\/\/www.info-algerie.com\/actualites\/wp-json\/wp\/v2\/posts"}],"about":[{"href":"https:\/\/www.info-algerie.com\/actualites\/wp-json\/wp\/v2\/types\/post"}],"author":[{"embeddable":true,"href":"https:\/\/www.info-algerie.com\/actualites\/wp-json\/wp\/v2\/users\/6"}],"replies":[{"embeddable":true,"href":"https:\/\/www.info-algerie.com\/actualites\/wp-json\/wp\/v2\/comments?post=16251"}],"version-history":[{"count":0,"href":"https:\/\/www.info-algerie.com\/actualites\/wp-json\/wp\/v2\/posts\/16251\/revisions"}],"wp:featuredmedia":[{"embeddable":true,"href":"https:\/\/www.info-algerie.com\/actualites\/wp-json\/wp\/v2\/media\/16252"}],"wp:attachment":[{"href":"https:\/\/www.info-algerie.com\/actualites\/wp-json\/wp\/v2\/media?parent=16251"}],"wp:term":[{"taxonomy":"category","embeddable":true,"href":"https:\/\/www.info-algerie.com\/actualites\/wp-json\/wp\/v2\/categories?post=16251"},{"taxonomy":"post_tag","embeddable":true,"href":"https:\/\/www.info-algerie.com\/actualites\/wp-json\/wp\/v2\/tags?post=16251"}],"curies":[{"name":"wp","href":"https:\/\/api.w.org\/{rel}","templated":true}]}}