{"id":16254,"date":"2017-09-24T19:00:25","date_gmt":"2017-09-24T18:00:25","guid":{"rendered":"http:\/\/www.info-algerie.com\/actualites\/m-ouyahia-recoit-le-sg-du-ministere-francais-des-affaires-etrangeres\/"},"modified":"2017-09-24T19:00:25","modified_gmt":"2017-09-24T18:00:25","slug":"m-ouyahia-recoit-le-sg-du-ministere-francais-des-affaires-etrangeres","status":"publish","type":"post","link":"https:\/\/www.info-algerie.com\/actualites\/m-ouyahia-recoit-le-sg-du-ministere-francais-des-affaires-etrangeres\/","title":{"rendered":"M. Ouyahia re\u00e7oit le SG du minist\u00e8re fran\u00e7ais des Affaires \u00e9trang\u00e8res\u00a0"},"content":{"rendered":"<div class=\"K2FeedImage\"><img decoding=\"async\" src=\"https:\/\/www.info-algerie.com\/actualites\/wp-content\/uploads\/2017\/09\/74a29f5c746111f77438ce18ded97341_S.jpg\" alt=\"M. Ouyahia re&#xE7;oit le SG du minist&#xE8;re fran&#xE7;ais des Affaires &#xE9;trang&#xE8;res&#xA0;\" \/><\/div>\n<div class=\"K2FeedIntroText\">\n<p>ALGER &#8211; Le Premier ministre, Ahmed Ouyahia, a re\u00e7u dimanche \u00e0 Alger le secr\u00e9taire g\u00e9n\u00e9ral du minist\u00e8re des Affaires \u00e9trang\u00e8res fran\u00e7ais, Maurice Gourdault-Montagne, qui lui a remis un message \u00e9crit du Premier ministre fran\u00e7ais, Edouard Philippe, indique un communiqu\u00e9 des services du Premier ministre.<\/p>\n<p>&#013;\n<\/p><\/div>\n<div class=\"K2FeedFullText\">&#013;<\/p>\n<p>M. Gourdault-Montagne s\u00e9journe \u00e0 Alger dans le cadre des travaux de la commission pr\u00e9paratoire de la 4\u00e8me session du Comit\u00e9 intergouvernemental de Haut niveau (CIHN) en charge de la coop\u00e9ration entre les deux pays, qu&rsquo;il co-pr\u00e9side avec son homologue alg\u00e9rien, Noureddine Ayadi.\u00a0<\/p>\n<p>&#013;<\/p>\n<p class=\"MsoNormal\">\u00a0<\/p>\n<p>&#013;<\/p>\n<p class=\"MsoNormal\"><strong>Tenue lundi \u00e0 Alger de la 4e r\u00e9union du comit\u00e9 de suivi du Comit\u00e9 intergouvernemental de haut niveau alg\u00e9ro-fran\u00e7ais\u00a0<\/strong><\/p>\n<p>&#013;<\/p>\n<p class=\"MsoNormal\">\u00a0<\/p>\n<p>&#013;<\/p>\n<p>La quatri\u00e8me r\u00e9union du comit\u00e9 de suivi du Comit\u00e9 intergouvernemental de haut niveau (CIHN) alg\u00e9ro-fran\u00e7ais se tiendra demain lundi (25 septembre) \u00e0 Alger sous la copr\u00e9sidence des secr\u00e9taires g\u00e9n\u00e9raux des minist\u00e8res des Affaires \u00e9trang\u00e8res des deux pays, Nouredine Ayadi et Maurice Gourdault-Montagne, indique dimanche un communiqu\u00e9 du minist\u00e8re des Affaires \u00e9trang\u00e8res.<\/p>\n<p>&#013;<\/p>\n<p>\u00ab\u00a0Ce m\u00e9canisme bilat\u00e9ral de consultation, qui a \u00e9t\u00e9 mis en place \u00e0 l&rsquo;occasion de la signature \u00e0 Alger, en d\u00e9cembre 2013, de la convention de cr\u00e9ation du CIHN, s&rsquo;inscrit dans la r\u00e9gularit\u00e9 des \u00e9changes de visites entre les deux pays et la volont\u00e9 commune de b\u00e2tir\u00a0 une coop\u00e9ration forte, diversifi\u00e9e et un partenariat d&rsquo;exception\u00a0\u00bb, rappelle la m\u00eame source.<\/p>\n<p>&#013;<\/p>\n<p>\u00ab\u00a0Les deux parties auront l&rsquo;occasion de faire le bilan sur l&rsquo;\u00e9tat de la coop\u00e9ration bilat\u00e9rale dans les domaines politique, \u00e9conomique et culturel et d&rsquo;\u00e9changer les points de vue sur les questions r\u00e9gionales et internationales d&rsquo;int\u00e9r\u00eat commun, le tout dans le cadre de la r\u00e9paration des prochaines \u00e9ch\u00e9ances bilat\u00e9rales entre l&rsquo;Alg\u00e9rie et la France et tout particuli\u00e8rement \u00a0la tenue du Comit\u00e9 mixte \u00e9conomique alg\u00e9rie-fran\u00e7ais (COMEFA) et du Comit\u00e9 intergouvernemental de haut niveau (CIHN) alg\u00e9ro-fran\u00e7ais\u00a0\u00bb, ajoute le communiqu\u00e9 du MAE.<\/p>\n<\/div>\n<p>&#013;<br \/>\nSource: <a href=\"http:\/\/www.aps.dz\/algerie\/63192-m-ouyahia-recoit-le-sg-du-ministere-francais-des-affaires-etrangeres\" target=\"_blank\">M. Ouyahia re\u00e7oit le SG du minist\u00e8re fran\u00e7ais des Affaires \u00e9trang\u00e8res\u00a0<\/a><\/p>\n<!--CusAds0-->\n<div style=\"font-size: 0px; height: 0px; line-height: 0px; margin: 0; padding: 0; clear: both;\"><\/div>","protected":false},"excerpt":{"rendered":"<p>ALGER &#8211; Le Premier ministre, Ahmed Ouyahia, a re\u00e7u dimanche \u00e0 Alger le secr\u00e9taire g\u00e9n\u00e9ral du minist\u00e8re des Affaires \u00e9trang\u00e8res fran\u00e7ais, Maurice Gourdault-Montagne, qui lui a remis un message \u00e9crit du Premier ministre fran\u00e7ais, Edouard Philippe, indique un communiqu\u00e9 des services du Premier ministre. &#013; &#013; M. Gourdault-Montagne s\u00e9journe \u00e0 Alger dans le cadre des<\/p>\n","protected":false},"author":6,"featured_media":16255,"comment_status":"open","ping_status":"open","sticky":false,"template":"","format":"standard","meta":{"footnotes":""},"categories":[22],"tags":[93],"class_list":["post-16254","post","type-post","status-publish","format-standard","has-post-thumbnail","hentry","category-infos","tag-onu"],"yoast_head":"<!-- This site is optimized with the Yoast SEO plugin v27.5 - https:\/\/yoast.com\/product\/yoast-seo-wordpress\/ -->\n<title>M. Ouyahia re\u00e7oit le SG du minist\u00e8re fran\u00e7ais des Affaires \u00e9trang\u00e8res\u00a0 - info algerie<\/title>\n<meta name=\"robots\" content=\"index, follow, max-snippet:-1, max-image-preview:large, max-video-preview:-1\" \/>\n<link rel=\"canonical\" href=\"https:\/\/www.info-algerie.com\/actualites\/m-ouyahia-recoit-le-sg-du-ministere-francais-des-affaires-etrangeres\/\" \/>\n<meta property=\"og:locale\" content=\"fr_FR\" \/>\n<meta property=\"og:type\" content=\"article\" \/>\n<meta property=\"og:title\" content=\"M. Ouyahia re\u00e7oit le SG du minist\u00e8re fran\u00e7ais des Affaires \u00e9trang\u00e8res\u00a0 - info algerie\" \/>\n<meta property=\"og:description\" content=\"ALGER &#8211; Le Premier ministre, Ahmed Ouyahia, a re\u00e7u dimanche \u00e0 Alger le secr\u00e9taire g\u00e9n\u00e9ral du minist\u00e8re des Affaires \u00e9trang\u00e8res fran\u00e7ais, Maurice Gourdault-Montagne, qui lui a remis un message \u00e9crit du Premier ministre fran\u00e7ais, Edouard Philippe, indique un communiqu\u00e9 des services du Premier ministre. &#013; &#013; M. Gourdault-Montagne s\u00e9journe \u00e0 Alger dans le cadre des\" \/>\n<meta property=\"og:url\" content=\"https:\/\/www.info-algerie.com\/actualites\/m-ouyahia-recoit-le-sg-du-ministere-francais-des-affaires-etrangeres\/\" \/>\n<meta property=\"og:site_name\" content=\"info algerie\" \/>\n<meta property=\"article:publisher\" content=\"https:\/\/www.facebook.com\/infoalgerieactu\" \/>\n<meta property=\"article:published_time\" content=\"2017-09-24T18:00:25+00:00\" \/>\n<meta property=\"og:image\" content=\"https:\/\/www.info-algerie.com\/actualites\/wp-content\/uploads\/2017\/09\/74a29f5c746111f77438ce18ded97341_S-1.jpg\" \/>\n\t<meta property=\"og:image:width\" content=\"280\" \/>\n\t<meta property=\"og:image:height\" content=\"169\" \/>\n\t<meta property=\"og:image:type\" content=\"image\/jpeg\" \/>\n<meta name=\"author\" content=\"La r\u00e9daction\" \/>\n<meta name=\"twitter:label1\" content=\"\u00c9crit par\" \/>\n\t<meta name=\"twitter:data1\" content=\"La r\u00e9daction\" \/>\n\t<meta name=\"twitter:label2\" content=\"Dur\u00e9e de lecture estim\u00e9e\" \/>\n\t<meta name=\"twitter:data2\" content=\"2 minutes\" \/>\n<script type=\"application\/ld+json\" class=\"yoast-schema-graph\">{\"@context\":\"https:\\\/\\\/schema.org\",\"@graph\":[{\"@type\":\"Article\",\"@id\":\"https:\\\/\\\/www.info-algerie.com\\\/actualites\\\/m-ouyahia-recoit-le-sg-du-ministere-francais-des-affaires-etrangeres\\\/#article\",\"isPartOf\":{\"@id\":\"https:\\\/\\\/www.info-algerie.com\\\/actualites\\\/m-ouyahia-recoit-le-sg-du-ministere-francais-des-affaires-etrangeres\\\/\"},\"author\":{\"name\":\"La r\u00e9daction\",\"@id\":\"https:\\\/\\\/www.info-algerie.com\\\/actualites\\\/#\\\/schema\\\/person\\\/847aaec44920825b843a08f30ec6aa1e\"},\"headline\":\"M. Ouyahia re\u00e7oit le SG du minist\u00e8re fran\u00e7ais des Affaires \u00e9trang\u00e8res\u00a0\",\"datePublished\":\"2017-09-24T18:00:25+00:00\",\"mainEntityOfPage\":{\"@id\":\"https:\\\/\\\/www.info-algerie.com\\\/actualites\\\/m-ouyahia-recoit-le-sg-du-ministere-francais-des-affaires-etrangeres\\\/\"},\"wordCount\":375,\"commentCount\":0,\"publisher\":{\"@id\":\"https:\\\/\\\/www.info-algerie.com\\\/actualites\\\/#organization\"},\"image\":{\"@id\":\"https:\\\/\\\/www.info-algerie.com\\\/actualites\\\/m-ouyahia-recoit-le-sg-du-ministere-francais-des-affaires-etrangeres\\\/#primaryimage\"},\"thumbnailUrl\":\"https:\\\/\\\/www.info-algerie.com\\\/actualites\\\/wp-content\\\/uploads\\\/2017\\\/09\\\/74a29f5c746111f77438ce18ded97341_S-1.jpg\",\"keywords\":[\"ONU\"],\"articleSection\":[\"infos\"],\"inLanguage\":\"fr-FR\",\"potentialAction\":[{\"@type\":\"CommentAction\",\"name\":\"Comment\",\"target\":[\"https:\\\/\\\/www.info-algerie.com\\\/actualites\\\/m-ouyahia-recoit-le-sg-du-ministere-francais-des-affaires-etrangeres\\\/#respond\"]}]},{\"@type\":\"WebPage\",\"@id\":\"https:\\\/\\\/www.info-algerie.com\\\/actualites\\\/m-ouyahia-recoit-le-sg-du-ministere-francais-des-affaires-etrangeres\\\/\",\"url\":\"https:\\\/\\\/www.info-algerie.com\\\/actualites\\\/m-ouyahia-recoit-le-sg-du-ministere-francais-des-affaires-etrangeres\\\/\",\"name\":\"M. Ouyahia re\u00e7oit le SG du minist\u00e8re fran\u00e7ais des Affaires \u00e9trang\u00e8res\u00a0 - info algerie\",\"isPartOf\":{\"@id\":\"https:\\\/\\\/www.info-algerie.com\\\/actualites\\\/#website\"},\"primaryImageOfPage\":{\"@id\":\"https:\\\/\\\/www.info-algerie.com\\\/actualites\\\/m-ouyahia-recoit-le-sg-du-ministere-francais-des-affaires-etrangeres\\\/#primaryimage\"},\"image\":{\"@id\":\"https:\\\/\\\/www.info-algerie.com\\\/actualites\\\/m-ouyahia-recoit-le-sg-du-ministere-francais-des-affaires-etrangeres\\\/#primaryimage\"},\"thumbnailUrl\":\"https:\\\/\\\/www.info-algerie.com\\\/actualites\\\/wp-content\\\/uploads\\\/2017\\\/09\\\/74a29f5c746111f77438ce18ded97341_S-1.jpg\",\"datePublished\":\"2017-09-24T18:00:25+00:00\",\"breadcrumb\":{\"@id\":\"https:\\\/\\\/www.info-algerie.com\\\/actualites\\\/m-ouyahia-recoit-le-sg-du-ministere-francais-des-affaires-etrangeres\\\/#breadcrumb\"},\"inLanguage\":\"fr-FR\",\"potentialAction\":[{\"@type\":\"ReadAction\",\"target\":[\"https:\\\/\\\/www.info-algerie.com\\\/actualites\\\/m-ouyahia-recoit-le-sg-du-ministere-francais-des-affaires-etrangeres\\\/\"]}]},{\"@type\":\"ImageObject\",\"inLanguage\":\"fr-FR\",\"@id\":\"https:\\\/\\\/www.info-algerie.com\\\/actualites\\\/m-ouyahia-recoit-le-sg-du-ministere-francais-des-affaires-etrangeres\\\/#primaryimage\",\"url\":\"https:\\\/\\\/www.info-algerie.com\\\/actualites\\\/wp-content\\\/uploads\\\/2017\\\/09\\\/74a29f5c746111f77438ce18ded97341_S-1.jpg\",\"contentUrl\":\"https:\\\/\\\/www.info-algerie.com\\\/actualites\\\/wp-content\\\/uploads\\\/2017\\\/09\\\/74a29f5c746111f77438ce18ded97341_S-1.jpg\",\"width\":280,\"height\":169},{\"@type\":\"BreadcrumbList\",\"@id\":\"https:\\\/\\\/www.info-algerie.com\\\/actualites\\\/m-ouyahia-recoit-le-sg-du-ministere-francais-des-affaires-etrangeres\\\/#breadcrumb\",\"itemListElement\":[{\"@type\":\"ListItem\",\"position\":1,\"name\":\"Accueil\",\"item\":\"https:\\\/\\\/www.info-algerie.com\\\/actualites\\\/\"},{\"@type\":\"ListItem\",\"position\":2,\"name\":\"M. Ouyahia re\u00e7oit le SG du minist\u00e8re fran\u00e7ais des Affaires \u00e9trang\u00e8res\u00a0\"}]},{\"@type\":\"WebSite\",\"@id\":\"https:\\\/\\\/www.info-algerie.com\\\/actualites\\\/#website\",\"url\":\"https:\\\/\\\/www.info-algerie.com\\\/actualites\\\/\",\"name\":\"info algerie\",\"description\":\"Toutes les actualit\u00e9s\",\"publisher\":{\"@id\":\"https:\\\/\\\/www.info-algerie.com\\\/actualites\\\/#organization\"},\"potentialAction\":[{\"@type\":\"SearchAction\",\"target\":{\"@type\":\"EntryPoint\",\"urlTemplate\":\"https:\\\/\\\/www.info-algerie.com\\\/actualites\\\/?s={search_term_string}\"},\"query-input\":{\"@type\":\"PropertyValueSpecification\",\"valueRequired\":true,\"valueName\":\"search_term_string\"}}],\"inLanguage\":\"fr-FR\"},{\"@type\":\"Organization\",\"@id\":\"https:\\\/\\\/www.info-algerie.com\\\/actualites\\\/#organization\",\"name\":\"info algerie\",\"url\":\"https:\\\/\\\/www.info-algerie.com\\\/actualites\\\/\",\"logo\":{\"@type\":\"ImageObject\",\"inLanguage\":\"fr-FR\",\"@id\":\"https:\\\/\\\/www.info-algerie.com\\\/actualites\\\/#\\\/schema\\\/logo\\\/image\\\/\",\"url\":\"https:\\\/\\\/www.info-algerie.com\\\/actualites\\\/wp-content\\\/uploads\\\/2022\\\/07\\\/logo-ia-120.png\",\"contentUrl\":\"https:\\\/\\\/www.info-algerie.com\\\/actualites\\\/wp-content\\\/uploads\\\/2022\\\/07\\\/logo-ia-120.png\",\"width\":120,\"height\":43,\"caption\":\"info algerie\"},\"image\":{\"@id\":\"https:\\\/\\\/www.info-algerie.com\\\/actualites\\\/#\\\/schema\\\/logo\\\/image\\\/\"},\"sameAs\":[\"https:\\\/\\\/www.facebook.com\\\/infoalgerieactu\",\"https:\\\/\\\/x.com\\\/infoalgerie1\"]},{\"@type\":\"Person\",\"@id\":\"https:\\\/\\\/www.info-algerie.com\\\/actualites\\\/#\\\/schema\\\/person\\\/847aaec44920825b843a08f30ec6aa1e\",\"name\":\"La r\u00e9daction\",\"image\":{\"@type\":\"ImageObject\",\"inLanguage\":\"fr-FR\",\"@id\":\"https:\\\/\\\/secure.gravatar.com\\\/avatar\\\/769db425c6f465158149f1ffd6cf61ce7a8a879d11dfbef8288af36dfddd418c?s=96&d=mm&r=g\",\"url\":\"https:\\\/\\\/secure.gravatar.com\\\/avatar\\\/769db425c6f465158149f1ffd6cf61ce7a8a879d11dfbef8288af36dfddd418c?s=96&d=mm&r=g\",\"contentUrl\":\"https:\\\/\\\/secure.gravatar.com\\\/avatar\\\/769db425c6f465158149f1ffd6cf61ce7a8a879d11dfbef8288af36dfddd418c?s=96&d=mm&r=g\",\"caption\":\"La r\u00e9daction\"},\"sameAs\":[\"http:\\\/\\\/www.lkeria.com\\\/\"],\"url\":\"https:\\\/\\\/www.info-algerie.com\\\/actualites\\\/author\\\/chakib32\\\/\"}]}<\/script>\n<!-- \/ Yoast SEO plugin. -->","yoast_head_json":{"title":"M. Ouyahia re\u00e7oit le SG du minist\u00e8re fran\u00e7ais des Affaires \u00e9trang\u00e8res\u00a0 - info algerie","robots":{"index":"index","follow":"follow","max-snippet":"max-snippet:-1","max-image-preview":"max-image-preview:large","max-video-preview":"max-video-preview:-1"},"canonical":"https:\/\/www.info-algerie.com\/actualites\/m-ouyahia-recoit-le-sg-du-ministere-francais-des-affaires-etrangeres\/","og_locale":"fr_FR","og_type":"article","og_title":"M. Ouyahia re\u00e7oit le SG du minist\u00e8re fran\u00e7ais des Affaires \u00e9trang\u00e8res\u00a0 - info algerie","og_description":"ALGER &#8211; Le Premier ministre, Ahmed Ouyahia, a re\u00e7u dimanche \u00e0 Alger le secr\u00e9taire g\u00e9n\u00e9ral du minist\u00e8re des Affaires \u00e9trang\u00e8res fran\u00e7ais, Maurice Gourdault-Montagne, qui lui a remis un message \u00e9crit du Premier ministre fran\u00e7ais, Edouard Philippe, indique un communiqu\u00e9 des services du Premier ministre. &#013; &#013; M. Gourdault-Montagne s\u00e9journe \u00e0 Alger dans le cadre des","og_url":"https:\/\/www.info-algerie.com\/actualites\/m-ouyahia-recoit-le-sg-du-ministere-francais-des-affaires-etrangeres\/","og_site_name":"info algerie","article_publisher":"https:\/\/www.facebook.com\/infoalgerieactu","article_published_time":"2017-09-24T18:00:25+00:00","og_image":[{"width":280,"height":169,"url":"https:\/\/www.info-algerie.com\/actualites\/wp-content\/uploads\/2017\/09\/74a29f5c746111f77438ce18ded97341_S-1.jpg","type":"image\/jpeg"}],"author":"La r\u00e9daction","twitter_misc":{"\u00c9crit par":"La r\u00e9daction","Dur\u00e9e de lecture estim\u00e9e":"2 minutes"},"schema":{"@context":"https:\/\/schema.org","@graph":[{"@type":"Article","@id":"https:\/\/www.info-algerie.com\/actualites\/m-ouyahia-recoit-le-sg-du-ministere-francais-des-affaires-etrangeres\/#article","isPartOf":{"@id":"https:\/\/www.info-algerie.com\/actualites\/m-ouyahia-recoit-le-sg-du-ministere-francais-des-affaires-etrangeres\/"},"author":{"name":"La r\u00e9daction","@id":"https:\/\/www.info-algerie.com\/actualites\/#\/schema\/person\/847aaec44920825b843a08f30ec6aa1e"},"headline":"M. Ouyahia re\u00e7oit le SG du minist\u00e8re fran\u00e7ais des Affaires \u00e9trang\u00e8res\u00a0","datePublished":"2017-09-24T18:00:25+00:00","mainEntityOfPage":{"@id":"https:\/\/www.info-algerie.com\/actualites\/m-ouyahia-recoit-le-sg-du-ministere-francais-des-affaires-etrangeres\/"},"wordCount":375,"commentCount":0,"publisher":{"@id":"https:\/\/www.info-algerie.com\/actualites\/#organization"},"image":{"@id":"https:\/\/www.info-algerie.com\/actualites\/m-ouyahia-recoit-le-sg-du-ministere-francais-des-affaires-etrangeres\/#primaryimage"},"thumbnailUrl":"https:\/\/www.info-algerie.com\/actualites\/wp-content\/uploads\/2017\/09\/74a29f5c746111f77438ce18ded97341_S-1.jpg","keywords":["ONU"],"articleSection":["infos"],"inLanguage":"fr-FR","potentialAction":[{"@type":"CommentAction","name":"Comment","target":["https:\/\/www.info-algerie.com\/actualites\/m-ouyahia-recoit-le-sg-du-ministere-francais-des-affaires-etrangeres\/#respond"]}]},{"@type":"WebPage","@id":"https:\/\/www.info-algerie.com\/actualites\/m-ouyahia-recoit-le-sg-du-ministere-francais-des-affaires-etrangeres\/","url":"https:\/\/www.info-algerie.com\/actualites\/m-ouyahia-recoit-le-sg-du-ministere-francais-des-affaires-etrangeres\/","name":"M. Ouyahia re\u00e7oit le SG du minist\u00e8re fran\u00e7ais des Affaires \u00e9trang\u00e8res\u00a0 - info algerie","isPartOf":{"@id":"https:\/\/www.info-algerie.com\/actualites\/#website"},"primaryImageOfPage":{"@id":"https:\/\/www.info-algerie.com\/actualites\/m-ouyahia-recoit-le-sg-du-ministere-francais-des-affaires-etrangeres\/#primaryimage"},"image":{"@id":"https:\/\/www.info-algerie.com\/actualites\/m-ouyahia-recoit-le-sg-du-ministere-francais-des-affaires-etrangeres\/#primaryimage"},"thumbnailUrl":"https:\/\/www.info-algerie.com\/actualites\/wp-content\/uploads\/2017\/09\/74a29f5c746111f77438ce18ded97341_S-1.jpg","datePublished":"2017-09-24T18:00:25+00:00","breadcrumb":{"@id":"https:\/\/www.info-algerie.com\/actualites\/m-ouyahia-recoit-le-sg-du-ministere-francais-des-affaires-etrangeres\/#breadcrumb"},"inLanguage":"fr-FR","potentialAction":[{"@type":"ReadAction","target":["https:\/\/www.info-algerie.com\/actualites\/m-ouyahia-recoit-le-sg-du-ministere-francais-des-affaires-etrangeres\/"]}]},{"@type":"ImageObject","inLanguage":"fr-FR","@id":"https:\/\/www.info-algerie.com\/actualites\/m-ouyahia-recoit-le-sg-du-ministere-francais-des-affaires-etrangeres\/#primaryimage","url":"https:\/\/www.info-algerie.com\/actualites\/wp-content\/uploads\/2017\/09\/74a29f5c746111f77438ce18ded97341_S-1.jpg","contentUrl":"https:\/\/www.info-algerie.com\/actualites\/wp-content\/uploads\/2017\/09\/74a29f5c746111f77438ce18ded97341_S-1.jpg","width":280,"height":169},{"@type":"BreadcrumbList","@id":"https:\/\/www.info-algerie.com\/actualites\/m-ouyahia-recoit-le-sg-du-ministere-francais-des-affaires-etrangeres\/#breadcrumb","itemListElement":[{"@type":"ListItem","position":1,"name":"Accueil","item":"https:\/\/www.info-algerie.com\/actualites\/"},{"@type":"ListItem","position":2,"name":"M. Ouyahia re\u00e7oit le SG du minist\u00e8re fran\u00e7ais des Affaires \u00e9trang\u00e8res\u00a0"}]},{"@type":"WebSite","@id":"https:\/\/www.info-algerie.com\/actualites\/#website","url":"https:\/\/www.info-algerie.com\/actualites\/","name":"info algerie","description":"Toutes les actualit\u00e9s","publisher":{"@id":"https:\/\/www.info-algerie.com\/actualites\/#organization"},"potentialAction":[{"@type":"SearchAction","target":{"@type":"EntryPoint","urlTemplate":"https:\/\/www.info-algerie.com\/actualites\/?s={search_term_string}"},"query-input":{"@type":"PropertyValueSpecification","valueRequired":true,"valueName":"search_term_string"}}],"inLanguage":"fr-FR"},{"@type":"Organization","@id":"https:\/\/www.info-algerie.com\/actualites\/#organization","name":"info algerie","url":"https:\/\/www.info-algerie.com\/actualites\/","logo":{"@type":"ImageObject","inLanguage":"fr-FR","@id":"https:\/\/www.info-algerie.com\/actualites\/#\/schema\/logo\/image\/","url":"https:\/\/www.info-algerie.com\/actualites\/wp-content\/uploads\/2022\/07\/logo-ia-120.png","contentUrl":"https:\/\/www.info-algerie.com\/actualites\/wp-content\/uploads\/2022\/07\/logo-ia-120.png","width":120,"height":43,"caption":"info algerie"},"image":{"@id":"https:\/\/www.info-algerie.com\/actualites\/#\/schema\/logo\/image\/"},"sameAs":["https:\/\/www.facebook.com\/infoalgerieactu","https:\/\/x.com\/infoalgerie1"]},{"@type":"Person","@id":"https:\/\/www.info-algerie.com\/actualites\/#\/schema\/person\/847aaec44920825b843a08f30ec6aa1e","name":"La r\u00e9daction","image":{"@type":"ImageObject","inLanguage":"fr-FR","@id":"https:\/\/secure.gravatar.com\/avatar\/769db425c6f465158149f1ffd6cf61ce7a8a879d11dfbef8288af36dfddd418c?s=96&d=mm&r=g","url":"https:\/\/secure.gravatar.com\/avatar\/769db425c6f465158149f1ffd6cf61ce7a8a879d11dfbef8288af36dfddd418c?s=96&d=mm&r=g","contentUrl":"https:\/\/secure.gravatar.com\/avatar\/769db425c6f465158149f1ffd6cf61ce7a8a879d11dfbef8288af36dfddd418c?s=96&d=mm&r=g","caption":"La r\u00e9daction"},"sameAs":["http:\/\/www.lkeria.com\/"],"url":"https:\/\/www.info-algerie.com\/actualites\/author\/chakib32\/"}]}},"_links":{"self":[{"href":"https:\/\/www.info-algerie.com\/actualites\/wp-json\/wp\/v2\/posts\/16254","targetHints":{"allow":["GET"]}}],"collection":[{"href":"https:\/\/www.info-algerie.com\/actualites\/wp-json\/wp\/v2\/posts"}],"about":[{"href":"https:\/\/www.info-algerie.com\/actualites\/wp-json\/wp\/v2\/types\/post"}],"author":[{"embeddable":true,"href":"https:\/\/www.info-algerie.com\/actualites\/wp-json\/wp\/v2\/users\/6"}],"replies":[{"embeddable":true,"href":"https:\/\/www.info-algerie.com\/actualites\/wp-json\/wp\/v2\/comments?post=16254"}],"version-history":[{"count":0,"href":"https:\/\/www.info-algerie.com\/actualites\/wp-json\/wp\/v2\/posts\/16254\/revisions"}],"wp:featuredmedia":[{"embeddable":true,"href":"https:\/\/www.info-algerie.com\/actualites\/wp-json\/wp\/v2\/media\/16255"}],"wp:attachment":[{"href":"https:\/\/www.info-algerie.com\/actualites\/wp-json\/wp\/v2\/media?parent=16254"}],"wp:term":[{"taxonomy":"category","embeddable":true,"href":"https:\/\/www.info-algerie.com\/actualites\/wp-json\/wp\/v2\/categories?post=16254"},{"taxonomy":"post_tag","embeddable":true,"href":"https:\/\/www.info-algerie.com\/actualites\/wp-json\/wp\/v2\/tags?post=16254"}],"curies":[{"name":"wp","href":"https:\/\/api.w.org\/{rel}","templated":true}]}}