{"id":16257,"date":"2017-09-24T16:13:59","date_gmt":"2017-09-24T15:13:59","guid":{"rendered":"http:\/\/www.info-algerie.com\/actualites\/introduction-de-deux-nouveaux-diplomes-dans-la-formation-et-lenseignement-professionnel\/"},"modified":"2017-09-24T16:13:59","modified_gmt":"2017-09-24T15:13:59","slug":"introduction-de-deux-nouveaux-diplomes-dans-la-formation-et-lenseignement-professionnel","status":"publish","type":"post","link":"https:\/\/www.info-algerie.com\/actualites\/introduction-de-deux-nouveaux-diplomes-dans-la-formation-et-lenseignement-professionnel\/","title":{"rendered":"Introduction de deux nouveaux dipl\u00f4mes dans la formation et l\u2019enseignement professionnel"},"content":{"rendered":"<div class=\"K2FeedImage\"><img decoding=\"async\" src=\"https:\/\/www.info-algerie.com\/actualites\/wp-content\/uploads\/2017\/09\/fd87bf770f36ab46dd1a3724fcfaff6f_S.jpg\" alt=\"Introduction de deux nouveaux dipl&#xF4;mes dans la formation et l&#x2019;enseignement professionnel\" \/><\/div>\n<div class=\"K2FeedIntroText\">\n<p>AIN DEFLA- Deux nouveaux dipl\u00f4mes viendront \u00e9toffer le cycle d&rsquo;enseignement du secteur de la formation et de l\u2019enseignement professionnel dans le cadre de l\u2019application de la nouvelle organisation se rapportant \u00e0 l\u2019enseignement, a annonc\u00e9, dimanche \u00e0 A\u00efn Defla, le ministre de la Formation et de l&rsquo;enseignement professionnels, Mohamed Mebarki.<\/p>\n<p>&#013;\n<\/p><\/div>\n<div class=\"K2FeedFullText\">&#013;<\/p>\n<p>Les dipl\u00f4mes en question ont trait au Brevet d\u2019Enseignement Professionnel (BEP) ainsi qu\u2019au Brevet d\u2019Enseignement Professionnel Sup\u00e9rieur (BEPS), a indiqu\u00e9 M. Mebarki, qui pr\u00e9sidait la c\u00e9r\u00e9monie li\u00e9e \u00e0<a href=\"http:\/\/www.aps.dz\/Formation professionnelle 2017-2018: la rentr&#xE9;e officielle fix&#xE9;e au 24 septembre\"> la rentr\u00e9e professionnelle 2017-2018<\/a>, signalant que l\u2019introduction de ces dipl\u00f4mes vient concr\u00e9tiser le v\u0153u des jeunes et de leurs parents consistant \u00e0 suivre un cycle de formation de niveau sup\u00e9rieur.<\/p>\n<p>&#013;<\/p>\n<p>La nouvelle organisation se rapportant \u00e0 l\u2019enseignement sera appliqu\u00e9e de mani\u00e8re graduelle \u00e0 partir de la rentr\u00e9e 2017-2018 \u00e0 travers les instituts de formation professionnelle implant\u00e9s dans certaines wilaya, a pr\u00e9cis\u00e9 le ministre, assurant que tous les moyens humains et mat\u00e9riels ont \u00e9t\u00e9 mobilis\u00e9s dans le but d\u2019assurer la r\u00e9ussite totale de cette rentr\u00e9e.<\/p>\n<p>&#013;<\/p>\n<p>Tout en signalant la mise en place de plus de 370 000 nouvelles places p\u00e9dagogiques, il a fait \u00e9tat de la programmation de plus de 380 sp\u00e9cialit\u00e9s dans divers branches d\u2019activit\u00e9s, faisant \u00e9tat de l\u2019ouverture de nouvelles sp\u00e9cialit\u00e9s \u00e0 l\u2019image notamment de la num\u00e9risation, les \u00e9nergies renouvelables, la r\u00e9novation des \u00e9quipements ainsi que le montage des t\u00e9l\u00e9phones.<\/p>\n<p>&#013;<\/p>\n<p>Il a observ\u00e9 que le secteur de la formation et de l\u2019enseignement professionnel a connu, dans le cadre de la r\u00e9forme dont il a fait l\u2019objet, un d\u00e9veloppement remarquable gr\u00e2ce \u00e0 la mobilisation des enseignants et des responsables des structures de formation ainsi qu\u2019\u00e0 leur prise de conscience des d\u00e9fis et des paris qu\u2019il y a lieu de surmonter.<\/p>\n<p>&#013;<\/p>\n<p>M. Mebarki a soutenu que le d\u00e9veloppement du secteur de la formation exige la poursuite des efforts en mati\u00e8re d\u2019am\u00e9lioration des programmes et de leurs contenus, la qualification continue des enseignants, l\u2019exploitation rationnelle des \u00e9quipements ainsi que la modernisation des m\u00e9thodes de travail et de gestion.<\/p>\n<p>&#013;<\/p>\n<p><strong>Le partenariat avec les entreprises \u00e9conomiques pour disposer de ressources humaines de qualit\u00e9\u00a0<\/strong><\/p>\n<p>&#013;<\/p>\n<p>Selon lui, la nouvelle politique du secteur bas\u00e9e sur le partenariat avec les entreprises \u00e9conomiques vise notamment \u00e0 disposer de ressources humaines aux qualit\u00e9s et aux comp\u00e9tences \u00e9lev\u00e9es , signalant que cette exp\u00e9rience sera \u00e9largie cette ann\u00e9e \u00e0 d\u2019autres partenaires vers\u00e9s dans divers autres domaines tels notamment l\u2019h\u00f4tellerie et le tourisme, les industries textiles et l\u2019\u00e9lectronique.<\/p>\n<p>&#013;<\/p>\n<p>Le fonctionnement des organismes de concertation visant l\u2019approfondissement de la politique de partenariat avec le secteur \u00e9conomique sera revu dans le but de l\u2019optimisation de leurs prestations notamment en mati\u00e8re de d\u00e9limitation des besoins en mati\u00e8re de comp\u00e9tences susceptibles d\u2019am\u00e9liorer l\u2019aspect p\u00e9dagogique.<\/p>\n<p>&#013;<\/p>\n<p>Abordant la formation continue, il soulign\u00e9 que ce volet b\u00e9n\u00e9ficiera d\u2019une importance particuli\u00e8re, faisant \u00e9tat dans ce contexte de la mise en place des \u00e9quipements et de l\u2019encadrement y aff\u00e9rent outre l\u2019am\u00e9lioration du financement de cette op\u00e9ration.<\/p>\n<p>&#013;<\/p>\n<p>Abordant la formation \u00e0 distance, il a soutenu que ce volet sera consolid\u00e9 \u00e0 la faveur de l\u2019application du nouveau d\u00e9cret s\u2019y rapportant, relevant que la modernisation des m\u00e9thodes d\u2019enseignement impose le recours aux technologies de l\u2019information et de la communication.<\/p>\n<p>&#013;<\/p>\n<p>Selon lui, le v\u00e9ritable d\u00e9fi du secteur de la formation et de la formation professionnels consiste \u00e0 parachever le processus de r\u00e9forme qui prenne en ligne de compte le souci visant la diversification de l\u2019\u00e9conomie nationale en vue de la lier \u00e0 la dynamique de d\u00e9veloppement mondiale, assurant que ce point a \u00e9t\u00e9 mis en \u00e9vidence par la Pr\u00e9sident de la r\u00e9publique lors du dernier Conseil des ministres tenu le 6 septembre courant.<\/p>\n<p>&#013;<\/p>\n<p>Il a not\u00e9 que face aux difficult\u00e9s financi\u00e8res conjoncturelles que connait le pays et des d\u00e9fis impos\u00e9s par son environnement, les jeunes se doivent de rallier le monde de la formation en vue de prendre part au combat visant l\u2019\u00e9dification du pays, notant que les donn\u00e9es du minist\u00e8re du travail, de l\u2019emploi et de la s\u00e9curit\u00e9 sociale attestent que les dipl\u00f4m\u00e9s des centres de formation trouvent un emploi plus facilement que les jeunes qui n\u2019y sont pas pass\u00e9s.<\/p>\n<p>&#013;<\/p>\n<p>Il a fait remarquer qu\u2019\u00e0 la veille des prochaines \u00e9lections locales visant la consolidation du processus d\u00e9mocratique, il faut se rendre \u00e0 l\u2019\u00e9vidence que la force de la jeunesse constitue la v\u00e9ritable richesse du pays surtout si cette derni\u00e8re s\u2019arme de science et de savoir-faire, condition sine qua non pour son d\u00e9veloppement \u00e9conomique, social et politique.<\/p>\n<\/div>\n<p>&#013;<br \/>\nSource: <a href=\"http:\/\/www.aps.dz\/algerie\/63189-introduction-de-deux-nouveaux-diplomes-dans-le-secteur-de-la-formation-et-de-l-enseignement-professionnel\" target=\"_blank\">Introduction de deux nouveaux dipl\u00f4mes dans la formation et l\u2019enseignement professionnel<\/a><\/p>\n<!--CusAds0-->\n<div style=\"font-size: 0px; height: 0px; line-height: 0px; margin: 0; padding: 0; clear: both;\"><\/div>","protected":false},"excerpt":{"rendered":"<p>AIN DEFLA- Deux nouveaux dipl\u00f4mes viendront \u00e9toffer le cycle d&rsquo;enseignement du secteur de la formation et de l\u2019enseignement professionnel dans le cadre de l\u2019application de la nouvelle organisation se rapportant \u00e0 l\u2019enseignement, a annonc\u00e9, dimanche \u00e0 A\u00efn Defla, le ministre de la Formation et de l&rsquo;enseignement professionnels, Mohamed Mebarki. &#013; &#013; Les dipl\u00f4mes en question<\/p>\n","protected":false},"author":6,"featured_media":16258,"comment_status":"open","ping_status":"open","sticky":false,"template":"","format":"standard","meta":{"footnotes":""},"categories":[22],"tags":[93],"class_list":["post-16257","post","type-post","status-publish","format-standard","has-post-thumbnail","hentry","category-infos","tag-onu"],"yoast_head":"<!-- This site is optimized with the Yoast SEO plugin v27.5 - https:\/\/yoast.com\/product\/yoast-seo-wordpress\/ -->\n<title>Introduction de deux nouveaux dipl\u00f4mes dans la formation et l\u2019enseignement professionnel - info algerie<\/title>\n<meta name=\"robots\" content=\"index, follow, max-snippet:-1, max-image-preview:large, max-video-preview:-1\" \/>\n<link rel=\"canonical\" href=\"https:\/\/www.info-algerie.com\/actualites\/introduction-de-deux-nouveaux-diplomes-dans-la-formation-et-lenseignement-professionnel\/\" \/>\n<meta property=\"og:locale\" content=\"fr_FR\" \/>\n<meta property=\"og:type\" content=\"article\" \/>\n<meta property=\"og:title\" content=\"Introduction de deux nouveaux dipl\u00f4mes dans la formation et l\u2019enseignement professionnel - info algerie\" \/>\n<meta property=\"og:description\" content=\"AIN DEFLA- Deux nouveaux dipl\u00f4mes viendront \u00e9toffer le cycle d&rsquo;enseignement du secteur de la formation et de l\u2019enseignement professionnel dans le cadre de l\u2019application de la nouvelle organisation se rapportant \u00e0 l\u2019enseignement, a annonc\u00e9, dimanche \u00e0 A\u00efn Defla, le ministre de la Formation et de l&rsquo;enseignement professionnels, Mohamed Mebarki. &#013; &#013; Les dipl\u00f4mes en question\" \/>\n<meta property=\"og:url\" content=\"https:\/\/www.info-algerie.com\/actualites\/introduction-de-deux-nouveaux-diplomes-dans-la-formation-et-lenseignement-professionnel\/\" \/>\n<meta property=\"og:site_name\" content=\"info algerie\" \/>\n<meta property=\"article:publisher\" content=\"https:\/\/www.facebook.com\/infoalgerieactu\" \/>\n<meta property=\"article:published_time\" content=\"2017-09-24T15:13:59+00:00\" \/>\n<meta property=\"og:image\" content=\"https:\/\/www.info-algerie.com\/actualites\/wp-content\/uploads\/2017\/09\/fd87bf770f36ab46dd1a3724fcfaff6f_S-1.jpg\" \/>\n\t<meta property=\"og:image:width\" content=\"280\" \/>\n\t<meta property=\"og:image:height\" content=\"169\" \/>\n\t<meta property=\"og:image:type\" content=\"image\/jpeg\" \/>\n<meta name=\"author\" content=\"La r\u00e9daction\" \/>\n<meta name=\"twitter:label1\" content=\"\u00c9crit par\" \/>\n\t<meta name=\"twitter:data1\" content=\"La r\u00e9daction\" \/>\n\t<meta name=\"twitter:label2\" content=\"Dur\u00e9e de lecture estim\u00e9e\" \/>\n\t<meta name=\"twitter:data2\" content=\"4 minutes\" \/>\n<script type=\"application\/ld+json\" class=\"yoast-schema-graph\">{\"@context\":\"https:\\\/\\\/schema.org\",\"@graph\":[{\"@type\":\"Article\",\"@id\":\"https:\\\/\\\/www.info-algerie.com\\\/actualites\\\/introduction-de-deux-nouveaux-diplomes-dans-la-formation-et-lenseignement-professionnel\\\/#article\",\"isPartOf\":{\"@id\":\"https:\\\/\\\/www.info-algerie.com\\\/actualites\\\/introduction-de-deux-nouveaux-diplomes-dans-la-formation-et-lenseignement-professionnel\\\/\"},\"author\":{\"name\":\"La r\u00e9daction\",\"@id\":\"https:\\\/\\\/www.info-algerie.com\\\/actualites\\\/#\\\/schema\\\/person\\\/847aaec44920825b843a08f30ec6aa1e\"},\"headline\":\"Introduction de deux nouveaux dipl\u00f4mes dans la formation et l\u2019enseignement professionnel\",\"datePublished\":\"2017-09-24T15:13:59+00:00\",\"mainEntityOfPage\":{\"@id\":\"https:\\\/\\\/www.info-algerie.com\\\/actualites\\\/introduction-de-deux-nouveaux-diplomes-dans-la-formation-et-lenseignement-professionnel\\\/\"},\"wordCount\":846,\"commentCount\":0,\"publisher\":{\"@id\":\"https:\\\/\\\/www.info-algerie.com\\\/actualites\\\/#organization\"},\"image\":{\"@id\":\"https:\\\/\\\/www.info-algerie.com\\\/actualites\\\/introduction-de-deux-nouveaux-diplomes-dans-la-formation-et-lenseignement-professionnel\\\/#primaryimage\"},\"thumbnailUrl\":\"https:\\\/\\\/www.info-algerie.com\\\/actualites\\\/wp-content\\\/uploads\\\/2017\\\/09\\\/fd87bf770f36ab46dd1a3724fcfaff6f_S-1.jpg\",\"keywords\":[\"ONU\"],\"articleSection\":[\"infos\"],\"inLanguage\":\"fr-FR\",\"potentialAction\":[{\"@type\":\"CommentAction\",\"name\":\"Comment\",\"target\":[\"https:\\\/\\\/www.info-algerie.com\\\/actualites\\\/introduction-de-deux-nouveaux-diplomes-dans-la-formation-et-lenseignement-professionnel\\\/#respond\"]}]},{\"@type\":\"WebPage\",\"@id\":\"https:\\\/\\\/www.info-algerie.com\\\/actualites\\\/introduction-de-deux-nouveaux-diplomes-dans-la-formation-et-lenseignement-professionnel\\\/\",\"url\":\"https:\\\/\\\/www.info-algerie.com\\\/actualites\\\/introduction-de-deux-nouveaux-diplomes-dans-la-formation-et-lenseignement-professionnel\\\/\",\"name\":\"Introduction de deux nouveaux dipl\u00f4mes dans la formation et l\u2019enseignement professionnel - info algerie\",\"isPartOf\":{\"@id\":\"https:\\\/\\\/www.info-algerie.com\\\/actualites\\\/#website\"},\"primaryImageOfPage\":{\"@id\":\"https:\\\/\\\/www.info-algerie.com\\\/actualites\\\/introduction-de-deux-nouveaux-diplomes-dans-la-formation-et-lenseignement-professionnel\\\/#primaryimage\"},\"image\":{\"@id\":\"https:\\\/\\\/www.info-algerie.com\\\/actualites\\\/introduction-de-deux-nouveaux-diplomes-dans-la-formation-et-lenseignement-professionnel\\\/#primaryimage\"},\"thumbnailUrl\":\"https:\\\/\\\/www.info-algerie.com\\\/actualites\\\/wp-content\\\/uploads\\\/2017\\\/09\\\/fd87bf770f36ab46dd1a3724fcfaff6f_S-1.jpg\",\"datePublished\":\"2017-09-24T15:13:59+00:00\",\"breadcrumb\":{\"@id\":\"https:\\\/\\\/www.info-algerie.com\\\/actualites\\\/introduction-de-deux-nouveaux-diplomes-dans-la-formation-et-lenseignement-professionnel\\\/#breadcrumb\"},\"inLanguage\":\"fr-FR\",\"potentialAction\":[{\"@type\":\"ReadAction\",\"target\":[\"https:\\\/\\\/www.info-algerie.com\\\/actualites\\\/introduction-de-deux-nouveaux-diplomes-dans-la-formation-et-lenseignement-professionnel\\\/\"]}]},{\"@type\":\"ImageObject\",\"inLanguage\":\"fr-FR\",\"@id\":\"https:\\\/\\\/www.info-algerie.com\\\/actualites\\\/introduction-de-deux-nouveaux-diplomes-dans-la-formation-et-lenseignement-professionnel\\\/#primaryimage\",\"url\":\"https:\\\/\\\/www.info-algerie.com\\\/actualites\\\/wp-content\\\/uploads\\\/2017\\\/09\\\/fd87bf770f36ab46dd1a3724fcfaff6f_S-1.jpg\",\"contentUrl\":\"https:\\\/\\\/www.info-algerie.com\\\/actualites\\\/wp-content\\\/uploads\\\/2017\\\/09\\\/fd87bf770f36ab46dd1a3724fcfaff6f_S-1.jpg\",\"width\":280,\"height\":169},{\"@type\":\"BreadcrumbList\",\"@id\":\"https:\\\/\\\/www.info-algerie.com\\\/actualites\\\/introduction-de-deux-nouveaux-diplomes-dans-la-formation-et-lenseignement-professionnel\\\/#breadcrumb\",\"itemListElement\":[{\"@type\":\"ListItem\",\"position\":1,\"name\":\"Accueil\",\"item\":\"https:\\\/\\\/www.info-algerie.com\\\/actualites\\\/\"},{\"@type\":\"ListItem\",\"position\":2,\"name\":\"Introduction de deux nouveaux dipl\u00f4mes dans la formation et l\u2019enseignement professionnel\"}]},{\"@type\":\"WebSite\",\"@id\":\"https:\\\/\\\/www.info-algerie.com\\\/actualites\\\/#website\",\"url\":\"https:\\\/\\\/www.info-algerie.com\\\/actualites\\\/\",\"name\":\"info algerie\",\"description\":\"Toutes les actualit\u00e9s\",\"publisher\":{\"@id\":\"https:\\\/\\\/www.info-algerie.com\\\/actualites\\\/#organization\"},\"potentialAction\":[{\"@type\":\"SearchAction\",\"target\":{\"@type\":\"EntryPoint\",\"urlTemplate\":\"https:\\\/\\\/www.info-algerie.com\\\/actualites\\\/?s={search_term_string}\"},\"query-input\":{\"@type\":\"PropertyValueSpecification\",\"valueRequired\":true,\"valueName\":\"search_term_string\"}}],\"inLanguage\":\"fr-FR\"},{\"@type\":\"Organization\",\"@id\":\"https:\\\/\\\/www.info-algerie.com\\\/actualites\\\/#organization\",\"name\":\"info algerie\",\"url\":\"https:\\\/\\\/www.info-algerie.com\\\/actualites\\\/\",\"logo\":{\"@type\":\"ImageObject\",\"inLanguage\":\"fr-FR\",\"@id\":\"https:\\\/\\\/www.info-algerie.com\\\/actualites\\\/#\\\/schema\\\/logo\\\/image\\\/\",\"url\":\"https:\\\/\\\/www.info-algerie.com\\\/actualites\\\/wp-content\\\/uploads\\\/2022\\\/07\\\/logo-ia-120.png\",\"contentUrl\":\"https:\\\/\\\/www.info-algerie.com\\\/actualites\\\/wp-content\\\/uploads\\\/2022\\\/07\\\/logo-ia-120.png\",\"width\":120,\"height\":43,\"caption\":\"info algerie\"},\"image\":{\"@id\":\"https:\\\/\\\/www.info-algerie.com\\\/actualites\\\/#\\\/schema\\\/logo\\\/image\\\/\"},\"sameAs\":[\"https:\\\/\\\/www.facebook.com\\\/infoalgerieactu\",\"https:\\\/\\\/x.com\\\/infoalgerie1\"]},{\"@type\":\"Person\",\"@id\":\"https:\\\/\\\/www.info-algerie.com\\\/actualites\\\/#\\\/schema\\\/person\\\/847aaec44920825b843a08f30ec6aa1e\",\"name\":\"La r\u00e9daction\",\"image\":{\"@type\":\"ImageObject\",\"inLanguage\":\"fr-FR\",\"@id\":\"https:\\\/\\\/secure.gravatar.com\\\/avatar\\\/769db425c6f465158149f1ffd6cf61ce7a8a879d11dfbef8288af36dfddd418c?s=96&d=mm&r=g\",\"url\":\"https:\\\/\\\/secure.gravatar.com\\\/avatar\\\/769db425c6f465158149f1ffd6cf61ce7a8a879d11dfbef8288af36dfddd418c?s=96&d=mm&r=g\",\"contentUrl\":\"https:\\\/\\\/secure.gravatar.com\\\/avatar\\\/769db425c6f465158149f1ffd6cf61ce7a8a879d11dfbef8288af36dfddd418c?s=96&d=mm&r=g\",\"caption\":\"La r\u00e9daction\"},\"sameAs\":[\"http:\\\/\\\/www.lkeria.com\\\/\"],\"url\":\"https:\\\/\\\/www.info-algerie.com\\\/actualites\\\/author\\\/chakib32\\\/\"}]}<\/script>\n<!-- \/ Yoast SEO plugin. -->","yoast_head_json":{"title":"Introduction de deux nouveaux dipl\u00f4mes dans la formation et l\u2019enseignement professionnel - info algerie","robots":{"index":"index","follow":"follow","max-snippet":"max-snippet:-1","max-image-preview":"max-image-preview:large","max-video-preview":"max-video-preview:-1"},"canonical":"https:\/\/www.info-algerie.com\/actualites\/introduction-de-deux-nouveaux-diplomes-dans-la-formation-et-lenseignement-professionnel\/","og_locale":"fr_FR","og_type":"article","og_title":"Introduction de deux nouveaux dipl\u00f4mes dans la formation et l\u2019enseignement professionnel - info algerie","og_description":"AIN DEFLA- Deux nouveaux dipl\u00f4mes viendront \u00e9toffer le cycle d&rsquo;enseignement du secteur de la formation et de l\u2019enseignement professionnel dans le cadre de l\u2019application de la nouvelle organisation se rapportant \u00e0 l\u2019enseignement, a annonc\u00e9, dimanche \u00e0 A\u00efn Defla, le ministre de la Formation et de l&rsquo;enseignement professionnels, Mohamed Mebarki. &#013; &#013; Les dipl\u00f4mes en question","og_url":"https:\/\/www.info-algerie.com\/actualites\/introduction-de-deux-nouveaux-diplomes-dans-la-formation-et-lenseignement-professionnel\/","og_site_name":"info algerie","article_publisher":"https:\/\/www.facebook.com\/infoalgerieactu","article_published_time":"2017-09-24T15:13:59+00:00","og_image":[{"width":280,"height":169,"url":"https:\/\/www.info-algerie.com\/actualites\/wp-content\/uploads\/2017\/09\/fd87bf770f36ab46dd1a3724fcfaff6f_S-1.jpg","type":"image\/jpeg"}],"author":"La r\u00e9daction","twitter_misc":{"\u00c9crit par":"La r\u00e9daction","Dur\u00e9e de lecture estim\u00e9e":"4 minutes"},"schema":{"@context":"https:\/\/schema.org","@graph":[{"@type":"Article","@id":"https:\/\/www.info-algerie.com\/actualites\/introduction-de-deux-nouveaux-diplomes-dans-la-formation-et-lenseignement-professionnel\/#article","isPartOf":{"@id":"https:\/\/www.info-algerie.com\/actualites\/introduction-de-deux-nouveaux-diplomes-dans-la-formation-et-lenseignement-professionnel\/"},"author":{"name":"La r\u00e9daction","@id":"https:\/\/www.info-algerie.com\/actualites\/#\/schema\/person\/847aaec44920825b843a08f30ec6aa1e"},"headline":"Introduction de deux nouveaux dipl\u00f4mes dans la formation et l\u2019enseignement professionnel","datePublished":"2017-09-24T15:13:59+00:00","mainEntityOfPage":{"@id":"https:\/\/www.info-algerie.com\/actualites\/introduction-de-deux-nouveaux-diplomes-dans-la-formation-et-lenseignement-professionnel\/"},"wordCount":846,"commentCount":0,"publisher":{"@id":"https:\/\/www.info-algerie.com\/actualites\/#organization"},"image":{"@id":"https:\/\/www.info-algerie.com\/actualites\/introduction-de-deux-nouveaux-diplomes-dans-la-formation-et-lenseignement-professionnel\/#primaryimage"},"thumbnailUrl":"https:\/\/www.info-algerie.com\/actualites\/wp-content\/uploads\/2017\/09\/fd87bf770f36ab46dd1a3724fcfaff6f_S-1.jpg","keywords":["ONU"],"articleSection":["infos"],"inLanguage":"fr-FR","potentialAction":[{"@type":"CommentAction","name":"Comment","target":["https:\/\/www.info-algerie.com\/actualites\/introduction-de-deux-nouveaux-diplomes-dans-la-formation-et-lenseignement-professionnel\/#respond"]}]},{"@type":"WebPage","@id":"https:\/\/www.info-algerie.com\/actualites\/introduction-de-deux-nouveaux-diplomes-dans-la-formation-et-lenseignement-professionnel\/","url":"https:\/\/www.info-algerie.com\/actualites\/introduction-de-deux-nouveaux-diplomes-dans-la-formation-et-lenseignement-professionnel\/","name":"Introduction de deux nouveaux dipl\u00f4mes dans la formation et l\u2019enseignement professionnel - info algerie","isPartOf":{"@id":"https:\/\/www.info-algerie.com\/actualites\/#website"},"primaryImageOfPage":{"@id":"https:\/\/www.info-algerie.com\/actualites\/introduction-de-deux-nouveaux-diplomes-dans-la-formation-et-lenseignement-professionnel\/#primaryimage"},"image":{"@id":"https:\/\/www.info-algerie.com\/actualites\/introduction-de-deux-nouveaux-diplomes-dans-la-formation-et-lenseignement-professionnel\/#primaryimage"},"thumbnailUrl":"https:\/\/www.info-algerie.com\/actualites\/wp-content\/uploads\/2017\/09\/fd87bf770f36ab46dd1a3724fcfaff6f_S-1.jpg","datePublished":"2017-09-24T15:13:59+00:00","breadcrumb":{"@id":"https:\/\/www.info-algerie.com\/actualites\/introduction-de-deux-nouveaux-diplomes-dans-la-formation-et-lenseignement-professionnel\/#breadcrumb"},"inLanguage":"fr-FR","potentialAction":[{"@type":"ReadAction","target":["https:\/\/www.info-algerie.com\/actualites\/introduction-de-deux-nouveaux-diplomes-dans-la-formation-et-lenseignement-professionnel\/"]}]},{"@type":"ImageObject","inLanguage":"fr-FR","@id":"https:\/\/www.info-algerie.com\/actualites\/introduction-de-deux-nouveaux-diplomes-dans-la-formation-et-lenseignement-professionnel\/#primaryimage","url":"https:\/\/www.info-algerie.com\/actualites\/wp-content\/uploads\/2017\/09\/fd87bf770f36ab46dd1a3724fcfaff6f_S-1.jpg","contentUrl":"https:\/\/www.info-algerie.com\/actualites\/wp-content\/uploads\/2017\/09\/fd87bf770f36ab46dd1a3724fcfaff6f_S-1.jpg","width":280,"height":169},{"@type":"BreadcrumbList","@id":"https:\/\/www.info-algerie.com\/actualites\/introduction-de-deux-nouveaux-diplomes-dans-la-formation-et-lenseignement-professionnel\/#breadcrumb","itemListElement":[{"@type":"ListItem","position":1,"name":"Accueil","item":"https:\/\/www.info-algerie.com\/actualites\/"},{"@type":"ListItem","position":2,"name":"Introduction de deux nouveaux dipl\u00f4mes dans la formation et l\u2019enseignement professionnel"}]},{"@type":"WebSite","@id":"https:\/\/www.info-algerie.com\/actualites\/#website","url":"https:\/\/www.info-algerie.com\/actualites\/","name":"info algerie","description":"Toutes les actualit\u00e9s","publisher":{"@id":"https:\/\/www.info-algerie.com\/actualites\/#organization"},"potentialAction":[{"@type":"SearchAction","target":{"@type":"EntryPoint","urlTemplate":"https:\/\/www.info-algerie.com\/actualites\/?s={search_term_string}"},"query-input":{"@type":"PropertyValueSpecification","valueRequired":true,"valueName":"search_term_string"}}],"inLanguage":"fr-FR"},{"@type":"Organization","@id":"https:\/\/www.info-algerie.com\/actualites\/#organization","name":"info algerie","url":"https:\/\/www.info-algerie.com\/actualites\/","logo":{"@type":"ImageObject","inLanguage":"fr-FR","@id":"https:\/\/www.info-algerie.com\/actualites\/#\/schema\/logo\/image\/","url":"https:\/\/www.info-algerie.com\/actualites\/wp-content\/uploads\/2022\/07\/logo-ia-120.png","contentUrl":"https:\/\/www.info-algerie.com\/actualites\/wp-content\/uploads\/2022\/07\/logo-ia-120.png","width":120,"height":43,"caption":"info algerie"},"image":{"@id":"https:\/\/www.info-algerie.com\/actualites\/#\/schema\/logo\/image\/"},"sameAs":["https:\/\/www.facebook.com\/infoalgerieactu","https:\/\/x.com\/infoalgerie1"]},{"@type":"Person","@id":"https:\/\/www.info-algerie.com\/actualites\/#\/schema\/person\/847aaec44920825b843a08f30ec6aa1e","name":"La r\u00e9daction","image":{"@type":"ImageObject","inLanguage":"fr-FR","@id":"https:\/\/secure.gravatar.com\/avatar\/769db425c6f465158149f1ffd6cf61ce7a8a879d11dfbef8288af36dfddd418c?s=96&d=mm&r=g","url":"https:\/\/secure.gravatar.com\/avatar\/769db425c6f465158149f1ffd6cf61ce7a8a879d11dfbef8288af36dfddd418c?s=96&d=mm&r=g","contentUrl":"https:\/\/secure.gravatar.com\/avatar\/769db425c6f465158149f1ffd6cf61ce7a8a879d11dfbef8288af36dfddd418c?s=96&d=mm&r=g","caption":"La r\u00e9daction"},"sameAs":["http:\/\/www.lkeria.com\/"],"url":"https:\/\/www.info-algerie.com\/actualites\/author\/chakib32\/"}]}},"_links":{"self":[{"href":"https:\/\/www.info-algerie.com\/actualites\/wp-json\/wp\/v2\/posts\/16257","targetHints":{"allow":["GET"]}}],"collection":[{"href":"https:\/\/www.info-algerie.com\/actualites\/wp-json\/wp\/v2\/posts"}],"about":[{"href":"https:\/\/www.info-algerie.com\/actualites\/wp-json\/wp\/v2\/types\/post"}],"author":[{"embeddable":true,"href":"https:\/\/www.info-algerie.com\/actualites\/wp-json\/wp\/v2\/users\/6"}],"replies":[{"embeddable":true,"href":"https:\/\/www.info-algerie.com\/actualites\/wp-json\/wp\/v2\/comments?post=16257"}],"version-history":[{"count":0,"href":"https:\/\/www.info-algerie.com\/actualites\/wp-json\/wp\/v2\/posts\/16257\/revisions"}],"wp:featuredmedia":[{"embeddable":true,"href":"https:\/\/www.info-algerie.com\/actualites\/wp-json\/wp\/v2\/media\/16258"}],"wp:attachment":[{"href":"https:\/\/www.info-algerie.com\/actualites\/wp-json\/wp\/v2\/media?parent=16257"}],"wp:term":[{"taxonomy":"category","embeddable":true,"href":"https:\/\/www.info-algerie.com\/actualites\/wp-json\/wp\/v2\/categories?post=16257"},{"taxonomy":"post_tag","embeddable":true,"href":"https:\/\/www.info-algerie.com\/actualites\/wp-json\/wp\/v2\/tags?post=16257"}],"curies":[{"name":"wp","href":"https:\/\/api.w.org\/{rel}","templated":true}]}}