{"id":16273,"date":"2017-09-25T10:59:26","date_gmt":"2017-09-25T09:59:26","guid":{"rendered":"http:\/\/www.info-algerie.com\/actualites\/ouyahia-entame-la-presentation-du-plan-daction-du-gouvernement-devant-le-conseil-de-la-nation\/"},"modified":"2017-09-25T10:59:26","modified_gmt":"2017-09-25T09:59:26","slug":"ouyahia-entame-la-presentation-du-plan-daction-du-gouvernement-devant-le-conseil-de-la-nation","status":"publish","type":"post","link":"https:\/\/www.info-algerie.com\/actualites\/ouyahia-entame-la-presentation-du-plan-daction-du-gouvernement-devant-le-conseil-de-la-nation\/","title":{"rendered":"Ouyahia entame la pr\u00e9sentation du plan d&#039;action du\u00a0gouvernement devant le Conseil de la Nation"},"content":{"rendered":"<div class=\"K2FeedImage\"><img decoding=\"async\" src=\"https:\/\/www.info-algerie.com\/actualites\/wp-content\/uploads\/2017\/09\/d0a2438f9a95196d859fd5b7d8415cb3_S.jpg\" alt=\"Ouyahia entame la pr&#xE9;sentation du plan d'action du&#xA0;gouvernement devant le Conseil de la Nation\" \/><\/div>\n<div class=\"K2FeedIntroText\">\n<p class=\"MsoNoSpacing\">ALGER-\u00a0 Le Premier ministre, Ahmed Ouyahia a entam\u00e9 lundi la pr\u00e9sentation du <a href=\"http:\/\/www.aps.dz\/economie\/62880-plan-d-action-du-gouvernement-une-feuille-de-route-pour-la-poursuite-de-la-mise-en-oeuvre-du-programme-du-president-de-la-republique\"><strong>plan d&rsquo;action du gouvernement<\/strong><\/a> devant les membres du Conseil de la Nation avec comme objectif la concr\u00e9tisation du programme du pr\u00e9sident de la R\u00e9publique, Abdelaziz Bouteflika, ax\u00e9 sur la poursuite de la politique nationale de <a href=\"http:\/\/www.aps.dz\/algerie\/62728-plan-d-action-du-gouvernement-poursuivre-la-politique-nationale-de-developpement-social\"><strong>d\u00e9veloppement social<\/strong><\/a>.<\/p>\n<p>&#013;\n<\/p><\/div>\n<div class=\"K2FeedFullText\">&#013;<\/p>\n<p>Cette pr\u00e9sentation, en s\u00e9ance pl\u00e9ni\u00e8re, sous la pr\u00e9sidence de M. Abdelkader Bensalah, pr\u00e9sident du Conseil de la Nation, sera suivie d&rsquo;un d\u00e9bat g\u00e9n\u00e9ral qui s&rsquo;\u00e9talera jusqu&rsquo;\u00e0 mardi.La journ\u00e9e de mercredi sera consacr\u00e9e \u00e0 l&rsquo;intervention du Premier ministre qui r\u00e9pondra aux questions des membres du Conseil de la Nation.<\/p>\n<p>&#013;<\/p>\n<p>Le plan d&rsquo;action du gouvernement, <a href=\"http:\/\/www.aps.dz\/algerie\/63071-le-plan-d-action-du-gouvernement-adopte-a-la-majorite-par-l-apn\"><strong>adopt\u00e9 jeudi dernier<\/strong> <\/a>\u00e0 une large majorit\u00e9, par l&rsquo;Assembl\u00e9e populaire nationale (APN), s&rsquo;articule autour de plusieurs fondamentaux notamment la consolidation de la d\u00e9mocratie, la pr\u00e9servation des acquis sociaux et la promotion d&rsquo;une \u00e9conomie diversifi\u00e9e lib\u00e9r\u00e9e de la d\u00e9pendance aux hydrocarbures, pr\u00e9servation de la s\u00e9curit\u00e9, la stabilit\u00e9 et l&rsquo;unit\u00e9 du pays ainsi que la poursuite d&rsquo;une diplomatie dynamique.<\/p>\n<\/div>\n<p>&#013;<br \/>\nSource: <a href=\"http:\/\/www.aps.dz\/algerie\/63210-ouyahia-entame-la-presentation-du-plan-d-action-du-gouvernement-devant-le-conseil-de-la-nation\" target=\"_blank\">Ouyahia entame la pr\u00e9sentation du plan d&rsquo;action du\u00a0gouvernement devant le Conseil de la Nation<\/a><\/p>\n<!--CusAds0-->\n<div style=\"font-size: 0px; height: 0px; line-height: 0px; margin: 0; padding: 0; clear: both;\"><\/div>","protected":false},"excerpt":{"rendered":"<p>ALGER-\u00a0 Le Premier ministre, Ahmed Ouyahia a entam\u00e9 lundi la pr\u00e9sentation du plan d&rsquo;action du gouvernement devant les membres du Conseil de la Nation avec comme objectif la concr\u00e9tisation du programme du pr\u00e9sident de la R\u00e9publique, Abdelaziz Bouteflika, ax\u00e9 sur la poursuite de la politique nationale de d\u00e9veloppement social. &#013; &#013; Cette pr\u00e9sentation, en s\u00e9ance<\/p>\n","protected":false},"author":6,"featured_media":16274,"comment_status":"open","ping_status":"open","sticky":false,"template":"","format":"standard","meta":{"footnotes":""},"categories":[22],"tags":[93],"class_list":["post-16273","post","type-post","status-publish","format-standard","has-post-thumbnail","hentry","category-infos","tag-onu"],"yoast_head":"<!-- This site is optimized with the Yoast SEO plugin v27.5 - https:\/\/yoast.com\/product\/yoast-seo-wordpress\/ -->\n<title>Ouyahia entame la pr\u00e9sentation du plan d&#039;action du\u00a0gouvernement devant le Conseil de la Nation - info algerie<\/title>\n<meta name=\"robots\" content=\"index, follow, max-snippet:-1, max-image-preview:large, max-video-preview:-1\" \/>\n<link rel=\"canonical\" href=\"https:\/\/www.info-algerie.com\/actualites\/ouyahia-entame-la-presentation-du-plan-daction-du-gouvernement-devant-le-conseil-de-la-nation\/\" \/>\n<meta property=\"og:locale\" content=\"fr_FR\" \/>\n<meta property=\"og:type\" content=\"article\" \/>\n<meta property=\"og:title\" content=\"Ouyahia entame la pr\u00e9sentation du plan d&#039;action du\u00a0gouvernement devant le Conseil de la Nation - info algerie\" \/>\n<meta property=\"og:description\" content=\"ALGER-\u00a0 Le Premier ministre, Ahmed Ouyahia a entam\u00e9 lundi la pr\u00e9sentation du plan d&rsquo;action du gouvernement devant les membres du Conseil de la Nation avec comme objectif la concr\u00e9tisation du programme du pr\u00e9sident de la R\u00e9publique, Abdelaziz Bouteflika, ax\u00e9 sur la poursuite de la politique nationale de d\u00e9veloppement social. &#013; &#013; Cette pr\u00e9sentation, en s\u00e9ance\" \/>\n<meta property=\"og:url\" content=\"https:\/\/www.info-algerie.com\/actualites\/ouyahia-entame-la-presentation-du-plan-daction-du-gouvernement-devant-le-conseil-de-la-nation\/\" \/>\n<meta property=\"og:site_name\" content=\"info algerie\" \/>\n<meta property=\"article:publisher\" content=\"https:\/\/www.facebook.com\/infoalgerieactu\" \/>\n<meta property=\"article:published_time\" content=\"2017-09-25T09:59:26+00:00\" \/>\n<meta property=\"og:image\" content=\"https:\/\/www.info-algerie.com\/actualites\/wp-content\/uploads\/2017\/09\/d0a2438f9a95196d859fd5b7d8415cb3_S-1.jpg\" \/>\n\t<meta property=\"og:image:width\" content=\"280\" \/>\n\t<meta property=\"og:image:height\" content=\"254\" \/>\n\t<meta property=\"og:image:type\" content=\"image\/jpeg\" \/>\n<meta name=\"author\" content=\"La r\u00e9daction\" \/>\n<meta name=\"twitter:label1\" content=\"\u00c9crit par\" \/>\n\t<meta name=\"twitter:data1\" content=\"La r\u00e9daction\" \/>\n\t<meta name=\"twitter:label2\" content=\"Dur\u00e9e de lecture estim\u00e9e\" \/>\n\t<meta name=\"twitter:data2\" content=\"1 minute\" \/>\n<script type=\"application\/ld+json\" class=\"yoast-schema-graph\">{\"@context\":\"https:\\\/\\\/schema.org\",\"@graph\":[{\"@type\":\"Article\",\"@id\":\"https:\\\/\\\/www.info-algerie.com\\\/actualites\\\/ouyahia-entame-la-presentation-du-plan-daction-du-gouvernement-devant-le-conseil-de-la-nation\\\/#article\",\"isPartOf\":{\"@id\":\"https:\\\/\\\/www.info-algerie.com\\\/actualites\\\/ouyahia-entame-la-presentation-du-plan-daction-du-gouvernement-devant-le-conseil-de-la-nation\\\/\"},\"author\":{\"name\":\"La r\u00e9daction\",\"@id\":\"https:\\\/\\\/www.info-algerie.com\\\/actualites\\\/#\\\/schema\\\/person\\\/847aaec44920825b843a08f30ec6aa1e\"},\"headline\":\"Ouyahia entame la pr\u00e9sentation du plan d&#039;action du\u00a0gouvernement devant le Conseil de la Nation\",\"datePublished\":\"2017-09-25T09:59:26+00:00\",\"mainEntityOfPage\":{\"@id\":\"https:\\\/\\\/www.info-algerie.com\\\/actualites\\\/ouyahia-entame-la-presentation-du-plan-daction-du-gouvernement-devant-le-conseil-de-la-nation\\\/\"},\"wordCount\":229,\"commentCount\":0,\"publisher\":{\"@id\":\"https:\\\/\\\/www.info-algerie.com\\\/actualites\\\/#organization\"},\"image\":{\"@id\":\"https:\\\/\\\/www.info-algerie.com\\\/actualites\\\/ouyahia-entame-la-presentation-du-plan-daction-du-gouvernement-devant-le-conseil-de-la-nation\\\/#primaryimage\"},\"thumbnailUrl\":\"https:\\\/\\\/www.info-algerie.com\\\/actualites\\\/wp-content\\\/uploads\\\/2017\\\/09\\\/d0a2438f9a95196d859fd5b7d8415cb3_S-1.jpg\",\"keywords\":[\"ONU\"],\"articleSection\":[\"infos\"],\"inLanguage\":\"fr-FR\",\"potentialAction\":[{\"@type\":\"CommentAction\",\"name\":\"Comment\",\"target\":[\"https:\\\/\\\/www.info-algerie.com\\\/actualites\\\/ouyahia-entame-la-presentation-du-plan-daction-du-gouvernement-devant-le-conseil-de-la-nation\\\/#respond\"]}]},{\"@type\":\"WebPage\",\"@id\":\"https:\\\/\\\/www.info-algerie.com\\\/actualites\\\/ouyahia-entame-la-presentation-du-plan-daction-du-gouvernement-devant-le-conseil-de-la-nation\\\/\",\"url\":\"https:\\\/\\\/www.info-algerie.com\\\/actualites\\\/ouyahia-entame-la-presentation-du-plan-daction-du-gouvernement-devant-le-conseil-de-la-nation\\\/\",\"name\":\"Ouyahia entame la pr\u00e9sentation du plan d&#039;action du\u00a0gouvernement devant le Conseil de la Nation - info algerie\",\"isPartOf\":{\"@id\":\"https:\\\/\\\/www.info-algerie.com\\\/actualites\\\/#website\"},\"primaryImageOfPage\":{\"@id\":\"https:\\\/\\\/www.info-algerie.com\\\/actualites\\\/ouyahia-entame-la-presentation-du-plan-daction-du-gouvernement-devant-le-conseil-de-la-nation\\\/#primaryimage\"},\"image\":{\"@id\":\"https:\\\/\\\/www.info-algerie.com\\\/actualites\\\/ouyahia-entame-la-presentation-du-plan-daction-du-gouvernement-devant-le-conseil-de-la-nation\\\/#primaryimage\"},\"thumbnailUrl\":\"https:\\\/\\\/www.info-algerie.com\\\/actualites\\\/wp-content\\\/uploads\\\/2017\\\/09\\\/d0a2438f9a95196d859fd5b7d8415cb3_S-1.jpg\",\"datePublished\":\"2017-09-25T09:59:26+00:00\",\"breadcrumb\":{\"@id\":\"https:\\\/\\\/www.info-algerie.com\\\/actualites\\\/ouyahia-entame-la-presentation-du-plan-daction-du-gouvernement-devant-le-conseil-de-la-nation\\\/#breadcrumb\"},\"inLanguage\":\"fr-FR\",\"potentialAction\":[{\"@type\":\"ReadAction\",\"target\":[\"https:\\\/\\\/www.info-algerie.com\\\/actualites\\\/ouyahia-entame-la-presentation-du-plan-daction-du-gouvernement-devant-le-conseil-de-la-nation\\\/\"]}]},{\"@type\":\"ImageObject\",\"inLanguage\":\"fr-FR\",\"@id\":\"https:\\\/\\\/www.info-algerie.com\\\/actualites\\\/ouyahia-entame-la-presentation-du-plan-daction-du-gouvernement-devant-le-conseil-de-la-nation\\\/#primaryimage\",\"url\":\"https:\\\/\\\/www.info-algerie.com\\\/actualites\\\/wp-content\\\/uploads\\\/2017\\\/09\\\/d0a2438f9a95196d859fd5b7d8415cb3_S-1.jpg\",\"contentUrl\":\"https:\\\/\\\/www.info-algerie.com\\\/actualites\\\/wp-content\\\/uploads\\\/2017\\\/09\\\/d0a2438f9a95196d859fd5b7d8415cb3_S-1.jpg\",\"width\":280,\"height\":254},{\"@type\":\"BreadcrumbList\",\"@id\":\"https:\\\/\\\/www.info-algerie.com\\\/actualites\\\/ouyahia-entame-la-presentation-du-plan-daction-du-gouvernement-devant-le-conseil-de-la-nation\\\/#breadcrumb\",\"itemListElement\":[{\"@type\":\"ListItem\",\"position\":1,\"name\":\"Accueil\",\"item\":\"https:\\\/\\\/www.info-algerie.com\\\/actualites\\\/\"},{\"@type\":\"ListItem\",\"position\":2,\"name\":\"Ouyahia entame la pr\u00e9sentation du plan d&#039;action du\u00a0gouvernement devant le Conseil de la Nation\"}]},{\"@type\":\"WebSite\",\"@id\":\"https:\\\/\\\/www.info-algerie.com\\\/actualites\\\/#website\",\"url\":\"https:\\\/\\\/www.info-algerie.com\\\/actualites\\\/\",\"name\":\"info algerie\",\"description\":\"Toutes les actualit\u00e9s\",\"publisher\":{\"@id\":\"https:\\\/\\\/www.info-algerie.com\\\/actualites\\\/#organization\"},\"potentialAction\":[{\"@type\":\"SearchAction\",\"target\":{\"@type\":\"EntryPoint\",\"urlTemplate\":\"https:\\\/\\\/www.info-algerie.com\\\/actualites\\\/?s={search_term_string}\"},\"query-input\":{\"@type\":\"PropertyValueSpecification\",\"valueRequired\":true,\"valueName\":\"search_term_string\"}}],\"inLanguage\":\"fr-FR\"},{\"@type\":\"Organization\",\"@id\":\"https:\\\/\\\/www.info-algerie.com\\\/actualites\\\/#organization\",\"name\":\"info algerie\",\"url\":\"https:\\\/\\\/www.info-algerie.com\\\/actualites\\\/\",\"logo\":{\"@type\":\"ImageObject\",\"inLanguage\":\"fr-FR\",\"@id\":\"https:\\\/\\\/www.info-algerie.com\\\/actualites\\\/#\\\/schema\\\/logo\\\/image\\\/\",\"url\":\"https:\\\/\\\/www.info-algerie.com\\\/actualites\\\/wp-content\\\/uploads\\\/2022\\\/07\\\/logo-ia-120.png\",\"contentUrl\":\"https:\\\/\\\/www.info-algerie.com\\\/actualites\\\/wp-content\\\/uploads\\\/2022\\\/07\\\/logo-ia-120.png\",\"width\":120,\"height\":43,\"caption\":\"info algerie\"},\"image\":{\"@id\":\"https:\\\/\\\/www.info-algerie.com\\\/actualites\\\/#\\\/schema\\\/logo\\\/image\\\/\"},\"sameAs\":[\"https:\\\/\\\/www.facebook.com\\\/infoalgerieactu\",\"https:\\\/\\\/x.com\\\/infoalgerie1\"]},{\"@type\":\"Person\",\"@id\":\"https:\\\/\\\/www.info-algerie.com\\\/actualites\\\/#\\\/schema\\\/person\\\/847aaec44920825b843a08f30ec6aa1e\",\"name\":\"La r\u00e9daction\",\"image\":{\"@type\":\"ImageObject\",\"inLanguage\":\"fr-FR\",\"@id\":\"https:\\\/\\\/secure.gravatar.com\\\/avatar\\\/769db425c6f465158149f1ffd6cf61ce7a8a879d11dfbef8288af36dfddd418c?s=96&d=mm&r=g\",\"url\":\"https:\\\/\\\/secure.gravatar.com\\\/avatar\\\/769db425c6f465158149f1ffd6cf61ce7a8a879d11dfbef8288af36dfddd418c?s=96&d=mm&r=g\",\"contentUrl\":\"https:\\\/\\\/secure.gravatar.com\\\/avatar\\\/769db425c6f465158149f1ffd6cf61ce7a8a879d11dfbef8288af36dfddd418c?s=96&d=mm&r=g\",\"caption\":\"La r\u00e9daction\"},\"sameAs\":[\"http:\\\/\\\/www.lkeria.com\\\/\"],\"url\":\"https:\\\/\\\/www.info-algerie.com\\\/actualites\\\/author\\\/chakib32\\\/\"}]}<\/script>\n<!-- \/ Yoast SEO plugin. -->","yoast_head_json":{"title":"Ouyahia entame la pr\u00e9sentation du plan d&#039;action du\u00a0gouvernement devant le Conseil de la Nation - info algerie","robots":{"index":"index","follow":"follow","max-snippet":"max-snippet:-1","max-image-preview":"max-image-preview:large","max-video-preview":"max-video-preview:-1"},"canonical":"https:\/\/www.info-algerie.com\/actualites\/ouyahia-entame-la-presentation-du-plan-daction-du-gouvernement-devant-le-conseil-de-la-nation\/","og_locale":"fr_FR","og_type":"article","og_title":"Ouyahia entame la pr\u00e9sentation du plan d&#039;action du\u00a0gouvernement devant le Conseil de la Nation - info algerie","og_description":"ALGER-\u00a0 Le Premier ministre, Ahmed Ouyahia a entam\u00e9 lundi la pr\u00e9sentation du plan d&rsquo;action du gouvernement devant les membres du Conseil de la Nation avec comme objectif la concr\u00e9tisation du programme du pr\u00e9sident de la R\u00e9publique, Abdelaziz Bouteflika, ax\u00e9 sur la poursuite de la politique nationale de d\u00e9veloppement social. &#013; &#013; Cette pr\u00e9sentation, en s\u00e9ance","og_url":"https:\/\/www.info-algerie.com\/actualites\/ouyahia-entame-la-presentation-du-plan-daction-du-gouvernement-devant-le-conseil-de-la-nation\/","og_site_name":"info algerie","article_publisher":"https:\/\/www.facebook.com\/infoalgerieactu","article_published_time":"2017-09-25T09:59:26+00:00","og_image":[{"width":280,"height":254,"url":"https:\/\/www.info-algerie.com\/actualites\/wp-content\/uploads\/2017\/09\/d0a2438f9a95196d859fd5b7d8415cb3_S-1.jpg","type":"image\/jpeg"}],"author":"La r\u00e9daction","twitter_misc":{"\u00c9crit par":"La r\u00e9daction","Dur\u00e9e de lecture estim\u00e9e":"1 minute"},"schema":{"@context":"https:\/\/schema.org","@graph":[{"@type":"Article","@id":"https:\/\/www.info-algerie.com\/actualites\/ouyahia-entame-la-presentation-du-plan-daction-du-gouvernement-devant-le-conseil-de-la-nation\/#article","isPartOf":{"@id":"https:\/\/www.info-algerie.com\/actualites\/ouyahia-entame-la-presentation-du-plan-daction-du-gouvernement-devant-le-conseil-de-la-nation\/"},"author":{"name":"La r\u00e9daction","@id":"https:\/\/www.info-algerie.com\/actualites\/#\/schema\/person\/847aaec44920825b843a08f30ec6aa1e"},"headline":"Ouyahia entame la pr\u00e9sentation du plan d&#039;action du\u00a0gouvernement devant le Conseil de la Nation","datePublished":"2017-09-25T09:59:26+00:00","mainEntityOfPage":{"@id":"https:\/\/www.info-algerie.com\/actualites\/ouyahia-entame-la-presentation-du-plan-daction-du-gouvernement-devant-le-conseil-de-la-nation\/"},"wordCount":229,"commentCount":0,"publisher":{"@id":"https:\/\/www.info-algerie.com\/actualites\/#organization"},"image":{"@id":"https:\/\/www.info-algerie.com\/actualites\/ouyahia-entame-la-presentation-du-plan-daction-du-gouvernement-devant-le-conseil-de-la-nation\/#primaryimage"},"thumbnailUrl":"https:\/\/www.info-algerie.com\/actualites\/wp-content\/uploads\/2017\/09\/d0a2438f9a95196d859fd5b7d8415cb3_S-1.jpg","keywords":["ONU"],"articleSection":["infos"],"inLanguage":"fr-FR","potentialAction":[{"@type":"CommentAction","name":"Comment","target":["https:\/\/www.info-algerie.com\/actualites\/ouyahia-entame-la-presentation-du-plan-daction-du-gouvernement-devant-le-conseil-de-la-nation\/#respond"]}]},{"@type":"WebPage","@id":"https:\/\/www.info-algerie.com\/actualites\/ouyahia-entame-la-presentation-du-plan-daction-du-gouvernement-devant-le-conseil-de-la-nation\/","url":"https:\/\/www.info-algerie.com\/actualites\/ouyahia-entame-la-presentation-du-plan-daction-du-gouvernement-devant-le-conseil-de-la-nation\/","name":"Ouyahia entame la pr\u00e9sentation du plan d&#039;action du\u00a0gouvernement devant le Conseil de la Nation - info algerie","isPartOf":{"@id":"https:\/\/www.info-algerie.com\/actualites\/#website"},"primaryImageOfPage":{"@id":"https:\/\/www.info-algerie.com\/actualites\/ouyahia-entame-la-presentation-du-plan-daction-du-gouvernement-devant-le-conseil-de-la-nation\/#primaryimage"},"image":{"@id":"https:\/\/www.info-algerie.com\/actualites\/ouyahia-entame-la-presentation-du-plan-daction-du-gouvernement-devant-le-conseil-de-la-nation\/#primaryimage"},"thumbnailUrl":"https:\/\/www.info-algerie.com\/actualites\/wp-content\/uploads\/2017\/09\/d0a2438f9a95196d859fd5b7d8415cb3_S-1.jpg","datePublished":"2017-09-25T09:59:26+00:00","breadcrumb":{"@id":"https:\/\/www.info-algerie.com\/actualites\/ouyahia-entame-la-presentation-du-plan-daction-du-gouvernement-devant-le-conseil-de-la-nation\/#breadcrumb"},"inLanguage":"fr-FR","potentialAction":[{"@type":"ReadAction","target":["https:\/\/www.info-algerie.com\/actualites\/ouyahia-entame-la-presentation-du-plan-daction-du-gouvernement-devant-le-conseil-de-la-nation\/"]}]},{"@type":"ImageObject","inLanguage":"fr-FR","@id":"https:\/\/www.info-algerie.com\/actualites\/ouyahia-entame-la-presentation-du-plan-daction-du-gouvernement-devant-le-conseil-de-la-nation\/#primaryimage","url":"https:\/\/www.info-algerie.com\/actualites\/wp-content\/uploads\/2017\/09\/d0a2438f9a95196d859fd5b7d8415cb3_S-1.jpg","contentUrl":"https:\/\/www.info-algerie.com\/actualites\/wp-content\/uploads\/2017\/09\/d0a2438f9a95196d859fd5b7d8415cb3_S-1.jpg","width":280,"height":254},{"@type":"BreadcrumbList","@id":"https:\/\/www.info-algerie.com\/actualites\/ouyahia-entame-la-presentation-du-plan-daction-du-gouvernement-devant-le-conseil-de-la-nation\/#breadcrumb","itemListElement":[{"@type":"ListItem","position":1,"name":"Accueil","item":"https:\/\/www.info-algerie.com\/actualites\/"},{"@type":"ListItem","position":2,"name":"Ouyahia entame la pr\u00e9sentation du plan d&#039;action du\u00a0gouvernement devant le Conseil de la Nation"}]},{"@type":"WebSite","@id":"https:\/\/www.info-algerie.com\/actualites\/#website","url":"https:\/\/www.info-algerie.com\/actualites\/","name":"info algerie","description":"Toutes les actualit\u00e9s","publisher":{"@id":"https:\/\/www.info-algerie.com\/actualites\/#organization"},"potentialAction":[{"@type":"SearchAction","target":{"@type":"EntryPoint","urlTemplate":"https:\/\/www.info-algerie.com\/actualites\/?s={search_term_string}"},"query-input":{"@type":"PropertyValueSpecification","valueRequired":true,"valueName":"search_term_string"}}],"inLanguage":"fr-FR"},{"@type":"Organization","@id":"https:\/\/www.info-algerie.com\/actualites\/#organization","name":"info algerie","url":"https:\/\/www.info-algerie.com\/actualites\/","logo":{"@type":"ImageObject","inLanguage":"fr-FR","@id":"https:\/\/www.info-algerie.com\/actualites\/#\/schema\/logo\/image\/","url":"https:\/\/www.info-algerie.com\/actualites\/wp-content\/uploads\/2022\/07\/logo-ia-120.png","contentUrl":"https:\/\/www.info-algerie.com\/actualites\/wp-content\/uploads\/2022\/07\/logo-ia-120.png","width":120,"height":43,"caption":"info algerie"},"image":{"@id":"https:\/\/www.info-algerie.com\/actualites\/#\/schema\/logo\/image\/"},"sameAs":["https:\/\/www.facebook.com\/infoalgerieactu","https:\/\/x.com\/infoalgerie1"]},{"@type":"Person","@id":"https:\/\/www.info-algerie.com\/actualites\/#\/schema\/person\/847aaec44920825b843a08f30ec6aa1e","name":"La r\u00e9daction","image":{"@type":"ImageObject","inLanguage":"fr-FR","@id":"https:\/\/secure.gravatar.com\/avatar\/769db425c6f465158149f1ffd6cf61ce7a8a879d11dfbef8288af36dfddd418c?s=96&d=mm&r=g","url":"https:\/\/secure.gravatar.com\/avatar\/769db425c6f465158149f1ffd6cf61ce7a8a879d11dfbef8288af36dfddd418c?s=96&d=mm&r=g","contentUrl":"https:\/\/secure.gravatar.com\/avatar\/769db425c6f465158149f1ffd6cf61ce7a8a879d11dfbef8288af36dfddd418c?s=96&d=mm&r=g","caption":"La r\u00e9daction"},"sameAs":["http:\/\/www.lkeria.com\/"],"url":"https:\/\/www.info-algerie.com\/actualites\/author\/chakib32\/"}]}},"_links":{"self":[{"href":"https:\/\/www.info-algerie.com\/actualites\/wp-json\/wp\/v2\/posts\/16273","targetHints":{"allow":["GET"]}}],"collection":[{"href":"https:\/\/www.info-algerie.com\/actualites\/wp-json\/wp\/v2\/posts"}],"about":[{"href":"https:\/\/www.info-algerie.com\/actualites\/wp-json\/wp\/v2\/types\/post"}],"author":[{"embeddable":true,"href":"https:\/\/www.info-algerie.com\/actualites\/wp-json\/wp\/v2\/users\/6"}],"replies":[{"embeddable":true,"href":"https:\/\/www.info-algerie.com\/actualites\/wp-json\/wp\/v2\/comments?post=16273"}],"version-history":[{"count":0,"href":"https:\/\/www.info-algerie.com\/actualites\/wp-json\/wp\/v2\/posts\/16273\/revisions"}],"wp:featuredmedia":[{"embeddable":true,"href":"https:\/\/www.info-algerie.com\/actualites\/wp-json\/wp\/v2\/media\/16274"}],"wp:attachment":[{"href":"https:\/\/www.info-algerie.com\/actualites\/wp-json\/wp\/v2\/media?parent=16273"}],"wp:term":[{"taxonomy":"category","embeddable":true,"href":"https:\/\/www.info-algerie.com\/actualites\/wp-json\/wp\/v2\/categories?post=16273"},{"taxonomy":"post_tag","embeddable":true,"href":"https:\/\/www.info-algerie.com\/actualites\/wp-json\/wp\/v2\/tags?post=16273"}],"curies":[{"name":"wp","href":"https:\/\/api.w.org\/{rel}","templated":true}]}}