{"id":16276,"date":"2017-09-25T10:50:28","date_gmt":"2017-09-25T09:50:28","guid":{"rendered":"http:\/\/www.info-algerie.com\/actualites\/bouhadja-representera-le-president-bouteflika-a-la-ceremonie-dinvestiture-du-nouveau-president-elu-de-langola\/"},"modified":"2017-09-25T10:50:28","modified_gmt":"2017-09-25T09:50:28","slug":"bouhadja-representera-le-president-bouteflika-a-la-ceremonie-dinvestiture-du-nouveau-president-elu-de-langola","status":"publish","type":"post","link":"https:\/\/www.info-algerie.com\/actualites\/bouhadja-representera-le-president-bouteflika-a-la-ceremonie-dinvestiture-du-nouveau-president-elu-de-langola\/","title":{"rendered":"Bouhadja repr\u00e9sentera le pr\u00e9sident Bouteflika \u00e0 la c\u00e9r\u00e9monie d&#039;investiture du nouveau pr\u00e9sident \u00e9lu de l&#039;Angola"},"content":{"rendered":"<div class=\"K2FeedImage\"><img decoding=\"async\" src=\"https:\/\/www.info-algerie.com\/actualites\/wp-content\/uploads\/2017\/09\/b4d080303aaf5dca6f1edf8e4860675d_S.jpg\" alt=\"Bouhadja repr&#xE9;sentera le pr&#xE9;sident Bouteflika &#xE0; la c&#xE9;r&#xE9;monie d'investiture du nouveau pr&#xE9;sident &#xE9;lu de l'Angola\" \/><\/div>\n<div class=\"K2FeedIntroText\">\n<p>ALGER-Le pr\u00e9sident de la R\u00e9publique, Abdelaziz Bouteflika, a d\u00e9sign\u00e9 le pr\u00e9sident de l&rsquo;Assembl\u00e9e populaire nationale (APN), Sa\u00efd Bouhadja, pour le repr\u00e9senter \u00e0 la c\u00e9r\u00e9monie d&rsquo;investiture du nouveau pr\u00e9sident \u00e9lu de l&rsquo;Angola, Manuel Gon\u00e7ales Louren\u00e7o, qui aura lieu mardi \u00e0 Luanda, indique lundi un communiqu\u00e9 de la pr\u00e9sidence de la R\u00e9publique.<\/p>\n<p>&#013;\n<\/p><\/div>\n<div class=\"K2FeedFullText\">&#013;<\/p>\n<p>\u00ab\u00a0En r\u00e9ponse \u00e0 l&rsquo;invitation qu&rsquo;il a re\u00e7ue du pr\u00e9sident de la R\u00e9publique d&rsquo;Angola, son excellence Monsieur le pr\u00e9sident de la R\u00e9publique, Abdelaziz Bouteflika, a d\u00e9sign\u00e9 Monsieur Sa\u00efd Bouhadja, pr\u00e9sident de l&rsquo;Assembl\u00e9e populaire nationale, pour le repr\u00e9senter \u00e0 la c\u00e9r\u00e9monie d&rsquo;investiture du nouveau pr\u00e9sident \u00e9lu, M. Manuel Gon\u00e7ales Louren\u00e7o, qui aura lieu le 26 septembre 2017 \u00e0 Luanda\u00a0\u00bb, pr\u00e9cise la m\u00eame source.\u00a0M. Bouhadja sera accompagn\u00e9 \u00e0 cette occasion par le ministre des Moudjahidine, ajoute le communiqu\u00e9.<\/p>\n<\/div>\n<p>&#013;<br \/>\nSource: <a href=\"http:\/\/www.aps.dz\/algerie\/63209-bouhadja-representera-le-president-bouteflika-a-la-ceremonie-d-investiture-du-nouveau-president-elu-de-l-angola\" target=\"_blank\">Bouhadja repr\u00e9sentera le pr\u00e9sident Bouteflika \u00e0 la c\u00e9r\u00e9monie d&rsquo;investiture du nouveau pr\u00e9sident \u00e9lu de l&rsquo;Angola<\/a><\/p>\n<!--CusAds0-->\n<div style=\"font-size: 0px; height: 0px; line-height: 0px; margin: 0; padding: 0; clear: both;\"><\/div>","protected":false},"excerpt":{"rendered":"<p>ALGER-Le pr\u00e9sident de la R\u00e9publique, Abdelaziz Bouteflika, a d\u00e9sign\u00e9 le pr\u00e9sident de l&rsquo;Assembl\u00e9e populaire nationale (APN), Sa\u00efd Bouhadja, pour le repr\u00e9senter \u00e0 la c\u00e9r\u00e9monie d&rsquo;investiture du nouveau pr\u00e9sident \u00e9lu de l&rsquo;Angola, Manuel Gon\u00e7ales Louren\u00e7o, qui aura lieu mardi \u00e0 Luanda, indique lundi un communiqu\u00e9 de la pr\u00e9sidence de la R\u00e9publique. &#013; &#013; \u00ab\u00a0En r\u00e9ponse \u00e0<\/p>\n","protected":false},"author":6,"featured_media":16277,"comment_status":"open","ping_status":"open","sticky":false,"template":"","format":"standard","meta":{"footnotes":""},"categories":[22],"tags":[93],"class_list":["post-16276","post","type-post","status-publish","format-standard","has-post-thumbnail","hentry","category-infos","tag-onu"],"yoast_head":"<!-- This site is optimized with the Yoast SEO plugin v27.5 - https:\/\/yoast.com\/product\/yoast-seo-wordpress\/ -->\n<title>Bouhadja repr\u00e9sentera le pr\u00e9sident Bouteflika \u00e0 la c\u00e9r\u00e9monie d&#039;investiture du nouveau pr\u00e9sident \u00e9lu de l&#039;Angola - info algerie<\/title>\n<meta name=\"robots\" content=\"index, follow, max-snippet:-1, max-image-preview:large, max-video-preview:-1\" \/>\n<link rel=\"canonical\" href=\"https:\/\/www.info-algerie.com\/actualites\/bouhadja-representera-le-president-bouteflika-a-la-ceremonie-dinvestiture-du-nouveau-president-elu-de-langola\/\" \/>\n<meta property=\"og:locale\" content=\"fr_FR\" \/>\n<meta property=\"og:type\" content=\"article\" \/>\n<meta property=\"og:title\" content=\"Bouhadja repr\u00e9sentera le pr\u00e9sident Bouteflika \u00e0 la c\u00e9r\u00e9monie d&#039;investiture du nouveau pr\u00e9sident \u00e9lu de l&#039;Angola - info algerie\" \/>\n<meta property=\"og:description\" content=\"ALGER-Le pr\u00e9sident de la R\u00e9publique, Abdelaziz Bouteflika, a d\u00e9sign\u00e9 le pr\u00e9sident de l&rsquo;Assembl\u00e9e populaire nationale (APN), Sa\u00efd Bouhadja, pour le repr\u00e9senter \u00e0 la c\u00e9r\u00e9monie d&rsquo;investiture du nouveau pr\u00e9sident \u00e9lu de l&rsquo;Angola, Manuel Gon\u00e7ales Louren\u00e7o, qui aura lieu mardi \u00e0 Luanda, indique lundi un communiqu\u00e9 de la pr\u00e9sidence de la R\u00e9publique. &#013; &#013; \u00ab\u00a0En r\u00e9ponse \u00e0\" \/>\n<meta property=\"og:url\" content=\"https:\/\/www.info-algerie.com\/actualites\/bouhadja-representera-le-president-bouteflika-a-la-ceremonie-dinvestiture-du-nouveau-president-elu-de-langola\/\" \/>\n<meta property=\"og:site_name\" content=\"info algerie\" \/>\n<meta property=\"article:publisher\" content=\"https:\/\/www.facebook.com\/infoalgerieactu\" \/>\n<meta property=\"article:published_time\" content=\"2017-09-25T09:50:28+00:00\" \/>\n<meta property=\"og:image\" content=\"https:\/\/www.info-algerie.com\/actualites\/wp-content\/uploads\/2017\/09\/b4d080303aaf5dca6f1edf8e4860675d_S-1.jpg\" \/>\n\t<meta property=\"og:image:width\" content=\"280\" \/>\n\t<meta property=\"og:image:height\" content=\"169\" \/>\n\t<meta property=\"og:image:type\" content=\"image\/jpeg\" \/>\n<meta name=\"author\" content=\"La r\u00e9daction\" \/>\n<meta name=\"twitter:label1\" content=\"\u00c9crit par\" \/>\n\t<meta name=\"twitter:data1\" content=\"La r\u00e9daction\" \/>\n\t<meta name=\"twitter:label2\" content=\"Dur\u00e9e de lecture estim\u00e9e\" \/>\n\t<meta name=\"twitter:data2\" content=\"1 minute\" \/>\n<script type=\"application\/ld+json\" class=\"yoast-schema-graph\">{\"@context\":\"https:\\\/\\\/schema.org\",\"@graph\":[{\"@type\":\"Article\",\"@id\":\"https:\\\/\\\/www.info-algerie.com\\\/actualites\\\/bouhadja-representera-le-president-bouteflika-a-la-ceremonie-dinvestiture-du-nouveau-president-elu-de-langola\\\/#article\",\"isPartOf\":{\"@id\":\"https:\\\/\\\/www.info-algerie.com\\\/actualites\\\/bouhadja-representera-le-president-bouteflika-a-la-ceremonie-dinvestiture-du-nouveau-president-elu-de-langola\\\/\"},\"author\":{\"name\":\"La r\u00e9daction\",\"@id\":\"https:\\\/\\\/www.info-algerie.com\\\/actualites\\\/#\\\/schema\\\/person\\\/847aaec44920825b843a08f30ec6aa1e\"},\"headline\":\"Bouhadja repr\u00e9sentera le pr\u00e9sident Bouteflika \u00e0 la c\u00e9r\u00e9monie d&#039;investiture du nouveau pr\u00e9sident \u00e9lu de l&#039;Angola\",\"datePublished\":\"2017-09-25T09:50:28+00:00\",\"mainEntityOfPage\":{\"@id\":\"https:\\\/\\\/www.info-algerie.com\\\/actualites\\\/bouhadja-representera-le-president-bouteflika-a-la-ceremonie-dinvestiture-du-nouveau-president-elu-de-langola\\\/\"},\"wordCount\":201,\"commentCount\":0,\"publisher\":{\"@id\":\"https:\\\/\\\/www.info-algerie.com\\\/actualites\\\/#organization\"},\"image\":{\"@id\":\"https:\\\/\\\/www.info-algerie.com\\\/actualites\\\/bouhadja-representera-le-president-bouteflika-a-la-ceremonie-dinvestiture-du-nouveau-president-elu-de-langola\\\/#primaryimage\"},\"thumbnailUrl\":\"https:\\\/\\\/www.info-algerie.com\\\/actualites\\\/wp-content\\\/uploads\\\/2017\\\/09\\\/b4d080303aaf5dca6f1edf8e4860675d_S-1.jpg\",\"keywords\":[\"ONU\"],\"articleSection\":[\"infos\"],\"inLanguage\":\"fr-FR\",\"potentialAction\":[{\"@type\":\"CommentAction\",\"name\":\"Comment\",\"target\":[\"https:\\\/\\\/www.info-algerie.com\\\/actualites\\\/bouhadja-representera-le-president-bouteflika-a-la-ceremonie-dinvestiture-du-nouveau-president-elu-de-langola\\\/#respond\"]}]},{\"@type\":\"WebPage\",\"@id\":\"https:\\\/\\\/www.info-algerie.com\\\/actualites\\\/bouhadja-representera-le-president-bouteflika-a-la-ceremonie-dinvestiture-du-nouveau-president-elu-de-langola\\\/\",\"url\":\"https:\\\/\\\/www.info-algerie.com\\\/actualites\\\/bouhadja-representera-le-president-bouteflika-a-la-ceremonie-dinvestiture-du-nouveau-president-elu-de-langola\\\/\",\"name\":\"Bouhadja repr\u00e9sentera le pr\u00e9sident Bouteflika \u00e0 la c\u00e9r\u00e9monie d&#039;investiture du nouveau pr\u00e9sident \u00e9lu de l&#039;Angola - info algerie\",\"isPartOf\":{\"@id\":\"https:\\\/\\\/www.info-algerie.com\\\/actualites\\\/#website\"},\"primaryImageOfPage\":{\"@id\":\"https:\\\/\\\/www.info-algerie.com\\\/actualites\\\/bouhadja-representera-le-president-bouteflika-a-la-ceremonie-dinvestiture-du-nouveau-president-elu-de-langola\\\/#primaryimage\"},\"image\":{\"@id\":\"https:\\\/\\\/www.info-algerie.com\\\/actualites\\\/bouhadja-representera-le-president-bouteflika-a-la-ceremonie-dinvestiture-du-nouveau-president-elu-de-langola\\\/#primaryimage\"},\"thumbnailUrl\":\"https:\\\/\\\/www.info-algerie.com\\\/actualites\\\/wp-content\\\/uploads\\\/2017\\\/09\\\/b4d080303aaf5dca6f1edf8e4860675d_S-1.jpg\",\"datePublished\":\"2017-09-25T09:50:28+00:00\",\"breadcrumb\":{\"@id\":\"https:\\\/\\\/www.info-algerie.com\\\/actualites\\\/bouhadja-representera-le-president-bouteflika-a-la-ceremonie-dinvestiture-du-nouveau-president-elu-de-langola\\\/#breadcrumb\"},\"inLanguage\":\"fr-FR\",\"potentialAction\":[{\"@type\":\"ReadAction\",\"target\":[\"https:\\\/\\\/www.info-algerie.com\\\/actualites\\\/bouhadja-representera-le-president-bouteflika-a-la-ceremonie-dinvestiture-du-nouveau-president-elu-de-langola\\\/\"]}]},{\"@type\":\"ImageObject\",\"inLanguage\":\"fr-FR\",\"@id\":\"https:\\\/\\\/www.info-algerie.com\\\/actualites\\\/bouhadja-representera-le-president-bouteflika-a-la-ceremonie-dinvestiture-du-nouveau-president-elu-de-langola\\\/#primaryimage\",\"url\":\"https:\\\/\\\/www.info-algerie.com\\\/actualites\\\/wp-content\\\/uploads\\\/2017\\\/09\\\/b4d080303aaf5dca6f1edf8e4860675d_S-1.jpg\",\"contentUrl\":\"https:\\\/\\\/www.info-algerie.com\\\/actualites\\\/wp-content\\\/uploads\\\/2017\\\/09\\\/b4d080303aaf5dca6f1edf8e4860675d_S-1.jpg\",\"width\":280,\"height\":169},{\"@type\":\"BreadcrumbList\",\"@id\":\"https:\\\/\\\/www.info-algerie.com\\\/actualites\\\/bouhadja-representera-le-president-bouteflika-a-la-ceremonie-dinvestiture-du-nouveau-president-elu-de-langola\\\/#breadcrumb\",\"itemListElement\":[{\"@type\":\"ListItem\",\"position\":1,\"name\":\"Accueil\",\"item\":\"https:\\\/\\\/www.info-algerie.com\\\/actualites\\\/\"},{\"@type\":\"ListItem\",\"position\":2,\"name\":\"Bouhadja repr\u00e9sentera le pr\u00e9sident Bouteflika \u00e0 la c\u00e9r\u00e9monie d&#039;investiture du nouveau pr\u00e9sident \u00e9lu de l&#039;Angola\"}]},{\"@type\":\"WebSite\",\"@id\":\"https:\\\/\\\/www.info-algerie.com\\\/actualites\\\/#website\",\"url\":\"https:\\\/\\\/www.info-algerie.com\\\/actualites\\\/\",\"name\":\"info algerie\",\"description\":\"Toutes les actualit\u00e9s\",\"publisher\":{\"@id\":\"https:\\\/\\\/www.info-algerie.com\\\/actualites\\\/#organization\"},\"potentialAction\":[{\"@type\":\"SearchAction\",\"target\":{\"@type\":\"EntryPoint\",\"urlTemplate\":\"https:\\\/\\\/www.info-algerie.com\\\/actualites\\\/?s={search_term_string}\"},\"query-input\":{\"@type\":\"PropertyValueSpecification\",\"valueRequired\":true,\"valueName\":\"search_term_string\"}}],\"inLanguage\":\"fr-FR\"},{\"@type\":\"Organization\",\"@id\":\"https:\\\/\\\/www.info-algerie.com\\\/actualites\\\/#organization\",\"name\":\"info algerie\",\"url\":\"https:\\\/\\\/www.info-algerie.com\\\/actualites\\\/\",\"logo\":{\"@type\":\"ImageObject\",\"inLanguage\":\"fr-FR\",\"@id\":\"https:\\\/\\\/www.info-algerie.com\\\/actualites\\\/#\\\/schema\\\/logo\\\/image\\\/\",\"url\":\"https:\\\/\\\/www.info-algerie.com\\\/actualites\\\/wp-content\\\/uploads\\\/2022\\\/07\\\/logo-ia-120.png\",\"contentUrl\":\"https:\\\/\\\/www.info-algerie.com\\\/actualites\\\/wp-content\\\/uploads\\\/2022\\\/07\\\/logo-ia-120.png\",\"width\":120,\"height\":43,\"caption\":\"info algerie\"},\"image\":{\"@id\":\"https:\\\/\\\/www.info-algerie.com\\\/actualites\\\/#\\\/schema\\\/logo\\\/image\\\/\"},\"sameAs\":[\"https:\\\/\\\/www.facebook.com\\\/infoalgerieactu\",\"https:\\\/\\\/x.com\\\/infoalgerie1\"]},{\"@type\":\"Person\",\"@id\":\"https:\\\/\\\/www.info-algerie.com\\\/actualites\\\/#\\\/schema\\\/person\\\/847aaec44920825b843a08f30ec6aa1e\",\"name\":\"La r\u00e9daction\",\"image\":{\"@type\":\"ImageObject\",\"inLanguage\":\"fr-FR\",\"@id\":\"https:\\\/\\\/secure.gravatar.com\\\/avatar\\\/769db425c6f465158149f1ffd6cf61ce7a8a879d11dfbef8288af36dfddd418c?s=96&d=mm&r=g\",\"url\":\"https:\\\/\\\/secure.gravatar.com\\\/avatar\\\/769db425c6f465158149f1ffd6cf61ce7a8a879d11dfbef8288af36dfddd418c?s=96&d=mm&r=g\",\"contentUrl\":\"https:\\\/\\\/secure.gravatar.com\\\/avatar\\\/769db425c6f465158149f1ffd6cf61ce7a8a879d11dfbef8288af36dfddd418c?s=96&d=mm&r=g\",\"caption\":\"La r\u00e9daction\"},\"sameAs\":[\"http:\\\/\\\/www.lkeria.com\\\/\"],\"url\":\"https:\\\/\\\/www.info-algerie.com\\\/actualites\\\/author\\\/chakib32\\\/\"}]}<\/script>\n<!-- \/ Yoast SEO plugin. -->","yoast_head_json":{"title":"Bouhadja repr\u00e9sentera le pr\u00e9sident Bouteflika \u00e0 la c\u00e9r\u00e9monie d&#039;investiture du nouveau pr\u00e9sident \u00e9lu de l&#039;Angola - info algerie","robots":{"index":"index","follow":"follow","max-snippet":"max-snippet:-1","max-image-preview":"max-image-preview:large","max-video-preview":"max-video-preview:-1"},"canonical":"https:\/\/www.info-algerie.com\/actualites\/bouhadja-representera-le-president-bouteflika-a-la-ceremonie-dinvestiture-du-nouveau-president-elu-de-langola\/","og_locale":"fr_FR","og_type":"article","og_title":"Bouhadja repr\u00e9sentera le pr\u00e9sident Bouteflika \u00e0 la c\u00e9r\u00e9monie d&#039;investiture du nouveau pr\u00e9sident \u00e9lu de l&#039;Angola - info algerie","og_description":"ALGER-Le pr\u00e9sident de la R\u00e9publique, Abdelaziz Bouteflika, a d\u00e9sign\u00e9 le pr\u00e9sident de l&rsquo;Assembl\u00e9e populaire nationale (APN), Sa\u00efd Bouhadja, pour le repr\u00e9senter \u00e0 la c\u00e9r\u00e9monie d&rsquo;investiture du nouveau pr\u00e9sident \u00e9lu de l&rsquo;Angola, Manuel Gon\u00e7ales Louren\u00e7o, qui aura lieu mardi \u00e0 Luanda, indique lundi un communiqu\u00e9 de la pr\u00e9sidence de la R\u00e9publique. &#013; &#013; \u00ab\u00a0En r\u00e9ponse \u00e0","og_url":"https:\/\/www.info-algerie.com\/actualites\/bouhadja-representera-le-president-bouteflika-a-la-ceremonie-dinvestiture-du-nouveau-president-elu-de-langola\/","og_site_name":"info algerie","article_publisher":"https:\/\/www.facebook.com\/infoalgerieactu","article_published_time":"2017-09-25T09:50:28+00:00","og_image":[{"width":280,"height":169,"url":"https:\/\/www.info-algerie.com\/actualites\/wp-content\/uploads\/2017\/09\/b4d080303aaf5dca6f1edf8e4860675d_S-1.jpg","type":"image\/jpeg"}],"author":"La r\u00e9daction","twitter_misc":{"\u00c9crit par":"La r\u00e9daction","Dur\u00e9e de lecture estim\u00e9e":"1 minute"},"schema":{"@context":"https:\/\/schema.org","@graph":[{"@type":"Article","@id":"https:\/\/www.info-algerie.com\/actualites\/bouhadja-representera-le-president-bouteflika-a-la-ceremonie-dinvestiture-du-nouveau-president-elu-de-langola\/#article","isPartOf":{"@id":"https:\/\/www.info-algerie.com\/actualites\/bouhadja-representera-le-president-bouteflika-a-la-ceremonie-dinvestiture-du-nouveau-president-elu-de-langola\/"},"author":{"name":"La r\u00e9daction","@id":"https:\/\/www.info-algerie.com\/actualites\/#\/schema\/person\/847aaec44920825b843a08f30ec6aa1e"},"headline":"Bouhadja repr\u00e9sentera le pr\u00e9sident Bouteflika \u00e0 la c\u00e9r\u00e9monie d&#039;investiture du nouveau pr\u00e9sident \u00e9lu de l&#039;Angola","datePublished":"2017-09-25T09:50:28+00:00","mainEntityOfPage":{"@id":"https:\/\/www.info-algerie.com\/actualites\/bouhadja-representera-le-president-bouteflika-a-la-ceremonie-dinvestiture-du-nouveau-president-elu-de-langola\/"},"wordCount":201,"commentCount":0,"publisher":{"@id":"https:\/\/www.info-algerie.com\/actualites\/#organization"},"image":{"@id":"https:\/\/www.info-algerie.com\/actualites\/bouhadja-representera-le-president-bouteflika-a-la-ceremonie-dinvestiture-du-nouveau-president-elu-de-langola\/#primaryimage"},"thumbnailUrl":"https:\/\/www.info-algerie.com\/actualites\/wp-content\/uploads\/2017\/09\/b4d080303aaf5dca6f1edf8e4860675d_S-1.jpg","keywords":["ONU"],"articleSection":["infos"],"inLanguage":"fr-FR","potentialAction":[{"@type":"CommentAction","name":"Comment","target":["https:\/\/www.info-algerie.com\/actualites\/bouhadja-representera-le-president-bouteflika-a-la-ceremonie-dinvestiture-du-nouveau-president-elu-de-langola\/#respond"]}]},{"@type":"WebPage","@id":"https:\/\/www.info-algerie.com\/actualites\/bouhadja-representera-le-president-bouteflika-a-la-ceremonie-dinvestiture-du-nouveau-president-elu-de-langola\/","url":"https:\/\/www.info-algerie.com\/actualites\/bouhadja-representera-le-president-bouteflika-a-la-ceremonie-dinvestiture-du-nouveau-president-elu-de-langola\/","name":"Bouhadja repr\u00e9sentera le pr\u00e9sident Bouteflika \u00e0 la c\u00e9r\u00e9monie d&#039;investiture du nouveau pr\u00e9sident \u00e9lu de l&#039;Angola - info algerie","isPartOf":{"@id":"https:\/\/www.info-algerie.com\/actualites\/#website"},"primaryImageOfPage":{"@id":"https:\/\/www.info-algerie.com\/actualites\/bouhadja-representera-le-president-bouteflika-a-la-ceremonie-dinvestiture-du-nouveau-president-elu-de-langola\/#primaryimage"},"image":{"@id":"https:\/\/www.info-algerie.com\/actualites\/bouhadja-representera-le-president-bouteflika-a-la-ceremonie-dinvestiture-du-nouveau-president-elu-de-langola\/#primaryimage"},"thumbnailUrl":"https:\/\/www.info-algerie.com\/actualites\/wp-content\/uploads\/2017\/09\/b4d080303aaf5dca6f1edf8e4860675d_S-1.jpg","datePublished":"2017-09-25T09:50:28+00:00","breadcrumb":{"@id":"https:\/\/www.info-algerie.com\/actualites\/bouhadja-representera-le-president-bouteflika-a-la-ceremonie-dinvestiture-du-nouveau-president-elu-de-langola\/#breadcrumb"},"inLanguage":"fr-FR","potentialAction":[{"@type":"ReadAction","target":["https:\/\/www.info-algerie.com\/actualites\/bouhadja-representera-le-president-bouteflika-a-la-ceremonie-dinvestiture-du-nouveau-president-elu-de-langola\/"]}]},{"@type":"ImageObject","inLanguage":"fr-FR","@id":"https:\/\/www.info-algerie.com\/actualites\/bouhadja-representera-le-president-bouteflika-a-la-ceremonie-dinvestiture-du-nouveau-president-elu-de-langola\/#primaryimage","url":"https:\/\/www.info-algerie.com\/actualites\/wp-content\/uploads\/2017\/09\/b4d080303aaf5dca6f1edf8e4860675d_S-1.jpg","contentUrl":"https:\/\/www.info-algerie.com\/actualites\/wp-content\/uploads\/2017\/09\/b4d080303aaf5dca6f1edf8e4860675d_S-1.jpg","width":280,"height":169},{"@type":"BreadcrumbList","@id":"https:\/\/www.info-algerie.com\/actualites\/bouhadja-representera-le-president-bouteflika-a-la-ceremonie-dinvestiture-du-nouveau-president-elu-de-langola\/#breadcrumb","itemListElement":[{"@type":"ListItem","position":1,"name":"Accueil","item":"https:\/\/www.info-algerie.com\/actualites\/"},{"@type":"ListItem","position":2,"name":"Bouhadja repr\u00e9sentera le pr\u00e9sident Bouteflika \u00e0 la c\u00e9r\u00e9monie d&#039;investiture du nouveau pr\u00e9sident \u00e9lu de l&#039;Angola"}]},{"@type":"WebSite","@id":"https:\/\/www.info-algerie.com\/actualites\/#website","url":"https:\/\/www.info-algerie.com\/actualites\/","name":"info algerie","description":"Toutes les actualit\u00e9s","publisher":{"@id":"https:\/\/www.info-algerie.com\/actualites\/#organization"},"potentialAction":[{"@type":"SearchAction","target":{"@type":"EntryPoint","urlTemplate":"https:\/\/www.info-algerie.com\/actualites\/?s={search_term_string}"},"query-input":{"@type":"PropertyValueSpecification","valueRequired":true,"valueName":"search_term_string"}}],"inLanguage":"fr-FR"},{"@type":"Organization","@id":"https:\/\/www.info-algerie.com\/actualites\/#organization","name":"info algerie","url":"https:\/\/www.info-algerie.com\/actualites\/","logo":{"@type":"ImageObject","inLanguage":"fr-FR","@id":"https:\/\/www.info-algerie.com\/actualites\/#\/schema\/logo\/image\/","url":"https:\/\/www.info-algerie.com\/actualites\/wp-content\/uploads\/2022\/07\/logo-ia-120.png","contentUrl":"https:\/\/www.info-algerie.com\/actualites\/wp-content\/uploads\/2022\/07\/logo-ia-120.png","width":120,"height":43,"caption":"info algerie"},"image":{"@id":"https:\/\/www.info-algerie.com\/actualites\/#\/schema\/logo\/image\/"},"sameAs":["https:\/\/www.facebook.com\/infoalgerieactu","https:\/\/x.com\/infoalgerie1"]},{"@type":"Person","@id":"https:\/\/www.info-algerie.com\/actualites\/#\/schema\/person\/847aaec44920825b843a08f30ec6aa1e","name":"La r\u00e9daction","image":{"@type":"ImageObject","inLanguage":"fr-FR","@id":"https:\/\/secure.gravatar.com\/avatar\/769db425c6f465158149f1ffd6cf61ce7a8a879d11dfbef8288af36dfddd418c?s=96&d=mm&r=g","url":"https:\/\/secure.gravatar.com\/avatar\/769db425c6f465158149f1ffd6cf61ce7a8a879d11dfbef8288af36dfddd418c?s=96&d=mm&r=g","contentUrl":"https:\/\/secure.gravatar.com\/avatar\/769db425c6f465158149f1ffd6cf61ce7a8a879d11dfbef8288af36dfddd418c?s=96&d=mm&r=g","caption":"La r\u00e9daction"},"sameAs":["http:\/\/www.lkeria.com\/"],"url":"https:\/\/www.info-algerie.com\/actualites\/author\/chakib32\/"}]}},"_links":{"self":[{"href":"https:\/\/www.info-algerie.com\/actualites\/wp-json\/wp\/v2\/posts\/16276","targetHints":{"allow":["GET"]}}],"collection":[{"href":"https:\/\/www.info-algerie.com\/actualites\/wp-json\/wp\/v2\/posts"}],"about":[{"href":"https:\/\/www.info-algerie.com\/actualites\/wp-json\/wp\/v2\/types\/post"}],"author":[{"embeddable":true,"href":"https:\/\/www.info-algerie.com\/actualites\/wp-json\/wp\/v2\/users\/6"}],"replies":[{"embeddable":true,"href":"https:\/\/www.info-algerie.com\/actualites\/wp-json\/wp\/v2\/comments?post=16276"}],"version-history":[{"count":0,"href":"https:\/\/www.info-algerie.com\/actualites\/wp-json\/wp\/v2\/posts\/16276\/revisions"}],"wp:featuredmedia":[{"embeddable":true,"href":"https:\/\/www.info-algerie.com\/actualites\/wp-json\/wp\/v2\/media\/16277"}],"wp:attachment":[{"href":"https:\/\/www.info-algerie.com\/actualites\/wp-json\/wp\/v2\/media?parent=16276"}],"wp:term":[{"taxonomy":"category","embeddable":true,"href":"https:\/\/www.info-algerie.com\/actualites\/wp-json\/wp\/v2\/categories?post=16276"},{"taxonomy":"post_tag","embeddable":true,"href":"https:\/\/www.info-algerie.com\/actualites\/wp-json\/wp\/v2\/tags?post=16276"}],"curies":[{"name":"wp","href":"https:\/\/api.w.org\/{rel}","templated":true}]}}