{"id":16281,"date":"2017-09-25T12:19:56","date_gmt":"2017-09-25T11:19:56","guid":{"rendered":"http:\/\/www.info-algerie.com\/actualites\/ouyahia-le-taux-de-participation-aux-locales-sera-plus-eleve-que-celui-des-legislatives\/"},"modified":"2017-09-25T12:19:56","modified_gmt":"2017-09-25T11:19:56","slug":"ouyahia-le-taux-de-participation-aux-locales-sera-plus-eleve-que-celui-des-legislatives","status":"publish","type":"post","link":"https:\/\/www.info-algerie.com\/actualites\/ouyahia-le-taux-de-participation-aux-locales-sera-plus-eleve-que-celui-des-legislatives\/","title":{"rendered":"Ouyahia: le taux de participation aux locales sera &quot;plus \u00e9lev\u00e9&quot; que celui des l\u00e9gislatives"},"content":{"rendered":"<div class=\"K2FeedImage\"><img decoding=\"async\" src=\"https:\/\/www.info-algerie.com\/actualites\/wp-content\/uploads\/2017\/09\/1eacb6d545b93ed44530ed1e939d741d_S.jpg\" \/><\/div>\n<div class=\"K2FeedIntroText\">\n<p>ALGER &#8211; Le taux de participation aux \u00e9lections locales\u00a0 du 23 novembre prochain sera \u00ab\u00a0in\u00e9vitablement plus \u00e9lev\u00e9\u00a0\u00bb que celui des l\u00e9gislatives, a assur\u00e9 lundi \u00e0 Alger le Premier ministre, Ahmed Ouyahia,\u00a0 relevant la d\u00e9termination de l&rsquo;Etat \u00e0 en assurer la \u00ab\u00a0transparence\u00a0\u00bb.<\/p>\n<p>&#013;\n<\/p><\/div>\n<div class=\"K2FeedFullText\">&#013;<\/p>\n<p>\u00ab\u00a0La taux de participation aux \u00e9lections locales sera in\u00e9vitablement plus \u00e9lev\u00e9 que celui des l\u00e9gislatives, en se basant sur une analyse sociologique (de la situation)\u00a0\u00bb, a d\u00e9clar\u00e9 M. Ouyahia lors de la pr\u00e9sentation du plan d&rsquo;action du gouvernement devant les membres du Conseil de la Nation.<\/p>\n<p>&#013;<\/p>\n<p>Il a ajout\u00e9, dans ce cadre, que les institutions de l&rsquo;Etat veilleraient \u00e0 assurer la transparence de ces \u00e9lections, critiquant dans ce cadre, certaines voix qui avaient imput\u00e9 au gouvernement la responsabilit\u00e9 du boycott par les citoyens lors des derni\u00e8res \u00e9lections l\u00e9gislatives.<\/p>\n<p>&#013;<\/p>\n<p>Il a observ\u00e9, dans ce sillage, que cette joute \u00e9lectorale \u00e9tait un \u00ab\u00a0test\u00a0\u00bb pour les partis et les candidats Ind\u00e9pendants pour s&rsquo;affirmer en essayant de convaincre, \u00e0 travers leurs programmes, les citoyens, qui ont \u00ab\u00a0l&#8217;embarras du choix\u00a0\u00bb, dans une sc\u00e8ne politique diversifi\u00e9e et compos\u00e9e de tous les courants politiques, notamment les \u00ab\u00a0islamistes, les partis de gauche et les nationalistes\u00a0\u00bb.<\/p>\n<p>&#013;<\/p>\n<p>M. Ouyahia a assur\u00e9 que l&rsquo;Etat veillait \u00e0 r\u00e9unir tous les moyens n\u00e9cessaires pour garantir la r\u00e9ussite de ce scrutin, sur la base des orientations du pr\u00e9sident de la R\u00e9publique, relevant que l&rsquo;administration et la Haute instance ind\u00e9pendante de surveillance des \u00e9lections (HIISE)\u00a0 \u00ab\u00a0n&rsquo;\u00e9taient pas les seules responsable pour en garantir la transparence\u00a0\u00bb.<\/p>\n<p>&#013;<\/p>\n<p>\u00ab\u00a0Le premier garant pour assurer la transparence et la r\u00e9gularit\u00e9 du scrutin sont les candidats eux-m\u00eames\u00a0\u00bb, a-t-il dit, rappelant les garanties r\u00e9glementaires qui leur sont offertes durant tout le d\u00e9roulement du processus \u00e9lectoral \u00e0 cet effet.<\/p>\n<p>&#013;<\/p>\n<p>Le Premier ministre a indiqu\u00e9, par ailleurs, que l&rsquo;ann\u00e9e prochaine verra la r\u00e9vision du code communal et de wilaya pour renforcer les pr\u00e9rogatives de ces assembl\u00e9es, \u00e0 travers la promotion des financements et de la fiscalit\u00e9 locale.<\/p>\n<p>&#013;<\/p>\n<p>\u00ab\u00a0Le renforcement de ces pr\u00e9rogatives est au diapason du renforcement de la politique de la d\u00e9centralisation, qui est une donn\u00e9e r\u00e9elle, mais qui a besoin d&rsquo;un nouveau souffle\u00a0\u00bb, a-t-il dit, ajoutant que \u00ab\u00a0nous voulons que l&rsquo;Alg\u00e9rie arrive d&rsquo;ici 4 \u00e0 5 ann\u00e9es au d\u00e9veloppement, avec une prise en charge des pr\u00e9occupations du citoyen plus locale que centralis\u00e9e\u00a0\u00bb.<\/p>\n<\/div>\n<p>&#013;<br \/>\nSource: <a href=\"http:\/\/www.aps.dz\/algerie\/63213-ouyahia-le-taux-de-participation-aux-locales-sera-plus-eleve-que-celui-des-legislatives\" target=\"_blank\">Ouyahia: le taux de participation aux locales sera \u00ab\u00a0plus \u00e9lev\u00e9\u00a0\u00bb que celui des l\u00e9gislatives<\/a><\/p>\n<!--CusAds0-->\n<div style=\"font-size: 0px; height: 0px; line-height: 0px; margin: 0; padding: 0; clear: both;\"><\/div>","protected":false},"excerpt":{"rendered":"<p>ALGER &#8211; Le taux de participation aux \u00e9lections locales\u00a0 du 23 novembre prochain sera \u00ab\u00a0in\u00e9vitablement plus \u00e9lev\u00e9\u00a0\u00bb que celui des l\u00e9gislatives, a assur\u00e9 lundi \u00e0 Alger le Premier ministre, Ahmed Ouyahia,\u00a0 relevant la d\u00e9termination de l&rsquo;Etat \u00e0 en assurer la \u00ab\u00a0transparence\u00a0\u00bb. &#013; &#013; \u00ab\u00a0La taux de participation aux \u00e9lections locales sera in\u00e9vitablement plus \u00e9lev\u00e9 que<\/p>\n","protected":false},"author":6,"featured_media":16282,"comment_status":"open","ping_status":"open","sticky":false,"template":"","format":"standard","meta":{"footnotes":""},"categories":[22],"tags":[93],"class_list":["post-16281","post","type-post","status-publish","format-standard","has-post-thumbnail","hentry","category-infos","tag-onu"],"yoast_head":"<!-- This site is optimized with the Yoast SEO plugin v27.5 - https:\/\/yoast.com\/product\/yoast-seo-wordpress\/ -->\n<title>Ouyahia: le taux de participation aux locales sera &quot;plus \u00e9lev\u00e9&quot; que celui des l\u00e9gislatives - info algerie<\/title>\n<meta name=\"robots\" content=\"index, follow, max-snippet:-1, max-image-preview:large, max-video-preview:-1\" \/>\n<link rel=\"canonical\" href=\"https:\/\/www.info-algerie.com\/actualites\/ouyahia-le-taux-de-participation-aux-locales-sera-plus-eleve-que-celui-des-legislatives\/\" \/>\n<meta property=\"og:locale\" content=\"fr_FR\" \/>\n<meta property=\"og:type\" content=\"article\" \/>\n<meta property=\"og:title\" content=\"Ouyahia: le taux de participation aux locales sera &quot;plus \u00e9lev\u00e9&quot; que celui des l\u00e9gislatives - info algerie\" \/>\n<meta property=\"og:description\" content=\"ALGER &#8211; Le taux de participation aux \u00e9lections locales\u00a0 du 23 novembre prochain sera \u00ab\u00a0in\u00e9vitablement plus \u00e9lev\u00e9\u00a0\u00bb que celui des l\u00e9gislatives, a assur\u00e9 lundi \u00e0 Alger le Premier ministre, Ahmed Ouyahia,\u00a0 relevant la d\u00e9termination de l&rsquo;Etat \u00e0 en assurer la \u00ab\u00a0transparence\u00a0\u00bb. &#013; &#013; \u00ab\u00a0La taux de participation aux \u00e9lections locales sera in\u00e9vitablement plus \u00e9lev\u00e9 que\" \/>\n<meta property=\"og:url\" content=\"https:\/\/www.info-algerie.com\/actualites\/ouyahia-le-taux-de-participation-aux-locales-sera-plus-eleve-que-celui-des-legislatives\/\" \/>\n<meta property=\"og:site_name\" content=\"info algerie\" \/>\n<meta property=\"article:publisher\" content=\"https:\/\/www.facebook.com\/infoalgerieactu\" \/>\n<meta property=\"article:published_time\" content=\"2017-09-25T11:19:56+00:00\" \/>\n<meta property=\"og:image\" content=\"https:\/\/www.info-algerie.com\/actualites\/wp-content\/uploads\/2017\/09\/1eacb6d545b93ed44530ed1e939d741d_S-1.jpg\" \/>\n\t<meta property=\"og:image:width\" content=\"280\" \/>\n\t<meta property=\"og:image:height\" content=\"163\" \/>\n\t<meta property=\"og:image:type\" content=\"image\/jpeg\" \/>\n<meta name=\"author\" content=\"La r\u00e9daction\" \/>\n<meta name=\"twitter:label1\" content=\"\u00c9crit par\" \/>\n\t<meta name=\"twitter:data1\" content=\"La r\u00e9daction\" \/>\n\t<meta name=\"twitter:label2\" content=\"Dur\u00e9e de lecture estim\u00e9e\" \/>\n\t<meta name=\"twitter:data2\" content=\"2 minutes\" \/>\n<script type=\"application\/ld+json\" class=\"yoast-schema-graph\">{\"@context\":\"https:\\\/\\\/schema.org\",\"@graph\":[{\"@type\":\"Article\",\"@id\":\"https:\\\/\\\/www.info-algerie.com\\\/actualites\\\/ouyahia-le-taux-de-participation-aux-locales-sera-plus-eleve-que-celui-des-legislatives\\\/#article\",\"isPartOf\":{\"@id\":\"https:\\\/\\\/www.info-algerie.com\\\/actualites\\\/ouyahia-le-taux-de-participation-aux-locales-sera-plus-eleve-que-celui-des-legislatives\\\/\"},\"author\":{\"name\":\"La r\u00e9daction\",\"@id\":\"https:\\\/\\\/www.info-algerie.com\\\/actualites\\\/#\\\/schema\\\/person\\\/847aaec44920825b843a08f30ec6aa1e\"},\"headline\":\"Ouyahia: le taux de participation aux locales sera &quot;plus \u00e9lev\u00e9&quot; que celui des l\u00e9gislatives\",\"datePublished\":\"2017-09-25T11:19:56+00:00\",\"mainEntityOfPage\":{\"@id\":\"https:\\\/\\\/www.info-algerie.com\\\/actualites\\\/ouyahia-le-taux-de-participation-aux-locales-sera-plus-eleve-que-celui-des-legislatives\\\/\"},\"wordCount\":441,\"commentCount\":0,\"publisher\":{\"@id\":\"https:\\\/\\\/www.info-algerie.com\\\/actualites\\\/#organization\"},\"image\":{\"@id\":\"https:\\\/\\\/www.info-algerie.com\\\/actualites\\\/ouyahia-le-taux-de-participation-aux-locales-sera-plus-eleve-que-celui-des-legislatives\\\/#primaryimage\"},\"thumbnailUrl\":\"https:\\\/\\\/www.info-algerie.com\\\/actualites\\\/wp-content\\\/uploads\\\/2017\\\/09\\\/1eacb6d545b93ed44530ed1e939d741d_S-1.jpg\",\"keywords\":[\"ONU\"],\"articleSection\":[\"infos\"],\"inLanguage\":\"fr-FR\",\"potentialAction\":[{\"@type\":\"CommentAction\",\"name\":\"Comment\",\"target\":[\"https:\\\/\\\/www.info-algerie.com\\\/actualites\\\/ouyahia-le-taux-de-participation-aux-locales-sera-plus-eleve-que-celui-des-legislatives\\\/#respond\"]}]},{\"@type\":\"WebPage\",\"@id\":\"https:\\\/\\\/www.info-algerie.com\\\/actualites\\\/ouyahia-le-taux-de-participation-aux-locales-sera-plus-eleve-que-celui-des-legislatives\\\/\",\"url\":\"https:\\\/\\\/www.info-algerie.com\\\/actualites\\\/ouyahia-le-taux-de-participation-aux-locales-sera-plus-eleve-que-celui-des-legislatives\\\/\",\"name\":\"Ouyahia: le taux de participation aux locales sera &quot;plus \u00e9lev\u00e9&quot; que celui des l\u00e9gislatives - info algerie\",\"isPartOf\":{\"@id\":\"https:\\\/\\\/www.info-algerie.com\\\/actualites\\\/#website\"},\"primaryImageOfPage\":{\"@id\":\"https:\\\/\\\/www.info-algerie.com\\\/actualites\\\/ouyahia-le-taux-de-participation-aux-locales-sera-plus-eleve-que-celui-des-legislatives\\\/#primaryimage\"},\"image\":{\"@id\":\"https:\\\/\\\/www.info-algerie.com\\\/actualites\\\/ouyahia-le-taux-de-participation-aux-locales-sera-plus-eleve-que-celui-des-legislatives\\\/#primaryimage\"},\"thumbnailUrl\":\"https:\\\/\\\/www.info-algerie.com\\\/actualites\\\/wp-content\\\/uploads\\\/2017\\\/09\\\/1eacb6d545b93ed44530ed1e939d741d_S-1.jpg\",\"datePublished\":\"2017-09-25T11:19:56+00:00\",\"breadcrumb\":{\"@id\":\"https:\\\/\\\/www.info-algerie.com\\\/actualites\\\/ouyahia-le-taux-de-participation-aux-locales-sera-plus-eleve-que-celui-des-legislatives\\\/#breadcrumb\"},\"inLanguage\":\"fr-FR\",\"potentialAction\":[{\"@type\":\"ReadAction\",\"target\":[\"https:\\\/\\\/www.info-algerie.com\\\/actualites\\\/ouyahia-le-taux-de-participation-aux-locales-sera-plus-eleve-que-celui-des-legislatives\\\/\"]}]},{\"@type\":\"ImageObject\",\"inLanguage\":\"fr-FR\",\"@id\":\"https:\\\/\\\/www.info-algerie.com\\\/actualites\\\/ouyahia-le-taux-de-participation-aux-locales-sera-plus-eleve-que-celui-des-legislatives\\\/#primaryimage\",\"url\":\"https:\\\/\\\/www.info-algerie.com\\\/actualites\\\/wp-content\\\/uploads\\\/2017\\\/09\\\/1eacb6d545b93ed44530ed1e939d741d_S-1.jpg\",\"contentUrl\":\"https:\\\/\\\/www.info-algerie.com\\\/actualites\\\/wp-content\\\/uploads\\\/2017\\\/09\\\/1eacb6d545b93ed44530ed1e939d741d_S-1.jpg\",\"width\":280,\"height\":163},{\"@type\":\"BreadcrumbList\",\"@id\":\"https:\\\/\\\/www.info-algerie.com\\\/actualites\\\/ouyahia-le-taux-de-participation-aux-locales-sera-plus-eleve-que-celui-des-legislatives\\\/#breadcrumb\",\"itemListElement\":[{\"@type\":\"ListItem\",\"position\":1,\"name\":\"Accueil\",\"item\":\"https:\\\/\\\/www.info-algerie.com\\\/actualites\\\/\"},{\"@type\":\"ListItem\",\"position\":2,\"name\":\"Ouyahia: le taux de participation aux locales sera &quot;plus \u00e9lev\u00e9&quot; que celui des l\u00e9gislatives\"}]},{\"@type\":\"WebSite\",\"@id\":\"https:\\\/\\\/www.info-algerie.com\\\/actualites\\\/#website\",\"url\":\"https:\\\/\\\/www.info-algerie.com\\\/actualites\\\/\",\"name\":\"info algerie\",\"description\":\"Toutes les actualit\u00e9s\",\"publisher\":{\"@id\":\"https:\\\/\\\/www.info-algerie.com\\\/actualites\\\/#organization\"},\"potentialAction\":[{\"@type\":\"SearchAction\",\"target\":{\"@type\":\"EntryPoint\",\"urlTemplate\":\"https:\\\/\\\/www.info-algerie.com\\\/actualites\\\/?s={search_term_string}\"},\"query-input\":{\"@type\":\"PropertyValueSpecification\",\"valueRequired\":true,\"valueName\":\"search_term_string\"}}],\"inLanguage\":\"fr-FR\"},{\"@type\":\"Organization\",\"@id\":\"https:\\\/\\\/www.info-algerie.com\\\/actualites\\\/#organization\",\"name\":\"info algerie\",\"url\":\"https:\\\/\\\/www.info-algerie.com\\\/actualites\\\/\",\"logo\":{\"@type\":\"ImageObject\",\"inLanguage\":\"fr-FR\",\"@id\":\"https:\\\/\\\/www.info-algerie.com\\\/actualites\\\/#\\\/schema\\\/logo\\\/image\\\/\",\"url\":\"https:\\\/\\\/www.info-algerie.com\\\/actualites\\\/wp-content\\\/uploads\\\/2022\\\/07\\\/logo-ia-120.png\",\"contentUrl\":\"https:\\\/\\\/www.info-algerie.com\\\/actualites\\\/wp-content\\\/uploads\\\/2022\\\/07\\\/logo-ia-120.png\",\"width\":120,\"height\":43,\"caption\":\"info algerie\"},\"image\":{\"@id\":\"https:\\\/\\\/www.info-algerie.com\\\/actualites\\\/#\\\/schema\\\/logo\\\/image\\\/\"},\"sameAs\":[\"https:\\\/\\\/www.facebook.com\\\/infoalgerieactu\",\"https:\\\/\\\/x.com\\\/infoalgerie1\"]},{\"@type\":\"Person\",\"@id\":\"https:\\\/\\\/www.info-algerie.com\\\/actualites\\\/#\\\/schema\\\/person\\\/847aaec44920825b843a08f30ec6aa1e\",\"name\":\"La r\u00e9daction\",\"image\":{\"@type\":\"ImageObject\",\"inLanguage\":\"fr-FR\",\"@id\":\"https:\\\/\\\/secure.gravatar.com\\\/avatar\\\/769db425c6f465158149f1ffd6cf61ce7a8a879d11dfbef8288af36dfddd418c?s=96&d=mm&r=g\",\"url\":\"https:\\\/\\\/secure.gravatar.com\\\/avatar\\\/769db425c6f465158149f1ffd6cf61ce7a8a879d11dfbef8288af36dfddd418c?s=96&d=mm&r=g\",\"contentUrl\":\"https:\\\/\\\/secure.gravatar.com\\\/avatar\\\/769db425c6f465158149f1ffd6cf61ce7a8a879d11dfbef8288af36dfddd418c?s=96&d=mm&r=g\",\"caption\":\"La r\u00e9daction\"},\"sameAs\":[\"http:\\\/\\\/www.lkeria.com\\\/\"],\"url\":\"https:\\\/\\\/www.info-algerie.com\\\/actualites\\\/author\\\/chakib32\\\/\"}]}<\/script>\n<!-- \/ Yoast SEO plugin. -->","yoast_head_json":{"title":"Ouyahia: le taux de participation aux locales sera &quot;plus \u00e9lev\u00e9&quot; que celui des l\u00e9gislatives - info algerie","robots":{"index":"index","follow":"follow","max-snippet":"max-snippet:-1","max-image-preview":"max-image-preview:large","max-video-preview":"max-video-preview:-1"},"canonical":"https:\/\/www.info-algerie.com\/actualites\/ouyahia-le-taux-de-participation-aux-locales-sera-plus-eleve-que-celui-des-legislatives\/","og_locale":"fr_FR","og_type":"article","og_title":"Ouyahia: le taux de participation aux locales sera &quot;plus \u00e9lev\u00e9&quot; que celui des l\u00e9gislatives - info algerie","og_description":"ALGER &#8211; Le taux de participation aux \u00e9lections locales\u00a0 du 23 novembre prochain sera \u00ab\u00a0in\u00e9vitablement plus \u00e9lev\u00e9\u00a0\u00bb que celui des l\u00e9gislatives, a assur\u00e9 lundi \u00e0 Alger le Premier ministre, Ahmed Ouyahia,\u00a0 relevant la d\u00e9termination de l&rsquo;Etat \u00e0 en assurer la \u00ab\u00a0transparence\u00a0\u00bb. &#013; &#013; \u00ab\u00a0La taux de participation aux \u00e9lections locales sera in\u00e9vitablement plus \u00e9lev\u00e9 que","og_url":"https:\/\/www.info-algerie.com\/actualites\/ouyahia-le-taux-de-participation-aux-locales-sera-plus-eleve-que-celui-des-legislatives\/","og_site_name":"info algerie","article_publisher":"https:\/\/www.facebook.com\/infoalgerieactu","article_published_time":"2017-09-25T11:19:56+00:00","og_image":[{"width":280,"height":163,"url":"https:\/\/www.info-algerie.com\/actualites\/wp-content\/uploads\/2017\/09\/1eacb6d545b93ed44530ed1e939d741d_S-1.jpg","type":"image\/jpeg"}],"author":"La r\u00e9daction","twitter_misc":{"\u00c9crit par":"La r\u00e9daction","Dur\u00e9e de lecture estim\u00e9e":"2 minutes"},"schema":{"@context":"https:\/\/schema.org","@graph":[{"@type":"Article","@id":"https:\/\/www.info-algerie.com\/actualites\/ouyahia-le-taux-de-participation-aux-locales-sera-plus-eleve-que-celui-des-legislatives\/#article","isPartOf":{"@id":"https:\/\/www.info-algerie.com\/actualites\/ouyahia-le-taux-de-participation-aux-locales-sera-plus-eleve-que-celui-des-legislatives\/"},"author":{"name":"La r\u00e9daction","@id":"https:\/\/www.info-algerie.com\/actualites\/#\/schema\/person\/847aaec44920825b843a08f30ec6aa1e"},"headline":"Ouyahia: le taux de participation aux locales sera &quot;plus \u00e9lev\u00e9&quot; que celui des l\u00e9gislatives","datePublished":"2017-09-25T11:19:56+00:00","mainEntityOfPage":{"@id":"https:\/\/www.info-algerie.com\/actualites\/ouyahia-le-taux-de-participation-aux-locales-sera-plus-eleve-que-celui-des-legislatives\/"},"wordCount":441,"commentCount":0,"publisher":{"@id":"https:\/\/www.info-algerie.com\/actualites\/#organization"},"image":{"@id":"https:\/\/www.info-algerie.com\/actualites\/ouyahia-le-taux-de-participation-aux-locales-sera-plus-eleve-que-celui-des-legislatives\/#primaryimage"},"thumbnailUrl":"https:\/\/www.info-algerie.com\/actualites\/wp-content\/uploads\/2017\/09\/1eacb6d545b93ed44530ed1e939d741d_S-1.jpg","keywords":["ONU"],"articleSection":["infos"],"inLanguage":"fr-FR","potentialAction":[{"@type":"CommentAction","name":"Comment","target":["https:\/\/www.info-algerie.com\/actualites\/ouyahia-le-taux-de-participation-aux-locales-sera-plus-eleve-que-celui-des-legislatives\/#respond"]}]},{"@type":"WebPage","@id":"https:\/\/www.info-algerie.com\/actualites\/ouyahia-le-taux-de-participation-aux-locales-sera-plus-eleve-que-celui-des-legislatives\/","url":"https:\/\/www.info-algerie.com\/actualites\/ouyahia-le-taux-de-participation-aux-locales-sera-plus-eleve-que-celui-des-legislatives\/","name":"Ouyahia: le taux de participation aux locales sera &quot;plus \u00e9lev\u00e9&quot; que celui des l\u00e9gislatives - info algerie","isPartOf":{"@id":"https:\/\/www.info-algerie.com\/actualites\/#website"},"primaryImageOfPage":{"@id":"https:\/\/www.info-algerie.com\/actualites\/ouyahia-le-taux-de-participation-aux-locales-sera-plus-eleve-que-celui-des-legislatives\/#primaryimage"},"image":{"@id":"https:\/\/www.info-algerie.com\/actualites\/ouyahia-le-taux-de-participation-aux-locales-sera-plus-eleve-que-celui-des-legislatives\/#primaryimage"},"thumbnailUrl":"https:\/\/www.info-algerie.com\/actualites\/wp-content\/uploads\/2017\/09\/1eacb6d545b93ed44530ed1e939d741d_S-1.jpg","datePublished":"2017-09-25T11:19:56+00:00","breadcrumb":{"@id":"https:\/\/www.info-algerie.com\/actualites\/ouyahia-le-taux-de-participation-aux-locales-sera-plus-eleve-que-celui-des-legislatives\/#breadcrumb"},"inLanguage":"fr-FR","potentialAction":[{"@type":"ReadAction","target":["https:\/\/www.info-algerie.com\/actualites\/ouyahia-le-taux-de-participation-aux-locales-sera-plus-eleve-que-celui-des-legislatives\/"]}]},{"@type":"ImageObject","inLanguage":"fr-FR","@id":"https:\/\/www.info-algerie.com\/actualites\/ouyahia-le-taux-de-participation-aux-locales-sera-plus-eleve-que-celui-des-legislatives\/#primaryimage","url":"https:\/\/www.info-algerie.com\/actualites\/wp-content\/uploads\/2017\/09\/1eacb6d545b93ed44530ed1e939d741d_S-1.jpg","contentUrl":"https:\/\/www.info-algerie.com\/actualites\/wp-content\/uploads\/2017\/09\/1eacb6d545b93ed44530ed1e939d741d_S-1.jpg","width":280,"height":163},{"@type":"BreadcrumbList","@id":"https:\/\/www.info-algerie.com\/actualites\/ouyahia-le-taux-de-participation-aux-locales-sera-plus-eleve-que-celui-des-legislatives\/#breadcrumb","itemListElement":[{"@type":"ListItem","position":1,"name":"Accueil","item":"https:\/\/www.info-algerie.com\/actualites\/"},{"@type":"ListItem","position":2,"name":"Ouyahia: le taux de participation aux locales sera &quot;plus \u00e9lev\u00e9&quot; que celui des l\u00e9gislatives"}]},{"@type":"WebSite","@id":"https:\/\/www.info-algerie.com\/actualites\/#website","url":"https:\/\/www.info-algerie.com\/actualites\/","name":"info algerie","description":"Toutes les actualit\u00e9s","publisher":{"@id":"https:\/\/www.info-algerie.com\/actualites\/#organization"},"potentialAction":[{"@type":"SearchAction","target":{"@type":"EntryPoint","urlTemplate":"https:\/\/www.info-algerie.com\/actualites\/?s={search_term_string}"},"query-input":{"@type":"PropertyValueSpecification","valueRequired":true,"valueName":"search_term_string"}}],"inLanguage":"fr-FR"},{"@type":"Organization","@id":"https:\/\/www.info-algerie.com\/actualites\/#organization","name":"info algerie","url":"https:\/\/www.info-algerie.com\/actualites\/","logo":{"@type":"ImageObject","inLanguage":"fr-FR","@id":"https:\/\/www.info-algerie.com\/actualites\/#\/schema\/logo\/image\/","url":"https:\/\/www.info-algerie.com\/actualites\/wp-content\/uploads\/2022\/07\/logo-ia-120.png","contentUrl":"https:\/\/www.info-algerie.com\/actualites\/wp-content\/uploads\/2022\/07\/logo-ia-120.png","width":120,"height":43,"caption":"info algerie"},"image":{"@id":"https:\/\/www.info-algerie.com\/actualites\/#\/schema\/logo\/image\/"},"sameAs":["https:\/\/www.facebook.com\/infoalgerieactu","https:\/\/x.com\/infoalgerie1"]},{"@type":"Person","@id":"https:\/\/www.info-algerie.com\/actualites\/#\/schema\/person\/847aaec44920825b843a08f30ec6aa1e","name":"La r\u00e9daction","image":{"@type":"ImageObject","inLanguage":"fr-FR","@id":"https:\/\/secure.gravatar.com\/avatar\/769db425c6f465158149f1ffd6cf61ce7a8a879d11dfbef8288af36dfddd418c?s=96&d=mm&r=g","url":"https:\/\/secure.gravatar.com\/avatar\/769db425c6f465158149f1ffd6cf61ce7a8a879d11dfbef8288af36dfddd418c?s=96&d=mm&r=g","contentUrl":"https:\/\/secure.gravatar.com\/avatar\/769db425c6f465158149f1ffd6cf61ce7a8a879d11dfbef8288af36dfddd418c?s=96&d=mm&r=g","caption":"La r\u00e9daction"},"sameAs":["http:\/\/www.lkeria.com\/"],"url":"https:\/\/www.info-algerie.com\/actualites\/author\/chakib32\/"}]}},"_links":{"self":[{"href":"https:\/\/www.info-algerie.com\/actualites\/wp-json\/wp\/v2\/posts\/16281","targetHints":{"allow":["GET"]}}],"collection":[{"href":"https:\/\/www.info-algerie.com\/actualites\/wp-json\/wp\/v2\/posts"}],"about":[{"href":"https:\/\/www.info-algerie.com\/actualites\/wp-json\/wp\/v2\/types\/post"}],"author":[{"embeddable":true,"href":"https:\/\/www.info-algerie.com\/actualites\/wp-json\/wp\/v2\/users\/6"}],"replies":[{"embeddable":true,"href":"https:\/\/www.info-algerie.com\/actualites\/wp-json\/wp\/v2\/comments?post=16281"}],"version-history":[{"count":0,"href":"https:\/\/www.info-algerie.com\/actualites\/wp-json\/wp\/v2\/posts\/16281\/revisions"}],"wp:featuredmedia":[{"embeddable":true,"href":"https:\/\/www.info-algerie.com\/actualites\/wp-json\/wp\/v2\/media\/16282"}],"wp:attachment":[{"href":"https:\/\/www.info-algerie.com\/actualites\/wp-json\/wp\/v2\/media?parent=16281"}],"wp:term":[{"taxonomy":"category","embeddable":true,"href":"https:\/\/www.info-algerie.com\/actualites\/wp-json\/wp\/v2\/categories?post=16281"},{"taxonomy":"post_tag","embeddable":true,"href":"https:\/\/www.info-algerie.com\/actualites\/wp-json\/wp\/v2\/tags?post=16281"}],"curies":[{"name":"wp","href":"https:\/\/api.w.org\/{rel}","templated":true}]}}