{"id":16284,"date":"2017-09-25T12:08:22","date_gmt":"2017-09-25T11:08:22","guid":{"rendered":"http:\/\/www.info-algerie.com\/actualites\/le-gouvernement-attache-a-lapplication-de-la-charte-pour-la-paix-et-la-reconciliation-nationale\/"},"modified":"2017-09-25T12:08:22","modified_gmt":"2017-09-25T11:08:22","slug":"le-gouvernement-attache-a-lapplication-de-la-charte-pour-la-paix-et-la-reconciliation-nationale","status":"publish","type":"post","link":"https:\/\/www.info-algerie.com\/actualites\/le-gouvernement-attache-a-lapplication-de-la-charte-pour-la-paix-et-la-reconciliation-nationale\/","title":{"rendered":"Le gouvernement attach\u00e9 \u00e0 l&#039;application de la Charte pour la paix et la r\u00e9conciliation nationale"},"content":{"rendered":"<div class=\"K2FeedImage\"><img decoding=\"async\" src=\"https:\/\/www.info-algerie.com\/actualites\/wp-content\/uploads\/2017\/09\/5889b38fd655be749043a5dda5983778_S.jpg\" alt=\"Le gouvernement attach&#xE9; &#xE0; l'application de la Charte pour la paix et la r&#xE9;conciliation nationale\" \/><\/div>\n<div class=\"K2FeedIntroText\">\n<p class=\"MsoNoSpacing\">ALGER- Le premier ministre, Ahmed Ouyahia, a affirm\u00e9 lundi \u00e0 Alger l&rsquo;attachement du gouvernement \u00e0 l&rsquo;application de la Charte pour la paix et la r\u00e9conciliation nationale \u00a0\u00bb dans l&rsquo;esprit et la lettre\u00a0\u00bb, soulignant que le succ\u00e8s de cette d\u00e9marche initi\u00e9e par le pr\u00e9sident de la R\u00e9publique et vot\u00e9e massivement par le peuple alg\u00e9rien en 2005 \u00ab\u00a0ne souffrait d&rsquo;aucune contestation\u00a0\u00bb.<\/p>\n<p>&#013;\n<\/p><\/div>\n<div class=\"K2FeedFullText\">&#013;<\/p>\n<p>\u00ab\u00a0J&rsquo;affirme au nom du gouvernement notre attachement \u00e0 l&rsquo;application de la Charte pour la paix et la r\u00e9conciliation nationale \u00e0 la lettre et dans son esprit\u00a0\u00bb, a d\u00e9clar\u00e9 M. Ouyahia lors de la pr\u00e9sentation du <a href=\"http:\/\/www.aps.dz\/economie\/62880-plan-d-action-du-gouvernement-une-feuille-de-route-pour-la-poursuite-de-la-mise-en-oeuvre-du-programme-du-president-de-la-republique\"><strong>plan d&rsquo;action du gouvernement<\/strong> <\/a>devant les membres du Conseil de la nation, ajoutant qu&rsquo;il\u00a0 \u00ab\u00a0n&rsquo;y a aujourd&rsquo;hui aucun doute quant \u00e0 la r\u00e9ussite de cette d\u00e9marche m\u00eame si au d\u00e9but, ce qui est normal, certaines appr\u00e9hensions ont \u00e9t\u00e9 exprim\u00e9es au sein de la soci\u00e9t\u00e9 avant qu&rsquo;elles ne soient dissip\u00e9es suite au retour de la paix et de la s\u00e9curit\u00e9 \u00e0 travers le pays\u00a0\u00bb.<\/p>\n<p>&#013;<\/p>\n<p>Il a fait remarquer que l&rsquo;exp\u00e9rience alg\u00e9rienne en mati\u00e8re de <a href=\"http:\/\/www.aps.dz\/algerie\/60099-atelier-international-sur-role-de-la-reconciliation-nationale-dans-la-prevention-et-la-lutte-contre-l-extremisme-violent-et-le-terrorisme-debut-des-travaux-a-alger\"><strong>r\u00e9conciliation nationale<\/strong><\/a> \u00ab\u00a0suscite l&rsquo;int\u00e9r\u00eat de plusieurs pays et organisations internationales qui veulent s&rsquo;en inspirer\u00a0\u00bb.<\/p>\n<p>&#013;<\/p>\n<p>A cette occasion, M. Ouyahia a lanc\u00e9 un appel \u00ab\u00a0\u00e0 nos enfants \u00e9gar\u00e9s pour retourner au sein de leur peuple et leurs familles\u00a0\u00bb, ajoutant qu&rsquo;en cas o\u00f9 ils refuseraient la main tendue, \u00ab\u00a0l&rsquo;Etat les \u00e9liminera par la force ou ils seront jug\u00e9s et condamn\u00e9s s\u00e9v\u00e8rement par la force de la loi\u00a0\u00bb.<\/p>\n<p>&#013;<\/p>\n<p>\u00ab\u00a0J&rsquo;esp\u00e8re que mon appel sera entendu et que ces \u00e9l\u00e9ments terroristes reviennent \u00e0 la raison et rejoindront les milliers d&rsquo;Alg\u00e9riens qui \u00e9taient, par le pass\u00e9, dans les groupes terroristes\u00a0\u00bb, a-t-il dit. M. Ouyahia a estim\u00e9 que deux le\u00e7ons peuvent \u00eatre tir\u00e9es de l&rsquo;exp\u00e9rience de la R\u00e9conciliation nationale, \u00e0 savoir \u00ab\u00a0la n\u00e9cessit\u00e9 d&rsquo;unir les rangs quand il s&rsquo;agit de faire face aux d\u00e9fis vitaux pour la Nation et pour l&rsquo;Etat, et l&rsquo;importance de la souverainet\u00e9 dans la prise de d\u00e9cision lorsqu&rsquo;il s&rsquo;agit d&rsquo;affronter les d\u00e9fis engageant le devenir du pays\u00a0\u00bb.<\/p>\n<p>&#013;<\/p>\n<p>En outre, le Premier ministre a fait remarquer que la pr\u00e9sentation du plan d&rsquo;action du gouvernement intervient dans un contexte r\u00e9gional marqu\u00e9 par des conflits, soulignant que les <a href=\"http:\/\/www.aps.dz\/algerie\/63031-boubacar-keita-loue-le-role-de-l-algerie-dans-la-conclusion-de-l-accord-de-paix-au-mali\"><strong>crise au Mali<\/strong><\/a> et en<a href=\"http:\/\/www.aps.dz\/algerie\/62632-messahel-reaffirme-la-position-de-l-algerie-pour-une-solution-politique-a-la-crise-en-libye\"><strong> Libye<\/strong><\/a> \u00ab\u00a0favorisent le terrorisme et le crime transnational, qui \u00e0 son tour alimente le terrorisme\u00a0\u00bb.<\/p>\n<p>&#013;<\/p>\n<p>\u00ab\u00a0Malgr\u00e9 ce contexte r\u00e9gional instable,<a href=\"http:\/\/www.aps.dz\/algerie\/62905-la-preservation-de-la-securite-de-la-stabilite-et-de-l-unite-du-pays-axe-majeur-du-plan-d-action-du-gouvernement\"><strong> l&rsquo;Alg\u00e9rie parvient \u00e0 pr\u00e9server sa s\u00e9curit\u00e9 et sa stabilit\u00e9<\/strong><\/a> gr\u00e2ce notamment aux efforts de l&rsquo;Arm\u00e9e nationale populaire et les autres forces de s\u00e9curit\u00e9\u00a0\u00bb, a-t-il relev\u00e9 rendant, \u00e0 cette occasion, un hommage appuy\u00e9 \u00e0 ces corps de s\u00e9curit\u00e9. M. Ouyahia a, \u00e0 cette occasion, r\u00e9it\u00e9r\u00e9 la disponibilit\u00e9 du gouvernement \u00e0 mettre tous les moyens n\u00e9cessaires \u00e0 la disposition des forces de s\u00e9curit\u00e9 pour qu&rsquo;elles puissent faire face \u00e0 tous les d\u00e9fis s\u00e9curitaires.<\/p>\n<\/div>\n<p>&#013;<br \/>\nSource: <a href=\"http:\/\/www.aps.dz\/algerie\/63212-ouyahia-le-gouvernement-attache-a-l-application-de-la-charte-pour-la-paix-et-la-reconciliation-nationale\" target=\"_blank\">Le gouvernement attach\u00e9 \u00e0 l&rsquo;application de la Charte pour la paix et la r\u00e9conciliation nationale<\/a><\/p>\n<!--CusAds0-->\n<div style=\"font-size: 0px; height: 0px; line-height: 0px; margin: 0; padding: 0; clear: both;\"><\/div>","protected":false},"excerpt":{"rendered":"<p>ALGER- Le premier ministre, Ahmed Ouyahia, a affirm\u00e9 lundi \u00e0 Alger l&rsquo;attachement du gouvernement \u00e0 l&rsquo;application de la Charte pour la paix et la r\u00e9conciliation nationale \u00a0\u00bb dans l&rsquo;esprit et la lettre\u00a0\u00bb, soulignant que le succ\u00e8s de cette d\u00e9marche initi\u00e9e par le pr\u00e9sident de la R\u00e9publique et vot\u00e9e massivement par le peuple alg\u00e9rien en 2005<\/p>\n","protected":false},"author":6,"featured_media":16285,"comment_status":"open","ping_status":"open","sticky":false,"template":"","format":"standard","meta":{"footnotes":""},"categories":[22],"tags":[93],"class_list":["post-16284","post","type-post","status-publish","format-standard","has-post-thumbnail","hentry","category-infos","tag-onu"],"yoast_head":"<!-- This site is optimized with the Yoast SEO plugin v27.5 - https:\/\/yoast.com\/product\/yoast-seo-wordpress\/ -->\n<title>Le gouvernement attach\u00e9 \u00e0 l&#039;application de la Charte pour la paix et la r\u00e9conciliation nationale - info algerie<\/title>\n<meta name=\"robots\" content=\"index, follow, max-snippet:-1, max-image-preview:large, max-video-preview:-1\" \/>\n<link rel=\"canonical\" href=\"https:\/\/www.info-algerie.com\/actualites\/le-gouvernement-attache-a-lapplication-de-la-charte-pour-la-paix-et-la-reconciliation-nationale\/\" \/>\n<meta property=\"og:locale\" content=\"fr_FR\" \/>\n<meta property=\"og:type\" content=\"article\" \/>\n<meta property=\"og:title\" content=\"Le gouvernement attach\u00e9 \u00e0 l&#039;application de la Charte pour la paix et la r\u00e9conciliation nationale - info algerie\" \/>\n<meta property=\"og:description\" content=\"ALGER- Le premier ministre, Ahmed Ouyahia, a affirm\u00e9 lundi \u00e0 Alger l&rsquo;attachement du gouvernement \u00e0 l&rsquo;application de la Charte pour la paix et la r\u00e9conciliation nationale \u00a0\u00bb dans l&rsquo;esprit et la lettre\u00a0\u00bb, soulignant que le succ\u00e8s de cette d\u00e9marche initi\u00e9e par le pr\u00e9sident de la R\u00e9publique et vot\u00e9e massivement par le peuple alg\u00e9rien en 2005\" \/>\n<meta property=\"og:url\" content=\"https:\/\/www.info-algerie.com\/actualites\/le-gouvernement-attache-a-lapplication-de-la-charte-pour-la-paix-et-la-reconciliation-nationale\/\" \/>\n<meta property=\"og:site_name\" content=\"info algerie\" \/>\n<meta property=\"article:publisher\" content=\"https:\/\/www.facebook.com\/infoalgerieactu\" \/>\n<meta property=\"article:published_time\" content=\"2017-09-25T11:08:22+00:00\" \/>\n<meta property=\"og:image\" content=\"https:\/\/www.info-algerie.com\/actualites\/wp-content\/uploads\/2017\/09\/5889b38fd655be749043a5dda5983778_S-1.jpg\" \/>\n\t<meta property=\"og:image:width\" content=\"280\" \/>\n\t<meta property=\"og:image:height\" content=\"228\" \/>\n\t<meta property=\"og:image:type\" content=\"image\/jpeg\" \/>\n<meta name=\"author\" content=\"La r\u00e9daction\" \/>\n<meta name=\"twitter:label1\" content=\"\u00c9crit par\" \/>\n\t<meta name=\"twitter:data1\" content=\"La r\u00e9daction\" \/>\n\t<meta name=\"twitter:label2\" content=\"Dur\u00e9e de lecture estim\u00e9e\" \/>\n\t<meta name=\"twitter:data2\" content=\"3 minutes\" \/>\n<script type=\"application\/ld+json\" class=\"yoast-schema-graph\">{\"@context\":\"https:\\\/\\\/schema.org\",\"@graph\":[{\"@type\":\"Article\",\"@id\":\"https:\\\/\\\/www.info-algerie.com\\\/actualites\\\/le-gouvernement-attache-a-lapplication-de-la-charte-pour-la-paix-et-la-reconciliation-nationale\\\/#article\",\"isPartOf\":{\"@id\":\"https:\\\/\\\/www.info-algerie.com\\\/actualites\\\/le-gouvernement-attache-a-lapplication-de-la-charte-pour-la-paix-et-la-reconciliation-nationale\\\/\"},\"author\":{\"name\":\"La r\u00e9daction\",\"@id\":\"https:\\\/\\\/www.info-algerie.com\\\/actualites\\\/#\\\/schema\\\/person\\\/847aaec44920825b843a08f30ec6aa1e\"},\"headline\":\"Le gouvernement attach\u00e9 \u00e0 l&#039;application de la Charte pour la paix et la r\u00e9conciliation nationale\",\"datePublished\":\"2017-09-25T11:08:22+00:00\",\"mainEntityOfPage\":{\"@id\":\"https:\\\/\\\/www.info-algerie.com\\\/actualites\\\/le-gouvernement-attache-a-lapplication-de-la-charte-pour-la-paix-et-la-reconciliation-nationale\\\/\"},\"wordCount\":547,\"commentCount\":0,\"publisher\":{\"@id\":\"https:\\\/\\\/www.info-algerie.com\\\/actualites\\\/#organization\"},\"image\":{\"@id\":\"https:\\\/\\\/www.info-algerie.com\\\/actualites\\\/le-gouvernement-attache-a-lapplication-de-la-charte-pour-la-paix-et-la-reconciliation-nationale\\\/#primaryimage\"},\"thumbnailUrl\":\"https:\\\/\\\/www.info-algerie.com\\\/actualites\\\/wp-content\\\/uploads\\\/2017\\\/09\\\/5889b38fd655be749043a5dda5983778_S-1.jpg\",\"keywords\":[\"ONU\"],\"articleSection\":[\"infos\"],\"inLanguage\":\"fr-FR\",\"potentialAction\":[{\"@type\":\"CommentAction\",\"name\":\"Comment\",\"target\":[\"https:\\\/\\\/www.info-algerie.com\\\/actualites\\\/le-gouvernement-attache-a-lapplication-de-la-charte-pour-la-paix-et-la-reconciliation-nationale\\\/#respond\"]}]},{\"@type\":\"WebPage\",\"@id\":\"https:\\\/\\\/www.info-algerie.com\\\/actualites\\\/le-gouvernement-attache-a-lapplication-de-la-charte-pour-la-paix-et-la-reconciliation-nationale\\\/\",\"url\":\"https:\\\/\\\/www.info-algerie.com\\\/actualites\\\/le-gouvernement-attache-a-lapplication-de-la-charte-pour-la-paix-et-la-reconciliation-nationale\\\/\",\"name\":\"Le gouvernement attach\u00e9 \u00e0 l&#039;application de la Charte pour la paix et la r\u00e9conciliation nationale - info algerie\",\"isPartOf\":{\"@id\":\"https:\\\/\\\/www.info-algerie.com\\\/actualites\\\/#website\"},\"primaryImageOfPage\":{\"@id\":\"https:\\\/\\\/www.info-algerie.com\\\/actualites\\\/le-gouvernement-attache-a-lapplication-de-la-charte-pour-la-paix-et-la-reconciliation-nationale\\\/#primaryimage\"},\"image\":{\"@id\":\"https:\\\/\\\/www.info-algerie.com\\\/actualites\\\/le-gouvernement-attache-a-lapplication-de-la-charte-pour-la-paix-et-la-reconciliation-nationale\\\/#primaryimage\"},\"thumbnailUrl\":\"https:\\\/\\\/www.info-algerie.com\\\/actualites\\\/wp-content\\\/uploads\\\/2017\\\/09\\\/5889b38fd655be749043a5dda5983778_S-1.jpg\",\"datePublished\":\"2017-09-25T11:08:22+00:00\",\"breadcrumb\":{\"@id\":\"https:\\\/\\\/www.info-algerie.com\\\/actualites\\\/le-gouvernement-attache-a-lapplication-de-la-charte-pour-la-paix-et-la-reconciliation-nationale\\\/#breadcrumb\"},\"inLanguage\":\"fr-FR\",\"potentialAction\":[{\"@type\":\"ReadAction\",\"target\":[\"https:\\\/\\\/www.info-algerie.com\\\/actualites\\\/le-gouvernement-attache-a-lapplication-de-la-charte-pour-la-paix-et-la-reconciliation-nationale\\\/\"]}]},{\"@type\":\"ImageObject\",\"inLanguage\":\"fr-FR\",\"@id\":\"https:\\\/\\\/www.info-algerie.com\\\/actualites\\\/le-gouvernement-attache-a-lapplication-de-la-charte-pour-la-paix-et-la-reconciliation-nationale\\\/#primaryimage\",\"url\":\"https:\\\/\\\/www.info-algerie.com\\\/actualites\\\/wp-content\\\/uploads\\\/2017\\\/09\\\/5889b38fd655be749043a5dda5983778_S-1.jpg\",\"contentUrl\":\"https:\\\/\\\/www.info-algerie.com\\\/actualites\\\/wp-content\\\/uploads\\\/2017\\\/09\\\/5889b38fd655be749043a5dda5983778_S-1.jpg\",\"width\":280,\"height\":228},{\"@type\":\"BreadcrumbList\",\"@id\":\"https:\\\/\\\/www.info-algerie.com\\\/actualites\\\/le-gouvernement-attache-a-lapplication-de-la-charte-pour-la-paix-et-la-reconciliation-nationale\\\/#breadcrumb\",\"itemListElement\":[{\"@type\":\"ListItem\",\"position\":1,\"name\":\"Accueil\",\"item\":\"https:\\\/\\\/www.info-algerie.com\\\/actualites\\\/\"},{\"@type\":\"ListItem\",\"position\":2,\"name\":\"Le gouvernement attach\u00e9 \u00e0 l&#039;application de la Charte pour la paix et la r\u00e9conciliation nationale\"}]},{\"@type\":\"WebSite\",\"@id\":\"https:\\\/\\\/www.info-algerie.com\\\/actualites\\\/#website\",\"url\":\"https:\\\/\\\/www.info-algerie.com\\\/actualites\\\/\",\"name\":\"info algerie\",\"description\":\"Toutes les actualit\u00e9s\",\"publisher\":{\"@id\":\"https:\\\/\\\/www.info-algerie.com\\\/actualites\\\/#organization\"},\"potentialAction\":[{\"@type\":\"SearchAction\",\"target\":{\"@type\":\"EntryPoint\",\"urlTemplate\":\"https:\\\/\\\/www.info-algerie.com\\\/actualites\\\/?s={search_term_string}\"},\"query-input\":{\"@type\":\"PropertyValueSpecification\",\"valueRequired\":true,\"valueName\":\"search_term_string\"}}],\"inLanguage\":\"fr-FR\"},{\"@type\":\"Organization\",\"@id\":\"https:\\\/\\\/www.info-algerie.com\\\/actualites\\\/#organization\",\"name\":\"info algerie\",\"url\":\"https:\\\/\\\/www.info-algerie.com\\\/actualites\\\/\",\"logo\":{\"@type\":\"ImageObject\",\"inLanguage\":\"fr-FR\",\"@id\":\"https:\\\/\\\/www.info-algerie.com\\\/actualites\\\/#\\\/schema\\\/logo\\\/image\\\/\",\"url\":\"https:\\\/\\\/www.info-algerie.com\\\/actualites\\\/wp-content\\\/uploads\\\/2022\\\/07\\\/logo-ia-120.png\",\"contentUrl\":\"https:\\\/\\\/www.info-algerie.com\\\/actualites\\\/wp-content\\\/uploads\\\/2022\\\/07\\\/logo-ia-120.png\",\"width\":120,\"height\":43,\"caption\":\"info algerie\"},\"image\":{\"@id\":\"https:\\\/\\\/www.info-algerie.com\\\/actualites\\\/#\\\/schema\\\/logo\\\/image\\\/\"},\"sameAs\":[\"https:\\\/\\\/www.facebook.com\\\/infoalgerieactu\",\"https:\\\/\\\/x.com\\\/infoalgerie1\"]},{\"@type\":\"Person\",\"@id\":\"https:\\\/\\\/www.info-algerie.com\\\/actualites\\\/#\\\/schema\\\/person\\\/847aaec44920825b843a08f30ec6aa1e\",\"name\":\"La r\u00e9daction\",\"image\":{\"@type\":\"ImageObject\",\"inLanguage\":\"fr-FR\",\"@id\":\"https:\\\/\\\/secure.gravatar.com\\\/avatar\\\/769db425c6f465158149f1ffd6cf61ce7a8a879d11dfbef8288af36dfddd418c?s=96&d=mm&r=g\",\"url\":\"https:\\\/\\\/secure.gravatar.com\\\/avatar\\\/769db425c6f465158149f1ffd6cf61ce7a8a879d11dfbef8288af36dfddd418c?s=96&d=mm&r=g\",\"contentUrl\":\"https:\\\/\\\/secure.gravatar.com\\\/avatar\\\/769db425c6f465158149f1ffd6cf61ce7a8a879d11dfbef8288af36dfddd418c?s=96&d=mm&r=g\",\"caption\":\"La r\u00e9daction\"},\"sameAs\":[\"http:\\\/\\\/www.lkeria.com\\\/\"],\"url\":\"https:\\\/\\\/www.info-algerie.com\\\/actualites\\\/author\\\/chakib32\\\/\"}]}<\/script>\n<!-- \/ Yoast SEO plugin. -->","yoast_head_json":{"title":"Le gouvernement attach\u00e9 \u00e0 l&#039;application de la Charte pour la paix et la r\u00e9conciliation nationale - info algerie","robots":{"index":"index","follow":"follow","max-snippet":"max-snippet:-1","max-image-preview":"max-image-preview:large","max-video-preview":"max-video-preview:-1"},"canonical":"https:\/\/www.info-algerie.com\/actualites\/le-gouvernement-attache-a-lapplication-de-la-charte-pour-la-paix-et-la-reconciliation-nationale\/","og_locale":"fr_FR","og_type":"article","og_title":"Le gouvernement attach\u00e9 \u00e0 l&#039;application de la Charte pour la paix et la r\u00e9conciliation nationale - info algerie","og_description":"ALGER- Le premier ministre, Ahmed Ouyahia, a affirm\u00e9 lundi \u00e0 Alger l&rsquo;attachement du gouvernement \u00e0 l&rsquo;application de la Charte pour la paix et la r\u00e9conciliation nationale \u00a0\u00bb dans l&rsquo;esprit et la lettre\u00a0\u00bb, soulignant que le succ\u00e8s de cette d\u00e9marche initi\u00e9e par le pr\u00e9sident de la R\u00e9publique et vot\u00e9e massivement par le peuple alg\u00e9rien en 2005","og_url":"https:\/\/www.info-algerie.com\/actualites\/le-gouvernement-attache-a-lapplication-de-la-charte-pour-la-paix-et-la-reconciliation-nationale\/","og_site_name":"info algerie","article_publisher":"https:\/\/www.facebook.com\/infoalgerieactu","article_published_time":"2017-09-25T11:08:22+00:00","og_image":[{"width":280,"height":228,"url":"https:\/\/www.info-algerie.com\/actualites\/wp-content\/uploads\/2017\/09\/5889b38fd655be749043a5dda5983778_S-1.jpg","type":"image\/jpeg"}],"author":"La r\u00e9daction","twitter_misc":{"\u00c9crit par":"La r\u00e9daction","Dur\u00e9e de lecture estim\u00e9e":"3 minutes"},"schema":{"@context":"https:\/\/schema.org","@graph":[{"@type":"Article","@id":"https:\/\/www.info-algerie.com\/actualites\/le-gouvernement-attache-a-lapplication-de-la-charte-pour-la-paix-et-la-reconciliation-nationale\/#article","isPartOf":{"@id":"https:\/\/www.info-algerie.com\/actualites\/le-gouvernement-attache-a-lapplication-de-la-charte-pour-la-paix-et-la-reconciliation-nationale\/"},"author":{"name":"La r\u00e9daction","@id":"https:\/\/www.info-algerie.com\/actualites\/#\/schema\/person\/847aaec44920825b843a08f30ec6aa1e"},"headline":"Le gouvernement attach\u00e9 \u00e0 l&#039;application de la Charte pour la paix et la r\u00e9conciliation nationale","datePublished":"2017-09-25T11:08:22+00:00","mainEntityOfPage":{"@id":"https:\/\/www.info-algerie.com\/actualites\/le-gouvernement-attache-a-lapplication-de-la-charte-pour-la-paix-et-la-reconciliation-nationale\/"},"wordCount":547,"commentCount":0,"publisher":{"@id":"https:\/\/www.info-algerie.com\/actualites\/#organization"},"image":{"@id":"https:\/\/www.info-algerie.com\/actualites\/le-gouvernement-attache-a-lapplication-de-la-charte-pour-la-paix-et-la-reconciliation-nationale\/#primaryimage"},"thumbnailUrl":"https:\/\/www.info-algerie.com\/actualites\/wp-content\/uploads\/2017\/09\/5889b38fd655be749043a5dda5983778_S-1.jpg","keywords":["ONU"],"articleSection":["infos"],"inLanguage":"fr-FR","potentialAction":[{"@type":"CommentAction","name":"Comment","target":["https:\/\/www.info-algerie.com\/actualites\/le-gouvernement-attache-a-lapplication-de-la-charte-pour-la-paix-et-la-reconciliation-nationale\/#respond"]}]},{"@type":"WebPage","@id":"https:\/\/www.info-algerie.com\/actualites\/le-gouvernement-attache-a-lapplication-de-la-charte-pour-la-paix-et-la-reconciliation-nationale\/","url":"https:\/\/www.info-algerie.com\/actualites\/le-gouvernement-attache-a-lapplication-de-la-charte-pour-la-paix-et-la-reconciliation-nationale\/","name":"Le gouvernement attach\u00e9 \u00e0 l&#039;application de la Charte pour la paix et la r\u00e9conciliation nationale - info algerie","isPartOf":{"@id":"https:\/\/www.info-algerie.com\/actualites\/#website"},"primaryImageOfPage":{"@id":"https:\/\/www.info-algerie.com\/actualites\/le-gouvernement-attache-a-lapplication-de-la-charte-pour-la-paix-et-la-reconciliation-nationale\/#primaryimage"},"image":{"@id":"https:\/\/www.info-algerie.com\/actualites\/le-gouvernement-attache-a-lapplication-de-la-charte-pour-la-paix-et-la-reconciliation-nationale\/#primaryimage"},"thumbnailUrl":"https:\/\/www.info-algerie.com\/actualites\/wp-content\/uploads\/2017\/09\/5889b38fd655be749043a5dda5983778_S-1.jpg","datePublished":"2017-09-25T11:08:22+00:00","breadcrumb":{"@id":"https:\/\/www.info-algerie.com\/actualites\/le-gouvernement-attache-a-lapplication-de-la-charte-pour-la-paix-et-la-reconciliation-nationale\/#breadcrumb"},"inLanguage":"fr-FR","potentialAction":[{"@type":"ReadAction","target":["https:\/\/www.info-algerie.com\/actualites\/le-gouvernement-attache-a-lapplication-de-la-charte-pour-la-paix-et-la-reconciliation-nationale\/"]}]},{"@type":"ImageObject","inLanguage":"fr-FR","@id":"https:\/\/www.info-algerie.com\/actualites\/le-gouvernement-attache-a-lapplication-de-la-charte-pour-la-paix-et-la-reconciliation-nationale\/#primaryimage","url":"https:\/\/www.info-algerie.com\/actualites\/wp-content\/uploads\/2017\/09\/5889b38fd655be749043a5dda5983778_S-1.jpg","contentUrl":"https:\/\/www.info-algerie.com\/actualites\/wp-content\/uploads\/2017\/09\/5889b38fd655be749043a5dda5983778_S-1.jpg","width":280,"height":228},{"@type":"BreadcrumbList","@id":"https:\/\/www.info-algerie.com\/actualites\/le-gouvernement-attache-a-lapplication-de-la-charte-pour-la-paix-et-la-reconciliation-nationale\/#breadcrumb","itemListElement":[{"@type":"ListItem","position":1,"name":"Accueil","item":"https:\/\/www.info-algerie.com\/actualites\/"},{"@type":"ListItem","position":2,"name":"Le gouvernement attach\u00e9 \u00e0 l&#039;application de la Charte pour la paix et la r\u00e9conciliation nationale"}]},{"@type":"WebSite","@id":"https:\/\/www.info-algerie.com\/actualites\/#website","url":"https:\/\/www.info-algerie.com\/actualites\/","name":"info algerie","description":"Toutes les actualit\u00e9s","publisher":{"@id":"https:\/\/www.info-algerie.com\/actualites\/#organization"},"potentialAction":[{"@type":"SearchAction","target":{"@type":"EntryPoint","urlTemplate":"https:\/\/www.info-algerie.com\/actualites\/?s={search_term_string}"},"query-input":{"@type":"PropertyValueSpecification","valueRequired":true,"valueName":"search_term_string"}}],"inLanguage":"fr-FR"},{"@type":"Organization","@id":"https:\/\/www.info-algerie.com\/actualites\/#organization","name":"info algerie","url":"https:\/\/www.info-algerie.com\/actualites\/","logo":{"@type":"ImageObject","inLanguage":"fr-FR","@id":"https:\/\/www.info-algerie.com\/actualites\/#\/schema\/logo\/image\/","url":"https:\/\/www.info-algerie.com\/actualites\/wp-content\/uploads\/2022\/07\/logo-ia-120.png","contentUrl":"https:\/\/www.info-algerie.com\/actualites\/wp-content\/uploads\/2022\/07\/logo-ia-120.png","width":120,"height":43,"caption":"info algerie"},"image":{"@id":"https:\/\/www.info-algerie.com\/actualites\/#\/schema\/logo\/image\/"},"sameAs":["https:\/\/www.facebook.com\/infoalgerieactu","https:\/\/x.com\/infoalgerie1"]},{"@type":"Person","@id":"https:\/\/www.info-algerie.com\/actualites\/#\/schema\/person\/847aaec44920825b843a08f30ec6aa1e","name":"La r\u00e9daction","image":{"@type":"ImageObject","inLanguage":"fr-FR","@id":"https:\/\/secure.gravatar.com\/avatar\/769db425c6f465158149f1ffd6cf61ce7a8a879d11dfbef8288af36dfddd418c?s=96&d=mm&r=g","url":"https:\/\/secure.gravatar.com\/avatar\/769db425c6f465158149f1ffd6cf61ce7a8a879d11dfbef8288af36dfddd418c?s=96&d=mm&r=g","contentUrl":"https:\/\/secure.gravatar.com\/avatar\/769db425c6f465158149f1ffd6cf61ce7a8a879d11dfbef8288af36dfddd418c?s=96&d=mm&r=g","caption":"La r\u00e9daction"},"sameAs":["http:\/\/www.lkeria.com\/"],"url":"https:\/\/www.info-algerie.com\/actualites\/author\/chakib32\/"}]}},"_links":{"self":[{"href":"https:\/\/www.info-algerie.com\/actualites\/wp-json\/wp\/v2\/posts\/16284","targetHints":{"allow":["GET"]}}],"collection":[{"href":"https:\/\/www.info-algerie.com\/actualites\/wp-json\/wp\/v2\/posts"}],"about":[{"href":"https:\/\/www.info-algerie.com\/actualites\/wp-json\/wp\/v2\/types\/post"}],"author":[{"embeddable":true,"href":"https:\/\/www.info-algerie.com\/actualites\/wp-json\/wp\/v2\/users\/6"}],"replies":[{"embeddable":true,"href":"https:\/\/www.info-algerie.com\/actualites\/wp-json\/wp\/v2\/comments?post=16284"}],"version-history":[{"count":0,"href":"https:\/\/www.info-algerie.com\/actualites\/wp-json\/wp\/v2\/posts\/16284\/revisions"}],"wp:featuredmedia":[{"embeddable":true,"href":"https:\/\/www.info-algerie.com\/actualites\/wp-json\/wp\/v2\/media\/16285"}],"wp:attachment":[{"href":"https:\/\/www.info-algerie.com\/actualites\/wp-json\/wp\/v2\/media?parent=16284"}],"wp:term":[{"taxonomy":"category","embeddable":true,"href":"https:\/\/www.info-algerie.com\/actualites\/wp-json\/wp\/v2\/categories?post=16284"},{"taxonomy":"post_tag","embeddable":true,"href":"https:\/\/www.info-algerie.com\/actualites\/wp-json\/wp\/v2\/tags?post=16284"}],"curies":[{"name":"wp","href":"https:\/\/api.w.org\/{rel}","templated":true}]}}