{"id":16287,"date":"2017-09-25T13:12:11","date_gmt":"2017-09-25T12:12:11","guid":{"rendered":"http:\/\/www.info-algerie.com\/actualites\/il-est-temps-de-depolitiser-la-memoire-de-la-guerre-dalgerie-en-reconnaissant-les-souffrances-des-victimes\/"},"modified":"2017-09-25T13:12:11","modified_gmt":"2017-09-25T12:12:11","slug":"il-est-temps-de-depolitiser-la-memoire-de-la-guerre-dalgerie-en-reconnaissant-les-souffrances-des-victimes","status":"publish","type":"post","link":"https:\/\/www.info-algerie.com\/actualites\/il-est-temps-de-depolitiser-la-memoire-de-la-guerre-dalgerie-en-reconnaissant-les-souffrances-des-victimes\/","title":{"rendered":"&quot;Il est temps de d\u00e9politiser la m\u00e9moire de la guerre d\u2019Alg\u00e9rie en reconnaissant les souffrances des victimes&quot;"},"content":{"rendered":"<div class=\"K2FeedImage\"><img decoding=\"async\" src=\"https:\/\/www.info-algerie.com\/actualites\/wp-content\/uploads\/2017\/09\/321a574db73cb7defcac0db0adacc262_S.jpg\" \/><\/div>\n<div class=\"K2FeedIntroText\">\n<p class=\"MsoNoSpacing\">PARIS-L\u2019historienne fran\u00e7aise Sylvie Th\u00e9nault a affirm\u00e9 qu\u2019il faut d\u00e9politiser la m\u00e9moire de la guerre d\u2019Alg\u00e9rie en reconnaissant les souffrances des victimes, estimant que c\u2019est la \u00a0\u00bbmeilleure fa\u00e7on\u00a0\u00bb de proc\u00e9der.<\/p>\n<p>&#013;\n<\/p><\/div>\n<div class=\"K2FeedFullText\">&#013;<\/p>\n<p class=\"MsoNoSpacing\">\u00ab\u00a0Il est temps de d\u00e9politiser la m\u00e9moire de la guerre d\u2019Alg\u00e9rie en reconnaissant sinc\u00e8rement les souffrances des victimes et de sortir des bas usages de l\u2019histoire\u00a0\u00bb, a-t-elle dit dans un entretien au quotidien La Croix, publi\u00e9 lundi, avertissant que \u00ab\u00a0tant que nous restons dans une m\u00e9moire partielle de la guerre, nous sommes pris dans un jeu de concurrence, non pas des m\u00e9moires mais des courants qui politisent ces m\u00e9moires\u00a0\u00bb.<\/p>\n<p>&#013;<\/p>\n<p class=\"MsoNoSpacing\">Sylvie Th\u00e9nault, directrice de recherche au CNRS et sp\u00e9cialiste de la guerre de lib\u00e9ration nationale, a estim\u00e9 que la r\u00e9conciliation des m\u00e9moires est \u00ab\u00a0souhaitable\u00a0\u00bb.<\/p>\n<p>&#013;<\/p>\n<p class=\"MsoNoSpacing\">Evoquant les courants qui politisent en France ces m\u00e9moires, elle cite \u00ab\u00a0ceux qui d\u00e9fendent l\u2019id\u00e9e de reconna\u00eetre et r\u00e9parer les souffrances des colonis\u00e9s sont du c\u00f4t\u00e9 de la gauche, de l\u2019extr\u00eame gauche et de l\u2019anticolonialisme\u00a0\u00bb, pr\u00e9cisant que de l\u2019autre c\u00f4t\u00e9, la cause des harkis \u00ab\u00a0fut pendant longtemps utilis\u00e9e par les nostalgiques de l\u2019Alg\u00e9rie fran\u00e7aise\u00a0\u00bb.<\/p>\n<p>&#013;<\/p>\n<p class=\"MsoNoSpacing\">\u00ab\u00a0Mais la m\u00e9moire des pieds-noirs reste, elle, tr\u00e8s politis\u00e9e, notamment l\u00e0 o\u00f9 les enjeux \u00e9lectoraux sont importants pour le Front national comme dans le sud de la France\u00a0\u00bb, a-t-elle ajout\u00e9, estimant que l\u2019av\u00e8nement d\u2019Emmanuel Macron \u00e0 la pr\u00e9sidence\u00a0 peut repr\u00e9senter une opportunit\u00e9 .<\/p>\n<p>&#013;<\/p>\n<p class=\"MsoNoSpacing\">\u00ab\u00a0Elle (l\u2019\u00e9lection d\u2019Emmanuel Macron) peut repr\u00e9senter une opportunit\u00e9, pas seulement par son positionnement politique +de droite et de gauche+\u00a0\u00bb, a-t-elle relev\u00e9, consid\u00e9rant \u00ab\u00a0qu\u2019il a aussi appris de la pol\u00e9mique d\u00e9clench\u00e9e par ses propos qualifiant la colonisation de crime de l\u2019humanit\u00e9\u00a0\u00bb.<\/p>\n<p>&#013;<\/p>\n<p class=\"MsoNoSpacing\">Pour l\u2019auteur de \u00ab\u00a0Histoire de la guerre d\u2019ind\u00e9pendance alg\u00e9rienne\u00a0\u00bb (Ed. Flammarion, 2012), le pr\u00e9sident Macron appartient \u00e0 une g\u00e9n\u00e9ration qui n\u2019a pas connu la guerre, d\u2019autant, a-telle-soutenu, \u00ab\u00a0il est entr\u00e9 en politique \u00e0 un moment o\u00f9 l\u2019antiracisme avait une forte valeur\u00a0\u00bb.<\/p>\n<p>&#013;<\/p>\n<p class=\"MsoNoSpacing\">Macron \u00ab\u00a0est d\u2019une g\u00e9n\u00e9ration o\u00f9 l\u2019ind\u00e9pendance de l\u2019Alg\u00e9rie ne se discute plus. De ce fait, il peut poser des gestes, y compris envers les Fran\u00e7ais d\u2019Alg\u00e9rie, sans risque politique. Et il a la possibilit\u00e9 de reconna\u00eetre la responsabilit\u00e9 de la France, sur le mod\u00e8le de Jacques Chirac en 1995 \u00e0 propos de la collaboration\u00a0\u00bb, a-t-elle expliqu\u00e9, consid\u00e9rant que les souffrances pendant la guerre \u00ab\u00a0n\u2019ont pas eu la m\u00eame \u00e9chelle\u00a0\u00bb.<\/p>\n<p>&#013;<\/p>\n<p class=\"MsoNoSpacing\">\u00ab\u00a0La torture et les ex\u00e9cutions sommaires ont concern\u00e9 des centaines de milliers d\u2019Alg\u00e9riens. Quant aux camps de regroupements, ce sont deux millions d\u2019Alg\u00e9riens qui y ont \u00e9t\u00e9 plac\u00e9s. La nature des souffrances est aussi \u00e0 prendre en compte. Ce n\u2019est pas comparable d\u2019avoir \u00e9t\u00e9 victime de la torture ou d\u2019avoir vu un proche ex\u00e9cut\u00e9 et de s\u2019\u00eatre sauv\u00e9 dans l\u2019urgence pour \u00e9chapper au massacre puis d\u2019avoir v\u00e9cu dans un camp des dizaines d\u2019ann\u00e9es dans des conditions certes mis\u00e9rables\u00a0\u00bb, a-t-elle tenu \u00e0 souligner.<\/p>\n<p>&#013;<\/p>\n<p>\u00a0<\/p>\n<p>&#013;<\/p>\n<p class=\"MsoNoSpacing\">L\u2019historienne, qui \u00e9galement l\u2019auteure de \u00ab\u00a0Violence ordinaire dans l\u2019Alg\u00e9rie coloniale\u00a0\u00bb (Ed. Odile Jacob, 2012), pr\u00e9conise, \u00e0 cet effet, une \u00ab\u00a0approche globale\u00a0\u00bb de la France vis-\u00e0-vis de la guerre de lib\u00e9ration qui devra \u00eatre accompagn\u00e9e d\u2019un \u00ab\u00a0travail diplomatique\u00a0\u00bb afin, dit-elle, que \u00ab\u00a0les gestes et discours ici ne puissent pas \u00eatre mal interpr\u00e9t\u00e9s\u00a0\u00bb.<\/p>\n<\/div>\n<p>&#013;<br \/>\nSource: <a href=\"http:\/\/www.aps.dz\/algerie\/63216-il-est-temps-de-depolitiser-la-memoire-de-la-guerre-d-algerie-en-reconnaissant-les-souffrances-des-victimes\" target=\"_blank\">\u00ab\u00a0Il est temps de d\u00e9politiser la m\u00e9moire de la guerre d\u2019Alg\u00e9rie en reconnaissant les souffrances des victimes\u00a0\u00bb<\/a><\/p>\n<!--CusAds0-->\n<div style=\"font-size: 0px; height: 0px; line-height: 0px; margin: 0; padding: 0; clear: both;\"><\/div>","protected":false},"excerpt":{"rendered":"<p>PARIS-L\u2019historienne fran\u00e7aise Sylvie Th\u00e9nault a affirm\u00e9 qu\u2019il faut d\u00e9politiser la m\u00e9moire de la guerre d\u2019Alg\u00e9rie en reconnaissant les souffrances des victimes, estimant que c\u2019est la \u00a0\u00bbmeilleure fa\u00e7on\u00a0\u00bb de proc\u00e9der. &#013; &#013; \u00ab\u00a0Il est temps de d\u00e9politiser la m\u00e9moire de la guerre d\u2019Alg\u00e9rie en reconnaissant sinc\u00e8rement les souffrances des victimes et de sortir des bas usages<\/p>\n","protected":false},"author":6,"featured_media":16288,"comment_status":"open","ping_status":"open","sticky":false,"template":"","format":"standard","meta":{"footnotes":""},"categories":[22],"tags":[93],"class_list":["post-16287","post","type-post","status-publish","format-standard","has-post-thumbnail","hentry","category-infos","tag-onu"],"yoast_head":"<!-- This site is optimized with the Yoast SEO plugin v27.5 - https:\/\/yoast.com\/product\/yoast-seo-wordpress\/ -->\n<title>&quot;Il est temps de d\u00e9politiser la m\u00e9moire de la guerre d\u2019Alg\u00e9rie en reconnaissant les souffrances des victimes&quot; - info algerie<\/title>\n<meta name=\"robots\" content=\"index, follow, max-snippet:-1, max-image-preview:large, max-video-preview:-1\" \/>\n<link rel=\"canonical\" href=\"https:\/\/www.info-algerie.com\/actualites\/il-est-temps-de-depolitiser-la-memoire-de-la-guerre-dalgerie-en-reconnaissant-les-souffrances-des-victimes\/\" \/>\n<meta property=\"og:locale\" content=\"fr_FR\" \/>\n<meta property=\"og:type\" content=\"article\" \/>\n<meta property=\"og:title\" content=\"&quot;Il est temps de d\u00e9politiser la m\u00e9moire de la guerre d\u2019Alg\u00e9rie en reconnaissant les souffrances des victimes&quot; - info algerie\" \/>\n<meta property=\"og:description\" content=\"PARIS-L\u2019historienne fran\u00e7aise Sylvie Th\u00e9nault a affirm\u00e9 qu\u2019il faut d\u00e9politiser la m\u00e9moire de la guerre d\u2019Alg\u00e9rie en reconnaissant les souffrances des victimes, estimant que c\u2019est la \u00a0\u00bbmeilleure fa\u00e7on\u00a0\u00bb de proc\u00e9der. &#013; &#013; \u00ab\u00a0Il est temps de d\u00e9politiser la m\u00e9moire de la guerre d\u2019Alg\u00e9rie en reconnaissant sinc\u00e8rement les souffrances des victimes et de sortir des bas usages\" \/>\n<meta property=\"og:url\" content=\"https:\/\/www.info-algerie.com\/actualites\/il-est-temps-de-depolitiser-la-memoire-de-la-guerre-dalgerie-en-reconnaissant-les-souffrances-des-victimes\/\" \/>\n<meta property=\"og:site_name\" content=\"info algerie\" \/>\n<meta property=\"article:publisher\" content=\"https:\/\/www.facebook.com\/infoalgerieactu\" \/>\n<meta property=\"article:published_time\" content=\"2017-09-25T12:12:11+00:00\" \/>\n<meta property=\"og:image\" content=\"https:\/\/www.info-algerie.com\/actualites\/wp-content\/uploads\/2017\/09\/321a574db73cb7defcac0db0adacc262_S-1.jpg\" \/>\n\t<meta property=\"og:image:width\" content=\"280\" \/>\n\t<meta property=\"og:image:height\" content=\"158\" \/>\n\t<meta property=\"og:image:type\" content=\"image\/jpeg\" \/>\n<meta name=\"author\" content=\"La r\u00e9daction\" \/>\n<meta name=\"twitter:label1\" content=\"\u00c9crit par\" \/>\n\t<meta name=\"twitter:data1\" content=\"La r\u00e9daction\" \/>\n\t<meta name=\"twitter:label2\" content=\"Dur\u00e9e de lecture estim\u00e9e\" \/>\n\t<meta name=\"twitter:data2\" content=\"3 minutes\" \/>\n<script type=\"application\/ld+json\" class=\"yoast-schema-graph\">{\"@context\":\"https:\\\/\\\/schema.org\",\"@graph\":[{\"@type\":\"Article\",\"@id\":\"https:\\\/\\\/www.info-algerie.com\\\/actualites\\\/il-est-temps-de-depolitiser-la-memoire-de-la-guerre-dalgerie-en-reconnaissant-les-souffrances-des-victimes\\\/#article\",\"isPartOf\":{\"@id\":\"https:\\\/\\\/www.info-algerie.com\\\/actualites\\\/il-est-temps-de-depolitiser-la-memoire-de-la-guerre-dalgerie-en-reconnaissant-les-souffrances-des-victimes\\\/\"},\"author\":{\"name\":\"La r\u00e9daction\",\"@id\":\"https:\\\/\\\/www.info-algerie.com\\\/actualites\\\/#\\\/schema\\\/person\\\/847aaec44920825b843a08f30ec6aa1e\"},\"headline\":\"&quot;Il est temps de d\u00e9politiser la m\u00e9moire de la guerre d\u2019Alg\u00e9rie en reconnaissant les souffrances des victimes&quot;\",\"datePublished\":\"2017-09-25T12:12:11+00:00\",\"mainEntityOfPage\":{\"@id\":\"https:\\\/\\\/www.info-algerie.com\\\/actualites\\\/il-est-temps-de-depolitiser-la-memoire-de-la-guerre-dalgerie-en-reconnaissant-les-souffrances-des-victimes\\\/\"},\"wordCount\":649,\"commentCount\":0,\"publisher\":{\"@id\":\"https:\\\/\\\/www.info-algerie.com\\\/actualites\\\/#organization\"},\"image\":{\"@id\":\"https:\\\/\\\/www.info-algerie.com\\\/actualites\\\/il-est-temps-de-depolitiser-la-memoire-de-la-guerre-dalgerie-en-reconnaissant-les-souffrances-des-victimes\\\/#primaryimage\"},\"thumbnailUrl\":\"https:\\\/\\\/www.info-algerie.com\\\/actualites\\\/wp-content\\\/uploads\\\/2017\\\/09\\\/321a574db73cb7defcac0db0adacc262_S-1.jpg\",\"keywords\":[\"ONU\"],\"articleSection\":[\"infos\"],\"inLanguage\":\"fr-FR\",\"potentialAction\":[{\"@type\":\"CommentAction\",\"name\":\"Comment\",\"target\":[\"https:\\\/\\\/www.info-algerie.com\\\/actualites\\\/il-est-temps-de-depolitiser-la-memoire-de-la-guerre-dalgerie-en-reconnaissant-les-souffrances-des-victimes\\\/#respond\"]}]},{\"@type\":\"WebPage\",\"@id\":\"https:\\\/\\\/www.info-algerie.com\\\/actualites\\\/il-est-temps-de-depolitiser-la-memoire-de-la-guerre-dalgerie-en-reconnaissant-les-souffrances-des-victimes\\\/\",\"url\":\"https:\\\/\\\/www.info-algerie.com\\\/actualites\\\/il-est-temps-de-depolitiser-la-memoire-de-la-guerre-dalgerie-en-reconnaissant-les-souffrances-des-victimes\\\/\",\"name\":\"&quot;Il est temps de d\u00e9politiser la m\u00e9moire de la guerre d\u2019Alg\u00e9rie en reconnaissant les souffrances des victimes&quot; - info algerie\",\"isPartOf\":{\"@id\":\"https:\\\/\\\/www.info-algerie.com\\\/actualites\\\/#website\"},\"primaryImageOfPage\":{\"@id\":\"https:\\\/\\\/www.info-algerie.com\\\/actualites\\\/il-est-temps-de-depolitiser-la-memoire-de-la-guerre-dalgerie-en-reconnaissant-les-souffrances-des-victimes\\\/#primaryimage\"},\"image\":{\"@id\":\"https:\\\/\\\/www.info-algerie.com\\\/actualites\\\/il-est-temps-de-depolitiser-la-memoire-de-la-guerre-dalgerie-en-reconnaissant-les-souffrances-des-victimes\\\/#primaryimage\"},\"thumbnailUrl\":\"https:\\\/\\\/www.info-algerie.com\\\/actualites\\\/wp-content\\\/uploads\\\/2017\\\/09\\\/321a574db73cb7defcac0db0adacc262_S-1.jpg\",\"datePublished\":\"2017-09-25T12:12:11+00:00\",\"breadcrumb\":{\"@id\":\"https:\\\/\\\/www.info-algerie.com\\\/actualites\\\/il-est-temps-de-depolitiser-la-memoire-de-la-guerre-dalgerie-en-reconnaissant-les-souffrances-des-victimes\\\/#breadcrumb\"},\"inLanguage\":\"fr-FR\",\"potentialAction\":[{\"@type\":\"ReadAction\",\"target\":[\"https:\\\/\\\/www.info-algerie.com\\\/actualites\\\/il-est-temps-de-depolitiser-la-memoire-de-la-guerre-dalgerie-en-reconnaissant-les-souffrances-des-victimes\\\/\"]}]},{\"@type\":\"ImageObject\",\"inLanguage\":\"fr-FR\",\"@id\":\"https:\\\/\\\/www.info-algerie.com\\\/actualites\\\/il-est-temps-de-depolitiser-la-memoire-de-la-guerre-dalgerie-en-reconnaissant-les-souffrances-des-victimes\\\/#primaryimage\",\"url\":\"https:\\\/\\\/www.info-algerie.com\\\/actualites\\\/wp-content\\\/uploads\\\/2017\\\/09\\\/321a574db73cb7defcac0db0adacc262_S-1.jpg\",\"contentUrl\":\"https:\\\/\\\/www.info-algerie.com\\\/actualites\\\/wp-content\\\/uploads\\\/2017\\\/09\\\/321a574db73cb7defcac0db0adacc262_S-1.jpg\",\"width\":280,\"height\":158},{\"@type\":\"BreadcrumbList\",\"@id\":\"https:\\\/\\\/www.info-algerie.com\\\/actualites\\\/il-est-temps-de-depolitiser-la-memoire-de-la-guerre-dalgerie-en-reconnaissant-les-souffrances-des-victimes\\\/#breadcrumb\",\"itemListElement\":[{\"@type\":\"ListItem\",\"position\":1,\"name\":\"Accueil\",\"item\":\"https:\\\/\\\/www.info-algerie.com\\\/actualites\\\/\"},{\"@type\":\"ListItem\",\"position\":2,\"name\":\"&quot;Il est temps de d\u00e9politiser la m\u00e9moire de la guerre d\u2019Alg\u00e9rie en reconnaissant les souffrances des victimes&quot;\"}]},{\"@type\":\"WebSite\",\"@id\":\"https:\\\/\\\/www.info-algerie.com\\\/actualites\\\/#website\",\"url\":\"https:\\\/\\\/www.info-algerie.com\\\/actualites\\\/\",\"name\":\"info algerie\",\"description\":\"Toutes les actualit\u00e9s\",\"publisher\":{\"@id\":\"https:\\\/\\\/www.info-algerie.com\\\/actualites\\\/#organization\"},\"potentialAction\":[{\"@type\":\"SearchAction\",\"target\":{\"@type\":\"EntryPoint\",\"urlTemplate\":\"https:\\\/\\\/www.info-algerie.com\\\/actualites\\\/?s={search_term_string}\"},\"query-input\":{\"@type\":\"PropertyValueSpecification\",\"valueRequired\":true,\"valueName\":\"search_term_string\"}}],\"inLanguage\":\"fr-FR\"},{\"@type\":\"Organization\",\"@id\":\"https:\\\/\\\/www.info-algerie.com\\\/actualites\\\/#organization\",\"name\":\"info algerie\",\"url\":\"https:\\\/\\\/www.info-algerie.com\\\/actualites\\\/\",\"logo\":{\"@type\":\"ImageObject\",\"inLanguage\":\"fr-FR\",\"@id\":\"https:\\\/\\\/www.info-algerie.com\\\/actualites\\\/#\\\/schema\\\/logo\\\/image\\\/\",\"url\":\"https:\\\/\\\/www.info-algerie.com\\\/actualites\\\/wp-content\\\/uploads\\\/2022\\\/07\\\/logo-ia-120.png\",\"contentUrl\":\"https:\\\/\\\/www.info-algerie.com\\\/actualites\\\/wp-content\\\/uploads\\\/2022\\\/07\\\/logo-ia-120.png\",\"width\":120,\"height\":43,\"caption\":\"info algerie\"},\"image\":{\"@id\":\"https:\\\/\\\/www.info-algerie.com\\\/actualites\\\/#\\\/schema\\\/logo\\\/image\\\/\"},\"sameAs\":[\"https:\\\/\\\/www.facebook.com\\\/infoalgerieactu\",\"https:\\\/\\\/x.com\\\/infoalgerie1\"]},{\"@type\":\"Person\",\"@id\":\"https:\\\/\\\/www.info-algerie.com\\\/actualites\\\/#\\\/schema\\\/person\\\/847aaec44920825b843a08f30ec6aa1e\",\"name\":\"La r\u00e9daction\",\"image\":{\"@type\":\"ImageObject\",\"inLanguage\":\"fr-FR\",\"@id\":\"https:\\\/\\\/secure.gravatar.com\\\/avatar\\\/769db425c6f465158149f1ffd6cf61ce7a8a879d11dfbef8288af36dfddd418c?s=96&d=mm&r=g\",\"url\":\"https:\\\/\\\/secure.gravatar.com\\\/avatar\\\/769db425c6f465158149f1ffd6cf61ce7a8a879d11dfbef8288af36dfddd418c?s=96&d=mm&r=g\",\"contentUrl\":\"https:\\\/\\\/secure.gravatar.com\\\/avatar\\\/769db425c6f465158149f1ffd6cf61ce7a8a879d11dfbef8288af36dfddd418c?s=96&d=mm&r=g\",\"caption\":\"La r\u00e9daction\"},\"sameAs\":[\"http:\\\/\\\/www.lkeria.com\\\/\"],\"url\":\"https:\\\/\\\/www.info-algerie.com\\\/actualites\\\/author\\\/chakib32\\\/\"}]}<\/script>\n<!-- \/ Yoast SEO plugin. -->","yoast_head_json":{"title":"&quot;Il est temps de d\u00e9politiser la m\u00e9moire de la guerre d\u2019Alg\u00e9rie en reconnaissant les souffrances des victimes&quot; - info algerie","robots":{"index":"index","follow":"follow","max-snippet":"max-snippet:-1","max-image-preview":"max-image-preview:large","max-video-preview":"max-video-preview:-1"},"canonical":"https:\/\/www.info-algerie.com\/actualites\/il-est-temps-de-depolitiser-la-memoire-de-la-guerre-dalgerie-en-reconnaissant-les-souffrances-des-victimes\/","og_locale":"fr_FR","og_type":"article","og_title":"&quot;Il est temps de d\u00e9politiser la m\u00e9moire de la guerre d\u2019Alg\u00e9rie en reconnaissant les souffrances des victimes&quot; - info algerie","og_description":"PARIS-L\u2019historienne fran\u00e7aise Sylvie Th\u00e9nault a affirm\u00e9 qu\u2019il faut d\u00e9politiser la m\u00e9moire de la guerre d\u2019Alg\u00e9rie en reconnaissant les souffrances des victimes, estimant que c\u2019est la \u00a0\u00bbmeilleure fa\u00e7on\u00a0\u00bb de proc\u00e9der. &#013; &#013; \u00ab\u00a0Il est temps de d\u00e9politiser la m\u00e9moire de la guerre d\u2019Alg\u00e9rie en reconnaissant sinc\u00e8rement les souffrances des victimes et de sortir des bas usages","og_url":"https:\/\/www.info-algerie.com\/actualites\/il-est-temps-de-depolitiser-la-memoire-de-la-guerre-dalgerie-en-reconnaissant-les-souffrances-des-victimes\/","og_site_name":"info algerie","article_publisher":"https:\/\/www.facebook.com\/infoalgerieactu","article_published_time":"2017-09-25T12:12:11+00:00","og_image":[{"width":280,"height":158,"url":"https:\/\/www.info-algerie.com\/actualites\/wp-content\/uploads\/2017\/09\/321a574db73cb7defcac0db0adacc262_S-1.jpg","type":"image\/jpeg"}],"author":"La r\u00e9daction","twitter_misc":{"\u00c9crit par":"La r\u00e9daction","Dur\u00e9e de lecture estim\u00e9e":"3 minutes"},"schema":{"@context":"https:\/\/schema.org","@graph":[{"@type":"Article","@id":"https:\/\/www.info-algerie.com\/actualites\/il-est-temps-de-depolitiser-la-memoire-de-la-guerre-dalgerie-en-reconnaissant-les-souffrances-des-victimes\/#article","isPartOf":{"@id":"https:\/\/www.info-algerie.com\/actualites\/il-est-temps-de-depolitiser-la-memoire-de-la-guerre-dalgerie-en-reconnaissant-les-souffrances-des-victimes\/"},"author":{"name":"La r\u00e9daction","@id":"https:\/\/www.info-algerie.com\/actualites\/#\/schema\/person\/847aaec44920825b843a08f30ec6aa1e"},"headline":"&quot;Il est temps de d\u00e9politiser la m\u00e9moire de la guerre d\u2019Alg\u00e9rie en reconnaissant les souffrances des victimes&quot;","datePublished":"2017-09-25T12:12:11+00:00","mainEntityOfPage":{"@id":"https:\/\/www.info-algerie.com\/actualites\/il-est-temps-de-depolitiser-la-memoire-de-la-guerre-dalgerie-en-reconnaissant-les-souffrances-des-victimes\/"},"wordCount":649,"commentCount":0,"publisher":{"@id":"https:\/\/www.info-algerie.com\/actualites\/#organization"},"image":{"@id":"https:\/\/www.info-algerie.com\/actualites\/il-est-temps-de-depolitiser-la-memoire-de-la-guerre-dalgerie-en-reconnaissant-les-souffrances-des-victimes\/#primaryimage"},"thumbnailUrl":"https:\/\/www.info-algerie.com\/actualites\/wp-content\/uploads\/2017\/09\/321a574db73cb7defcac0db0adacc262_S-1.jpg","keywords":["ONU"],"articleSection":["infos"],"inLanguage":"fr-FR","potentialAction":[{"@type":"CommentAction","name":"Comment","target":["https:\/\/www.info-algerie.com\/actualites\/il-est-temps-de-depolitiser-la-memoire-de-la-guerre-dalgerie-en-reconnaissant-les-souffrances-des-victimes\/#respond"]}]},{"@type":"WebPage","@id":"https:\/\/www.info-algerie.com\/actualites\/il-est-temps-de-depolitiser-la-memoire-de-la-guerre-dalgerie-en-reconnaissant-les-souffrances-des-victimes\/","url":"https:\/\/www.info-algerie.com\/actualites\/il-est-temps-de-depolitiser-la-memoire-de-la-guerre-dalgerie-en-reconnaissant-les-souffrances-des-victimes\/","name":"&quot;Il est temps de d\u00e9politiser la m\u00e9moire de la guerre d\u2019Alg\u00e9rie en reconnaissant les souffrances des victimes&quot; - info algerie","isPartOf":{"@id":"https:\/\/www.info-algerie.com\/actualites\/#website"},"primaryImageOfPage":{"@id":"https:\/\/www.info-algerie.com\/actualites\/il-est-temps-de-depolitiser-la-memoire-de-la-guerre-dalgerie-en-reconnaissant-les-souffrances-des-victimes\/#primaryimage"},"image":{"@id":"https:\/\/www.info-algerie.com\/actualites\/il-est-temps-de-depolitiser-la-memoire-de-la-guerre-dalgerie-en-reconnaissant-les-souffrances-des-victimes\/#primaryimage"},"thumbnailUrl":"https:\/\/www.info-algerie.com\/actualites\/wp-content\/uploads\/2017\/09\/321a574db73cb7defcac0db0adacc262_S-1.jpg","datePublished":"2017-09-25T12:12:11+00:00","breadcrumb":{"@id":"https:\/\/www.info-algerie.com\/actualites\/il-est-temps-de-depolitiser-la-memoire-de-la-guerre-dalgerie-en-reconnaissant-les-souffrances-des-victimes\/#breadcrumb"},"inLanguage":"fr-FR","potentialAction":[{"@type":"ReadAction","target":["https:\/\/www.info-algerie.com\/actualites\/il-est-temps-de-depolitiser-la-memoire-de-la-guerre-dalgerie-en-reconnaissant-les-souffrances-des-victimes\/"]}]},{"@type":"ImageObject","inLanguage":"fr-FR","@id":"https:\/\/www.info-algerie.com\/actualites\/il-est-temps-de-depolitiser-la-memoire-de-la-guerre-dalgerie-en-reconnaissant-les-souffrances-des-victimes\/#primaryimage","url":"https:\/\/www.info-algerie.com\/actualites\/wp-content\/uploads\/2017\/09\/321a574db73cb7defcac0db0adacc262_S-1.jpg","contentUrl":"https:\/\/www.info-algerie.com\/actualites\/wp-content\/uploads\/2017\/09\/321a574db73cb7defcac0db0adacc262_S-1.jpg","width":280,"height":158},{"@type":"BreadcrumbList","@id":"https:\/\/www.info-algerie.com\/actualites\/il-est-temps-de-depolitiser-la-memoire-de-la-guerre-dalgerie-en-reconnaissant-les-souffrances-des-victimes\/#breadcrumb","itemListElement":[{"@type":"ListItem","position":1,"name":"Accueil","item":"https:\/\/www.info-algerie.com\/actualites\/"},{"@type":"ListItem","position":2,"name":"&quot;Il est temps de d\u00e9politiser la m\u00e9moire de la guerre d\u2019Alg\u00e9rie en reconnaissant les souffrances des victimes&quot;"}]},{"@type":"WebSite","@id":"https:\/\/www.info-algerie.com\/actualites\/#website","url":"https:\/\/www.info-algerie.com\/actualites\/","name":"info algerie","description":"Toutes les actualit\u00e9s","publisher":{"@id":"https:\/\/www.info-algerie.com\/actualites\/#organization"},"potentialAction":[{"@type":"SearchAction","target":{"@type":"EntryPoint","urlTemplate":"https:\/\/www.info-algerie.com\/actualites\/?s={search_term_string}"},"query-input":{"@type":"PropertyValueSpecification","valueRequired":true,"valueName":"search_term_string"}}],"inLanguage":"fr-FR"},{"@type":"Organization","@id":"https:\/\/www.info-algerie.com\/actualites\/#organization","name":"info algerie","url":"https:\/\/www.info-algerie.com\/actualites\/","logo":{"@type":"ImageObject","inLanguage":"fr-FR","@id":"https:\/\/www.info-algerie.com\/actualites\/#\/schema\/logo\/image\/","url":"https:\/\/www.info-algerie.com\/actualites\/wp-content\/uploads\/2022\/07\/logo-ia-120.png","contentUrl":"https:\/\/www.info-algerie.com\/actualites\/wp-content\/uploads\/2022\/07\/logo-ia-120.png","width":120,"height":43,"caption":"info algerie"},"image":{"@id":"https:\/\/www.info-algerie.com\/actualites\/#\/schema\/logo\/image\/"},"sameAs":["https:\/\/www.facebook.com\/infoalgerieactu","https:\/\/x.com\/infoalgerie1"]},{"@type":"Person","@id":"https:\/\/www.info-algerie.com\/actualites\/#\/schema\/person\/847aaec44920825b843a08f30ec6aa1e","name":"La r\u00e9daction","image":{"@type":"ImageObject","inLanguage":"fr-FR","@id":"https:\/\/secure.gravatar.com\/avatar\/769db425c6f465158149f1ffd6cf61ce7a8a879d11dfbef8288af36dfddd418c?s=96&d=mm&r=g","url":"https:\/\/secure.gravatar.com\/avatar\/769db425c6f465158149f1ffd6cf61ce7a8a879d11dfbef8288af36dfddd418c?s=96&d=mm&r=g","contentUrl":"https:\/\/secure.gravatar.com\/avatar\/769db425c6f465158149f1ffd6cf61ce7a8a879d11dfbef8288af36dfddd418c?s=96&d=mm&r=g","caption":"La r\u00e9daction"},"sameAs":["http:\/\/www.lkeria.com\/"],"url":"https:\/\/www.info-algerie.com\/actualites\/author\/chakib32\/"}]}},"_links":{"self":[{"href":"https:\/\/www.info-algerie.com\/actualites\/wp-json\/wp\/v2\/posts\/16287","targetHints":{"allow":["GET"]}}],"collection":[{"href":"https:\/\/www.info-algerie.com\/actualites\/wp-json\/wp\/v2\/posts"}],"about":[{"href":"https:\/\/www.info-algerie.com\/actualites\/wp-json\/wp\/v2\/types\/post"}],"author":[{"embeddable":true,"href":"https:\/\/www.info-algerie.com\/actualites\/wp-json\/wp\/v2\/users\/6"}],"replies":[{"embeddable":true,"href":"https:\/\/www.info-algerie.com\/actualites\/wp-json\/wp\/v2\/comments?post=16287"}],"version-history":[{"count":0,"href":"https:\/\/www.info-algerie.com\/actualites\/wp-json\/wp\/v2\/posts\/16287\/revisions"}],"wp:featuredmedia":[{"embeddable":true,"href":"https:\/\/www.info-algerie.com\/actualites\/wp-json\/wp\/v2\/media\/16288"}],"wp:attachment":[{"href":"https:\/\/www.info-algerie.com\/actualites\/wp-json\/wp\/v2\/media?parent=16287"}],"wp:term":[{"taxonomy":"category","embeddable":true,"href":"https:\/\/www.info-algerie.com\/actualites\/wp-json\/wp\/v2\/categories?post=16287"},{"taxonomy":"post_tag","embeddable":true,"href":"https:\/\/www.info-algerie.com\/actualites\/wp-json\/wp\/v2\/tags?post=16287"}],"curies":[{"name":"wp","href":"https:\/\/api.w.org\/{rel}","templated":true}]}}