{"id":16300,"date":"2017-09-25T16:10:12","date_gmt":"2017-09-25T15:10:12","guid":{"rendered":"http:\/\/www.info-algerie.com\/actualites\/plan-daction-attachement-du-gouvernement-a-lapplication-de-la-charte-pour-la-paix-et-la-reconciliation-nationale\/"},"modified":"2017-09-25T16:10:12","modified_gmt":"2017-09-25T15:10:12","slug":"plan-daction-attachement-du-gouvernement-a-lapplication-de-la-charte-pour-la-paix-et-la-reconciliation-nationale","status":"publish","type":"post","link":"https:\/\/www.info-algerie.com\/actualites\/plan-daction-attachement-du-gouvernement-a-lapplication-de-la-charte-pour-la-paix-et-la-reconciliation-nationale\/","title":{"rendered":"Plan d&#039;action: attachement du gouvernement \u00e0 l&#039;application de la Charte\u00a0pour la paix et la r\u00e9conciliation nationale"},"content":{"rendered":"<div class=\"K2FeedImage\"><img decoding=\"async\" src=\"https:\/\/www.info-algerie.com\/actualites\/wp-content\/uploads\/2017\/09\/b35ce5952c020c066bf21e803743e018_S.jpg\" alt=\"Plan d'action: attachement du gouvernement &#xE0; l'application de la Charte&#xA0;pour la paix et la r&#xE9;conciliation nationale\" \/><\/div>\n<div class=\"K2FeedIntroText\">\n<p>ALGER- La pr\u00e9sentation du <a href=\"http:\/\/www.aps.dz\/algerie\/63215-ouyahia-entame-la-presentation-du-plan-d-action-du-gouvernement-devant-le-conseil-de-la-nation\" target=\"_blank\">plan d&rsquo;action du gouvernement<\/a> devant les membres du Conseil de la nation a \u00e9t\u00e9 une occasion pour le Premier ministre Ahmed Ouyahia pour r\u00e9affirmer l&rsquo;attachement du Gouvernement \u00e0 l&rsquo;application de la <a href=\"http:\/\/www.aps.dz\/algerie\/63212-ouyahia-le-gouvernement-attache-a-l-application-de-la-charte-pour-la-paix-et-la-reconciliation-nationale\" target=\"_blank\">Charte pour la paix et la r\u00e9conciliation nationale<\/a> tant elle a permis un retour de la paix et de la s\u00e9curit\u00e9 \u00e0 travers le pays.<\/p>\n<p>&#013;\n<\/p><\/div>\n<div class=\"K2FeedFullText\">&#013;<\/p>\n<p>\u00ab\u00a0J&rsquo;affirme au nom du gouvernement notre attachement \u00e0 l&rsquo;application de la Charte pour la paix et la r\u00e9conciliation nationale \u00e0 la lettre et dans son\u00a0 esprit\u00a0\u00bb, a-t-il soutenu ajoutant qu&rsquo;il \u00ab\u00a0n&rsquo;y a aujourd&rsquo;hui aucun doute quant\u00a0 \u00e0 la r\u00e9ussite de cette d\u00e9marche m\u00eame si au d\u00e9but, ce qui est normal,\u00a0 certaines appr\u00e9hensions ont \u00e9t\u00e9 exprim\u00e9es au sein de la soci\u00e9t\u00e9 avant\u00a0 qu&rsquo;elles ne soient dissip\u00e9es suite au retour de la paix et de la s\u00e9curit\u00e9 \u00e0\u00a0 travers le pays\u00a0\u00bb.<\/p>\n<p>&#013;<\/p>\n<p>Il a fait remarquer que l&rsquo;exp\u00e9rience alg\u00e9rienne en mati\u00e8re de\u00a0 r\u00e9conciliation nationale \u00ab\u00a0suscite l&rsquo;int\u00e9r\u00eat de plusieurs pays et organisations internationales qui veulent s&rsquo;en inspirer\u00a0\u00bb.<\/p>\n<p>&#013;<\/p>\n<p>A cette occasion, M. Ouyahia a lanc\u00e9 un appel \u00ab\u00a0\u00e0 nos enfants \u00e9gar\u00e9s pour retourner au sein de leur peuple et leurs familles\u00a0\u00bb,\u00a0 ajoutant qu&rsquo;en cas o\u00f9\u00a0 ils refuseraient la main tendue, \u00ab\u00a0l&rsquo;Etat les \u00e9liminera par la force ou ils\u00a0 seront jug\u00e9s et condamn\u00e9s s\u00e9v\u00e8rement par la force de la loi\u00a0\u00bb.<\/p>\n<p>&#013;<\/p>\n<p>\u00ab\u00a0J&rsquo;esp\u00e8re que mon appel sera entendu et que ces \u00e9l\u00e9ments terroristes\u00a0 reviennent \u00e0 la raison et rejoindront les milliers d&rsquo;Alg\u00e9riens qui \u00e9taient, par le pass\u00e9, dans les groupes terroristes\u00a0\u00bb, a-t-il dit.<\/p>\n<p>&#013;<\/p>\n<p>S&rsquo;agissant des prochaines \u00e9lections locales, M. Ouyahia a indiqu\u00e9 que le\u00a0 taux de participation aux \u00e9lections locales serait \u00ab\u00a0in\u00e9vitablement plus \u00e9lev\u00e9\u00a0\u00bb que celui des l\u00e9gislatives, en se basant sur une analyse\u00a0 sociologique (de la situation).<\/p>\n<p>&#013;<\/p>\n<p>Il a ajout\u00e9, dans ce cadre, que les institutions de l&rsquo;Etat veillent \u00e0 assurer la transparence de ces \u00e9lections, critiquant certaines voix qui avaient imput\u00e9 au gouvernement la responsabilit\u00e9 du boycott par des\u00a0 \u00e9lecteurs lors des derni\u00e8res \u00e9lections l\u00e9gislatives.<\/p>\n<p>&#013;<\/p>\n<p>Il a observ\u00e9, dans ce sillage, que cette \u00e9ch\u00e9ance \u00e9lectorale \u00e9tait un \u00ab\u00a0test\u00a0\u00bb pour les partis et les candidats ind\u00e9pendants pour s&rsquo;affirmer en essayant de convaincre, \u00e0 travers leurs programmes, les citoyens, qui ont\u00a0 \u00ab\u00a0l&#8217;embarras du choix\u00a0\u00bb, dans une sc\u00e8ne politique diversifi\u00e9e et compos\u00e9e de\u00a0 tous les courants politiques, notamment les \u00ab\u00a0islamistes, les partis de\u00a0 gauche et les nationalistes\u00a0\u00bb.<\/p>\n<p>&#013;<\/p>\n<p>Concernant les m\u00e9dias, M. Ouyahia a annonc\u00e9 l&rsquo;installation avant la fin de\u00a0 l&rsquo;ann\u00e9e de l&rsquo;<a href=\"http:\/\/www.aps.dz\/algerie\/63218-l-autorite-de-regulation-de-la-presse-ecrite-installee-avant-la-fin-de-l-annee-ouyahia\" target=\"_blank\">Autorit\u00e9 de r\u00e9gulation de la presse \u00e9crite<\/a> (ARPE), relevant\u00a0 que la pr\u00e9sentation du plan d&rsquo;action contenait l&rsquo;engagement du gouvernement\u00a0 pour l&rsquo;am\u00e9lioration de la situation des m\u00e9dias en Alg\u00e9rie et de l&rsquo;acc\u00e8s \u00e0 l&rsquo;information.<\/p>\n<p>&#013;<\/p>\n<p>Il a indiqu\u00e9, par ailleurs, qu&rsquo;une loi serait promulgu\u00e9e l&rsquo;ann\u00e9e prochaine\u00a0 permettant un acc\u00e8s \u00ab\u00a0plus cons\u00e9quent\u00a0\u00bb des m\u00e9dias notamment aux informations\u00a0 et aux documents, conform\u00e9ment \u00e0 la r\u00e9vision de la Constitution, en plus\u00a0 des efforts de l&rsquo;Etat pour le soutien des m\u00e9dias dans la formation, \u00e0\u00a0 travers les diff\u00e9rents instituts.<\/p>\n<p>&#013;<\/p>\n<p class=\"MsoNormal\">Le Premier ministre a affirm\u00e9, en outre, l&rsquo;engagement de l&rsquo;Etat \u00e0 r\u00e9activer le Fonds d&rsquo;aide aux m\u00e9dias, financ\u00e9 par le Tr\u00e9sor public, pour le redynamiser l&rsquo;ann\u00e9e prochaine \u00e0 travers la r\u00e9vision de son encadrement.<\/p>\n<\/div>\n<p>&#013;<br \/>\nSource: <a href=\"http:\/\/www.aps.dz\/algerie\/63227-plan-d-action-attachement-du-gouvernement-a-l-application-de-la-charte-pour-la-paix-et-la-reconciliation-nationale\" target=\"_blank\">Plan d&rsquo;action: attachement du gouvernement \u00e0 l&rsquo;application de la Charte\u00a0pour la paix et la r\u00e9conciliation nationale<\/a><\/p>\n<!--CusAds0-->\n<div style=\"font-size: 0px; height: 0px; line-height: 0px; margin: 0; padding: 0; clear: both;\"><\/div>","protected":false},"excerpt":{"rendered":"<p>ALGER- La pr\u00e9sentation du plan d&rsquo;action du gouvernement devant les membres du Conseil de la nation a \u00e9t\u00e9 une occasion pour le Premier ministre Ahmed Ouyahia pour r\u00e9affirmer l&rsquo;attachement du Gouvernement \u00e0 l&rsquo;application de la Charte pour la paix et la r\u00e9conciliation nationale tant elle a permis un retour de la paix et de la<\/p>\n","protected":false},"author":6,"featured_media":16301,"comment_status":"open","ping_status":"open","sticky":false,"template":"","format":"standard","meta":{"footnotes":""},"categories":[22],"tags":[93],"class_list":["post-16300","post","type-post","status-publish","format-standard","has-post-thumbnail","hentry","category-infos","tag-onu"],"yoast_head":"<!-- This site is optimized with the Yoast SEO plugin v27.5 - https:\/\/yoast.com\/product\/yoast-seo-wordpress\/ -->\n<title>Plan d&#039;action: attachement du gouvernement \u00e0 l&#039;application de la Charte\u00a0pour la paix et la r\u00e9conciliation nationale - info algerie<\/title>\n<meta name=\"robots\" content=\"index, follow, max-snippet:-1, max-image-preview:large, max-video-preview:-1\" \/>\n<link rel=\"canonical\" href=\"https:\/\/www.info-algerie.com\/actualites\/plan-daction-attachement-du-gouvernement-a-lapplication-de-la-charte-pour-la-paix-et-la-reconciliation-nationale\/\" \/>\n<meta property=\"og:locale\" content=\"fr_FR\" \/>\n<meta property=\"og:type\" content=\"article\" \/>\n<meta property=\"og:title\" content=\"Plan d&#039;action: attachement du gouvernement \u00e0 l&#039;application de la Charte\u00a0pour la paix et la r\u00e9conciliation nationale - info algerie\" \/>\n<meta property=\"og:description\" content=\"ALGER- La pr\u00e9sentation du plan d&rsquo;action du gouvernement devant les membres du Conseil de la nation a \u00e9t\u00e9 une occasion pour le Premier ministre Ahmed Ouyahia pour r\u00e9affirmer l&rsquo;attachement du Gouvernement \u00e0 l&rsquo;application de la Charte pour la paix et la r\u00e9conciliation nationale tant elle a permis un retour de la paix et de la\" \/>\n<meta property=\"og:url\" content=\"https:\/\/www.info-algerie.com\/actualites\/plan-daction-attachement-du-gouvernement-a-lapplication-de-la-charte-pour-la-paix-et-la-reconciliation-nationale\/\" \/>\n<meta property=\"og:site_name\" content=\"info algerie\" \/>\n<meta property=\"article:publisher\" content=\"https:\/\/www.facebook.com\/infoalgerieactu\" \/>\n<meta property=\"article:published_time\" content=\"2017-09-25T15:10:12+00:00\" \/>\n<meta property=\"og:image\" content=\"https:\/\/www.info-algerie.com\/actualites\/wp-content\/uploads\/2017\/09\/b35ce5952c020c066bf21e803743e018_S-1.jpg\" \/>\n\t<meta property=\"og:image:width\" content=\"280\" \/>\n\t<meta property=\"og:image:height\" content=\"169\" \/>\n\t<meta property=\"og:image:type\" content=\"image\/jpeg\" \/>\n<meta name=\"author\" content=\"La r\u00e9daction\" \/>\n<meta name=\"twitter:label1\" content=\"\u00c9crit par\" \/>\n\t<meta name=\"twitter:data1\" content=\"La r\u00e9daction\" \/>\n\t<meta name=\"twitter:label2\" content=\"Dur\u00e9e de lecture estim\u00e9e\" \/>\n\t<meta name=\"twitter:data2\" content=\"3 minutes\" \/>\n<script type=\"application\/ld+json\" class=\"yoast-schema-graph\">{\"@context\":\"https:\\\/\\\/schema.org\",\"@graph\":[{\"@type\":\"Article\",\"@id\":\"https:\\\/\\\/www.info-algerie.com\\\/actualites\\\/plan-daction-attachement-du-gouvernement-a-lapplication-de-la-charte-pour-la-paix-et-la-reconciliation-nationale\\\/#article\",\"isPartOf\":{\"@id\":\"https:\\\/\\\/www.info-algerie.com\\\/actualites\\\/plan-daction-attachement-du-gouvernement-a-lapplication-de-la-charte-pour-la-paix-et-la-reconciliation-nationale\\\/\"},\"author\":{\"name\":\"La r\u00e9daction\",\"@id\":\"https:\\\/\\\/www.info-algerie.com\\\/actualites\\\/#\\\/schema\\\/person\\\/847aaec44920825b843a08f30ec6aa1e\"},\"headline\":\"Plan d&#039;action: attachement du gouvernement \u00e0 l&#039;application de la Charte\u00a0pour la paix et la r\u00e9conciliation nationale\",\"datePublished\":\"2017-09-25T15:10:12+00:00\",\"mainEntityOfPage\":{\"@id\":\"https:\\\/\\\/www.info-algerie.com\\\/actualites\\\/plan-daction-attachement-du-gouvernement-a-lapplication-de-la-charte-pour-la-paix-et-la-reconciliation-nationale\\\/\"},\"wordCount\":627,\"commentCount\":0,\"publisher\":{\"@id\":\"https:\\\/\\\/www.info-algerie.com\\\/actualites\\\/#organization\"},\"image\":{\"@id\":\"https:\\\/\\\/www.info-algerie.com\\\/actualites\\\/plan-daction-attachement-du-gouvernement-a-lapplication-de-la-charte-pour-la-paix-et-la-reconciliation-nationale\\\/#primaryimage\"},\"thumbnailUrl\":\"https:\\\/\\\/www.info-algerie.com\\\/actualites\\\/wp-content\\\/uploads\\\/2017\\\/09\\\/b35ce5952c020c066bf21e803743e018_S-1.jpg\",\"keywords\":[\"ONU\"],\"articleSection\":[\"infos\"],\"inLanguage\":\"fr-FR\",\"potentialAction\":[{\"@type\":\"CommentAction\",\"name\":\"Comment\",\"target\":[\"https:\\\/\\\/www.info-algerie.com\\\/actualites\\\/plan-daction-attachement-du-gouvernement-a-lapplication-de-la-charte-pour-la-paix-et-la-reconciliation-nationale\\\/#respond\"]}]},{\"@type\":\"WebPage\",\"@id\":\"https:\\\/\\\/www.info-algerie.com\\\/actualites\\\/plan-daction-attachement-du-gouvernement-a-lapplication-de-la-charte-pour-la-paix-et-la-reconciliation-nationale\\\/\",\"url\":\"https:\\\/\\\/www.info-algerie.com\\\/actualites\\\/plan-daction-attachement-du-gouvernement-a-lapplication-de-la-charte-pour-la-paix-et-la-reconciliation-nationale\\\/\",\"name\":\"Plan d&#039;action: attachement du gouvernement \u00e0 l&#039;application de la Charte\u00a0pour la paix et la r\u00e9conciliation nationale - info algerie\",\"isPartOf\":{\"@id\":\"https:\\\/\\\/www.info-algerie.com\\\/actualites\\\/#website\"},\"primaryImageOfPage\":{\"@id\":\"https:\\\/\\\/www.info-algerie.com\\\/actualites\\\/plan-daction-attachement-du-gouvernement-a-lapplication-de-la-charte-pour-la-paix-et-la-reconciliation-nationale\\\/#primaryimage\"},\"image\":{\"@id\":\"https:\\\/\\\/www.info-algerie.com\\\/actualites\\\/plan-daction-attachement-du-gouvernement-a-lapplication-de-la-charte-pour-la-paix-et-la-reconciliation-nationale\\\/#primaryimage\"},\"thumbnailUrl\":\"https:\\\/\\\/www.info-algerie.com\\\/actualites\\\/wp-content\\\/uploads\\\/2017\\\/09\\\/b35ce5952c020c066bf21e803743e018_S-1.jpg\",\"datePublished\":\"2017-09-25T15:10:12+00:00\",\"breadcrumb\":{\"@id\":\"https:\\\/\\\/www.info-algerie.com\\\/actualites\\\/plan-daction-attachement-du-gouvernement-a-lapplication-de-la-charte-pour-la-paix-et-la-reconciliation-nationale\\\/#breadcrumb\"},\"inLanguage\":\"fr-FR\",\"potentialAction\":[{\"@type\":\"ReadAction\",\"target\":[\"https:\\\/\\\/www.info-algerie.com\\\/actualites\\\/plan-daction-attachement-du-gouvernement-a-lapplication-de-la-charte-pour-la-paix-et-la-reconciliation-nationale\\\/\"]}]},{\"@type\":\"ImageObject\",\"inLanguage\":\"fr-FR\",\"@id\":\"https:\\\/\\\/www.info-algerie.com\\\/actualites\\\/plan-daction-attachement-du-gouvernement-a-lapplication-de-la-charte-pour-la-paix-et-la-reconciliation-nationale\\\/#primaryimage\",\"url\":\"https:\\\/\\\/www.info-algerie.com\\\/actualites\\\/wp-content\\\/uploads\\\/2017\\\/09\\\/b35ce5952c020c066bf21e803743e018_S-1.jpg\",\"contentUrl\":\"https:\\\/\\\/www.info-algerie.com\\\/actualites\\\/wp-content\\\/uploads\\\/2017\\\/09\\\/b35ce5952c020c066bf21e803743e018_S-1.jpg\",\"width\":280,\"height\":169},{\"@type\":\"BreadcrumbList\",\"@id\":\"https:\\\/\\\/www.info-algerie.com\\\/actualites\\\/plan-daction-attachement-du-gouvernement-a-lapplication-de-la-charte-pour-la-paix-et-la-reconciliation-nationale\\\/#breadcrumb\",\"itemListElement\":[{\"@type\":\"ListItem\",\"position\":1,\"name\":\"Accueil\",\"item\":\"https:\\\/\\\/www.info-algerie.com\\\/actualites\\\/\"},{\"@type\":\"ListItem\",\"position\":2,\"name\":\"Plan d&#039;action: attachement du gouvernement \u00e0 l&#039;application de la Charte\u00a0pour la paix et la r\u00e9conciliation nationale\"}]},{\"@type\":\"WebSite\",\"@id\":\"https:\\\/\\\/www.info-algerie.com\\\/actualites\\\/#website\",\"url\":\"https:\\\/\\\/www.info-algerie.com\\\/actualites\\\/\",\"name\":\"info algerie\",\"description\":\"Toutes les actualit\u00e9s\",\"publisher\":{\"@id\":\"https:\\\/\\\/www.info-algerie.com\\\/actualites\\\/#organization\"},\"potentialAction\":[{\"@type\":\"SearchAction\",\"target\":{\"@type\":\"EntryPoint\",\"urlTemplate\":\"https:\\\/\\\/www.info-algerie.com\\\/actualites\\\/?s={search_term_string}\"},\"query-input\":{\"@type\":\"PropertyValueSpecification\",\"valueRequired\":true,\"valueName\":\"search_term_string\"}}],\"inLanguage\":\"fr-FR\"},{\"@type\":\"Organization\",\"@id\":\"https:\\\/\\\/www.info-algerie.com\\\/actualites\\\/#organization\",\"name\":\"info algerie\",\"url\":\"https:\\\/\\\/www.info-algerie.com\\\/actualites\\\/\",\"logo\":{\"@type\":\"ImageObject\",\"inLanguage\":\"fr-FR\",\"@id\":\"https:\\\/\\\/www.info-algerie.com\\\/actualites\\\/#\\\/schema\\\/logo\\\/image\\\/\",\"url\":\"https:\\\/\\\/www.info-algerie.com\\\/actualites\\\/wp-content\\\/uploads\\\/2022\\\/07\\\/logo-ia-120.png\",\"contentUrl\":\"https:\\\/\\\/www.info-algerie.com\\\/actualites\\\/wp-content\\\/uploads\\\/2022\\\/07\\\/logo-ia-120.png\",\"width\":120,\"height\":43,\"caption\":\"info algerie\"},\"image\":{\"@id\":\"https:\\\/\\\/www.info-algerie.com\\\/actualites\\\/#\\\/schema\\\/logo\\\/image\\\/\"},\"sameAs\":[\"https:\\\/\\\/www.facebook.com\\\/infoalgerieactu\",\"https:\\\/\\\/x.com\\\/infoalgerie1\"]},{\"@type\":\"Person\",\"@id\":\"https:\\\/\\\/www.info-algerie.com\\\/actualites\\\/#\\\/schema\\\/person\\\/847aaec44920825b843a08f30ec6aa1e\",\"name\":\"La r\u00e9daction\",\"image\":{\"@type\":\"ImageObject\",\"inLanguage\":\"fr-FR\",\"@id\":\"https:\\\/\\\/secure.gravatar.com\\\/avatar\\\/769db425c6f465158149f1ffd6cf61ce7a8a879d11dfbef8288af36dfddd418c?s=96&d=mm&r=g\",\"url\":\"https:\\\/\\\/secure.gravatar.com\\\/avatar\\\/769db425c6f465158149f1ffd6cf61ce7a8a879d11dfbef8288af36dfddd418c?s=96&d=mm&r=g\",\"contentUrl\":\"https:\\\/\\\/secure.gravatar.com\\\/avatar\\\/769db425c6f465158149f1ffd6cf61ce7a8a879d11dfbef8288af36dfddd418c?s=96&d=mm&r=g\",\"caption\":\"La r\u00e9daction\"},\"sameAs\":[\"http:\\\/\\\/www.lkeria.com\\\/\"],\"url\":\"https:\\\/\\\/www.info-algerie.com\\\/actualites\\\/author\\\/chakib32\\\/\"}]}<\/script>\n<!-- \/ Yoast SEO plugin. -->","yoast_head_json":{"title":"Plan d&#039;action: attachement du gouvernement \u00e0 l&#039;application de la Charte\u00a0pour la paix et la r\u00e9conciliation nationale - info algerie","robots":{"index":"index","follow":"follow","max-snippet":"max-snippet:-1","max-image-preview":"max-image-preview:large","max-video-preview":"max-video-preview:-1"},"canonical":"https:\/\/www.info-algerie.com\/actualites\/plan-daction-attachement-du-gouvernement-a-lapplication-de-la-charte-pour-la-paix-et-la-reconciliation-nationale\/","og_locale":"fr_FR","og_type":"article","og_title":"Plan d&#039;action: attachement du gouvernement \u00e0 l&#039;application de la Charte\u00a0pour la paix et la r\u00e9conciliation nationale - info algerie","og_description":"ALGER- La pr\u00e9sentation du plan d&rsquo;action du gouvernement devant les membres du Conseil de la nation a \u00e9t\u00e9 une occasion pour le Premier ministre Ahmed Ouyahia pour r\u00e9affirmer l&rsquo;attachement du Gouvernement \u00e0 l&rsquo;application de la Charte pour la paix et la r\u00e9conciliation nationale tant elle a permis un retour de la paix et de la","og_url":"https:\/\/www.info-algerie.com\/actualites\/plan-daction-attachement-du-gouvernement-a-lapplication-de-la-charte-pour-la-paix-et-la-reconciliation-nationale\/","og_site_name":"info algerie","article_publisher":"https:\/\/www.facebook.com\/infoalgerieactu","article_published_time":"2017-09-25T15:10:12+00:00","og_image":[{"width":280,"height":169,"url":"https:\/\/www.info-algerie.com\/actualites\/wp-content\/uploads\/2017\/09\/b35ce5952c020c066bf21e803743e018_S-1.jpg","type":"image\/jpeg"}],"author":"La r\u00e9daction","twitter_misc":{"\u00c9crit par":"La r\u00e9daction","Dur\u00e9e de lecture estim\u00e9e":"3 minutes"},"schema":{"@context":"https:\/\/schema.org","@graph":[{"@type":"Article","@id":"https:\/\/www.info-algerie.com\/actualites\/plan-daction-attachement-du-gouvernement-a-lapplication-de-la-charte-pour-la-paix-et-la-reconciliation-nationale\/#article","isPartOf":{"@id":"https:\/\/www.info-algerie.com\/actualites\/plan-daction-attachement-du-gouvernement-a-lapplication-de-la-charte-pour-la-paix-et-la-reconciliation-nationale\/"},"author":{"name":"La r\u00e9daction","@id":"https:\/\/www.info-algerie.com\/actualites\/#\/schema\/person\/847aaec44920825b843a08f30ec6aa1e"},"headline":"Plan d&#039;action: attachement du gouvernement \u00e0 l&#039;application de la Charte\u00a0pour la paix et la r\u00e9conciliation nationale","datePublished":"2017-09-25T15:10:12+00:00","mainEntityOfPage":{"@id":"https:\/\/www.info-algerie.com\/actualites\/plan-daction-attachement-du-gouvernement-a-lapplication-de-la-charte-pour-la-paix-et-la-reconciliation-nationale\/"},"wordCount":627,"commentCount":0,"publisher":{"@id":"https:\/\/www.info-algerie.com\/actualites\/#organization"},"image":{"@id":"https:\/\/www.info-algerie.com\/actualites\/plan-daction-attachement-du-gouvernement-a-lapplication-de-la-charte-pour-la-paix-et-la-reconciliation-nationale\/#primaryimage"},"thumbnailUrl":"https:\/\/www.info-algerie.com\/actualites\/wp-content\/uploads\/2017\/09\/b35ce5952c020c066bf21e803743e018_S-1.jpg","keywords":["ONU"],"articleSection":["infos"],"inLanguage":"fr-FR","potentialAction":[{"@type":"CommentAction","name":"Comment","target":["https:\/\/www.info-algerie.com\/actualites\/plan-daction-attachement-du-gouvernement-a-lapplication-de-la-charte-pour-la-paix-et-la-reconciliation-nationale\/#respond"]}]},{"@type":"WebPage","@id":"https:\/\/www.info-algerie.com\/actualites\/plan-daction-attachement-du-gouvernement-a-lapplication-de-la-charte-pour-la-paix-et-la-reconciliation-nationale\/","url":"https:\/\/www.info-algerie.com\/actualites\/plan-daction-attachement-du-gouvernement-a-lapplication-de-la-charte-pour-la-paix-et-la-reconciliation-nationale\/","name":"Plan d&#039;action: attachement du gouvernement \u00e0 l&#039;application de la Charte\u00a0pour la paix et la r\u00e9conciliation nationale - info algerie","isPartOf":{"@id":"https:\/\/www.info-algerie.com\/actualites\/#website"},"primaryImageOfPage":{"@id":"https:\/\/www.info-algerie.com\/actualites\/plan-daction-attachement-du-gouvernement-a-lapplication-de-la-charte-pour-la-paix-et-la-reconciliation-nationale\/#primaryimage"},"image":{"@id":"https:\/\/www.info-algerie.com\/actualites\/plan-daction-attachement-du-gouvernement-a-lapplication-de-la-charte-pour-la-paix-et-la-reconciliation-nationale\/#primaryimage"},"thumbnailUrl":"https:\/\/www.info-algerie.com\/actualites\/wp-content\/uploads\/2017\/09\/b35ce5952c020c066bf21e803743e018_S-1.jpg","datePublished":"2017-09-25T15:10:12+00:00","breadcrumb":{"@id":"https:\/\/www.info-algerie.com\/actualites\/plan-daction-attachement-du-gouvernement-a-lapplication-de-la-charte-pour-la-paix-et-la-reconciliation-nationale\/#breadcrumb"},"inLanguage":"fr-FR","potentialAction":[{"@type":"ReadAction","target":["https:\/\/www.info-algerie.com\/actualites\/plan-daction-attachement-du-gouvernement-a-lapplication-de-la-charte-pour-la-paix-et-la-reconciliation-nationale\/"]}]},{"@type":"ImageObject","inLanguage":"fr-FR","@id":"https:\/\/www.info-algerie.com\/actualites\/plan-daction-attachement-du-gouvernement-a-lapplication-de-la-charte-pour-la-paix-et-la-reconciliation-nationale\/#primaryimage","url":"https:\/\/www.info-algerie.com\/actualites\/wp-content\/uploads\/2017\/09\/b35ce5952c020c066bf21e803743e018_S-1.jpg","contentUrl":"https:\/\/www.info-algerie.com\/actualites\/wp-content\/uploads\/2017\/09\/b35ce5952c020c066bf21e803743e018_S-1.jpg","width":280,"height":169},{"@type":"BreadcrumbList","@id":"https:\/\/www.info-algerie.com\/actualites\/plan-daction-attachement-du-gouvernement-a-lapplication-de-la-charte-pour-la-paix-et-la-reconciliation-nationale\/#breadcrumb","itemListElement":[{"@type":"ListItem","position":1,"name":"Accueil","item":"https:\/\/www.info-algerie.com\/actualites\/"},{"@type":"ListItem","position":2,"name":"Plan d&#039;action: attachement du gouvernement \u00e0 l&#039;application de la Charte\u00a0pour la paix et la r\u00e9conciliation nationale"}]},{"@type":"WebSite","@id":"https:\/\/www.info-algerie.com\/actualites\/#website","url":"https:\/\/www.info-algerie.com\/actualites\/","name":"info algerie","description":"Toutes les actualit\u00e9s","publisher":{"@id":"https:\/\/www.info-algerie.com\/actualites\/#organization"},"potentialAction":[{"@type":"SearchAction","target":{"@type":"EntryPoint","urlTemplate":"https:\/\/www.info-algerie.com\/actualites\/?s={search_term_string}"},"query-input":{"@type":"PropertyValueSpecification","valueRequired":true,"valueName":"search_term_string"}}],"inLanguage":"fr-FR"},{"@type":"Organization","@id":"https:\/\/www.info-algerie.com\/actualites\/#organization","name":"info algerie","url":"https:\/\/www.info-algerie.com\/actualites\/","logo":{"@type":"ImageObject","inLanguage":"fr-FR","@id":"https:\/\/www.info-algerie.com\/actualites\/#\/schema\/logo\/image\/","url":"https:\/\/www.info-algerie.com\/actualites\/wp-content\/uploads\/2022\/07\/logo-ia-120.png","contentUrl":"https:\/\/www.info-algerie.com\/actualites\/wp-content\/uploads\/2022\/07\/logo-ia-120.png","width":120,"height":43,"caption":"info algerie"},"image":{"@id":"https:\/\/www.info-algerie.com\/actualites\/#\/schema\/logo\/image\/"},"sameAs":["https:\/\/www.facebook.com\/infoalgerieactu","https:\/\/x.com\/infoalgerie1"]},{"@type":"Person","@id":"https:\/\/www.info-algerie.com\/actualites\/#\/schema\/person\/847aaec44920825b843a08f30ec6aa1e","name":"La r\u00e9daction","image":{"@type":"ImageObject","inLanguage":"fr-FR","@id":"https:\/\/secure.gravatar.com\/avatar\/769db425c6f465158149f1ffd6cf61ce7a8a879d11dfbef8288af36dfddd418c?s=96&d=mm&r=g","url":"https:\/\/secure.gravatar.com\/avatar\/769db425c6f465158149f1ffd6cf61ce7a8a879d11dfbef8288af36dfddd418c?s=96&d=mm&r=g","contentUrl":"https:\/\/secure.gravatar.com\/avatar\/769db425c6f465158149f1ffd6cf61ce7a8a879d11dfbef8288af36dfddd418c?s=96&d=mm&r=g","caption":"La r\u00e9daction"},"sameAs":["http:\/\/www.lkeria.com\/"],"url":"https:\/\/www.info-algerie.com\/actualites\/author\/chakib32\/"}]}},"_links":{"self":[{"href":"https:\/\/www.info-algerie.com\/actualites\/wp-json\/wp\/v2\/posts\/16300","targetHints":{"allow":["GET"]}}],"collection":[{"href":"https:\/\/www.info-algerie.com\/actualites\/wp-json\/wp\/v2\/posts"}],"about":[{"href":"https:\/\/www.info-algerie.com\/actualites\/wp-json\/wp\/v2\/types\/post"}],"author":[{"embeddable":true,"href":"https:\/\/www.info-algerie.com\/actualites\/wp-json\/wp\/v2\/users\/6"}],"replies":[{"embeddable":true,"href":"https:\/\/www.info-algerie.com\/actualites\/wp-json\/wp\/v2\/comments?post=16300"}],"version-history":[{"count":0,"href":"https:\/\/www.info-algerie.com\/actualites\/wp-json\/wp\/v2\/posts\/16300\/revisions"}],"wp:featuredmedia":[{"embeddable":true,"href":"https:\/\/www.info-algerie.com\/actualites\/wp-json\/wp\/v2\/media\/16301"}],"wp:attachment":[{"href":"https:\/\/www.info-algerie.com\/actualites\/wp-json\/wp\/v2\/media?parent=16300"}],"wp:term":[{"taxonomy":"category","embeddable":true,"href":"https:\/\/www.info-algerie.com\/actualites\/wp-json\/wp\/v2\/categories?post=16300"},{"taxonomy":"post_tag","embeddable":true,"href":"https:\/\/www.info-algerie.com\/actualites\/wp-json\/wp\/v2\/tags?post=16300"}],"curies":[{"name":"wp","href":"https:\/\/api.w.org\/{rel}","templated":true}]}}