{"id":16325,"date":"2017-09-25T18:38:55","date_gmt":"2017-09-25T17:38:55","guid":{"rendered":"http:\/\/www.info-algerie.com\/actualites\/les-mesures-prevues-dans-le-plan-du-gouvernement-sur-linformation-reaffirment-la-determination-de-lexecutif-a-relancer-ce-secteur\/"},"modified":"2017-09-25T18:38:55","modified_gmt":"2017-09-25T17:38:55","slug":"les-mesures-prevues-dans-le-plan-du-gouvernement-sur-linformation-reaffirment-la-determination-de-lexecutif-a-relancer-ce-secteur","status":"publish","type":"post","link":"https:\/\/www.info-algerie.com\/actualites\/les-mesures-prevues-dans-le-plan-du-gouvernement-sur-linformation-reaffirment-la-determination-de-lexecutif-a-relancer-ce-secteur\/","title":{"rendered":"Les mesures pr\u00e9vues dans le plan du gouvernement sur l&#039;information r\u00e9affirment la d\u00e9termination de l&#039;ex\u00e9cutif \u00e0 relancer ce secteur"},"content":{"rendered":"<div class=\"K2FeedImage\"><img decoding=\"async\" src=\"https:\/\/www.info-algerie.com\/actualites\/wp-content\/uploads\/2017\/09\/051441c62195a97d15614249ab87fa3e_S.jpg\" alt=\"Les mesures pr&#xE9;vues dans le plan du gouvernement sur l'information r&#xE9;affirment la d&#xE9;termination de l'ex&#xE9;cutif &#xE0; relancer ce secteur\" \/><\/div>\n<div class=\"K2FeedIntroText\">\n<p>ALGER- Le ministre de la Communication, Djamel Kaouane\u00a0 a d\u00e9clar\u00e9, lundi \u00e0 Alger que les mesures pr\u00e9vues dans le plan d&rsquo;action du\u00a0 gouvernement sur l&rsquo;information, soulignent l&rsquo;int\u00e9r\u00eat accord\u00e9 par l&rsquo;ex\u00e9cutif\u00a0 au champ m\u00e9diatique national et sa d\u00e9termination \u00e0 relancer ce secteur \u00ab\u00a0important\u00a0\u00bb.<\/p>\n<p>&#013;\n<\/p><\/div>\n<div class=\"K2FeedFullText\">&#013;<\/p>\n<p>Dans une d\u00e9claration en marge de la pr\u00e9sentation par le Premier ministre\u00a0 Ahmed Ouyahia, du plan d&rsquo;action du gouvernement devant les membres du\u00a0 Conseil de la nation, M. Kaouane a indiqu\u00e9 que \u00ab\u00a0le plan pr\u00e9voit plusieurs\u00a0mesures qui soulignent l&rsquo;int\u00e9r\u00eat particulier qu&rsquo;accorde le gouvernement au\u00a0 champ m\u00e9diatique national et son souci de le d\u00e9velopper et de renforcer sa\u00a0 composante, en tant que secteur important dans la vie nationale, et en\u00a0 application du programme du Pr\u00e9sident de la R\u00e9publique, Abdelaziz\u00a0 Bouteflika\u00a0\u00bb.<\/p>\n<p>&#013;<\/p>\n<p>Le ministre a indiqu\u00e9 que le plan d&rsquo;action du gouvernement \u00ab\u00a0accorde une\u00a0 importance particuli\u00e8re \u00e0 la promotion de la libert\u00e9 de la presse consacr\u00e9e\u00a0 par la Constitution alg\u00e9rienne\u00a0\u00bb, soulignant que dans le cadre de la\u00a0 r\u00e9gulation du secteur, le document adopt\u00e9 jeudi dernier par les membres de\u00a0 l&rsquo;Assembl\u00e9e populaire nationale (APN), pr\u00e9voit, outre la \u00ab\u00a0cons\u00e9cration du\u00a0 r\u00f4le effectif de l&rsquo;Autorit\u00e9 de r\u00e9gulation de l&rsquo;audio visuel\u00a0\u00bb, la mise en\u00a0 place d&rsquo;une Autorit\u00e9 de r\u00e9gulation de la presse \u00e9crite et la relance du\u00a0fonds de soutien \u00e0 la presse. Ce sont l\u00e0 les engagements du Pr\u00e9sident de la\u00a0 R\u00e9publique, Abdelaziz Bouteflika que le gouvernement tend \u00e0 concr\u00e9tiser\u00a0 dans les meilleurs d\u00e9lais \u00e0 travers le minist\u00e8re de la communication.<\/p>\n<p>&#013;<\/p>\n<p>Le Premier ministre, Ahmed Ouyahia avait annonc\u00e9 lors de sa pr\u00e9sentation\u00a0 du plan d&rsquo;action, l&rsquo;installation d&rsquo;une autorit\u00e9 de r\u00e9gulation de la presse\u00a0 \u00e9crite avant la fin de l&rsquo;ann\u00e9e en cours avec la relance, l&rsquo;ann\u00e9e prochaine,\u00a0 du fonds de soutien \u00e0 la presse.<\/p>\n<p>&#013;<\/p>\n<p>Il a ajout\u00e9 que le document pr\u00e9voit \u00e9galement \u00ab\u00a0l&rsquo;engagement \u00e0 fournir\u00a0 davantage d&rsquo;efforts\u00a0 pour am\u00e9liorer la situation de l&rsquo;information en\u00a0Alg\u00e9rie en commen\u00e7ant par l&rsquo;am\u00e9lioration de l&rsquo;action du gouvernement et des\u00a0 institutions de l&rsquo;Etat dans le domaine de la communication\u00a0\u00bb.\u00a0<\/p>\n<p>&#013;<\/p>\n<p>Le Premier ministre a annonc\u00e9 \u00e9galement la \u00ab\u00a0promulgation d&rsquo;une nouvelle\u00a0 loi\u00a0\u00bb au courant de l&rsquo;ann\u00e9e prochaine \u00e0 m\u00eame de faciliter aux m\u00e9dias l&rsquo;acc\u00e8s\u00a0 \u00e0 l&rsquo;information et aux documents officiels conform\u00e9ment aux dispositions de\u00a0 la constitution amend\u00e9e, outre le soutien de l&rsquo;Etat \u00e0 l&rsquo;information \u00e0\u00a0 travers la formation dans les diff\u00e9rents instituts d&rsquo;enseignement\u00a0sup\u00e9rieur.\u00a0<\/p>\n<\/div>\n<p>&#013;<br \/>\nSource: <a href=\"http:\/\/www.aps.dz\/algerie\/63243-les-mesures-prevues-dans-le-plan-du-gouvernement-sur-l-information-reaffirment-la-determination-de-l-executif-a-relancer-ce-secteur\" target=\"_blank\">Les mesures pr\u00e9vues dans le plan du gouvernement sur l&rsquo;information r\u00e9affirment la d\u00e9termination de l&rsquo;ex\u00e9cutif \u00e0 relancer ce secteur<\/a><\/p>\n<!--CusAds0-->\n<div style=\"font-size: 0px; height: 0px; line-height: 0px; margin: 0; padding: 0; clear: both;\"><\/div>","protected":false},"excerpt":{"rendered":"<p>ALGER- Le ministre de la Communication, Djamel Kaouane\u00a0 a d\u00e9clar\u00e9, lundi \u00e0 Alger que les mesures pr\u00e9vues dans le plan d&rsquo;action du\u00a0 gouvernement sur l&rsquo;information, soulignent l&rsquo;int\u00e9r\u00eat accord\u00e9 par l&rsquo;ex\u00e9cutif\u00a0 au champ m\u00e9diatique national et sa d\u00e9termination \u00e0 relancer ce secteur \u00ab\u00a0important\u00a0\u00bb. &#013; &#013; Dans une d\u00e9claration en marge de la pr\u00e9sentation par le Premier<\/p>\n","protected":false},"author":6,"featured_media":16326,"comment_status":"open","ping_status":"open","sticky":false,"template":"","format":"standard","meta":{"footnotes":""},"categories":[22],"tags":[93],"class_list":["post-16325","post","type-post","status-publish","format-standard","has-post-thumbnail","hentry","category-infos","tag-onu"],"yoast_head":"<!-- This site is optimized with the Yoast SEO plugin v27.5 - https:\/\/yoast.com\/product\/yoast-seo-wordpress\/ -->\n<title>Les mesures pr\u00e9vues dans le plan du gouvernement sur l&#039;information r\u00e9affirment la d\u00e9termination de l&#039;ex\u00e9cutif \u00e0 relancer ce secteur - info algerie<\/title>\n<meta name=\"robots\" content=\"index, follow, max-snippet:-1, max-image-preview:large, max-video-preview:-1\" \/>\n<link rel=\"canonical\" href=\"https:\/\/www.info-algerie.com\/actualites\/les-mesures-prevues-dans-le-plan-du-gouvernement-sur-linformation-reaffirment-la-determination-de-lexecutif-a-relancer-ce-secteur\/\" \/>\n<meta property=\"og:locale\" content=\"fr_FR\" \/>\n<meta property=\"og:type\" content=\"article\" \/>\n<meta property=\"og:title\" content=\"Les mesures pr\u00e9vues dans le plan du gouvernement sur l&#039;information r\u00e9affirment la d\u00e9termination de l&#039;ex\u00e9cutif \u00e0 relancer ce secteur - info algerie\" \/>\n<meta property=\"og:description\" content=\"ALGER- Le ministre de la Communication, Djamel Kaouane\u00a0 a d\u00e9clar\u00e9, lundi \u00e0 Alger que les mesures pr\u00e9vues dans le plan d&rsquo;action du\u00a0 gouvernement sur l&rsquo;information, soulignent l&rsquo;int\u00e9r\u00eat accord\u00e9 par l&rsquo;ex\u00e9cutif\u00a0 au champ m\u00e9diatique national et sa d\u00e9termination \u00e0 relancer ce secteur \u00ab\u00a0important\u00a0\u00bb. &#013; &#013; Dans une d\u00e9claration en marge de la pr\u00e9sentation par le Premier\" \/>\n<meta property=\"og:url\" content=\"https:\/\/www.info-algerie.com\/actualites\/les-mesures-prevues-dans-le-plan-du-gouvernement-sur-linformation-reaffirment-la-determination-de-lexecutif-a-relancer-ce-secteur\/\" \/>\n<meta property=\"og:site_name\" content=\"info algerie\" \/>\n<meta property=\"article:publisher\" content=\"https:\/\/www.facebook.com\/infoalgerieactu\" \/>\n<meta property=\"article:published_time\" content=\"2017-09-25T17:38:55+00:00\" \/>\n<meta property=\"og:image\" content=\"https:\/\/www.info-algerie.com\/actualites\/wp-content\/uploads\/2017\/09\/051441c62195a97d15614249ab87fa3e_S-1.jpg\" \/>\n\t<meta property=\"og:image:width\" content=\"280\" \/>\n\t<meta property=\"og:image:height\" content=\"187\" \/>\n\t<meta property=\"og:image:type\" content=\"image\/jpeg\" \/>\n<meta name=\"author\" content=\"La r\u00e9daction\" \/>\n<meta name=\"twitter:label1\" content=\"\u00c9crit par\" \/>\n\t<meta name=\"twitter:data1\" content=\"La r\u00e9daction\" \/>\n\t<meta name=\"twitter:label2\" content=\"Dur\u00e9e de lecture estim\u00e9e\" \/>\n\t<meta name=\"twitter:data2\" content=\"2 minutes\" \/>\n<script type=\"application\/ld+json\" class=\"yoast-schema-graph\">{\"@context\":\"https:\\\/\\\/schema.org\",\"@graph\":[{\"@type\":\"Article\",\"@id\":\"https:\\\/\\\/www.info-algerie.com\\\/actualites\\\/les-mesures-prevues-dans-le-plan-du-gouvernement-sur-linformation-reaffirment-la-determination-de-lexecutif-a-relancer-ce-secteur\\\/#article\",\"isPartOf\":{\"@id\":\"https:\\\/\\\/www.info-algerie.com\\\/actualites\\\/les-mesures-prevues-dans-le-plan-du-gouvernement-sur-linformation-reaffirment-la-determination-de-lexecutif-a-relancer-ce-secteur\\\/\"},\"author\":{\"name\":\"La r\u00e9daction\",\"@id\":\"https:\\\/\\\/www.info-algerie.com\\\/actualites\\\/#\\\/schema\\\/person\\\/847aaec44920825b843a08f30ec6aa1e\"},\"headline\":\"Les mesures pr\u00e9vues dans le plan du gouvernement sur l&#039;information r\u00e9affirment la d\u00e9termination de l&#039;ex\u00e9cutif \u00e0 relancer ce secteur\",\"datePublished\":\"2017-09-25T17:38:55+00:00\",\"mainEntityOfPage\":{\"@id\":\"https:\\\/\\\/www.info-algerie.com\\\/actualites\\\/les-mesures-prevues-dans-le-plan-du-gouvernement-sur-linformation-reaffirment-la-determination-de-lexecutif-a-relancer-ce-secteur\\\/\"},\"wordCount\":488,\"commentCount\":0,\"publisher\":{\"@id\":\"https:\\\/\\\/www.info-algerie.com\\\/actualites\\\/#organization\"},\"image\":{\"@id\":\"https:\\\/\\\/www.info-algerie.com\\\/actualites\\\/les-mesures-prevues-dans-le-plan-du-gouvernement-sur-linformation-reaffirment-la-determination-de-lexecutif-a-relancer-ce-secteur\\\/#primaryimage\"},\"thumbnailUrl\":\"https:\\\/\\\/www.info-algerie.com\\\/actualites\\\/wp-content\\\/uploads\\\/2017\\\/09\\\/051441c62195a97d15614249ab87fa3e_S-1.jpg\",\"keywords\":[\"ONU\"],\"articleSection\":[\"infos\"],\"inLanguage\":\"fr-FR\",\"potentialAction\":[{\"@type\":\"CommentAction\",\"name\":\"Comment\",\"target\":[\"https:\\\/\\\/www.info-algerie.com\\\/actualites\\\/les-mesures-prevues-dans-le-plan-du-gouvernement-sur-linformation-reaffirment-la-determination-de-lexecutif-a-relancer-ce-secteur\\\/#respond\"]}]},{\"@type\":\"WebPage\",\"@id\":\"https:\\\/\\\/www.info-algerie.com\\\/actualites\\\/les-mesures-prevues-dans-le-plan-du-gouvernement-sur-linformation-reaffirment-la-determination-de-lexecutif-a-relancer-ce-secteur\\\/\",\"url\":\"https:\\\/\\\/www.info-algerie.com\\\/actualites\\\/les-mesures-prevues-dans-le-plan-du-gouvernement-sur-linformation-reaffirment-la-determination-de-lexecutif-a-relancer-ce-secteur\\\/\",\"name\":\"Les mesures pr\u00e9vues dans le plan du gouvernement sur l&#039;information r\u00e9affirment la d\u00e9termination de l&#039;ex\u00e9cutif \u00e0 relancer ce secteur - info algerie\",\"isPartOf\":{\"@id\":\"https:\\\/\\\/www.info-algerie.com\\\/actualites\\\/#website\"},\"primaryImageOfPage\":{\"@id\":\"https:\\\/\\\/www.info-algerie.com\\\/actualites\\\/les-mesures-prevues-dans-le-plan-du-gouvernement-sur-linformation-reaffirment-la-determination-de-lexecutif-a-relancer-ce-secteur\\\/#primaryimage\"},\"image\":{\"@id\":\"https:\\\/\\\/www.info-algerie.com\\\/actualites\\\/les-mesures-prevues-dans-le-plan-du-gouvernement-sur-linformation-reaffirment-la-determination-de-lexecutif-a-relancer-ce-secteur\\\/#primaryimage\"},\"thumbnailUrl\":\"https:\\\/\\\/www.info-algerie.com\\\/actualites\\\/wp-content\\\/uploads\\\/2017\\\/09\\\/051441c62195a97d15614249ab87fa3e_S-1.jpg\",\"datePublished\":\"2017-09-25T17:38:55+00:00\",\"breadcrumb\":{\"@id\":\"https:\\\/\\\/www.info-algerie.com\\\/actualites\\\/les-mesures-prevues-dans-le-plan-du-gouvernement-sur-linformation-reaffirment-la-determination-de-lexecutif-a-relancer-ce-secteur\\\/#breadcrumb\"},\"inLanguage\":\"fr-FR\",\"potentialAction\":[{\"@type\":\"ReadAction\",\"target\":[\"https:\\\/\\\/www.info-algerie.com\\\/actualites\\\/les-mesures-prevues-dans-le-plan-du-gouvernement-sur-linformation-reaffirment-la-determination-de-lexecutif-a-relancer-ce-secteur\\\/\"]}]},{\"@type\":\"ImageObject\",\"inLanguage\":\"fr-FR\",\"@id\":\"https:\\\/\\\/www.info-algerie.com\\\/actualites\\\/les-mesures-prevues-dans-le-plan-du-gouvernement-sur-linformation-reaffirment-la-determination-de-lexecutif-a-relancer-ce-secteur\\\/#primaryimage\",\"url\":\"https:\\\/\\\/www.info-algerie.com\\\/actualites\\\/wp-content\\\/uploads\\\/2017\\\/09\\\/051441c62195a97d15614249ab87fa3e_S-1.jpg\",\"contentUrl\":\"https:\\\/\\\/www.info-algerie.com\\\/actualites\\\/wp-content\\\/uploads\\\/2017\\\/09\\\/051441c62195a97d15614249ab87fa3e_S-1.jpg\",\"width\":280,\"height\":187},{\"@type\":\"BreadcrumbList\",\"@id\":\"https:\\\/\\\/www.info-algerie.com\\\/actualites\\\/les-mesures-prevues-dans-le-plan-du-gouvernement-sur-linformation-reaffirment-la-determination-de-lexecutif-a-relancer-ce-secteur\\\/#breadcrumb\",\"itemListElement\":[{\"@type\":\"ListItem\",\"position\":1,\"name\":\"Accueil\",\"item\":\"https:\\\/\\\/www.info-algerie.com\\\/actualites\\\/\"},{\"@type\":\"ListItem\",\"position\":2,\"name\":\"Les mesures pr\u00e9vues dans le plan du gouvernement sur l&#039;information r\u00e9affirment la d\u00e9termination de l&#039;ex\u00e9cutif \u00e0 relancer ce secteur\"}]},{\"@type\":\"WebSite\",\"@id\":\"https:\\\/\\\/www.info-algerie.com\\\/actualites\\\/#website\",\"url\":\"https:\\\/\\\/www.info-algerie.com\\\/actualites\\\/\",\"name\":\"info algerie\",\"description\":\"Toutes les actualit\u00e9s\",\"publisher\":{\"@id\":\"https:\\\/\\\/www.info-algerie.com\\\/actualites\\\/#organization\"},\"potentialAction\":[{\"@type\":\"SearchAction\",\"target\":{\"@type\":\"EntryPoint\",\"urlTemplate\":\"https:\\\/\\\/www.info-algerie.com\\\/actualites\\\/?s={search_term_string}\"},\"query-input\":{\"@type\":\"PropertyValueSpecification\",\"valueRequired\":true,\"valueName\":\"search_term_string\"}}],\"inLanguage\":\"fr-FR\"},{\"@type\":\"Organization\",\"@id\":\"https:\\\/\\\/www.info-algerie.com\\\/actualites\\\/#organization\",\"name\":\"info algerie\",\"url\":\"https:\\\/\\\/www.info-algerie.com\\\/actualites\\\/\",\"logo\":{\"@type\":\"ImageObject\",\"inLanguage\":\"fr-FR\",\"@id\":\"https:\\\/\\\/www.info-algerie.com\\\/actualites\\\/#\\\/schema\\\/logo\\\/image\\\/\",\"url\":\"https:\\\/\\\/www.info-algerie.com\\\/actualites\\\/wp-content\\\/uploads\\\/2022\\\/07\\\/logo-ia-120.png\",\"contentUrl\":\"https:\\\/\\\/www.info-algerie.com\\\/actualites\\\/wp-content\\\/uploads\\\/2022\\\/07\\\/logo-ia-120.png\",\"width\":120,\"height\":43,\"caption\":\"info algerie\"},\"image\":{\"@id\":\"https:\\\/\\\/www.info-algerie.com\\\/actualites\\\/#\\\/schema\\\/logo\\\/image\\\/\"},\"sameAs\":[\"https:\\\/\\\/www.facebook.com\\\/infoalgerieactu\",\"https:\\\/\\\/x.com\\\/infoalgerie1\"]},{\"@type\":\"Person\",\"@id\":\"https:\\\/\\\/www.info-algerie.com\\\/actualites\\\/#\\\/schema\\\/person\\\/847aaec44920825b843a08f30ec6aa1e\",\"name\":\"La r\u00e9daction\",\"image\":{\"@type\":\"ImageObject\",\"inLanguage\":\"fr-FR\",\"@id\":\"https:\\\/\\\/secure.gravatar.com\\\/avatar\\\/769db425c6f465158149f1ffd6cf61ce7a8a879d11dfbef8288af36dfddd418c?s=96&d=mm&r=g\",\"url\":\"https:\\\/\\\/secure.gravatar.com\\\/avatar\\\/769db425c6f465158149f1ffd6cf61ce7a8a879d11dfbef8288af36dfddd418c?s=96&d=mm&r=g\",\"contentUrl\":\"https:\\\/\\\/secure.gravatar.com\\\/avatar\\\/769db425c6f465158149f1ffd6cf61ce7a8a879d11dfbef8288af36dfddd418c?s=96&d=mm&r=g\",\"caption\":\"La r\u00e9daction\"},\"sameAs\":[\"http:\\\/\\\/www.lkeria.com\\\/\"],\"url\":\"https:\\\/\\\/www.info-algerie.com\\\/actualites\\\/author\\\/chakib32\\\/\"}]}<\/script>\n<!-- \/ Yoast SEO plugin. -->","yoast_head_json":{"title":"Les mesures pr\u00e9vues dans le plan du gouvernement sur l&#039;information r\u00e9affirment la d\u00e9termination de l&#039;ex\u00e9cutif \u00e0 relancer ce secteur - info algerie","robots":{"index":"index","follow":"follow","max-snippet":"max-snippet:-1","max-image-preview":"max-image-preview:large","max-video-preview":"max-video-preview:-1"},"canonical":"https:\/\/www.info-algerie.com\/actualites\/les-mesures-prevues-dans-le-plan-du-gouvernement-sur-linformation-reaffirment-la-determination-de-lexecutif-a-relancer-ce-secteur\/","og_locale":"fr_FR","og_type":"article","og_title":"Les mesures pr\u00e9vues dans le plan du gouvernement sur l&#039;information r\u00e9affirment la d\u00e9termination de l&#039;ex\u00e9cutif \u00e0 relancer ce secteur - info algerie","og_description":"ALGER- Le ministre de la Communication, Djamel Kaouane\u00a0 a d\u00e9clar\u00e9, lundi \u00e0 Alger que les mesures pr\u00e9vues dans le plan d&rsquo;action du\u00a0 gouvernement sur l&rsquo;information, soulignent l&rsquo;int\u00e9r\u00eat accord\u00e9 par l&rsquo;ex\u00e9cutif\u00a0 au champ m\u00e9diatique national et sa d\u00e9termination \u00e0 relancer ce secteur \u00ab\u00a0important\u00a0\u00bb. &#013; &#013; Dans une d\u00e9claration en marge de la pr\u00e9sentation par le Premier","og_url":"https:\/\/www.info-algerie.com\/actualites\/les-mesures-prevues-dans-le-plan-du-gouvernement-sur-linformation-reaffirment-la-determination-de-lexecutif-a-relancer-ce-secteur\/","og_site_name":"info algerie","article_publisher":"https:\/\/www.facebook.com\/infoalgerieactu","article_published_time":"2017-09-25T17:38:55+00:00","og_image":[{"width":280,"height":187,"url":"https:\/\/www.info-algerie.com\/actualites\/wp-content\/uploads\/2017\/09\/051441c62195a97d15614249ab87fa3e_S-1.jpg","type":"image\/jpeg"}],"author":"La r\u00e9daction","twitter_misc":{"\u00c9crit par":"La r\u00e9daction","Dur\u00e9e de lecture estim\u00e9e":"2 minutes"},"schema":{"@context":"https:\/\/schema.org","@graph":[{"@type":"Article","@id":"https:\/\/www.info-algerie.com\/actualites\/les-mesures-prevues-dans-le-plan-du-gouvernement-sur-linformation-reaffirment-la-determination-de-lexecutif-a-relancer-ce-secteur\/#article","isPartOf":{"@id":"https:\/\/www.info-algerie.com\/actualites\/les-mesures-prevues-dans-le-plan-du-gouvernement-sur-linformation-reaffirment-la-determination-de-lexecutif-a-relancer-ce-secteur\/"},"author":{"name":"La r\u00e9daction","@id":"https:\/\/www.info-algerie.com\/actualites\/#\/schema\/person\/847aaec44920825b843a08f30ec6aa1e"},"headline":"Les mesures pr\u00e9vues dans le plan du gouvernement sur l&#039;information r\u00e9affirment la d\u00e9termination de l&#039;ex\u00e9cutif \u00e0 relancer ce secteur","datePublished":"2017-09-25T17:38:55+00:00","mainEntityOfPage":{"@id":"https:\/\/www.info-algerie.com\/actualites\/les-mesures-prevues-dans-le-plan-du-gouvernement-sur-linformation-reaffirment-la-determination-de-lexecutif-a-relancer-ce-secteur\/"},"wordCount":488,"commentCount":0,"publisher":{"@id":"https:\/\/www.info-algerie.com\/actualites\/#organization"},"image":{"@id":"https:\/\/www.info-algerie.com\/actualites\/les-mesures-prevues-dans-le-plan-du-gouvernement-sur-linformation-reaffirment-la-determination-de-lexecutif-a-relancer-ce-secteur\/#primaryimage"},"thumbnailUrl":"https:\/\/www.info-algerie.com\/actualites\/wp-content\/uploads\/2017\/09\/051441c62195a97d15614249ab87fa3e_S-1.jpg","keywords":["ONU"],"articleSection":["infos"],"inLanguage":"fr-FR","potentialAction":[{"@type":"CommentAction","name":"Comment","target":["https:\/\/www.info-algerie.com\/actualites\/les-mesures-prevues-dans-le-plan-du-gouvernement-sur-linformation-reaffirment-la-determination-de-lexecutif-a-relancer-ce-secteur\/#respond"]}]},{"@type":"WebPage","@id":"https:\/\/www.info-algerie.com\/actualites\/les-mesures-prevues-dans-le-plan-du-gouvernement-sur-linformation-reaffirment-la-determination-de-lexecutif-a-relancer-ce-secteur\/","url":"https:\/\/www.info-algerie.com\/actualites\/les-mesures-prevues-dans-le-plan-du-gouvernement-sur-linformation-reaffirment-la-determination-de-lexecutif-a-relancer-ce-secteur\/","name":"Les mesures pr\u00e9vues dans le plan du gouvernement sur l&#039;information r\u00e9affirment la d\u00e9termination de l&#039;ex\u00e9cutif \u00e0 relancer ce secteur - info algerie","isPartOf":{"@id":"https:\/\/www.info-algerie.com\/actualites\/#website"},"primaryImageOfPage":{"@id":"https:\/\/www.info-algerie.com\/actualites\/les-mesures-prevues-dans-le-plan-du-gouvernement-sur-linformation-reaffirment-la-determination-de-lexecutif-a-relancer-ce-secteur\/#primaryimage"},"image":{"@id":"https:\/\/www.info-algerie.com\/actualites\/les-mesures-prevues-dans-le-plan-du-gouvernement-sur-linformation-reaffirment-la-determination-de-lexecutif-a-relancer-ce-secteur\/#primaryimage"},"thumbnailUrl":"https:\/\/www.info-algerie.com\/actualites\/wp-content\/uploads\/2017\/09\/051441c62195a97d15614249ab87fa3e_S-1.jpg","datePublished":"2017-09-25T17:38:55+00:00","breadcrumb":{"@id":"https:\/\/www.info-algerie.com\/actualites\/les-mesures-prevues-dans-le-plan-du-gouvernement-sur-linformation-reaffirment-la-determination-de-lexecutif-a-relancer-ce-secteur\/#breadcrumb"},"inLanguage":"fr-FR","potentialAction":[{"@type":"ReadAction","target":["https:\/\/www.info-algerie.com\/actualites\/les-mesures-prevues-dans-le-plan-du-gouvernement-sur-linformation-reaffirment-la-determination-de-lexecutif-a-relancer-ce-secteur\/"]}]},{"@type":"ImageObject","inLanguage":"fr-FR","@id":"https:\/\/www.info-algerie.com\/actualites\/les-mesures-prevues-dans-le-plan-du-gouvernement-sur-linformation-reaffirment-la-determination-de-lexecutif-a-relancer-ce-secteur\/#primaryimage","url":"https:\/\/www.info-algerie.com\/actualites\/wp-content\/uploads\/2017\/09\/051441c62195a97d15614249ab87fa3e_S-1.jpg","contentUrl":"https:\/\/www.info-algerie.com\/actualites\/wp-content\/uploads\/2017\/09\/051441c62195a97d15614249ab87fa3e_S-1.jpg","width":280,"height":187},{"@type":"BreadcrumbList","@id":"https:\/\/www.info-algerie.com\/actualites\/les-mesures-prevues-dans-le-plan-du-gouvernement-sur-linformation-reaffirment-la-determination-de-lexecutif-a-relancer-ce-secteur\/#breadcrumb","itemListElement":[{"@type":"ListItem","position":1,"name":"Accueil","item":"https:\/\/www.info-algerie.com\/actualites\/"},{"@type":"ListItem","position":2,"name":"Les mesures pr\u00e9vues dans le plan du gouvernement sur l&#039;information r\u00e9affirment la d\u00e9termination de l&#039;ex\u00e9cutif \u00e0 relancer ce secteur"}]},{"@type":"WebSite","@id":"https:\/\/www.info-algerie.com\/actualites\/#website","url":"https:\/\/www.info-algerie.com\/actualites\/","name":"info algerie","description":"Toutes les actualit\u00e9s","publisher":{"@id":"https:\/\/www.info-algerie.com\/actualites\/#organization"},"potentialAction":[{"@type":"SearchAction","target":{"@type":"EntryPoint","urlTemplate":"https:\/\/www.info-algerie.com\/actualites\/?s={search_term_string}"},"query-input":{"@type":"PropertyValueSpecification","valueRequired":true,"valueName":"search_term_string"}}],"inLanguage":"fr-FR"},{"@type":"Organization","@id":"https:\/\/www.info-algerie.com\/actualites\/#organization","name":"info algerie","url":"https:\/\/www.info-algerie.com\/actualites\/","logo":{"@type":"ImageObject","inLanguage":"fr-FR","@id":"https:\/\/www.info-algerie.com\/actualites\/#\/schema\/logo\/image\/","url":"https:\/\/www.info-algerie.com\/actualites\/wp-content\/uploads\/2022\/07\/logo-ia-120.png","contentUrl":"https:\/\/www.info-algerie.com\/actualites\/wp-content\/uploads\/2022\/07\/logo-ia-120.png","width":120,"height":43,"caption":"info algerie"},"image":{"@id":"https:\/\/www.info-algerie.com\/actualites\/#\/schema\/logo\/image\/"},"sameAs":["https:\/\/www.facebook.com\/infoalgerieactu","https:\/\/x.com\/infoalgerie1"]},{"@type":"Person","@id":"https:\/\/www.info-algerie.com\/actualites\/#\/schema\/person\/847aaec44920825b843a08f30ec6aa1e","name":"La r\u00e9daction","image":{"@type":"ImageObject","inLanguage":"fr-FR","@id":"https:\/\/secure.gravatar.com\/avatar\/769db425c6f465158149f1ffd6cf61ce7a8a879d11dfbef8288af36dfddd418c?s=96&d=mm&r=g","url":"https:\/\/secure.gravatar.com\/avatar\/769db425c6f465158149f1ffd6cf61ce7a8a879d11dfbef8288af36dfddd418c?s=96&d=mm&r=g","contentUrl":"https:\/\/secure.gravatar.com\/avatar\/769db425c6f465158149f1ffd6cf61ce7a8a879d11dfbef8288af36dfddd418c?s=96&d=mm&r=g","caption":"La r\u00e9daction"},"sameAs":["http:\/\/www.lkeria.com\/"],"url":"https:\/\/www.info-algerie.com\/actualites\/author\/chakib32\/"}]}},"_links":{"self":[{"href":"https:\/\/www.info-algerie.com\/actualites\/wp-json\/wp\/v2\/posts\/16325","targetHints":{"allow":["GET"]}}],"collection":[{"href":"https:\/\/www.info-algerie.com\/actualites\/wp-json\/wp\/v2\/posts"}],"about":[{"href":"https:\/\/www.info-algerie.com\/actualites\/wp-json\/wp\/v2\/types\/post"}],"author":[{"embeddable":true,"href":"https:\/\/www.info-algerie.com\/actualites\/wp-json\/wp\/v2\/users\/6"}],"replies":[{"embeddable":true,"href":"https:\/\/www.info-algerie.com\/actualites\/wp-json\/wp\/v2\/comments?post=16325"}],"version-history":[{"count":0,"href":"https:\/\/www.info-algerie.com\/actualites\/wp-json\/wp\/v2\/posts\/16325\/revisions"}],"wp:featuredmedia":[{"embeddable":true,"href":"https:\/\/www.info-algerie.com\/actualites\/wp-json\/wp\/v2\/media\/16326"}],"wp:attachment":[{"href":"https:\/\/www.info-algerie.com\/actualites\/wp-json\/wp\/v2\/media?parent=16325"}],"wp:term":[{"taxonomy":"category","embeddable":true,"href":"https:\/\/www.info-algerie.com\/actualites\/wp-json\/wp\/v2\/categories?post=16325"},{"taxonomy":"post_tag","embeddable":true,"href":"https:\/\/www.info-algerie.com\/actualites\/wp-json\/wp\/v2\/tags?post=16325"}],"curies":[{"name":"wp","href":"https:\/\/api.w.org\/{rel}","templated":true}]}}