{"id":16328,"date":"2017-09-25T19:44:38","date_gmt":"2017-09-25T18:44:38","guid":{"rendered":"http:\/\/www.info-algerie.com\/actualites\/m-messahel-sentretient-a-new-york-avec-le-sous-secretaire-general-de-lonu-en-charge-de-la-lutte-contre-le-terrorisme\/"},"modified":"2017-09-25T19:44:38","modified_gmt":"2017-09-25T18:44:38","slug":"m-messahel-sentretient-a-new-york-avec-le-sous-secretaire-general-de-lonu-en-charge-de-la-lutte-contre-le-terrorisme","status":"publish","type":"post","link":"https:\/\/www.info-algerie.com\/actualites\/m-messahel-sentretient-a-new-york-avec-le-sous-secretaire-general-de-lonu-en-charge-de-la-lutte-contre-le-terrorisme\/","title":{"rendered":"M. Messahel s&#039;entretient \u00e0 New York avec le sous-secr\u00e9taire g\u00e9n\u00e9ral de l&#039;ONU en charge de la lutte contre le terrorisme\u00a0"},"content":{"rendered":"<div class=\"K2FeedImage\"><img decoding=\"async\" src=\"https:\/\/www.info-algerie.com\/actualites\/wp-content\/uploads\/2017\/09\/8edcae983382f2189eb3c3e3e30fa447_S.jpg\" alt=\"M. Messahel s'entretient &#xE0; New York avec le sous-secr&#xE9;taire g&#xE9;n&#xE9;ral de l'ONU en charge de la lutte contre le terrorisme&#xA0;\" \/><\/div>\n<div class=\"K2FeedIntroText\">\n<p>ALGER- Le ministre des Affaires \u00e9trang\u00e8res, Abdelkader\u00a0 Messahel, s\u2019est entretenu \u00e0 New York avec le sous-secr\u00e9taire g\u00e9n\u00e9ral des Nations unies pour la lutte contre le terrorisme, Vladimir Voronkov, en marge de la 72\u00e8me session de l\u2019Assembl\u00e9e g\u00e9n\u00e9rale de l&rsquo;Organisation des Nations-unies, indique lundi un communiqu\u00e9 du minist\u00e8re.<\/p>\n<p>&#013;\n<\/p><\/div>\n<div class=\"K2FeedFullText\">&#013;<\/p>\n<p>Au cours de cet entretien qui a port\u00e9 sur les efforts de la communaut\u00e9\u00a0 internationale en mati\u00e8re de lutte contre le terrorisme. M. Voronkov a\u00a0\u00ab\u00a0lou\u00e9 les efforts de l\u2019Alg\u00e9rie et sa contribution importante dans le domaine de la lutte contre le terrorisme ainsi que l\u2019excellente coop\u00e9ration\u00a0Qu\u2019elle entretient avec les Nations unies en la mati\u00e8re\u00a0\u00bb, pr\u00e9cise la m\u00eame source.\u00a0<\/p>\n<p>&#013;<\/p>\n<blockquote><p>&#013;<\/p>\n<p><em><strong>Il a \u00e9galement exprim\u00e9 \u00ab\u00a0le souhait de voir l\u2019exp\u00e9rience alg\u00e9rienne dans ce domaine largement partag\u00e9e avec l\u2019ONU en vue de faire b\u00e9n\u00e9ficier les pays qui sont confront\u00e9s \u00e0 cette menace\u00a0\u00bb, ajoute le communiqu\u00e9 du MAE.<\/strong><\/em><\/p>\n<p>&#013;\n<\/p><\/blockquote>\n<p>&#013;<\/p>\n<p>De son c\u00f4t\u00e9, M. Messahel a indiqu\u00e9 que \u00ab\u00a0l\u2019Alg\u00e9rie qui a fait face au\u00a0 ph\u00e9nom\u00e8ne du terrorisme et l\u2019a vaincu avec ses propres moyens, dispose\u00a0actuellement d\u2019une grande exp\u00e9rience dans le domaine de la lutte contre le\u00a0 terrorisme et l\u2019extr\u00e9misme violent\u00a0\u00bb, exprimant en m\u00eame temps \u00ab\u00a0la\u00a0 disponibilit\u00e9 de l\u2019Alg\u00e9rie \u00e0 partager cette exp\u00e9rience comme elle l\u2019a toujours fait, notamment \u00e0 travers les diff\u00e9rentes conf\u00e9rences\u00a0internationales qu\u2019elle a organis\u00e9es dans le cadre du Forum global de lutte\u00a0 contre le terrorisme sur des th\u00e9matiques importantes, dont notamment la\u00a0 d\u00e9-radicalisation, le r\u00f4le de la d\u00e9mocratie dans la lutte contre le\u00a0 terrorisme et l\u2019extr\u00e9misme violent ainsi que celui de la r\u00e9conciliation\u00a0 pour contrer la menace terroriste et le discours radical qui l\u2019alimente\u00a0\u00bb.\u00a0\u00a0<\/p>\n<p>&#013;<\/p>\n<p>M. Messahel a ajout\u00e9 que \u00ab\u00a0cette exp\u00e9rience, largement reconnue au niveau\u00a0 r\u00e9gional et international, fait de l\u2019Alg\u00e9rie un partenaire incontournable\u00a0 dans le domaine de la lutte contre le terrorisme\u00a0\u00bb.<\/p>\n<p>&#013;<\/p>\n<p>\u00ab\u00a0C\u2019est ainsi que le pr\u00e9sident de la R\u00e9publique, Abdelaziz Bouteflika, a \u00e9t\u00e9 d\u00e9sign\u00e9 par la conf\u00e9rence de l\u2019Union africaine comme Coordonnateur pour\u00a0 la pr\u00e9vention et la lutte contre l\u2019extr\u00e9misme violent et le terrorisme en\u00a0 Afrique. Le rapport qu\u2019il vient de pr\u00e9senter au dernier sommet de l\u2019Union\u00a0 africaine en juillet dernier constitue la feuille de route pour la lutte\u00a0 contre le terrorisme\u00a0\u00bb, a-t-il ajout\u00e9.\u00a0<\/p>\n<p>&#013;<\/p>\n<p>M. Messahel a \u00e9galement rappel\u00e9 les efforts consentis par l\u2019Alg\u00e9rie dans\u00a0 le cadre du Forum global de lutte contre le terrorisme, notamment \u00e0 travers\u00a0 sa co-pr\u00e9sidence, avec le Canada, du nouveau groupe de travail charg\u00e9 du\u00a0 renforcement des capacit\u00e9s de la lutte contre le terrorisme et l\u2019extr\u00e9misme\u00a0 violent dans toute la r\u00e9gion de l\u2019Afrique de l\u2019Ouest, r\u00e9gion qui est\u00a0 fortement cibl\u00e9e tant par les groupes terroristes.<\/p>\n<p>&#013;<\/p>\n<p>Messahel a, aussi, invit\u00e9 les Nations unies \u00e0 prendre part au s\u00e9minaire\u00a0 sur la relation entre le terrorisme et le crime organis\u00e9 transnational en\u00a0Afrique, le 25 octobre, r\u00e9it\u00e9rant aussi \u00ab\u00a0la disponibilit\u00e9 de l\u2019Alg\u00e9rie \u00e0\u00a0 poursuivre son action et de renforcer sa contribution dans le domaine de la\u00a0 lutte contre le terrorisme, \u00e0 travers notamment une \u00e9troite coop\u00e9ration avec les Nations unies\u00a0\u00bb.\u00a0<\/p>\n<\/div>\n<p>&#013;<br \/>\nSource: <a href=\"http:\/\/www.aps.dz\/algerie\/63250-m-messahel-s-entretient-a-new-york-avec-le-sous-secretaire-general-de-l-onu-en-charge-de-la-lutte-contre-le-terrorisme\" target=\"_blank\">M. Messahel s&rsquo;entretient \u00e0 New York avec le sous-secr\u00e9taire g\u00e9n\u00e9ral de l&rsquo;ONU en charge de la lutte contre le terrorisme\u00a0<\/a><\/p>\n<!--CusAds0-->\n<div style=\"font-size: 0px; height: 0px; line-height: 0px; margin: 0; padding: 0; clear: both;\"><\/div>","protected":false},"excerpt":{"rendered":"<p>ALGER- Le ministre des Affaires \u00e9trang\u00e8res, Abdelkader\u00a0 Messahel, s\u2019est entretenu \u00e0 New York avec le sous-secr\u00e9taire g\u00e9n\u00e9ral des Nations unies pour la lutte contre le terrorisme, Vladimir Voronkov, en marge de la 72\u00e8me session de l\u2019Assembl\u00e9e g\u00e9n\u00e9rale de l&rsquo;Organisation des Nations-unies, indique lundi un communiqu\u00e9 du minist\u00e8re. &#013; &#013; Au cours de cet entretien qui<\/p>\n","protected":false},"author":6,"featured_media":16329,"comment_status":"open","ping_status":"open","sticky":false,"template":"","format":"standard","meta":{"footnotes":""},"categories":[22],"tags":[93],"class_list":["post-16328","post","type-post","status-publish","format-standard","has-post-thumbnail","hentry","category-infos","tag-onu"],"yoast_head":"<!-- This site is optimized with the Yoast SEO plugin v27.5 - https:\/\/yoast.com\/product\/yoast-seo-wordpress\/ -->\n<title>M. Messahel s&#039;entretient \u00e0 New York avec le sous-secr\u00e9taire g\u00e9n\u00e9ral de l&#039;ONU en charge de la lutte contre le terrorisme\u00a0 - info algerie<\/title>\n<meta name=\"robots\" content=\"index, follow, max-snippet:-1, max-image-preview:large, max-video-preview:-1\" \/>\n<link rel=\"canonical\" href=\"https:\/\/www.info-algerie.com\/actualites\/m-messahel-sentretient-a-new-york-avec-le-sous-secretaire-general-de-lonu-en-charge-de-la-lutte-contre-le-terrorisme\/\" \/>\n<meta property=\"og:locale\" content=\"fr_FR\" \/>\n<meta property=\"og:type\" content=\"article\" \/>\n<meta property=\"og:title\" content=\"M. Messahel s&#039;entretient \u00e0 New York avec le sous-secr\u00e9taire g\u00e9n\u00e9ral de l&#039;ONU en charge de la lutte contre le terrorisme\u00a0 - info algerie\" \/>\n<meta property=\"og:description\" content=\"ALGER- Le ministre des Affaires \u00e9trang\u00e8res, Abdelkader\u00a0 Messahel, s\u2019est entretenu \u00e0 New York avec le sous-secr\u00e9taire g\u00e9n\u00e9ral des Nations unies pour la lutte contre le terrorisme, Vladimir Voronkov, en marge de la 72\u00e8me session de l\u2019Assembl\u00e9e g\u00e9n\u00e9rale de l&rsquo;Organisation des Nations-unies, indique lundi un communiqu\u00e9 du minist\u00e8re. &#013; &#013; Au cours de cet entretien qui\" \/>\n<meta property=\"og:url\" content=\"https:\/\/www.info-algerie.com\/actualites\/m-messahel-sentretient-a-new-york-avec-le-sous-secretaire-general-de-lonu-en-charge-de-la-lutte-contre-le-terrorisme\/\" \/>\n<meta property=\"og:site_name\" content=\"info algerie\" \/>\n<meta property=\"article:publisher\" content=\"https:\/\/www.facebook.com\/infoalgerieactu\" \/>\n<meta property=\"article:published_time\" content=\"2017-09-25T18:44:38+00:00\" \/>\n<meta property=\"og:image\" content=\"https:\/\/www.info-algerie.com\/actualites\/wp-content\/uploads\/2017\/09\/8edcae983382f2189eb3c3e3e30fa447_S-1.jpg\" \/>\n\t<meta property=\"og:image:width\" content=\"280\" \/>\n\t<meta property=\"og:image:height\" content=\"169\" \/>\n\t<meta property=\"og:image:type\" content=\"image\/jpeg\" \/>\n<meta name=\"author\" content=\"La r\u00e9daction\" \/>\n<meta name=\"twitter:label1\" content=\"\u00c9crit par\" \/>\n\t<meta name=\"twitter:data1\" content=\"La r\u00e9daction\" \/>\n\t<meta name=\"twitter:label2\" content=\"Dur\u00e9e de lecture estim\u00e9e\" \/>\n\t<meta name=\"twitter:data2\" content=\"3 minutes\" \/>\n<script type=\"application\/ld+json\" class=\"yoast-schema-graph\">{\"@context\":\"https:\\\/\\\/schema.org\",\"@graph\":[{\"@type\":\"Article\",\"@id\":\"https:\\\/\\\/www.info-algerie.com\\\/actualites\\\/m-messahel-sentretient-a-new-york-avec-le-sous-secretaire-general-de-lonu-en-charge-de-la-lutte-contre-le-terrorisme\\\/#article\",\"isPartOf\":{\"@id\":\"https:\\\/\\\/www.info-algerie.com\\\/actualites\\\/m-messahel-sentretient-a-new-york-avec-le-sous-secretaire-general-de-lonu-en-charge-de-la-lutte-contre-le-terrorisme\\\/\"},\"author\":{\"name\":\"La r\u00e9daction\",\"@id\":\"https:\\\/\\\/www.info-algerie.com\\\/actualites\\\/#\\\/schema\\\/person\\\/847aaec44920825b843a08f30ec6aa1e\"},\"headline\":\"M. Messahel s&#039;entretient \u00e0 New York avec le sous-secr\u00e9taire g\u00e9n\u00e9ral de l&#039;ONU en charge de la lutte contre le terrorisme\u00a0\",\"datePublished\":\"2017-09-25T18:44:38+00:00\",\"mainEntityOfPage\":{\"@id\":\"https:\\\/\\\/www.info-algerie.com\\\/actualites\\\/m-messahel-sentretient-a-new-york-avec-le-sous-secretaire-general-de-lonu-en-charge-de-la-lutte-contre-le-terrorisme\\\/\"},\"wordCount\":608,\"commentCount\":0,\"publisher\":{\"@id\":\"https:\\\/\\\/www.info-algerie.com\\\/actualites\\\/#organization\"},\"image\":{\"@id\":\"https:\\\/\\\/www.info-algerie.com\\\/actualites\\\/m-messahel-sentretient-a-new-york-avec-le-sous-secretaire-general-de-lonu-en-charge-de-la-lutte-contre-le-terrorisme\\\/#primaryimage\"},\"thumbnailUrl\":\"https:\\\/\\\/www.info-algerie.com\\\/actualites\\\/wp-content\\\/uploads\\\/2017\\\/09\\\/8edcae983382f2189eb3c3e3e30fa447_S-1.jpg\",\"keywords\":[\"ONU\"],\"articleSection\":[\"infos\"],\"inLanguage\":\"fr-FR\",\"potentialAction\":[{\"@type\":\"CommentAction\",\"name\":\"Comment\",\"target\":[\"https:\\\/\\\/www.info-algerie.com\\\/actualites\\\/m-messahel-sentretient-a-new-york-avec-le-sous-secretaire-general-de-lonu-en-charge-de-la-lutte-contre-le-terrorisme\\\/#respond\"]}]},{\"@type\":\"WebPage\",\"@id\":\"https:\\\/\\\/www.info-algerie.com\\\/actualites\\\/m-messahel-sentretient-a-new-york-avec-le-sous-secretaire-general-de-lonu-en-charge-de-la-lutte-contre-le-terrorisme\\\/\",\"url\":\"https:\\\/\\\/www.info-algerie.com\\\/actualites\\\/m-messahel-sentretient-a-new-york-avec-le-sous-secretaire-general-de-lonu-en-charge-de-la-lutte-contre-le-terrorisme\\\/\",\"name\":\"M. Messahel s&#039;entretient \u00e0 New York avec le sous-secr\u00e9taire g\u00e9n\u00e9ral de l&#039;ONU en charge de la lutte contre le terrorisme\u00a0 - info algerie\",\"isPartOf\":{\"@id\":\"https:\\\/\\\/www.info-algerie.com\\\/actualites\\\/#website\"},\"primaryImageOfPage\":{\"@id\":\"https:\\\/\\\/www.info-algerie.com\\\/actualites\\\/m-messahel-sentretient-a-new-york-avec-le-sous-secretaire-general-de-lonu-en-charge-de-la-lutte-contre-le-terrorisme\\\/#primaryimage\"},\"image\":{\"@id\":\"https:\\\/\\\/www.info-algerie.com\\\/actualites\\\/m-messahel-sentretient-a-new-york-avec-le-sous-secretaire-general-de-lonu-en-charge-de-la-lutte-contre-le-terrorisme\\\/#primaryimage\"},\"thumbnailUrl\":\"https:\\\/\\\/www.info-algerie.com\\\/actualites\\\/wp-content\\\/uploads\\\/2017\\\/09\\\/8edcae983382f2189eb3c3e3e30fa447_S-1.jpg\",\"datePublished\":\"2017-09-25T18:44:38+00:00\",\"breadcrumb\":{\"@id\":\"https:\\\/\\\/www.info-algerie.com\\\/actualites\\\/m-messahel-sentretient-a-new-york-avec-le-sous-secretaire-general-de-lonu-en-charge-de-la-lutte-contre-le-terrorisme\\\/#breadcrumb\"},\"inLanguage\":\"fr-FR\",\"potentialAction\":[{\"@type\":\"ReadAction\",\"target\":[\"https:\\\/\\\/www.info-algerie.com\\\/actualites\\\/m-messahel-sentretient-a-new-york-avec-le-sous-secretaire-general-de-lonu-en-charge-de-la-lutte-contre-le-terrorisme\\\/\"]}]},{\"@type\":\"ImageObject\",\"inLanguage\":\"fr-FR\",\"@id\":\"https:\\\/\\\/www.info-algerie.com\\\/actualites\\\/m-messahel-sentretient-a-new-york-avec-le-sous-secretaire-general-de-lonu-en-charge-de-la-lutte-contre-le-terrorisme\\\/#primaryimage\",\"url\":\"https:\\\/\\\/www.info-algerie.com\\\/actualites\\\/wp-content\\\/uploads\\\/2017\\\/09\\\/8edcae983382f2189eb3c3e3e30fa447_S-1.jpg\",\"contentUrl\":\"https:\\\/\\\/www.info-algerie.com\\\/actualites\\\/wp-content\\\/uploads\\\/2017\\\/09\\\/8edcae983382f2189eb3c3e3e30fa447_S-1.jpg\",\"width\":280,\"height\":169},{\"@type\":\"BreadcrumbList\",\"@id\":\"https:\\\/\\\/www.info-algerie.com\\\/actualites\\\/m-messahel-sentretient-a-new-york-avec-le-sous-secretaire-general-de-lonu-en-charge-de-la-lutte-contre-le-terrorisme\\\/#breadcrumb\",\"itemListElement\":[{\"@type\":\"ListItem\",\"position\":1,\"name\":\"Accueil\",\"item\":\"https:\\\/\\\/www.info-algerie.com\\\/actualites\\\/\"},{\"@type\":\"ListItem\",\"position\":2,\"name\":\"M. Messahel s&#039;entretient \u00e0 New York avec le sous-secr\u00e9taire g\u00e9n\u00e9ral de l&#039;ONU en charge de la lutte contre le terrorisme\u00a0\"}]},{\"@type\":\"WebSite\",\"@id\":\"https:\\\/\\\/www.info-algerie.com\\\/actualites\\\/#website\",\"url\":\"https:\\\/\\\/www.info-algerie.com\\\/actualites\\\/\",\"name\":\"info algerie\",\"description\":\"Toutes les actualit\u00e9s\",\"publisher\":{\"@id\":\"https:\\\/\\\/www.info-algerie.com\\\/actualites\\\/#organization\"},\"potentialAction\":[{\"@type\":\"SearchAction\",\"target\":{\"@type\":\"EntryPoint\",\"urlTemplate\":\"https:\\\/\\\/www.info-algerie.com\\\/actualites\\\/?s={search_term_string}\"},\"query-input\":{\"@type\":\"PropertyValueSpecification\",\"valueRequired\":true,\"valueName\":\"search_term_string\"}}],\"inLanguage\":\"fr-FR\"},{\"@type\":\"Organization\",\"@id\":\"https:\\\/\\\/www.info-algerie.com\\\/actualites\\\/#organization\",\"name\":\"info algerie\",\"url\":\"https:\\\/\\\/www.info-algerie.com\\\/actualites\\\/\",\"logo\":{\"@type\":\"ImageObject\",\"inLanguage\":\"fr-FR\",\"@id\":\"https:\\\/\\\/www.info-algerie.com\\\/actualites\\\/#\\\/schema\\\/logo\\\/image\\\/\",\"url\":\"https:\\\/\\\/www.info-algerie.com\\\/actualites\\\/wp-content\\\/uploads\\\/2022\\\/07\\\/logo-ia-120.png\",\"contentUrl\":\"https:\\\/\\\/www.info-algerie.com\\\/actualites\\\/wp-content\\\/uploads\\\/2022\\\/07\\\/logo-ia-120.png\",\"width\":120,\"height\":43,\"caption\":\"info algerie\"},\"image\":{\"@id\":\"https:\\\/\\\/www.info-algerie.com\\\/actualites\\\/#\\\/schema\\\/logo\\\/image\\\/\"},\"sameAs\":[\"https:\\\/\\\/www.facebook.com\\\/infoalgerieactu\",\"https:\\\/\\\/x.com\\\/infoalgerie1\"]},{\"@type\":\"Person\",\"@id\":\"https:\\\/\\\/www.info-algerie.com\\\/actualites\\\/#\\\/schema\\\/person\\\/847aaec44920825b843a08f30ec6aa1e\",\"name\":\"La r\u00e9daction\",\"image\":{\"@type\":\"ImageObject\",\"inLanguage\":\"fr-FR\",\"@id\":\"https:\\\/\\\/secure.gravatar.com\\\/avatar\\\/769db425c6f465158149f1ffd6cf61ce7a8a879d11dfbef8288af36dfddd418c?s=96&d=mm&r=g\",\"url\":\"https:\\\/\\\/secure.gravatar.com\\\/avatar\\\/769db425c6f465158149f1ffd6cf61ce7a8a879d11dfbef8288af36dfddd418c?s=96&d=mm&r=g\",\"contentUrl\":\"https:\\\/\\\/secure.gravatar.com\\\/avatar\\\/769db425c6f465158149f1ffd6cf61ce7a8a879d11dfbef8288af36dfddd418c?s=96&d=mm&r=g\",\"caption\":\"La r\u00e9daction\"},\"sameAs\":[\"http:\\\/\\\/www.lkeria.com\\\/\"],\"url\":\"https:\\\/\\\/www.info-algerie.com\\\/actualites\\\/author\\\/chakib32\\\/\"}]}<\/script>\n<!-- \/ Yoast SEO plugin. -->","yoast_head_json":{"title":"M. Messahel s&#039;entretient \u00e0 New York avec le sous-secr\u00e9taire g\u00e9n\u00e9ral de l&#039;ONU en charge de la lutte contre le terrorisme\u00a0 - info algerie","robots":{"index":"index","follow":"follow","max-snippet":"max-snippet:-1","max-image-preview":"max-image-preview:large","max-video-preview":"max-video-preview:-1"},"canonical":"https:\/\/www.info-algerie.com\/actualites\/m-messahel-sentretient-a-new-york-avec-le-sous-secretaire-general-de-lonu-en-charge-de-la-lutte-contre-le-terrorisme\/","og_locale":"fr_FR","og_type":"article","og_title":"M. Messahel s&#039;entretient \u00e0 New York avec le sous-secr\u00e9taire g\u00e9n\u00e9ral de l&#039;ONU en charge de la lutte contre le terrorisme\u00a0 - info algerie","og_description":"ALGER- Le ministre des Affaires \u00e9trang\u00e8res, Abdelkader\u00a0 Messahel, s\u2019est entretenu \u00e0 New York avec le sous-secr\u00e9taire g\u00e9n\u00e9ral des Nations unies pour la lutte contre le terrorisme, Vladimir Voronkov, en marge de la 72\u00e8me session de l\u2019Assembl\u00e9e g\u00e9n\u00e9rale de l&rsquo;Organisation des Nations-unies, indique lundi un communiqu\u00e9 du minist\u00e8re. &#013; &#013; Au cours de cet entretien qui","og_url":"https:\/\/www.info-algerie.com\/actualites\/m-messahel-sentretient-a-new-york-avec-le-sous-secretaire-general-de-lonu-en-charge-de-la-lutte-contre-le-terrorisme\/","og_site_name":"info algerie","article_publisher":"https:\/\/www.facebook.com\/infoalgerieactu","article_published_time":"2017-09-25T18:44:38+00:00","og_image":[{"width":280,"height":169,"url":"https:\/\/www.info-algerie.com\/actualites\/wp-content\/uploads\/2017\/09\/8edcae983382f2189eb3c3e3e30fa447_S-1.jpg","type":"image\/jpeg"}],"author":"La r\u00e9daction","twitter_misc":{"\u00c9crit par":"La r\u00e9daction","Dur\u00e9e de lecture estim\u00e9e":"3 minutes"},"schema":{"@context":"https:\/\/schema.org","@graph":[{"@type":"Article","@id":"https:\/\/www.info-algerie.com\/actualites\/m-messahel-sentretient-a-new-york-avec-le-sous-secretaire-general-de-lonu-en-charge-de-la-lutte-contre-le-terrorisme\/#article","isPartOf":{"@id":"https:\/\/www.info-algerie.com\/actualites\/m-messahel-sentretient-a-new-york-avec-le-sous-secretaire-general-de-lonu-en-charge-de-la-lutte-contre-le-terrorisme\/"},"author":{"name":"La r\u00e9daction","@id":"https:\/\/www.info-algerie.com\/actualites\/#\/schema\/person\/847aaec44920825b843a08f30ec6aa1e"},"headline":"M. Messahel s&#039;entretient \u00e0 New York avec le sous-secr\u00e9taire g\u00e9n\u00e9ral de l&#039;ONU en charge de la lutte contre le terrorisme\u00a0","datePublished":"2017-09-25T18:44:38+00:00","mainEntityOfPage":{"@id":"https:\/\/www.info-algerie.com\/actualites\/m-messahel-sentretient-a-new-york-avec-le-sous-secretaire-general-de-lonu-en-charge-de-la-lutte-contre-le-terrorisme\/"},"wordCount":608,"commentCount":0,"publisher":{"@id":"https:\/\/www.info-algerie.com\/actualites\/#organization"},"image":{"@id":"https:\/\/www.info-algerie.com\/actualites\/m-messahel-sentretient-a-new-york-avec-le-sous-secretaire-general-de-lonu-en-charge-de-la-lutte-contre-le-terrorisme\/#primaryimage"},"thumbnailUrl":"https:\/\/www.info-algerie.com\/actualites\/wp-content\/uploads\/2017\/09\/8edcae983382f2189eb3c3e3e30fa447_S-1.jpg","keywords":["ONU"],"articleSection":["infos"],"inLanguage":"fr-FR","potentialAction":[{"@type":"CommentAction","name":"Comment","target":["https:\/\/www.info-algerie.com\/actualites\/m-messahel-sentretient-a-new-york-avec-le-sous-secretaire-general-de-lonu-en-charge-de-la-lutte-contre-le-terrorisme\/#respond"]}]},{"@type":"WebPage","@id":"https:\/\/www.info-algerie.com\/actualites\/m-messahel-sentretient-a-new-york-avec-le-sous-secretaire-general-de-lonu-en-charge-de-la-lutte-contre-le-terrorisme\/","url":"https:\/\/www.info-algerie.com\/actualites\/m-messahel-sentretient-a-new-york-avec-le-sous-secretaire-general-de-lonu-en-charge-de-la-lutte-contre-le-terrorisme\/","name":"M. Messahel s&#039;entretient \u00e0 New York avec le sous-secr\u00e9taire g\u00e9n\u00e9ral de l&#039;ONU en charge de la lutte contre le terrorisme\u00a0 - info algerie","isPartOf":{"@id":"https:\/\/www.info-algerie.com\/actualites\/#website"},"primaryImageOfPage":{"@id":"https:\/\/www.info-algerie.com\/actualites\/m-messahel-sentretient-a-new-york-avec-le-sous-secretaire-general-de-lonu-en-charge-de-la-lutte-contre-le-terrorisme\/#primaryimage"},"image":{"@id":"https:\/\/www.info-algerie.com\/actualites\/m-messahel-sentretient-a-new-york-avec-le-sous-secretaire-general-de-lonu-en-charge-de-la-lutte-contre-le-terrorisme\/#primaryimage"},"thumbnailUrl":"https:\/\/www.info-algerie.com\/actualites\/wp-content\/uploads\/2017\/09\/8edcae983382f2189eb3c3e3e30fa447_S-1.jpg","datePublished":"2017-09-25T18:44:38+00:00","breadcrumb":{"@id":"https:\/\/www.info-algerie.com\/actualites\/m-messahel-sentretient-a-new-york-avec-le-sous-secretaire-general-de-lonu-en-charge-de-la-lutte-contre-le-terrorisme\/#breadcrumb"},"inLanguage":"fr-FR","potentialAction":[{"@type":"ReadAction","target":["https:\/\/www.info-algerie.com\/actualites\/m-messahel-sentretient-a-new-york-avec-le-sous-secretaire-general-de-lonu-en-charge-de-la-lutte-contre-le-terrorisme\/"]}]},{"@type":"ImageObject","inLanguage":"fr-FR","@id":"https:\/\/www.info-algerie.com\/actualites\/m-messahel-sentretient-a-new-york-avec-le-sous-secretaire-general-de-lonu-en-charge-de-la-lutte-contre-le-terrorisme\/#primaryimage","url":"https:\/\/www.info-algerie.com\/actualites\/wp-content\/uploads\/2017\/09\/8edcae983382f2189eb3c3e3e30fa447_S-1.jpg","contentUrl":"https:\/\/www.info-algerie.com\/actualites\/wp-content\/uploads\/2017\/09\/8edcae983382f2189eb3c3e3e30fa447_S-1.jpg","width":280,"height":169},{"@type":"BreadcrumbList","@id":"https:\/\/www.info-algerie.com\/actualites\/m-messahel-sentretient-a-new-york-avec-le-sous-secretaire-general-de-lonu-en-charge-de-la-lutte-contre-le-terrorisme\/#breadcrumb","itemListElement":[{"@type":"ListItem","position":1,"name":"Accueil","item":"https:\/\/www.info-algerie.com\/actualites\/"},{"@type":"ListItem","position":2,"name":"M. Messahel s&#039;entretient \u00e0 New York avec le sous-secr\u00e9taire g\u00e9n\u00e9ral de l&#039;ONU en charge de la lutte contre le terrorisme\u00a0"}]},{"@type":"WebSite","@id":"https:\/\/www.info-algerie.com\/actualites\/#website","url":"https:\/\/www.info-algerie.com\/actualites\/","name":"info algerie","description":"Toutes les actualit\u00e9s","publisher":{"@id":"https:\/\/www.info-algerie.com\/actualites\/#organization"},"potentialAction":[{"@type":"SearchAction","target":{"@type":"EntryPoint","urlTemplate":"https:\/\/www.info-algerie.com\/actualites\/?s={search_term_string}"},"query-input":{"@type":"PropertyValueSpecification","valueRequired":true,"valueName":"search_term_string"}}],"inLanguage":"fr-FR"},{"@type":"Organization","@id":"https:\/\/www.info-algerie.com\/actualites\/#organization","name":"info algerie","url":"https:\/\/www.info-algerie.com\/actualites\/","logo":{"@type":"ImageObject","inLanguage":"fr-FR","@id":"https:\/\/www.info-algerie.com\/actualites\/#\/schema\/logo\/image\/","url":"https:\/\/www.info-algerie.com\/actualites\/wp-content\/uploads\/2022\/07\/logo-ia-120.png","contentUrl":"https:\/\/www.info-algerie.com\/actualites\/wp-content\/uploads\/2022\/07\/logo-ia-120.png","width":120,"height":43,"caption":"info algerie"},"image":{"@id":"https:\/\/www.info-algerie.com\/actualites\/#\/schema\/logo\/image\/"},"sameAs":["https:\/\/www.facebook.com\/infoalgerieactu","https:\/\/x.com\/infoalgerie1"]},{"@type":"Person","@id":"https:\/\/www.info-algerie.com\/actualites\/#\/schema\/person\/847aaec44920825b843a08f30ec6aa1e","name":"La r\u00e9daction","image":{"@type":"ImageObject","inLanguage":"fr-FR","@id":"https:\/\/secure.gravatar.com\/avatar\/769db425c6f465158149f1ffd6cf61ce7a8a879d11dfbef8288af36dfddd418c?s=96&d=mm&r=g","url":"https:\/\/secure.gravatar.com\/avatar\/769db425c6f465158149f1ffd6cf61ce7a8a879d11dfbef8288af36dfddd418c?s=96&d=mm&r=g","contentUrl":"https:\/\/secure.gravatar.com\/avatar\/769db425c6f465158149f1ffd6cf61ce7a8a879d11dfbef8288af36dfddd418c?s=96&d=mm&r=g","caption":"La r\u00e9daction"},"sameAs":["http:\/\/www.lkeria.com\/"],"url":"https:\/\/www.info-algerie.com\/actualites\/author\/chakib32\/"}]}},"_links":{"self":[{"href":"https:\/\/www.info-algerie.com\/actualites\/wp-json\/wp\/v2\/posts\/16328","targetHints":{"allow":["GET"]}}],"collection":[{"href":"https:\/\/www.info-algerie.com\/actualites\/wp-json\/wp\/v2\/posts"}],"about":[{"href":"https:\/\/www.info-algerie.com\/actualites\/wp-json\/wp\/v2\/types\/post"}],"author":[{"embeddable":true,"href":"https:\/\/www.info-algerie.com\/actualites\/wp-json\/wp\/v2\/users\/6"}],"replies":[{"embeddable":true,"href":"https:\/\/www.info-algerie.com\/actualites\/wp-json\/wp\/v2\/comments?post=16328"}],"version-history":[{"count":0,"href":"https:\/\/www.info-algerie.com\/actualites\/wp-json\/wp\/v2\/posts\/16328\/revisions"}],"wp:featuredmedia":[{"embeddable":true,"href":"https:\/\/www.info-algerie.com\/actualites\/wp-json\/wp\/v2\/media\/16329"}],"wp:attachment":[{"href":"https:\/\/www.info-algerie.com\/actualites\/wp-json\/wp\/v2\/media?parent=16328"}],"wp:term":[{"taxonomy":"category","embeddable":true,"href":"https:\/\/www.info-algerie.com\/actualites\/wp-json\/wp\/v2\/categories?post=16328"},{"taxonomy":"post_tag","embeddable":true,"href":"https:\/\/www.info-algerie.com\/actualites\/wp-json\/wp\/v2\/tags?post=16328"}],"curies":[{"name":"wp","href":"https:\/\/api.w.org\/{rel}","templated":true}]}}